{"id":21287,"date":"2017-05-21T12:25:07","date_gmt":"2017-05-21T10:25:07","guid":{"rendered":"https:\/\/pmza.sk.sk\/?p=21287"},"modified":"2017-05-21T12:25:07","modified_gmt":"2017-05-21T10:25:07","slug":"noc-muzei-a-galerii-aj-na-strecne-a-v-budatine","status":"publish","type":"post","link":"https:\/\/pmza.sk\/?p=21287","title":{"rendered":"Noc m\u00faze\u00ed a gal\u00e9ri\u00ed na Stre\u010dne a v Budat\u00edne &#8211; Fotogal\u00e9ria"},"content":{"rendered":"<p>Pova\u017esk\u00e9 m\u00fazeum v\u00a0\u017diline aj tento rok vy\u0161lo v\u00a0\u00fastrety n\u00e1v\u0161tevn\u00edkom pred\u013a\u017een\u00fdmi otv\u00e1rac\u00edmi hodinami vo vybran\u00fdch expoz\u00edci\u00e1ch po\u010das Noci m\u00faze\u00ed a gal\u00e9ri\u00ed.<\/p>\n<p>V\u00a0sobotu 20. m\u00e1ja sa uskuto\u010dnilo celoeur\u00f3pske podujatie realizovan\u00e9 pod patron\u00e1tom Rady Eur\u00f3py. Expoz\u00edcie PMZA, Budat\u00ednsky hrad a\u00a0hrad Stre\u010dno, pon\u00fakli n\u00e1v\u0161tevn\u00edkom zauj\u00edmav\u00fd program a\u00a0pred\u013a\u017een\u00e9 otv\u00e1racie hodiny. S\u00fa\u010das\u0165ou podve\u010dern\u00e9ho podujatia na Budat\u00ednskom hrade boli tvoriv\u00e9 dielne, v\u00a0ktor\u00fdch si z\u00e1ujemcovia mohli vysk\u00fa\u0161a\u0165 drot\u00e1rske umenie, pozrie\u0165 si film o\u00a0tomto jedine\u010dnom remesle, ale aj samotn\u00fa expoz\u00edciu venovan\u00fa drot\u00e1rstvu. Hradom sprev\u00e1dzali d\u00e1my v\u00a0dobovom odeve.<\/p>\n<p>Br\u00e1ny hradu Stre\u010dno sa v\u00a0tento de\u0148 otvorili aj v\u00a0neskor\u00fdch ve\u010dern\u00fdch hodin\u00e1ch. N\u00e1v\u0161tevn\u00edci si mohli v\u00a0no\u010dnej atmosf\u00e9re prezrie\u0165 hrad i\u00a0stredovek\u00fa dedinu v\u00a0podhrad\u00ed \u010di nahliadnu\u0165 do dielne konzerv\u00e1tora keramiky, kde mohli obdivova\u0165 jeho zru\u010dnos\u0165 napr\u00edklad pri rekon\u0161trukcii star\u00fdch hlinen\u00fdch n\u00e1dob. Prehliadku ozvl\u00e1\u0161tnila oh\u0148ov\u00e1 \u0161ou v\u00a0podan\u00ed Black Evils.<\/p>\n<p>Cie\u013eom Noci m\u00faze\u00ed a\u00a0gal\u00e9ri\u00ed je v \u010do najv\u00e4\u010d\u0161ej miere prezentova\u0165 kult\u00farne dedi\u010dstvo, v\u00fdznam jeho z\u00e1chrany a ochrany pri kult\u00farnej v\u00fdmene, \u0161\u00edren\u00ed inform\u00e1ci\u00ed o kult\u00farnej rozmanitosti jednotliv\u00fdch kraj\u00edn i regi\u00f3nov Eur\u00f3py, pri neform\u00e1lnom vzdel\u00e1van\u00ed a kultivovanom oddychu.<\/p>\n<p><a href=\"https:\/\/pmza.sk.sk\/fotogaleria\/gallery\/noc-muzei-a-galerii-v-budatine-a-na-strecne\/\">FOTOGAL\u00c9RIA<\/a><\/p>\n","protected":false},"excerpt":{"rendered":"<p>Pova\u017esk\u00e9 m\u00fazeum v\u00a0\u017diline aj tento rok vy\u0161lo v\u00a0\u00fastrety n\u00e1v\u0161tevn\u00edkom pred\u013a\u017een\u00fdmi otv\u00e1rac\u00edmi hodinami vo vybran\u00fdch expoz\u00edci\u00e1ch po\u010das Noci m\u00faze\u00ed a gal\u00e9ri\u00ed. V\u00a0sobotu 20. m\u00e1ja sa uskuto\u010dnilo celoeur\u00f3pske podujatie realizovan\u00e9 pod patron\u00e1tom Rady Eur\u00f3py. Expoz\u00edcie PMZA, Budat\u00ednsky hrad a\u00a0hrad Stre\u010dno, pon\u00fakli n\u00e1v\u0161tevn\u00edkom zauj\u00edmav\u00fd program a\u00a0pred\u013a\u017een\u00e9 otv\u00e1racie hodiny. S\u00fa\u010das\u0165ou podve\u010dern\u00e9ho podujatia na Budat\u00ednskom hrade boli tvoriv\u00e9 dielne, v\u00a0ktor\u00fdch [&hellip;]<\/p>\n","protected":false},"author":2,"featured_media":16938,"comment_status":"closed","ping_status":"closed","sticky":false,"template":"","format":"standard","meta":{"site-sidebar-layout":"default","site-content-layout":"","ast-site-content-layout":"","site-content-style":"default","site-sidebar-style":"default","ast-global-header-display":"","ast-banner-title-visibility":"","ast-main-header-display":"","ast-hfb-above-header-display":"","ast-hfb-below-header-display":"","ast-hfb-mobile-header-display":"","site-post-title":"","ast-breadcrumbs-content":"","ast-featured-img":"","footer-sml-layout":"","theme-transparent-header-meta":"","adv-header-id-meta":"","stick-header-meta":"","header-above-stick-meta":"","header-main-stick-meta":"","header-below-stick-meta":"","astra-migrate-meta-layouts":"default","ast-page-background-enabled":"default","ast-page-background-meta":{"desktop":{"background-color":"var(--ast-global-color-4)","background-image":"","background-repeat":"repeat","background-position":"center center","background-size":"auto","background-attachment":"scroll","background-type":"","background-media":"","overlay-type":"","overlay-color":"","overlay-opacity":"","overlay-gradient":""},"tablet":{"background-color":"","background-image":"","background-repeat":"repeat","background-position":"center center","background-size":"auto","background-attachment":"scroll","background-type":"","background-media":"","overlay-type":"","overlay-color":"","overlay-opacity":"","overlay-gradient":""},"mobile":{"background-color":"","background-image":"","background-repeat":"repeat","background-position":"center center","background-size":"auto","background-attachment":"scroll","background-type":"","background-media":"","overlay-type":"","overlay-color":"","overlay-opacity":"","overlay-gradient":""}},"ast-content-background-meta":{"desktop":{"background-color":"var(--ast-global-color-5)","background-image":"","background-repeat":"repeat","background-position":"center center","background-size":"auto","background-attachment":"scroll","background-type":"","background-media":"","overlay-type":"","overlay-color":"","overlay-opacity":"","overlay-gradient":""},"tablet":{"background-color":"var(--ast-global-color-5)","background-image":"","background-repeat":"repeat","background-position":"center center","background-size":"auto","background-attachment":"scroll","background-type":"","background-media":"","overlay-type":"","overlay-color":"","overlay-opacity":"","overlay-gradient":""},"mobile":{"background-color":"var(--ast-global-color-5)","background-image":"","background-repeat":"repeat","background-position":"center center","background-size":"auto","background-attachment":"scroll","background-type":"","background-media":"","overlay-type":"","overlay-color":"","overlay-opacity":"","overlay-gradient":""}},"footnotes":""},"categories":[31],"tags":[],"class_list":["post-21287","post","type-post","status-publish","format-standard","has-post-thumbnail","hentry","category-aktuality"],"yoast_head":"<!-- This site is optimized with the Yoast SEO plugin v27.4 - https:\/\/yoast.com\/product\/yoast-seo-wordpress\/ -->\n<title>Noc m\u00faze\u00ed a gal\u00e9ri\u00ed na Stre\u010dne a v Budat\u00edne - Fotogal\u00e9ria - Pova\u017esk\u00e9 m\u00fazeum<\/title>\n<meta name=\"robots\" content=\"index, follow, max-snippet:-1, max-image-preview:large, max-video-preview:-1\" \/>\n<link rel=\"canonical\" href=\"https:\/\/pmza.sk\/?p=21287\" \/>\n<meta property=\"og:locale\" content=\"sk_SK\" \/>\n<meta property=\"og:type\" content=\"article\" \/>\n<meta property=\"og:title\" content=\"Noc m\u00faze\u00ed a gal\u00e9ri\u00ed na Stre\u010dne a v Budat\u00edne - Fotogal\u00e9ria - Pova\u017esk\u00e9 m\u00fazeum\" \/>\n<meta property=\"og:description\" content=\"Pova\u017esk\u00e9 m\u00fazeum v\u00a0\u017diline aj tento rok vy\u0161lo v\u00a0\u00fastrety n\u00e1v\u0161tevn\u00edkom pred\u013a\u017een\u00fdmi otv\u00e1rac\u00edmi hodinami vo vybran\u00fdch expoz\u00edci\u00e1ch po\u010das Noci m\u00faze\u00ed a gal\u00e9ri\u00ed. V\u00a0sobotu 20. m\u00e1ja sa uskuto\u010dnilo celoeur\u00f3pske podujatie realizovan\u00e9 pod patron\u00e1tom Rady Eur\u00f3py. Expoz\u00edcie PMZA, Budat\u00ednsky hrad a\u00a0hrad Stre\u010dno, pon\u00fakli n\u00e1v\u0161tevn\u00edkom zauj\u00edmav\u00fd program a\u00a0pred\u013a\u017een\u00e9 otv\u00e1racie hodiny. S\u00fa\u010das\u0165ou podve\u010dern\u00e9ho podujatia na Budat\u00ednskom hrade boli tvoriv\u00e9 dielne, v\u00a0ktor\u00fdch [&hellip;]\" \/>\n<meta property=\"og:url\" content=\"https:\/\/pmza.sk\/?p=21287\" \/>\n<meta property=\"og:site_name\" content=\"Pova\u017esk\u00e9 m\u00fazeum\" \/>\n<meta property=\"article:publisher\" content=\"https:\/\/www.facebook.com\/povazskemuzeum\" \/>\n<meta property=\"article:published_time\" content=\"2017-05-21T10:25:07+00:00\" \/>\n<meta property=\"og:image\" content=\"https:\/\/pmza.sk\/wp-content\/uploads\/2016\/07\/IMG_0153.jpg\" \/>\n\t<meta property=\"og:image:width\" content=\"1024\" \/>\n\t<meta property=\"og:image:height\" content=\"683\" \/>\n\t<meta property=\"og:image:type\" content=\"image\/jpeg\" \/>\n<meta name=\"author\" content=\"Pova\u017esk\u00e9 m\u00fazeum\" \/>\n<meta name=\"twitter:card\" content=\"summary_large_image\" \/>\n<meta name=\"twitter:label1\" content=\"Autor\" \/>\n\t<meta name=\"twitter:data1\" content=\"Pova\u017esk\u00e9 m\u00fazeum\" \/>\n\t<meta name=\"twitter:label2\" content=\"Predpokladan\u00fd \u010das \u010d\u00edtania\" \/>\n\t<meta name=\"twitter:data2\" content=\"1 min\u00fata\" \/>\n<script type=\"application\/ld+json\" class=\"yoast-schema-graph\">{\"@context\":\"https:\\\/\\\/schema.org\",\"@graph\":[{\"@type\":\"Article\",\"@id\":\"https:\\\/\\\/pmza.sk\\\/?p=21287#article\",\"isPartOf\":{\"@id\":\"https:\\\/\\\/pmza.sk\\\/?p=21287\"},\"author\":{\"name\":\"Pova\u017esk\u00e9 m\u00fazeum\",\"@id\":\"https:\\\/\\\/pmza.sk\\\/#\\\/schema\\\/person\\\/595e6a2ce731ea94dcd5d7f50a41ae33\"},\"headline\":\"Noc m\u00faze\u00ed a gal\u00e9ri\u00ed na Stre\u010dne a v Budat\u00edne &#8211; Fotogal\u00e9ria\",\"datePublished\":\"2017-05-21T10:25:07+00:00\",\"mainEntityOfPage\":{\"@id\":\"https:\\\/\\\/pmza.sk\\\/?p=21287\"},\"wordCount\":274,\"publisher\":{\"@id\":\"https:\\\/\\\/pmza.sk\\\/#organization\"},\"image\":{\"@id\":\"https:\\\/\\\/pmza.sk\\\/?p=21287#primaryimage\"},\"thumbnailUrl\":\"https:\\\/\\\/pmza.sk\\\/wp-content\\\/uploads\\\/2016\\\/07\\\/IMG_0153.jpg\",\"articleSection\":[\"Aktuality\"],\"inLanguage\":\"sk-SK\"},{\"@type\":\"WebPage\",\"@id\":\"https:\\\/\\\/pmza.sk\\\/?p=21287\",\"url\":\"https:\\\/\\\/pmza.sk\\\/?p=21287\",\"name\":\"Noc m\u00faze\u00ed a gal\u00e9ri\u00ed na Stre\u010dne a v Budat\u00edne - Fotogal\u00e9ria - Pova\u017esk\u00e9 m\u00fazeum\",\"isPartOf\":{\"@id\":\"https:\\\/\\\/pmza.sk\\\/#website\"},\"primaryImageOfPage\":{\"@id\":\"https:\\\/\\\/pmza.sk\\\/?p=21287#primaryimage\"},\"image\":{\"@id\":\"https:\\\/\\\/pmza.sk\\\/?p=21287#primaryimage\"},\"thumbnailUrl\":\"https:\\\/\\\/pmza.sk\\\/wp-content\\\/uploads\\\/2016\\\/07\\\/IMG_0153.jpg\",\"datePublished\":\"2017-05-21T10:25:07+00:00\",\"breadcrumb\":{\"@id\":\"https:\\\/\\\/pmza.sk\\\/?p=21287#breadcrumb\"},\"inLanguage\":\"sk-SK\",\"potentialAction\":[{\"@type\":\"ReadAction\",\"target\":[\"https:\\\/\\\/pmza.sk\\\/?p=21287\"]}]},{\"@type\":\"ImageObject\",\"inLanguage\":\"sk-SK\",\"@id\":\"https:\\\/\\\/pmza.sk\\\/?p=21287#primaryimage\",\"url\":\"https:\\\/\\\/pmza.sk\\\/wp-content\\\/uploads\\\/2016\\\/07\\\/IMG_0153.jpg\",\"contentUrl\":\"https:\\\/\\\/pmza.sk\\\/wp-content\\\/uploads\\\/2016\\\/07\\\/IMG_0153.jpg\",\"width\":1024,\"height\":683},{\"@type\":\"BreadcrumbList\",\"@id\":\"https:\\\/\\\/pmza.sk\\\/?p=21287#breadcrumb\",\"itemListElement\":[{\"@type\":\"ListItem\",\"position\":1,\"name\":\"Domovsk\u00e1 str\u00e1nka\",\"item\":\"https:\\\/\\\/pmza.sk\\\/\"},{\"@type\":\"ListItem\",\"position\":2,\"name\":\"Noc m\u00faze\u00ed a gal\u00e9ri\u00ed na Stre\u010dne a v Budat\u00edne &#8211; Fotogal\u00e9ria\"}]},{\"@type\":\"WebSite\",\"@id\":\"https:\\\/\\\/pmza.sk\\\/#website\",\"url\":\"https:\\\/\\\/pmza.sk\\\/\",\"name\":\"Pova\u017esk\u00e9 m\u00fazeum\",\"description\":\"Pova\u017esk\u00e9 m\u00fazeum v \u017diline je region\u00e1lne m\u00fazeum so s\u00eddlom v Budat\u00edne. Jeho expoz\u00edcie s\u00fa zameran\u00e9 na dejiny slovensk\u00e9ho umenia, kult\u00fary a dopravy.\",\"publisher\":{\"@id\":\"https:\\\/\\\/pmza.sk\\\/#organization\"},\"potentialAction\":[{\"@type\":\"SearchAction\",\"target\":{\"@type\":\"EntryPoint\",\"urlTemplate\":\"https:\\\/\\\/pmza.sk\\\/?s={search_term_string}\"},\"query-input\":{\"@type\":\"PropertyValueSpecification\",\"valueRequired\":true,\"valueName\":\"search_term_string\"}}],\"inLanguage\":\"sk-SK\"},{\"@type\":\"Organization\",\"@id\":\"https:\\\/\\\/pmza.sk\\\/#organization\",\"name\":\"Pova\u017esk\u00e9 m\u00fazeum\",\"url\":\"https:\\\/\\\/pmza.sk\\\/\",\"logo\":{\"@type\":\"ImageObject\",\"inLanguage\":\"sk-SK\",\"@id\":\"https:\\\/\\\/pmza.sk\\\/#\\\/schema\\\/logo\\\/image\\\/\",\"url\":\"https:\\\/\\\/pmza.sk\\\/wp-content\\\/uploads\\\/2022\\\/01\\\/logo_PM_horizontal.jpg\",\"contentUrl\":\"https:\\\/\\\/pmza.sk\\\/wp-content\\\/uploads\\\/2022\\\/01\\\/logo_PM_horizontal.jpg\",\"width\":231,\"height\":142,\"caption\":\"Pova\u017esk\u00e9 m\u00fazeum\"},\"image\":{\"@id\":\"https:\\\/\\\/pmza.sk\\\/#\\\/schema\\\/logo\\\/image\\\/\"},\"sameAs\":[\"https:\\\/\\\/www.facebook.com\\\/povazskemuzeum\",\"https:\\\/\\\/www.instagram.com\\\/povazskemuzeum\\\/\"]},{\"@type\":\"Person\",\"@id\":\"https:\\\/\\\/pmza.sk\\\/#\\\/schema\\\/person\\\/595e6a2ce731ea94dcd5d7f50a41ae33\",\"name\":\"Pova\u017esk\u00e9 m\u00fazeum\",\"image\":{\"@type\":\"ImageObject\",\"inLanguage\":\"sk-SK\",\"@id\":\"https:\\\/\\\/secure.gravatar.com\\\/avatar\\\/2bb7f1561282132fb5826dfeccc66c7996d11ee392ac6aaf7ced8a1c2027fbb2?s=96&d=mm&r=g\",\"url\":\"https:\\\/\\\/secure.gravatar.com\\\/avatar\\\/2bb7f1561282132fb5826dfeccc66c7996d11ee392ac6aaf7ced8a1c2027fbb2?s=96&d=mm&r=g\",\"contentUrl\":\"https:\\\/\\\/secure.gravatar.com\\\/avatar\\\/2bb7f1561282132fb5826dfeccc66c7996d11ee392ac6aaf7ced8a1c2027fbb2?s=96&d=mm&r=g\",\"caption\":\"Pova\u017esk\u00e9 m\u00fazeum\"}}]}<\/script>\n<!-- \/ Yoast SEO plugin. -->","yoast_head_json":{"title":"Noc m\u00faze\u00ed a gal\u00e9ri\u00ed na Stre\u010dne a v Budat\u00edne - Fotogal\u00e9ria - Pova\u017esk\u00e9 m\u00fazeum","robots":{"index":"index","follow":"follow","max-snippet":"max-snippet:-1","max-image-preview":"max-image-preview:large","max-video-preview":"max-video-preview:-1"},"canonical":"https:\/\/pmza.sk\/?p=21287","og_locale":"sk_SK","og_type":"article","og_title":"Noc m\u00faze\u00ed a gal\u00e9ri\u00ed na Stre\u010dne a v Budat\u00edne - Fotogal\u00e9ria - Pova\u017esk\u00e9 m\u00fazeum","og_description":"Pova\u017esk\u00e9 m\u00fazeum v\u00a0\u017diline aj tento rok vy\u0161lo v\u00a0\u00fastrety n\u00e1v\u0161tevn\u00edkom pred\u013a\u017een\u00fdmi otv\u00e1rac\u00edmi hodinami vo vybran\u00fdch expoz\u00edci\u00e1ch po\u010das Noci m\u00faze\u00ed a gal\u00e9ri\u00ed. V\u00a0sobotu 20. m\u00e1ja sa uskuto\u010dnilo celoeur\u00f3pske podujatie realizovan\u00e9 pod patron\u00e1tom Rady Eur\u00f3py. Expoz\u00edcie PMZA, Budat\u00ednsky hrad a\u00a0hrad Stre\u010dno, pon\u00fakli n\u00e1v\u0161tevn\u00edkom zauj\u00edmav\u00fd program a\u00a0pred\u013a\u017een\u00e9 otv\u00e1racie hodiny. S\u00fa\u010das\u0165ou podve\u010dern\u00e9ho podujatia na Budat\u00ednskom hrade boli tvoriv\u00e9 dielne, v\u00a0ktor\u00fdch [&hellip;]","og_url":"https:\/\/pmza.sk\/?p=21287","og_site_name":"Pova\u017esk\u00e9 m\u00fazeum","article_publisher":"https:\/\/www.facebook.com\/povazskemuzeum","article_published_time":"2017-05-21T10:25:07+00:00","og_image":[{"width":1024,"height":683,"url":"https:\/\/pmza.sk\/wp-content\/uploads\/2016\/07\/IMG_0153.jpg","type":"image\/jpeg"}],"author":"Pova\u017esk\u00e9 m\u00fazeum","twitter_card":"summary_large_image","twitter_misc":{"Autor":"Pova\u017esk\u00e9 m\u00fazeum","Predpokladan\u00fd \u010das \u010d\u00edtania":"1 min\u00fata"},"schema":{"@context":"https:\/\/schema.org","@graph":[{"@type":"Article","@id":"https:\/\/pmza.sk\/?p=21287#article","isPartOf":{"@id":"https:\/\/pmza.sk\/?p=21287"},"author":{"name":"Pova\u017esk\u00e9 m\u00fazeum","@id":"https:\/\/pmza.sk\/#\/schema\/person\/595e6a2ce731ea94dcd5d7f50a41ae33"},"headline":"Noc m\u00faze\u00ed a gal\u00e9ri\u00ed na Stre\u010dne a v Budat\u00edne &#8211; Fotogal\u00e9ria","datePublished":"2017-05-21T10:25:07+00:00","mainEntityOfPage":{"@id":"https:\/\/pmza.sk\/?p=21287"},"wordCount":274,"publisher":{"@id":"https:\/\/pmza.sk\/#organization"},"image":{"@id":"https:\/\/pmza.sk\/?p=21287#primaryimage"},"thumbnailUrl":"https:\/\/pmza.sk\/wp-content\/uploads\/2016\/07\/IMG_0153.jpg","articleSection":["Aktuality"],"inLanguage":"sk-SK"},{"@type":"WebPage","@id":"https:\/\/pmza.sk\/?p=21287","url":"https:\/\/pmza.sk\/?p=21287","name":"Noc m\u00faze\u00ed a gal\u00e9ri\u00ed na Stre\u010dne a v Budat\u00edne - Fotogal\u00e9ria - Pova\u017esk\u00e9 m\u00fazeum","isPartOf":{"@id":"https:\/\/pmza.sk\/#website"},"primaryImageOfPage":{"@id":"https:\/\/pmza.sk\/?p=21287#primaryimage"},"image":{"@id":"https:\/\/pmza.sk\/?p=21287#primaryimage"},"thumbnailUrl":"https:\/\/pmza.sk\/wp-content\/uploads\/2016\/07\/IMG_0153.jpg","datePublished":"2017-05-21T10:25:07+00:00","breadcrumb":{"@id":"https:\/\/pmza.sk\/?p=21287#breadcrumb"},"inLanguage":"sk-SK","potentialAction":[{"@type":"ReadAction","target":["https:\/\/pmza.sk\/?p=21287"]}]},{"@type":"ImageObject","inLanguage":"sk-SK","@id":"https:\/\/pmza.sk\/?p=21287#primaryimage","url":"https:\/\/pmza.sk\/wp-content\/uploads\/2016\/07\/IMG_0153.jpg","contentUrl":"https:\/\/pmza.sk\/wp-content\/uploads\/2016\/07\/IMG_0153.jpg","width":1024,"height":683},{"@type":"BreadcrumbList","@id":"https:\/\/pmza.sk\/?p=21287#breadcrumb","itemListElement":[{"@type":"ListItem","position":1,"name":"Domovsk\u00e1 str\u00e1nka","item":"https:\/\/pmza.sk\/"},{"@type":"ListItem","position":2,"name":"Noc m\u00faze\u00ed a gal\u00e9ri\u00ed na Stre\u010dne a v Budat\u00edne &#8211; Fotogal\u00e9ria"}]},{"@type":"WebSite","@id":"https:\/\/pmza.sk\/#website","url":"https:\/\/pmza.sk\/","name":"Pova\u017esk\u00e9 m\u00fazeum","description":"Pova\u017esk\u00e9 m\u00fazeum v \u017diline je region\u00e1lne m\u00fazeum so s\u00eddlom v Budat\u00edne. Jeho expoz\u00edcie s\u00fa zameran\u00e9 na dejiny slovensk\u00e9ho umenia, kult\u00fary a dopravy.","publisher":{"@id":"https:\/\/pmza.sk\/#organization"},"potentialAction":[{"@type":"SearchAction","target":{"@type":"EntryPoint","urlTemplate":"https:\/\/pmza.sk\/?s={search_term_string}"},"query-input":{"@type":"PropertyValueSpecification","valueRequired":true,"valueName":"search_term_string"}}],"inLanguage":"sk-SK"},{"@type":"Organization","@id":"https:\/\/pmza.sk\/#organization","name":"Pova\u017esk\u00e9 m\u00fazeum","url":"https:\/\/pmza.sk\/","logo":{"@type":"ImageObject","inLanguage":"sk-SK","@id":"https:\/\/pmza.sk\/#\/schema\/logo\/image\/","url":"https:\/\/pmza.sk\/wp-content\/uploads\/2022\/01\/logo_PM_horizontal.jpg","contentUrl":"https:\/\/pmza.sk\/wp-content\/uploads\/2022\/01\/logo_PM_horizontal.jpg","width":231,"height":142,"caption":"Pova\u017esk\u00e9 m\u00fazeum"},"image":{"@id":"https:\/\/pmza.sk\/#\/schema\/logo\/image\/"},"sameAs":["https:\/\/www.facebook.com\/povazskemuzeum","https:\/\/www.instagram.com\/povazskemuzeum\/"]},{"@type":"Person","@id":"https:\/\/pmza.sk\/#\/schema\/person\/595e6a2ce731ea94dcd5d7f50a41ae33","name":"Pova\u017esk\u00e9 m\u00fazeum","image":{"@type":"ImageObject","inLanguage":"sk-SK","@id":"https:\/\/secure.gravatar.com\/avatar\/2bb7f1561282132fb5826dfeccc66c7996d11ee392ac6aaf7ced8a1c2027fbb2?s=96&d=mm&r=g","url":"https:\/\/secure.gravatar.com\/avatar\/2bb7f1561282132fb5826dfeccc66c7996d11ee392ac6aaf7ced8a1c2027fbb2?s=96&d=mm&r=g","contentUrl":"https:\/\/secure.gravatar.com\/avatar\/2bb7f1561282132fb5826dfeccc66c7996d11ee392ac6aaf7ced8a1c2027fbb2?s=96&d=mm&r=g","caption":"Pova\u017esk\u00e9 m\u00fazeum"}}]}},"_links":{"self":[{"href":"https:\/\/pmza.sk\/index.php?rest_route=\/wp\/v2\/posts\/21287","targetHints":{"allow":["GET"]}}],"collection":[{"href":"https:\/\/pmza.sk\/index.php?rest_route=\/wp\/v2\/posts"}],"about":[{"href":"https:\/\/pmza.sk\/index.php?rest_route=\/wp\/v2\/types\/post"}],"author":[{"embeddable":true,"href":"https:\/\/pmza.sk\/index.php?rest_route=\/wp\/v2\/users\/2"}],"replies":[{"embeddable":true,"href":"https:\/\/pmza.sk\/index.php?rest_route=%2Fwp%2Fv2%2Fcomments&post=21287"}],"version-history":[{"count":0,"href":"https:\/\/pmza.sk\/index.php?rest_route=\/wp\/v2\/posts\/21287\/revisions"}],"wp:featuredmedia":[{"embeddable":true,"href":"https:\/\/pmza.sk\/index.php?rest_route=\/wp\/v2\/media\/16938"}],"wp:attachment":[{"href":"https:\/\/pmza.sk\/index.php?rest_route=%2Fwp%2Fv2%2Fmedia&parent=21287"}],"wp:term":[{"taxonomy":"category","embeddable":true,"href":"https:\/\/pmza.sk\/index.php?rest_route=%2Fwp%2Fv2%2Fcategories&post=21287"},{"taxonomy":"post_tag","embeddable":true,"href":"https:\/\/pmza.sk\/index.php?rest_route=%2Fwp%2Fv2%2Ftags&post=21287"}],"curies":[{"name":"wp","href":"https:\/\/api.w.org\/{rel}","templated":true}]}}