{"id":21420,"date":"2017-05-15T13:23:06","date_gmt":"2017-05-15T11:23:06","guid":{"rendered":"https:\/\/pmza.sk.sk\/?p=21420"},"modified":"2017-05-15T13:23:06","modified_gmt":"2017-05-15T11:23:06","slug":"zofia-bosniakova-osobnost-hradu-strecno","status":"publish","type":"post","link":"https:\/\/pmza.sk\/?p=21420","title":{"rendered":"\u017dofia Bosniakov\u00e1 &#8211; osobnos\u0165 hradu Stre\u010dno"},"content":{"rendered":"<p>15. m\u00e1ja oslavuje meniny \u017dofia.<\/p>\n<p>Najzn\u00e1mej\u0161ou historickou osobnos\u0165ou, ktor\u00e1 \u017eila na hrade Stre\u010dno, je bezpochyby \u017dofia Bosniakov\u00e1, man\u017eelka Franti\u0161ka Ve\u0161el\u00e9niho. Pre svoje dobr\u00e9 skutky a\u00a0pomoc chor\u00fdm a\u00a0chudobn\u00fdm bola naz\u00fdvan\u00e1 aj Sv\u00e4tica zo Stre\u010dna. Zomrela ako 34-ro\u010dn\u00e1 v\u00a0roku 1644. V\u00a0krypte hradu Stre\u010dno je umiestnen\u00e1 hlinen\u00e1 k\u00f3pia \u017dofiinej m\u00famie. T\u00e1to tvor\u00ed s\u00fa\u010das\u0165 st\u00e1lej expoz\u00edcie in\u0161talovanej v\u00a0kaplnke. Vo ved\u013eaj\u0161ej miestnosti s\u00fa vystaven\u00e9 k\u00f3pie list\u00edn a predmety s\u00favisiace so \u017eivotom \u017dofie Bosniakovej.<\/p>\n<p>&nbsp;<\/p>\n<p>Z hist\u00f3rie<\/p>\n<p>Tom\u00e1\u0161 Bosniak bol kapit\u00e1nom dnes u\u017e zaniknut\u00e9ho hradu \u0160urany a pevnosti Fi\u013eakovo. Za svoje z\u00e1sluhy v boji proti Turkom z\u00edskal majetky v \u0160uranoch a v roku 1609 mu bol udelen\u00fd titul bar\u00f3na. Za dobr\u00fa kres\u0165ansk\u00fa v\u00fdchovu v\u010fa\u010dila \u017dofi a hlavne svojej opatrovate\u013eke Al\u017ebete Telegdiovej. Vo veku 17 rokov sa \u017dofia vydala za bar\u00f3na Michala \u0160er\u00e9niho. Jeho rod poch\u00e1dzal zo Sedmohradska, ale vlastnil majetky aj na Morave. Po svadbe sa pres\u0165ahovali na moravsk\u00fd hrad Sv\u011btlov ne\u010faleko Uhersk\u00e9ho Brodu. Kr\u00e1tko po tom v\u0161ak Michal \u0160er\u00e9ni ochorel a zomrel. Pod vplyvom zbo\u017enej a milosrdnej \u017dofi e odk\u00e1zal v poslednej v\u00f4li peniaze na podporu chudobn\u00fdch, kl\u00e1\u0161torom v Uherskom Hradi\u0161ti i v Skalici, a na opravu kostola v Bojkoviciach. V rovnakom roku postihla \u017dofiu \u010fal\u0161ia rana, ke\u010f zomrela aj jej matka. V cudzom prostred\u00ed \u017dofii komplikovali \u017eivot aj pozostal\u00ed rodinn\u00ed pr\u00edslu\u0161n\u00edci jej man\u017eela, a tak<\/p>\n<p>sa nakoniec na \u017eiados\u0165 svojho otca vr\u00e1tila do \u0160urian. Otcovi pom\u00e1hala vychov\u00e1va\u0165 svoje mlad\u0161ie sestry a starala sa o chod dom\u00e1cnosti. Pom\u00e1hala vdov\u00e1m, sirot\u00e1m a star\u00fdm \u013eu\u010fom. Prez\u00fdvali ju anjelom \u0160urianskeho hradu.<\/p>\n<p>Netrvalo dlho a o \u017dofiinu ruku po\u017eiadal Franti\u0161ek Ve\u0161el\u00e9ni (*1605), ktor\u00fd sl\u00fa\u017eil vo Fi\u013eakovskej pevnosti pod jej otcom, Tom\u00e1\u0161om Bosniakom. Franti\u0161ek Ve\u0161el\u00e9ni sa presl\u00e1vil ako vojensk\u00fd velite\u013e v boji proti Turkom i \u0160v\u00e9dom. Nesk\u00f4r bol hlavn\u00fdm kapit\u00e1nom<\/p>\n<p>Uhorska a od roku 1655 uhorsk\u00fdm palat\u00ednom. Z\u00edskal gr\u00f3fsky titul a bol vyznamenan\u00fd R\u00e1dom zlat\u00e9ho r\u00fana, najvy\u0161\u0161\u00edm vyznamenan\u00edm Rak\u00faska a \u0160panielska. V \u010dase sob\u00e1\u0161a s dvadsa\u0165ro\u010dnou \u017dofiou sa v\u0161ak jeho kari\u00e9ra iba rozbiehala. \u010cas\u0165 Stre\u010dnianskeho panstva patrila jeho matke, Katar\u00edne Der\u0161fi ovej. Jej man\u017eel a Franti\u0161kov otec \u0160tefan Ve\u0161el\u00e9ni zamenil svoje zvolensk\u00e9 majetky za druh\u00fa \u010das\u0165, a tak sa v roku 1630 stal Franti\u0161ek majite\u013eom cel\u00e9ho panstva Stre\u010dno.<\/p>\n<p>Po svadbe sa mladoman\u017eelia usadili v pohodlnom ka\u0161tieli v Tepli\u010dke nad V\u00e1hom, ktor\u00fd postavili Der\u0161fiovci. \u017dofia tu porodila dvoch synov, Adama (*1630) a Ladislava (*1633). Na\u010falej \u017eila zbo\u017en\u00fdm a ctnostn\u00fdm \u017eivotom, zalo\u017eila s man\u017eelom \u00fatulok s nemocnicou pre<\/p>\n<p>chudobn\u00fdch, chor\u00fdch, opusten\u00fdch a siroty. Ve\u0161el\u00e9niovci boli aj patr\u00f3nmi kostolov v dedin\u00e1ch ich panstva. U\u017e za \u017eivota \u017dofi e ju \u013eudia naz\u00fdvali sv\u00e4tou \u017eenou. Do tejto doby spadaj\u00fa udalosti, ktor\u00e9 podrobne popisuje Alexander Lombardini. Pod\u013ea svedectiev \u013eud\u00ed sa Franti\u0161ek Ve\u0161el\u00e9ni v rokoch 1627 \u2013 1633 dopustil n\u00e1siln\u00fdch \u010dinov na \u0161\u013eachticoch. Na jeho pr\u00edkaz vraj sluha zabil J\u00e1na Horv\u00e1tha, s\u00e1m me\u010dom zabil Pavla B\u00e1rdyho a usiloval o \u017eivot Franti\u0161kovi R\u00e9vaiovi. Svedectv\u00e1 v\u0161ak ostali bez odozvy a ohniv\u00fd mlad\u00fd rytier na\u010falej st\u00fapal po rebr\u00ed\u010dku svojej kari\u00e9ry. Franti\u0161ek Ve\u0161el\u00e9ni pre svoje povinnosti tr\u00e1vil s rodinou ve\u013emi m\u00e1lo \u010dasu, a tak \u017dofi a spravovala Stre\u010dnianske panstvo sama. Franti\u0161ek po smrti jej otca prevzal funkciu kapit\u00e1na Fi\u013eakovsk\u00e9ho hradu a tam sa aj v\u00e4\u010d\u0161inou zdr\u017eiaval. V roku 1644 sa \u017dofia pres\u0165ahovala na hrad Stre\u010dno, ktor\u00fd ju a jej rodinu mal uchr\u00e1ni\u0165 pred nepokojn\u00fdmi rokmi<\/p>\n<p>v \u010dase povstania Juraja I. R\u00e1kociho. Hrad Stre\u010dno bol s\u00edce bezpe\u010dn\u00fd, v 17. storo\u010d\u00ed bol dokonca najlep\u0161ie opevnen\u00fdm hradom na Pova\u017e\u00ed a dosiahol svoju maxim\u00e1lnu p\u00f4dorysn\u00fa<\/p>\n<p>ve\u013ekos\u0165, neposkytoval v\u0161ak ve\u013ea pohodlia. V roku 1644 \u017dofia ochorela a 28. apr\u00edla zomrela vo veku 34 rokov. Pochovan\u00e1 bola v hradnej kaplnke. Franti\u0161ek Ve\u0161el\u00e9ni hrad Stre\u010dno nadobro opustil a druh\u00fdkr\u00e1t sa o\u017eenil.<\/p>\n<p>&nbsp;<\/p>\n","protected":false},"excerpt":{"rendered":"<p>15. m\u00e1ja oslavuje meniny \u017dofia. Najzn\u00e1mej\u0161ou historickou osobnos\u0165ou, ktor\u00e1 \u017eila na hrade Stre\u010dno, je bezpochyby \u017dofia Bosniakov\u00e1, man\u017eelka Franti\u0161ka Ve\u0161el\u00e9niho. Pre svoje dobr\u00e9 skutky a\u00a0pomoc chor\u00fdm a\u00a0chudobn\u00fdm bola naz\u00fdvan\u00e1 aj Sv\u00e4tica zo Stre\u010dna. Zomrela ako 34-ro\u010dn\u00e1 v\u00a0roku 1644. V\u00a0krypte hradu Stre\u010dno je umiestnen\u00e1 hlinen\u00e1 k\u00f3pia \u017dofiinej m\u00famie. T\u00e1to tvor\u00ed s\u00fa\u010das\u0165 st\u00e1lej expoz\u00edcie in\u0161talovanej v\u00a0kaplnke. Vo [&hellip;]<\/p>\n","protected":false},"author":2,"featured_media":21424,"comment_status":"closed","ping_status":"closed","sticky":false,"template":"","format":"standard","meta":{"site-sidebar-layout":"default","site-content-layout":"","ast-site-content-layout":"","site-content-style":"default","site-sidebar-style":"default","ast-global-header-display":"","ast-banner-title-visibility":"","ast-main-header-display":"","ast-hfb-above-header-display":"","ast-hfb-below-header-display":"","ast-hfb-mobile-header-display":"","site-post-title":"","ast-breadcrumbs-content":"","ast-featured-img":"","footer-sml-layout":"","theme-transparent-header-meta":"","adv-header-id-meta":"","stick-header-meta":"","header-above-stick-meta":"","header-main-stick-meta":"","header-below-stick-meta":"","astra-migrate-meta-layouts":"default","ast-page-background-enabled":"default","ast-page-background-meta":{"desktop":{"background-color":"var(--ast-global-color-4)","background-image":"","background-repeat":"repeat","background-position":"center center","background-size":"auto","background-attachment":"scroll","background-type":"","background-media":"","overlay-type":"","overlay-color":"","overlay-opacity":"","overlay-gradient":""},"tablet":{"background-color":"","background-image":"","background-repeat":"repeat","background-position":"center center","background-size":"auto","background-attachment":"scroll","background-type":"","background-media":"","overlay-type":"","overlay-color":"","overlay-opacity":"","overlay-gradient":""},"mobile":{"background-color":"","background-image":"","background-repeat":"repeat","background-position":"center center","background-size":"auto","background-attachment":"scroll","background-type":"","background-media":"","overlay-type":"","overlay-color":"","overlay-opacity":"","overlay-gradient":""}},"ast-content-background-meta":{"desktop":{"background-color":"var(--ast-global-color-5)","background-image":"","background-repeat":"repeat","background-position":"center center","background-size":"auto","background-attachment":"scroll","background-type":"","background-media":"","overlay-type":"","overlay-color":"","overlay-opacity":"","overlay-gradient":""},"tablet":{"background-color":"var(--ast-global-color-5)","background-image":"","background-repeat":"repeat","background-position":"center center","background-size":"auto","background-attachment":"scroll","background-type":"","background-media":"","overlay-type":"","overlay-color":"","overlay-opacity":"","overlay-gradient":""},"mobile":{"background-color":"var(--ast-global-color-5)","background-image":"","background-repeat":"repeat","background-position":"center center","background-size":"auto","background-attachment":"scroll","background-type":"","background-media":"","overlay-type":"","overlay-color":"","overlay-opacity":"","overlay-gradient":""}},"footnotes":""},"categories":[31],"tags":[],"class_list":["post-21420","post","type-post","status-publish","format-standard","has-post-thumbnail","hentry","category-aktuality"],"yoast_head":"<!-- This site is optimized with the Yoast SEO plugin v27.4 - https:\/\/yoast.com\/product\/yoast-seo-wordpress\/ -->\n<title>\u017dofia Bosniakov\u00e1 - osobnos\u0165 hradu Stre\u010dno - Pova\u017esk\u00e9 m\u00fazeum<\/title>\n<meta name=\"robots\" content=\"index, follow, max-snippet:-1, max-image-preview:large, max-video-preview:-1\" \/>\n<link rel=\"canonical\" href=\"https:\/\/pmza.sk\/?p=21420\" \/>\n<meta property=\"og:locale\" content=\"sk_SK\" \/>\n<meta property=\"og:type\" content=\"article\" \/>\n<meta property=\"og:title\" content=\"\u017dofia Bosniakov\u00e1 - osobnos\u0165 hradu Stre\u010dno - Pova\u017esk\u00e9 m\u00fazeum\" \/>\n<meta property=\"og:description\" content=\"15. m\u00e1ja oslavuje meniny \u017dofia. Najzn\u00e1mej\u0161ou historickou osobnos\u0165ou, ktor\u00e1 \u017eila na hrade Stre\u010dno, je bezpochyby \u017dofia Bosniakov\u00e1, man\u017eelka Franti\u0161ka Ve\u0161el\u00e9niho. Pre svoje dobr\u00e9 skutky a\u00a0pomoc chor\u00fdm a\u00a0chudobn\u00fdm bola naz\u00fdvan\u00e1 aj Sv\u00e4tica zo Stre\u010dna. Zomrela ako 34-ro\u010dn\u00e1 v\u00a0roku 1644. V\u00a0krypte hradu Stre\u010dno je umiestnen\u00e1 hlinen\u00e1 k\u00f3pia \u017dofiinej m\u00famie. T\u00e1to tvor\u00ed s\u00fa\u010das\u0165 st\u00e1lej expoz\u00edcie in\u0161talovanej v\u00a0kaplnke. Vo [&hellip;]\" \/>\n<meta property=\"og:url\" content=\"https:\/\/pmza.sk\/?p=21420\" \/>\n<meta property=\"og:site_name\" content=\"Pova\u017esk\u00e9 m\u00fazeum\" \/>\n<meta property=\"article:publisher\" content=\"https:\/\/www.facebook.com\/povazskemuzeum\" \/>\n<meta property=\"article:published_time\" content=\"2017-05-15T11:23:06+00:00\" \/>\n<meta property=\"og:image\" content=\"https:\/\/pmza.sk\/wp-content\/uploads\/2017\/05\/IMG_5141-1-scaled-1.jpg\" \/>\n\t<meta property=\"og:image:width\" content=\"2560\" \/>\n\t<meta property=\"og:image:height\" content=\"1707\" \/>\n\t<meta property=\"og:image:type\" content=\"image\/jpeg\" \/>\n<meta name=\"author\" content=\"Pova\u017esk\u00e9 m\u00fazeum\" \/>\n<meta name=\"twitter:card\" content=\"summary_large_image\" \/>\n<meta name=\"twitter:label1\" content=\"Autor\" \/>\n\t<meta name=\"twitter:data1\" content=\"Pova\u017esk\u00e9 m\u00fazeum\" \/>\n\t<meta name=\"twitter:label2\" content=\"Predpokladan\u00fd \u010das \u010d\u00edtania\" \/>\n\t<meta name=\"twitter:data2\" content=\"4 min\u00faty\" \/>\n<script type=\"application\/ld+json\" class=\"yoast-schema-graph\">{\"@context\":\"https:\\\/\\\/schema.org\",\"@graph\":[{\"@type\":\"Article\",\"@id\":\"https:\\\/\\\/pmza.sk\\\/?p=21420#article\",\"isPartOf\":{\"@id\":\"https:\\\/\\\/pmza.sk\\\/?p=21420\"},\"author\":{\"name\":\"Pova\u017esk\u00e9 m\u00fazeum\",\"@id\":\"https:\\\/\\\/pmza.sk\\\/#\\\/schema\\\/person\\\/595e6a2ce731ea94dcd5d7f50a41ae33\"},\"headline\":\"\u017dofia Bosniakov\u00e1 &#8211; osobnos\u0165 hradu Stre\u010dno\",\"datePublished\":\"2017-05-15T11:23:06+00:00\",\"mainEntityOfPage\":{\"@id\":\"https:\\\/\\\/pmza.sk\\\/?p=21420\"},\"wordCount\":768,\"publisher\":{\"@id\":\"https:\\\/\\\/pmza.sk\\\/#organization\"},\"image\":{\"@id\":\"https:\\\/\\\/pmza.sk\\\/?p=21420#primaryimage\"},\"thumbnailUrl\":\"https:\\\/\\\/pmza.sk\\\/wp-content\\\/uploads\\\/2017\\\/05\\\/IMG_5141-1-scaled-1.jpg\",\"articleSection\":[\"Aktuality\"],\"inLanguage\":\"sk-SK\"},{\"@type\":\"WebPage\",\"@id\":\"https:\\\/\\\/pmza.sk\\\/?p=21420\",\"url\":\"https:\\\/\\\/pmza.sk\\\/?p=21420\",\"name\":\"\u017dofia Bosniakov\u00e1 - osobnos\u0165 hradu Stre\u010dno - Pova\u017esk\u00e9 m\u00fazeum\",\"isPartOf\":{\"@id\":\"https:\\\/\\\/pmza.sk\\\/#website\"},\"primaryImageOfPage\":{\"@id\":\"https:\\\/\\\/pmza.sk\\\/?p=21420#primaryimage\"},\"image\":{\"@id\":\"https:\\\/\\\/pmza.sk\\\/?p=21420#primaryimage\"},\"thumbnailUrl\":\"https:\\\/\\\/pmza.sk\\\/wp-content\\\/uploads\\\/2017\\\/05\\\/IMG_5141-1-scaled-1.jpg\",\"datePublished\":\"2017-05-15T11:23:06+00:00\",\"breadcrumb\":{\"@id\":\"https:\\\/\\\/pmza.sk\\\/?p=21420#breadcrumb\"},\"inLanguage\":\"sk-SK\",\"potentialAction\":[{\"@type\":\"ReadAction\",\"target\":[\"https:\\\/\\\/pmza.sk\\\/?p=21420\"]}]},{\"@type\":\"ImageObject\",\"inLanguage\":\"sk-SK\",\"@id\":\"https:\\\/\\\/pmza.sk\\\/?p=21420#primaryimage\",\"url\":\"https:\\\/\\\/pmza.sk\\\/wp-content\\\/uploads\\\/2017\\\/05\\\/IMG_5141-1-scaled-1.jpg\",\"contentUrl\":\"https:\\\/\\\/pmza.sk\\\/wp-content\\\/uploads\\\/2017\\\/05\\\/IMG_5141-1-scaled-1.jpg\",\"width\":2560,\"height\":1707},{\"@type\":\"BreadcrumbList\",\"@id\":\"https:\\\/\\\/pmza.sk\\\/?p=21420#breadcrumb\",\"itemListElement\":[{\"@type\":\"ListItem\",\"position\":1,\"name\":\"Domovsk\u00e1 str\u00e1nka\",\"item\":\"https:\\\/\\\/pmza.sk\\\/\"},{\"@type\":\"ListItem\",\"position\":2,\"name\":\"\u017dofia Bosniakov\u00e1 &#8211; osobnos\u0165 hradu Stre\u010dno\"}]},{\"@type\":\"WebSite\",\"@id\":\"https:\\\/\\\/pmza.sk\\\/#website\",\"url\":\"https:\\\/\\\/pmza.sk\\\/\",\"name\":\"Pova\u017esk\u00e9 m\u00fazeum\",\"description\":\"Pova\u017esk\u00e9 m\u00fazeum v \u017diline je region\u00e1lne m\u00fazeum so s\u00eddlom v Budat\u00edne. Jeho expoz\u00edcie s\u00fa zameran\u00e9 na dejiny slovensk\u00e9ho umenia, kult\u00fary a dopravy.\",\"publisher\":{\"@id\":\"https:\\\/\\\/pmza.sk\\\/#organization\"},\"potentialAction\":[{\"@type\":\"SearchAction\",\"target\":{\"@type\":\"EntryPoint\",\"urlTemplate\":\"https:\\\/\\\/pmza.sk\\\/?s={search_term_string}\"},\"query-input\":{\"@type\":\"PropertyValueSpecification\",\"valueRequired\":true,\"valueName\":\"search_term_string\"}}],\"inLanguage\":\"sk-SK\"},{\"@type\":\"Organization\",\"@id\":\"https:\\\/\\\/pmza.sk\\\/#organization\",\"name\":\"Pova\u017esk\u00e9 m\u00fazeum\",\"url\":\"https:\\\/\\\/pmza.sk\\\/\",\"logo\":{\"@type\":\"ImageObject\",\"inLanguage\":\"sk-SK\",\"@id\":\"https:\\\/\\\/pmza.sk\\\/#\\\/schema\\\/logo\\\/image\\\/\",\"url\":\"https:\\\/\\\/pmza.sk\\\/wp-content\\\/uploads\\\/2022\\\/01\\\/logo_PM_horizontal.jpg\",\"contentUrl\":\"https:\\\/\\\/pmza.sk\\\/wp-content\\\/uploads\\\/2022\\\/01\\\/logo_PM_horizontal.jpg\",\"width\":231,\"height\":142,\"caption\":\"Pova\u017esk\u00e9 m\u00fazeum\"},\"image\":{\"@id\":\"https:\\\/\\\/pmza.sk\\\/#\\\/schema\\\/logo\\\/image\\\/\"},\"sameAs\":[\"https:\\\/\\\/www.facebook.com\\\/povazskemuzeum\",\"https:\\\/\\\/www.instagram.com\\\/povazskemuzeum\\\/\"]},{\"@type\":\"Person\",\"@id\":\"https:\\\/\\\/pmza.sk\\\/#\\\/schema\\\/person\\\/595e6a2ce731ea94dcd5d7f50a41ae33\",\"name\":\"Pova\u017esk\u00e9 m\u00fazeum\",\"image\":{\"@type\":\"ImageObject\",\"inLanguage\":\"sk-SK\",\"@id\":\"https:\\\/\\\/secure.gravatar.com\\\/avatar\\\/2bb7f1561282132fb5826dfeccc66c7996d11ee392ac6aaf7ced8a1c2027fbb2?s=96&d=mm&r=g\",\"url\":\"https:\\\/\\\/secure.gravatar.com\\\/avatar\\\/2bb7f1561282132fb5826dfeccc66c7996d11ee392ac6aaf7ced8a1c2027fbb2?s=96&d=mm&r=g\",\"contentUrl\":\"https:\\\/\\\/secure.gravatar.com\\\/avatar\\\/2bb7f1561282132fb5826dfeccc66c7996d11ee392ac6aaf7ced8a1c2027fbb2?s=96&d=mm&r=g\",\"caption\":\"Pova\u017esk\u00e9 m\u00fazeum\"}}]}<\/script>\n<!-- \/ Yoast SEO plugin. -->","yoast_head_json":{"title":"\u017dofia Bosniakov\u00e1 - osobnos\u0165 hradu Stre\u010dno - Pova\u017esk\u00e9 m\u00fazeum","robots":{"index":"index","follow":"follow","max-snippet":"max-snippet:-1","max-image-preview":"max-image-preview:large","max-video-preview":"max-video-preview:-1"},"canonical":"https:\/\/pmza.sk\/?p=21420","og_locale":"sk_SK","og_type":"article","og_title":"\u017dofia Bosniakov\u00e1 - osobnos\u0165 hradu Stre\u010dno - Pova\u017esk\u00e9 m\u00fazeum","og_description":"15. m\u00e1ja oslavuje meniny \u017dofia. Najzn\u00e1mej\u0161ou historickou osobnos\u0165ou, ktor\u00e1 \u017eila na hrade Stre\u010dno, je bezpochyby \u017dofia Bosniakov\u00e1, man\u017eelka Franti\u0161ka Ve\u0161el\u00e9niho. Pre svoje dobr\u00e9 skutky a\u00a0pomoc chor\u00fdm a\u00a0chudobn\u00fdm bola naz\u00fdvan\u00e1 aj Sv\u00e4tica zo Stre\u010dna. Zomrela ako 34-ro\u010dn\u00e1 v\u00a0roku 1644. V\u00a0krypte hradu Stre\u010dno je umiestnen\u00e1 hlinen\u00e1 k\u00f3pia \u017dofiinej m\u00famie. T\u00e1to tvor\u00ed s\u00fa\u010das\u0165 st\u00e1lej expoz\u00edcie in\u0161talovanej v\u00a0kaplnke. Vo [&hellip;]","og_url":"https:\/\/pmza.sk\/?p=21420","og_site_name":"Pova\u017esk\u00e9 m\u00fazeum","article_publisher":"https:\/\/www.facebook.com\/povazskemuzeum","article_published_time":"2017-05-15T11:23:06+00:00","og_image":[{"width":2560,"height":1707,"url":"https:\/\/pmza.sk\/wp-content\/uploads\/2017\/05\/IMG_5141-1-scaled-1.jpg","type":"image\/jpeg"}],"author":"Pova\u017esk\u00e9 m\u00fazeum","twitter_card":"summary_large_image","twitter_misc":{"Autor":"Pova\u017esk\u00e9 m\u00fazeum","Predpokladan\u00fd \u010das \u010d\u00edtania":"4 min\u00faty"},"schema":{"@context":"https:\/\/schema.org","@graph":[{"@type":"Article","@id":"https:\/\/pmza.sk\/?p=21420#article","isPartOf":{"@id":"https:\/\/pmza.sk\/?p=21420"},"author":{"name":"Pova\u017esk\u00e9 m\u00fazeum","@id":"https:\/\/pmza.sk\/#\/schema\/person\/595e6a2ce731ea94dcd5d7f50a41ae33"},"headline":"\u017dofia Bosniakov\u00e1 &#8211; osobnos\u0165 hradu Stre\u010dno","datePublished":"2017-05-15T11:23:06+00:00","mainEntityOfPage":{"@id":"https:\/\/pmza.sk\/?p=21420"},"wordCount":768,"publisher":{"@id":"https:\/\/pmza.sk\/#organization"},"image":{"@id":"https:\/\/pmza.sk\/?p=21420#primaryimage"},"thumbnailUrl":"https:\/\/pmza.sk\/wp-content\/uploads\/2017\/05\/IMG_5141-1-scaled-1.jpg","articleSection":["Aktuality"],"inLanguage":"sk-SK"},{"@type":"WebPage","@id":"https:\/\/pmza.sk\/?p=21420","url":"https:\/\/pmza.sk\/?p=21420","name":"\u017dofia Bosniakov\u00e1 - osobnos\u0165 hradu Stre\u010dno - Pova\u017esk\u00e9 m\u00fazeum","isPartOf":{"@id":"https:\/\/pmza.sk\/#website"},"primaryImageOfPage":{"@id":"https:\/\/pmza.sk\/?p=21420#primaryimage"},"image":{"@id":"https:\/\/pmza.sk\/?p=21420#primaryimage"},"thumbnailUrl":"https:\/\/pmza.sk\/wp-content\/uploads\/2017\/05\/IMG_5141-1-scaled-1.jpg","datePublished":"2017-05-15T11:23:06+00:00","breadcrumb":{"@id":"https:\/\/pmza.sk\/?p=21420#breadcrumb"},"inLanguage":"sk-SK","potentialAction":[{"@type":"ReadAction","target":["https:\/\/pmza.sk\/?p=21420"]}]},{"@type":"ImageObject","inLanguage":"sk-SK","@id":"https:\/\/pmza.sk\/?p=21420#primaryimage","url":"https:\/\/pmza.sk\/wp-content\/uploads\/2017\/05\/IMG_5141-1-scaled-1.jpg","contentUrl":"https:\/\/pmza.sk\/wp-content\/uploads\/2017\/05\/IMG_5141-1-scaled-1.jpg","width":2560,"height":1707},{"@type":"BreadcrumbList","@id":"https:\/\/pmza.sk\/?p=21420#breadcrumb","itemListElement":[{"@type":"ListItem","position":1,"name":"Domovsk\u00e1 str\u00e1nka","item":"https:\/\/pmza.sk\/"},{"@type":"ListItem","position":2,"name":"\u017dofia Bosniakov\u00e1 &#8211; osobnos\u0165 hradu Stre\u010dno"}]},{"@type":"WebSite","@id":"https:\/\/pmza.sk\/#website","url":"https:\/\/pmza.sk\/","name":"Pova\u017esk\u00e9 m\u00fazeum","description":"Pova\u017esk\u00e9 m\u00fazeum v \u017diline je region\u00e1lne m\u00fazeum so s\u00eddlom v Budat\u00edne. Jeho expoz\u00edcie s\u00fa zameran\u00e9 na dejiny slovensk\u00e9ho umenia, kult\u00fary a dopravy.","publisher":{"@id":"https:\/\/pmza.sk\/#organization"},"potentialAction":[{"@type":"SearchAction","target":{"@type":"EntryPoint","urlTemplate":"https:\/\/pmza.sk\/?s={search_term_string}"},"query-input":{"@type":"PropertyValueSpecification","valueRequired":true,"valueName":"search_term_string"}}],"inLanguage":"sk-SK"},{"@type":"Organization","@id":"https:\/\/pmza.sk\/#organization","name":"Pova\u017esk\u00e9 m\u00fazeum","url":"https:\/\/pmza.sk\/","logo":{"@type":"ImageObject","inLanguage":"sk-SK","@id":"https:\/\/pmza.sk\/#\/schema\/logo\/image\/","url":"https:\/\/pmza.sk\/wp-content\/uploads\/2022\/01\/logo_PM_horizontal.jpg","contentUrl":"https:\/\/pmza.sk\/wp-content\/uploads\/2022\/01\/logo_PM_horizontal.jpg","width":231,"height":142,"caption":"Pova\u017esk\u00e9 m\u00fazeum"},"image":{"@id":"https:\/\/pmza.sk\/#\/schema\/logo\/image\/"},"sameAs":["https:\/\/www.facebook.com\/povazskemuzeum","https:\/\/www.instagram.com\/povazskemuzeum\/"]},{"@type":"Person","@id":"https:\/\/pmza.sk\/#\/schema\/person\/595e6a2ce731ea94dcd5d7f50a41ae33","name":"Pova\u017esk\u00e9 m\u00fazeum","image":{"@type":"ImageObject","inLanguage":"sk-SK","@id":"https:\/\/secure.gravatar.com\/avatar\/2bb7f1561282132fb5826dfeccc66c7996d11ee392ac6aaf7ced8a1c2027fbb2?s=96&d=mm&r=g","url":"https:\/\/secure.gravatar.com\/avatar\/2bb7f1561282132fb5826dfeccc66c7996d11ee392ac6aaf7ced8a1c2027fbb2?s=96&d=mm&r=g","contentUrl":"https:\/\/secure.gravatar.com\/avatar\/2bb7f1561282132fb5826dfeccc66c7996d11ee392ac6aaf7ced8a1c2027fbb2?s=96&d=mm&r=g","caption":"Pova\u017esk\u00e9 m\u00fazeum"}}]}},"_links":{"self":[{"href":"https:\/\/pmza.sk\/index.php?rest_route=\/wp\/v2\/posts\/21420","targetHints":{"allow":["GET"]}}],"collection":[{"href":"https:\/\/pmza.sk\/index.php?rest_route=\/wp\/v2\/posts"}],"about":[{"href":"https:\/\/pmza.sk\/index.php?rest_route=\/wp\/v2\/types\/post"}],"author":[{"embeddable":true,"href":"https:\/\/pmza.sk\/index.php?rest_route=\/wp\/v2\/users\/2"}],"replies":[{"embeddable":true,"href":"https:\/\/pmza.sk\/index.php?rest_route=%2Fwp%2Fv2%2Fcomments&post=21420"}],"version-history":[{"count":0,"href":"https:\/\/pmza.sk\/index.php?rest_route=\/wp\/v2\/posts\/21420\/revisions"}],"wp:featuredmedia":[{"embeddable":true,"href":"https:\/\/pmza.sk\/index.php?rest_route=\/wp\/v2\/media\/21424"}],"wp:attachment":[{"href":"https:\/\/pmza.sk\/index.php?rest_route=%2Fwp%2Fv2%2Fmedia&parent=21420"}],"wp:term":[{"taxonomy":"category","embeddable":true,"href":"https:\/\/pmza.sk\/index.php?rest_route=%2Fwp%2Fv2%2Fcategories&post=21420"},{"taxonomy":"post_tag","embeddable":true,"href":"https:\/\/pmza.sk\/index.php?rest_route=%2Fwp%2Fv2%2Ftags&post=21420"}],"curies":[{"name":"wp","href":"https:\/\/api.w.org\/{rel}","templated":true}]}}