{"id":21440,"date":"2017-05-16T13:08:52","date_gmt":"2017-05-16T11:08:52","guid":{"rendered":"https:\/\/pmza.sk.sk\/?p=21440"},"modified":"2017-05-16T13:08:52","modified_gmt":"2017-05-16T11:08:52","slug":"cicmany-opat-oziju","status":"publish","type":"post","link":"https:\/\/pmza.sk\/?p=21440","title":{"rendered":"\u010ci\u010dmany op\u00e4\u0165 o\u017eij\u00fa &#8211; 21. 5."},"content":{"rendered":"<p>Pova\u017esk\u00e9 m\u00fazeum v \u017diline po\u010das celej sez\u00f3ny pripravilo pre svojich n\u00e1v\u0161tevn\u00edkov vo svojej expoz\u00edcii v \u010ci\u010dmanoch s\u00e9riu kr\u00e1tkych kult\u00farnych vyst\u00fapen\u00ed. Po\u010das podujat\u00ed, ktor\u00e9 za\u010dn\u00fa v m\u00e1ji a skon\u010dia v\u00a0septembri vyst\u00fapia raz do mesiaca spev\u00e1ci a\u00a0in\u0161trumentalisti z\u00a0n\u00e1\u0161ho regi\u00f3nu.<\/p>\n<p>V\u00a0nede\u013eu 21. m\u00e1ja sa po\u010das prv\u00e9ho tohtoro\u010dn\u00e9ho podujatia <strong>O\u017eiven\u00e9 \u010ci\u010dmany<\/strong> pred Radenov\u00fdm domom predstavia Helig\u00f3nk\u00e1ri spod K\u013eaku. Chlapi z\u00a0Terchovej, Fa\u010dkova, Rajeckej Lesnej a\u00a0z\u00a0Trnov\u00e9ho zahraj\u00fa piesne <em>Sadla v\u010dielka, Tam pri \u017diline, Dobr\u00fd ve\u010der frajare\u010dka moja, Pre\u010do si nepri\u0161iel&#8230; <\/em>V\u00a0programe sa tie\u017e predstavia zn\u00e1mi folkloristi Tibor Mah\u00fat s\u00a0kolegom Martinom Levkom. Vyst\u00fapia s\u00a0pastierskym p\u00e1smom. V\u00a0\u0148om zaznej\u00fa piesne doprev\u00e1dzan\u00e9 p\u00ed\u0161\u0165alkou, zahraj\u00fa na helig\u00f3nke a\u00a0zakrep\u010dia <em>Zbojn\u00edcky tanec<\/em>. Podujatie za\u010d\u00edna o\u00a013.00 hod.<\/p>\n<p>\u00a0\u201eSme radi, \u017ee \u013eudia nezab\u00fadaj\u00fa ani na tak\u00e9 miesta, ak\u00fdmi s\u00fa Objekty \u013eudovej architekt\u00fary v\u00a0\u010ci\u010dmanoch a\u00a0ich n\u00e1v\u0161tevnos\u0165 sa st\u00e1le zvy\u0161uje. Pr\u00e1ve preto sa Pova\u017esk\u00e9 m\u00fazeum v\u00a0\u017diline rozhodlo \u201eo\u017eivi\u0165\u201c expoz\u00edciu v\u00a0\u010ci\u010dmanoch a\u00a0vyst\u00fapeniami spev\u00e1kov a\u00a0in\u0161trumentalistov spr\u00edjemni\u0165 de\u0148 svojim n\u00e1v\u0161tevn\u00edkom,\u201c uviedla kult\u00farna mana\u017e\u00e9rka Pova\u017esk\u00e9ho m\u00fazea Petra Kubikov\u00e1. \u010eal\u0161ie podujatia s\u00fa pl\u00e1novan\u00e9 na 25. j\u00fana, 16. j\u00fala, 20. augusta a\u00a017. septembra 2017. Minul\u00fd rok po\u010das t\u00fdchto podujat\u00ed nav\u0161t\u00edvilo expoz\u00edciu v \u010ci\u010dmanoch viac ako 440 n\u00e1v\u0161tevn\u00edkov, mnoh\u00fdch z nich neodradilo ani nepriazniv\u00e9 po\u010dasie.<\/p>\n","protected":false},"excerpt":{"rendered":"<p>Pova\u017esk\u00e9 m\u00fazeum v \u017diline po\u010das celej sez\u00f3ny pripravilo pre svojich n\u00e1v\u0161tevn\u00edkov vo svojej expoz\u00edcii v \u010ci\u010dmanoch s\u00e9riu kr\u00e1tkych kult\u00farnych vyst\u00fapen\u00ed. Po\u010das podujat\u00ed, ktor\u00e9 za\u010dn\u00fa v m\u00e1ji a skon\u010dia v\u00a0septembri vyst\u00fapia raz do mesiaca spev\u00e1ci a\u00a0in\u0161trumentalisti z\u00a0n\u00e1\u0161ho regi\u00f3nu. V\u00a0nede\u013eu 21. m\u00e1ja sa po\u010das prv\u00e9ho tohtoro\u010dn\u00e9ho podujatia O\u017eiven\u00e9 \u010ci\u010dmany pred Radenov\u00fdm domom predstavia Helig\u00f3nk\u00e1ri spod K\u013eaku. Chlapi [&hellip;]<\/p>\n","protected":false},"author":2,"featured_media":21410,"comment_status":"closed","ping_status":"closed","sticky":false,"template":"","format":"standard","meta":{"site-sidebar-layout":"default","site-content-layout":"","ast-site-content-layout":"","site-content-style":"default","site-sidebar-style":"default","ast-global-header-display":"","ast-banner-title-visibility":"","ast-main-header-display":"","ast-hfb-above-header-display":"","ast-hfb-below-header-display":"","ast-hfb-mobile-header-display":"","site-post-title":"","ast-breadcrumbs-content":"","ast-featured-img":"","footer-sml-layout":"","theme-transparent-header-meta":"","adv-header-id-meta":"","stick-header-meta":"","header-above-stick-meta":"","header-main-stick-meta":"","header-below-stick-meta":"","astra-migrate-meta-layouts":"default","ast-page-background-enabled":"default","ast-page-background-meta":{"desktop":{"background-color":"var(--ast-global-color-4)","background-image":"","background-repeat":"repeat","background-position":"center center","background-size":"auto","background-attachment":"scroll","background-type":"","background-media":"","overlay-type":"","overlay-color":"","overlay-opacity":"","overlay-gradient":""},"tablet":{"background-color":"","background-image":"","background-repeat":"repeat","background-position":"center center","background-size":"auto","background-attachment":"scroll","background-type":"","background-media":"","overlay-type":"","overlay-color":"","overlay-opacity":"","overlay-gradient":""},"mobile":{"background-color":"","background-image":"","background-repeat":"repeat","background-position":"center center","background-size":"auto","background-attachment":"scroll","background-type":"","background-media":"","overlay-type":"","overlay-color":"","overlay-opacity":"","overlay-gradient":""}},"ast-content-background-meta":{"desktop":{"background-color":"var(--ast-global-color-5)","background-image":"","background-repeat":"repeat","background-position":"center center","background-size":"auto","background-attachment":"scroll","background-type":"","background-media":"","overlay-type":"","overlay-color":"","overlay-opacity":"","overlay-gradient":""},"tablet":{"background-color":"var(--ast-global-color-5)","background-image":"","background-repeat":"repeat","background-position":"center center","background-size":"auto","background-attachment":"scroll","background-type":"","background-media":"","overlay-type":"","overlay-color":"","overlay-opacity":"","overlay-gradient":""},"mobile":{"background-color":"var(--ast-global-color-5)","background-image":"","background-repeat":"repeat","background-position":"center center","background-size":"auto","background-attachment":"scroll","background-type":"","background-media":"","overlay-type":"","overlay-color":"","overlay-opacity":"","overlay-gradient":""}},"footnotes":""},"categories":[31],"tags":[],"class_list":["post-21440","post","type-post","status-publish","format-standard","has-post-thumbnail","hentry","category-aktuality"],"yoast_head":"<!-- This site is optimized with the Yoast SEO plugin v27.4 - https:\/\/yoast.com\/product\/yoast-seo-wordpress\/ -->\n<title>\u010ci\u010dmany op\u00e4\u0165 o\u017eij\u00fa - 21. 5. - Pova\u017esk\u00e9 m\u00fazeum<\/title>\n<meta name=\"robots\" content=\"index, follow, max-snippet:-1, max-image-preview:large, max-video-preview:-1\" \/>\n<link rel=\"canonical\" href=\"https:\/\/pmza.sk\/?p=21440\" \/>\n<meta property=\"og:locale\" content=\"sk_SK\" \/>\n<meta property=\"og:type\" content=\"article\" \/>\n<meta property=\"og:title\" content=\"\u010ci\u010dmany op\u00e4\u0165 o\u017eij\u00fa - 21. 5. - Pova\u017esk\u00e9 m\u00fazeum\" \/>\n<meta property=\"og:description\" content=\"Pova\u017esk\u00e9 m\u00fazeum v \u017diline po\u010das celej sez\u00f3ny pripravilo pre svojich n\u00e1v\u0161tevn\u00edkov vo svojej expoz\u00edcii v \u010ci\u010dmanoch s\u00e9riu kr\u00e1tkych kult\u00farnych vyst\u00fapen\u00ed. Po\u010das podujat\u00ed, ktor\u00e9 za\u010dn\u00fa v m\u00e1ji a skon\u010dia v\u00a0septembri vyst\u00fapia raz do mesiaca spev\u00e1ci a\u00a0in\u0161trumentalisti z\u00a0n\u00e1\u0161ho regi\u00f3nu. V\u00a0nede\u013eu 21. m\u00e1ja sa po\u010das prv\u00e9ho tohtoro\u010dn\u00e9ho podujatia O\u017eiven\u00e9 \u010ci\u010dmany pred Radenov\u00fdm domom predstavia Helig\u00f3nk\u00e1ri spod K\u013eaku. Chlapi [&hellip;]\" \/>\n<meta property=\"og:url\" content=\"https:\/\/pmza.sk\/?p=21440\" \/>\n<meta property=\"og:site_name\" content=\"Pova\u017esk\u00e9 m\u00fazeum\" \/>\n<meta property=\"article:publisher\" content=\"https:\/\/www.facebook.com\/povazskemuzeum\" \/>\n<meta property=\"article:published_time\" content=\"2017-05-16T11:08:52+00:00\" \/>\n<meta property=\"og:image\" content=\"https:\/\/pmza.sk\/wp-content\/uploads\/2017\/05\/cicmany_sezona-scaled-1.jpg\" \/>\n\t<meta property=\"og:image:width\" content=\"1775\" \/>\n\t<meta property=\"og:image:height\" content=\"2560\" \/>\n\t<meta property=\"og:image:type\" content=\"image\/jpeg\" \/>\n<meta name=\"author\" content=\"Pova\u017esk\u00e9 m\u00fazeum\" \/>\n<meta name=\"twitter:card\" content=\"summary_large_image\" \/>\n<meta name=\"twitter:label1\" content=\"Autor\" \/>\n\t<meta name=\"twitter:data1\" content=\"Pova\u017esk\u00e9 m\u00fazeum\" \/>\n\t<meta name=\"twitter:label2\" content=\"Predpokladan\u00fd \u010das \u010d\u00edtania\" \/>\n\t<meta name=\"twitter:data2\" content=\"1 min\u00fata\" \/>\n<script type=\"application\/ld+json\" class=\"yoast-schema-graph\">{\"@context\":\"https:\\\/\\\/schema.org\",\"@graph\":[{\"@type\":\"Article\",\"@id\":\"https:\\\/\\\/pmza.sk\\\/?p=21440#article\",\"isPartOf\":{\"@id\":\"https:\\\/\\\/pmza.sk\\\/?p=21440\"},\"author\":{\"name\":\"Pova\u017esk\u00e9 m\u00fazeum\",\"@id\":\"https:\\\/\\\/pmza.sk\\\/#\\\/schema\\\/person\\\/595e6a2ce731ea94dcd5d7f50a41ae33\"},\"headline\":\"\u010ci\u010dmany op\u00e4\u0165 o\u017eij\u00fa &#8211; 21. 5.\",\"datePublished\":\"2017-05-16T11:08:52+00:00\",\"mainEntityOfPage\":{\"@id\":\"https:\\\/\\\/pmza.sk\\\/?p=21440\"},\"wordCount\":291,\"publisher\":{\"@id\":\"https:\\\/\\\/pmza.sk\\\/#organization\"},\"image\":{\"@id\":\"https:\\\/\\\/pmza.sk\\\/?p=21440#primaryimage\"},\"thumbnailUrl\":\"https:\\\/\\\/pmza.sk\\\/wp-content\\\/uploads\\\/2017\\\/05\\\/cicmany_sezona-scaled-1.jpg\",\"articleSection\":[\"Aktuality\"],\"inLanguage\":\"sk-SK\"},{\"@type\":\"WebPage\",\"@id\":\"https:\\\/\\\/pmza.sk\\\/?p=21440\",\"url\":\"https:\\\/\\\/pmza.sk\\\/?p=21440\",\"name\":\"\u010ci\u010dmany op\u00e4\u0165 o\u017eij\u00fa - 21. 5. - Pova\u017esk\u00e9 m\u00fazeum\",\"isPartOf\":{\"@id\":\"https:\\\/\\\/pmza.sk\\\/#website\"},\"primaryImageOfPage\":{\"@id\":\"https:\\\/\\\/pmza.sk\\\/?p=21440#primaryimage\"},\"image\":{\"@id\":\"https:\\\/\\\/pmza.sk\\\/?p=21440#primaryimage\"},\"thumbnailUrl\":\"https:\\\/\\\/pmza.sk\\\/wp-content\\\/uploads\\\/2017\\\/05\\\/cicmany_sezona-scaled-1.jpg\",\"datePublished\":\"2017-05-16T11:08:52+00:00\",\"breadcrumb\":{\"@id\":\"https:\\\/\\\/pmza.sk\\\/?p=21440#breadcrumb\"},\"inLanguage\":\"sk-SK\",\"potentialAction\":[{\"@type\":\"ReadAction\",\"target\":[\"https:\\\/\\\/pmza.sk\\\/?p=21440\"]}]},{\"@type\":\"ImageObject\",\"inLanguage\":\"sk-SK\",\"@id\":\"https:\\\/\\\/pmza.sk\\\/?p=21440#primaryimage\",\"url\":\"https:\\\/\\\/pmza.sk\\\/wp-content\\\/uploads\\\/2017\\\/05\\\/cicmany_sezona-scaled-1.jpg\",\"contentUrl\":\"https:\\\/\\\/pmza.sk\\\/wp-content\\\/uploads\\\/2017\\\/05\\\/cicmany_sezona-scaled-1.jpg\",\"width\":1775,\"height\":2560},{\"@type\":\"BreadcrumbList\",\"@id\":\"https:\\\/\\\/pmza.sk\\\/?p=21440#breadcrumb\",\"itemListElement\":[{\"@type\":\"ListItem\",\"position\":1,\"name\":\"Domovsk\u00e1 str\u00e1nka\",\"item\":\"https:\\\/\\\/pmza.sk\\\/\"},{\"@type\":\"ListItem\",\"position\":2,\"name\":\"\u010ci\u010dmany op\u00e4\u0165 o\u017eij\u00fa &#8211; 21. 5.\"}]},{\"@type\":\"WebSite\",\"@id\":\"https:\\\/\\\/pmza.sk\\\/#website\",\"url\":\"https:\\\/\\\/pmza.sk\\\/\",\"name\":\"Pova\u017esk\u00e9 m\u00fazeum\",\"description\":\"Pova\u017esk\u00e9 m\u00fazeum v \u017diline je region\u00e1lne m\u00fazeum so s\u00eddlom v Budat\u00edne. Jeho expoz\u00edcie s\u00fa zameran\u00e9 na dejiny slovensk\u00e9ho umenia, kult\u00fary a dopravy.\",\"publisher\":{\"@id\":\"https:\\\/\\\/pmza.sk\\\/#organization\"},\"potentialAction\":[{\"@type\":\"SearchAction\",\"target\":{\"@type\":\"EntryPoint\",\"urlTemplate\":\"https:\\\/\\\/pmza.sk\\\/?s={search_term_string}\"},\"query-input\":{\"@type\":\"PropertyValueSpecification\",\"valueRequired\":true,\"valueName\":\"search_term_string\"}}],\"inLanguage\":\"sk-SK\"},{\"@type\":\"Organization\",\"@id\":\"https:\\\/\\\/pmza.sk\\\/#organization\",\"name\":\"Pova\u017esk\u00e9 m\u00fazeum\",\"url\":\"https:\\\/\\\/pmza.sk\\\/\",\"logo\":{\"@type\":\"ImageObject\",\"inLanguage\":\"sk-SK\",\"@id\":\"https:\\\/\\\/pmza.sk\\\/#\\\/schema\\\/logo\\\/image\\\/\",\"url\":\"https:\\\/\\\/pmza.sk\\\/wp-content\\\/uploads\\\/2022\\\/01\\\/logo_PM_horizontal.jpg\",\"contentUrl\":\"https:\\\/\\\/pmza.sk\\\/wp-content\\\/uploads\\\/2022\\\/01\\\/logo_PM_horizontal.jpg\",\"width\":231,\"height\":142,\"caption\":\"Pova\u017esk\u00e9 m\u00fazeum\"},\"image\":{\"@id\":\"https:\\\/\\\/pmza.sk\\\/#\\\/schema\\\/logo\\\/image\\\/\"},\"sameAs\":[\"https:\\\/\\\/www.facebook.com\\\/povazskemuzeum\",\"https:\\\/\\\/www.instagram.com\\\/povazskemuzeum\\\/\"]},{\"@type\":\"Person\",\"@id\":\"https:\\\/\\\/pmza.sk\\\/#\\\/schema\\\/person\\\/595e6a2ce731ea94dcd5d7f50a41ae33\",\"name\":\"Pova\u017esk\u00e9 m\u00fazeum\",\"image\":{\"@type\":\"ImageObject\",\"inLanguage\":\"sk-SK\",\"@id\":\"https:\\\/\\\/secure.gravatar.com\\\/avatar\\\/2bb7f1561282132fb5826dfeccc66c7996d11ee392ac6aaf7ced8a1c2027fbb2?s=96&d=mm&r=g\",\"url\":\"https:\\\/\\\/secure.gravatar.com\\\/avatar\\\/2bb7f1561282132fb5826dfeccc66c7996d11ee392ac6aaf7ced8a1c2027fbb2?s=96&d=mm&r=g\",\"contentUrl\":\"https:\\\/\\\/secure.gravatar.com\\\/avatar\\\/2bb7f1561282132fb5826dfeccc66c7996d11ee392ac6aaf7ced8a1c2027fbb2?s=96&d=mm&r=g\",\"caption\":\"Pova\u017esk\u00e9 m\u00fazeum\"}}]}<\/script>\n<!-- \/ Yoast SEO plugin. -->","yoast_head_json":{"title":"\u010ci\u010dmany op\u00e4\u0165 o\u017eij\u00fa - 21. 5. - Pova\u017esk\u00e9 m\u00fazeum","robots":{"index":"index","follow":"follow","max-snippet":"max-snippet:-1","max-image-preview":"max-image-preview:large","max-video-preview":"max-video-preview:-1"},"canonical":"https:\/\/pmza.sk\/?p=21440","og_locale":"sk_SK","og_type":"article","og_title":"\u010ci\u010dmany op\u00e4\u0165 o\u017eij\u00fa - 21. 5. - Pova\u017esk\u00e9 m\u00fazeum","og_description":"Pova\u017esk\u00e9 m\u00fazeum v \u017diline po\u010das celej sez\u00f3ny pripravilo pre svojich n\u00e1v\u0161tevn\u00edkov vo svojej expoz\u00edcii v \u010ci\u010dmanoch s\u00e9riu kr\u00e1tkych kult\u00farnych vyst\u00fapen\u00ed. Po\u010das podujat\u00ed, ktor\u00e9 za\u010dn\u00fa v m\u00e1ji a skon\u010dia v\u00a0septembri vyst\u00fapia raz do mesiaca spev\u00e1ci a\u00a0in\u0161trumentalisti z\u00a0n\u00e1\u0161ho regi\u00f3nu. V\u00a0nede\u013eu 21. m\u00e1ja sa po\u010das prv\u00e9ho tohtoro\u010dn\u00e9ho podujatia O\u017eiven\u00e9 \u010ci\u010dmany pred Radenov\u00fdm domom predstavia Helig\u00f3nk\u00e1ri spod K\u013eaku. Chlapi [&hellip;]","og_url":"https:\/\/pmza.sk\/?p=21440","og_site_name":"Pova\u017esk\u00e9 m\u00fazeum","article_publisher":"https:\/\/www.facebook.com\/povazskemuzeum","article_published_time":"2017-05-16T11:08:52+00:00","og_image":[{"width":1775,"height":2560,"url":"https:\/\/pmza.sk\/wp-content\/uploads\/2017\/05\/cicmany_sezona-scaled-1.jpg","type":"image\/jpeg"}],"author":"Pova\u017esk\u00e9 m\u00fazeum","twitter_card":"summary_large_image","twitter_misc":{"Autor":"Pova\u017esk\u00e9 m\u00fazeum","Predpokladan\u00fd \u010das \u010d\u00edtania":"1 min\u00fata"},"schema":{"@context":"https:\/\/schema.org","@graph":[{"@type":"Article","@id":"https:\/\/pmza.sk\/?p=21440#article","isPartOf":{"@id":"https:\/\/pmza.sk\/?p=21440"},"author":{"name":"Pova\u017esk\u00e9 m\u00fazeum","@id":"https:\/\/pmza.sk\/#\/schema\/person\/595e6a2ce731ea94dcd5d7f50a41ae33"},"headline":"\u010ci\u010dmany op\u00e4\u0165 o\u017eij\u00fa &#8211; 21. 5.","datePublished":"2017-05-16T11:08:52+00:00","mainEntityOfPage":{"@id":"https:\/\/pmza.sk\/?p=21440"},"wordCount":291,"publisher":{"@id":"https:\/\/pmza.sk\/#organization"},"image":{"@id":"https:\/\/pmza.sk\/?p=21440#primaryimage"},"thumbnailUrl":"https:\/\/pmza.sk\/wp-content\/uploads\/2017\/05\/cicmany_sezona-scaled-1.jpg","articleSection":["Aktuality"],"inLanguage":"sk-SK"},{"@type":"WebPage","@id":"https:\/\/pmza.sk\/?p=21440","url":"https:\/\/pmza.sk\/?p=21440","name":"\u010ci\u010dmany op\u00e4\u0165 o\u017eij\u00fa - 21. 5. - Pova\u017esk\u00e9 m\u00fazeum","isPartOf":{"@id":"https:\/\/pmza.sk\/#website"},"primaryImageOfPage":{"@id":"https:\/\/pmza.sk\/?p=21440#primaryimage"},"image":{"@id":"https:\/\/pmza.sk\/?p=21440#primaryimage"},"thumbnailUrl":"https:\/\/pmza.sk\/wp-content\/uploads\/2017\/05\/cicmany_sezona-scaled-1.jpg","datePublished":"2017-05-16T11:08:52+00:00","breadcrumb":{"@id":"https:\/\/pmza.sk\/?p=21440#breadcrumb"},"inLanguage":"sk-SK","potentialAction":[{"@type":"ReadAction","target":["https:\/\/pmza.sk\/?p=21440"]}]},{"@type":"ImageObject","inLanguage":"sk-SK","@id":"https:\/\/pmza.sk\/?p=21440#primaryimage","url":"https:\/\/pmza.sk\/wp-content\/uploads\/2017\/05\/cicmany_sezona-scaled-1.jpg","contentUrl":"https:\/\/pmza.sk\/wp-content\/uploads\/2017\/05\/cicmany_sezona-scaled-1.jpg","width":1775,"height":2560},{"@type":"BreadcrumbList","@id":"https:\/\/pmza.sk\/?p=21440#breadcrumb","itemListElement":[{"@type":"ListItem","position":1,"name":"Domovsk\u00e1 str\u00e1nka","item":"https:\/\/pmza.sk\/"},{"@type":"ListItem","position":2,"name":"\u010ci\u010dmany op\u00e4\u0165 o\u017eij\u00fa &#8211; 21. 5."}]},{"@type":"WebSite","@id":"https:\/\/pmza.sk\/#website","url":"https:\/\/pmza.sk\/","name":"Pova\u017esk\u00e9 m\u00fazeum","description":"Pova\u017esk\u00e9 m\u00fazeum v \u017diline je region\u00e1lne m\u00fazeum so s\u00eddlom v Budat\u00edne. Jeho expoz\u00edcie s\u00fa zameran\u00e9 na dejiny slovensk\u00e9ho umenia, kult\u00fary a dopravy.","publisher":{"@id":"https:\/\/pmza.sk\/#organization"},"potentialAction":[{"@type":"SearchAction","target":{"@type":"EntryPoint","urlTemplate":"https:\/\/pmza.sk\/?s={search_term_string}"},"query-input":{"@type":"PropertyValueSpecification","valueRequired":true,"valueName":"search_term_string"}}],"inLanguage":"sk-SK"},{"@type":"Organization","@id":"https:\/\/pmza.sk\/#organization","name":"Pova\u017esk\u00e9 m\u00fazeum","url":"https:\/\/pmza.sk\/","logo":{"@type":"ImageObject","inLanguage":"sk-SK","@id":"https:\/\/pmza.sk\/#\/schema\/logo\/image\/","url":"https:\/\/pmza.sk\/wp-content\/uploads\/2022\/01\/logo_PM_horizontal.jpg","contentUrl":"https:\/\/pmza.sk\/wp-content\/uploads\/2022\/01\/logo_PM_horizontal.jpg","width":231,"height":142,"caption":"Pova\u017esk\u00e9 m\u00fazeum"},"image":{"@id":"https:\/\/pmza.sk\/#\/schema\/logo\/image\/"},"sameAs":["https:\/\/www.facebook.com\/povazskemuzeum","https:\/\/www.instagram.com\/povazskemuzeum\/"]},{"@type":"Person","@id":"https:\/\/pmza.sk\/#\/schema\/person\/595e6a2ce731ea94dcd5d7f50a41ae33","name":"Pova\u017esk\u00e9 m\u00fazeum","image":{"@type":"ImageObject","inLanguage":"sk-SK","@id":"https:\/\/secure.gravatar.com\/avatar\/2bb7f1561282132fb5826dfeccc66c7996d11ee392ac6aaf7ced8a1c2027fbb2?s=96&d=mm&r=g","url":"https:\/\/secure.gravatar.com\/avatar\/2bb7f1561282132fb5826dfeccc66c7996d11ee392ac6aaf7ced8a1c2027fbb2?s=96&d=mm&r=g","contentUrl":"https:\/\/secure.gravatar.com\/avatar\/2bb7f1561282132fb5826dfeccc66c7996d11ee392ac6aaf7ced8a1c2027fbb2?s=96&d=mm&r=g","caption":"Pova\u017esk\u00e9 m\u00fazeum"}}]}},"_links":{"self":[{"href":"https:\/\/pmza.sk\/index.php?rest_route=\/wp\/v2\/posts\/21440","targetHints":{"allow":["GET"]}}],"collection":[{"href":"https:\/\/pmza.sk\/index.php?rest_route=\/wp\/v2\/posts"}],"about":[{"href":"https:\/\/pmza.sk\/index.php?rest_route=\/wp\/v2\/types\/post"}],"author":[{"embeddable":true,"href":"https:\/\/pmza.sk\/index.php?rest_route=\/wp\/v2\/users\/2"}],"replies":[{"embeddable":true,"href":"https:\/\/pmza.sk\/index.php?rest_route=%2Fwp%2Fv2%2Fcomments&post=21440"}],"version-history":[{"count":0,"href":"https:\/\/pmza.sk\/index.php?rest_route=\/wp\/v2\/posts\/21440\/revisions"}],"wp:featuredmedia":[{"embeddable":true,"href":"https:\/\/pmza.sk\/index.php?rest_route=\/wp\/v2\/media\/21410"}],"wp:attachment":[{"href":"https:\/\/pmza.sk\/index.php?rest_route=%2Fwp%2Fv2%2Fmedia&parent=21440"}],"wp:term":[{"taxonomy":"category","embeddable":true,"href":"https:\/\/pmza.sk\/index.php?rest_route=%2Fwp%2Fv2%2Fcategories&post=21440"},{"taxonomy":"post_tag","embeddable":true,"href":"https:\/\/pmza.sk\/index.php?rest_route=%2Fwp%2Fv2%2Ftags&post=21440"}],"curies":[{"name":"wp","href":"https:\/\/api.w.org\/{rel}","templated":true}]}}