{"id":21602,"date":"2017-01-13T13:09:30","date_gmt":"2017-01-13T12:09:30","guid":{"rendered":"https:\/\/pmza.sk.sk\/?p=21602"},"modified":"2017-01-13T13:09:30","modified_gmt":"2017-01-13T12:09:30","slug":"od-frfajdy-k-almazii-vystava-predlzena-do-24-4-2017","status":"publish","type":"post","link":"https:\/\/pmza.sk\/?p=21602","title":{"rendered":"&#8222;Od frfajdy k alm\u00e1zii&#8220; &#8211; v\u00fdstava pred\u013a\u017een\u00e1 do 24. 4. 2017"},"content":{"rendered":"<p>Pova\u017esk\u00e9 m\u00fazeum v\u00a0\u017diline v\u00a0zria\u010fovate\u013eskej p\u00f4sobnosti \u017dilinsk\u00e9ho samospr\u00e1vneho kraja pred\u013a\u017eilo trvanie v\u00fdstavy vo v\u00fdstavn\u00fdch priestoroch are\u00e1lu Budat\u00ednskeho hradu s\u00a0n\u00e1zvom <strong>Od frfajdy k\u00a0alm\u00e1zii.<\/strong> Projekt Od frfajdy k alm\u00e1zii\u00a0je podporen\u00fd z verejn\u00fdch zdrojov poskytnut\u00fdch Fondom na podporu umenia a spolufinancovan\u00fd s podporou \u017dilinsk\u00e9ho samospr\u00e1vneho kraja.<\/p>\n<p>V\u00fdstava propaguje zauj\u00edmav\u00fa a\u00a0z\u00a0h\u013eadiska region\u00e1lnej \u010di lok\u00e1lnej diverzity v\u00fdznamn\u00fa oblas\u0165 na\u0161ej kult\u00fary \u2013 tradi\u010dn\u00fa stravu. Vych\u00e1dza priamo z poznatkov z\u00edskan\u00fdch ter\u00e9nnym v\u00fdskumom v\u00a0\u0161pecifickej n\u00e1rodopisnej lokalite severoz\u00e1padn\u00e9ho Slovenska, vo Ve\u013ekom Rovnom.<\/p>\n<p>Cie\u013eom v\u00fdstavy je prezent\u00e1cia stravy modernou a\u00a0pr\u00ed\u0165a\u017elivou formou sc\u00e9nick\u00fdch zobrazen\u00ed \u010dinnost\u00ed v\u00a0rekon\u0161trukci\u00e1ch jednotliv\u00fdch \u010dast\u00ed \u013eudov\u00e9ho obydlia. Demon\u0161trova\u0165 bude sp\u00f4sob pr\u00edpravy, konzervovania, uskladnenia potrav\u00edn a\u00a0sp\u00f4sob stolovania. Pribl\u00ed\u017ei tradi\u010dn\u00e9 i\u00a0netradi\u010dn\u00e9 vybavenie a\u00a0zariadenie dom\u00e1cnost\u00ed obohaten\u00e9 o\u00a0nezn\u00e1my invent\u00e1r, v\u00fdrobky drot\u00e1rskych dieln\u00ed, produkty mestskej \u010di inon\u00e1rodnej kuchyne. Pouk\u00e1\u017ee tie\u017e na vplyv finan\u010dn\u00e9ho kapit\u00e1lu prinesen\u00e9ho drot\u00e1rmi z\u00a0cudziny na zv\u00fd\u0161enie kvality stravovac\u00edch n\u00e1vykov v\u00a0obci Ve\u013ek\u00e9 Rovn\u00e9 a\u00a0celkov\u00fd rast \u017eivotnej \u00farovne drot\u00e1rskych rod\u00edn v\u00a0porovnan\u00ed s\u00a0okolit\u00fdmi obcami v\u00a0rovnakom obdob\u00ed. Prostredn\u00edctvom \u0161irokej \u0161k\u00e1ly expon\u00e1tov z\u00a0historick\u00e9ho, etnografick\u00e9ho a\u00a0drot\u00e1rskeho fondu, \u013eudov\u00e9ho n\u00e1bytku, odevu typick\u00e9ho pre drot\u00e1rske obce, sprievodn\u00fdch textov obohaten\u00fdch o\u00a0autentick\u00e9 v\u00fdpovede pam\u00e4tn\u00edkov, bude v\u00fdstava zauj\u00edmav\u00e1 pre \u0161irok\u00fa laick\u00fa i\u00a0odborn\u00fa verejnos\u0165.<\/p>\n<p>V\u00a0obdob\u00ed trvania v\u00fdstavy bude Pova\u017esk\u00e9 m\u00fazeum v\u00a0\u017diline pon\u00faka\u0165 predn\u00e1\u0161ky pre \u017eiakov a\u00a0\u0161tudentov z\u00e1kladn\u00fdch a\u00a0stredn\u00fdch \u0161k\u00f4l k\u00a0problematike tradi\u010dnej stravy, s\u00a0periodicitou jeden kr\u00e1t do t\u00fd\u017ed\u0148a. V\u00a0pr\u00edpade z\u00e1ujmu o\u00a0predn\u00e1\u0161ku kontaktujte autorku v\u00fdstavy &#8211; Mgr. Katar\u00edna Kendrov\u00e1 (<a href=\"mailto:kendrova@pmza.sk\">kendrova@pmza.sk<\/a>).<\/p>\n<p>&nbsp;<\/p>\n<p><a href=\"https:\/\/pmza.sk\/wp-content\/uploads\/2017\/05\/FPU_logo1_modre-scaled-1.jpg\"><img decoding=\"async\" class=\" wp-image-21552 aligncenter\" src=\"https:\/\/pmza.sk.sk\/wp-content\/uploads\/2017\/05\/FPU_logo1_modre-150x112.jpg\" alt=\"\" width=\"258\" height=\"193\" \/><\/a><\/p>\n","protected":false},"excerpt":{"rendered":"<p>Pova\u017esk\u00e9 m\u00fazeum v\u00a0\u017diline v\u00a0zria\u010fovate\u013eskej p\u00f4sobnosti \u017dilinsk\u00e9ho samospr\u00e1vneho kraja pred\u013a\u017eilo trvanie v\u00fdstavy vo v\u00fdstavn\u00fdch priestoroch are\u00e1lu Budat\u00ednskeho hradu s\u00a0n\u00e1zvom Od frfajdy k\u00a0alm\u00e1zii. Projekt Od frfajdy k alm\u00e1zii\u00a0je podporen\u00fd z verejn\u00fdch zdrojov poskytnut\u00fdch Fondom na podporu umenia a spolufinancovan\u00fd s podporou \u017dilinsk\u00e9ho samospr\u00e1vneho kraja. V\u00fdstava propaguje zauj\u00edmav\u00fa a\u00a0z\u00a0h\u013eadiska region\u00e1lnej \u010di lok\u00e1lnej diverzity v\u00fdznamn\u00fa oblas\u0165 na\u0161ej kult\u00fary \u2013 [&hellip;]<\/p>\n","protected":false},"author":2,"featured_media":19721,"comment_status":"closed","ping_status":"closed","sticky":false,"template":"","format":"standard","meta":{"site-sidebar-layout":"default","site-content-layout":"","ast-site-content-layout":"","site-content-style":"default","site-sidebar-style":"default","ast-global-header-display":"","ast-banner-title-visibility":"","ast-main-header-display":"","ast-hfb-above-header-display":"","ast-hfb-below-header-display":"","ast-hfb-mobile-header-display":"","site-post-title":"","ast-breadcrumbs-content":"","ast-featured-img":"","footer-sml-layout":"","theme-transparent-header-meta":"","adv-header-id-meta":"","stick-header-meta":"","header-above-stick-meta":"","header-main-stick-meta":"","header-below-stick-meta":"","astra-migrate-meta-layouts":"default","ast-page-background-enabled":"default","ast-page-background-meta":{"desktop":{"background-color":"var(--ast-global-color-4)","background-image":"","background-repeat":"repeat","background-position":"center center","background-size":"auto","background-attachment":"scroll","background-type":"","background-media":"","overlay-type":"","overlay-color":"","overlay-opacity":"","overlay-gradient":""},"tablet":{"background-color":"","background-image":"","background-repeat":"repeat","background-position":"center center","background-size":"auto","background-attachment":"scroll","background-type":"","background-media":"","overlay-type":"","overlay-color":"","overlay-opacity":"","overlay-gradient":""},"mobile":{"background-color":"","background-image":"","background-repeat":"repeat","background-position":"center center","background-size":"auto","background-attachment":"scroll","background-type":"","background-media":"","overlay-type":"","overlay-color":"","overlay-opacity":"","overlay-gradient":""}},"ast-content-background-meta":{"desktop":{"background-color":"var(--ast-global-color-5)","background-image":"","background-repeat":"repeat","background-position":"center center","background-size":"auto","background-attachment":"scroll","background-type":"","background-media":"","overlay-type":"","overlay-color":"","overlay-opacity":"","overlay-gradient":""},"tablet":{"background-color":"var(--ast-global-color-5)","background-image":"","background-repeat":"repeat","background-position":"center center","background-size":"auto","background-attachment":"scroll","background-type":"","background-media":"","overlay-type":"","overlay-color":"","overlay-opacity":"","overlay-gradient":""},"mobile":{"background-color":"var(--ast-global-color-5)","background-image":"","background-repeat":"repeat","background-position":"center center","background-size":"auto","background-attachment":"scroll","background-type":"","background-media":"","overlay-type":"","overlay-color":"","overlay-opacity":"","overlay-gradient":""}},"footnotes":""},"categories":[31],"tags":[],"class_list":["post-21602","post","type-post","status-publish","format-standard","has-post-thumbnail","hentry","category-aktuality"],"yoast_head":"<!-- This site is optimized with the Yoast SEO plugin v27.4 - https:\/\/yoast.com\/product\/yoast-seo-wordpress\/ -->\n<title>&quot;Od frfajdy k alm\u00e1zii&quot; - v\u00fdstava pred\u013a\u017een\u00e1 do 24. 4. 2017 - Pova\u017esk\u00e9 m\u00fazeum<\/title>\n<meta name=\"robots\" content=\"index, follow, max-snippet:-1, max-image-preview:large, max-video-preview:-1\" \/>\n<link rel=\"canonical\" href=\"https:\/\/pmza.sk\/?p=21602\" \/>\n<meta property=\"og:locale\" content=\"sk_SK\" \/>\n<meta property=\"og:type\" content=\"article\" \/>\n<meta property=\"og:title\" content=\"&quot;Od frfajdy k alm\u00e1zii&quot; - v\u00fdstava pred\u013a\u017een\u00e1 do 24. 4. 2017 - Pova\u017esk\u00e9 m\u00fazeum\" \/>\n<meta property=\"og:description\" content=\"Pova\u017esk\u00e9 m\u00fazeum v\u00a0\u017diline v\u00a0zria\u010fovate\u013eskej p\u00f4sobnosti \u017dilinsk\u00e9ho samospr\u00e1vneho kraja pred\u013a\u017eilo trvanie v\u00fdstavy vo v\u00fdstavn\u00fdch priestoroch are\u00e1lu Budat\u00ednskeho hradu s\u00a0n\u00e1zvom Od frfajdy k\u00a0alm\u00e1zii. Projekt Od frfajdy k alm\u00e1zii\u00a0je podporen\u00fd z verejn\u00fdch zdrojov poskytnut\u00fdch Fondom na podporu umenia a spolufinancovan\u00fd s podporou \u017dilinsk\u00e9ho samospr\u00e1vneho kraja. V\u00fdstava propaguje zauj\u00edmav\u00fa a\u00a0z\u00a0h\u013eadiska region\u00e1lnej \u010di lok\u00e1lnej diverzity v\u00fdznamn\u00fa oblas\u0165 na\u0161ej kult\u00fary \u2013 [&hellip;]\" \/>\n<meta property=\"og:url\" content=\"https:\/\/pmza.sk\/?p=21602\" \/>\n<meta property=\"og:site_name\" content=\"Pova\u017esk\u00e9 m\u00fazeum\" \/>\n<meta property=\"article:publisher\" content=\"https:\/\/www.facebook.com\/povazskemuzeum\" \/>\n<meta property=\"article:published_time\" content=\"2017-01-13T12:09:30+00:00\" \/>\n<meta property=\"og:image\" content=\"https:\/\/pmza.sk\/wp-content\/uploads\/2017\/01\/frfajda_www.jpg\" \/>\n\t<meta property=\"og:image:width\" content=\"484\" \/>\n\t<meta property=\"og:image:height\" content=\"684\" \/>\n\t<meta property=\"og:image:type\" content=\"image\/jpeg\" \/>\n<meta name=\"author\" content=\"Pova\u017esk\u00e9 m\u00fazeum\" \/>\n<meta name=\"twitter:card\" content=\"summary_large_image\" \/>\n<meta name=\"twitter:label1\" content=\"Autor\" \/>\n\t<meta name=\"twitter:data1\" content=\"Pova\u017esk\u00e9 m\u00fazeum\" \/>\n\t<meta name=\"twitter:label2\" content=\"Predpokladan\u00fd \u010das \u010d\u00edtania\" \/>\n\t<meta name=\"twitter:data2\" content=\"2 min\u00faty\" \/>\n<script type=\"application\/ld+json\" class=\"yoast-schema-graph\">{\"@context\":\"https:\\\/\\\/schema.org\",\"@graph\":[{\"@type\":\"Article\",\"@id\":\"https:\\\/\\\/pmza.sk\\\/?p=21602#article\",\"isPartOf\":{\"@id\":\"https:\\\/\\\/pmza.sk\\\/?p=21602\"},\"author\":{\"name\":\"Pova\u017esk\u00e9 m\u00fazeum\",\"@id\":\"https:\\\/\\\/pmza.sk\\\/#\\\/schema\\\/person\\\/595e6a2ce731ea94dcd5d7f50a41ae33\"},\"headline\":\"&#8222;Od frfajdy k alm\u00e1zii&#8220; &#8211; v\u00fdstava pred\u013a\u017een\u00e1 do 24. 4. 2017\",\"datePublished\":\"2017-01-13T12:09:30+00:00\",\"mainEntityOfPage\":{\"@id\":\"https:\\\/\\\/pmza.sk\\\/?p=21602\"},\"wordCount\":361,\"publisher\":{\"@id\":\"https:\\\/\\\/pmza.sk\\\/#organization\"},\"image\":{\"@id\":\"https:\\\/\\\/pmza.sk\\\/?p=21602#primaryimage\"},\"thumbnailUrl\":\"https:\\\/\\\/pmza.sk\\\/wp-content\\\/uploads\\\/2017\\\/01\\\/frfajda_www.jpg\",\"articleSection\":[\"Aktuality\"],\"inLanguage\":\"sk-SK\"},{\"@type\":\"WebPage\",\"@id\":\"https:\\\/\\\/pmza.sk\\\/?p=21602\",\"url\":\"https:\\\/\\\/pmza.sk\\\/?p=21602\",\"name\":\"\\\"Od frfajdy k alm\u00e1zii\\\" - v\u00fdstava pred\u013a\u017een\u00e1 do 24. 4. 2017 - Pova\u017esk\u00e9 m\u00fazeum\",\"isPartOf\":{\"@id\":\"https:\\\/\\\/pmza.sk\\\/#website\"},\"primaryImageOfPage\":{\"@id\":\"https:\\\/\\\/pmza.sk\\\/?p=21602#primaryimage\"},\"image\":{\"@id\":\"https:\\\/\\\/pmza.sk\\\/?p=21602#primaryimage\"},\"thumbnailUrl\":\"https:\\\/\\\/pmza.sk\\\/wp-content\\\/uploads\\\/2017\\\/01\\\/frfajda_www.jpg\",\"datePublished\":\"2017-01-13T12:09:30+00:00\",\"breadcrumb\":{\"@id\":\"https:\\\/\\\/pmza.sk\\\/?p=21602#breadcrumb\"},\"inLanguage\":\"sk-SK\",\"potentialAction\":[{\"@type\":\"ReadAction\",\"target\":[\"https:\\\/\\\/pmza.sk\\\/?p=21602\"]}]},{\"@type\":\"ImageObject\",\"inLanguage\":\"sk-SK\",\"@id\":\"https:\\\/\\\/pmza.sk\\\/?p=21602#primaryimage\",\"url\":\"https:\\\/\\\/pmza.sk\\\/wp-content\\\/uploads\\\/2017\\\/01\\\/frfajda_www.jpg\",\"contentUrl\":\"https:\\\/\\\/pmza.sk\\\/wp-content\\\/uploads\\\/2017\\\/01\\\/frfajda_www.jpg\",\"width\":484,\"height\":684},{\"@type\":\"BreadcrumbList\",\"@id\":\"https:\\\/\\\/pmza.sk\\\/?p=21602#breadcrumb\",\"itemListElement\":[{\"@type\":\"ListItem\",\"position\":1,\"name\":\"Domovsk\u00e1 str\u00e1nka\",\"item\":\"https:\\\/\\\/pmza.sk\\\/\"},{\"@type\":\"ListItem\",\"position\":2,\"name\":\"&#8222;Od frfajdy k alm\u00e1zii&#8220; &#8211; v\u00fdstava pred\u013a\u017een\u00e1 do 24. 4. 2017\"}]},{\"@type\":\"WebSite\",\"@id\":\"https:\\\/\\\/pmza.sk\\\/#website\",\"url\":\"https:\\\/\\\/pmza.sk\\\/\",\"name\":\"Pova\u017esk\u00e9 m\u00fazeum\",\"description\":\"Pova\u017esk\u00e9 m\u00fazeum v \u017diline je region\u00e1lne m\u00fazeum so s\u00eddlom v Budat\u00edne. Jeho expoz\u00edcie s\u00fa zameran\u00e9 na dejiny slovensk\u00e9ho umenia, kult\u00fary a dopravy.\",\"publisher\":{\"@id\":\"https:\\\/\\\/pmza.sk\\\/#organization\"},\"potentialAction\":[{\"@type\":\"SearchAction\",\"target\":{\"@type\":\"EntryPoint\",\"urlTemplate\":\"https:\\\/\\\/pmza.sk\\\/?s={search_term_string}\"},\"query-input\":{\"@type\":\"PropertyValueSpecification\",\"valueRequired\":true,\"valueName\":\"search_term_string\"}}],\"inLanguage\":\"sk-SK\"},{\"@type\":\"Organization\",\"@id\":\"https:\\\/\\\/pmza.sk\\\/#organization\",\"name\":\"Pova\u017esk\u00e9 m\u00fazeum\",\"url\":\"https:\\\/\\\/pmza.sk\\\/\",\"logo\":{\"@type\":\"ImageObject\",\"inLanguage\":\"sk-SK\",\"@id\":\"https:\\\/\\\/pmza.sk\\\/#\\\/schema\\\/logo\\\/image\\\/\",\"url\":\"https:\\\/\\\/pmza.sk\\\/wp-content\\\/uploads\\\/2022\\\/01\\\/logo_PM_horizontal.jpg\",\"contentUrl\":\"https:\\\/\\\/pmza.sk\\\/wp-content\\\/uploads\\\/2022\\\/01\\\/logo_PM_horizontal.jpg\",\"width\":231,\"height\":142,\"caption\":\"Pova\u017esk\u00e9 m\u00fazeum\"},\"image\":{\"@id\":\"https:\\\/\\\/pmza.sk\\\/#\\\/schema\\\/logo\\\/image\\\/\"},\"sameAs\":[\"https:\\\/\\\/www.facebook.com\\\/povazskemuzeum\",\"https:\\\/\\\/www.instagram.com\\\/povazskemuzeum\\\/\"]},{\"@type\":\"Person\",\"@id\":\"https:\\\/\\\/pmza.sk\\\/#\\\/schema\\\/person\\\/595e6a2ce731ea94dcd5d7f50a41ae33\",\"name\":\"Pova\u017esk\u00e9 m\u00fazeum\",\"image\":{\"@type\":\"ImageObject\",\"inLanguage\":\"sk-SK\",\"@id\":\"https:\\\/\\\/secure.gravatar.com\\\/avatar\\\/2bb7f1561282132fb5826dfeccc66c7996d11ee392ac6aaf7ced8a1c2027fbb2?s=96&d=mm&r=g\",\"url\":\"https:\\\/\\\/secure.gravatar.com\\\/avatar\\\/2bb7f1561282132fb5826dfeccc66c7996d11ee392ac6aaf7ced8a1c2027fbb2?s=96&d=mm&r=g\",\"contentUrl\":\"https:\\\/\\\/secure.gravatar.com\\\/avatar\\\/2bb7f1561282132fb5826dfeccc66c7996d11ee392ac6aaf7ced8a1c2027fbb2?s=96&d=mm&r=g\",\"caption\":\"Pova\u017esk\u00e9 m\u00fazeum\"}}]}<\/script>\n<!-- \/ Yoast SEO plugin. -->","yoast_head_json":{"title":"\"Od frfajdy k alm\u00e1zii\" - v\u00fdstava pred\u013a\u017een\u00e1 do 24. 4. 2017 - Pova\u017esk\u00e9 m\u00fazeum","robots":{"index":"index","follow":"follow","max-snippet":"max-snippet:-1","max-image-preview":"max-image-preview:large","max-video-preview":"max-video-preview:-1"},"canonical":"https:\/\/pmza.sk\/?p=21602","og_locale":"sk_SK","og_type":"article","og_title":"\"Od frfajdy k alm\u00e1zii\" - v\u00fdstava pred\u013a\u017een\u00e1 do 24. 4. 2017 - Pova\u017esk\u00e9 m\u00fazeum","og_description":"Pova\u017esk\u00e9 m\u00fazeum v\u00a0\u017diline v\u00a0zria\u010fovate\u013eskej p\u00f4sobnosti \u017dilinsk\u00e9ho samospr\u00e1vneho kraja pred\u013a\u017eilo trvanie v\u00fdstavy vo v\u00fdstavn\u00fdch priestoroch are\u00e1lu Budat\u00ednskeho hradu s\u00a0n\u00e1zvom Od frfajdy k\u00a0alm\u00e1zii. Projekt Od frfajdy k alm\u00e1zii\u00a0je podporen\u00fd z verejn\u00fdch zdrojov poskytnut\u00fdch Fondom na podporu umenia a spolufinancovan\u00fd s podporou \u017dilinsk\u00e9ho samospr\u00e1vneho kraja. V\u00fdstava propaguje zauj\u00edmav\u00fa a\u00a0z\u00a0h\u013eadiska region\u00e1lnej \u010di lok\u00e1lnej diverzity v\u00fdznamn\u00fa oblas\u0165 na\u0161ej kult\u00fary \u2013 [&hellip;]","og_url":"https:\/\/pmza.sk\/?p=21602","og_site_name":"Pova\u017esk\u00e9 m\u00fazeum","article_publisher":"https:\/\/www.facebook.com\/povazskemuzeum","article_published_time":"2017-01-13T12:09:30+00:00","og_image":[{"width":484,"height":684,"url":"https:\/\/pmza.sk\/wp-content\/uploads\/2017\/01\/frfajda_www.jpg","type":"image\/jpeg"}],"author":"Pova\u017esk\u00e9 m\u00fazeum","twitter_card":"summary_large_image","twitter_misc":{"Autor":"Pova\u017esk\u00e9 m\u00fazeum","Predpokladan\u00fd \u010das \u010d\u00edtania":"2 min\u00faty"},"schema":{"@context":"https:\/\/schema.org","@graph":[{"@type":"Article","@id":"https:\/\/pmza.sk\/?p=21602#article","isPartOf":{"@id":"https:\/\/pmza.sk\/?p=21602"},"author":{"name":"Pova\u017esk\u00e9 m\u00fazeum","@id":"https:\/\/pmza.sk\/#\/schema\/person\/595e6a2ce731ea94dcd5d7f50a41ae33"},"headline":"&#8222;Od frfajdy k alm\u00e1zii&#8220; &#8211; v\u00fdstava pred\u013a\u017een\u00e1 do 24. 4. 2017","datePublished":"2017-01-13T12:09:30+00:00","mainEntityOfPage":{"@id":"https:\/\/pmza.sk\/?p=21602"},"wordCount":361,"publisher":{"@id":"https:\/\/pmza.sk\/#organization"},"image":{"@id":"https:\/\/pmza.sk\/?p=21602#primaryimage"},"thumbnailUrl":"https:\/\/pmza.sk\/wp-content\/uploads\/2017\/01\/frfajda_www.jpg","articleSection":["Aktuality"],"inLanguage":"sk-SK"},{"@type":"WebPage","@id":"https:\/\/pmza.sk\/?p=21602","url":"https:\/\/pmza.sk\/?p=21602","name":"\"Od frfajdy k alm\u00e1zii\" - v\u00fdstava pred\u013a\u017een\u00e1 do 24. 4. 2017 - Pova\u017esk\u00e9 m\u00fazeum","isPartOf":{"@id":"https:\/\/pmza.sk\/#website"},"primaryImageOfPage":{"@id":"https:\/\/pmza.sk\/?p=21602#primaryimage"},"image":{"@id":"https:\/\/pmza.sk\/?p=21602#primaryimage"},"thumbnailUrl":"https:\/\/pmza.sk\/wp-content\/uploads\/2017\/01\/frfajda_www.jpg","datePublished":"2017-01-13T12:09:30+00:00","breadcrumb":{"@id":"https:\/\/pmza.sk\/?p=21602#breadcrumb"},"inLanguage":"sk-SK","potentialAction":[{"@type":"ReadAction","target":["https:\/\/pmza.sk\/?p=21602"]}]},{"@type":"ImageObject","inLanguage":"sk-SK","@id":"https:\/\/pmza.sk\/?p=21602#primaryimage","url":"https:\/\/pmza.sk\/wp-content\/uploads\/2017\/01\/frfajda_www.jpg","contentUrl":"https:\/\/pmza.sk\/wp-content\/uploads\/2017\/01\/frfajda_www.jpg","width":484,"height":684},{"@type":"BreadcrumbList","@id":"https:\/\/pmza.sk\/?p=21602#breadcrumb","itemListElement":[{"@type":"ListItem","position":1,"name":"Domovsk\u00e1 str\u00e1nka","item":"https:\/\/pmza.sk\/"},{"@type":"ListItem","position":2,"name":"&#8222;Od frfajdy k alm\u00e1zii&#8220; &#8211; v\u00fdstava pred\u013a\u017een\u00e1 do 24. 4. 2017"}]},{"@type":"WebSite","@id":"https:\/\/pmza.sk\/#website","url":"https:\/\/pmza.sk\/","name":"Pova\u017esk\u00e9 m\u00fazeum","description":"Pova\u017esk\u00e9 m\u00fazeum v \u017diline je region\u00e1lne m\u00fazeum so s\u00eddlom v Budat\u00edne. Jeho expoz\u00edcie s\u00fa zameran\u00e9 na dejiny slovensk\u00e9ho umenia, kult\u00fary a dopravy.","publisher":{"@id":"https:\/\/pmza.sk\/#organization"},"potentialAction":[{"@type":"SearchAction","target":{"@type":"EntryPoint","urlTemplate":"https:\/\/pmza.sk\/?s={search_term_string}"},"query-input":{"@type":"PropertyValueSpecification","valueRequired":true,"valueName":"search_term_string"}}],"inLanguage":"sk-SK"},{"@type":"Organization","@id":"https:\/\/pmza.sk\/#organization","name":"Pova\u017esk\u00e9 m\u00fazeum","url":"https:\/\/pmza.sk\/","logo":{"@type":"ImageObject","inLanguage":"sk-SK","@id":"https:\/\/pmza.sk\/#\/schema\/logo\/image\/","url":"https:\/\/pmza.sk\/wp-content\/uploads\/2022\/01\/logo_PM_horizontal.jpg","contentUrl":"https:\/\/pmza.sk\/wp-content\/uploads\/2022\/01\/logo_PM_horizontal.jpg","width":231,"height":142,"caption":"Pova\u017esk\u00e9 m\u00fazeum"},"image":{"@id":"https:\/\/pmza.sk\/#\/schema\/logo\/image\/"},"sameAs":["https:\/\/www.facebook.com\/povazskemuzeum","https:\/\/www.instagram.com\/povazskemuzeum\/"]},{"@type":"Person","@id":"https:\/\/pmza.sk\/#\/schema\/person\/595e6a2ce731ea94dcd5d7f50a41ae33","name":"Pova\u017esk\u00e9 m\u00fazeum","image":{"@type":"ImageObject","inLanguage":"sk-SK","@id":"https:\/\/secure.gravatar.com\/avatar\/2bb7f1561282132fb5826dfeccc66c7996d11ee392ac6aaf7ced8a1c2027fbb2?s=96&d=mm&r=g","url":"https:\/\/secure.gravatar.com\/avatar\/2bb7f1561282132fb5826dfeccc66c7996d11ee392ac6aaf7ced8a1c2027fbb2?s=96&d=mm&r=g","contentUrl":"https:\/\/secure.gravatar.com\/avatar\/2bb7f1561282132fb5826dfeccc66c7996d11ee392ac6aaf7ced8a1c2027fbb2?s=96&d=mm&r=g","caption":"Pova\u017esk\u00e9 m\u00fazeum"}}]}},"_links":{"self":[{"href":"https:\/\/pmza.sk\/index.php?rest_route=\/wp\/v2\/posts\/21602","targetHints":{"allow":["GET"]}}],"collection":[{"href":"https:\/\/pmza.sk\/index.php?rest_route=\/wp\/v2\/posts"}],"about":[{"href":"https:\/\/pmza.sk\/index.php?rest_route=\/wp\/v2\/types\/post"}],"author":[{"embeddable":true,"href":"https:\/\/pmza.sk\/index.php?rest_route=\/wp\/v2\/users\/2"}],"replies":[{"embeddable":true,"href":"https:\/\/pmza.sk\/index.php?rest_route=%2Fwp%2Fv2%2Fcomments&post=21602"}],"version-history":[{"count":0,"href":"https:\/\/pmza.sk\/index.php?rest_route=\/wp\/v2\/posts\/21602\/revisions"}],"wp:featuredmedia":[{"embeddable":true,"href":"https:\/\/pmza.sk\/index.php?rest_route=\/wp\/v2\/media\/19721"}],"wp:attachment":[{"href":"https:\/\/pmza.sk\/index.php?rest_route=%2Fwp%2Fv2%2Fmedia&parent=21602"}],"wp:term":[{"taxonomy":"category","embeddable":true,"href":"https:\/\/pmza.sk\/index.php?rest_route=%2Fwp%2Fv2%2Fcategories&post=21602"},{"taxonomy":"post_tag","embeddable":true,"href":"https:\/\/pmza.sk\/index.php?rest_route=%2Fwp%2Fv2%2Ftags&post=21602"}],"curies":[{"name":"wp","href":"https:\/\/api.w.org\/{rel}","templated":true}]}}