{"id":21762,"date":"2017-06-02T10:34:48","date_gmt":"2017-06-02T08:34:48","guid":{"rendered":"https:\/\/pmza.sk.sk\/?p=21762"},"modified":"2017-06-02T10:34:48","modified_gmt":"2017-06-02T08:34:48","slug":"v-budatinskom-parku-vysadime-novy-strom","status":"publish","type":"post","link":"https:\/\/pmza.sk\/?p=21762","title":{"rendered":"V Budat\u00ednskom parku vysad\u00edme nov\u00fd strom"},"content":{"rendered":"<p><strong>V\u00a0Budat\u00ednskom parku vysadia pri pr\u00edle\u017eitosti 75. v\u00fdro\u010dia zalo\u017eenia m\u00fazea pam\u00e4tn\u00fd strom. Na n\u00e1v\u0161tevn\u00edkov \u010dakaj\u00fa v\u00a0r\u00e1mci V\u00edkendu otvoren\u00fdch parkov a\u00a0z\u00e1hrad v\u00a0d\u0148och 9. \u2013 11. j\u00fana aj \u010fal\u0161ie zauj\u00edmav\u00e9 aktivity.<\/strong><\/p>\n<p>Pova\u017esk\u00e9 m\u00fazeum v\u00a0\u017diline sa aj tento rok zap\u00e1ja do celoeur\u00f3pskeho podujatia, ktor\u00e9ho cie\u013eom je prezentova\u0165, vyzdvihova\u0165 a osl\u00e1vi\u0165 hodnoty parkov a z\u00e1hrad Slovenska. V\u00a0piatok 9. j\u00fana o\u00a010. hodine vysadia v\u00a0Budat\u00ednskom parku pam\u00e4tn\u00fd strom, ktor\u00fd venovalo ob\u010dianske zdru\u017eenie ISA Slovensko. Sk\u00fasen\u00ed arboristi preved\u00fa o\u0161etrovanie b\u00fat\u013eav\u00e9ho stromu, ktor\u00e9 bolo prefinancovan\u00e9 v\u010faka v\u00fdhre v\u00a0s\u00fa\u0165a\u017ei o\u00a0slovensk\u00fd Strom roka 2016. Pridaj\u00fa aj uk\u00e1\u017eky techn\u00edk lezenia na stromy. Piatkov\u00e9 dopoludnie je z\u00e1rove\u0148 vyhraden\u00e9 na predn\u00e1\u0161ku o\u00a0chr\u00e1nen\u00fdch stromoch pre vopred objednan\u00fdch \u0161kol\u00e1kov.<a href=\"https:\/\/pmza.sk\/wp-content\/uploads\/2017\/06\/plagat_parky_www.jpg\"><img decoding=\"async\" class=\" wp-image-21878 alignright\" src=\"https:\/\/pmza.sk.sk\/wp-content\/uploads\/2017\/06\/plagat_parky_www-106x150.jpg\" alt=\"\" width=\"177\" height=\"250\" \/><\/a><\/p>\n<p>Pri kaplnke bude v\u00a0t\u00fdchto d\u0148och vo\u013ene pr\u00edstupn\u00e1 exteri\u00e9rov\u00e1 v\u00fdstava kresieb rastl\u00edn a\u00a0vt\u00e1kov <em>Klenoty Budat\u00ednskeho parku a okolia<\/em>. Vystaven\u00e9 bud\u00fa historick\u00e9 tla\u010de vz\u00e1cnych aj be\u017en\u00fdch skvostov z\u00a0na\u0161ej pr\u00edrody, ktor\u00e9 sa vyskytuj\u00fa v parku a\u00a0v \u017eilinskom regi\u00f3ne. Budat\u00ednsky park je verejnosti pr\u00edstupn\u00fd denne v\u00a0\u010dase od 6. do 22. hodiny.<\/p>\n<p>Hist\u00f3riou a\u00a0s\u00fa\u010dasnos\u0165ou parku n\u00e1v\u0161tevn\u00edkov v\u00a0nede\u013eu o\u00a010.00, 12.00 a\u00a014.00\u00a0hod. prevedie botani\u010dka Pova\u017esk\u00e9ho m\u00fazea v\u00a0\u017diline Kv\u011bta Kickov\u00e1. Prehliadky bud\u00fa za\u010d\u00edna\u0165 pri historickom stane, v\u00a0ktorom bud\u00fa prezentovan\u00e9 aj fotografie z\u00a0hist\u00f3rie parku. Vstup na tieto prehliadky je vo\u013en\u00fd. Nede\u013en\u00e9 popoludnie (15.00 hod.) spestria op\u00e4\u0165 praktick\u00e9 uk\u00e1\u017eky techn\u00edk lezenia na stromy v\u00a0preveden\u00ed arboristov z ISA Slovensko.<\/p>\n","protected":false},"excerpt":{"rendered":"<p>V\u00a0Budat\u00ednskom parku vysadia pri pr\u00edle\u017eitosti 75. v\u00fdro\u010dia zalo\u017eenia m\u00fazea pam\u00e4tn\u00fd strom. Na n\u00e1v\u0161tevn\u00edkov \u010dakaj\u00fa v\u00a0r\u00e1mci V\u00edkendu otvoren\u00fdch parkov a\u00a0z\u00e1hrad v\u00a0d\u0148och 9. \u2013 11. j\u00fana aj \u010fal\u0161ie zauj\u00edmav\u00e9 aktivity. Pova\u017esk\u00e9 m\u00fazeum v\u00a0\u017diline sa aj tento rok zap\u00e1ja do celoeur\u00f3pskeho podujatia, ktor\u00e9ho cie\u013eom je prezentova\u0165, vyzdvihova\u0165 a osl\u00e1vi\u0165 hodnoty parkov a z\u00e1hrad Slovenska. V\u00a0piatok 9. j\u00fana o\u00a010. [&hellip;]<\/p>\n","protected":false},"author":2,"featured_media":21764,"comment_status":"closed","ping_status":"closed","sticky":false,"template":"","format":"standard","meta":{"site-sidebar-layout":"default","site-content-layout":"","ast-site-content-layout":"","site-content-style":"default","site-sidebar-style":"default","ast-global-header-display":"","ast-banner-title-visibility":"","ast-main-header-display":"","ast-hfb-above-header-display":"","ast-hfb-below-header-display":"","ast-hfb-mobile-header-display":"","site-post-title":"","ast-breadcrumbs-content":"","ast-featured-img":"","footer-sml-layout":"","theme-transparent-header-meta":"","adv-header-id-meta":"","stick-header-meta":"","header-above-stick-meta":"","header-main-stick-meta":"","header-below-stick-meta":"","astra-migrate-meta-layouts":"default","ast-page-background-enabled":"default","ast-page-background-meta":{"desktop":{"background-color":"var(--ast-global-color-4)","background-image":"","background-repeat":"repeat","background-position":"center center","background-size":"auto","background-attachment":"scroll","background-type":"","background-media":"","overlay-type":"","overlay-color":"","overlay-opacity":"","overlay-gradient":""},"tablet":{"background-color":"","background-image":"","background-repeat":"repeat","background-position":"center center","background-size":"auto","background-attachment":"scroll","background-type":"","background-media":"","overlay-type":"","overlay-color":"","overlay-opacity":"","overlay-gradient":""},"mobile":{"background-color":"","background-image":"","background-repeat":"repeat","background-position":"center center","background-size":"auto","background-attachment":"scroll","background-type":"","background-media":"","overlay-type":"","overlay-color":"","overlay-opacity":"","overlay-gradient":""}},"ast-content-background-meta":{"desktop":{"background-color":"var(--ast-global-color-5)","background-image":"","background-repeat":"repeat","background-position":"center center","background-size":"auto","background-attachment":"scroll","background-type":"","background-media":"","overlay-type":"","overlay-color":"","overlay-opacity":"","overlay-gradient":""},"tablet":{"background-color":"var(--ast-global-color-5)","background-image":"","background-repeat":"repeat","background-position":"center center","background-size":"auto","background-attachment":"scroll","background-type":"","background-media":"","overlay-type":"","overlay-color":"","overlay-opacity":"","overlay-gradient":""},"mobile":{"background-color":"var(--ast-global-color-5)","background-image":"","background-repeat":"repeat","background-position":"center center","background-size":"auto","background-attachment":"scroll","background-type":"","background-media":"","overlay-type":"","overlay-color":"","overlay-opacity":"","overlay-gradient":""}},"footnotes":""},"categories":[31],"tags":[],"class_list":["post-21762","post","type-post","status-publish","format-standard","has-post-thumbnail","hentry","category-aktuality"],"yoast_head":"<!-- This site is optimized with the Yoast SEO plugin v27.4 - https:\/\/yoast.com\/product\/yoast-seo-wordpress\/ -->\n<title>V Budat\u00ednskom parku vysad\u00edme nov\u00fd strom - Pova\u017esk\u00e9 m\u00fazeum<\/title>\n<meta name=\"robots\" content=\"index, follow, max-snippet:-1, max-image-preview:large, max-video-preview:-1\" \/>\n<link rel=\"canonical\" href=\"https:\/\/pmza.sk\/?p=21762\" \/>\n<meta property=\"og:locale\" content=\"sk_SK\" \/>\n<meta property=\"og:type\" content=\"article\" \/>\n<meta property=\"og:title\" content=\"V Budat\u00ednskom parku vysad\u00edme nov\u00fd strom - Pova\u017esk\u00e9 m\u00fazeum\" \/>\n<meta property=\"og:description\" content=\"V\u00a0Budat\u00ednskom parku vysadia pri pr\u00edle\u017eitosti 75. v\u00fdro\u010dia zalo\u017eenia m\u00fazea pam\u00e4tn\u00fd strom. Na n\u00e1v\u0161tevn\u00edkov \u010dakaj\u00fa v\u00a0r\u00e1mci V\u00edkendu otvoren\u00fdch parkov a\u00a0z\u00e1hrad v\u00a0d\u0148och 9. \u2013 11. j\u00fana aj \u010fal\u0161ie zauj\u00edmav\u00e9 aktivity. Pova\u017esk\u00e9 m\u00fazeum v\u00a0\u017diline sa aj tento rok zap\u00e1ja do celoeur\u00f3pskeho podujatia, ktor\u00e9ho cie\u013eom je prezentova\u0165, vyzdvihova\u0165 a osl\u00e1vi\u0165 hodnoty parkov a z\u00e1hrad Slovenska. V\u00a0piatok 9. j\u00fana o\u00a010. [&hellip;]\" \/>\n<meta property=\"og:url\" content=\"https:\/\/pmza.sk\/?p=21762\" \/>\n<meta property=\"og:site_name\" content=\"Pova\u017esk\u00e9 m\u00fazeum\" \/>\n<meta property=\"article:publisher\" content=\"https:\/\/www.facebook.com\/povazskemuzeum\" \/>\n<meta property=\"article:published_time\" content=\"2017-06-02T08:34:48+00:00\" \/>\n<meta property=\"og:image\" content=\"https:\/\/pmza.sk\/wp-content\/uploads\/2017\/05\/Budatinsky-park-scaled-1.jpg\" \/>\n\t<meta property=\"og:image:width\" content=\"2560\" \/>\n\t<meta property=\"og:image:height\" content=\"1676\" \/>\n\t<meta property=\"og:image:type\" content=\"image\/jpeg\" \/>\n<meta name=\"author\" content=\"Pova\u017esk\u00e9 m\u00fazeum\" \/>\n<meta name=\"twitter:card\" content=\"summary_large_image\" \/>\n<meta name=\"twitter:label1\" content=\"Autor\" \/>\n\t<meta name=\"twitter:data1\" content=\"Pova\u017esk\u00e9 m\u00fazeum\" \/>\n\t<meta name=\"twitter:label2\" content=\"Predpokladan\u00fd \u010das \u010d\u00edtania\" \/>\n\t<meta name=\"twitter:data2\" content=\"1 min\u00fata\" \/>\n<script type=\"application\/ld+json\" class=\"yoast-schema-graph\">{\"@context\":\"https:\\\/\\\/schema.org\",\"@graph\":[{\"@type\":\"Article\",\"@id\":\"https:\\\/\\\/pmza.sk\\\/?p=21762#article\",\"isPartOf\":{\"@id\":\"https:\\\/\\\/pmza.sk\\\/?p=21762\"},\"author\":{\"name\":\"Pova\u017esk\u00e9 m\u00fazeum\",\"@id\":\"https:\\\/\\\/pmza.sk\\\/#\\\/schema\\\/person\\\/595e6a2ce731ea94dcd5d7f50a41ae33\"},\"headline\":\"V Budat\u00ednskom parku vysad\u00edme nov\u00fd strom\",\"datePublished\":\"2017-06-02T08:34:48+00:00\",\"mainEntityOfPage\":{\"@id\":\"https:\\\/\\\/pmza.sk\\\/?p=21762\"},\"wordCount\":306,\"publisher\":{\"@id\":\"https:\\\/\\\/pmza.sk\\\/#organization\"},\"image\":{\"@id\":\"https:\\\/\\\/pmza.sk\\\/?p=21762#primaryimage\"},\"thumbnailUrl\":\"https:\\\/\\\/pmza.sk\\\/wp-content\\\/uploads\\\/2017\\\/05\\\/Budatinsky-park-scaled-1.jpg\",\"articleSection\":[\"Aktuality\"],\"inLanguage\":\"sk-SK\"},{\"@type\":\"WebPage\",\"@id\":\"https:\\\/\\\/pmza.sk\\\/?p=21762\",\"url\":\"https:\\\/\\\/pmza.sk\\\/?p=21762\",\"name\":\"V Budat\u00ednskom parku vysad\u00edme nov\u00fd strom - Pova\u017esk\u00e9 m\u00fazeum\",\"isPartOf\":{\"@id\":\"https:\\\/\\\/pmza.sk\\\/#website\"},\"primaryImageOfPage\":{\"@id\":\"https:\\\/\\\/pmza.sk\\\/?p=21762#primaryimage\"},\"image\":{\"@id\":\"https:\\\/\\\/pmza.sk\\\/?p=21762#primaryimage\"},\"thumbnailUrl\":\"https:\\\/\\\/pmza.sk\\\/wp-content\\\/uploads\\\/2017\\\/05\\\/Budatinsky-park-scaled-1.jpg\",\"datePublished\":\"2017-06-02T08:34:48+00:00\",\"breadcrumb\":{\"@id\":\"https:\\\/\\\/pmza.sk\\\/?p=21762#breadcrumb\"},\"inLanguage\":\"sk-SK\",\"potentialAction\":[{\"@type\":\"ReadAction\",\"target\":[\"https:\\\/\\\/pmza.sk\\\/?p=21762\"]}]},{\"@type\":\"ImageObject\",\"inLanguage\":\"sk-SK\",\"@id\":\"https:\\\/\\\/pmza.sk\\\/?p=21762#primaryimage\",\"url\":\"https:\\\/\\\/pmza.sk\\\/wp-content\\\/uploads\\\/2017\\\/05\\\/Budatinsky-park-scaled-1.jpg\",\"contentUrl\":\"https:\\\/\\\/pmza.sk\\\/wp-content\\\/uploads\\\/2017\\\/05\\\/Budatinsky-park-scaled-1.jpg\",\"width\":2560,\"height\":1676},{\"@type\":\"BreadcrumbList\",\"@id\":\"https:\\\/\\\/pmza.sk\\\/?p=21762#breadcrumb\",\"itemListElement\":[{\"@type\":\"ListItem\",\"position\":1,\"name\":\"Domovsk\u00e1 str\u00e1nka\",\"item\":\"https:\\\/\\\/pmza.sk\\\/\"},{\"@type\":\"ListItem\",\"position\":2,\"name\":\"V Budat\u00ednskom parku vysad\u00edme nov\u00fd strom\"}]},{\"@type\":\"WebSite\",\"@id\":\"https:\\\/\\\/pmza.sk\\\/#website\",\"url\":\"https:\\\/\\\/pmza.sk\\\/\",\"name\":\"Pova\u017esk\u00e9 m\u00fazeum\",\"description\":\"Pova\u017esk\u00e9 m\u00fazeum v \u017diline je region\u00e1lne m\u00fazeum so s\u00eddlom v Budat\u00edne. Jeho expoz\u00edcie s\u00fa zameran\u00e9 na dejiny slovensk\u00e9ho umenia, kult\u00fary a dopravy.\",\"publisher\":{\"@id\":\"https:\\\/\\\/pmza.sk\\\/#organization\"},\"potentialAction\":[{\"@type\":\"SearchAction\",\"target\":{\"@type\":\"EntryPoint\",\"urlTemplate\":\"https:\\\/\\\/pmza.sk\\\/?s={search_term_string}\"},\"query-input\":{\"@type\":\"PropertyValueSpecification\",\"valueRequired\":true,\"valueName\":\"search_term_string\"}}],\"inLanguage\":\"sk-SK\"},{\"@type\":\"Organization\",\"@id\":\"https:\\\/\\\/pmza.sk\\\/#organization\",\"name\":\"Pova\u017esk\u00e9 m\u00fazeum\",\"url\":\"https:\\\/\\\/pmza.sk\\\/\",\"logo\":{\"@type\":\"ImageObject\",\"inLanguage\":\"sk-SK\",\"@id\":\"https:\\\/\\\/pmza.sk\\\/#\\\/schema\\\/logo\\\/image\\\/\",\"url\":\"https:\\\/\\\/pmza.sk\\\/wp-content\\\/uploads\\\/2022\\\/01\\\/logo_PM_horizontal.jpg\",\"contentUrl\":\"https:\\\/\\\/pmza.sk\\\/wp-content\\\/uploads\\\/2022\\\/01\\\/logo_PM_horizontal.jpg\",\"width\":231,\"height\":142,\"caption\":\"Pova\u017esk\u00e9 m\u00fazeum\"},\"image\":{\"@id\":\"https:\\\/\\\/pmza.sk\\\/#\\\/schema\\\/logo\\\/image\\\/\"},\"sameAs\":[\"https:\\\/\\\/www.facebook.com\\\/povazskemuzeum\",\"https:\\\/\\\/www.instagram.com\\\/povazskemuzeum\\\/\"]},{\"@type\":\"Person\",\"@id\":\"https:\\\/\\\/pmza.sk\\\/#\\\/schema\\\/person\\\/595e6a2ce731ea94dcd5d7f50a41ae33\",\"name\":\"Pova\u017esk\u00e9 m\u00fazeum\",\"image\":{\"@type\":\"ImageObject\",\"inLanguage\":\"sk-SK\",\"@id\":\"https:\\\/\\\/secure.gravatar.com\\\/avatar\\\/2bb7f1561282132fb5826dfeccc66c7996d11ee392ac6aaf7ced8a1c2027fbb2?s=96&d=mm&r=g\",\"url\":\"https:\\\/\\\/secure.gravatar.com\\\/avatar\\\/2bb7f1561282132fb5826dfeccc66c7996d11ee392ac6aaf7ced8a1c2027fbb2?s=96&d=mm&r=g\",\"contentUrl\":\"https:\\\/\\\/secure.gravatar.com\\\/avatar\\\/2bb7f1561282132fb5826dfeccc66c7996d11ee392ac6aaf7ced8a1c2027fbb2?s=96&d=mm&r=g\",\"caption\":\"Pova\u017esk\u00e9 m\u00fazeum\"}}]}<\/script>\n<!-- \/ Yoast SEO plugin. -->","yoast_head_json":{"title":"V Budat\u00ednskom parku vysad\u00edme nov\u00fd strom - Pova\u017esk\u00e9 m\u00fazeum","robots":{"index":"index","follow":"follow","max-snippet":"max-snippet:-1","max-image-preview":"max-image-preview:large","max-video-preview":"max-video-preview:-1"},"canonical":"https:\/\/pmza.sk\/?p=21762","og_locale":"sk_SK","og_type":"article","og_title":"V Budat\u00ednskom parku vysad\u00edme nov\u00fd strom - Pova\u017esk\u00e9 m\u00fazeum","og_description":"V\u00a0Budat\u00ednskom parku vysadia pri pr\u00edle\u017eitosti 75. v\u00fdro\u010dia zalo\u017eenia m\u00fazea pam\u00e4tn\u00fd strom. Na n\u00e1v\u0161tevn\u00edkov \u010dakaj\u00fa v\u00a0r\u00e1mci V\u00edkendu otvoren\u00fdch parkov a\u00a0z\u00e1hrad v\u00a0d\u0148och 9. \u2013 11. j\u00fana aj \u010fal\u0161ie zauj\u00edmav\u00e9 aktivity. Pova\u017esk\u00e9 m\u00fazeum v\u00a0\u017diline sa aj tento rok zap\u00e1ja do celoeur\u00f3pskeho podujatia, ktor\u00e9ho cie\u013eom je prezentova\u0165, vyzdvihova\u0165 a osl\u00e1vi\u0165 hodnoty parkov a z\u00e1hrad Slovenska. V\u00a0piatok 9. j\u00fana o\u00a010. [&hellip;]","og_url":"https:\/\/pmza.sk\/?p=21762","og_site_name":"Pova\u017esk\u00e9 m\u00fazeum","article_publisher":"https:\/\/www.facebook.com\/povazskemuzeum","article_published_time":"2017-06-02T08:34:48+00:00","og_image":[{"width":2560,"height":1676,"url":"https:\/\/pmza.sk\/wp-content\/uploads\/2017\/05\/Budatinsky-park-scaled-1.jpg","type":"image\/jpeg"}],"author":"Pova\u017esk\u00e9 m\u00fazeum","twitter_card":"summary_large_image","twitter_misc":{"Autor":"Pova\u017esk\u00e9 m\u00fazeum","Predpokladan\u00fd \u010das \u010d\u00edtania":"1 min\u00fata"},"schema":{"@context":"https:\/\/schema.org","@graph":[{"@type":"Article","@id":"https:\/\/pmza.sk\/?p=21762#article","isPartOf":{"@id":"https:\/\/pmza.sk\/?p=21762"},"author":{"name":"Pova\u017esk\u00e9 m\u00fazeum","@id":"https:\/\/pmza.sk\/#\/schema\/person\/595e6a2ce731ea94dcd5d7f50a41ae33"},"headline":"V Budat\u00ednskom parku vysad\u00edme nov\u00fd strom","datePublished":"2017-06-02T08:34:48+00:00","mainEntityOfPage":{"@id":"https:\/\/pmza.sk\/?p=21762"},"wordCount":306,"publisher":{"@id":"https:\/\/pmza.sk\/#organization"},"image":{"@id":"https:\/\/pmza.sk\/?p=21762#primaryimage"},"thumbnailUrl":"https:\/\/pmza.sk\/wp-content\/uploads\/2017\/05\/Budatinsky-park-scaled-1.jpg","articleSection":["Aktuality"],"inLanguage":"sk-SK"},{"@type":"WebPage","@id":"https:\/\/pmza.sk\/?p=21762","url":"https:\/\/pmza.sk\/?p=21762","name":"V Budat\u00ednskom parku vysad\u00edme nov\u00fd strom - Pova\u017esk\u00e9 m\u00fazeum","isPartOf":{"@id":"https:\/\/pmza.sk\/#website"},"primaryImageOfPage":{"@id":"https:\/\/pmza.sk\/?p=21762#primaryimage"},"image":{"@id":"https:\/\/pmza.sk\/?p=21762#primaryimage"},"thumbnailUrl":"https:\/\/pmza.sk\/wp-content\/uploads\/2017\/05\/Budatinsky-park-scaled-1.jpg","datePublished":"2017-06-02T08:34:48+00:00","breadcrumb":{"@id":"https:\/\/pmza.sk\/?p=21762#breadcrumb"},"inLanguage":"sk-SK","potentialAction":[{"@type":"ReadAction","target":["https:\/\/pmza.sk\/?p=21762"]}]},{"@type":"ImageObject","inLanguage":"sk-SK","@id":"https:\/\/pmza.sk\/?p=21762#primaryimage","url":"https:\/\/pmza.sk\/wp-content\/uploads\/2017\/05\/Budatinsky-park-scaled-1.jpg","contentUrl":"https:\/\/pmza.sk\/wp-content\/uploads\/2017\/05\/Budatinsky-park-scaled-1.jpg","width":2560,"height":1676},{"@type":"BreadcrumbList","@id":"https:\/\/pmza.sk\/?p=21762#breadcrumb","itemListElement":[{"@type":"ListItem","position":1,"name":"Domovsk\u00e1 str\u00e1nka","item":"https:\/\/pmza.sk\/"},{"@type":"ListItem","position":2,"name":"V Budat\u00ednskom parku vysad\u00edme nov\u00fd strom"}]},{"@type":"WebSite","@id":"https:\/\/pmza.sk\/#website","url":"https:\/\/pmza.sk\/","name":"Pova\u017esk\u00e9 m\u00fazeum","description":"Pova\u017esk\u00e9 m\u00fazeum v \u017diline je region\u00e1lne m\u00fazeum so s\u00eddlom v Budat\u00edne. Jeho expoz\u00edcie s\u00fa zameran\u00e9 na dejiny slovensk\u00e9ho umenia, kult\u00fary a dopravy.","publisher":{"@id":"https:\/\/pmza.sk\/#organization"},"potentialAction":[{"@type":"SearchAction","target":{"@type":"EntryPoint","urlTemplate":"https:\/\/pmza.sk\/?s={search_term_string}"},"query-input":{"@type":"PropertyValueSpecification","valueRequired":true,"valueName":"search_term_string"}}],"inLanguage":"sk-SK"},{"@type":"Organization","@id":"https:\/\/pmza.sk\/#organization","name":"Pova\u017esk\u00e9 m\u00fazeum","url":"https:\/\/pmza.sk\/","logo":{"@type":"ImageObject","inLanguage":"sk-SK","@id":"https:\/\/pmza.sk\/#\/schema\/logo\/image\/","url":"https:\/\/pmza.sk\/wp-content\/uploads\/2022\/01\/logo_PM_horizontal.jpg","contentUrl":"https:\/\/pmza.sk\/wp-content\/uploads\/2022\/01\/logo_PM_horizontal.jpg","width":231,"height":142,"caption":"Pova\u017esk\u00e9 m\u00fazeum"},"image":{"@id":"https:\/\/pmza.sk\/#\/schema\/logo\/image\/"},"sameAs":["https:\/\/www.facebook.com\/povazskemuzeum","https:\/\/www.instagram.com\/povazskemuzeum\/"]},{"@type":"Person","@id":"https:\/\/pmza.sk\/#\/schema\/person\/595e6a2ce731ea94dcd5d7f50a41ae33","name":"Pova\u017esk\u00e9 m\u00fazeum","image":{"@type":"ImageObject","inLanguage":"sk-SK","@id":"https:\/\/secure.gravatar.com\/avatar\/2bb7f1561282132fb5826dfeccc66c7996d11ee392ac6aaf7ced8a1c2027fbb2?s=96&d=mm&r=g","url":"https:\/\/secure.gravatar.com\/avatar\/2bb7f1561282132fb5826dfeccc66c7996d11ee392ac6aaf7ced8a1c2027fbb2?s=96&d=mm&r=g","contentUrl":"https:\/\/secure.gravatar.com\/avatar\/2bb7f1561282132fb5826dfeccc66c7996d11ee392ac6aaf7ced8a1c2027fbb2?s=96&d=mm&r=g","caption":"Pova\u017esk\u00e9 m\u00fazeum"}}]}},"_links":{"self":[{"href":"https:\/\/pmza.sk\/index.php?rest_route=\/wp\/v2\/posts\/21762","targetHints":{"allow":["GET"]}}],"collection":[{"href":"https:\/\/pmza.sk\/index.php?rest_route=\/wp\/v2\/posts"}],"about":[{"href":"https:\/\/pmza.sk\/index.php?rest_route=\/wp\/v2\/types\/post"}],"author":[{"embeddable":true,"href":"https:\/\/pmza.sk\/index.php?rest_route=\/wp\/v2\/users\/2"}],"replies":[{"embeddable":true,"href":"https:\/\/pmza.sk\/index.php?rest_route=%2Fwp%2Fv2%2Fcomments&post=21762"}],"version-history":[{"count":0,"href":"https:\/\/pmza.sk\/index.php?rest_route=\/wp\/v2\/posts\/21762\/revisions"}],"wp:featuredmedia":[{"embeddable":true,"href":"https:\/\/pmza.sk\/index.php?rest_route=\/wp\/v2\/media\/21764"}],"wp:attachment":[{"href":"https:\/\/pmza.sk\/index.php?rest_route=%2Fwp%2Fv2%2Fmedia&parent=21762"}],"wp:term":[{"taxonomy":"category","embeddable":true,"href":"https:\/\/pmza.sk\/index.php?rest_route=%2Fwp%2Fv2%2Fcategories&post=21762"},{"taxonomy":"post_tag","embeddable":true,"href":"https:\/\/pmza.sk\/index.php?rest_route=%2Fwp%2Fv2%2Ftags&post=21762"}],"curies":[{"name":"wp","href":"https:\/\/api.w.org\/{rel}","templated":true}]}}