{"id":22006,"date":"2017-06-09T15:28:38","date_gmt":"2017-06-09T13:28:38","guid":{"rendered":"https:\/\/pmza.sk.sk\/?p=22006"},"modified":"2017-06-09T15:28:38","modified_gmt":"2017-06-09T13:28:38","slug":"vikend-otvorenych-parkov-a-zahrad-odstartoval-vysadbou-pamatneho-dubu","status":"publish","type":"post","link":"https:\/\/pmza.sk\/?p=22006","title":{"rendered":"V\u00edkend otvoren\u00fdch parkov a z\u00e1hrad od\u0161tartoval v\u00fdsadbou pam\u00e4tn\u00e9ho dubu"},"content":{"rendered":"<p>Celoeur\u00f3pske podujatie V\u00edkend otvoren\u00fdch parkov a z\u00e1hrad od\u0161tartovalo v piatok 9. j\u00fana aj v Budat\u00ednskom parku. Pri pr\u00edle\u017eitosti 75. v\u00fdro\u010dia zalo\u017eenia m\u00fazea sme vysadili pam\u00e4tn\u00fd strom &#8211; dub \u010derven\u00fd (quercus rubra). Strom m\u00fazeu venovalo ob\u010dianske zdru\u017eenie ISA Slovensko. Dub bude skr\u00e1\u0161\u013eova\u0165 historick\u00fd park najm\u00e4 na jese\u0148 svojou v\u00fdraznou \u010dervenou a\u017e \u010dervenohnedou farbou.<\/p>\n<p>Sk\u00fasen\u00ed arboristi z\u00e1rove\u0148 previedli odborn\u00e9 o\u0161etrovanie b\u00fat\u013eav\u00e9ho stromu &#8211; platana javorolist\u00e9ho, ktor\u00e9 bolo prefinancovan\u00e9 v\u010faka prv\u00e9mu miestu v ankete o\u00a0slovensk\u00fd Strom roka 2016. O\u0161etren\u00fd bol aj zdrav\u00fd platan, odborn\u00edci z jeho koruny odstr\u00e1nili vyschnut\u00e9 kon\u00e1re. Pridali aj uk\u00e1\u017eky techn\u00edk lezenia na stromy. Piatkov\u00e9 dopoludnie bolo tie\u017e vyhraden\u00e9 na predn\u00e1\u0161ku o\u00a0chr\u00e1nen\u00fdch stromoch pre vopred objednan\u00fdch \u0161kol\u00e1kov.<strong><a class=\"fbx-link fbx-instance\" href=\"https:\/\/pmza.sk\/wp-content\/uploads\/2017\/06\/plagat_parky_www.jpg\" data-slb-active=\"1\" data-slb-asset=\"863798108\" data-slb-internal=\"0\" data-slb-group=\"21762\"><img decoding=\"async\" class=\" wp-image-21878 alignright\" src=\"https:\/\/pmza.sk.sk\/wp-content\/uploads\/2017\/06\/plagat_parky_www-106x150.jpg\" sizes=\"(max-width: 177px) 100vw, 177px\" srcset=\"https:\/\/pmza.sk.sk\/wp-content\/uploads\/2017\/06\/plagat_parky_www-106x150.jpg 106w, https:\/\/pmza.sk.sk\/wp-content\/uploads\/2017\/06\/plagat_parky_www-212x300.jpg 212w, https:\/\/pmza.sk.sk\/wp-content\/uploads\/2017\/06\/plagat_parky_www-17x24.jpg 17w, https:\/\/pmza.sk.sk\/wp-content\/uploads\/2017\/06\/plagat_parky_www-25x36.jpg 25w, https:\/\/pmza.sk.sk\/wp-content\/uploads\/2017\/06\/plagat_parky_www-34x48.jpg 34w, https:\/\/pmza.sk\/wp-content\/uploads\/2017\/06\/plagat_parky_www.jpg 484w\" alt=\"\" width=\"177\" height=\"250\" \/><\/a><br \/><\/strong><\/p>\n<p>Na n\u00e1v\u0161tevn\u00edkov \u010dakaj\u00fa po\u010das v\u00edkendu aj \u010fal\u0161ie zauj\u00edmav\u00e9 aktivity. Pri kaplnke je v\u00a0t\u00fdchto d\u0148och vo\u013ene pr\u00edstupn\u00e1 exteri\u00e9rov\u00e1 v\u00fdstava kresieb rastl\u00edn a\u00a0vt\u00e1kov <em>Klenoty Budat\u00ednskeho parku a okolia<\/em>. Vystaven\u00e9 s\u00fa historick\u00e9 tla\u010de vz\u00e1cnych aj be\u017en\u00fdch skvostov z\u00a0na\u0161ej pr\u00edrody, ktor\u00e9 sa vyskytuj\u00fa v parku a\u00a0v \u017eilinskom regi\u00f3ne. Budat\u00ednsky park je verejnosti pr\u00edstupn\u00fd denne v\u00a0\u010dase od 6. do 22. hodiny.<\/p>\n<p>V nede\u013eu o\u00a010.00, 12.00 a\u00a014.00\u00a0hod. v\u0161etk\u00fdch poz\u00fdvame\u00a0 na prehliadky Budat\u00ednskeho parku s botani\u010dkou Pova\u017esk\u00e9ho m\u00fazea, ktor\u00e1 n\u00e1v\u0161tevn\u00edkov obozn\u00e1mi s hist\u00f3riou a\u00a0s\u00fa\u010dasnos\u0165ou parku. Prehliadky bud\u00fa za\u010d\u00edna\u0165 pri historickom stane, v\u00a0ktorom s\u00fa prezentovan\u00e9 aj fotografie z\u00a0hist\u00f3rie parku. Vstup na tieto prehliadky je vo\u013en\u00fd. Nede\u013en\u00e9 popoludnie (15.00 hod.) spestria op\u00e4\u0165 praktick\u00e9 uk\u00e1\u017eky techn\u00edk lezenia na stromy v\u00a0preveden\u00ed arboristov z ISA Slovensko.<\/p>\n<p>Cie\u013eom podujatia je prezentova\u0165, vyzdvihova\u0165 a osl\u00e1vi\u0165 hodnoty parkov a z\u00e1hrad Slovenska.<\/p>\n<p>&nbsp;<\/p>\n<p><a href=\"https:\/\/pmza.sk\/wp-content\/uploads\/2017\/06\/05.jpg\"><img decoding=\"async\" class=\"alignleft size-thumbnail wp-image-21967\" src=\"https:\/\/pmza.sk.sk\/wp-content\/uploads\/2017\/06\/05-150x102.jpg\" alt=\"\" width=\"150\" height=\"102\" \/><\/a><a href=\"https:\/\/pmza.sk\/wp-content\/uploads\/2017\/06\/13.jpg\"><img decoding=\"async\" class=\"alignleft size-thumbnail wp-image-21975\" src=\"https:\/\/pmza.sk.sk\/wp-content\/uploads\/2017\/06\/13-150x100.jpg\" alt=\"\" width=\"150\" height=\"100\" \/><\/a><a href=\"https:\/\/pmza.sk\/wp-content\/uploads\/2017\/06\/14.jpg\"><img loading=\"lazy\" decoding=\"async\" class=\"alignleft size-thumbnail wp-image-21976\" src=\"https:\/\/pmza.sk.sk\/wp-content\/uploads\/2017\/06\/14-150x100.jpg\" alt=\"\" width=\"150\" height=\"100\" \/><\/a><\/p>\n<p>&nbsp;<\/p>\n<p>&nbsp;<\/p>\n<p>&nbsp;<\/p>\n<p>&nbsp;<\/p>\n<p><a href=\"https:\/\/pmza.sk\/wp-content\/uploads\/2017\/06\/20.jpg\"><img loading=\"lazy\" decoding=\"async\" class=\"alignleft size-thumbnail wp-image-21982\" src=\"https:\/\/pmza.sk.sk\/wp-content\/uploads\/2017\/06\/20-100x150.jpg\" alt=\"\" width=\"100\" height=\"150\" \/><\/a><a href=\"https:\/\/pmza.sk\/wp-content\/uploads\/2017\/06\/30.jpg\"><img loading=\"lazy\" decoding=\"async\" class=\"alignleft size-thumbnail wp-image-21992\" src=\"https:\/\/pmza.sk.sk\/wp-content\/uploads\/2017\/06\/30-100x150.jpg\" alt=\"\" width=\"100\" height=\"150\" \/><\/a><a href=\"https:\/\/pmza.sk\/wp-content\/uploads\/2017\/06\/37.jpg\"><img loading=\"lazy\" decoding=\"async\" class=\"alignleft size-thumbnail wp-image-21999\" src=\"https:\/\/pmza.sk.sk\/wp-content\/uploads\/2017\/06\/37-96x150.jpg\" alt=\"\" width=\"96\" height=\"150\" \/><\/a><a href=\"https:\/\/pmza.sk\/wp-content\/uploads\/2017\/06\/35.jpg\"><img loading=\"lazy\" decoding=\"async\" class=\"alignleft size-thumbnail wp-image-21997\" src=\"https:\/\/pmza.sk.sk\/wp-content\/uploads\/2017\/06\/35-100x150.jpg\" alt=\"\" width=\"100\" height=\"150\" \/><\/a><\/p>\n<p>&nbsp;<\/p>\n<p>&nbsp;<\/p>\n<p>&nbsp;<\/p>\n<p>&nbsp;<\/p>\n<p>&nbsp;<\/p>\n<p><a href=\"https:\/\/pmza.sk\/wp-content\/uploads\/2017\/06\/43.jpg\"><img loading=\"lazy\" decoding=\"async\" class=\"alignleft size-thumbnail wp-image-22005\" src=\"https:\/\/pmza.sk.sk\/wp-content\/uploads\/2017\/06\/43-150x100.jpg\" alt=\"\" width=\"150\" height=\"100\" \/><\/a><a href=\"https:\/\/pmza.sk\/wp-content\/uploads\/2017\/06\/39.jpg\"><img loading=\"lazy\" decoding=\"async\" class=\"alignleft size-thumbnail wp-image-22001\" src=\"https:\/\/pmza.sk.sk\/wp-content\/uploads\/2017\/06\/39-150x100.jpg\" alt=\"\" width=\"150\" height=\"100\" \/><\/a><\/p>\n<p>&nbsp;<\/p>\n<p>&nbsp;<\/p>\n<p>&nbsp;<\/p>\n<p><a href=\"https:\/\/pmza.sk.sk\/fotogaleria\/gallery\/vikend-otvorenych-parkov-a-zahrad-vysadba-dubu-cerveneho-v-budatinskom-parku\/\">FOTOGAL\u00c9RIA<\/a><\/p>\n","protected":false},"excerpt":{"rendered":"<p>Celoeur\u00f3pske podujatie V\u00edkend otvoren\u00fdch parkov a z\u00e1hrad od\u0161tartovalo v piatok 9. j\u00fana aj v Budat\u00ednskom parku. Pri pr\u00edle\u017eitosti 75. v\u00fdro\u010dia zalo\u017eenia m\u00fazea sme vysadili pam\u00e4tn\u00fd strom &#8211; dub \u010derven\u00fd (quercus rubra). Strom m\u00fazeu venovalo ob\u010dianske zdru\u017eenie ISA Slovensko. Dub bude skr\u00e1\u0161\u013eova\u0165 historick\u00fd park najm\u00e4 na jese\u0148 svojou v\u00fdraznou \u010dervenou a\u017e \u010dervenohnedou farbou. Sk\u00fasen\u00ed arboristi z\u00e1rove\u0148 [&hellip;]<\/p>\n","protected":false},"author":2,"featured_media":21978,"comment_status":"closed","ping_status":"closed","sticky":false,"template":"","format":"standard","meta":{"site-sidebar-layout":"default","site-content-layout":"","ast-site-content-layout":"","site-content-style":"default","site-sidebar-style":"default","ast-global-header-display":"","ast-banner-title-visibility":"","ast-main-header-display":"","ast-hfb-above-header-display":"","ast-hfb-below-header-display":"","ast-hfb-mobile-header-display":"","site-post-title":"","ast-breadcrumbs-content":"","ast-featured-img":"","footer-sml-layout":"","theme-transparent-header-meta":"","adv-header-id-meta":"","stick-header-meta":"","header-above-stick-meta":"","header-main-stick-meta":"","header-below-stick-meta":"","astra-migrate-meta-layouts":"default","ast-page-background-enabled":"default","ast-page-background-meta":{"desktop":{"background-color":"var(--ast-global-color-4)","background-image":"","background-repeat":"repeat","background-position":"center center","background-size":"auto","background-attachment":"scroll","background-type":"","background-media":"","overlay-type":"","overlay-color":"","overlay-opacity":"","overlay-gradient":""},"tablet":{"background-color":"","background-image":"","background-repeat":"repeat","background-position":"center center","background-size":"auto","background-attachment":"scroll","background-type":"","background-media":"","overlay-type":"","overlay-color":"","overlay-opacity":"","overlay-gradient":""},"mobile":{"background-color":"","background-image":"","background-repeat":"repeat","background-position":"center center","background-size":"auto","background-attachment":"scroll","background-type":"","background-media":"","overlay-type":"","overlay-color":"","overlay-opacity":"","overlay-gradient":""}},"ast-content-background-meta":{"desktop":{"background-color":"var(--ast-global-color-5)","background-image":"","background-repeat":"repeat","background-position":"center center","background-size":"auto","background-attachment":"scroll","background-type":"","background-media":"","overlay-type":"","overlay-color":"","overlay-opacity":"","overlay-gradient":""},"tablet":{"background-color":"var(--ast-global-color-5)","background-image":"","background-repeat":"repeat","background-position":"center center","background-size":"auto","background-attachment":"scroll","background-type":"","background-media":"","overlay-type":"","overlay-color":"","overlay-opacity":"","overlay-gradient":""},"mobile":{"background-color":"var(--ast-global-color-5)","background-image":"","background-repeat":"repeat","background-position":"center center","background-size":"auto","background-attachment":"scroll","background-type":"","background-media":"","overlay-type":"","overlay-color":"","overlay-opacity":"","overlay-gradient":""}},"footnotes":""},"categories":[31],"tags":[],"class_list":["post-22006","post","type-post","status-publish","format-standard","has-post-thumbnail","hentry","category-aktuality"],"yoast_head":"<!-- This site is optimized with the Yoast SEO plugin v27.4 - https:\/\/yoast.com\/product\/yoast-seo-wordpress\/ -->\n<title>V\u00edkend otvoren\u00fdch parkov a z\u00e1hrad od\u0161tartoval v\u00fdsadbou pam\u00e4tn\u00e9ho dubu - Pova\u017esk\u00e9 m\u00fazeum<\/title>\n<meta name=\"robots\" content=\"index, follow, max-snippet:-1, max-image-preview:large, max-video-preview:-1\" \/>\n<link rel=\"canonical\" href=\"https:\/\/pmza.sk\/?p=22006\" \/>\n<meta property=\"og:locale\" content=\"sk_SK\" \/>\n<meta property=\"og:type\" content=\"article\" \/>\n<meta property=\"og:title\" content=\"V\u00edkend otvoren\u00fdch parkov a z\u00e1hrad od\u0161tartoval v\u00fdsadbou pam\u00e4tn\u00e9ho dubu - Pova\u017esk\u00e9 m\u00fazeum\" \/>\n<meta property=\"og:description\" content=\"Celoeur\u00f3pske podujatie V\u00edkend otvoren\u00fdch parkov a z\u00e1hrad od\u0161tartovalo v piatok 9. j\u00fana aj v Budat\u00ednskom parku. Pri pr\u00edle\u017eitosti 75. v\u00fdro\u010dia zalo\u017eenia m\u00fazea sme vysadili pam\u00e4tn\u00fd strom &#8211; dub \u010derven\u00fd (quercus rubra). Strom m\u00fazeu venovalo ob\u010dianske zdru\u017eenie ISA Slovensko. Dub bude skr\u00e1\u0161\u013eova\u0165 historick\u00fd park najm\u00e4 na jese\u0148 svojou v\u00fdraznou \u010dervenou a\u017e \u010dervenohnedou farbou. Sk\u00fasen\u00ed arboristi z\u00e1rove\u0148 [&hellip;]\" \/>\n<meta property=\"og:url\" content=\"https:\/\/pmza.sk\/?p=22006\" \/>\n<meta property=\"og:site_name\" content=\"Pova\u017esk\u00e9 m\u00fazeum\" \/>\n<meta property=\"article:publisher\" content=\"https:\/\/www.facebook.com\/povazskemuzeum\" \/>\n<meta property=\"article:published_time\" content=\"2017-06-09T13:28:38+00:00\" \/>\n<meta property=\"og:image\" content=\"https:\/\/pmza.sk\/wp-content\/uploads\/2017\/06\/16.jpg\" \/>\n\t<meta property=\"og:image:width\" content=\"1024\" \/>\n\t<meta property=\"og:image:height\" content=\"683\" \/>\n\t<meta property=\"og:image:type\" content=\"image\/jpeg\" \/>\n<meta name=\"author\" content=\"Pova\u017esk\u00e9 m\u00fazeum\" \/>\n<meta name=\"twitter:card\" content=\"summary_large_image\" \/>\n<meta name=\"twitter:label1\" content=\"Autor\" \/>\n\t<meta name=\"twitter:data1\" content=\"Pova\u017esk\u00e9 m\u00fazeum\" \/>\n\t<meta name=\"twitter:label2\" content=\"Predpokladan\u00fd \u010das \u010d\u00edtania\" \/>\n\t<meta name=\"twitter:data2\" content=\"2 min\u00faty\" \/>\n<script type=\"application\/ld+json\" class=\"yoast-schema-graph\">{\"@context\":\"https:\\\/\\\/schema.org\",\"@graph\":[{\"@type\":\"Article\",\"@id\":\"https:\\\/\\\/pmza.sk\\\/?p=22006#article\",\"isPartOf\":{\"@id\":\"https:\\\/\\\/pmza.sk\\\/?p=22006\"},\"author\":{\"name\":\"Pova\u017esk\u00e9 m\u00fazeum\",\"@id\":\"https:\\\/\\\/pmza.sk\\\/#\\\/schema\\\/person\\\/595e6a2ce731ea94dcd5d7f50a41ae33\"},\"headline\":\"V\u00edkend otvoren\u00fdch parkov a z\u00e1hrad od\u0161tartoval v\u00fdsadbou pam\u00e4tn\u00e9ho dubu\",\"datePublished\":\"2017-06-09T13:28:38+00:00\",\"mainEntityOfPage\":{\"@id\":\"https:\\\/\\\/pmza.sk\\\/?p=22006\"},\"wordCount\":358,\"publisher\":{\"@id\":\"https:\\\/\\\/pmza.sk\\\/#organization\"},\"image\":{\"@id\":\"https:\\\/\\\/pmza.sk\\\/?p=22006#primaryimage\"},\"thumbnailUrl\":\"https:\\\/\\\/pmza.sk\\\/wp-content\\\/uploads\\\/2017\\\/06\\\/16.jpg\",\"articleSection\":[\"Aktuality\"],\"inLanguage\":\"sk-SK\"},{\"@type\":\"WebPage\",\"@id\":\"https:\\\/\\\/pmza.sk\\\/?p=22006\",\"url\":\"https:\\\/\\\/pmza.sk\\\/?p=22006\",\"name\":\"V\u00edkend otvoren\u00fdch parkov a z\u00e1hrad od\u0161tartoval v\u00fdsadbou pam\u00e4tn\u00e9ho dubu - Pova\u017esk\u00e9 m\u00fazeum\",\"isPartOf\":{\"@id\":\"https:\\\/\\\/pmza.sk\\\/#website\"},\"primaryImageOfPage\":{\"@id\":\"https:\\\/\\\/pmza.sk\\\/?p=22006#primaryimage\"},\"image\":{\"@id\":\"https:\\\/\\\/pmza.sk\\\/?p=22006#primaryimage\"},\"thumbnailUrl\":\"https:\\\/\\\/pmza.sk\\\/wp-content\\\/uploads\\\/2017\\\/06\\\/16.jpg\",\"datePublished\":\"2017-06-09T13:28:38+00:00\",\"breadcrumb\":{\"@id\":\"https:\\\/\\\/pmza.sk\\\/?p=22006#breadcrumb\"},\"inLanguage\":\"sk-SK\",\"potentialAction\":[{\"@type\":\"ReadAction\",\"target\":[\"https:\\\/\\\/pmza.sk\\\/?p=22006\"]}]},{\"@type\":\"ImageObject\",\"inLanguage\":\"sk-SK\",\"@id\":\"https:\\\/\\\/pmza.sk\\\/?p=22006#primaryimage\",\"url\":\"https:\\\/\\\/pmza.sk\\\/wp-content\\\/uploads\\\/2017\\\/06\\\/16.jpg\",\"contentUrl\":\"https:\\\/\\\/pmza.sk\\\/wp-content\\\/uploads\\\/2017\\\/06\\\/16.jpg\",\"width\":1024,\"height\":683},{\"@type\":\"BreadcrumbList\",\"@id\":\"https:\\\/\\\/pmza.sk\\\/?p=22006#breadcrumb\",\"itemListElement\":[{\"@type\":\"ListItem\",\"position\":1,\"name\":\"Domovsk\u00e1 str\u00e1nka\",\"item\":\"https:\\\/\\\/pmza.sk\\\/\"},{\"@type\":\"ListItem\",\"position\":2,\"name\":\"V\u00edkend otvoren\u00fdch parkov a z\u00e1hrad od\u0161tartoval v\u00fdsadbou pam\u00e4tn\u00e9ho dubu\"}]},{\"@type\":\"WebSite\",\"@id\":\"https:\\\/\\\/pmza.sk\\\/#website\",\"url\":\"https:\\\/\\\/pmza.sk\\\/\",\"name\":\"Pova\u017esk\u00e9 m\u00fazeum\",\"description\":\"Pova\u017esk\u00e9 m\u00fazeum v \u017diline je region\u00e1lne m\u00fazeum so s\u00eddlom v Budat\u00edne. Jeho expoz\u00edcie s\u00fa zameran\u00e9 na dejiny slovensk\u00e9ho umenia, kult\u00fary a dopravy.\",\"publisher\":{\"@id\":\"https:\\\/\\\/pmza.sk\\\/#organization\"},\"potentialAction\":[{\"@type\":\"SearchAction\",\"target\":{\"@type\":\"EntryPoint\",\"urlTemplate\":\"https:\\\/\\\/pmza.sk\\\/?s={search_term_string}\"},\"query-input\":{\"@type\":\"PropertyValueSpecification\",\"valueRequired\":true,\"valueName\":\"search_term_string\"}}],\"inLanguage\":\"sk-SK\"},{\"@type\":\"Organization\",\"@id\":\"https:\\\/\\\/pmza.sk\\\/#organization\",\"name\":\"Pova\u017esk\u00e9 m\u00fazeum\",\"url\":\"https:\\\/\\\/pmza.sk\\\/\",\"logo\":{\"@type\":\"ImageObject\",\"inLanguage\":\"sk-SK\",\"@id\":\"https:\\\/\\\/pmza.sk\\\/#\\\/schema\\\/logo\\\/image\\\/\",\"url\":\"https:\\\/\\\/pmza.sk\\\/wp-content\\\/uploads\\\/2022\\\/01\\\/logo_PM_horizontal.jpg\",\"contentUrl\":\"https:\\\/\\\/pmza.sk\\\/wp-content\\\/uploads\\\/2022\\\/01\\\/logo_PM_horizontal.jpg\",\"width\":231,\"height\":142,\"caption\":\"Pova\u017esk\u00e9 m\u00fazeum\"},\"image\":{\"@id\":\"https:\\\/\\\/pmza.sk\\\/#\\\/schema\\\/logo\\\/image\\\/\"},\"sameAs\":[\"https:\\\/\\\/www.facebook.com\\\/povazskemuzeum\",\"https:\\\/\\\/www.instagram.com\\\/povazskemuzeum\\\/\"]},{\"@type\":\"Person\",\"@id\":\"https:\\\/\\\/pmza.sk\\\/#\\\/schema\\\/person\\\/595e6a2ce731ea94dcd5d7f50a41ae33\",\"name\":\"Pova\u017esk\u00e9 m\u00fazeum\",\"image\":{\"@type\":\"ImageObject\",\"inLanguage\":\"sk-SK\",\"@id\":\"https:\\\/\\\/secure.gravatar.com\\\/avatar\\\/2bb7f1561282132fb5826dfeccc66c7996d11ee392ac6aaf7ced8a1c2027fbb2?s=96&d=mm&r=g\",\"url\":\"https:\\\/\\\/secure.gravatar.com\\\/avatar\\\/2bb7f1561282132fb5826dfeccc66c7996d11ee392ac6aaf7ced8a1c2027fbb2?s=96&d=mm&r=g\",\"contentUrl\":\"https:\\\/\\\/secure.gravatar.com\\\/avatar\\\/2bb7f1561282132fb5826dfeccc66c7996d11ee392ac6aaf7ced8a1c2027fbb2?s=96&d=mm&r=g\",\"caption\":\"Pova\u017esk\u00e9 m\u00fazeum\"}}]}<\/script>\n<!-- \/ Yoast SEO plugin. -->","yoast_head_json":{"title":"V\u00edkend otvoren\u00fdch parkov a z\u00e1hrad od\u0161tartoval v\u00fdsadbou pam\u00e4tn\u00e9ho dubu - Pova\u017esk\u00e9 m\u00fazeum","robots":{"index":"index","follow":"follow","max-snippet":"max-snippet:-1","max-image-preview":"max-image-preview:large","max-video-preview":"max-video-preview:-1"},"canonical":"https:\/\/pmza.sk\/?p=22006","og_locale":"sk_SK","og_type":"article","og_title":"V\u00edkend otvoren\u00fdch parkov a z\u00e1hrad od\u0161tartoval v\u00fdsadbou pam\u00e4tn\u00e9ho dubu - Pova\u017esk\u00e9 m\u00fazeum","og_description":"Celoeur\u00f3pske podujatie V\u00edkend otvoren\u00fdch parkov a z\u00e1hrad od\u0161tartovalo v piatok 9. j\u00fana aj v Budat\u00ednskom parku. Pri pr\u00edle\u017eitosti 75. v\u00fdro\u010dia zalo\u017eenia m\u00fazea sme vysadili pam\u00e4tn\u00fd strom &#8211; dub \u010derven\u00fd (quercus rubra). Strom m\u00fazeu venovalo ob\u010dianske zdru\u017eenie ISA Slovensko. Dub bude skr\u00e1\u0161\u013eova\u0165 historick\u00fd park najm\u00e4 na jese\u0148 svojou v\u00fdraznou \u010dervenou a\u017e \u010dervenohnedou farbou. Sk\u00fasen\u00ed arboristi z\u00e1rove\u0148 [&hellip;]","og_url":"https:\/\/pmza.sk\/?p=22006","og_site_name":"Pova\u017esk\u00e9 m\u00fazeum","article_publisher":"https:\/\/www.facebook.com\/povazskemuzeum","article_published_time":"2017-06-09T13:28:38+00:00","og_image":[{"width":1024,"height":683,"url":"https:\/\/pmza.sk\/wp-content\/uploads\/2017\/06\/16.jpg","type":"image\/jpeg"}],"author":"Pova\u017esk\u00e9 m\u00fazeum","twitter_card":"summary_large_image","twitter_misc":{"Autor":"Pova\u017esk\u00e9 m\u00fazeum","Predpokladan\u00fd \u010das \u010d\u00edtania":"2 min\u00faty"},"schema":{"@context":"https:\/\/schema.org","@graph":[{"@type":"Article","@id":"https:\/\/pmza.sk\/?p=22006#article","isPartOf":{"@id":"https:\/\/pmza.sk\/?p=22006"},"author":{"name":"Pova\u017esk\u00e9 m\u00fazeum","@id":"https:\/\/pmza.sk\/#\/schema\/person\/595e6a2ce731ea94dcd5d7f50a41ae33"},"headline":"V\u00edkend otvoren\u00fdch parkov a z\u00e1hrad od\u0161tartoval v\u00fdsadbou pam\u00e4tn\u00e9ho dubu","datePublished":"2017-06-09T13:28:38+00:00","mainEntityOfPage":{"@id":"https:\/\/pmza.sk\/?p=22006"},"wordCount":358,"publisher":{"@id":"https:\/\/pmza.sk\/#organization"},"image":{"@id":"https:\/\/pmza.sk\/?p=22006#primaryimage"},"thumbnailUrl":"https:\/\/pmza.sk\/wp-content\/uploads\/2017\/06\/16.jpg","articleSection":["Aktuality"],"inLanguage":"sk-SK"},{"@type":"WebPage","@id":"https:\/\/pmza.sk\/?p=22006","url":"https:\/\/pmza.sk\/?p=22006","name":"V\u00edkend otvoren\u00fdch parkov a z\u00e1hrad od\u0161tartoval v\u00fdsadbou pam\u00e4tn\u00e9ho dubu - Pova\u017esk\u00e9 m\u00fazeum","isPartOf":{"@id":"https:\/\/pmza.sk\/#website"},"primaryImageOfPage":{"@id":"https:\/\/pmza.sk\/?p=22006#primaryimage"},"image":{"@id":"https:\/\/pmza.sk\/?p=22006#primaryimage"},"thumbnailUrl":"https:\/\/pmza.sk\/wp-content\/uploads\/2017\/06\/16.jpg","datePublished":"2017-06-09T13:28:38+00:00","breadcrumb":{"@id":"https:\/\/pmza.sk\/?p=22006#breadcrumb"},"inLanguage":"sk-SK","potentialAction":[{"@type":"ReadAction","target":["https:\/\/pmza.sk\/?p=22006"]}]},{"@type":"ImageObject","inLanguage":"sk-SK","@id":"https:\/\/pmza.sk\/?p=22006#primaryimage","url":"https:\/\/pmza.sk\/wp-content\/uploads\/2017\/06\/16.jpg","contentUrl":"https:\/\/pmza.sk\/wp-content\/uploads\/2017\/06\/16.jpg","width":1024,"height":683},{"@type":"BreadcrumbList","@id":"https:\/\/pmza.sk\/?p=22006#breadcrumb","itemListElement":[{"@type":"ListItem","position":1,"name":"Domovsk\u00e1 str\u00e1nka","item":"https:\/\/pmza.sk\/"},{"@type":"ListItem","position":2,"name":"V\u00edkend otvoren\u00fdch parkov a z\u00e1hrad od\u0161tartoval v\u00fdsadbou pam\u00e4tn\u00e9ho dubu"}]},{"@type":"WebSite","@id":"https:\/\/pmza.sk\/#website","url":"https:\/\/pmza.sk\/","name":"Pova\u017esk\u00e9 m\u00fazeum","description":"Pova\u017esk\u00e9 m\u00fazeum v \u017diline je region\u00e1lne m\u00fazeum so s\u00eddlom v Budat\u00edne. Jeho expoz\u00edcie s\u00fa zameran\u00e9 na dejiny slovensk\u00e9ho umenia, kult\u00fary a dopravy.","publisher":{"@id":"https:\/\/pmza.sk\/#organization"},"potentialAction":[{"@type":"SearchAction","target":{"@type":"EntryPoint","urlTemplate":"https:\/\/pmza.sk\/?s={search_term_string}"},"query-input":{"@type":"PropertyValueSpecification","valueRequired":true,"valueName":"search_term_string"}}],"inLanguage":"sk-SK"},{"@type":"Organization","@id":"https:\/\/pmza.sk\/#organization","name":"Pova\u017esk\u00e9 m\u00fazeum","url":"https:\/\/pmza.sk\/","logo":{"@type":"ImageObject","inLanguage":"sk-SK","@id":"https:\/\/pmza.sk\/#\/schema\/logo\/image\/","url":"https:\/\/pmza.sk\/wp-content\/uploads\/2022\/01\/logo_PM_horizontal.jpg","contentUrl":"https:\/\/pmza.sk\/wp-content\/uploads\/2022\/01\/logo_PM_horizontal.jpg","width":231,"height":142,"caption":"Pova\u017esk\u00e9 m\u00fazeum"},"image":{"@id":"https:\/\/pmza.sk\/#\/schema\/logo\/image\/"},"sameAs":["https:\/\/www.facebook.com\/povazskemuzeum","https:\/\/www.instagram.com\/povazskemuzeum\/"]},{"@type":"Person","@id":"https:\/\/pmza.sk\/#\/schema\/person\/595e6a2ce731ea94dcd5d7f50a41ae33","name":"Pova\u017esk\u00e9 m\u00fazeum","image":{"@type":"ImageObject","inLanguage":"sk-SK","@id":"https:\/\/secure.gravatar.com\/avatar\/2bb7f1561282132fb5826dfeccc66c7996d11ee392ac6aaf7ced8a1c2027fbb2?s=96&d=mm&r=g","url":"https:\/\/secure.gravatar.com\/avatar\/2bb7f1561282132fb5826dfeccc66c7996d11ee392ac6aaf7ced8a1c2027fbb2?s=96&d=mm&r=g","contentUrl":"https:\/\/secure.gravatar.com\/avatar\/2bb7f1561282132fb5826dfeccc66c7996d11ee392ac6aaf7ced8a1c2027fbb2?s=96&d=mm&r=g","caption":"Pova\u017esk\u00e9 m\u00fazeum"}}]}},"_links":{"self":[{"href":"https:\/\/pmza.sk\/index.php?rest_route=\/wp\/v2\/posts\/22006","targetHints":{"allow":["GET"]}}],"collection":[{"href":"https:\/\/pmza.sk\/index.php?rest_route=\/wp\/v2\/posts"}],"about":[{"href":"https:\/\/pmza.sk\/index.php?rest_route=\/wp\/v2\/types\/post"}],"author":[{"embeddable":true,"href":"https:\/\/pmza.sk\/index.php?rest_route=\/wp\/v2\/users\/2"}],"replies":[{"embeddable":true,"href":"https:\/\/pmza.sk\/index.php?rest_route=%2Fwp%2Fv2%2Fcomments&post=22006"}],"version-history":[{"count":0,"href":"https:\/\/pmza.sk\/index.php?rest_route=\/wp\/v2\/posts\/22006\/revisions"}],"wp:featuredmedia":[{"embeddable":true,"href":"https:\/\/pmza.sk\/index.php?rest_route=\/wp\/v2\/media\/21978"}],"wp:attachment":[{"href":"https:\/\/pmza.sk\/index.php?rest_route=%2Fwp%2Fv2%2Fmedia&parent=22006"}],"wp:term":[{"taxonomy":"category","embeddable":true,"href":"https:\/\/pmza.sk\/index.php?rest_route=%2Fwp%2Fv2%2Fcategories&post=22006"},{"taxonomy":"post_tag","embeddable":true,"href":"https:\/\/pmza.sk\/index.php?rest_route=%2Fwp%2Fv2%2Ftags&post=22006"}],"curies":[{"name":"wp","href":"https:\/\/api.w.org\/{rel}","templated":true}]}}