{"id":22158,"date":"2017-08-03T18:59:24","date_gmt":"2017-08-03T16:59:24","guid":{"rendered":"https:\/\/pmza.sk.sk\/?p=22158"},"modified":"2017-08-03T18:59:24","modified_gmt":"2017-08-03T16:59:24","slug":"drevo-koza-kov-vystava","status":"publish","type":"post","link":"https:\/\/pmza.sk\/?p=22158","title":{"rendered":"Drevo, ko\u017ea, kov &#8211; v\u00fdstava"},"content":{"rendered":"<p>Pova\u017esk\u00e9 m\u00fazeum v \u017diline v\u00e1s poz\u00fdva na v\u00fdstavu majstra \u013eudovej umeleckej v\u00fdroby, V\u00edta Pie\u0161a &#8211;<strong> Drevo, ko\u017ea, kov<\/strong>, ktor\u00fa vernis\u00e1\u017eou otvor\u00edme v utorok<strong> 27. j\u00fana 2017 o 16.00 hod.<\/strong> v administrat\u00edvnej budove Budat\u00ednskeho hradu.<\/p>\n<p>V\u00fdstava potrv\u00e1 do 3. septembra a verejnosti pr\u00edstupn\u00e1 bude denne od 10.00 do 15.00 hod.<\/p>\n<p><strong>O autorovi:<\/strong><\/p>\n<p><strong>V\u00edt Pie\u0161<\/strong> (29. 01. 1931), rod\u00e1k z\u00a0\u010ci\u010dmian, patr\u00ed ku gener\u00e1cii \u010ci\u010dmancov, ktor\u00ed sa po vojne vys\u0165ahovali z\u00a0obce. Napriek tomu, je \u013eudov\u00e1 kult\u00fara rodiska jeho najv\u00e4\u010d\u0161ou in\u0161pir\u00e1ciou pri tvorbe.<\/p>\n<p>U\u00a0V\u00edta Pie\u0161a sa k\u00a0drevu pridal i\u00a0kov a\u00a0ko\u017ea ako tradi\u010dn\u00e9 suroviny, s\u00a0ktor\u00fdmi sa stret\u00e1val pri znovuobjavovan\u00ed zabudnut\u00fdch techn\u00edk svojich predkov.<\/p>\n<p>Pr\u00e1cu s\u00a0mosadzn\u00fdm a\u00a0meden\u00fdm plie\u0161kom vyu\u017eil pri technike vyb\u00edjania dreva a\u00a0nesk\u00f4r aj pri okovan\u00fdch vaj\u00ed\u010dkach. Pr\u00e1cu s\u00a0kovom roz\u0161\u00edril aj o\u00a0\u010fal\u0161iu tradi\u010dn\u00fa techniku zdobenia dreva \u2013 vylievanie olovom. S\u00e1m si zhotovil aj pracovn\u00e9 n\u00e1stroje: r\u00f4zne razidl\u00e1 a\u00a0r\u00e1dliky na zdobenie ko\u017ee. Podobne ako pri ostatn\u00fdch materi\u00e1loch aj na jeho ko\u017een\u00fdch v\u00fdrobkoch vidie\u0165 prec\u00edznos\u0165 spracovania a\u00a0komplexn\u00fd pr\u00edstup \u2013 od \u0161t\u00fadia danej techniky a\u00a0napodob\u0148ovania tradi\u010dn\u00fdch vzorov a\u017e k\u00a0posunu a\u00a0vyu\u017eitiu na s\u00fa\u010dasn\u00fdch predmetoch.<\/p>\n<p>Zru\u010dnos\u0165 pravdepodobne zdedil po svojom otcovi, ktor\u00fd\u00a0patril k\u00a0tej gener\u00e1cii gazdov, ktor\u00ed si vedeli v\u00e4\u010d\u0161inu pom\u00f4cok a\u00a0n\u00e1radia z\u00a0dreva vyrobi\u0165 sami. Pri v\u00fdrobe vych\u00e1dzal zo svojich spomienok na detstvo pre\u017eit\u00e9 na sala\u0161i na Podfa\u010dkovskej. Svoje sk\u00fasenosti s\u00a0drobnou figur\u00e1lnou plastikou z\u00a0\u010drp\u00e1kov vyu\u017e\u00edva i\u00a0pri tvorbe betlehemov, \u010di pri modeli sala\u0161a.<\/p>\n<p>Titul \u201eMajster \u013eudovej umeleckej v\u00fdroby\u201c z\u00edskal v\u00a0roku 2009 v\u00a0troch odvetviach: pr\u00e1ca s\u00a0drevom, ko\u017eou a\u00a0kovom. Jeho v\u00fdrobky boli vystaven\u00e9 na mnoh\u00fdch dom\u00e1cich i\u00a0zahrani\u010dn\u00fdch v\u00fdstav\u00e1ch, z\u00a0toho i\u00a0na viacer\u00fdch autorsk\u00fdch.<\/p>\n<p><strong>\u00a0<\/strong><\/p>\n<p><strong>\u00a0<\/strong><\/p>\n<p>&nbsp;<\/p>\n","protected":false},"excerpt":{"rendered":"<p>Pova\u017esk\u00e9 m\u00fazeum v \u017diline v\u00e1s poz\u00fdva na v\u00fdstavu majstra \u013eudovej umeleckej v\u00fdroby, V\u00edta Pie\u0161a &#8211; Drevo, ko\u017ea, kov, ktor\u00fa vernis\u00e1\u017eou otvor\u00edme v utorok 27. j\u00fana 2017 o 16.00 hod. v administrat\u00edvnej budove Budat\u00ednskeho hradu. V\u00fdstava potrv\u00e1 do 3. septembra a verejnosti pr\u00edstupn\u00e1 bude denne od 10.00 do 15.00 hod. O autorovi: V\u00edt Pie\u0161 (29. 01. [&hellip;]<\/p>\n","protected":false},"author":2,"featured_media":22157,"comment_status":"closed","ping_status":"closed","sticky":false,"template":"","format":"standard","meta":{"site-sidebar-layout":"default","site-content-layout":"","ast-site-content-layout":"","site-content-style":"default","site-sidebar-style":"default","ast-global-header-display":"","ast-banner-title-visibility":"","ast-main-header-display":"","ast-hfb-above-header-display":"","ast-hfb-below-header-display":"","ast-hfb-mobile-header-display":"","site-post-title":"","ast-breadcrumbs-content":"","ast-featured-img":"","footer-sml-layout":"","theme-transparent-header-meta":"","adv-header-id-meta":"","stick-header-meta":"","header-above-stick-meta":"","header-main-stick-meta":"","header-below-stick-meta":"","astra-migrate-meta-layouts":"default","ast-page-background-enabled":"default","ast-page-background-meta":{"desktop":{"background-color":"var(--ast-global-color-4)","background-image":"","background-repeat":"repeat","background-position":"center center","background-size":"auto","background-attachment":"scroll","background-type":"","background-media":"","overlay-type":"","overlay-color":"","overlay-opacity":"","overlay-gradient":""},"tablet":{"background-color":"","background-image":"","background-repeat":"repeat","background-position":"center center","background-size":"auto","background-attachment":"scroll","background-type":"","background-media":"","overlay-type":"","overlay-color":"","overlay-opacity":"","overlay-gradient":""},"mobile":{"background-color":"","background-image":"","background-repeat":"repeat","background-position":"center center","background-size":"auto","background-attachment":"scroll","background-type":"","background-media":"","overlay-type":"","overlay-color":"","overlay-opacity":"","overlay-gradient":""}},"ast-content-background-meta":{"desktop":{"background-color":"var(--ast-global-color-5)","background-image":"","background-repeat":"repeat","background-position":"center center","background-size":"auto","background-attachment":"scroll","background-type":"","background-media":"","overlay-type":"","overlay-color":"","overlay-opacity":"","overlay-gradient":""},"tablet":{"background-color":"var(--ast-global-color-5)","background-image":"","background-repeat":"repeat","background-position":"center center","background-size":"auto","background-attachment":"scroll","background-type":"","background-media":"","overlay-type":"","overlay-color":"","overlay-opacity":"","overlay-gradient":""},"mobile":{"background-color":"var(--ast-global-color-5)","background-image":"","background-repeat":"repeat","background-position":"center center","background-size":"auto","background-attachment":"scroll","background-type":"","background-media":"","overlay-type":"","overlay-color":"","overlay-opacity":"","overlay-gradient":""}},"footnotes":""},"categories":[31],"tags":[],"class_list":["post-22158","post","type-post","status-publish","format-standard","has-post-thumbnail","hentry","category-aktuality"],"yoast_head":"<!-- This site is optimized with the Yoast SEO plugin v27.4 - https:\/\/yoast.com\/product\/yoast-seo-wordpress\/ -->\n<title>Drevo, ko\u017ea, kov - v\u00fdstava - Pova\u017esk\u00e9 m\u00fazeum<\/title>\n<meta name=\"robots\" content=\"index, follow, max-snippet:-1, max-image-preview:large, max-video-preview:-1\" \/>\n<link rel=\"canonical\" href=\"https:\/\/pmza.sk\/?p=22158\" \/>\n<meta property=\"og:locale\" content=\"sk_SK\" \/>\n<meta property=\"og:type\" content=\"article\" \/>\n<meta property=\"og:title\" content=\"Drevo, ko\u017ea, kov - v\u00fdstava - Pova\u017esk\u00e9 m\u00fazeum\" \/>\n<meta property=\"og:description\" content=\"Pova\u017esk\u00e9 m\u00fazeum v \u017diline v\u00e1s poz\u00fdva na v\u00fdstavu majstra \u013eudovej umeleckej v\u00fdroby, V\u00edta Pie\u0161a &#8211; Drevo, ko\u017ea, kov, ktor\u00fa vernis\u00e1\u017eou otvor\u00edme v utorok 27. j\u00fana 2017 o 16.00 hod. v administrat\u00edvnej budove Budat\u00ednskeho hradu. V\u00fdstava potrv\u00e1 do 3. septembra a verejnosti pr\u00edstupn\u00e1 bude denne od 10.00 do 15.00 hod. O autorovi: V\u00edt Pie\u0161 (29. 01. [&hellip;]\" \/>\n<meta property=\"og:url\" content=\"https:\/\/pmza.sk\/?p=22158\" \/>\n<meta property=\"og:site_name\" content=\"Pova\u017esk\u00e9 m\u00fazeum\" \/>\n<meta property=\"article:publisher\" content=\"https:\/\/www.facebook.com\/povazskemuzeum\" \/>\n<meta property=\"article:published_time\" content=\"2017-08-03T16:59:24+00:00\" \/>\n<meta property=\"og:image\" content=\"https:\/\/pmza.sk\/wp-content\/uploads\/2017\/06\/plagat_pies_www.jpg\" \/>\n\t<meta property=\"og:image:width\" content=\"484\" \/>\n\t<meta property=\"og:image:height\" content=\"684\" \/>\n\t<meta property=\"og:image:type\" content=\"image\/jpeg\" \/>\n<meta name=\"author\" content=\"Pova\u017esk\u00e9 m\u00fazeum\" \/>\n<meta name=\"twitter:card\" content=\"summary_large_image\" \/>\n<meta name=\"twitter:label1\" content=\"Autor\" \/>\n\t<meta name=\"twitter:data1\" content=\"Pova\u017esk\u00e9 m\u00fazeum\" \/>\n\t<meta name=\"twitter:label2\" content=\"Predpokladan\u00fd \u010das \u010d\u00edtania\" \/>\n\t<meta name=\"twitter:data2\" content=\"2 min\u00faty\" \/>\n<script type=\"application\/ld+json\" class=\"yoast-schema-graph\">{\"@context\":\"https:\\\/\\\/schema.org\",\"@graph\":[{\"@type\":\"Article\",\"@id\":\"https:\\\/\\\/pmza.sk\\\/?p=22158#article\",\"isPartOf\":{\"@id\":\"https:\\\/\\\/pmza.sk\\\/?p=22158\"},\"author\":{\"name\":\"Pova\u017esk\u00e9 m\u00fazeum\",\"@id\":\"https:\\\/\\\/pmza.sk\\\/#\\\/schema\\\/person\\\/595e6a2ce731ea94dcd5d7f50a41ae33\"},\"headline\":\"Drevo, ko\u017ea, kov &#8211; v\u00fdstava\",\"datePublished\":\"2017-08-03T16:59:24+00:00\",\"mainEntityOfPage\":{\"@id\":\"https:\\\/\\\/pmza.sk\\\/?p=22158\"},\"wordCount\":359,\"publisher\":{\"@id\":\"https:\\\/\\\/pmza.sk\\\/#organization\"},\"image\":{\"@id\":\"https:\\\/\\\/pmza.sk\\\/?p=22158#primaryimage\"},\"thumbnailUrl\":\"https:\\\/\\\/pmza.sk\\\/wp-content\\\/uploads\\\/2017\\\/06\\\/plagat_pies_www.jpg\",\"articleSection\":[\"Aktuality\"],\"inLanguage\":\"sk-SK\"},{\"@type\":\"WebPage\",\"@id\":\"https:\\\/\\\/pmza.sk\\\/?p=22158\",\"url\":\"https:\\\/\\\/pmza.sk\\\/?p=22158\",\"name\":\"Drevo, ko\u017ea, kov - v\u00fdstava - Pova\u017esk\u00e9 m\u00fazeum\",\"isPartOf\":{\"@id\":\"https:\\\/\\\/pmza.sk\\\/#website\"},\"primaryImageOfPage\":{\"@id\":\"https:\\\/\\\/pmza.sk\\\/?p=22158#primaryimage\"},\"image\":{\"@id\":\"https:\\\/\\\/pmza.sk\\\/?p=22158#primaryimage\"},\"thumbnailUrl\":\"https:\\\/\\\/pmza.sk\\\/wp-content\\\/uploads\\\/2017\\\/06\\\/plagat_pies_www.jpg\",\"datePublished\":\"2017-08-03T16:59:24+00:00\",\"breadcrumb\":{\"@id\":\"https:\\\/\\\/pmza.sk\\\/?p=22158#breadcrumb\"},\"inLanguage\":\"sk-SK\",\"potentialAction\":[{\"@type\":\"ReadAction\",\"target\":[\"https:\\\/\\\/pmza.sk\\\/?p=22158\"]}]},{\"@type\":\"ImageObject\",\"inLanguage\":\"sk-SK\",\"@id\":\"https:\\\/\\\/pmza.sk\\\/?p=22158#primaryimage\",\"url\":\"https:\\\/\\\/pmza.sk\\\/wp-content\\\/uploads\\\/2017\\\/06\\\/plagat_pies_www.jpg\",\"contentUrl\":\"https:\\\/\\\/pmza.sk\\\/wp-content\\\/uploads\\\/2017\\\/06\\\/plagat_pies_www.jpg\",\"width\":484,\"height\":684},{\"@type\":\"BreadcrumbList\",\"@id\":\"https:\\\/\\\/pmza.sk\\\/?p=22158#breadcrumb\",\"itemListElement\":[{\"@type\":\"ListItem\",\"position\":1,\"name\":\"Domovsk\u00e1 str\u00e1nka\",\"item\":\"https:\\\/\\\/pmza.sk\\\/\"},{\"@type\":\"ListItem\",\"position\":2,\"name\":\"Drevo, ko\u017ea, kov &#8211; v\u00fdstava\"}]},{\"@type\":\"WebSite\",\"@id\":\"https:\\\/\\\/pmza.sk\\\/#website\",\"url\":\"https:\\\/\\\/pmza.sk\\\/\",\"name\":\"Pova\u017esk\u00e9 m\u00fazeum\",\"description\":\"Pova\u017esk\u00e9 m\u00fazeum v \u017diline je region\u00e1lne m\u00fazeum so s\u00eddlom v Budat\u00edne. Jeho expoz\u00edcie s\u00fa zameran\u00e9 na dejiny slovensk\u00e9ho umenia, kult\u00fary a dopravy.\",\"publisher\":{\"@id\":\"https:\\\/\\\/pmza.sk\\\/#organization\"},\"potentialAction\":[{\"@type\":\"SearchAction\",\"target\":{\"@type\":\"EntryPoint\",\"urlTemplate\":\"https:\\\/\\\/pmza.sk\\\/?s={search_term_string}\"},\"query-input\":{\"@type\":\"PropertyValueSpecification\",\"valueRequired\":true,\"valueName\":\"search_term_string\"}}],\"inLanguage\":\"sk-SK\"},{\"@type\":\"Organization\",\"@id\":\"https:\\\/\\\/pmza.sk\\\/#organization\",\"name\":\"Pova\u017esk\u00e9 m\u00fazeum\",\"url\":\"https:\\\/\\\/pmza.sk\\\/\",\"logo\":{\"@type\":\"ImageObject\",\"inLanguage\":\"sk-SK\",\"@id\":\"https:\\\/\\\/pmza.sk\\\/#\\\/schema\\\/logo\\\/image\\\/\",\"url\":\"https:\\\/\\\/pmza.sk\\\/wp-content\\\/uploads\\\/2022\\\/01\\\/logo_PM_horizontal.jpg\",\"contentUrl\":\"https:\\\/\\\/pmza.sk\\\/wp-content\\\/uploads\\\/2022\\\/01\\\/logo_PM_horizontal.jpg\",\"width\":231,\"height\":142,\"caption\":\"Pova\u017esk\u00e9 m\u00fazeum\"},\"image\":{\"@id\":\"https:\\\/\\\/pmza.sk\\\/#\\\/schema\\\/logo\\\/image\\\/\"},\"sameAs\":[\"https:\\\/\\\/www.facebook.com\\\/povazskemuzeum\",\"https:\\\/\\\/www.instagram.com\\\/povazskemuzeum\\\/\"]},{\"@type\":\"Person\",\"@id\":\"https:\\\/\\\/pmza.sk\\\/#\\\/schema\\\/person\\\/595e6a2ce731ea94dcd5d7f50a41ae33\",\"name\":\"Pova\u017esk\u00e9 m\u00fazeum\",\"image\":{\"@type\":\"ImageObject\",\"inLanguage\":\"sk-SK\",\"@id\":\"https:\\\/\\\/secure.gravatar.com\\\/avatar\\\/2bb7f1561282132fb5826dfeccc66c7996d11ee392ac6aaf7ced8a1c2027fbb2?s=96&d=mm&r=g\",\"url\":\"https:\\\/\\\/secure.gravatar.com\\\/avatar\\\/2bb7f1561282132fb5826dfeccc66c7996d11ee392ac6aaf7ced8a1c2027fbb2?s=96&d=mm&r=g\",\"contentUrl\":\"https:\\\/\\\/secure.gravatar.com\\\/avatar\\\/2bb7f1561282132fb5826dfeccc66c7996d11ee392ac6aaf7ced8a1c2027fbb2?s=96&d=mm&r=g\",\"caption\":\"Pova\u017esk\u00e9 m\u00fazeum\"}}]}<\/script>\n<!-- \/ Yoast SEO plugin. -->","yoast_head_json":{"title":"Drevo, ko\u017ea, kov - v\u00fdstava - Pova\u017esk\u00e9 m\u00fazeum","robots":{"index":"index","follow":"follow","max-snippet":"max-snippet:-1","max-image-preview":"max-image-preview:large","max-video-preview":"max-video-preview:-1"},"canonical":"https:\/\/pmza.sk\/?p=22158","og_locale":"sk_SK","og_type":"article","og_title":"Drevo, ko\u017ea, kov - v\u00fdstava - Pova\u017esk\u00e9 m\u00fazeum","og_description":"Pova\u017esk\u00e9 m\u00fazeum v \u017diline v\u00e1s poz\u00fdva na v\u00fdstavu majstra \u013eudovej umeleckej v\u00fdroby, V\u00edta Pie\u0161a &#8211; Drevo, ko\u017ea, kov, ktor\u00fa vernis\u00e1\u017eou otvor\u00edme v utorok 27. j\u00fana 2017 o 16.00 hod. v administrat\u00edvnej budove Budat\u00ednskeho hradu. V\u00fdstava potrv\u00e1 do 3. septembra a verejnosti pr\u00edstupn\u00e1 bude denne od 10.00 do 15.00 hod. O autorovi: V\u00edt Pie\u0161 (29. 01. [&hellip;]","og_url":"https:\/\/pmza.sk\/?p=22158","og_site_name":"Pova\u017esk\u00e9 m\u00fazeum","article_publisher":"https:\/\/www.facebook.com\/povazskemuzeum","article_published_time":"2017-08-03T16:59:24+00:00","og_image":[{"width":484,"height":684,"url":"https:\/\/pmza.sk\/wp-content\/uploads\/2017\/06\/plagat_pies_www.jpg","type":"image\/jpeg"}],"author":"Pova\u017esk\u00e9 m\u00fazeum","twitter_card":"summary_large_image","twitter_misc":{"Autor":"Pova\u017esk\u00e9 m\u00fazeum","Predpokladan\u00fd \u010das \u010d\u00edtania":"2 min\u00faty"},"schema":{"@context":"https:\/\/schema.org","@graph":[{"@type":"Article","@id":"https:\/\/pmza.sk\/?p=22158#article","isPartOf":{"@id":"https:\/\/pmza.sk\/?p=22158"},"author":{"name":"Pova\u017esk\u00e9 m\u00fazeum","@id":"https:\/\/pmza.sk\/#\/schema\/person\/595e6a2ce731ea94dcd5d7f50a41ae33"},"headline":"Drevo, ko\u017ea, kov &#8211; v\u00fdstava","datePublished":"2017-08-03T16:59:24+00:00","mainEntityOfPage":{"@id":"https:\/\/pmza.sk\/?p=22158"},"wordCount":359,"publisher":{"@id":"https:\/\/pmza.sk\/#organization"},"image":{"@id":"https:\/\/pmza.sk\/?p=22158#primaryimage"},"thumbnailUrl":"https:\/\/pmza.sk\/wp-content\/uploads\/2017\/06\/plagat_pies_www.jpg","articleSection":["Aktuality"],"inLanguage":"sk-SK"},{"@type":"WebPage","@id":"https:\/\/pmza.sk\/?p=22158","url":"https:\/\/pmza.sk\/?p=22158","name":"Drevo, ko\u017ea, kov - v\u00fdstava - Pova\u017esk\u00e9 m\u00fazeum","isPartOf":{"@id":"https:\/\/pmza.sk\/#website"},"primaryImageOfPage":{"@id":"https:\/\/pmza.sk\/?p=22158#primaryimage"},"image":{"@id":"https:\/\/pmza.sk\/?p=22158#primaryimage"},"thumbnailUrl":"https:\/\/pmza.sk\/wp-content\/uploads\/2017\/06\/plagat_pies_www.jpg","datePublished":"2017-08-03T16:59:24+00:00","breadcrumb":{"@id":"https:\/\/pmza.sk\/?p=22158#breadcrumb"},"inLanguage":"sk-SK","potentialAction":[{"@type":"ReadAction","target":["https:\/\/pmza.sk\/?p=22158"]}]},{"@type":"ImageObject","inLanguage":"sk-SK","@id":"https:\/\/pmza.sk\/?p=22158#primaryimage","url":"https:\/\/pmza.sk\/wp-content\/uploads\/2017\/06\/plagat_pies_www.jpg","contentUrl":"https:\/\/pmza.sk\/wp-content\/uploads\/2017\/06\/plagat_pies_www.jpg","width":484,"height":684},{"@type":"BreadcrumbList","@id":"https:\/\/pmza.sk\/?p=22158#breadcrumb","itemListElement":[{"@type":"ListItem","position":1,"name":"Domovsk\u00e1 str\u00e1nka","item":"https:\/\/pmza.sk\/"},{"@type":"ListItem","position":2,"name":"Drevo, ko\u017ea, kov &#8211; v\u00fdstava"}]},{"@type":"WebSite","@id":"https:\/\/pmza.sk\/#website","url":"https:\/\/pmza.sk\/","name":"Pova\u017esk\u00e9 m\u00fazeum","description":"Pova\u017esk\u00e9 m\u00fazeum v \u017diline je region\u00e1lne m\u00fazeum so s\u00eddlom v Budat\u00edne. Jeho expoz\u00edcie s\u00fa zameran\u00e9 na dejiny slovensk\u00e9ho umenia, kult\u00fary a dopravy.","publisher":{"@id":"https:\/\/pmza.sk\/#organization"},"potentialAction":[{"@type":"SearchAction","target":{"@type":"EntryPoint","urlTemplate":"https:\/\/pmza.sk\/?s={search_term_string}"},"query-input":{"@type":"PropertyValueSpecification","valueRequired":true,"valueName":"search_term_string"}}],"inLanguage":"sk-SK"},{"@type":"Organization","@id":"https:\/\/pmza.sk\/#organization","name":"Pova\u017esk\u00e9 m\u00fazeum","url":"https:\/\/pmza.sk\/","logo":{"@type":"ImageObject","inLanguage":"sk-SK","@id":"https:\/\/pmza.sk\/#\/schema\/logo\/image\/","url":"https:\/\/pmza.sk\/wp-content\/uploads\/2022\/01\/logo_PM_horizontal.jpg","contentUrl":"https:\/\/pmza.sk\/wp-content\/uploads\/2022\/01\/logo_PM_horizontal.jpg","width":231,"height":142,"caption":"Pova\u017esk\u00e9 m\u00fazeum"},"image":{"@id":"https:\/\/pmza.sk\/#\/schema\/logo\/image\/"},"sameAs":["https:\/\/www.facebook.com\/povazskemuzeum","https:\/\/www.instagram.com\/povazskemuzeum\/"]},{"@type":"Person","@id":"https:\/\/pmza.sk\/#\/schema\/person\/595e6a2ce731ea94dcd5d7f50a41ae33","name":"Pova\u017esk\u00e9 m\u00fazeum","image":{"@type":"ImageObject","inLanguage":"sk-SK","@id":"https:\/\/secure.gravatar.com\/avatar\/2bb7f1561282132fb5826dfeccc66c7996d11ee392ac6aaf7ced8a1c2027fbb2?s=96&d=mm&r=g","url":"https:\/\/secure.gravatar.com\/avatar\/2bb7f1561282132fb5826dfeccc66c7996d11ee392ac6aaf7ced8a1c2027fbb2?s=96&d=mm&r=g","contentUrl":"https:\/\/secure.gravatar.com\/avatar\/2bb7f1561282132fb5826dfeccc66c7996d11ee392ac6aaf7ced8a1c2027fbb2?s=96&d=mm&r=g","caption":"Pova\u017esk\u00e9 m\u00fazeum"}}]}},"_links":{"self":[{"href":"https:\/\/pmza.sk\/index.php?rest_route=\/wp\/v2\/posts\/22158","targetHints":{"allow":["GET"]}}],"collection":[{"href":"https:\/\/pmza.sk\/index.php?rest_route=\/wp\/v2\/posts"}],"about":[{"href":"https:\/\/pmza.sk\/index.php?rest_route=\/wp\/v2\/types\/post"}],"author":[{"embeddable":true,"href":"https:\/\/pmza.sk\/index.php?rest_route=\/wp\/v2\/users\/2"}],"replies":[{"embeddable":true,"href":"https:\/\/pmza.sk\/index.php?rest_route=%2Fwp%2Fv2%2Fcomments&post=22158"}],"version-history":[{"count":0,"href":"https:\/\/pmza.sk\/index.php?rest_route=\/wp\/v2\/posts\/22158\/revisions"}],"wp:featuredmedia":[{"embeddable":true,"href":"https:\/\/pmza.sk\/index.php?rest_route=\/wp\/v2\/media\/22157"}],"wp:attachment":[{"href":"https:\/\/pmza.sk\/index.php?rest_route=%2Fwp%2Fv2%2Fmedia&parent=22158"}],"wp:term":[{"taxonomy":"category","embeddable":true,"href":"https:\/\/pmza.sk\/index.php?rest_route=%2Fwp%2Fv2%2Fcategories&post=22158"},{"taxonomy":"post_tag","embeddable":true,"href":"https:\/\/pmza.sk\/index.php?rest_route=%2Fwp%2Fv2%2Ftags&post=22158"}],"curies":[{"name":"wp","href":"https:\/\/api.w.org\/{rel}","templated":true}]}}