{"id":22385,"date":"2017-07-04T11:30:05","date_gmt":"2017-07-04T09:30:05","guid":{"rendered":"https:\/\/pmza.sk.sk\/?p=22385"},"modified":"2017-07-04T11:30:05","modified_gmt":"2017-07-04T09:30:05","slug":"najviac-cykloturistickych-tras-najdete-v-zilinskej-zupe","status":"publish","type":"post","link":"https:\/\/pmza.sk\/?p=22385","title":{"rendered":"Najviac cykloturistick\u00fdch tr\u00e1s n\u00e1jdete v \u017dilinskej \u017eupe"},"content":{"rendered":"<p>Cyklosez\u00f3na je ka\u017edoro\u010dne spojen\u00e1 s objavovan\u00edm a pozn\u00e1van\u00edm pr\u00edrodn\u00fdch kr\u00e1s, scen\u00e9ri\u00ed a zauj\u00edmav\u00fdch miest, ktor\u00e9 m\u00f4\u017eu milovn\u00edci bicyklov n\u00e1js\u0165 na viac ako 2 400 kilometroch cykloturistick\u00fdch tr\u00e1s v \u017dilinskom kraji. Letn\u00e9 mesiace a po\u010dasie tu od\u0161tartovali cyklisti naplno.<\/p>\n<p>Ob\u013e\u00fabenou trasou je cyklochodn\u00edk \u017dilinskej \u017eupy \u2013 BikeKIA. V\u010faka spolupr\u00e1ci so spolo\u010dnos\u0165ou KiaMotors Slovakia \u017dSK vytvoril unik\u00e1tne spojenie dvoch historick\u00fdch domin\u00e1nt Horn\u00e9ho Pova\u017eia, hradov Stre\u010dno a Budat\u00edn. Vyasfaltovan\u00e9 s\u00fa u\u017e pribli\u017ene \u0161tyri kilometre a pon\u00fakaj\u00fa v\u00fdnimo\u010dn\u00e9 z\u00e1\u017eitky pre v\u0161etky vekov\u00e9 kateg\u00f3rie. BikeKIA lemuje kr\u00e1snu pr\u00edrodu a okolie Horn\u00e9ho Pova\u017eia od hradu Budat\u00edn<a href=\"https:\/\/pmza.sk\/wp-content\/uploads\/2017\/07\/ZSK_Najma-v-lete-je-oblubenou-zupna-cyklotrasa-BikeKIA-spajajuca-hrady-Strecno-a-Budatin.jpg\"><img decoding=\"async\" class=\"size-thumbnail wp-image-22387 alignright\" src=\"https:\/\/pmza.sk.sk\/wp-content\/uploads\/2017\/07\/\u017dSK_Najm\u00e4-v-lete-je-ob\u013e\u00fabenou-\u017eupn\u00e1-cyklotrasa-BikeKIA-sp\u00e1jaj\u00faca-hrady-Stre\u010dno-a-Budat\u00edn-150x96.jpg\" alt=\"\" width=\"150\" height=\"96\" \/><\/a> a\u017e po hrad Stre\u010dno a cie\u013eom \u017eupy je vytvori\u0165 kompletne vyasfaltovan\u00fd, bezpe\u010dn\u00fd cyklochodn\u00edk. Pri L\u00e1vke cez biokoridor je osaden\u00fd i cyklos\u010d\u00edta\u010d, ktor\u00fd s\u010d\u00edtava cyklistov v oboch smeroch ako do Budat\u00edna, tak k Hydrouzlu. Rekordn\u00fd po\u010det cyklistov pre\u0161iel BikeKIOU v nede\u013eu 28. m\u00e1ja 2017, a to 2100. \u201eV letnom obdob\u00ed po\u010d\u00edtame s vy\u0161\u0161\u00edm po\u010dtom cykloturistov, ktor\u00ed si na\u0161u trasu ob\u013e\u00fabili a vyu\u017e\u00edvaj\u00fa ju ka\u017edodenne, \u010dasto aj napr\u00edklad ako cestu do pr\u00e1ce alebo na v\u00fdlety s de\u0165mi. Ver\u00edm, \u017ee s prib\u00fadaj\u00facimi slne\u010dn\u00fdmi d\u0148ami bude st\u00fapa\u0165 aj po\u010det n\u00e1v\u0161tevn\u00edkov, ktor\u00ed sa rozhodn\u00fa vychutna\u0165 si nev\u0161edn\u00fa pr\u00edrodn\u00fa scen\u00e9riu v tejto oblasti,\u201c pribl\u00ed\u017eil predseda \u017dSK Juraj Blan\u00e1r.<\/p>\n<p>V \u017dilinskom kraji sa bud\u00fa m\u00f4c\u0165 cykloturisti te\u0161i\u0165 aj na \u010fal\u0161ie nov\u00e9 cyklochodn\u00edky, ktor\u00e9 by v\u010faka finan\u010dn\u00fdm prostriedkom z Eur\u00f3pskej \u00fanie mali vznikn\u00fa\u0165 v novom programovacom obdob\u00ed 2014 \u2013 2020 v\u00a0Rajeckej doline, z Budat\u00edna v smere na Tren\u010diansky samospr\u00e1vny kraj a v prepojen\u00ed Horn\u00e9ho Pova\u017eia a Turca. Projekt Rajeckej cyklomagistr\u00e1ly patr\u00ed spolu s projektom cyklodopravnej trasy Stre\u010dno \u2013 Lipovec \u2013 Vr\u00fatky a Budat\u00edn \u2013 Tren\u010diansky kraj medzi k\u013e\u00fa\u010dov\u00e9 cyklopriority kraja.<\/p>\n<p>\u017dilinsk\u00e1 \u017eupa chce prepoji\u0165 existuj\u00face cyklochodn\u00edky v koridore rieky V\u00e1h s cyklotrasami vo Vr\u00fatkacha s Tur\u010dianskou cyklomagistr\u00e1lou v obci Lipovec. N\u00e1dhern\u00e9 pr\u00edrodn\u00e9 panor\u00e1my a jedine\u010dn\u00e9 cyklol\u00e1vky ponad rieku V\u00e1h prines\u00fa turistom mimoriadne z\u00e1\u017eitky. \u201eCyklistick\u00e9 prepojenie Turca s Horn\u00fdm Pova\u017e\u00edm doposia\u013e neexistuje a cesta popod Stre\u010dno v \u017eiadnom pr\u00edpade nie je pre tak\u00fdto prechod vhodn\u00e1. Preto sa sna\u017e\u00edme projekt d\u00f4kladne pripravi\u0165 a z\u00edska\u0165 financovanie z eurofondov, aby bola trasa pre cyklistov\u010do najlep\u0161ie pripraven\u00e1,\u201c doplnil \u017eilinsk\u00fd \u017eupan.<\/p>\n<p>O\u010dak\u00e1van\u00fdm projektom je aj V\u00e1\u017eska cyklotrasa, ktor\u00e1 sa v Budat\u00edne napoj\u00ed z BikeKIE smerom k Vodn\u00e9mu dielu Mik\u0161ov\u00e1 popri kan\u00e1li V\u00e1hu a\u017e na hranicu s Tren\u010dianskym samospr\u00e1vnym krajom. Cyklisti si bud\u00fa m\u00f4c\u0165 vychutna\u0165 25,5 kilometrov trasy. \u201eKa\u017ed\u00fd \u010fal\u0161\u00ed kilometer, ktor\u00fd sa n\u00e1m podar\u00ed vybudova\u0165 \u010di u\u017e s podporou Eur\u00f3pskej \u00fanie, alebo in\u00e9ho partnera, je krokom k vytvoreniu siete efekt\u00edvnych a pre cyklistov pr\u00ed\u0165a\u017eliv\u00fdch a bezpe\u010dn\u00fdch cyklotr\u00e1s. \u017dilinsk\u00fd kraj neust\u00e1le pokra\u010duje vo v\u00fdstavbe cykloturistick\u00fdch chodn\u00edkov a ver\u00edm, \u017ee ostaneme aj na\u010falej vyh\u013ead\u00e1van\u00fdm rajom cyklistov,\u201c uzavrel J. Blan\u00e1r.<\/p>\n<p style=\"text-align: right;\"><strong>Lenka Z\u00e1tekov\u00e1<br \/>hovorky\u0148a \u017dSK<\/strong><\/p>\n<p style=\"text-align: left;\">\u00a0<\/p>\n","protected":false},"excerpt":{"rendered":"<p>Cyklosez\u00f3na je ka\u017edoro\u010dne spojen\u00e1 s objavovan\u00edm a pozn\u00e1van\u00edm pr\u00edrodn\u00fdch kr\u00e1s, scen\u00e9ri\u00ed a zauj\u00edmav\u00fdch miest, ktor\u00e9 m\u00f4\u017eu milovn\u00edci bicyklov n\u00e1js\u0165 na viac ako 2 400 kilometroch cykloturistick\u00fdch tr\u00e1s v \u017dilinskom kraji. Letn\u00e9 mesiace a po\u010dasie tu od\u0161tartovali cyklisti naplno. Ob\u013e\u00fabenou trasou je cyklochodn\u00edk \u017dilinskej \u017eupy \u2013 BikeKIA. V\u010faka spolupr\u00e1ci so spolo\u010dnos\u0165ou KiaMotors Slovakia \u017dSK vytvoril unik\u00e1tne [&hellip;]<\/p>\n","protected":false},"author":2,"featured_media":22388,"comment_status":"closed","ping_status":"closed","sticky":false,"template":"","format":"standard","meta":{"site-sidebar-layout":"default","site-content-layout":"","ast-site-content-layout":"","site-content-style":"default","site-sidebar-style":"default","ast-global-header-display":"","ast-banner-title-visibility":"","ast-main-header-display":"","ast-hfb-above-header-display":"","ast-hfb-below-header-display":"","ast-hfb-mobile-header-display":"","site-post-title":"","ast-breadcrumbs-content":"","ast-featured-img":"","footer-sml-layout":"","theme-transparent-header-meta":"","adv-header-id-meta":"","stick-header-meta":"","header-above-stick-meta":"","header-main-stick-meta":"","header-below-stick-meta":"","astra-migrate-meta-layouts":"default","ast-page-background-enabled":"default","ast-page-background-meta":{"desktop":{"background-color":"var(--ast-global-color-4)","background-image":"","background-repeat":"repeat","background-position":"center center","background-size":"auto","background-attachment":"scroll","background-type":"","background-media":"","overlay-type":"","overlay-color":"","overlay-opacity":"","overlay-gradient":""},"tablet":{"background-color":"","background-image":"","background-repeat":"repeat","background-position":"center center","background-size":"auto","background-attachment":"scroll","background-type":"","background-media":"","overlay-type":"","overlay-color":"","overlay-opacity":"","overlay-gradient":""},"mobile":{"background-color":"","background-image":"","background-repeat":"repeat","background-position":"center center","background-size":"auto","background-attachment":"scroll","background-type":"","background-media":"","overlay-type":"","overlay-color":"","overlay-opacity":"","overlay-gradient":""}},"ast-content-background-meta":{"desktop":{"background-color":"var(--ast-global-color-5)","background-image":"","background-repeat":"repeat","background-position":"center center","background-size":"auto","background-attachment":"scroll","background-type":"","background-media":"","overlay-type":"","overlay-color":"","overlay-opacity":"","overlay-gradient":""},"tablet":{"background-color":"var(--ast-global-color-5)","background-image":"","background-repeat":"repeat","background-position":"center center","background-size":"auto","background-attachment":"scroll","background-type":"","background-media":"","overlay-type":"","overlay-color":"","overlay-opacity":"","overlay-gradient":""},"mobile":{"background-color":"var(--ast-global-color-5)","background-image":"","background-repeat":"repeat","background-position":"center center","background-size":"auto","background-attachment":"scroll","background-type":"","background-media":"","overlay-type":"","overlay-color":"","overlay-opacity":"","overlay-gradient":""}},"footnotes":""},"categories":[31],"tags":[],"class_list":["post-22385","post","type-post","status-publish","format-standard","has-post-thumbnail","hentry","category-aktuality"],"yoast_head":"<!-- This site is optimized with the Yoast SEO plugin v27.4 - https:\/\/yoast.com\/product\/yoast-seo-wordpress\/ -->\n<title>Najviac cykloturistick\u00fdch tr\u00e1s n\u00e1jdete v \u017dilinskej \u017eupe - Pova\u017esk\u00e9 m\u00fazeum<\/title>\n<meta name=\"robots\" content=\"index, follow, max-snippet:-1, max-image-preview:large, max-video-preview:-1\" \/>\n<link rel=\"canonical\" href=\"https:\/\/pmza.sk\/?p=22385\" \/>\n<meta property=\"og:locale\" content=\"sk_SK\" \/>\n<meta property=\"og:type\" content=\"article\" \/>\n<meta property=\"og:title\" content=\"Najviac cykloturistick\u00fdch tr\u00e1s n\u00e1jdete v \u017dilinskej \u017eupe - Pova\u017esk\u00e9 m\u00fazeum\" \/>\n<meta property=\"og:description\" content=\"Cyklosez\u00f3na je ka\u017edoro\u010dne spojen\u00e1 s objavovan\u00edm a pozn\u00e1van\u00edm pr\u00edrodn\u00fdch kr\u00e1s, scen\u00e9ri\u00ed a zauj\u00edmav\u00fdch miest, ktor\u00e9 m\u00f4\u017eu milovn\u00edci bicyklov n\u00e1js\u0165 na viac ako 2 400 kilometroch cykloturistick\u00fdch tr\u00e1s v \u017dilinskom kraji. Letn\u00e9 mesiace a po\u010dasie tu od\u0161tartovali cyklisti naplno. Ob\u013e\u00fabenou trasou je cyklochodn\u00edk \u017dilinskej \u017eupy \u2013 BikeKIA. V\u010faka spolupr\u00e1ci so spolo\u010dnos\u0165ou KiaMotors Slovakia \u017dSK vytvoril unik\u00e1tne [&hellip;]\" \/>\n<meta property=\"og:url\" content=\"https:\/\/pmza.sk\/?p=22385\" \/>\n<meta property=\"og:site_name\" content=\"Pova\u017esk\u00e9 m\u00fazeum\" \/>\n<meta property=\"article:publisher\" content=\"https:\/\/www.facebook.com\/povazskemuzeum\" \/>\n<meta property=\"article:published_time\" content=\"2017-07-04T09:30:05+00:00\" \/>\n<meta property=\"og:image\" content=\"https:\/\/pmza.sk\/wp-content\/uploads\/2017\/07\/ZSK_Najviac-cyklotras-je-v-Zilinskom-kraji.jpg\" \/>\n\t<meta property=\"og:image:width\" content=\"1024\" \/>\n\t<meta property=\"og:image:height\" content=\"685\" \/>\n\t<meta property=\"og:image:type\" content=\"image\/jpeg\" \/>\n<meta name=\"author\" content=\"Pova\u017esk\u00e9 m\u00fazeum\" \/>\n<meta name=\"twitter:card\" content=\"summary_large_image\" \/>\n<meta name=\"twitter:label1\" content=\"Autor\" \/>\n\t<meta name=\"twitter:data1\" content=\"Pova\u017esk\u00e9 m\u00fazeum\" \/>\n\t<meta name=\"twitter:label2\" content=\"Predpokladan\u00fd \u010das \u010d\u00edtania\" \/>\n\t<meta name=\"twitter:data2\" content=\"3 min\u00faty\" \/>\n<script type=\"application\/ld+json\" class=\"yoast-schema-graph\">{\"@context\":\"https:\\\/\\\/schema.org\",\"@graph\":[{\"@type\":\"Article\",\"@id\":\"https:\\\/\\\/pmza.sk\\\/?p=22385#article\",\"isPartOf\":{\"@id\":\"https:\\\/\\\/pmza.sk\\\/?p=22385\"},\"author\":{\"name\":\"Pova\u017esk\u00e9 m\u00fazeum\",\"@id\":\"https:\\\/\\\/pmza.sk\\\/#\\\/schema\\\/person\\\/595e6a2ce731ea94dcd5d7f50a41ae33\"},\"headline\":\"Najviac cykloturistick\u00fdch tr\u00e1s n\u00e1jdete v \u017dilinskej \u017eupe\",\"datePublished\":\"2017-07-04T09:30:05+00:00\",\"mainEntityOfPage\":{\"@id\":\"https:\\\/\\\/pmza.sk\\\/?p=22385\"},\"wordCount\":586,\"publisher\":{\"@id\":\"https:\\\/\\\/pmza.sk\\\/#organization\"},\"image\":{\"@id\":\"https:\\\/\\\/pmza.sk\\\/?p=22385#primaryimage\"},\"thumbnailUrl\":\"https:\\\/\\\/pmza.sk\\\/wp-content\\\/uploads\\\/2017\\\/07\\\/ZSK_Najviac-cyklotras-je-v-Zilinskom-kraji.jpg\",\"articleSection\":[\"Aktuality\"],\"inLanguage\":\"sk-SK\"},{\"@type\":\"WebPage\",\"@id\":\"https:\\\/\\\/pmza.sk\\\/?p=22385\",\"url\":\"https:\\\/\\\/pmza.sk\\\/?p=22385\",\"name\":\"Najviac cykloturistick\u00fdch tr\u00e1s n\u00e1jdete v \u017dilinskej \u017eupe - Pova\u017esk\u00e9 m\u00fazeum\",\"isPartOf\":{\"@id\":\"https:\\\/\\\/pmza.sk\\\/#website\"},\"primaryImageOfPage\":{\"@id\":\"https:\\\/\\\/pmza.sk\\\/?p=22385#primaryimage\"},\"image\":{\"@id\":\"https:\\\/\\\/pmza.sk\\\/?p=22385#primaryimage\"},\"thumbnailUrl\":\"https:\\\/\\\/pmza.sk\\\/wp-content\\\/uploads\\\/2017\\\/07\\\/ZSK_Najviac-cyklotras-je-v-Zilinskom-kraji.jpg\",\"datePublished\":\"2017-07-04T09:30:05+00:00\",\"breadcrumb\":{\"@id\":\"https:\\\/\\\/pmza.sk\\\/?p=22385#breadcrumb\"},\"inLanguage\":\"sk-SK\",\"potentialAction\":[{\"@type\":\"ReadAction\",\"target\":[\"https:\\\/\\\/pmza.sk\\\/?p=22385\"]}]},{\"@type\":\"ImageObject\",\"inLanguage\":\"sk-SK\",\"@id\":\"https:\\\/\\\/pmza.sk\\\/?p=22385#primaryimage\",\"url\":\"https:\\\/\\\/pmza.sk\\\/wp-content\\\/uploads\\\/2017\\\/07\\\/ZSK_Najviac-cyklotras-je-v-Zilinskom-kraji.jpg\",\"contentUrl\":\"https:\\\/\\\/pmza.sk\\\/wp-content\\\/uploads\\\/2017\\\/07\\\/ZSK_Najviac-cyklotras-je-v-Zilinskom-kraji.jpg\",\"width\":1024,\"height\":685},{\"@type\":\"BreadcrumbList\",\"@id\":\"https:\\\/\\\/pmza.sk\\\/?p=22385#breadcrumb\",\"itemListElement\":[{\"@type\":\"ListItem\",\"position\":1,\"name\":\"Domovsk\u00e1 str\u00e1nka\",\"item\":\"https:\\\/\\\/pmza.sk\\\/\"},{\"@type\":\"ListItem\",\"position\":2,\"name\":\"Najviac cykloturistick\u00fdch tr\u00e1s n\u00e1jdete v \u017dilinskej \u017eupe\"}]},{\"@type\":\"WebSite\",\"@id\":\"https:\\\/\\\/pmza.sk\\\/#website\",\"url\":\"https:\\\/\\\/pmza.sk\\\/\",\"name\":\"Pova\u017esk\u00e9 m\u00fazeum\",\"description\":\"Pova\u017esk\u00e9 m\u00fazeum v \u017diline je region\u00e1lne m\u00fazeum so s\u00eddlom v Budat\u00edne. Jeho expoz\u00edcie s\u00fa zameran\u00e9 na dejiny slovensk\u00e9ho umenia, kult\u00fary a dopravy.\",\"publisher\":{\"@id\":\"https:\\\/\\\/pmza.sk\\\/#organization\"},\"potentialAction\":[{\"@type\":\"SearchAction\",\"target\":{\"@type\":\"EntryPoint\",\"urlTemplate\":\"https:\\\/\\\/pmza.sk\\\/?s={search_term_string}\"},\"query-input\":{\"@type\":\"PropertyValueSpecification\",\"valueRequired\":true,\"valueName\":\"search_term_string\"}}],\"inLanguage\":\"sk-SK\"},{\"@type\":\"Organization\",\"@id\":\"https:\\\/\\\/pmza.sk\\\/#organization\",\"name\":\"Pova\u017esk\u00e9 m\u00fazeum\",\"url\":\"https:\\\/\\\/pmza.sk\\\/\",\"logo\":{\"@type\":\"ImageObject\",\"inLanguage\":\"sk-SK\",\"@id\":\"https:\\\/\\\/pmza.sk\\\/#\\\/schema\\\/logo\\\/image\\\/\",\"url\":\"https:\\\/\\\/pmza.sk\\\/wp-content\\\/uploads\\\/2022\\\/01\\\/logo_PM_horizontal.jpg\",\"contentUrl\":\"https:\\\/\\\/pmza.sk\\\/wp-content\\\/uploads\\\/2022\\\/01\\\/logo_PM_horizontal.jpg\",\"width\":231,\"height\":142,\"caption\":\"Pova\u017esk\u00e9 m\u00fazeum\"},\"image\":{\"@id\":\"https:\\\/\\\/pmza.sk\\\/#\\\/schema\\\/logo\\\/image\\\/\"},\"sameAs\":[\"https:\\\/\\\/www.facebook.com\\\/povazskemuzeum\",\"https:\\\/\\\/www.instagram.com\\\/povazskemuzeum\\\/\"]},{\"@type\":\"Person\",\"@id\":\"https:\\\/\\\/pmza.sk\\\/#\\\/schema\\\/person\\\/595e6a2ce731ea94dcd5d7f50a41ae33\",\"name\":\"Pova\u017esk\u00e9 m\u00fazeum\",\"image\":{\"@type\":\"ImageObject\",\"inLanguage\":\"sk-SK\",\"@id\":\"https:\\\/\\\/secure.gravatar.com\\\/avatar\\\/2bb7f1561282132fb5826dfeccc66c7996d11ee392ac6aaf7ced8a1c2027fbb2?s=96&d=mm&r=g\",\"url\":\"https:\\\/\\\/secure.gravatar.com\\\/avatar\\\/2bb7f1561282132fb5826dfeccc66c7996d11ee392ac6aaf7ced8a1c2027fbb2?s=96&d=mm&r=g\",\"contentUrl\":\"https:\\\/\\\/secure.gravatar.com\\\/avatar\\\/2bb7f1561282132fb5826dfeccc66c7996d11ee392ac6aaf7ced8a1c2027fbb2?s=96&d=mm&r=g\",\"caption\":\"Pova\u017esk\u00e9 m\u00fazeum\"}}]}<\/script>\n<!-- \/ Yoast SEO plugin. -->","yoast_head_json":{"title":"Najviac cykloturistick\u00fdch tr\u00e1s n\u00e1jdete v \u017dilinskej \u017eupe - Pova\u017esk\u00e9 m\u00fazeum","robots":{"index":"index","follow":"follow","max-snippet":"max-snippet:-1","max-image-preview":"max-image-preview:large","max-video-preview":"max-video-preview:-1"},"canonical":"https:\/\/pmza.sk\/?p=22385","og_locale":"sk_SK","og_type":"article","og_title":"Najviac cykloturistick\u00fdch tr\u00e1s n\u00e1jdete v \u017dilinskej \u017eupe - Pova\u017esk\u00e9 m\u00fazeum","og_description":"Cyklosez\u00f3na je ka\u017edoro\u010dne spojen\u00e1 s objavovan\u00edm a pozn\u00e1van\u00edm pr\u00edrodn\u00fdch kr\u00e1s, scen\u00e9ri\u00ed a zauj\u00edmav\u00fdch miest, ktor\u00e9 m\u00f4\u017eu milovn\u00edci bicyklov n\u00e1js\u0165 na viac ako 2 400 kilometroch cykloturistick\u00fdch tr\u00e1s v \u017dilinskom kraji. Letn\u00e9 mesiace a po\u010dasie tu od\u0161tartovali cyklisti naplno. Ob\u013e\u00fabenou trasou je cyklochodn\u00edk \u017dilinskej \u017eupy \u2013 BikeKIA. V\u010faka spolupr\u00e1ci so spolo\u010dnos\u0165ou KiaMotors Slovakia \u017dSK vytvoril unik\u00e1tne [&hellip;]","og_url":"https:\/\/pmza.sk\/?p=22385","og_site_name":"Pova\u017esk\u00e9 m\u00fazeum","article_publisher":"https:\/\/www.facebook.com\/povazskemuzeum","article_published_time":"2017-07-04T09:30:05+00:00","og_image":[{"width":1024,"height":685,"url":"https:\/\/pmza.sk\/wp-content\/uploads\/2017\/07\/ZSK_Najviac-cyklotras-je-v-Zilinskom-kraji.jpg","type":"image\/jpeg"}],"author":"Pova\u017esk\u00e9 m\u00fazeum","twitter_card":"summary_large_image","twitter_misc":{"Autor":"Pova\u017esk\u00e9 m\u00fazeum","Predpokladan\u00fd \u010das \u010d\u00edtania":"3 min\u00faty"},"schema":{"@context":"https:\/\/schema.org","@graph":[{"@type":"Article","@id":"https:\/\/pmza.sk\/?p=22385#article","isPartOf":{"@id":"https:\/\/pmza.sk\/?p=22385"},"author":{"name":"Pova\u017esk\u00e9 m\u00fazeum","@id":"https:\/\/pmza.sk\/#\/schema\/person\/595e6a2ce731ea94dcd5d7f50a41ae33"},"headline":"Najviac cykloturistick\u00fdch tr\u00e1s n\u00e1jdete v \u017dilinskej \u017eupe","datePublished":"2017-07-04T09:30:05+00:00","mainEntityOfPage":{"@id":"https:\/\/pmza.sk\/?p=22385"},"wordCount":586,"publisher":{"@id":"https:\/\/pmza.sk\/#organization"},"image":{"@id":"https:\/\/pmza.sk\/?p=22385#primaryimage"},"thumbnailUrl":"https:\/\/pmza.sk\/wp-content\/uploads\/2017\/07\/ZSK_Najviac-cyklotras-je-v-Zilinskom-kraji.jpg","articleSection":["Aktuality"],"inLanguage":"sk-SK"},{"@type":"WebPage","@id":"https:\/\/pmza.sk\/?p=22385","url":"https:\/\/pmza.sk\/?p=22385","name":"Najviac cykloturistick\u00fdch tr\u00e1s n\u00e1jdete v \u017dilinskej \u017eupe - Pova\u017esk\u00e9 m\u00fazeum","isPartOf":{"@id":"https:\/\/pmza.sk\/#website"},"primaryImageOfPage":{"@id":"https:\/\/pmza.sk\/?p=22385#primaryimage"},"image":{"@id":"https:\/\/pmza.sk\/?p=22385#primaryimage"},"thumbnailUrl":"https:\/\/pmza.sk\/wp-content\/uploads\/2017\/07\/ZSK_Najviac-cyklotras-je-v-Zilinskom-kraji.jpg","datePublished":"2017-07-04T09:30:05+00:00","breadcrumb":{"@id":"https:\/\/pmza.sk\/?p=22385#breadcrumb"},"inLanguage":"sk-SK","potentialAction":[{"@type":"ReadAction","target":["https:\/\/pmza.sk\/?p=22385"]}]},{"@type":"ImageObject","inLanguage":"sk-SK","@id":"https:\/\/pmza.sk\/?p=22385#primaryimage","url":"https:\/\/pmza.sk\/wp-content\/uploads\/2017\/07\/ZSK_Najviac-cyklotras-je-v-Zilinskom-kraji.jpg","contentUrl":"https:\/\/pmza.sk\/wp-content\/uploads\/2017\/07\/ZSK_Najviac-cyklotras-je-v-Zilinskom-kraji.jpg","width":1024,"height":685},{"@type":"BreadcrumbList","@id":"https:\/\/pmza.sk\/?p=22385#breadcrumb","itemListElement":[{"@type":"ListItem","position":1,"name":"Domovsk\u00e1 str\u00e1nka","item":"https:\/\/pmza.sk\/"},{"@type":"ListItem","position":2,"name":"Najviac cykloturistick\u00fdch tr\u00e1s n\u00e1jdete v \u017dilinskej \u017eupe"}]},{"@type":"WebSite","@id":"https:\/\/pmza.sk\/#website","url":"https:\/\/pmza.sk\/","name":"Pova\u017esk\u00e9 m\u00fazeum","description":"Pova\u017esk\u00e9 m\u00fazeum v \u017diline je region\u00e1lne m\u00fazeum so s\u00eddlom v Budat\u00edne. Jeho expoz\u00edcie s\u00fa zameran\u00e9 na dejiny slovensk\u00e9ho umenia, kult\u00fary a dopravy.","publisher":{"@id":"https:\/\/pmza.sk\/#organization"},"potentialAction":[{"@type":"SearchAction","target":{"@type":"EntryPoint","urlTemplate":"https:\/\/pmza.sk\/?s={search_term_string}"},"query-input":{"@type":"PropertyValueSpecification","valueRequired":true,"valueName":"search_term_string"}}],"inLanguage":"sk-SK"},{"@type":"Organization","@id":"https:\/\/pmza.sk\/#organization","name":"Pova\u017esk\u00e9 m\u00fazeum","url":"https:\/\/pmza.sk\/","logo":{"@type":"ImageObject","inLanguage":"sk-SK","@id":"https:\/\/pmza.sk\/#\/schema\/logo\/image\/","url":"https:\/\/pmza.sk\/wp-content\/uploads\/2022\/01\/logo_PM_horizontal.jpg","contentUrl":"https:\/\/pmza.sk\/wp-content\/uploads\/2022\/01\/logo_PM_horizontal.jpg","width":231,"height":142,"caption":"Pova\u017esk\u00e9 m\u00fazeum"},"image":{"@id":"https:\/\/pmza.sk\/#\/schema\/logo\/image\/"},"sameAs":["https:\/\/www.facebook.com\/povazskemuzeum","https:\/\/www.instagram.com\/povazskemuzeum\/"]},{"@type":"Person","@id":"https:\/\/pmza.sk\/#\/schema\/person\/595e6a2ce731ea94dcd5d7f50a41ae33","name":"Pova\u017esk\u00e9 m\u00fazeum","image":{"@type":"ImageObject","inLanguage":"sk-SK","@id":"https:\/\/secure.gravatar.com\/avatar\/2bb7f1561282132fb5826dfeccc66c7996d11ee392ac6aaf7ced8a1c2027fbb2?s=96&d=mm&r=g","url":"https:\/\/secure.gravatar.com\/avatar\/2bb7f1561282132fb5826dfeccc66c7996d11ee392ac6aaf7ced8a1c2027fbb2?s=96&d=mm&r=g","contentUrl":"https:\/\/secure.gravatar.com\/avatar\/2bb7f1561282132fb5826dfeccc66c7996d11ee392ac6aaf7ced8a1c2027fbb2?s=96&d=mm&r=g","caption":"Pova\u017esk\u00e9 m\u00fazeum"}}]}},"_links":{"self":[{"href":"https:\/\/pmza.sk\/index.php?rest_route=\/wp\/v2\/posts\/22385","targetHints":{"allow":["GET"]}}],"collection":[{"href":"https:\/\/pmza.sk\/index.php?rest_route=\/wp\/v2\/posts"}],"about":[{"href":"https:\/\/pmza.sk\/index.php?rest_route=\/wp\/v2\/types\/post"}],"author":[{"embeddable":true,"href":"https:\/\/pmza.sk\/index.php?rest_route=\/wp\/v2\/users\/2"}],"replies":[{"embeddable":true,"href":"https:\/\/pmza.sk\/index.php?rest_route=%2Fwp%2Fv2%2Fcomments&post=22385"}],"version-history":[{"count":0,"href":"https:\/\/pmza.sk\/index.php?rest_route=\/wp\/v2\/posts\/22385\/revisions"}],"wp:featuredmedia":[{"embeddable":true,"href":"https:\/\/pmza.sk\/index.php?rest_route=\/wp\/v2\/media\/22388"}],"wp:attachment":[{"href":"https:\/\/pmza.sk\/index.php?rest_route=%2Fwp%2Fv2%2Fmedia&parent=22385"}],"wp:term":[{"taxonomy":"category","embeddable":true,"href":"https:\/\/pmza.sk\/index.php?rest_route=%2Fwp%2Fv2%2Fcategories&post=22385"},{"taxonomy":"post_tag","embeddable":true,"href":"https:\/\/pmza.sk\/index.php?rest_route=%2Fwp%2Fv2%2Ftags&post=22385"}],"curies":[{"name":"wp","href":"https:\/\/api.w.org\/{rel}","templated":true}]}}