{"id":22729,"date":"2017-08-07T11:56:10","date_gmt":"2017-08-07T09:56:10","guid":{"rendered":"https:\/\/pmza.sk.sk\/?p=22729"},"modified":"2017-08-07T11:56:10","modified_gmt":"2017-08-07T09:56:10","slug":"cas-vyletov-vystava","status":"publish","type":"post","link":"https:\/\/pmza.sk\/?p=22729","title":{"rendered":"\u010cas v\u00fdletov &#8211; v\u00fdstava"},"content":{"rendered":"<p>Pova\u017esk\u00e9 m\u00fazeum v \u017diline v\u00e1s poz\u00fdva na vernis\u00e1\u017e autorskej v\u00fdstavy akademickej maliarky Daniely Kraj\u010dovej <strong>\u010cas v\u00fdletov<\/strong> na hrade Stre\u010dno, d\u0148a 18. augusta 2017 o 18.00 hod. Kur\u00e1torkou v\u00fdstavy je Mgr. Darina Arce.<\/p>\n<figure id=\"attachment_22722\" aria-describedby=\"caption-attachment-22722\" style=\"width: 138px\" class=\"wp-caption alignleft\"><a href=\"https:\/\/pmza.sk\/wp-content\/uploads\/2017\/08\/Dotyk-2016-malba-na-skle.jpg\"><img decoding=\"async\" class=\"wp-image-22722 size-thumbnail\" src=\"https:\/\/pmza.sk.sk\/wp-content\/uploads\/2017\/08\/Dotyk-2016-ma\u013eba-na-skle-138x150.jpg\" alt=\"\" width=\"138\" height=\"150\" \/><\/a><figcaption id=\"caption-attachment-22722\" class=\"wp-caption-text\">Dotyk 2016, ma\u013eba na skle, Daniela Kraj\u010dov\u00e1<\/figcaption><\/figure>\n<p>O autorke:<\/p>\n<p>Akademick\u00e1 maliarka Daniela Kraj\u010dov\u00e1 je v\u0161estrannou v\u00fdtvarn\u00ed\u010dkou, ktor\u00e1 zauj\u00edma svoje postavenie na slovenskej v\u00fdtvarnej sc\u00e9ne od sedemdesiatych rokov minul\u00e9ho storo\u010dia.<\/p>\n<p>Jej maliarsky prejav m\u00f4\u017eeme v\u010dleni\u0165 do \u0161iroko diferencovan\u00e9ho pr\u00fadu autorov, ktor\u00ed sa pohybuj\u00fa v poloh\u00e1ch imaginat\u00edvneho videnia sveta s d\u00f4razom vytv\u00e1ra\u0165 diela, ktor\u00e9 vo svojom tvarovo-kompozi\u010dnom usporiadan\u00ed<\/p>\n<figure id=\"attachment_22723\" aria-describedby=\"caption-attachment-22723\" style=\"width: 139px\" class=\"wp-caption alignright\"><a href=\"https:\/\/pmza.sk\/wp-content\/uploads\/2017\/08\/Hudba-v-lese-2016malba-na-skle.jpg\"><img decoding=\"async\" class=\"wp-image-22723 size-thumbnail\" src=\"https:\/\/pmza.sk.sk\/wp-content\/uploads\/2017\/08\/Hudba-v-lese-2016ma\u013eba-na-skle-139x150.jpg\" alt=\"\" width=\"139\" height=\"150\" \/><\/a><figcaption id=\"caption-attachment-22723\" class=\"wp-caption-text\">Hudba v lese 2016, ma\u013eba na skle, Daniela Kraj\u010dov\u00e1<\/figcaption><\/figure>\n<p>a farebnom vyjadren\u00ed nie je mo\u017en\u00e9 obsiahnu\u0165 a de\u0161ifrova\u0165 hne\u010f na prv\u00fd poh\u013ead. Diela evokuj\u00fa pocity a n\u00e1lady, ktor\u00e9 mo\u017eno vyjadri\u0165 pojmami harm\u00f3nia, t\u00fa\u017eba, neha a hravos\u0165. Kombin\u00e1ciou techn\u00edk vyvol\u00e1va v dielach atmosf\u00e9ru viacv\u00fdznamovosti, radosti z hry a tvorenia, zo schopnosti spont\u00e1nne zhmotni\u0165 svoju predstavu o svete videnom v synt\u00e9ze poznan\u00e9ho a prec\u00edten\u00e9ho.<\/p>\n<p>&nbsp;<\/p>\n<p>V\u00fdstava, ktor\u00e1 je 41. v porad\u00ed z cyklu Umenie na hrade, je verejnosti pr\u00edstupn\u00e1 ako s\u00fa\u010das\u0165 be\u017enej prehliadky hradu Stre\u010dno od 18. 8. do 31. 10. 2017.<\/p>\n","protected":false},"excerpt":{"rendered":"<p>Pova\u017esk\u00e9 m\u00fazeum v \u017diline v\u00e1s poz\u00fdva na vernis\u00e1\u017e autorskej v\u00fdstavy akademickej maliarky Daniely Kraj\u010dovej \u010cas v\u00fdletov na hrade Stre\u010dno, d\u0148a 18. augusta 2017 o 18.00 hod. Kur\u00e1torkou v\u00fdstavy je Mgr. Darina Arce. O autorke: Akademick\u00e1 maliarka Daniela Kraj\u010dov\u00e1 je v\u0161estrannou v\u00fdtvarn\u00ed\u010dkou, ktor\u00e1 zauj\u00edma svoje postavenie na slovenskej v\u00fdtvarnej sc\u00e9ne od sedemdesiatych rokov minul\u00e9ho storo\u010dia. Jej [&hellip;]<\/p>\n","protected":false},"author":2,"featured_media":22746,"comment_status":"closed","ping_status":"closed","sticky":false,"template":"","format":"standard","meta":{"site-sidebar-layout":"default","site-content-layout":"","ast-site-content-layout":"","site-content-style":"default","site-sidebar-style":"default","ast-global-header-display":"","ast-banner-title-visibility":"","ast-main-header-display":"","ast-hfb-above-header-display":"","ast-hfb-below-header-display":"","ast-hfb-mobile-header-display":"","site-post-title":"","ast-breadcrumbs-content":"","ast-featured-img":"","footer-sml-layout":"","theme-transparent-header-meta":"","adv-header-id-meta":"","stick-header-meta":"","header-above-stick-meta":"","header-main-stick-meta":"","header-below-stick-meta":"","astra-migrate-meta-layouts":"default","ast-page-background-enabled":"default","ast-page-background-meta":{"desktop":{"background-color":"var(--ast-global-color-4)","background-image":"","background-repeat":"repeat","background-position":"center center","background-size":"auto","background-attachment":"scroll","background-type":"","background-media":"","overlay-type":"","overlay-color":"","overlay-opacity":"","overlay-gradient":""},"tablet":{"background-color":"","background-image":"","background-repeat":"repeat","background-position":"center center","background-size":"auto","background-attachment":"scroll","background-type":"","background-media":"","overlay-type":"","overlay-color":"","overlay-opacity":"","overlay-gradient":""},"mobile":{"background-color":"","background-image":"","background-repeat":"repeat","background-position":"center center","background-size":"auto","background-attachment":"scroll","background-type":"","background-media":"","overlay-type":"","overlay-color":"","overlay-opacity":"","overlay-gradient":""}},"ast-content-background-meta":{"desktop":{"background-color":"var(--ast-global-color-5)","background-image":"","background-repeat":"repeat","background-position":"center center","background-size":"auto","background-attachment":"scroll","background-type":"","background-media":"","overlay-type":"","overlay-color":"","overlay-opacity":"","overlay-gradient":""},"tablet":{"background-color":"var(--ast-global-color-5)","background-image":"","background-repeat":"repeat","background-position":"center center","background-size":"auto","background-attachment":"scroll","background-type":"","background-media":"","overlay-type":"","overlay-color":"","overlay-opacity":"","overlay-gradient":""},"mobile":{"background-color":"var(--ast-global-color-5)","background-image":"","background-repeat":"repeat","background-position":"center center","background-size":"auto","background-attachment":"scroll","background-type":"","background-media":"","overlay-type":"","overlay-color":"","overlay-opacity":"","overlay-gradient":""}},"footnotes":""},"categories":[31],"tags":[],"class_list":["post-22729","post","type-post","status-publish","format-standard","has-post-thumbnail","hentry","category-aktuality"],"yoast_head":"<!-- This site is optimized with the Yoast SEO plugin v27.4 - https:\/\/yoast.com\/product\/yoast-seo-wordpress\/ -->\n<title>\u010cas v\u00fdletov - v\u00fdstava - Pova\u017esk\u00e9 m\u00fazeum<\/title>\n<meta name=\"robots\" content=\"index, follow, max-snippet:-1, max-image-preview:large, max-video-preview:-1\" \/>\n<link rel=\"canonical\" href=\"https:\/\/pmza.sk\/?p=22729\" \/>\n<meta property=\"og:locale\" content=\"sk_SK\" \/>\n<meta property=\"og:type\" content=\"article\" \/>\n<meta property=\"og:title\" content=\"\u010cas v\u00fdletov - v\u00fdstava - Pova\u017esk\u00e9 m\u00fazeum\" \/>\n<meta property=\"og:description\" content=\"Pova\u017esk\u00e9 m\u00fazeum v \u017diline v\u00e1s poz\u00fdva na vernis\u00e1\u017e autorskej v\u00fdstavy akademickej maliarky Daniely Kraj\u010dovej \u010cas v\u00fdletov na hrade Stre\u010dno, d\u0148a 18. augusta 2017 o 18.00 hod. Kur\u00e1torkou v\u00fdstavy je Mgr. Darina Arce. O autorke: Akademick\u00e1 maliarka Daniela Kraj\u010dov\u00e1 je v\u0161estrannou v\u00fdtvarn\u00ed\u010dkou, ktor\u00e1 zauj\u00edma svoje postavenie na slovenskej v\u00fdtvarnej sc\u00e9ne od sedemdesiatych rokov minul\u00e9ho storo\u010dia. Jej [&hellip;]\" \/>\n<meta property=\"og:url\" content=\"https:\/\/pmza.sk\/?p=22729\" \/>\n<meta property=\"og:site_name\" content=\"Pova\u017esk\u00e9 m\u00fazeum\" \/>\n<meta property=\"article:publisher\" content=\"https:\/\/www.facebook.com\/povazskemuzeum\" \/>\n<meta property=\"article:published_time\" content=\"2017-08-07T09:56:10+00:00\" \/>\n<meta property=\"og:image\" content=\"https:\/\/pmza.sk\/wp-content\/uploads\/2017\/08\/plagat_www-1.jpg\" \/>\n\t<meta property=\"og:image:width\" content=\"484\" \/>\n\t<meta property=\"og:image:height\" content=\"684\" \/>\n\t<meta property=\"og:image:type\" content=\"image\/jpeg\" \/>\n<meta name=\"author\" content=\"Pova\u017esk\u00e9 m\u00fazeum\" \/>\n<meta name=\"twitter:card\" content=\"summary_large_image\" \/>\n<meta name=\"twitter:label1\" content=\"Autor\" \/>\n\t<meta name=\"twitter:data1\" content=\"Pova\u017esk\u00e9 m\u00fazeum\" \/>\n\t<meta name=\"twitter:label2\" content=\"Predpokladan\u00fd \u010das \u010d\u00edtania\" \/>\n\t<meta name=\"twitter:data2\" content=\"1 min\u00fata\" \/>\n<script type=\"application\/ld+json\" class=\"yoast-schema-graph\">{\"@context\":\"https:\\\/\\\/schema.org\",\"@graph\":[{\"@type\":\"Article\",\"@id\":\"https:\\\/\\\/pmza.sk\\\/?p=22729#article\",\"isPartOf\":{\"@id\":\"https:\\\/\\\/pmza.sk\\\/?p=22729\"},\"author\":{\"name\":\"Pova\u017esk\u00e9 m\u00fazeum\",\"@id\":\"https:\\\/\\\/pmza.sk\\\/#\\\/schema\\\/person\\\/595e6a2ce731ea94dcd5d7f50a41ae33\"},\"headline\":\"\u010cas v\u00fdletov &#8211; v\u00fdstava\",\"datePublished\":\"2017-08-07T09:56:10+00:00\",\"mainEntityOfPage\":{\"@id\":\"https:\\\/\\\/pmza.sk\\\/?p=22729\"},\"wordCount\":242,\"publisher\":{\"@id\":\"https:\\\/\\\/pmza.sk\\\/#organization\"},\"image\":{\"@id\":\"https:\\\/\\\/pmza.sk\\\/?p=22729#primaryimage\"},\"thumbnailUrl\":\"https:\\\/\\\/pmza.sk\\\/wp-content\\\/uploads\\\/2017\\\/08\\\/plagat_www-1.jpg\",\"articleSection\":[\"Aktuality\"],\"inLanguage\":\"sk-SK\"},{\"@type\":\"WebPage\",\"@id\":\"https:\\\/\\\/pmza.sk\\\/?p=22729\",\"url\":\"https:\\\/\\\/pmza.sk\\\/?p=22729\",\"name\":\"\u010cas v\u00fdletov - v\u00fdstava - Pova\u017esk\u00e9 m\u00fazeum\",\"isPartOf\":{\"@id\":\"https:\\\/\\\/pmza.sk\\\/#website\"},\"primaryImageOfPage\":{\"@id\":\"https:\\\/\\\/pmza.sk\\\/?p=22729#primaryimage\"},\"image\":{\"@id\":\"https:\\\/\\\/pmza.sk\\\/?p=22729#primaryimage\"},\"thumbnailUrl\":\"https:\\\/\\\/pmza.sk\\\/wp-content\\\/uploads\\\/2017\\\/08\\\/plagat_www-1.jpg\",\"datePublished\":\"2017-08-07T09:56:10+00:00\",\"breadcrumb\":{\"@id\":\"https:\\\/\\\/pmza.sk\\\/?p=22729#breadcrumb\"},\"inLanguage\":\"sk-SK\",\"potentialAction\":[{\"@type\":\"ReadAction\",\"target\":[\"https:\\\/\\\/pmza.sk\\\/?p=22729\"]}]},{\"@type\":\"ImageObject\",\"inLanguage\":\"sk-SK\",\"@id\":\"https:\\\/\\\/pmza.sk\\\/?p=22729#primaryimage\",\"url\":\"https:\\\/\\\/pmza.sk\\\/wp-content\\\/uploads\\\/2017\\\/08\\\/plagat_www-1.jpg\",\"contentUrl\":\"https:\\\/\\\/pmza.sk\\\/wp-content\\\/uploads\\\/2017\\\/08\\\/plagat_www-1.jpg\",\"width\":484,\"height\":684},{\"@type\":\"BreadcrumbList\",\"@id\":\"https:\\\/\\\/pmza.sk\\\/?p=22729#breadcrumb\",\"itemListElement\":[{\"@type\":\"ListItem\",\"position\":1,\"name\":\"Domovsk\u00e1 str\u00e1nka\",\"item\":\"https:\\\/\\\/pmza.sk\\\/\"},{\"@type\":\"ListItem\",\"position\":2,\"name\":\"\u010cas v\u00fdletov &#8211; v\u00fdstava\"}]},{\"@type\":\"WebSite\",\"@id\":\"https:\\\/\\\/pmza.sk\\\/#website\",\"url\":\"https:\\\/\\\/pmza.sk\\\/\",\"name\":\"Pova\u017esk\u00e9 m\u00fazeum\",\"description\":\"Pova\u017esk\u00e9 m\u00fazeum v \u017diline je region\u00e1lne m\u00fazeum so s\u00eddlom v Budat\u00edne. Jeho expoz\u00edcie s\u00fa zameran\u00e9 na dejiny slovensk\u00e9ho umenia, kult\u00fary a dopravy.\",\"publisher\":{\"@id\":\"https:\\\/\\\/pmza.sk\\\/#organization\"},\"potentialAction\":[{\"@type\":\"SearchAction\",\"target\":{\"@type\":\"EntryPoint\",\"urlTemplate\":\"https:\\\/\\\/pmza.sk\\\/?s={search_term_string}\"},\"query-input\":{\"@type\":\"PropertyValueSpecification\",\"valueRequired\":true,\"valueName\":\"search_term_string\"}}],\"inLanguage\":\"sk-SK\"},{\"@type\":\"Organization\",\"@id\":\"https:\\\/\\\/pmza.sk\\\/#organization\",\"name\":\"Pova\u017esk\u00e9 m\u00fazeum\",\"url\":\"https:\\\/\\\/pmza.sk\\\/\",\"logo\":{\"@type\":\"ImageObject\",\"inLanguage\":\"sk-SK\",\"@id\":\"https:\\\/\\\/pmza.sk\\\/#\\\/schema\\\/logo\\\/image\\\/\",\"url\":\"https:\\\/\\\/pmza.sk\\\/wp-content\\\/uploads\\\/2022\\\/01\\\/logo_PM_horizontal.jpg\",\"contentUrl\":\"https:\\\/\\\/pmza.sk\\\/wp-content\\\/uploads\\\/2022\\\/01\\\/logo_PM_horizontal.jpg\",\"width\":231,\"height\":142,\"caption\":\"Pova\u017esk\u00e9 m\u00fazeum\"},\"image\":{\"@id\":\"https:\\\/\\\/pmza.sk\\\/#\\\/schema\\\/logo\\\/image\\\/\"},\"sameAs\":[\"https:\\\/\\\/www.facebook.com\\\/povazskemuzeum\",\"https:\\\/\\\/www.instagram.com\\\/povazskemuzeum\\\/\"]},{\"@type\":\"Person\",\"@id\":\"https:\\\/\\\/pmza.sk\\\/#\\\/schema\\\/person\\\/595e6a2ce731ea94dcd5d7f50a41ae33\",\"name\":\"Pova\u017esk\u00e9 m\u00fazeum\",\"image\":{\"@type\":\"ImageObject\",\"inLanguage\":\"sk-SK\",\"@id\":\"https:\\\/\\\/secure.gravatar.com\\\/avatar\\\/2bb7f1561282132fb5826dfeccc66c7996d11ee392ac6aaf7ced8a1c2027fbb2?s=96&d=mm&r=g\",\"url\":\"https:\\\/\\\/secure.gravatar.com\\\/avatar\\\/2bb7f1561282132fb5826dfeccc66c7996d11ee392ac6aaf7ced8a1c2027fbb2?s=96&d=mm&r=g\",\"contentUrl\":\"https:\\\/\\\/secure.gravatar.com\\\/avatar\\\/2bb7f1561282132fb5826dfeccc66c7996d11ee392ac6aaf7ced8a1c2027fbb2?s=96&d=mm&r=g\",\"caption\":\"Pova\u017esk\u00e9 m\u00fazeum\"}}]}<\/script>\n<!-- \/ Yoast SEO plugin. -->","yoast_head_json":{"title":"\u010cas v\u00fdletov - v\u00fdstava - Pova\u017esk\u00e9 m\u00fazeum","robots":{"index":"index","follow":"follow","max-snippet":"max-snippet:-1","max-image-preview":"max-image-preview:large","max-video-preview":"max-video-preview:-1"},"canonical":"https:\/\/pmza.sk\/?p=22729","og_locale":"sk_SK","og_type":"article","og_title":"\u010cas v\u00fdletov - v\u00fdstava - Pova\u017esk\u00e9 m\u00fazeum","og_description":"Pova\u017esk\u00e9 m\u00fazeum v \u017diline v\u00e1s poz\u00fdva na vernis\u00e1\u017e autorskej v\u00fdstavy akademickej maliarky Daniely Kraj\u010dovej \u010cas v\u00fdletov na hrade Stre\u010dno, d\u0148a 18. augusta 2017 o 18.00 hod. Kur\u00e1torkou v\u00fdstavy je Mgr. Darina Arce. O autorke: Akademick\u00e1 maliarka Daniela Kraj\u010dov\u00e1 je v\u0161estrannou v\u00fdtvarn\u00ed\u010dkou, ktor\u00e1 zauj\u00edma svoje postavenie na slovenskej v\u00fdtvarnej sc\u00e9ne od sedemdesiatych rokov minul\u00e9ho storo\u010dia. Jej [&hellip;]","og_url":"https:\/\/pmza.sk\/?p=22729","og_site_name":"Pova\u017esk\u00e9 m\u00fazeum","article_publisher":"https:\/\/www.facebook.com\/povazskemuzeum","article_published_time":"2017-08-07T09:56:10+00:00","og_image":[{"width":484,"height":684,"url":"https:\/\/pmza.sk\/wp-content\/uploads\/2017\/08\/plagat_www-1.jpg","type":"image\/jpeg"}],"author":"Pova\u017esk\u00e9 m\u00fazeum","twitter_card":"summary_large_image","twitter_misc":{"Autor":"Pova\u017esk\u00e9 m\u00fazeum","Predpokladan\u00fd \u010das \u010d\u00edtania":"1 min\u00fata"},"schema":{"@context":"https:\/\/schema.org","@graph":[{"@type":"Article","@id":"https:\/\/pmza.sk\/?p=22729#article","isPartOf":{"@id":"https:\/\/pmza.sk\/?p=22729"},"author":{"name":"Pova\u017esk\u00e9 m\u00fazeum","@id":"https:\/\/pmza.sk\/#\/schema\/person\/595e6a2ce731ea94dcd5d7f50a41ae33"},"headline":"\u010cas v\u00fdletov &#8211; v\u00fdstava","datePublished":"2017-08-07T09:56:10+00:00","mainEntityOfPage":{"@id":"https:\/\/pmza.sk\/?p=22729"},"wordCount":242,"publisher":{"@id":"https:\/\/pmza.sk\/#organization"},"image":{"@id":"https:\/\/pmza.sk\/?p=22729#primaryimage"},"thumbnailUrl":"https:\/\/pmza.sk\/wp-content\/uploads\/2017\/08\/plagat_www-1.jpg","articleSection":["Aktuality"],"inLanguage":"sk-SK"},{"@type":"WebPage","@id":"https:\/\/pmza.sk\/?p=22729","url":"https:\/\/pmza.sk\/?p=22729","name":"\u010cas v\u00fdletov - v\u00fdstava - Pova\u017esk\u00e9 m\u00fazeum","isPartOf":{"@id":"https:\/\/pmza.sk\/#website"},"primaryImageOfPage":{"@id":"https:\/\/pmza.sk\/?p=22729#primaryimage"},"image":{"@id":"https:\/\/pmza.sk\/?p=22729#primaryimage"},"thumbnailUrl":"https:\/\/pmza.sk\/wp-content\/uploads\/2017\/08\/plagat_www-1.jpg","datePublished":"2017-08-07T09:56:10+00:00","breadcrumb":{"@id":"https:\/\/pmza.sk\/?p=22729#breadcrumb"},"inLanguage":"sk-SK","potentialAction":[{"@type":"ReadAction","target":["https:\/\/pmza.sk\/?p=22729"]}]},{"@type":"ImageObject","inLanguage":"sk-SK","@id":"https:\/\/pmza.sk\/?p=22729#primaryimage","url":"https:\/\/pmza.sk\/wp-content\/uploads\/2017\/08\/plagat_www-1.jpg","contentUrl":"https:\/\/pmza.sk\/wp-content\/uploads\/2017\/08\/plagat_www-1.jpg","width":484,"height":684},{"@type":"BreadcrumbList","@id":"https:\/\/pmza.sk\/?p=22729#breadcrumb","itemListElement":[{"@type":"ListItem","position":1,"name":"Domovsk\u00e1 str\u00e1nka","item":"https:\/\/pmza.sk\/"},{"@type":"ListItem","position":2,"name":"\u010cas v\u00fdletov &#8211; v\u00fdstava"}]},{"@type":"WebSite","@id":"https:\/\/pmza.sk\/#website","url":"https:\/\/pmza.sk\/","name":"Pova\u017esk\u00e9 m\u00fazeum","description":"Pova\u017esk\u00e9 m\u00fazeum v \u017diline je region\u00e1lne m\u00fazeum so s\u00eddlom v Budat\u00edne. Jeho expoz\u00edcie s\u00fa zameran\u00e9 na dejiny slovensk\u00e9ho umenia, kult\u00fary a dopravy.","publisher":{"@id":"https:\/\/pmza.sk\/#organization"},"potentialAction":[{"@type":"SearchAction","target":{"@type":"EntryPoint","urlTemplate":"https:\/\/pmza.sk\/?s={search_term_string}"},"query-input":{"@type":"PropertyValueSpecification","valueRequired":true,"valueName":"search_term_string"}}],"inLanguage":"sk-SK"},{"@type":"Organization","@id":"https:\/\/pmza.sk\/#organization","name":"Pova\u017esk\u00e9 m\u00fazeum","url":"https:\/\/pmza.sk\/","logo":{"@type":"ImageObject","inLanguage":"sk-SK","@id":"https:\/\/pmza.sk\/#\/schema\/logo\/image\/","url":"https:\/\/pmza.sk\/wp-content\/uploads\/2022\/01\/logo_PM_horizontal.jpg","contentUrl":"https:\/\/pmza.sk\/wp-content\/uploads\/2022\/01\/logo_PM_horizontal.jpg","width":231,"height":142,"caption":"Pova\u017esk\u00e9 m\u00fazeum"},"image":{"@id":"https:\/\/pmza.sk\/#\/schema\/logo\/image\/"},"sameAs":["https:\/\/www.facebook.com\/povazskemuzeum","https:\/\/www.instagram.com\/povazskemuzeum\/"]},{"@type":"Person","@id":"https:\/\/pmza.sk\/#\/schema\/person\/595e6a2ce731ea94dcd5d7f50a41ae33","name":"Pova\u017esk\u00e9 m\u00fazeum","image":{"@type":"ImageObject","inLanguage":"sk-SK","@id":"https:\/\/secure.gravatar.com\/avatar\/2bb7f1561282132fb5826dfeccc66c7996d11ee392ac6aaf7ced8a1c2027fbb2?s=96&d=mm&r=g","url":"https:\/\/secure.gravatar.com\/avatar\/2bb7f1561282132fb5826dfeccc66c7996d11ee392ac6aaf7ced8a1c2027fbb2?s=96&d=mm&r=g","contentUrl":"https:\/\/secure.gravatar.com\/avatar\/2bb7f1561282132fb5826dfeccc66c7996d11ee392ac6aaf7ced8a1c2027fbb2?s=96&d=mm&r=g","caption":"Pova\u017esk\u00e9 m\u00fazeum"}}]}},"_links":{"self":[{"href":"https:\/\/pmza.sk\/index.php?rest_route=\/wp\/v2\/posts\/22729","targetHints":{"allow":["GET"]}}],"collection":[{"href":"https:\/\/pmza.sk\/index.php?rest_route=\/wp\/v2\/posts"}],"about":[{"href":"https:\/\/pmza.sk\/index.php?rest_route=\/wp\/v2\/types\/post"}],"author":[{"embeddable":true,"href":"https:\/\/pmza.sk\/index.php?rest_route=\/wp\/v2\/users\/2"}],"replies":[{"embeddable":true,"href":"https:\/\/pmza.sk\/index.php?rest_route=%2Fwp%2Fv2%2Fcomments&post=22729"}],"version-history":[{"count":0,"href":"https:\/\/pmza.sk\/index.php?rest_route=\/wp\/v2\/posts\/22729\/revisions"}],"wp:featuredmedia":[{"embeddable":true,"href":"https:\/\/pmza.sk\/index.php?rest_route=\/wp\/v2\/media\/22746"}],"wp:attachment":[{"href":"https:\/\/pmza.sk\/index.php?rest_route=%2Fwp%2Fv2%2Fmedia&parent=22729"}],"wp:term":[{"taxonomy":"category","embeddable":true,"href":"https:\/\/pmza.sk\/index.php?rest_route=%2Fwp%2Fv2%2Fcategories&post=22729"},{"taxonomy":"post_tag","embeddable":true,"href":"https:\/\/pmza.sk\/index.php?rest_route=%2Fwp%2Fv2%2Ftags&post=22729"}],"curies":[{"name":"wp","href":"https:\/\/api.w.org\/{rel}","templated":true}]}}