{"id":22753,"date":"2017-08-03T09:44:50","date_gmt":"2017-08-03T07:44:50","guid":{"rendered":"https:\/\/pmza.sk.sk\/?p=22753"},"modified":"2017-08-03T09:44:50","modified_gmt":"2017-08-03T07:44:50","slug":"vecerne-premietanie-a-prehliadka-veze-budatinskeho-hradu-4-8-2017","status":"publish","type":"post","link":"https:\/\/pmza.sk\/?p=22753","title":{"rendered":"Ve\u010dern\u00e9 premietanie a prehliadka ve\u017ee Budat\u00ednskeho hradu &#8211; 4. 8. 2017"},"content":{"rendered":"<p>Pova\u017esk\u00e9 m\u00fazeum v \u017diline v\u00e1s op\u00e4\u0165 poz\u00fdva na ve\u010dern\u00e9 premietanie \u010deskoslovenskej klasiky, v piatok 4. augusta 2017. Po\u010das ve\u010dera s\u00fa pre v\u00e1s pripraven\u00e9 letn\u00e9 kino a ve\u010dern\u00e9 prehliadky ve\u017ee Budat\u00ednskeho hradu.<\/p>\n<p>Ve\u010dern\u00e1 prehliadka hradnej ve\u017ee bude realizovan\u00e1 v polhodinov\u00fdch intervaloch, so za\u010diatkom o 19. hodine. Posledn\u00fd vstup je napl\u00e1novan\u00fd na 20.30 hod. Sprev\u00e1dza\u0165 v\u00e1s aj tento raz bud\u00fa d\u00e1my v dobov\u00fdch kost\u00fdmoch. Na jednotliv\u00fdch podla\u017eiach ve\u017ee je spr\u00edstupnen\u00e1 expoz\u00edcia via\u017euca sa k dejin\u00e1m hradu, expoz\u00edcia historick\u00fdch m\u00e1p, obraz\u00e1re\u0148, expoz\u00edcia hod\u00edn a na vrchole ve\u017ee v\u00e1s \u010dak\u00e1 jedine\u010dn\u00fd ve\u010dern\u00fd poh\u013ead na mesto \u017dilina a okolie. Po prehliadke hradnej ve\u017ee v\u00e1s radi priv\u00edtame pred hlavn\u00fdm p\u00f3diom v are\u00e1li Budat\u00ednskeho hradu, kde o <strong>21. hodine<\/strong> premietneme \u010deskoslovensk\u00fa filmov\u00fa klasiku <strong>\u201eKeby som mal pu\u0161ku\u201c<\/strong>, z roku 1971. Vstup na projekciu je bezplatn\u00fd.<a href=\"https:\/\/pmza.sk\/wp-content\/uploads\/2017\/08\/Keby-som-mal-pusku.jpg\"><img decoding=\"async\" class=\" wp-image-22755 alignright\" src=\"https:\/\/pmza.sk.sk\/wp-content\/uploads\/2017\/08\/Keby-som-mal-pu\u0161ku-150x107.jpg\" alt=\"\" width=\"230\" height=\"164\" \/><\/a><\/p>\n<p><strong>O filme:<\/strong><\/p>\n<p><span class=\"source\">Film, ktor\u00fd vznikol pod\u013ea liter\u00e1rnej predlohy Milana Ferka, rozpr\u00e1va o vojnov\u00fdch \u010dasoch z poh\u013ead<span class=\"text_exposed_show\">u detsk\u00fdch hrdinov a patr\u00ed v tomto smere spolu s filmom Stanislava Barab\u00e1\u0161a Piese\u0148 o sivom holubovi medzi najlep\u0161ie filmy slovenskej kinematografie. Na pozad\u00ed udalost\u00ed na Slovensku medzi vypuknut\u00edm Slovensk\u00e9ho n\u00e1rodn\u00e9ho povstania a osloboden\u00edm sledujeme osudy mal\u00fdch hrdinov s ich detsk\u00fdmi staros\u0165ami i rados\u0165ami. St\u00e1vame sa svedkami ich objavovania okolit\u00e9ho sveta, sexuality, komentovania \u013eud\u00ed a udalost\u00ed a v neposlednom rade i t\u00fa\u017eby po dospelosti, ktor\u00fa v tomto pr\u00edpade paradoxne predstavuje pu\u0161ka. Mozaikovit\u00e9 rozpr\u00e1vanie v\u0161ak okrem dychtiv\u00e9ho pozn\u00e1vania mlad\u00fdch hrdinov sprev\u00e1dzaj\u00fa nest\u00e1le stretnutia so smr\u0165ou alebo aspo\u0148 hrozba jej zjavenia. Film Keby som mal pu\u0161ku patr\u00ed do Zlat\u00e9ho fondu Slovenskej kinematografie a zasl\u00fa\u017eili sa o to okrem re\u017eis\u00e9ra \u0160tefana Uhra aj kameraman Stanislav Szomol\u00e1nyi, hudobn\u00fd skladate\u013e I\u013eja Zeljenka, striha\u010d Max Reme\u0148 a v neposlednom rade hereck\u00e9 obsadenie. (ofici\u00e1lny text distrib\u00fatora)<\/span><\/span><\/p>\n<p>Ke\u010f\u017ee film &#8222;Keby som mal pu\u0161ku&#8220; m\u00e1 aj svoje pokra\u010dovanie &#8222;Keby som mal diev\u010da&#8220;, rozhodli sme sa aj pre septembrov\u00fd term\u00edn letn\u00e9ho kina v are\u00e1li Budat\u00ednskeho hradu v nede\u013eu 24. 9. 2017 v r\u00e1mci podujatia Cestovanie v \u010dase.<\/p>\n","protected":false},"excerpt":{"rendered":"<p>Pova\u017esk\u00e9 m\u00fazeum v \u017diline v\u00e1s op\u00e4\u0165 poz\u00fdva na ve\u010dern\u00e9 premietanie \u010deskoslovenskej klasiky, v piatok 4. augusta 2017. Po\u010das ve\u010dera s\u00fa pre v\u00e1s pripraven\u00e9 letn\u00e9 kino a ve\u010dern\u00e9 prehliadky ve\u017ee Budat\u00ednskeho hradu. Ve\u010dern\u00e1 prehliadka hradnej ve\u017ee bude realizovan\u00e1 v polhodinov\u00fdch intervaloch, so za\u010diatkom o 19. hodine. Posledn\u00fd vstup je napl\u00e1novan\u00fd na 20.30 hod. Sprev\u00e1dza\u0165 v\u00e1s aj [&hellip;]<\/p>\n","protected":false},"author":2,"featured_media":22362,"comment_status":"closed","ping_status":"closed","sticky":false,"template":"","format":"standard","meta":{"site-sidebar-layout":"default","site-content-layout":"","ast-site-content-layout":"","site-content-style":"default","site-sidebar-style":"default","ast-global-header-display":"","ast-banner-title-visibility":"","ast-main-header-display":"","ast-hfb-above-header-display":"","ast-hfb-below-header-display":"","ast-hfb-mobile-header-display":"","site-post-title":"","ast-breadcrumbs-content":"","ast-featured-img":"","footer-sml-layout":"","theme-transparent-header-meta":"","adv-header-id-meta":"","stick-header-meta":"","header-above-stick-meta":"","header-main-stick-meta":"","header-below-stick-meta":"","astra-migrate-meta-layouts":"default","ast-page-background-enabled":"default","ast-page-background-meta":{"desktop":{"background-color":"var(--ast-global-color-4)","background-image":"","background-repeat":"repeat","background-position":"center center","background-size":"auto","background-attachment":"scroll","background-type":"","background-media":"","overlay-type":"","overlay-color":"","overlay-opacity":"","overlay-gradient":""},"tablet":{"background-color":"","background-image":"","background-repeat":"repeat","background-position":"center center","background-size":"auto","background-attachment":"scroll","background-type":"","background-media":"","overlay-type":"","overlay-color":"","overlay-opacity":"","overlay-gradient":""},"mobile":{"background-color":"","background-image":"","background-repeat":"repeat","background-position":"center center","background-size":"auto","background-attachment":"scroll","background-type":"","background-media":"","overlay-type":"","overlay-color":"","overlay-opacity":"","overlay-gradient":""}},"ast-content-background-meta":{"desktop":{"background-color":"var(--ast-global-color-5)","background-image":"","background-repeat":"repeat","background-position":"center center","background-size":"auto","background-attachment":"scroll","background-type":"","background-media":"","overlay-type":"","overlay-color":"","overlay-opacity":"","overlay-gradient":""},"tablet":{"background-color":"var(--ast-global-color-5)","background-image":"","background-repeat":"repeat","background-position":"center center","background-size":"auto","background-attachment":"scroll","background-type":"","background-media":"","overlay-type":"","overlay-color":"","overlay-opacity":"","overlay-gradient":""},"mobile":{"background-color":"var(--ast-global-color-5)","background-image":"","background-repeat":"repeat","background-position":"center center","background-size":"auto","background-attachment":"scroll","background-type":"","background-media":"","overlay-type":"","overlay-color":"","overlay-opacity":"","overlay-gradient":""}},"footnotes":""},"categories":[31],"tags":[],"class_list":["post-22753","post","type-post","status-publish","format-standard","has-post-thumbnail","hentry","category-aktuality"],"yoast_head":"<!-- This site is optimized with the Yoast SEO plugin v27.4 - https:\/\/yoast.com\/product\/yoast-seo-wordpress\/ -->\n<title>Ve\u010dern\u00e9 premietanie a prehliadka ve\u017ee Budat\u00ednskeho hradu - 4. 8. 2017 - Pova\u017esk\u00e9 m\u00fazeum<\/title>\n<meta name=\"robots\" content=\"index, follow, max-snippet:-1, max-image-preview:large, max-video-preview:-1\" \/>\n<link rel=\"canonical\" href=\"https:\/\/pmza.sk\/?p=22753\" \/>\n<meta property=\"og:locale\" content=\"sk_SK\" \/>\n<meta property=\"og:type\" content=\"article\" \/>\n<meta property=\"og:title\" content=\"Ve\u010dern\u00e9 premietanie a prehliadka ve\u017ee Budat\u00ednskeho hradu - 4. 8. 2017 - Pova\u017esk\u00e9 m\u00fazeum\" \/>\n<meta property=\"og:description\" content=\"Pova\u017esk\u00e9 m\u00fazeum v \u017diline v\u00e1s op\u00e4\u0165 poz\u00fdva na ve\u010dern\u00e9 premietanie \u010deskoslovenskej klasiky, v piatok 4. augusta 2017. Po\u010das ve\u010dera s\u00fa pre v\u00e1s pripraven\u00e9 letn\u00e9 kino a ve\u010dern\u00e9 prehliadky ve\u017ee Budat\u00ednskeho hradu. Ve\u010dern\u00e1 prehliadka hradnej ve\u017ee bude realizovan\u00e1 v polhodinov\u00fdch intervaloch, so za\u010diatkom o 19. hodine. Posledn\u00fd vstup je napl\u00e1novan\u00fd na 20.30 hod. Sprev\u00e1dza\u0165 v\u00e1s aj [&hellip;]\" \/>\n<meta property=\"og:url\" content=\"https:\/\/pmza.sk\/?p=22753\" \/>\n<meta property=\"og:site_name\" content=\"Pova\u017esk\u00e9 m\u00fazeum\" \/>\n<meta property=\"article:publisher\" content=\"https:\/\/www.facebook.com\/povazskemuzeum\" \/>\n<meta property=\"article:published_time\" content=\"2017-08-03T07:44:50+00:00\" \/>\n<meta property=\"og:image\" content=\"https:\/\/pmza.sk\/wp-content\/uploads\/2017\/07\/premietanie_budatin-scaled-1.jpg\" \/>\n\t<meta property=\"og:image:width\" content=\"1773\" \/>\n\t<meta property=\"og:image:height\" content=\"2560\" \/>\n\t<meta property=\"og:image:type\" content=\"image\/jpeg\" \/>\n<meta name=\"author\" content=\"Pova\u017esk\u00e9 m\u00fazeum\" \/>\n<meta name=\"twitter:card\" content=\"summary_large_image\" \/>\n<meta name=\"twitter:label1\" content=\"Autor\" \/>\n\t<meta name=\"twitter:data1\" content=\"Pova\u017esk\u00e9 m\u00fazeum\" \/>\n\t<meta name=\"twitter:label2\" content=\"Predpokladan\u00fd \u010das \u010d\u00edtania\" \/>\n\t<meta name=\"twitter:data2\" content=\"2 min\u00faty\" \/>\n<script type=\"application\/ld+json\" class=\"yoast-schema-graph\">{\"@context\":\"https:\\\/\\\/schema.org\",\"@graph\":[{\"@type\":\"Article\",\"@id\":\"https:\\\/\\\/pmza.sk\\\/?p=22753#article\",\"isPartOf\":{\"@id\":\"https:\\\/\\\/pmza.sk\\\/?p=22753\"},\"author\":{\"name\":\"Pova\u017esk\u00e9 m\u00fazeum\",\"@id\":\"https:\\\/\\\/pmza.sk\\\/#\\\/schema\\\/person\\\/595e6a2ce731ea94dcd5d7f50a41ae33\"},\"headline\":\"Ve\u010dern\u00e9 premietanie a prehliadka ve\u017ee Budat\u00ednskeho hradu &#8211; 4. 8. 2017\",\"datePublished\":\"2017-08-03T07:44:50+00:00\",\"mainEntityOfPage\":{\"@id\":\"https:\\\/\\\/pmza.sk\\\/?p=22753\"},\"wordCount\":408,\"publisher\":{\"@id\":\"https:\\\/\\\/pmza.sk\\\/#organization\"},\"image\":{\"@id\":\"https:\\\/\\\/pmza.sk\\\/?p=22753#primaryimage\"},\"thumbnailUrl\":\"https:\\\/\\\/pmza.sk\\\/wp-content\\\/uploads\\\/2017\\\/07\\\/premietanie_budatin-scaled-1.jpg\",\"articleSection\":[\"Aktuality\"],\"inLanguage\":\"sk-SK\"},{\"@type\":\"WebPage\",\"@id\":\"https:\\\/\\\/pmza.sk\\\/?p=22753\",\"url\":\"https:\\\/\\\/pmza.sk\\\/?p=22753\",\"name\":\"Ve\u010dern\u00e9 premietanie a prehliadka ve\u017ee Budat\u00ednskeho hradu - 4. 8. 2017 - Pova\u017esk\u00e9 m\u00fazeum\",\"isPartOf\":{\"@id\":\"https:\\\/\\\/pmza.sk\\\/#website\"},\"primaryImageOfPage\":{\"@id\":\"https:\\\/\\\/pmza.sk\\\/?p=22753#primaryimage\"},\"image\":{\"@id\":\"https:\\\/\\\/pmza.sk\\\/?p=22753#primaryimage\"},\"thumbnailUrl\":\"https:\\\/\\\/pmza.sk\\\/wp-content\\\/uploads\\\/2017\\\/07\\\/premietanie_budatin-scaled-1.jpg\",\"datePublished\":\"2017-08-03T07:44:50+00:00\",\"breadcrumb\":{\"@id\":\"https:\\\/\\\/pmza.sk\\\/?p=22753#breadcrumb\"},\"inLanguage\":\"sk-SK\",\"potentialAction\":[{\"@type\":\"ReadAction\",\"target\":[\"https:\\\/\\\/pmza.sk\\\/?p=22753\"]}]},{\"@type\":\"ImageObject\",\"inLanguage\":\"sk-SK\",\"@id\":\"https:\\\/\\\/pmza.sk\\\/?p=22753#primaryimage\",\"url\":\"https:\\\/\\\/pmza.sk\\\/wp-content\\\/uploads\\\/2017\\\/07\\\/premietanie_budatin-scaled-1.jpg\",\"contentUrl\":\"https:\\\/\\\/pmza.sk\\\/wp-content\\\/uploads\\\/2017\\\/07\\\/premietanie_budatin-scaled-1.jpg\",\"width\":1773,\"height\":2560},{\"@type\":\"BreadcrumbList\",\"@id\":\"https:\\\/\\\/pmza.sk\\\/?p=22753#breadcrumb\",\"itemListElement\":[{\"@type\":\"ListItem\",\"position\":1,\"name\":\"Domovsk\u00e1 str\u00e1nka\",\"item\":\"https:\\\/\\\/pmza.sk\\\/\"},{\"@type\":\"ListItem\",\"position\":2,\"name\":\"Ve\u010dern\u00e9 premietanie a prehliadka ve\u017ee Budat\u00ednskeho hradu &#8211; 4. 8. 2017\"}]},{\"@type\":\"WebSite\",\"@id\":\"https:\\\/\\\/pmza.sk\\\/#website\",\"url\":\"https:\\\/\\\/pmza.sk\\\/\",\"name\":\"Pova\u017esk\u00e9 m\u00fazeum\",\"description\":\"Pova\u017esk\u00e9 m\u00fazeum v \u017diline je region\u00e1lne m\u00fazeum so s\u00eddlom v Budat\u00edne. Jeho expoz\u00edcie s\u00fa zameran\u00e9 na dejiny slovensk\u00e9ho umenia, kult\u00fary a dopravy.\",\"publisher\":{\"@id\":\"https:\\\/\\\/pmza.sk\\\/#organization\"},\"potentialAction\":[{\"@type\":\"SearchAction\",\"target\":{\"@type\":\"EntryPoint\",\"urlTemplate\":\"https:\\\/\\\/pmza.sk\\\/?s={search_term_string}\"},\"query-input\":{\"@type\":\"PropertyValueSpecification\",\"valueRequired\":true,\"valueName\":\"search_term_string\"}}],\"inLanguage\":\"sk-SK\"},{\"@type\":\"Organization\",\"@id\":\"https:\\\/\\\/pmza.sk\\\/#organization\",\"name\":\"Pova\u017esk\u00e9 m\u00fazeum\",\"url\":\"https:\\\/\\\/pmza.sk\\\/\",\"logo\":{\"@type\":\"ImageObject\",\"inLanguage\":\"sk-SK\",\"@id\":\"https:\\\/\\\/pmza.sk\\\/#\\\/schema\\\/logo\\\/image\\\/\",\"url\":\"https:\\\/\\\/pmza.sk\\\/wp-content\\\/uploads\\\/2022\\\/01\\\/logo_PM_horizontal.jpg\",\"contentUrl\":\"https:\\\/\\\/pmza.sk\\\/wp-content\\\/uploads\\\/2022\\\/01\\\/logo_PM_horizontal.jpg\",\"width\":231,\"height\":142,\"caption\":\"Pova\u017esk\u00e9 m\u00fazeum\"},\"image\":{\"@id\":\"https:\\\/\\\/pmza.sk\\\/#\\\/schema\\\/logo\\\/image\\\/\"},\"sameAs\":[\"https:\\\/\\\/www.facebook.com\\\/povazskemuzeum\",\"https:\\\/\\\/www.instagram.com\\\/povazskemuzeum\\\/\"]},{\"@type\":\"Person\",\"@id\":\"https:\\\/\\\/pmza.sk\\\/#\\\/schema\\\/person\\\/595e6a2ce731ea94dcd5d7f50a41ae33\",\"name\":\"Pova\u017esk\u00e9 m\u00fazeum\",\"image\":{\"@type\":\"ImageObject\",\"inLanguage\":\"sk-SK\",\"@id\":\"https:\\\/\\\/secure.gravatar.com\\\/avatar\\\/2bb7f1561282132fb5826dfeccc66c7996d11ee392ac6aaf7ced8a1c2027fbb2?s=96&d=mm&r=g\",\"url\":\"https:\\\/\\\/secure.gravatar.com\\\/avatar\\\/2bb7f1561282132fb5826dfeccc66c7996d11ee392ac6aaf7ced8a1c2027fbb2?s=96&d=mm&r=g\",\"contentUrl\":\"https:\\\/\\\/secure.gravatar.com\\\/avatar\\\/2bb7f1561282132fb5826dfeccc66c7996d11ee392ac6aaf7ced8a1c2027fbb2?s=96&d=mm&r=g\",\"caption\":\"Pova\u017esk\u00e9 m\u00fazeum\"}}]}<\/script>\n<!-- \/ Yoast SEO plugin. -->","yoast_head_json":{"title":"Ve\u010dern\u00e9 premietanie a prehliadka ve\u017ee Budat\u00ednskeho hradu - 4. 8. 2017 - Pova\u017esk\u00e9 m\u00fazeum","robots":{"index":"index","follow":"follow","max-snippet":"max-snippet:-1","max-image-preview":"max-image-preview:large","max-video-preview":"max-video-preview:-1"},"canonical":"https:\/\/pmza.sk\/?p=22753","og_locale":"sk_SK","og_type":"article","og_title":"Ve\u010dern\u00e9 premietanie a prehliadka ve\u017ee Budat\u00ednskeho hradu - 4. 8. 2017 - Pova\u017esk\u00e9 m\u00fazeum","og_description":"Pova\u017esk\u00e9 m\u00fazeum v \u017diline v\u00e1s op\u00e4\u0165 poz\u00fdva na ve\u010dern\u00e9 premietanie \u010deskoslovenskej klasiky, v piatok 4. augusta 2017. Po\u010das ve\u010dera s\u00fa pre v\u00e1s pripraven\u00e9 letn\u00e9 kino a ve\u010dern\u00e9 prehliadky ve\u017ee Budat\u00ednskeho hradu. Ve\u010dern\u00e1 prehliadka hradnej ve\u017ee bude realizovan\u00e1 v polhodinov\u00fdch intervaloch, so za\u010diatkom o 19. hodine. Posledn\u00fd vstup je napl\u00e1novan\u00fd na 20.30 hod. Sprev\u00e1dza\u0165 v\u00e1s aj [&hellip;]","og_url":"https:\/\/pmza.sk\/?p=22753","og_site_name":"Pova\u017esk\u00e9 m\u00fazeum","article_publisher":"https:\/\/www.facebook.com\/povazskemuzeum","article_published_time":"2017-08-03T07:44:50+00:00","og_image":[{"width":1773,"height":2560,"url":"https:\/\/pmza.sk\/wp-content\/uploads\/2017\/07\/premietanie_budatin-scaled-1.jpg","type":"image\/jpeg"}],"author":"Pova\u017esk\u00e9 m\u00fazeum","twitter_card":"summary_large_image","twitter_misc":{"Autor":"Pova\u017esk\u00e9 m\u00fazeum","Predpokladan\u00fd \u010das \u010d\u00edtania":"2 min\u00faty"},"schema":{"@context":"https:\/\/schema.org","@graph":[{"@type":"Article","@id":"https:\/\/pmza.sk\/?p=22753#article","isPartOf":{"@id":"https:\/\/pmza.sk\/?p=22753"},"author":{"name":"Pova\u017esk\u00e9 m\u00fazeum","@id":"https:\/\/pmza.sk\/#\/schema\/person\/595e6a2ce731ea94dcd5d7f50a41ae33"},"headline":"Ve\u010dern\u00e9 premietanie a prehliadka ve\u017ee Budat\u00ednskeho hradu &#8211; 4. 8. 2017","datePublished":"2017-08-03T07:44:50+00:00","mainEntityOfPage":{"@id":"https:\/\/pmza.sk\/?p=22753"},"wordCount":408,"publisher":{"@id":"https:\/\/pmza.sk\/#organization"},"image":{"@id":"https:\/\/pmza.sk\/?p=22753#primaryimage"},"thumbnailUrl":"https:\/\/pmza.sk\/wp-content\/uploads\/2017\/07\/premietanie_budatin-scaled-1.jpg","articleSection":["Aktuality"],"inLanguage":"sk-SK"},{"@type":"WebPage","@id":"https:\/\/pmza.sk\/?p=22753","url":"https:\/\/pmza.sk\/?p=22753","name":"Ve\u010dern\u00e9 premietanie a prehliadka ve\u017ee Budat\u00ednskeho hradu - 4. 8. 2017 - Pova\u017esk\u00e9 m\u00fazeum","isPartOf":{"@id":"https:\/\/pmza.sk\/#website"},"primaryImageOfPage":{"@id":"https:\/\/pmza.sk\/?p=22753#primaryimage"},"image":{"@id":"https:\/\/pmza.sk\/?p=22753#primaryimage"},"thumbnailUrl":"https:\/\/pmza.sk\/wp-content\/uploads\/2017\/07\/premietanie_budatin-scaled-1.jpg","datePublished":"2017-08-03T07:44:50+00:00","breadcrumb":{"@id":"https:\/\/pmza.sk\/?p=22753#breadcrumb"},"inLanguage":"sk-SK","potentialAction":[{"@type":"ReadAction","target":["https:\/\/pmza.sk\/?p=22753"]}]},{"@type":"ImageObject","inLanguage":"sk-SK","@id":"https:\/\/pmza.sk\/?p=22753#primaryimage","url":"https:\/\/pmza.sk\/wp-content\/uploads\/2017\/07\/premietanie_budatin-scaled-1.jpg","contentUrl":"https:\/\/pmza.sk\/wp-content\/uploads\/2017\/07\/premietanie_budatin-scaled-1.jpg","width":1773,"height":2560},{"@type":"BreadcrumbList","@id":"https:\/\/pmza.sk\/?p=22753#breadcrumb","itemListElement":[{"@type":"ListItem","position":1,"name":"Domovsk\u00e1 str\u00e1nka","item":"https:\/\/pmza.sk\/"},{"@type":"ListItem","position":2,"name":"Ve\u010dern\u00e9 premietanie a prehliadka ve\u017ee Budat\u00ednskeho hradu &#8211; 4. 8. 2017"}]},{"@type":"WebSite","@id":"https:\/\/pmza.sk\/#website","url":"https:\/\/pmza.sk\/","name":"Pova\u017esk\u00e9 m\u00fazeum","description":"Pova\u017esk\u00e9 m\u00fazeum v \u017diline je region\u00e1lne m\u00fazeum so s\u00eddlom v Budat\u00edne. Jeho expoz\u00edcie s\u00fa zameran\u00e9 na dejiny slovensk\u00e9ho umenia, kult\u00fary a dopravy.","publisher":{"@id":"https:\/\/pmza.sk\/#organization"},"potentialAction":[{"@type":"SearchAction","target":{"@type":"EntryPoint","urlTemplate":"https:\/\/pmza.sk\/?s={search_term_string}"},"query-input":{"@type":"PropertyValueSpecification","valueRequired":true,"valueName":"search_term_string"}}],"inLanguage":"sk-SK"},{"@type":"Organization","@id":"https:\/\/pmza.sk\/#organization","name":"Pova\u017esk\u00e9 m\u00fazeum","url":"https:\/\/pmza.sk\/","logo":{"@type":"ImageObject","inLanguage":"sk-SK","@id":"https:\/\/pmza.sk\/#\/schema\/logo\/image\/","url":"https:\/\/pmza.sk\/wp-content\/uploads\/2022\/01\/logo_PM_horizontal.jpg","contentUrl":"https:\/\/pmza.sk\/wp-content\/uploads\/2022\/01\/logo_PM_horizontal.jpg","width":231,"height":142,"caption":"Pova\u017esk\u00e9 m\u00fazeum"},"image":{"@id":"https:\/\/pmza.sk\/#\/schema\/logo\/image\/"},"sameAs":["https:\/\/www.facebook.com\/povazskemuzeum","https:\/\/www.instagram.com\/povazskemuzeum\/"]},{"@type":"Person","@id":"https:\/\/pmza.sk\/#\/schema\/person\/595e6a2ce731ea94dcd5d7f50a41ae33","name":"Pova\u017esk\u00e9 m\u00fazeum","image":{"@type":"ImageObject","inLanguage":"sk-SK","@id":"https:\/\/secure.gravatar.com\/avatar\/2bb7f1561282132fb5826dfeccc66c7996d11ee392ac6aaf7ced8a1c2027fbb2?s=96&d=mm&r=g","url":"https:\/\/secure.gravatar.com\/avatar\/2bb7f1561282132fb5826dfeccc66c7996d11ee392ac6aaf7ced8a1c2027fbb2?s=96&d=mm&r=g","contentUrl":"https:\/\/secure.gravatar.com\/avatar\/2bb7f1561282132fb5826dfeccc66c7996d11ee392ac6aaf7ced8a1c2027fbb2?s=96&d=mm&r=g","caption":"Pova\u017esk\u00e9 m\u00fazeum"}}]}},"_links":{"self":[{"href":"https:\/\/pmza.sk\/index.php?rest_route=\/wp\/v2\/posts\/22753","targetHints":{"allow":["GET"]}}],"collection":[{"href":"https:\/\/pmza.sk\/index.php?rest_route=\/wp\/v2\/posts"}],"about":[{"href":"https:\/\/pmza.sk\/index.php?rest_route=\/wp\/v2\/types\/post"}],"author":[{"embeddable":true,"href":"https:\/\/pmza.sk\/index.php?rest_route=\/wp\/v2\/users\/2"}],"replies":[{"embeddable":true,"href":"https:\/\/pmza.sk\/index.php?rest_route=%2Fwp%2Fv2%2Fcomments&post=22753"}],"version-history":[{"count":0,"href":"https:\/\/pmza.sk\/index.php?rest_route=\/wp\/v2\/posts\/22753\/revisions"}],"wp:featuredmedia":[{"embeddable":true,"href":"https:\/\/pmza.sk\/index.php?rest_route=\/wp\/v2\/media\/22362"}],"wp:attachment":[{"href":"https:\/\/pmza.sk\/index.php?rest_route=%2Fwp%2Fv2%2Fmedia&parent=22753"}],"wp:term":[{"taxonomy":"category","embeddable":true,"href":"https:\/\/pmza.sk\/index.php?rest_route=%2Fwp%2Fv2%2Fcategories&post=22753"},{"taxonomy":"post_tag","embeddable":true,"href":"https:\/\/pmza.sk\/index.php?rest_route=%2Fwp%2Fv2%2Ftags&post=22753"}],"curies":[{"name":"wp","href":"https:\/\/api.w.org\/{rel}","templated":true}]}}