{"id":22764,"date":"2017-08-07T08:54:56","date_gmt":"2017-08-07T06:54:56","guid":{"rendered":"https:\/\/pmza.sk.sk\/?p=22764"},"modified":"2017-08-07T08:54:56","modified_gmt":"2017-08-07T06:54:56","slug":"nocne-prehliadky-hradu-strecno-aj-v-auguste","status":"publish","type":"post","link":"https:\/\/pmza.sk\/?p=22764","title":{"rendered":"No\u010dn\u00e9 prehliadky hradu Stre\u010dno aj v auguste &#8211; FOTO"},"content":{"rendered":"<p><strong>Aj po\u010das dvoch augustov\u00fdch piatkov s\u00fa pre n\u00e1v\u0161tevn\u00edkov hradu Stre\u010dno pripraven\u00e9 ob\u013e\u00faben\u00e9 no\u010dn\u00e9 prehliadky.<\/strong><\/p>\n<p>Vstupenky na podujatie je mo\u017en\u00e9 z\u00edska\u0165 z\u00a0pohodlia domova v <a href=\"https:\/\/predpredaj.zoznam.sk\/sk\/listky\/11431\/nocne-prehliadky-hradu-strecno\">PREDPREDAJI<\/a> a\u00a0po\u010das prehliadky priamo v\u00a0pokladnici na hrade Stre\u010dno. <em>\u201eZv\u00fd\u0161ili sme komfort n\u00e1kupu, n\u00e1v\u0161tevn\u00edci u\u017e nemusia \u010daka\u0165 v rade na vstupenky a\u00a0ka\u017ed\u00fd z\u00a0nich m\u00e1 mo\u017enos\u0165 vybra\u0165 si v\u00a0dan\u00fd ve\u010der presn\u00fd \u010das vstupu na no\u010dn\u00fa prehliadku. Tento syst\u00e9m predaja sa n\u00e1m osved\u010dil. Vieme vyhovie\u0165 n\u00e1v\u0161tevn\u00edkom, ktor\u00ed pl\u00e1nuj\u00fa dlhodobej\u0161ie i\u00a0t\u00fdm, ktor\u00ed sa rozhodn\u00fa pre n\u00e1v\u0161tevu podujatia v\u00a0dan\u00fd de\u0148,\u201c <\/em>uviedol riadite\u013e Pova\u017esk\u00e9ho m\u00fazea v\u00a0\u017diline Michal Jureck\u00fd.<\/p>\n<p>Prehliadky hradu Stre\u010dno v\u00a0no\u010dnej atmosf\u00e9re s\u00fa atrakt\u00edvne zauj\u00edmav\u00fdm programom v hrade i\u00a0podhrad\u00ed. V\u00a0tieto tajupln\u00e9 ve\u010dery prich\u00e1dzaj\u00fa na hrad tri \u017eeny \u2013 \u0161\u013eachti\u010dn\u00e1 Benigna, J\u00falia Kapuletov\u00e1 a\u00a0\u017dofia Bosniakov\u00e1. Dve z\u00a0nich, Benigna a\u00a0\u017dofia, \u017eili priamo na hrade Stre\u010dno, J\u00falia poch\u00e1dzala z\u00a0talianskeho meste\u010dka Verona. Na prv\u00fd poh\u013ead by sa mohlo zda\u0165, \u017ee tieto \u017eeny nemaj\u00fa ni\u010d spolo\u010dn\u00e9, ale opak je pravdou. V\u0161etky tri vo\u0161li do dej\u00edn a\u00a0do povedomia \u013eud\u00ed a\u00a0ani po mnoh\u00fdch rokoch neprest\u00e1va ich \u017eivot budi\u0165 pozornos\u0165.<em> \u201ePreto sa po\u010das \u0161tyroch no\u010dn\u00fdch prehliadok na hrade Stre\u010dno vyberte s\u00a0nami za tajomstvami t\u00fdchto troch \u017eien,\u201c<\/em> poz\u00fdva spr\u00e1vky\u0148a hradu Stre\u010dno Katar\u00edna Rep\u00e1\u0148ov\u00e1.<\/p>\n<p>V\u00fdnimo\u010dnos\u0165 prehliadky umocn\u00ed sveteln\u00fd pr\u00edbeh \u017dofie Bosniakovej. Pomocou il\u00fazie svetla a\u00a0tajomna ve\u010dern\u00e9ho stredovek\u00e9ho hradu bude zobrazen\u00fd pr\u00edbeh \u017dofie. Vyvrcholen\u00edm ka\u017edej no\u010dnej prehliadky je impozantn\u00e1 oh\u0148ov\u00e1 \u0161ou v\u00a0podan\u00ed Black Evils.<\/p>\n<p>Prehliadky s\u00fa napl\u00e1novan\u00e9 na 11. 8. a\u00a025. 8. 2017. Organiz\u00e1tori odpor\u00fa\u010daj\u00fa prinies\u0165 si so sebou i\u00a0baterky. Vzh\u013eadom k\u00a0no\u010dnej hodine je prehliadka hradu vhodn\u00e1 pre deti od 8 rokov.<\/p>\n<p><a href=\"https:\/\/pmza.sk.sk\/fotogaleria\/gallery\/nocna-prehliadka-hradu-strecno-11-8-2017\/\">FOTOGAL\u00c9RIA<\/a><\/p>\n","protected":false},"excerpt":{"rendered":"<p>Aj po\u010das dvoch augustov\u00fdch piatkov s\u00fa pre n\u00e1v\u0161tevn\u00edkov hradu Stre\u010dno pripraven\u00e9 ob\u013e\u00faben\u00e9 no\u010dn\u00e9 prehliadky. Vstupenky na podujatie je mo\u017en\u00e9 z\u00edska\u0165 z\u00a0pohodlia domova v PREDPREDAJI a\u00a0po\u010das prehliadky priamo v\u00a0pokladnici na hrade Stre\u010dno. \u201eZv\u00fd\u0161ili sme komfort n\u00e1kupu, n\u00e1v\u0161tevn\u00edci u\u017e nemusia \u010daka\u0165 v rade na vstupenky a\u00a0ka\u017ed\u00fd z\u00a0nich m\u00e1 mo\u017enos\u0165 vybra\u0165 si v\u00a0dan\u00fd ve\u010der presn\u00fd \u010das vstupu na [&hellip;]<\/p>\n","protected":false},"author":2,"featured_media":22113,"comment_status":"closed","ping_status":"closed","sticky":false,"template":"","format":"standard","meta":{"site-sidebar-layout":"default","site-content-layout":"","ast-site-content-layout":"","site-content-style":"default","site-sidebar-style":"default","ast-global-header-display":"","ast-banner-title-visibility":"","ast-main-header-display":"","ast-hfb-above-header-display":"","ast-hfb-below-header-display":"","ast-hfb-mobile-header-display":"","site-post-title":"","ast-breadcrumbs-content":"","ast-featured-img":"","footer-sml-layout":"","theme-transparent-header-meta":"","adv-header-id-meta":"","stick-header-meta":"","header-above-stick-meta":"","header-main-stick-meta":"","header-below-stick-meta":"","astra-migrate-meta-layouts":"default","ast-page-background-enabled":"default","ast-page-background-meta":{"desktop":{"background-color":"var(--ast-global-color-4)","background-image":"","background-repeat":"repeat","background-position":"center center","background-size":"auto","background-attachment":"scroll","background-type":"","background-media":"","overlay-type":"","overlay-color":"","overlay-opacity":"","overlay-gradient":""},"tablet":{"background-color":"","background-image":"","background-repeat":"repeat","background-position":"center center","background-size":"auto","background-attachment":"scroll","background-type":"","background-media":"","overlay-type":"","overlay-color":"","overlay-opacity":"","overlay-gradient":""},"mobile":{"background-color":"","background-image":"","background-repeat":"repeat","background-position":"center center","background-size":"auto","background-attachment":"scroll","background-type":"","background-media":"","overlay-type":"","overlay-color":"","overlay-opacity":"","overlay-gradient":""}},"ast-content-background-meta":{"desktop":{"background-color":"var(--ast-global-color-5)","background-image":"","background-repeat":"repeat","background-position":"center center","background-size":"auto","background-attachment":"scroll","background-type":"","background-media":"","overlay-type":"","overlay-color":"","overlay-opacity":"","overlay-gradient":""},"tablet":{"background-color":"var(--ast-global-color-5)","background-image":"","background-repeat":"repeat","background-position":"center center","background-size":"auto","background-attachment":"scroll","background-type":"","background-media":"","overlay-type":"","overlay-color":"","overlay-opacity":"","overlay-gradient":""},"mobile":{"background-color":"var(--ast-global-color-5)","background-image":"","background-repeat":"repeat","background-position":"center center","background-size":"auto","background-attachment":"scroll","background-type":"","background-media":"","overlay-type":"","overlay-color":"","overlay-opacity":"","overlay-gradient":""}},"footnotes":""},"categories":[31],"tags":[],"class_list":["post-22764","post","type-post","status-publish","format-standard","has-post-thumbnail","hentry","category-aktuality"],"yoast_head":"<!-- This site is optimized with the Yoast SEO plugin v27.4 - https:\/\/yoast.com\/product\/yoast-seo-wordpress\/ -->\n<title>No\u010dn\u00e9 prehliadky hradu Stre\u010dno aj v auguste - FOTO - Pova\u017esk\u00e9 m\u00fazeum<\/title>\n<meta name=\"robots\" content=\"index, follow, max-snippet:-1, max-image-preview:large, max-video-preview:-1\" \/>\n<link rel=\"canonical\" href=\"https:\/\/pmza.sk\/?p=22764\" \/>\n<meta property=\"og:locale\" content=\"sk_SK\" \/>\n<meta property=\"og:type\" content=\"article\" \/>\n<meta property=\"og:title\" content=\"No\u010dn\u00e9 prehliadky hradu Stre\u010dno aj v auguste - FOTO - Pova\u017esk\u00e9 m\u00fazeum\" \/>\n<meta property=\"og:description\" content=\"Aj po\u010das dvoch augustov\u00fdch piatkov s\u00fa pre n\u00e1v\u0161tevn\u00edkov hradu Stre\u010dno pripraven\u00e9 ob\u013e\u00faben\u00e9 no\u010dn\u00e9 prehliadky. Vstupenky na podujatie je mo\u017en\u00e9 z\u00edska\u0165 z\u00a0pohodlia domova v PREDPREDAJI a\u00a0po\u010das prehliadky priamo v\u00a0pokladnici na hrade Stre\u010dno. \u201eZv\u00fd\u0161ili sme komfort n\u00e1kupu, n\u00e1v\u0161tevn\u00edci u\u017e nemusia \u010daka\u0165 v rade na vstupenky a\u00a0ka\u017ed\u00fd z\u00a0nich m\u00e1 mo\u017enos\u0165 vybra\u0165 si v\u00a0dan\u00fd ve\u010der presn\u00fd \u010das vstupu na [&hellip;]\" \/>\n<meta property=\"og:url\" content=\"https:\/\/pmza.sk\/?p=22764\" \/>\n<meta property=\"og:site_name\" content=\"Pova\u017esk\u00e9 m\u00fazeum\" \/>\n<meta property=\"article:publisher\" content=\"https:\/\/www.facebook.com\/povazskemuzeum\" \/>\n<meta property=\"article:published_time\" content=\"2017-08-07T06:54:56+00:00\" \/>\n<meta property=\"og:image\" content=\"https:\/\/pmza.sk\/wp-content\/uploads\/2017\/06\/reklama_nocne.jpg\" \/>\n\t<meta property=\"og:image:width\" content=\"937\" \/>\n\t<meta property=\"og:image:height\" content=\"937\" \/>\n\t<meta property=\"og:image:type\" content=\"image\/jpeg\" \/>\n<meta name=\"author\" content=\"Pova\u017esk\u00e9 m\u00fazeum\" \/>\n<meta name=\"twitter:card\" content=\"summary_large_image\" \/>\n<meta name=\"twitter:label1\" content=\"Autor\" \/>\n\t<meta name=\"twitter:data1\" content=\"Pova\u017esk\u00e9 m\u00fazeum\" \/>\n\t<meta name=\"twitter:label2\" content=\"Predpokladan\u00fd \u010das \u010d\u00edtania\" \/>\n\t<meta name=\"twitter:data2\" content=\"2 min\u00faty\" \/>\n<script type=\"application\/ld+json\" class=\"yoast-schema-graph\">{\"@context\":\"https:\\\/\\\/schema.org\",\"@graph\":[{\"@type\":\"Article\",\"@id\":\"https:\\\/\\\/pmza.sk\\\/?p=22764#article\",\"isPartOf\":{\"@id\":\"https:\\\/\\\/pmza.sk\\\/?p=22764\"},\"author\":{\"name\":\"Pova\u017esk\u00e9 m\u00fazeum\",\"@id\":\"https:\\\/\\\/pmza.sk\\\/#\\\/schema\\\/person\\\/595e6a2ce731ea94dcd5d7f50a41ae33\"},\"headline\":\"No\u010dn\u00e9 prehliadky hradu Stre\u010dno aj v auguste &#8211; FOTO\",\"datePublished\":\"2017-08-07T06:54:56+00:00\",\"mainEntityOfPage\":{\"@id\":\"https:\\\/\\\/pmza.sk\\\/?p=22764\"},\"wordCount\":353,\"publisher\":{\"@id\":\"https:\\\/\\\/pmza.sk\\\/#organization\"},\"image\":{\"@id\":\"https:\\\/\\\/pmza.sk\\\/?p=22764#primaryimage\"},\"thumbnailUrl\":\"https:\\\/\\\/pmza.sk\\\/wp-content\\\/uploads\\\/2017\\\/06\\\/reklama_nocne.jpg\",\"articleSection\":[\"Aktuality\"],\"inLanguage\":\"sk-SK\"},{\"@type\":\"WebPage\",\"@id\":\"https:\\\/\\\/pmza.sk\\\/?p=22764\",\"url\":\"https:\\\/\\\/pmza.sk\\\/?p=22764\",\"name\":\"No\u010dn\u00e9 prehliadky hradu Stre\u010dno aj v auguste - FOTO - Pova\u017esk\u00e9 m\u00fazeum\",\"isPartOf\":{\"@id\":\"https:\\\/\\\/pmza.sk\\\/#website\"},\"primaryImageOfPage\":{\"@id\":\"https:\\\/\\\/pmza.sk\\\/?p=22764#primaryimage\"},\"image\":{\"@id\":\"https:\\\/\\\/pmza.sk\\\/?p=22764#primaryimage\"},\"thumbnailUrl\":\"https:\\\/\\\/pmza.sk\\\/wp-content\\\/uploads\\\/2017\\\/06\\\/reklama_nocne.jpg\",\"datePublished\":\"2017-08-07T06:54:56+00:00\",\"breadcrumb\":{\"@id\":\"https:\\\/\\\/pmza.sk\\\/?p=22764#breadcrumb\"},\"inLanguage\":\"sk-SK\",\"potentialAction\":[{\"@type\":\"ReadAction\",\"target\":[\"https:\\\/\\\/pmza.sk\\\/?p=22764\"]}]},{\"@type\":\"ImageObject\",\"inLanguage\":\"sk-SK\",\"@id\":\"https:\\\/\\\/pmza.sk\\\/?p=22764#primaryimage\",\"url\":\"https:\\\/\\\/pmza.sk\\\/wp-content\\\/uploads\\\/2017\\\/06\\\/reklama_nocne.jpg\",\"contentUrl\":\"https:\\\/\\\/pmza.sk\\\/wp-content\\\/uploads\\\/2017\\\/06\\\/reklama_nocne.jpg\",\"width\":937,\"height\":937},{\"@type\":\"BreadcrumbList\",\"@id\":\"https:\\\/\\\/pmza.sk\\\/?p=22764#breadcrumb\",\"itemListElement\":[{\"@type\":\"ListItem\",\"position\":1,\"name\":\"Domovsk\u00e1 str\u00e1nka\",\"item\":\"https:\\\/\\\/pmza.sk\\\/\"},{\"@type\":\"ListItem\",\"position\":2,\"name\":\"No\u010dn\u00e9 prehliadky hradu Stre\u010dno aj v auguste &#8211; FOTO\"}]},{\"@type\":\"WebSite\",\"@id\":\"https:\\\/\\\/pmza.sk\\\/#website\",\"url\":\"https:\\\/\\\/pmza.sk\\\/\",\"name\":\"Pova\u017esk\u00e9 m\u00fazeum\",\"description\":\"Pova\u017esk\u00e9 m\u00fazeum v \u017diline je region\u00e1lne m\u00fazeum so s\u00eddlom v Budat\u00edne. Jeho expoz\u00edcie s\u00fa zameran\u00e9 na dejiny slovensk\u00e9ho umenia, kult\u00fary a dopravy.\",\"publisher\":{\"@id\":\"https:\\\/\\\/pmza.sk\\\/#organization\"},\"potentialAction\":[{\"@type\":\"SearchAction\",\"target\":{\"@type\":\"EntryPoint\",\"urlTemplate\":\"https:\\\/\\\/pmza.sk\\\/?s={search_term_string}\"},\"query-input\":{\"@type\":\"PropertyValueSpecification\",\"valueRequired\":true,\"valueName\":\"search_term_string\"}}],\"inLanguage\":\"sk-SK\"},{\"@type\":\"Organization\",\"@id\":\"https:\\\/\\\/pmza.sk\\\/#organization\",\"name\":\"Pova\u017esk\u00e9 m\u00fazeum\",\"url\":\"https:\\\/\\\/pmza.sk\\\/\",\"logo\":{\"@type\":\"ImageObject\",\"inLanguage\":\"sk-SK\",\"@id\":\"https:\\\/\\\/pmza.sk\\\/#\\\/schema\\\/logo\\\/image\\\/\",\"url\":\"https:\\\/\\\/pmza.sk\\\/wp-content\\\/uploads\\\/2022\\\/01\\\/logo_PM_horizontal.jpg\",\"contentUrl\":\"https:\\\/\\\/pmza.sk\\\/wp-content\\\/uploads\\\/2022\\\/01\\\/logo_PM_horizontal.jpg\",\"width\":231,\"height\":142,\"caption\":\"Pova\u017esk\u00e9 m\u00fazeum\"},\"image\":{\"@id\":\"https:\\\/\\\/pmza.sk\\\/#\\\/schema\\\/logo\\\/image\\\/\"},\"sameAs\":[\"https:\\\/\\\/www.facebook.com\\\/povazskemuzeum\",\"https:\\\/\\\/www.instagram.com\\\/povazskemuzeum\\\/\"]},{\"@type\":\"Person\",\"@id\":\"https:\\\/\\\/pmza.sk\\\/#\\\/schema\\\/person\\\/595e6a2ce731ea94dcd5d7f50a41ae33\",\"name\":\"Pova\u017esk\u00e9 m\u00fazeum\",\"image\":{\"@type\":\"ImageObject\",\"inLanguage\":\"sk-SK\",\"@id\":\"https:\\\/\\\/secure.gravatar.com\\\/avatar\\\/2bb7f1561282132fb5826dfeccc66c7996d11ee392ac6aaf7ced8a1c2027fbb2?s=96&d=mm&r=g\",\"url\":\"https:\\\/\\\/secure.gravatar.com\\\/avatar\\\/2bb7f1561282132fb5826dfeccc66c7996d11ee392ac6aaf7ced8a1c2027fbb2?s=96&d=mm&r=g\",\"contentUrl\":\"https:\\\/\\\/secure.gravatar.com\\\/avatar\\\/2bb7f1561282132fb5826dfeccc66c7996d11ee392ac6aaf7ced8a1c2027fbb2?s=96&d=mm&r=g\",\"caption\":\"Pova\u017esk\u00e9 m\u00fazeum\"}}]}<\/script>\n<!-- \/ Yoast SEO plugin. -->","yoast_head_json":{"title":"No\u010dn\u00e9 prehliadky hradu Stre\u010dno aj v auguste - FOTO - Pova\u017esk\u00e9 m\u00fazeum","robots":{"index":"index","follow":"follow","max-snippet":"max-snippet:-1","max-image-preview":"max-image-preview:large","max-video-preview":"max-video-preview:-1"},"canonical":"https:\/\/pmza.sk\/?p=22764","og_locale":"sk_SK","og_type":"article","og_title":"No\u010dn\u00e9 prehliadky hradu Stre\u010dno aj v auguste - FOTO - Pova\u017esk\u00e9 m\u00fazeum","og_description":"Aj po\u010das dvoch augustov\u00fdch piatkov s\u00fa pre n\u00e1v\u0161tevn\u00edkov hradu Stre\u010dno pripraven\u00e9 ob\u013e\u00faben\u00e9 no\u010dn\u00e9 prehliadky. Vstupenky na podujatie je mo\u017en\u00e9 z\u00edska\u0165 z\u00a0pohodlia domova v PREDPREDAJI a\u00a0po\u010das prehliadky priamo v\u00a0pokladnici na hrade Stre\u010dno. \u201eZv\u00fd\u0161ili sme komfort n\u00e1kupu, n\u00e1v\u0161tevn\u00edci u\u017e nemusia \u010daka\u0165 v rade na vstupenky a\u00a0ka\u017ed\u00fd z\u00a0nich m\u00e1 mo\u017enos\u0165 vybra\u0165 si v\u00a0dan\u00fd ve\u010der presn\u00fd \u010das vstupu na [&hellip;]","og_url":"https:\/\/pmza.sk\/?p=22764","og_site_name":"Pova\u017esk\u00e9 m\u00fazeum","article_publisher":"https:\/\/www.facebook.com\/povazskemuzeum","article_published_time":"2017-08-07T06:54:56+00:00","og_image":[{"width":937,"height":937,"url":"https:\/\/pmza.sk\/wp-content\/uploads\/2017\/06\/reklama_nocne.jpg","type":"image\/jpeg"}],"author":"Pova\u017esk\u00e9 m\u00fazeum","twitter_card":"summary_large_image","twitter_misc":{"Autor":"Pova\u017esk\u00e9 m\u00fazeum","Predpokladan\u00fd \u010das \u010d\u00edtania":"2 min\u00faty"},"schema":{"@context":"https:\/\/schema.org","@graph":[{"@type":"Article","@id":"https:\/\/pmza.sk\/?p=22764#article","isPartOf":{"@id":"https:\/\/pmza.sk\/?p=22764"},"author":{"name":"Pova\u017esk\u00e9 m\u00fazeum","@id":"https:\/\/pmza.sk\/#\/schema\/person\/595e6a2ce731ea94dcd5d7f50a41ae33"},"headline":"No\u010dn\u00e9 prehliadky hradu Stre\u010dno aj v auguste &#8211; FOTO","datePublished":"2017-08-07T06:54:56+00:00","mainEntityOfPage":{"@id":"https:\/\/pmza.sk\/?p=22764"},"wordCount":353,"publisher":{"@id":"https:\/\/pmza.sk\/#organization"},"image":{"@id":"https:\/\/pmza.sk\/?p=22764#primaryimage"},"thumbnailUrl":"https:\/\/pmza.sk\/wp-content\/uploads\/2017\/06\/reklama_nocne.jpg","articleSection":["Aktuality"],"inLanguage":"sk-SK"},{"@type":"WebPage","@id":"https:\/\/pmza.sk\/?p=22764","url":"https:\/\/pmza.sk\/?p=22764","name":"No\u010dn\u00e9 prehliadky hradu Stre\u010dno aj v auguste - FOTO - Pova\u017esk\u00e9 m\u00fazeum","isPartOf":{"@id":"https:\/\/pmza.sk\/#website"},"primaryImageOfPage":{"@id":"https:\/\/pmza.sk\/?p=22764#primaryimage"},"image":{"@id":"https:\/\/pmza.sk\/?p=22764#primaryimage"},"thumbnailUrl":"https:\/\/pmza.sk\/wp-content\/uploads\/2017\/06\/reklama_nocne.jpg","datePublished":"2017-08-07T06:54:56+00:00","breadcrumb":{"@id":"https:\/\/pmza.sk\/?p=22764#breadcrumb"},"inLanguage":"sk-SK","potentialAction":[{"@type":"ReadAction","target":["https:\/\/pmza.sk\/?p=22764"]}]},{"@type":"ImageObject","inLanguage":"sk-SK","@id":"https:\/\/pmza.sk\/?p=22764#primaryimage","url":"https:\/\/pmza.sk\/wp-content\/uploads\/2017\/06\/reklama_nocne.jpg","contentUrl":"https:\/\/pmza.sk\/wp-content\/uploads\/2017\/06\/reklama_nocne.jpg","width":937,"height":937},{"@type":"BreadcrumbList","@id":"https:\/\/pmza.sk\/?p=22764#breadcrumb","itemListElement":[{"@type":"ListItem","position":1,"name":"Domovsk\u00e1 str\u00e1nka","item":"https:\/\/pmza.sk\/"},{"@type":"ListItem","position":2,"name":"No\u010dn\u00e9 prehliadky hradu Stre\u010dno aj v auguste &#8211; FOTO"}]},{"@type":"WebSite","@id":"https:\/\/pmza.sk\/#website","url":"https:\/\/pmza.sk\/","name":"Pova\u017esk\u00e9 m\u00fazeum","description":"Pova\u017esk\u00e9 m\u00fazeum v \u017diline je region\u00e1lne m\u00fazeum so s\u00eddlom v Budat\u00edne. Jeho expoz\u00edcie s\u00fa zameran\u00e9 na dejiny slovensk\u00e9ho umenia, kult\u00fary a dopravy.","publisher":{"@id":"https:\/\/pmza.sk\/#organization"},"potentialAction":[{"@type":"SearchAction","target":{"@type":"EntryPoint","urlTemplate":"https:\/\/pmza.sk\/?s={search_term_string}"},"query-input":{"@type":"PropertyValueSpecification","valueRequired":true,"valueName":"search_term_string"}}],"inLanguage":"sk-SK"},{"@type":"Organization","@id":"https:\/\/pmza.sk\/#organization","name":"Pova\u017esk\u00e9 m\u00fazeum","url":"https:\/\/pmza.sk\/","logo":{"@type":"ImageObject","inLanguage":"sk-SK","@id":"https:\/\/pmza.sk\/#\/schema\/logo\/image\/","url":"https:\/\/pmza.sk\/wp-content\/uploads\/2022\/01\/logo_PM_horizontal.jpg","contentUrl":"https:\/\/pmza.sk\/wp-content\/uploads\/2022\/01\/logo_PM_horizontal.jpg","width":231,"height":142,"caption":"Pova\u017esk\u00e9 m\u00fazeum"},"image":{"@id":"https:\/\/pmza.sk\/#\/schema\/logo\/image\/"},"sameAs":["https:\/\/www.facebook.com\/povazskemuzeum","https:\/\/www.instagram.com\/povazskemuzeum\/"]},{"@type":"Person","@id":"https:\/\/pmza.sk\/#\/schema\/person\/595e6a2ce731ea94dcd5d7f50a41ae33","name":"Pova\u017esk\u00e9 m\u00fazeum","image":{"@type":"ImageObject","inLanguage":"sk-SK","@id":"https:\/\/secure.gravatar.com\/avatar\/2bb7f1561282132fb5826dfeccc66c7996d11ee392ac6aaf7ced8a1c2027fbb2?s=96&d=mm&r=g","url":"https:\/\/secure.gravatar.com\/avatar\/2bb7f1561282132fb5826dfeccc66c7996d11ee392ac6aaf7ced8a1c2027fbb2?s=96&d=mm&r=g","contentUrl":"https:\/\/secure.gravatar.com\/avatar\/2bb7f1561282132fb5826dfeccc66c7996d11ee392ac6aaf7ced8a1c2027fbb2?s=96&d=mm&r=g","caption":"Pova\u017esk\u00e9 m\u00fazeum"}}]}},"_links":{"self":[{"href":"https:\/\/pmza.sk\/index.php?rest_route=\/wp\/v2\/posts\/22764","targetHints":{"allow":["GET"]}}],"collection":[{"href":"https:\/\/pmza.sk\/index.php?rest_route=\/wp\/v2\/posts"}],"about":[{"href":"https:\/\/pmza.sk\/index.php?rest_route=\/wp\/v2\/types\/post"}],"author":[{"embeddable":true,"href":"https:\/\/pmza.sk\/index.php?rest_route=\/wp\/v2\/users\/2"}],"replies":[{"embeddable":true,"href":"https:\/\/pmza.sk\/index.php?rest_route=%2Fwp%2Fv2%2Fcomments&post=22764"}],"version-history":[{"count":0,"href":"https:\/\/pmza.sk\/index.php?rest_route=\/wp\/v2\/posts\/22764\/revisions"}],"wp:featuredmedia":[{"embeddable":true,"href":"https:\/\/pmza.sk\/index.php?rest_route=\/wp\/v2\/media\/22113"}],"wp:attachment":[{"href":"https:\/\/pmza.sk\/index.php?rest_route=%2Fwp%2Fv2%2Fmedia&parent=22764"}],"wp:term":[{"taxonomy":"category","embeddable":true,"href":"https:\/\/pmza.sk\/index.php?rest_route=%2Fwp%2Fv2%2Fcategories&post=22764"},{"taxonomy":"post_tag","embeddable":true,"href":"https:\/\/pmza.sk\/index.php?rest_route=%2Fwp%2Fv2%2Ftags&post=22764"}],"curies":[{"name":"wp","href":"https:\/\/api.w.org\/{rel}","templated":true}]}}