{"id":2320,"date":"2011-04-06T08:01:40","date_gmt":"2011-04-06T06:01:40","guid":{"rendered":"https:\/\/pmza.sk.sk\/?p=2320"},"modified":"2011-04-06T08:01:40","modified_gmt":"2011-04-06T06:01:40","slug":"zazite-na-hrade-strecno-talianske-benatky","status":"publish","type":"post","link":"https:\/\/pmza.sk\/?p=2320","title":{"rendered":"Za\u017eite na hrade Stre\u010dno talianske Ben\u00e1tky"},"content":{"rendered":"<p><strong> <\/strong><\/p>\n<p style=\"text-align: left;\"><a href=\"https:\/\/pmza.sk\/wp-content\/uploads\/2011\/04\/ostrov-scaled-1.jpg\"><br \/>\n<\/a><a href=\"https:\/\/pmza.sk\/wp-content\/uploads\/2011\/04\/ostrov1-scaled-1.jpg\"><img fetchpriority=\"high\" decoding=\"async\" class=\"alignleft size-medium wp-image-2325\" style=\"border: 2px solid black; margin: 4px;\" title=\"ostrov\" src=\"https:\/\/pmza.sk.sk\/wp-content\/uploads\/2011\/04\/ostrov1-300x199.jpg\" alt=\"\" width=\"300\" height=\"199\" \/><\/a>Expoz\u00edcie Pova\u017esk\u00e9ho m\u00fazea v\u00a0\u017diline \u2013 Radenov dom v\u00a0\u010ci\u010dmanoch a\u00a0hrad Stre\u010dno pon\u00fakaj\u00fa svojim n\u00e1v\u0161tevn\u00edkom od apr\u00edla 2011 zauj\u00edmav\u00e9\u00a0 v\u00fdstavy \u017eilinsk\u00e9ho fotografa a\u00a0majstra svojsk\u00e9ho spracovania okamihu\u00a0 Ladislava \u010cierneho. V\u00a0\u010ci\u010dmanoch\u00a0 sa autor prezentuje s\u00faborom obrazov, ktor\u00fd vznikal v\u00a0rokoch\u00a0 2004 &#8211; 2006, a\u00a0ktor\u00fd zachyt\u00e1va typick\u00fa \u013eudov\u00fa architekt\u00faru tohto mikroregi\u00f3nu sp\u00f4sobom netypick\u00e9ho spracovania a hrania sa s\u00a0detailom ornament\u00e1lnej v\u00fdzdoby \u010di\u010dmianskych dom\u010dekov. Na hrade Stre\u010dno s\u00fa zas vystaven\u00e9 t\u00e9my Ladislavovi \u010ciernemu bl\u00edzke, a\u00a0to s\u00fa Ben\u00e1tky a\u00a0masky. <!--more-->\u201e <em>Ben\u00e1tky ma svojou atmosf\u00e9rou o\u010darili u\u017e pri ich prvej n\u00e1v\u0161teve, a\u00a0spolu s\u00a0maskami ako karnevalovou trad\u00edciou Ben\u00e1tok, tvoria viac ako dvadsa\u0165 rokov zatia\u013e nevy\u010derpate\u013en\u00fa in\u0161pir\u00e1ciu \u00a0mojej tvorby<\/em>,\u201c uviedol autor v\u00fdstavy. N\u00e1v\u0161tevn\u00edkov oboch v\u00fdstav ur\u010dite zaujme ojedinel\u00e9 spracovanie fotografi\u00ed, na Slovensku technol\u00f3giou m\u00e1lo vyu\u017e\u00edvanou, a\u00a0t\u00fdm je Cyberfoto. Ide o\u00a0 manipul\u00e1ciu s\u00a0obrazom, ktor\u00e1 akoby zaha\u013euje\u00a0 i\u00a0odkr\u00fdva to,\u00a0 \u010do je pre autora podstatn\u00e9.\u201e<em>Pomocou v\u00fdpo\u010dtovej techniky vklad\u00e1m do fotogr<\/em><em>afi\u00ed vlastn\u00e9 predstavy. I ke\u010f sa d\u00e1 mojim z\u00e1berom z puristick\u00e9ho poh\u013eadu vytkn\u00fa\u0165, \u017ee s\u00fa to zmanipulovan\u00e9 fotografie, m\u00f4\u017eem sa v nich viac v\u00fdtvarne vy\u017ei\u0165. Neobsahuj\u00fa len vizu\u00e1lny z\u00e1\u017eitok, ale moju sebareflexiu. Tak\u00fd je m\u00f4j \u0161t\u00fdl,<\/em> \u201cdodal Ladislav \u010cierny.<\/p>\n<p>Fotografovaniu sa Ladislav \u010cierny venuje takmer p\u00e4\u0165desiat rokov, a napriek tomu st\u00e1le vyh\u013ead\u00e1va nov\u00e9 t\u00e9my. Bol \u010dlenom skupiny \u017eilinsk\u00fdch fotografov Lux Collegium. Jeho diela boli prezentovan\u00e9 na mnoh\u00fdch v\u00fdstav\u00e1ch doma i\u00a0v\u00a0zahrani\u010d\u00ed a\u00a0taktie\u017e z\u00edskal ocenenia v\u00a0mnoh\u00fdch\u00a0 fotografick\u00fdch s\u00fa\u0165a\u017eiach. V\u00a0s\u00fa\u010dasnosti sa venuje figur\u00e1lnej tvorbe a\u00a0zobrazeniu \u013eudsk\u00e9ho tela. \u00a0Po skon\u010den\u00ed figur\u00e1lnych \u0161t\u00fadi\u00ed sa autor v\u00fdsostne pl\u00e1nuje zaobera\u0165 objavovan\u00edm tajomn\u00e9ho sveta makrofotografie.<\/p>\n<p>Vernis\u00e1\u017e v\u00fdstavy ben\u00e1tskych cyberfotografi\u00ed\u00a0 pod n\u00e1zvom <strong>V\u0161edn\u00e9 nev\u0161edne<\/strong> sa uskuto\u010dn\u00ed <strong>v\u00a0piatok 15. apr\u00edla 2011<\/strong> v\u00a0Severnom pal\u00e1ci hradu Stre\u010dno. Obe v\u00fdstavy \u017eilinsk\u00e9ho\u00a0 fotografa Ladislava \u010cierneho s\u00fa pr\u00edstupn\u00e9 verejnosti u\u017e od 1. apr\u00edla 2011 v expoz\u00edci\u00e1ch m\u00fazea.<\/p>\n<p>Organiz\u00e1torom v\u00fdstav je \u017dilinsk\u00fd samospr\u00e1vny kraj a\u00a0Pova\u017esk\u00e9 m\u00fazeum v\u00a0\u017diline.<\/p>\n","protected":false},"excerpt":{"rendered":"<p>Expoz\u00edcie Pova\u017esk\u00e9ho m\u00fazea v\u00a0\u017diline \u2013 Radenov dom v\u00a0\u010ci\u010dmanoch a\u00a0hrad Stre\u010dno pon\u00fakaj\u00fa svojim n\u00e1v\u0161tevn\u00edkom od apr\u00edla 2011 zauj\u00edmav\u00e9\u00a0 v\u00fdstavy \u017eilinsk\u00e9ho fotografa a\u00a0majstra svojsk\u00e9ho spracovania okamihu\u00a0 Ladislava \u010cierneho. V\u00a0\u010ci\u010dmanoch\u00a0 sa autor prezentuje s\u00faborom obrazov, ktor\u00fd vznikal v\u00a0rokoch\u00a0 2004 &#8211; 2006, a\u00a0ktor\u00fd zachyt\u00e1va typick\u00fa \u013eudov\u00fa architekt\u00faru tohto mikroregi\u00f3nu sp\u00f4sobom netypick\u00e9ho spracovania a hrania sa s\u00a0detailom ornament\u00e1lnej v\u00fdzdoby \u010di\u010dmianskych [&hellip;]<\/p>\n","protected":false},"author":1,"featured_media":0,"comment_status":"closed","ping_status":"closed","sticky":false,"template":"","format":"standard","meta":{"site-sidebar-layout":"default","site-content-layout":"","ast-site-content-layout":"","site-content-style":"default","site-sidebar-style":"default","ast-global-header-display":"","ast-banner-title-visibility":"","ast-main-header-display":"","ast-hfb-above-header-display":"","ast-hfb-below-header-display":"","ast-hfb-mobile-header-display":"","site-post-title":"","ast-breadcrumbs-content":"","ast-featured-img":"","footer-sml-layout":"","theme-transparent-header-meta":"","adv-header-id-meta":"","stick-header-meta":"","header-above-stick-meta":"","header-main-stick-meta":"","header-below-stick-meta":"","astra-migrate-meta-layouts":"default","ast-page-background-enabled":"default","ast-page-background-meta":{"desktop":{"background-color":"var(--ast-global-color-4)","background-image":"","background-repeat":"repeat","background-position":"center center","background-size":"auto","background-attachment":"scroll","background-type":"","background-media":"","overlay-type":"","overlay-color":"","overlay-opacity":"","overlay-gradient":""},"tablet":{"background-color":"","background-image":"","background-repeat":"repeat","background-position":"center center","background-size":"auto","background-attachment":"scroll","background-type":"","background-media":"","overlay-type":"","overlay-color":"","overlay-opacity":"","overlay-gradient":""},"mobile":{"background-color":"","background-image":"","background-repeat":"repeat","background-position":"center center","background-size":"auto","background-attachment":"scroll","background-type":"","background-media":"","overlay-type":"","overlay-color":"","overlay-opacity":"","overlay-gradient":""}},"ast-content-background-meta":{"desktop":{"background-color":"var(--ast-global-color-5)","background-image":"","background-repeat":"repeat","background-position":"center center","background-size":"auto","background-attachment":"scroll","background-type":"","background-media":"","overlay-type":"","overlay-color":"","overlay-opacity":"","overlay-gradient":""},"tablet":{"background-color":"var(--ast-global-color-5)","background-image":"","background-repeat":"repeat","background-position":"center center","background-size":"auto","background-attachment":"scroll","background-type":"","background-media":"","overlay-type":"","overlay-color":"","overlay-opacity":"","overlay-gradient":""},"mobile":{"background-color":"var(--ast-global-color-5)","background-image":"","background-repeat":"repeat","background-position":"center center","background-size":"auto","background-attachment":"scroll","background-type":"","background-media":"","overlay-type":"","overlay-color":"","overlay-opacity":"","overlay-gradient":""}},"footnotes":""},"categories":[30],"tags":[],"class_list":["post-2320","post","type-post","status-publish","format-standard","hentry","category-archiv-2011"],"yoast_head":"<!-- This site is optimized with the Yoast SEO plugin v27.4 - https:\/\/yoast.com\/product\/yoast-seo-wordpress\/ -->\n<title>Za\u017eite na hrade Stre\u010dno talianske Ben\u00e1tky - Pova\u017esk\u00e9 m\u00fazeum<\/title>\n<meta name=\"robots\" content=\"index, follow, max-snippet:-1, max-image-preview:large, max-video-preview:-1\" \/>\n<link rel=\"canonical\" href=\"https:\/\/pmza.sk\/?p=2320\" \/>\n<meta property=\"og:locale\" content=\"sk_SK\" \/>\n<meta property=\"og:type\" content=\"article\" \/>\n<meta property=\"og:title\" content=\"Za\u017eite na hrade Stre\u010dno talianske Ben\u00e1tky - Pova\u017esk\u00e9 m\u00fazeum\" \/>\n<meta property=\"og:description\" content=\"Expoz\u00edcie Pova\u017esk\u00e9ho m\u00fazea v\u00a0\u017diline \u2013 Radenov dom v\u00a0\u010ci\u010dmanoch a\u00a0hrad Stre\u010dno pon\u00fakaj\u00fa svojim n\u00e1v\u0161tevn\u00edkom od apr\u00edla 2011 zauj\u00edmav\u00e9\u00a0 v\u00fdstavy \u017eilinsk\u00e9ho fotografa a\u00a0majstra svojsk\u00e9ho spracovania okamihu\u00a0 Ladislava \u010cierneho. V\u00a0\u010ci\u010dmanoch\u00a0 sa autor prezentuje s\u00faborom obrazov, ktor\u00fd vznikal v\u00a0rokoch\u00a0 2004 &#8211; 2006, a\u00a0ktor\u00fd zachyt\u00e1va typick\u00fa \u013eudov\u00fa architekt\u00faru tohto mikroregi\u00f3nu sp\u00f4sobom netypick\u00e9ho spracovania a hrania sa s\u00a0detailom ornament\u00e1lnej v\u00fdzdoby \u010di\u010dmianskych [&hellip;]\" \/>\n<meta property=\"og:url\" content=\"https:\/\/pmza.sk\/?p=2320\" \/>\n<meta property=\"og:site_name\" content=\"Pova\u017esk\u00e9 m\u00fazeum\" \/>\n<meta property=\"article:publisher\" content=\"https:\/\/www.facebook.com\/povazskemuzeum\" \/>\n<meta property=\"article:published_time\" content=\"2011-04-06T06:01:40+00:00\" \/>\n<meta property=\"og:image\" content=\"https:\/\/pmza.sk.sk\/wp-content\/uploads\/2011\/04\/ostrov1-300x199.jpg\" \/>\n<meta name=\"author\" content=\"libor\" \/>\n<meta name=\"twitter:card\" content=\"summary_large_image\" \/>\n<meta name=\"twitter:label1\" content=\"Autor\" \/>\n\t<meta name=\"twitter:data1\" content=\"libor\" \/>\n\t<meta name=\"twitter:label2\" content=\"Predpokladan\u00fd \u010das \u010d\u00edtania\" \/>\n\t<meta name=\"twitter:data2\" content=\"2 min\u00faty\" \/>\n<script type=\"application\/ld+json\" class=\"yoast-schema-graph\">{\"@context\":\"https:\\\/\\\/schema.org\",\"@graph\":[{\"@type\":\"Article\",\"@id\":\"https:\\\/\\\/pmza.sk\\\/?p=2320#article\",\"isPartOf\":{\"@id\":\"https:\\\/\\\/pmza.sk\\\/?p=2320\"},\"author\":{\"name\":\"libor\",\"@id\":\"https:\\\/\\\/pmza.sk\\\/#\\\/schema\\\/person\\\/f0b923a9aa8e1f67feef0d7cd9afde35\"},\"headline\":\"Za\u017eite na hrade Stre\u010dno talianske Ben\u00e1tky\",\"datePublished\":\"2011-04-06T06:01:40+00:00\",\"mainEntityOfPage\":{\"@id\":\"https:\\\/\\\/pmza.sk\\\/?p=2320\"},\"wordCount\":414,\"publisher\":{\"@id\":\"https:\\\/\\\/pmza.sk\\\/#organization\"},\"image\":{\"@id\":\"https:\\\/\\\/pmza.sk\\\/?p=2320#primaryimage\"},\"thumbnailUrl\":\"http:\\\/\\\/pmza.sk.sk\\\/wp-content\\\/uploads\\\/2011\\\/04\\\/ostrov1-300x199.jpg\",\"articleSection\":[\"Arch\u00edv 2011\"],\"inLanguage\":\"sk-SK\"},{\"@type\":\"WebPage\",\"@id\":\"https:\\\/\\\/pmza.sk\\\/?p=2320\",\"url\":\"https:\\\/\\\/pmza.sk\\\/?p=2320\",\"name\":\"Za\u017eite na hrade Stre\u010dno talianske Ben\u00e1tky - Pova\u017esk\u00e9 m\u00fazeum\",\"isPartOf\":{\"@id\":\"https:\\\/\\\/pmza.sk\\\/#website\"},\"primaryImageOfPage\":{\"@id\":\"https:\\\/\\\/pmza.sk\\\/?p=2320#primaryimage\"},\"image\":{\"@id\":\"https:\\\/\\\/pmza.sk\\\/?p=2320#primaryimage\"},\"thumbnailUrl\":\"http:\\\/\\\/pmza.sk.sk\\\/wp-content\\\/uploads\\\/2011\\\/04\\\/ostrov1-300x199.jpg\",\"datePublished\":\"2011-04-06T06:01:40+00:00\",\"breadcrumb\":{\"@id\":\"https:\\\/\\\/pmza.sk\\\/?p=2320#breadcrumb\"},\"inLanguage\":\"sk-SK\",\"potentialAction\":[{\"@type\":\"ReadAction\",\"target\":[\"https:\\\/\\\/pmza.sk\\\/?p=2320\"]}]},{\"@type\":\"ImageObject\",\"inLanguage\":\"sk-SK\",\"@id\":\"https:\\\/\\\/pmza.sk\\\/?p=2320#primaryimage\",\"url\":\"http:\\\/\\\/pmza.sk.sk\\\/wp-content\\\/uploads\\\/2011\\\/04\\\/ostrov1-300x199.jpg\",\"contentUrl\":\"http:\\\/\\\/pmza.sk.sk\\\/wp-content\\\/uploads\\\/2011\\\/04\\\/ostrov1-300x199.jpg\"},{\"@type\":\"BreadcrumbList\",\"@id\":\"https:\\\/\\\/pmza.sk\\\/?p=2320#breadcrumb\",\"itemListElement\":[{\"@type\":\"ListItem\",\"position\":1,\"name\":\"Domovsk\u00e1 str\u00e1nka\",\"item\":\"https:\\\/\\\/pmza.sk\\\/\"},{\"@type\":\"ListItem\",\"position\":2,\"name\":\"Za\u017eite na hrade Stre\u010dno talianske Ben\u00e1tky\"}]},{\"@type\":\"WebSite\",\"@id\":\"https:\\\/\\\/pmza.sk\\\/#website\",\"url\":\"https:\\\/\\\/pmza.sk\\\/\",\"name\":\"Pova\u017esk\u00e9 m\u00fazeum\",\"description\":\"Pova\u017esk\u00e9 m\u00fazeum v \u017diline je region\u00e1lne m\u00fazeum so s\u00eddlom v Budat\u00edne. Jeho expoz\u00edcie s\u00fa zameran\u00e9 na dejiny slovensk\u00e9ho umenia, kult\u00fary a dopravy.\",\"publisher\":{\"@id\":\"https:\\\/\\\/pmza.sk\\\/#organization\"},\"potentialAction\":[{\"@type\":\"SearchAction\",\"target\":{\"@type\":\"EntryPoint\",\"urlTemplate\":\"https:\\\/\\\/pmza.sk\\\/?s={search_term_string}\"},\"query-input\":{\"@type\":\"PropertyValueSpecification\",\"valueRequired\":true,\"valueName\":\"search_term_string\"}}],\"inLanguage\":\"sk-SK\"},{\"@type\":\"Organization\",\"@id\":\"https:\\\/\\\/pmza.sk\\\/#organization\",\"name\":\"Pova\u017esk\u00e9 m\u00fazeum\",\"url\":\"https:\\\/\\\/pmza.sk\\\/\",\"logo\":{\"@type\":\"ImageObject\",\"inLanguage\":\"sk-SK\",\"@id\":\"https:\\\/\\\/pmza.sk\\\/#\\\/schema\\\/logo\\\/image\\\/\",\"url\":\"https:\\\/\\\/pmza.sk\\\/wp-content\\\/uploads\\\/2022\\\/01\\\/logo_PM_horizontal.jpg\",\"contentUrl\":\"https:\\\/\\\/pmza.sk\\\/wp-content\\\/uploads\\\/2022\\\/01\\\/logo_PM_horizontal.jpg\",\"width\":231,\"height\":142,\"caption\":\"Pova\u017esk\u00e9 m\u00fazeum\"},\"image\":{\"@id\":\"https:\\\/\\\/pmza.sk\\\/#\\\/schema\\\/logo\\\/image\\\/\"},\"sameAs\":[\"https:\\\/\\\/www.facebook.com\\\/povazskemuzeum\",\"https:\\\/\\\/www.instagram.com\\\/povazskemuzeum\\\/\"]},{\"@type\":\"Person\",\"@id\":\"https:\\\/\\\/pmza.sk\\\/#\\\/schema\\\/person\\\/f0b923a9aa8e1f67feef0d7cd9afde35\",\"name\":\"libor\",\"image\":{\"@type\":\"ImageObject\",\"inLanguage\":\"sk-SK\",\"@id\":\"https:\\\/\\\/secure.gravatar.com\\\/avatar\\\/c583dbc698e594aacced1589eb8cf1673bd41d461e8b2ab635484ffc26fee7b0?s=96&d=mm&r=g\",\"url\":\"https:\\\/\\\/secure.gravatar.com\\\/avatar\\\/c583dbc698e594aacced1589eb8cf1673bd41d461e8b2ab635484ffc26fee7b0?s=96&d=mm&r=g\",\"contentUrl\":\"https:\\\/\\\/secure.gravatar.com\\\/avatar\\\/c583dbc698e594aacced1589eb8cf1673bd41d461e8b2ab635484ffc26fee7b0?s=96&d=mm&r=g\",\"caption\":\"libor\"}}]}<\/script>\n<!-- \/ Yoast SEO plugin. -->","yoast_head_json":{"title":"Za\u017eite na hrade Stre\u010dno talianske Ben\u00e1tky - Pova\u017esk\u00e9 m\u00fazeum","robots":{"index":"index","follow":"follow","max-snippet":"max-snippet:-1","max-image-preview":"max-image-preview:large","max-video-preview":"max-video-preview:-1"},"canonical":"https:\/\/pmza.sk\/?p=2320","og_locale":"sk_SK","og_type":"article","og_title":"Za\u017eite na hrade Stre\u010dno talianske Ben\u00e1tky - Pova\u017esk\u00e9 m\u00fazeum","og_description":"Expoz\u00edcie Pova\u017esk\u00e9ho m\u00fazea v\u00a0\u017diline \u2013 Radenov dom v\u00a0\u010ci\u010dmanoch a\u00a0hrad Stre\u010dno pon\u00fakaj\u00fa svojim n\u00e1v\u0161tevn\u00edkom od apr\u00edla 2011 zauj\u00edmav\u00e9\u00a0 v\u00fdstavy \u017eilinsk\u00e9ho fotografa a\u00a0majstra svojsk\u00e9ho spracovania okamihu\u00a0 Ladislava \u010cierneho. V\u00a0\u010ci\u010dmanoch\u00a0 sa autor prezentuje s\u00faborom obrazov, ktor\u00fd vznikal v\u00a0rokoch\u00a0 2004 &#8211; 2006, a\u00a0ktor\u00fd zachyt\u00e1va typick\u00fa \u013eudov\u00fa architekt\u00faru tohto mikroregi\u00f3nu sp\u00f4sobom netypick\u00e9ho spracovania a hrania sa s\u00a0detailom ornament\u00e1lnej v\u00fdzdoby \u010di\u010dmianskych [&hellip;]","og_url":"https:\/\/pmza.sk\/?p=2320","og_site_name":"Pova\u017esk\u00e9 m\u00fazeum","article_publisher":"https:\/\/www.facebook.com\/povazskemuzeum","article_published_time":"2011-04-06T06:01:40+00:00","og_image":[{"url":"https:\/\/pmza.sk.sk\/wp-content\/uploads\/2011\/04\/ostrov1-300x199.jpg","type":"","width":"","height":""}],"author":"libor","twitter_card":"summary_large_image","twitter_misc":{"Autor":"libor","Predpokladan\u00fd \u010das \u010d\u00edtania":"2 min\u00faty"},"schema":{"@context":"https:\/\/schema.org","@graph":[{"@type":"Article","@id":"https:\/\/pmza.sk\/?p=2320#article","isPartOf":{"@id":"https:\/\/pmza.sk\/?p=2320"},"author":{"name":"libor","@id":"https:\/\/pmza.sk\/#\/schema\/person\/f0b923a9aa8e1f67feef0d7cd9afde35"},"headline":"Za\u017eite na hrade Stre\u010dno talianske Ben\u00e1tky","datePublished":"2011-04-06T06:01:40+00:00","mainEntityOfPage":{"@id":"https:\/\/pmza.sk\/?p=2320"},"wordCount":414,"publisher":{"@id":"https:\/\/pmza.sk\/#organization"},"image":{"@id":"https:\/\/pmza.sk\/?p=2320#primaryimage"},"thumbnailUrl":"https:\/\/pmza.sk.sk\/wp-content\/uploads\/2011\/04\/ostrov1-300x199.jpg","articleSection":["Arch\u00edv 2011"],"inLanguage":"sk-SK"},{"@type":"WebPage","@id":"https:\/\/pmza.sk\/?p=2320","url":"https:\/\/pmza.sk\/?p=2320","name":"Za\u017eite na hrade Stre\u010dno talianske Ben\u00e1tky - Pova\u017esk\u00e9 m\u00fazeum","isPartOf":{"@id":"https:\/\/pmza.sk\/#website"},"primaryImageOfPage":{"@id":"https:\/\/pmza.sk\/?p=2320#primaryimage"},"image":{"@id":"https:\/\/pmza.sk\/?p=2320#primaryimage"},"thumbnailUrl":"https:\/\/pmza.sk.sk\/wp-content\/uploads\/2011\/04\/ostrov1-300x199.jpg","datePublished":"2011-04-06T06:01:40+00:00","breadcrumb":{"@id":"https:\/\/pmza.sk\/?p=2320#breadcrumb"},"inLanguage":"sk-SK","potentialAction":[{"@type":"ReadAction","target":["https:\/\/pmza.sk\/?p=2320"]}]},{"@type":"ImageObject","inLanguage":"sk-SK","@id":"https:\/\/pmza.sk\/?p=2320#primaryimage","url":"https:\/\/pmza.sk.sk\/wp-content\/uploads\/2011\/04\/ostrov1-300x199.jpg","contentUrl":"https:\/\/pmza.sk.sk\/wp-content\/uploads\/2011\/04\/ostrov1-300x199.jpg"},{"@type":"BreadcrumbList","@id":"https:\/\/pmza.sk\/?p=2320#breadcrumb","itemListElement":[{"@type":"ListItem","position":1,"name":"Domovsk\u00e1 str\u00e1nka","item":"https:\/\/pmza.sk\/"},{"@type":"ListItem","position":2,"name":"Za\u017eite na hrade Stre\u010dno talianske Ben\u00e1tky"}]},{"@type":"WebSite","@id":"https:\/\/pmza.sk\/#website","url":"https:\/\/pmza.sk\/","name":"Pova\u017esk\u00e9 m\u00fazeum","description":"Pova\u017esk\u00e9 m\u00fazeum v \u017diline je region\u00e1lne m\u00fazeum so s\u00eddlom v Budat\u00edne. Jeho expoz\u00edcie s\u00fa zameran\u00e9 na dejiny slovensk\u00e9ho umenia, kult\u00fary a dopravy.","publisher":{"@id":"https:\/\/pmza.sk\/#organization"},"potentialAction":[{"@type":"SearchAction","target":{"@type":"EntryPoint","urlTemplate":"https:\/\/pmza.sk\/?s={search_term_string}"},"query-input":{"@type":"PropertyValueSpecification","valueRequired":true,"valueName":"search_term_string"}}],"inLanguage":"sk-SK"},{"@type":"Organization","@id":"https:\/\/pmza.sk\/#organization","name":"Pova\u017esk\u00e9 m\u00fazeum","url":"https:\/\/pmza.sk\/","logo":{"@type":"ImageObject","inLanguage":"sk-SK","@id":"https:\/\/pmza.sk\/#\/schema\/logo\/image\/","url":"https:\/\/pmza.sk\/wp-content\/uploads\/2022\/01\/logo_PM_horizontal.jpg","contentUrl":"https:\/\/pmza.sk\/wp-content\/uploads\/2022\/01\/logo_PM_horizontal.jpg","width":231,"height":142,"caption":"Pova\u017esk\u00e9 m\u00fazeum"},"image":{"@id":"https:\/\/pmza.sk\/#\/schema\/logo\/image\/"},"sameAs":["https:\/\/www.facebook.com\/povazskemuzeum","https:\/\/www.instagram.com\/povazskemuzeum\/"]},{"@type":"Person","@id":"https:\/\/pmza.sk\/#\/schema\/person\/f0b923a9aa8e1f67feef0d7cd9afde35","name":"libor","image":{"@type":"ImageObject","inLanguage":"sk-SK","@id":"https:\/\/secure.gravatar.com\/avatar\/c583dbc698e594aacced1589eb8cf1673bd41d461e8b2ab635484ffc26fee7b0?s=96&d=mm&r=g","url":"https:\/\/secure.gravatar.com\/avatar\/c583dbc698e594aacced1589eb8cf1673bd41d461e8b2ab635484ffc26fee7b0?s=96&d=mm&r=g","contentUrl":"https:\/\/secure.gravatar.com\/avatar\/c583dbc698e594aacced1589eb8cf1673bd41d461e8b2ab635484ffc26fee7b0?s=96&d=mm&r=g","caption":"libor"}}]}},"_links":{"self":[{"href":"https:\/\/pmza.sk\/index.php?rest_route=\/wp\/v2\/posts\/2320","targetHints":{"allow":["GET"]}}],"collection":[{"href":"https:\/\/pmza.sk\/index.php?rest_route=\/wp\/v2\/posts"}],"about":[{"href":"https:\/\/pmza.sk\/index.php?rest_route=\/wp\/v2\/types\/post"}],"author":[{"embeddable":true,"href":"https:\/\/pmza.sk\/index.php?rest_route=\/wp\/v2\/users\/1"}],"replies":[{"embeddable":true,"href":"https:\/\/pmza.sk\/index.php?rest_route=%2Fwp%2Fv2%2Fcomments&post=2320"}],"version-history":[{"count":0,"href":"https:\/\/pmza.sk\/index.php?rest_route=\/wp\/v2\/posts\/2320\/revisions"}],"wp:attachment":[{"href":"https:\/\/pmza.sk\/index.php?rest_route=%2Fwp%2Fv2%2Fmedia&parent=2320"}],"wp:term":[{"taxonomy":"category","embeddable":true,"href":"https:\/\/pmza.sk\/index.php?rest_route=%2Fwp%2Fv2%2Fcategories&post=2320"},{"taxonomy":"post_tag","embeddable":true,"href":"https:\/\/pmza.sk\/index.php?rest_route=%2Fwp%2Fv2%2Ftags&post=2320"}],"curies":[{"name":"wp","href":"https:\/\/api.w.org\/{rel}","templated":true}]}}