{"id":23200,"date":"2017-09-07T08:00:11","date_gmt":"2017-09-07T06:00:11","guid":{"rendered":"https:\/\/pmza.sk\/?p=23200"},"modified":"2017-09-07T08:00:11","modified_gmt":"2017-09-07T06:00:11","slug":"criepky-z-vyskumu-plsika-lieskoveho","status":"publish","type":"post","link":"https:\/\/pmza.sk\/?p=23200","title":{"rendered":"\u010criepky z v\u00fdskumu p\u013a\u0161ika lieskov\u00e9ho"},"content":{"rendered":"<p>P\u013a\u0161ika lieskov\u00e9ho (<em>Muscardinus avellanarius<\/em>) sme si v\u00a0r\u00e1mci prebiehaj\u00facich v\u00fdskumn\u00fdch aktiv\u00edt v\u00a0Pova\u017eskom m\u00fazeu vybrali ako objekt v\u00fdskumu u\u017e pred piatimi rokmi (v roku 2013). Odvtedy sme ka\u017edoro\u010dne, v\u00a0opakovan\u00fdch, pribli\u017ene jednomesa\u010dn\u00fdch \u010dasov\u00fdch intervaloch podnikali vo vegeta\u010dnom obdob\u00ed (marec \u2013 okt\u00f3ber) vzru\u0161uj\u00face v\u00fdpravy do lokal\u00edt, kde \u017eij\u00fa jeho lok\u00e1lne popul\u00e1cie. Motivovala n\u00e1s zvedavos\u0165 a\u00a0neut\u00edchaj\u00faca t\u00fa\u017eba poodhali\u0165 nie\u010do z\u00a0doteraz nezn\u00e1mych aspektov jeho biol\u00f3gie a\u00a0ekol\u00f3gie. Na\u0161e trpezliv\u00e9 a\u00a0cie\u013eavedom\u00e9 b\u00e1danie prinieslo ovocie. V\u00a0nain\u0161talovan\u00fdch hniezdnych boxoch sa u\u017e zakr\u00e1tko objavili prv\u00e9 jedince p\u013a\u0161ikov. Niektor\u00e9 z\u00a0nich tu odchovali aj viacer\u00e9 gener\u00e1cie ml\u00e1\u010fat, \u010do e\u0161te viac obohatilo na\u0161e poznatky o\u00a0jeho reprodukcii. Okrem in\u00e9ho sme dospeli k\u00a0zauj\u00edmav\u00e9mu zisteniu, \u017ee p\u013a\u0161ik sa \u00faspe\u0161ne \u0161\u00edri krovinov\u00fdmi p\u00e1smi hlboko do podhorsk\u00fdch \u00fadol\u00ed a kotl\u00edn a\u00a0\u00faspe\u0161ne sa rozmno\u017euje aj v\u00a0skult\u00farnenej krajine. V\u00a0letnom obdob\u00ed, ke\u010f sa pod vplyvom klimatick\u00fdch zmien \u010doraz \u010dastej\u0161ie stret\u00e1vame s\u00a0dlh\u00fdmi obdobiami sucha v\u00a0letnom obdob\u00ed, n\u00e1s doslova oh\u00farilo, \u017ee v\u00a0biotopoch vystaven\u00fdch priamemu (napr. krovinov\u00e9 biotopy v\u00a0agrobiocen\u00f3zach) \u00fa\u010dinku slne\u010dn\u00fdch l\u00fa\u010dov (insol\u00e1cie) s\u00a0nedostakom vody, p\u013a\u0161iky migruj\u00fa na miesta s\u00a0priaznivej\u0161ou, ale hlavne vlh\u0161ou mikrokl\u00edmou. Vo\u00a0vlh\u0161\u00edch, chladnej\u0161\u00edch a\u00a0zalesnen\u00fdch horsk\u00fdch \u00fadoliach p\u013a\u0161iky zotrv\u00e1vaj\u00fa na mieste po cel\u00fd rok a\u00a0\u00faspe\u0161ne sa tu i rozmno\u017euj\u00fa.<\/p>\n<p>V\u00fdskum ekol\u00f3gie p\u013a\u0161ika lieskov\u00e9ho bude pokra\u010dova\u0165 aj v\u00a0\u010fal\u0161\u00edch rokoch. Lebo len dlhodob\u00fd v\u00fdskum, a\u00a0plat\u00ed to pre ktor\u00fdko\u013evek \u017eivo\u010d\u00ed\u0161ny druh, m\u00f4\u017ee by\u0165 korunovan\u00fd \u00faspechom. Ak ho v\u00fdskumn\u00edk, zool\u00f3g, sk\u00fama \u010do najdlh\u0161ie. Biologick\u00e9 druhy toti\u017e podliehaj\u00fa obrovskej individu\u00e1lnej variabilite, dokonca aj pr\u00edbuzn\u00e9 jedince toho ist\u00e9ho druhu m\u00f4\u017eu reagova\u0165 na rovnak\u00fd podnet r\u00f4znym sp\u00f4sobom. A\u00a0aby sme dok\u00e1zali t\u00fato variabilitu postihn\u00fa\u0165 v\u00a0celej jej \u0161\u00edrke a\u00a0rozmanitosti, mus\u00edme sa vyzbroji\u0165 nekone\u010dnou trpezlivos\u0165ou, aby sme v\u0161etky tieto javy mohli zaregistrova\u0165 a\u00a0nesk\u00f4r analyzova\u0165.<\/p>\n","protected":false},"excerpt":{"rendered":"<p>P\u013a\u0161ika lieskov\u00e9ho (Muscardinus avellanarius) sme si v\u00a0r\u00e1mci prebiehaj\u00facich v\u00fdskumn\u00fdch aktiv\u00edt v\u00a0Pova\u017eskom m\u00fazeu vybrali ako objekt v\u00fdskumu u\u017e pred piatimi rokmi (v roku 2013). Odvtedy sme ka\u017edoro\u010dne, v\u00a0opakovan\u00fdch, pribli\u017ene jednomesa\u010dn\u00fdch \u010dasov\u00fdch intervaloch podnikali vo vegeta\u010dnom obdob\u00ed (marec \u2013 okt\u00f3ber) vzru\u0161uj\u00face v\u00fdpravy do lokal\u00edt, kde \u017eij\u00fa jeho lok\u00e1lne popul\u00e1cie. Motivovala n\u00e1s zvedavos\u0165 a\u00a0neut\u00edchaj\u00faca t\u00fa\u017eba poodhali\u0165 nie\u010do z\u00a0doteraz [&hellip;]<\/p>\n","protected":false},"author":2,"featured_media":23199,"comment_status":"closed","ping_status":"closed","sticky":false,"template":"","format":"standard","meta":{"site-sidebar-layout":"default","site-content-layout":"","ast-site-content-layout":"","site-content-style":"default","site-sidebar-style":"default","ast-global-header-display":"","ast-banner-title-visibility":"","ast-main-header-display":"","ast-hfb-above-header-display":"","ast-hfb-below-header-display":"","ast-hfb-mobile-header-display":"","site-post-title":"","ast-breadcrumbs-content":"","ast-featured-img":"","footer-sml-layout":"","theme-transparent-header-meta":"","adv-header-id-meta":"","stick-header-meta":"","header-above-stick-meta":"","header-main-stick-meta":"","header-below-stick-meta":"","astra-migrate-meta-layouts":"default","ast-page-background-enabled":"default","ast-page-background-meta":{"desktop":{"background-color":"var(--ast-global-color-4)","background-image":"","background-repeat":"repeat","background-position":"center center","background-size":"auto","background-attachment":"scroll","background-type":"","background-media":"","overlay-type":"","overlay-color":"","overlay-opacity":"","overlay-gradient":""},"tablet":{"background-color":"","background-image":"","background-repeat":"repeat","background-position":"center center","background-size":"auto","background-attachment":"scroll","background-type":"","background-media":"","overlay-type":"","overlay-color":"","overlay-opacity":"","overlay-gradient":""},"mobile":{"background-color":"","background-image":"","background-repeat":"repeat","background-position":"center center","background-size":"auto","background-attachment":"scroll","background-type":"","background-media":"","overlay-type":"","overlay-color":"","overlay-opacity":"","overlay-gradient":""}},"ast-content-background-meta":{"desktop":{"background-color":"var(--ast-global-color-5)","background-image":"","background-repeat":"repeat","background-position":"center center","background-size":"auto","background-attachment":"scroll","background-type":"","background-media":"","overlay-type":"","overlay-color":"","overlay-opacity":"","overlay-gradient":""},"tablet":{"background-color":"var(--ast-global-color-5)","background-image":"","background-repeat":"repeat","background-position":"center center","background-size":"auto","background-attachment":"scroll","background-type":"","background-media":"","overlay-type":"","overlay-color":"","overlay-opacity":"","overlay-gradient":""},"mobile":{"background-color":"var(--ast-global-color-5)","background-image":"","background-repeat":"repeat","background-position":"center center","background-size":"auto","background-attachment":"scroll","background-type":"","background-media":"","overlay-type":"","overlay-color":"","overlay-opacity":"","overlay-gradient":""}},"footnotes":""},"categories":[31],"tags":[],"class_list":["post-23200","post","type-post","status-publish","format-standard","has-post-thumbnail","hentry","category-aktuality"],"yoast_head":"<!-- This site is optimized with the Yoast SEO plugin v27.4 - https:\/\/yoast.com\/product\/yoast-seo-wordpress\/ -->\n<title>\u010criepky z v\u00fdskumu p\u013a\u0161ika lieskov\u00e9ho - Pova\u017esk\u00e9 m\u00fazeum<\/title>\n<meta name=\"robots\" content=\"index, follow, max-snippet:-1, max-image-preview:large, max-video-preview:-1\" \/>\n<link rel=\"canonical\" href=\"https:\/\/pmza.sk\/?p=23200\" \/>\n<meta property=\"og:locale\" content=\"sk_SK\" \/>\n<meta property=\"og:type\" content=\"article\" \/>\n<meta property=\"og:title\" content=\"\u010criepky z v\u00fdskumu p\u013a\u0161ika lieskov\u00e9ho - Pova\u017esk\u00e9 m\u00fazeum\" \/>\n<meta property=\"og:description\" content=\"P\u013a\u0161ika lieskov\u00e9ho (Muscardinus avellanarius) sme si v\u00a0r\u00e1mci prebiehaj\u00facich v\u00fdskumn\u00fdch aktiv\u00edt v\u00a0Pova\u017eskom m\u00fazeu vybrali ako objekt v\u00fdskumu u\u017e pred piatimi rokmi (v roku 2013). Odvtedy sme ka\u017edoro\u010dne, v\u00a0opakovan\u00fdch, pribli\u017ene jednomesa\u010dn\u00fdch \u010dasov\u00fdch intervaloch podnikali vo vegeta\u010dnom obdob\u00ed (marec \u2013 okt\u00f3ber) vzru\u0161uj\u00face v\u00fdpravy do lokal\u00edt, kde \u017eij\u00fa jeho lok\u00e1lne popul\u00e1cie. Motivovala n\u00e1s zvedavos\u0165 a\u00a0neut\u00edchaj\u00faca t\u00fa\u017eba poodhali\u0165 nie\u010do z\u00a0doteraz [&hellip;]\" \/>\n<meta property=\"og:url\" content=\"https:\/\/pmza.sk\/?p=23200\" \/>\n<meta property=\"og:site_name\" content=\"Pova\u017esk\u00e9 m\u00fazeum\" \/>\n<meta property=\"article:publisher\" content=\"https:\/\/www.facebook.com\/povazskemuzeum\" \/>\n<meta property=\"article:published_time\" content=\"2017-09-07T06:00:11+00:00\" \/>\n<meta property=\"og:image\" content=\"https:\/\/pmza.sk\/wp-content\/uploads\/2017\/09\/IMG_20170906_102827-scaled-1.jpg\" \/>\n\t<meta property=\"og:image:width\" content=\"1920\" \/>\n\t<meta property=\"og:image:height\" content=\"2560\" \/>\n\t<meta property=\"og:image:type\" content=\"image\/jpeg\" \/>\n<meta name=\"author\" content=\"Pova\u017esk\u00e9 m\u00fazeum\" \/>\n<meta name=\"twitter:card\" content=\"summary_large_image\" \/>\n<meta name=\"twitter:label1\" content=\"Autor\" \/>\n\t<meta name=\"twitter:data1\" content=\"Pova\u017esk\u00e9 m\u00fazeum\" \/>\n\t<meta name=\"twitter:label2\" content=\"Predpokladan\u00fd \u010das \u010d\u00edtania\" \/>\n\t<meta name=\"twitter:data2\" content=\"2 min\u00faty\" \/>\n<script type=\"application\/ld+json\" class=\"yoast-schema-graph\">{\"@context\":\"https:\\\/\\\/schema.org\",\"@graph\":[{\"@type\":\"Article\",\"@id\":\"https:\\\/\\\/pmza.sk\\\/?p=23200#article\",\"isPartOf\":{\"@id\":\"https:\\\/\\\/pmza.sk\\\/?p=23200\"},\"author\":{\"name\":\"Pova\u017esk\u00e9 m\u00fazeum\",\"@id\":\"https:\\\/\\\/pmza.sk\\\/#\\\/schema\\\/person\\\/595e6a2ce731ea94dcd5d7f50a41ae33\"},\"headline\":\"\u010criepky z v\u00fdskumu p\u013a\u0161ika lieskov\u00e9ho\",\"datePublished\":\"2017-09-07T06:00:11+00:00\",\"mainEntityOfPage\":{\"@id\":\"https:\\\/\\\/pmza.sk\\\/?p=23200\"},\"wordCount\":395,\"publisher\":{\"@id\":\"https:\\\/\\\/pmza.sk\\\/#organization\"},\"image\":{\"@id\":\"https:\\\/\\\/pmza.sk\\\/?p=23200#primaryimage\"},\"thumbnailUrl\":\"https:\\\/\\\/pmza.sk\\\/wp-content\\\/uploads\\\/2017\\\/09\\\/IMG_20170906_102827-scaled-1.jpg\",\"articleSection\":[\"Aktuality\"],\"inLanguage\":\"sk-SK\"},{\"@type\":\"WebPage\",\"@id\":\"https:\\\/\\\/pmza.sk\\\/?p=23200\",\"url\":\"https:\\\/\\\/pmza.sk\\\/?p=23200\",\"name\":\"\u010criepky z v\u00fdskumu p\u013a\u0161ika lieskov\u00e9ho - Pova\u017esk\u00e9 m\u00fazeum\",\"isPartOf\":{\"@id\":\"https:\\\/\\\/pmza.sk\\\/#website\"},\"primaryImageOfPage\":{\"@id\":\"https:\\\/\\\/pmza.sk\\\/?p=23200#primaryimage\"},\"image\":{\"@id\":\"https:\\\/\\\/pmza.sk\\\/?p=23200#primaryimage\"},\"thumbnailUrl\":\"https:\\\/\\\/pmza.sk\\\/wp-content\\\/uploads\\\/2017\\\/09\\\/IMG_20170906_102827-scaled-1.jpg\",\"datePublished\":\"2017-09-07T06:00:11+00:00\",\"breadcrumb\":{\"@id\":\"https:\\\/\\\/pmza.sk\\\/?p=23200#breadcrumb\"},\"inLanguage\":\"sk-SK\",\"potentialAction\":[{\"@type\":\"ReadAction\",\"target\":[\"https:\\\/\\\/pmza.sk\\\/?p=23200\"]}]},{\"@type\":\"ImageObject\",\"inLanguage\":\"sk-SK\",\"@id\":\"https:\\\/\\\/pmza.sk\\\/?p=23200#primaryimage\",\"url\":\"https:\\\/\\\/pmza.sk\\\/wp-content\\\/uploads\\\/2017\\\/09\\\/IMG_20170906_102827-scaled-1.jpg\",\"contentUrl\":\"https:\\\/\\\/pmza.sk\\\/wp-content\\\/uploads\\\/2017\\\/09\\\/IMG_20170906_102827-scaled-1.jpg\",\"width\":1920,\"height\":2560},{\"@type\":\"BreadcrumbList\",\"@id\":\"https:\\\/\\\/pmza.sk\\\/?p=23200#breadcrumb\",\"itemListElement\":[{\"@type\":\"ListItem\",\"position\":1,\"name\":\"Domovsk\u00e1 str\u00e1nka\",\"item\":\"https:\\\/\\\/pmza.sk\\\/\"},{\"@type\":\"ListItem\",\"position\":2,\"name\":\"\u010criepky z v\u00fdskumu p\u013a\u0161ika lieskov\u00e9ho\"}]},{\"@type\":\"WebSite\",\"@id\":\"https:\\\/\\\/pmza.sk\\\/#website\",\"url\":\"https:\\\/\\\/pmza.sk\\\/\",\"name\":\"Pova\u017esk\u00e9 m\u00fazeum\",\"description\":\"Pova\u017esk\u00e9 m\u00fazeum v \u017diline je region\u00e1lne m\u00fazeum so s\u00eddlom v Budat\u00edne. Jeho expoz\u00edcie s\u00fa zameran\u00e9 na dejiny slovensk\u00e9ho umenia, kult\u00fary a dopravy.\",\"publisher\":{\"@id\":\"https:\\\/\\\/pmza.sk\\\/#organization\"},\"potentialAction\":[{\"@type\":\"SearchAction\",\"target\":{\"@type\":\"EntryPoint\",\"urlTemplate\":\"https:\\\/\\\/pmza.sk\\\/?s={search_term_string}\"},\"query-input\":{\"@type\":\"PropertyValueSpecification\",\"valueRequired\":true,\"valueName\":\"search_term_string\"}}],\"inLanguage\":\"sk-SK\"},{\"@type\":\"Organization\",\"@id\":\"https:\\\/\\\/pmza.sk\\\/#organization\",\"name\":\"Pova\u017esk\u00e9 m\u00fazeum\",\"url\":\"https:\\\/\\\/pmza.sk\\\/\",\"logo\":{\"@type\":\"ImageObject\",\"inLanguage\":\"sk-SK\",\"@id\":\"https:\\\/\\\/pmza.sk\\\/#\\\/schema\\\/logo\\\/image\\\/\",\"url\":\"https:\\\/\\\/pmza.sk\\\/wp-content\\\/uploads\\\/2022\\\/01\\\/logo_PM_horizontal.jpg\",\"contentUrl\":\"https:\\\/\\\/pmza.sk\\\/wp-content\\\/uploads\\\/2022\\\/01\\\/logo_PM_horizontal.jpg\",\"width\":231,\"height\":142,\"caption\":\"Pova\u017esk\u00e9 m\u00fazeum\"},\"image\":{\"@id\":\"https:\\\/\\\/pmza.sk\\\/#\\\/schema\\\/logo\\\/image\\\/\"},\"sameAs\":[\"https:\\\/\\\/www.facebook.com\\\/povazskemuzeum\",\"https:\\\/\\\/www.instagram.com\\\/povazskemuzeum\\\/\"]},{\"@type\":\"Person\",\"@id\":\"https:\\\/\\\/pmza.sk\\\/#\\\/schema\\\/person\\\/595e6a2ce731ea94dcd5d7f50a41ae33\",\"name\":\"Pova\u017esk\u00e9 m\u00fazeum\",\"image\":{\"@type\":\"ImageObject\",\"inLanguage\":\"sk-SK\",\"@id\":\"https:\\\/\\\/secure.gravatar.com\\\/avatar\\\/2bb7f1561282132fb5826dfeccc66c7996d11ee392ac6aaf7ced8a1c2027fbb2?s=96&d=mm&r=g\",\"url\":\"https:\\\/\\\/secure.gravatar.com\\\/avatar\\\/2bb7f1561282132fb5826dfeccc66c7996d11ee392ac6aaf7ced8a1c2027fbb2?s=96&d=mm&r=g\",\"contentUrl\":\"https:\\\/\\\/secure.gravatar.com\\\/avatar\\\/2bb7f1561282132fb5826dfeccc66c7996d11ee392ac6aaf7ced8a1c2027fbb2?s=96&d=mm&r=g\",\"caption\":\"Pova\u017esk\u00e9 m\u00fazeum\"}}]}<\/script>\n<!-- \/ Yoast SEO plugin. -->","yoast_head_json":{"title":"\u010criepky z v\u00fdskumu p\u013a\u0161ika lieskov\u00e9ho - Pova\u017esk\u00e9 m\u00fazeum","robots":{"index":"index","follow":"follow","max-snippet":"max-snippet:-1","max-image-preview":"max-image-preview:large","max-video-preview":"max-video-preview:-1"},"canonical":"https:\/\/pmza.sk\/?p=23200","og_locale":"sk_SK","og_type":"article","og_title":"\u010criepky z v\u00fdskumu p\u013a\u0161ika lieskov\u00e9ho - Pova\u017esk\u00e9 m\u00fazeum","og_description":"P\u013a\u0161ika lieskov\u00e9ho (Muscardinus avellanarius) sme si v\u00a0r\u00e1mci prebiehaj\u00facich v\u00fdskumn\u00fdch aktiv\u00edt v\u00a0Pova\u017eskom m\u00fazeu vybrali ako objekt v\u00fdskumu u\u017e pred piatimi rokmi (v roku 2013). Odvtedy sme ka\u017edoro\u010dne, v\u00a0opakovan\u00fdch, pribli\u017ene jednomesa\u010dn\u00fdch \u010dasov\u00fdch intervaloch podnikali vo vegeta\u010dnom obdob\u00ed (marec \u2013 okt\u00f3ber) vzru\u0161uj\u00face v\u00fdpravy do lokal\u00edt, kde \u017eij\u00fa jeho lok\u00e1lne popul\u00e1cie. Motivovala n\u00e1s zvedavos\u0165 a\u00a0neut\u00edchaj\u00faca t\u00fa\u017eba poodhali\u0165 nie\u010do z\u00a0doteraz [&hellip;]","og_url":"https:\/\/pmza.sk\/?p=23200","og_site_name":"Pova\u017esk\u00e9 m\u00fazeum","article_publisher":"https:\/\/www.facebook.com\/povazskemuzeum","article_published_time":"2017-09-07T06:00:11+00:00","og_image":[{"width":1920,"height":2560,"url":"https:\/\/pmza.sk\/wp-content\/uploads\/2017\/09\/IMG_20170906_102827-scaled-1.jpg","type":"image\/jpeg"}],"author":"Pova\u017esk\u00e9 m\u00fazeum","twitter_card":"summary_large_image","twitter_misc":{"Autor":"Pova\u017esk\u00e9 m\u00fazeum","Predpokladan\u00fd \u010das \u010d\u00edtania":"2 min\u00faty"},"schema":{"@context":"https:\/\/schema.org","@graph":[{"@type":"Article","@id":"https:\/\/pmza.sk\/?p=23200#article","isPartOf":{"@id":"https:\/\/pmza.sk\/?p=23200"},"author":{"name":"Pova\u017esk\u00e9 m\u00fazeum","@id":"https:\/\/pmza.sk\/#\/schema\/person\/595e6a2ce731ea94dcd5d7f50a41ae33"},"headline":"\u010criepky z v\u00fdskumu p\u013a\u0161ika lieskov\u00e9ho","datePublished":"2017-09-07T06:00:11+00:00","mainEntityOfPage":{"@id":"https:\/\/pmza.sk\/?p=23200"},"wordCount":395,"publisher":{"@id":"https:\/\/pmza.sk\/#organization"},"image":{"@id":"https:\/\/pmza.sk\/?p=23200#primaryimage"},"thumbnailUrl":"https:\/\/pmza.sk\/wp-content\/uploads\/2017\/09\/IMG_20170906_102827-scaled-1.jpg","articleSection":["Aktuality"],"inLanguage":"sk-SK"},{"@type":"WebPage","@id":"https:\/\/pmza.sk\/?p=23200","url":"https:\/\/pmza.sk\/?p=23200","name":"\u010criepky z v\u00fdskumu p\u013a\u0161ika lieskov\u00e9ho - Pova\u017esk\u00e9 m\u00fazeum","isPartOf":{"@id":"https:\/\/pmza.sk\/#website"},"primaryImageOfPage":{"@id":"https:\/\/pmza.sk\/?p=23200#primaryimage"},"image":{"@id":"https:\/\/pmza.sk\/?p=23200#primaryimage"},"thumbnailUrl":"https:\/\/pmza.sk\/wp-content\/uploads\/2017\/09\/IMG_20170906_102827-scaled-1.jpg","datePublished":"2017-09-07T06:00:11+00:00","breadcrumb":{"@id":"https:\/\/pmza.sk\/?p=23200#breadcrumb"},"inLanguage":"sk-SK","potentialAction":[{"@type":"ReadAction","target":["https:\/\/pmza.sk\/?p=23200"]}]},{"@type":"ImageObject","inLanguage":"sk-SK","@id":"https:\/\/pmza.sk\/?p=23200#primaryimage","url":"https:\/\/pmza.sk\/wp-content\/uploads\/2017\/09\/IMG_20170906_102827-scaled-1.jpg","contentUrl":"https:\/\/pmza.sk\/wp-content\/uploads\/2017\/09\/IMG_20170906_102827-scaled-1.jpg","width":1920,"height":2560},{"@type":"BreadcrumbList","@id":"https:\/\/pmza.sk\/?p=23200#breadcrumb","itemListElement":[{"@type":"ListItem","position":1,"name":"Domovsk\u00e1 str\u00e1nka","item":"https:\/\/pmza.sk\/"},{"@type":"ListItem","position":2,"name":"\u010criepky z v\u00fdskumu p\u013a\u0161ika lieskov\u00e9ho"}]},{"@type":"WebSite","@id":"https:\/\/pmza.sk\/#website","url":"https:\/\/pmza.sk\/","name":"Pova\u017esk\u00e9 m\u00fazeum","description":"Pova\u017esk\u00e9 m\u00fazeum v \u017diline je region\u00e1lne m\u00fazeum so s\u00eddlom v Budat\u00edne. Jeho expoz\u00edcie s\u00fa zameran\u00e9 na dejiny slovensk\u00e9ho umenia, kult\u00fary a dopravy.","publisher":{"@id":"https:\/\/pmza.sk\/#organization"},"potentialAction":[{"@type":"SearchAction","target":{"@type":"EntryPoint","urlTemplate":"https:\/\/pmza.sk\/?s={search_term_string}"},"query-input":{"@type":"PropertyValueSpecification","valueRequired":true,"valueName":"search_term_string"}}],"inLanguage":"sk-SK"},{"@type":"Organization","@id":"https:\/\/pmza.sk\/#organization","name":"Pova\u017esk\u00e9 m\u00fazeum","url":"https:\/\/pmza.sk\/","logo":{"@type":"ImageObject","inLanguage":"sk-SK","@id":"https:\/\/pmza.sk\/#\/schema\/logo\/image\/","url":"https:\/\/pmza.sk\/wp-content\/uploads\/2022\/01\/logo_PM_horizontal.jpg","contentUrl":"https:\/\/pmza.sk\/wp-content\/uploads\/2022\/01\/logo_PM_horizontal.jpg","width":231,"height":142,"caption":"Pova\u017esk\u00e9 m\u00fazeum"},"image":{"@id":"https:\/\/pmza.sk\/#\/schema\/logo\/image\/"},"sameAs":["https:\/\/www.facebook.com\/povazskemuzeum","https:\/\/www.instagram.com\/povazskemuzeum\/"]},{"@type":"Person","@id":"https:\/\/pmza.sk\/#\/schema\/person\/595e6a2ce731ea94dcd5d7f50a41ae33","name":"Pova\u017esk\u00e9 m\u00fazeum","image":{"@type":"ImageObject","inLanguage":"sk-SK","@id":"https:\/\/secure.gravatar.com\/avatar\/2bb7f1561282132fb5826dfeccc66c7996d11ee392ac6aaf7ced8a1c2027fbb2?s=96&d=mm&r=g","url":"https:\/\/secure.gravatar.com\/avatar\/2bb7f1561282132fb5826dfeccc66c7996d11ee392ac6aaf7ced8a1c2027fbb2?s=96&d=mm&r=g","contentUrl":"https:\/\/secure.gravatar.com\/avatar\/2bb7f1561282132fb5826dfeccc66c7996d11ee392ac6aaf7ced8a1c2027fbb2?s=96&d=mm&r=g","caption":"Pova\u017esk\u00e9 m\u00fazeum"}}]}},"_links":{"self":[{"href":"https:\/\/pmza.sk\/index.php?rest_route=\/wp\/v2\/posts\/23200","targetHints":{"allow":["GET"]}}],"collection":[{"href":"https:\/\/pmza.sk\/index.php?rest_route=\/wp\/v2\/posts"}],"about":[{"href":"https:\/\/pmza.sk\/index.php?rest_route=\/wp\/v2\/types\/post"}],"author":[{"embeddable":true,"href":"https:\/\/pmza.sk\/index.php?rest_route=\/wp\/v2\/users\/2"}],"replies":[{"embeddable":true,"href":"https:\/\/pmza.sk\/index.php?rest_route=%2Fwp%2Fv2%2Fcomments&post=23200"}],"version-history":[{"count":0,"href":"https:\/\/pmza.sk\/index.php?rest_route=\/wp\/v2\/posts\/23200\/revisions"}],"wp:featuredmedia":[{"embeddable":true,"href":"https:\/\/pmza.sk\/index.php?rest_route=\/wp\/v2\/media\/23199"}],"wp:attachment":[{"href":"https:\/\/pmza.sk\/index.php?rest_route=%2Fwp%2Fv2%2Fmedia&parent=23200"}],"wp:term":[{"taxonomy":"category","embeddable":true,"href":"https:\/\/pmza.sk\/index.php?rest_route=%2Fwp%2Fv2%2Fcategories&post=23200"},{"taxonomy":"post_tag","embeddable":true,"href":"https:\/\/pmza.sk\/index.php?rest_route=%2Fwp%2Fv2%2Ftags&post=23200"}],"curies":[{"name":"wp","href":"https:\/\/api.w.org\/{rel}","templated":true}]}}