{"id":23271,"date":"2017-09-09T10:23:16","date_gmt":"2017-09-09T08:23:16","guid":{"rendered":"https:\/\/pmza.sk\/?p=23271"},"modified":"2017-09-09T10:23:16","modified_gmt":"2017-09-09T08:23:16","slug":"jedalny-listok-nasich-predkov","status":"publish","type":"post","link":"https:\/\/pmza.sk\/?p=23271","title":{"rendered":"Jed\u00e1lny l\u00edstok na\u0161ich predkov"},"content":{"rendered":"<p>Zoologick\u00e1 sekcia Pova\u017esk\u00e9ho m\u00fazea v\u00a0\u017diline pri svojom z\u00e1kladnom v\u00fdskume v\u00a0posledn\u00fdch rokoch \u00fazko spolupracuje s\u00a0archeol\u00f3gmi n\u00e1\u0161ho m\u00fazea pri determin\u00e1cii kostrov\u00fdch zvy\u0161kov stavovcov (Vertebrata), ktor\u00e9 boli objaven\u00e9 pri kopan\u00ed sond na r\u00f4znych archeologick\u00fdch n\u00e1lezisk\u00e1ch severoz\u00e1padn\u00e9ho Slovenska. Okrem pozorovania behavior\u00e1lnych (etologick\u00fdch) prejavov, sledovania vplyvu ekologick\u00fdch faktorov a\u00a0monitorovania v\u00fdskytu stavovcov vo vo\u013enej pr\u00edrode, je d\u00f4le\u017eitou s\u00fa\u010das\u0165ou v\u00fdskumu stavovcov v m\u00fazeu aj \u0161t\u00fadium morfol\u00f3gie a\u00a0anat\u00f3mie kostrov\u00fdch zvy\u0161kov r\u00f4znych druhov stavovcov, ktor\u00e9 nach\u00e1dzame po\u010das ter\u00e9nnych v\u00fdskumov, alebo ktor\u00e9 sa na p\u00f4du m\u00fazea dostan\u00fa ako zauj\u00edmav\u00e9 n\u00e1lezy z\u00a0archeologick\u00fdch vykop\u00e1vok. Takto sme u\u017e takmer pred desa\u0165ro\u010d\u00edm analyzovali rozsiahlu vzorku osteologick\u00e9ho (kostrov\u00e9ho) materi\u00e1lu z\u00a0kuchynsk\u00fdch odpadov\u00fdch j\u00e1m na\u0161ich predkov zo slovansk\u00e9ho obdobia, z\u00a0n\u00e1leziska le\u017eiaceho ne\u010faleko obce Belu\u0161a (okres P\u00fachov). V\u00a0s\u00fa\u010dasnosti laborat\u00f3rne spracov\u00e1vame rozsiahly materi\u00e1l z\u00a0archeologick\u00e9ho n\u00e1leziska v\u00a0polohe Skalka pri Rajeck\u00fdch Tepliciach, ktor\u00fd poch\u00e1dza z\u00a0doby r\u00edmskej. Determin\u00e1cia, morfometria a\u00a0mikroskopick\u00e9 sk\u00famanie st\u00f4p po n\u00e1strojoch pou\u017e\u00edvan\u00fdch na\u0161imi predkami pri spracov\u00e1van\u00ed \u017eivo\u010d\u00ed\u0161nej potravy, prin\u00e1\u0161aj\u00fa cenn\u00e9 poznatky nielen o\u00a0zlo\u017een\u00ed ich potravy a\u00a0stravovac\u00edch n\u00e1vykoch, ale nepriamo aj o\u00a0okolnostiach, za ak\u00fdch zvierat\u00e1 boli konzumovan\u00e9, alebo ak\u00fdm sp\u00f4sobom a\u00a0za ak\u00fdm \u00fa\u010delom boli usmrcovan\u00e9. Nepriamo prin\u00e1\u0161aj\u00fa aj d\u00f4kazy o\u00a0druhovej diverzite vo\u013ene \u017eij\u00facich zvierat v\u00a0dobe r\u00edmskej na \u00fazem\u00ed severoz\u00e1padn\u00e9ho Slovenska a\u00a0vz\u0165ahoch medzi \u010dlovekom a\u00a0v\u00a0tej dobe domestikovan\u00fdmi zvieratami. V\u00a0potrave vtedaj\u0161\u00edch \u013eud\u00ed prevl\u00e1dali zdom\u00e1cnen\u00e9 formy p\u00e1rnokopytn\u00edkov ako ovce, kozy, z\u00a0vt\u00e1kov husi. S\u00fa\u010das\u0165ou potravy vtedaj\u0161\u00edch obyvate\u013eov tejto \u010dasti Slovenska b\u00fdvali tie\u017e netradi\u010dne psy dom\u00e1ce. Aj kone, ktor\u00e9 sa zranili v\u00a0boji, alebo zostarli a\u00a0nevl\u00e1dali plni\u0165 po\u017eiadavky svojich p\u00e1nov, posl\u00fa\u017eili nakoniec ako potrava. Vo\u013ene \u017eij\u00face stavovce vo vzorke reprezentovala najm\u00e4 jelenia a\u00a0srn\u010dia zver.<\/p>\n<p><figure id=\"attachment_23275\" aria-describedby=\"caption-attachment-23275\" style=\"width: 113px\" class=\"wp-caption alignleft\"><a href=\"https:\/\/pmza.sk\/wp-content\/uploads\/2017\/09\/proximalna-cast-metakarpu-jelana-lesneho-scaled-1.jpg\"><img decoding=\"async\" class=\"wp-image-23275 size-thumbnail\" src=\"https:\/\/pmza.sk\/wp-content\/uploads\/2017\/09\/proxim\u00e1lna-\u010das\u0165-metakarpu-jela\u0148a-lesn\u00e9ho-113x150.jpg\" alt=\"\" width=\"113\" height=\"150\" \/><\/a><figcaption id=\"caption-attachment-23275\" class=\"wp-caption-text\">proxim\u00e1lna \u010das\u0165 metakarpu jele\u0148a lesn\u00e9ho<\/figcaption><\/figure><figure id=\"attachment_23273\" aria-describedby=\"caption-attachment-23273\" style=\"width: 113px\" class=\"wp-caption alignleft\"><a href=\"https:\/\/pmza.sk\/wp-content\/uploads\/2017\/09\/fragment-parohu-jelena-lesneho-scaled-1.jpg\"><img decoding=\"async\" class=\"wp-image-23273 size-thumbnail\" src=\"https:\/\/pmza.sk\/wp-content\/uploads\/2017\/09\/fragment-parohu-jele\u0148a-lesn\u00e9ho-113x150.jpg\" alt=\"\" width=\"113\" height=\"150\" \/><\/a><figcaption id=\"caption-attachment-23273\" class=\"wp-caption-text\">fragment parohu jele\u0148a lesn\u00e9ho<\/figcaption><\/figure><\/p>\n<p>Biologick\u00e1 zooarcheol\u00f3gia, ako sa dnes naz\u00fdva vedn\u00fd odbor zdru\u017euj\u00faci poznatky zool\u00f3gie, morfol\u00f3gie, anat\u00f3mie, tafon\u00f3mie a\u00a0archeol\u00f3gie, m\u00e1 v\u00a0s\u00fa\u010dasnosti pevn\u00e9 miesto v\u00a0interdisciplin\u00e1rnom v\u00fdskume, ktor\u00fd u\u017e dlh\u00e9 roky prebieha v\u00a0Pova\u017eskom m\u00fazeu. H\u013ead\u00e1 odpovede na mnoh\u00e9 vzru\u0161uj\u00face ot\u00e1zky, odha\u013euje s\u00favislosti ukryt\u00e9 pod hrub\u00fdmi n\u00e1nosmi \u010dasu a\u00a0umo\u017e\u0148uje na z\u00e1klade z\u00edskan\u00fdch \u00fadajov verifikova\u0165 hypot\u00e9zy, ktor\u00e9 sa sna\u017eia rekon\u0161truova\u0165 koevol\u00faciu \u013eudskej spolo\u010dnosti a\u00a0pr\u00edrodn\u00fdch ekosyst\u00e9mov paleolitu, cez pleistoc\u00e9n a\u017e po holoc\u00e9n, kedy sme sa objavili u\u017e my, anatomicky modern\u00ed \u013eudia.\u00a0<\/p>\n<p>Text a\u00a0foto: Ladislav Hl\u00f4\u0161ka<\/p>\n","protected":false},"excerpt":{"rendered":"<p>Zoologick\u00e1 sekcia Pova\u017esk\u00e9ho m\u00fazea v\u00a0\u017diline pri svojom z\u00e1kladnom v\u00fdskume v\u00a0posledn\u00fdch rokoch \u00fazko spolupracuje s\u00a0archeol\u00f3gmi n\u00e1\u0161ho m\u00fazea pri determin\u00e1cii kostrov\u00fdch zvy\u0161kov stavovcov (Vertebrata), ktor\u00e9 boli objaven\u00e9 pri kopan\u00ed sond na r\u00f4znych archeologick\u00fdch n\u00e1lezisk\u00e1ch severoz\u00e1padn\u00e9ho Slovenska. Okrem pozorovania behavior\u00e1lnych (etologick\u00fdch) prejavov, sledovania vplyvu ekologick\u00fdch faktorov a\u00a0monitorovania v\u00fdskytu stavovcov vo vo\u013enej pr\u00edrode, je d\u00f4le\u017eitou s\u00fa\u010das\u0165ou v\u00fdskumu stavovcov v [&hellip;]<\/p>\n","protected":false},"author":2,"featured_media":23274,"comment_status":"closed","ping_status":"closed","sticky":false,"template":"","format":"standard","meta":{"site-sidebar-layout":"default","site-content-layout":"","ast-site-content-layout":"","site-content-style":"default","site-sidebar-style":"default","ast-global-header-display":"","ast-banner-title-visibility":"","ast-main-header-display":"","ast-hfb-above-header-display":"","ast-hfb-below-header-display":"","ast-hfb-mobile-header-display":"","site-post-title":"","ast-breadcrumbs-content":"","ast-featured-img":"","footer-sml-layout":"","theme-transparent-header-meta":"","adv-header-id-meta":"","stick-header-meta":"","header-above-stick-meta":"","header-main-stick-meta":"","header-below-stick-meta":"","astra-migrate-meta-layouts":"default","ast-page-background-enabled":"default","ast-page-background-meta":{"desktop":{"background-color":"var(--ast-global-color-4)","background-image":"","background-repeat":"repeat","background-position":"center center","background-size":"auto","background-attachment":"scroll","background-type":"","background-media":"","overlay-type":"","overlay-color":"","overlay-opacity":"","overlay-gradient":""},"tablet":{"background-color":"","background-image":"","background-repeat":"repeat","background-position":"center center","background-size":"auto","background-attachment":"scroll","background-type":"","background-media":"","overlay-type":"","overlay-color":"","overlay-opacity":"","overlay-gradient":""},"mobile":{"background-color":"","background-image":"","background-repeat":"repeat","background-position":"center center","background-size":"auto","background-attachment":"scroll","background-type":"","background-media":"","overlay-type":"","overlay-color":"","overlay-opacity":"","overlay-gradient":""}},"ast-content-background-meta":{"desktop":{"background-color":"var(--ast-global-color-5)","background-image":"","background-repeat":"repeat","background-position":"center center","background-size":"auto","background-attachment":"scroll","background-type":"","background-media":"","overlay-type":"","overlay-color":"","overlay-opacity":"","overlay-gradient":""},"tablet":{"background-color":"var(--ast-global-color-5)","background-image":"","background-repeat":"repeat","background-position":"center center","background-size":"auto","background-attachment":"scroll","background-type":"","background-media":"","overlay-type":"","overlay-color":"","overlay-opacity":"","overlay-gradient":""},"mobile":{"background-color":"var(--ast-global-color-5)","background-image":"","background-repeat":"repeat","background-position":"center center","background-size":"auto","background-attachment":"scroll","background-type":"","background-media":"","overlay-type":"","overlay-color":"","overlay-opacity":"","overlay-gradient":""}},"footnotes":""},"categories":[31],"tags":[],"class_list":["post-23271","post","type-post","status-publish","format-standard","has-post-thumbnail","hentry","category-aktuality"],"yoast_head":"<!-- This site is optimized with the Yoast SEO plugin v27.4 - https:\/\/yoast.com\/product\/yoast-seo-wordpress\/ -->\n<title>Jed\u00e1lny l\u00edstok na\u0161ich predkov - Pova\u017esk\u00e9 m\u00fazeum<\/title>\n<meta name=\"robots\" content=\"index, follow, max-snippet:-1, max-image-preview:large, max-video-preview:-1\" \/>\n<link rel=\"canonical\" href=\"https:\/\/pmza.sk\/?p=23271\" \/>\n<meta property=\"og:locale\" content=\"sk_SK\" \/>\n<meta property=\"og:type\" content=\"article\" \/>\n<meta property=\"og:title\" content=\"Jed\u00e1lny l\u00edstok na\u0161ich predkov - Pova\u017esk\u00e9 m\u00fazeum\" \/>\n<meta property=\"og:description\" content=\"Zoologick\u00e1 sekcia Pova\u017esk\u00e9ho m\u00fazea v\u00a0\u017diline pri svojom z\u00e1kladnom v\u00fdskume v\u00a0posledn\u00fdch rokoch \u00fazko spolupracuje s\u00a0archeol\u00f3gmi n\u00e1\u0161ho m\u00fazea pri determin\u00e1cii kostrov\u00fdch zvy\u0161kov stavovcov (Vertebrata), ktor\u00e9 boli objaven\u00e9 pri kopan\u00ed sond na r\u00f4znych archeologick\u00fdch n\u00e1lezisk\u00e1ch severoz\u00e1padn\u00e9ho Slovenska. Okrem pozorovania behavior\u00e1lnych (etologick\u00fdch) prejavov, sledovania vplyvu ekologick\u00fdch faktorov a\u00a0monitorovania v\u00fdskytu stavovcov vo vo\u013enej pr\u00edrode, je d\u00f4le\u017eitou s\u00fa\u010das\u0165ou v\u00fdskumu stavovcov v [&hellip;]\" \/>\n<meta property=\"og:url\" content=\"https:\/\/pmza.sk\/?p=23271\" \/>\n<meta property=\"og:site_name\" content=\"Pova\u017esk\u00e9 m\u00fazeum\" \/>\n<meta property=\"article:publisher\" content=\"https:\/\/www.facebook.com\/povazskemuzeum\" \/>\n<meta property=\"article:published_time\" content=\"2017-09-09T08:23:16+00:00\" \/>\n<meta property=\"og:image\" content=\"https:\/\/pmza.sk\/wp-content\/uploads\/2017\/09\/Fragment-sanky-ovce-domacej-scaled-1.jpg\" \/>\n\t<meta property=\"og:image:width\" content=\"1920\" \/>\n\t<meta property=\"og:image:height\" content=\"2560\" \/>\n\t<meta property=\"og:image:type\" content=\"image\/jpeg\" \/>\n<meta name=\"author\" content=\"Pova\u017esk\u00e9 m\u00fazeum\" \/>\n<meta name=\"twitter:card\" content=\"summary_large_image\" \/>\n<meta name=\"twitter:label1\" content=\"Autor\" \/>\n\t<meta name=\"twitter:data1\" content=\"Pova\u017esk\u00e9 m\u00fazeum\" \/>\n\t<meta name=\"twitter:label2\" content=\"Predpokladan\u00fd \u010das \u010d\u00edtania\" \/>\n\t<meta name=\"twitter:data2\" content=\"3 min\u00faty\" \/>\n<script type=\"application\/ld+json\" class=\"yoast-schema-graph\">{\"@context\":\"https:\\\/\\\/schema.org\",\"@graph\":[{\"@type\":\"Article\",\"@id\":\"https:\\\/\\\/pmza.sk\\\/?p=23271#article\",\"isPartOf\":{\"@id\":\"https:\\\/\\\/pmza.sk\\\/?p=23271\"},\"author\":{\"name\":\"Pova\u017esk\u00e9 m\u00fazeum\",\"@id\":\"https:\\\/\\\/pmza.sk\\\/#\\\/schema\\\/person\\\/595e6a2ce731ea94dcd5d7f50a41ae33\"},\"headline\":\"Jed\u00e1lny l\u00edstok na\u0161ich predkov\",\"datePublished\":\"2017-09-09T08:23:16+00:00\",\"mainEntityOfPage\":{\"@id\":\"https:\\\/\\\/pmza.sk\\\/?p=23271\"},\"wordCount\":536,\"publisher\":{\"@id\":\"https:\\\/\\\/pmza.sk\\\/#organization\"},\"image\":{\"@id\":\"https:\\\/\\\/pmza.sk\\\/?p=23271#primaryimage\"},\"thumbnailUrl\":\"https:\\\/\\\/pmza.sk\\\/wp-content\\\/uploads\\\/2017\\\/09\\\/Fragment-sanky-ovce-domacej-scaled-1.jpg\",\"articleSection\":[\"Aktuality\"],\"inLanguage\":\"sk-SK\"},{\"@type\":\"WebPage\",\"@id\":\"https:\\\/\\\/pmza.sk\\\/?p=23271\",\"url\":\"https:\\\/\\\/pmza.sk\\\/?p=23271\",\"name\":\"Jed\u00e1lny l\u00edstok na\u0161ich predkov - Pova\u017esk\u00e9 m\u00fazeum\",\"isPartOf\":{\"@id\":\"https:\\\/\\\/pmza.sk\\\/#website\"},\"primaryImageOfPage\":{\"@id\":\"https:\\\/\\\/pmza.sk\\\/?p=23271#primaryimage\"},\"image\":{\"@id\":\"https:\\\/\\\/pmza.sk\\\/?p=23271#primaryimage\"},\"thumbnailUrl\":\"https:\\\/\\\/pmza.sk\\\/wp-content\\\/uploads\\\/2017\\\/09\\\/Fragment-sanky-ovce-domacej-scaled-1.jpg\",\"datePublished\":\"2017-09-09T08:23:16+00:00\",\"breadcrumb\":{\"@id\":\"https:\\\/\\\/pmza.sk\\\/?p=23271#breadcrumb\"},\"inLanguage\":\"sk-SK\",\"potentialAction\":[{\"@type\":\"ReadAction\",\"target\":[\"https:\\\/\\\/pmza.sk\\\/?p=23271\"]}]},{\"@type\":\"ImageObject\",\"inLanguage\":\"sk-SK\",\"@id\":\"https:\\\/\\\/pmza.sk\\\/?p=23271#primaryimage\",\"url\":\"https:\\\/\\\/pmza.sk\\\/wp-content\\\/uploads\\\/2017\\\/09\\\/Fragment-sanky-ovce-domacej-scaled-1.jpg\",\"contentUrl\":\"https:\\\/\\\/pmza.sk\\\/wp-content\\\/uploads\\\/2017\\\/09\\\/Fragment-sanky-ovce-domacej-scaled-1.jpg\",\"width\":1920,\"height\":2560},{\"@type\":\"BreadcrumbList\",\"@id\":\"https:\\\/\\\/pmza.sk\\\/?p=23271#breadcrumb\",\"itemListElement\":[{\"@type\":\"ListItem\",\"position\":1,\"name\":\"Domovsk\u00e1 str\u00e1nka\",\"item\":\"https:\\\/\\\/pmza.sk\\\/\"},{\"@type\":\"ListItem\",\"position\":2,\"name\":\"Jed\u00e1lny l\u00edstok na\u0161ich predkov\"}]},{\"@type\":\"WebSite\",\"@id\":\"https:\\\/\\\/pmza.sk\\\/#website\",\"url\":\"https:\\\/\\\/pmza.sk\\\/\",\"name\":\"Pova\u017esk\u00e9 m\u00fazeum\",\"description\":\"Pova\u017esk\u00e9 m\u00fazeum v \u017diline je region\u00e1lne m\u00fazeum so s\u00eddlom v Budat\u00edne. Jeho expoz\u00edcie s\u00fa zameran\u00e9 na dejiny slovensk\u00e9ho umenia, kult\u00fary a dopravy.\",\"publisher\":{\"@id\":\"https:\\\/\\\/pmza.sk\\\/#organization\"},\"potentialAction\":[{\"@type\":\"SearchAction\",\"target\":{\"@type\":\"EntryPoint\",\"urlTemplate\":\"https:\\\/\\\/pmza.sk\\\/?s={search_term_string}\"},\"query-input\":{\"@type\":\"PropertyValueSpecification\",\"valueRequired\":true,\"valueName\":\"search_term_string\"}}],\"inLanguage\":\"sk-SK\"},{\"@type\":\"Organization\",\"@id\":\"https:\\\/\\\/pmza.sk\\\/#organization\",\"name\":\"Pova\u017esk\u00e9 m\u00fazeum\",\"url\":\"https:\\\/\\\/pmza.sk\\\/\",\"logo\":{\"@type\":\"ImageObject\",\"inLanguage\":\"sk-SK\",\"@id\":\"https:\\\/\\\/pmza.sk\\\/#\\\/schema\\\/logo\\\/image\\\/\",\"url\":\"https:\\\/\\\/pmza.sk\\\/wp-content\\\/uploads\\\/2022\\\/01\\\/logo_PM_horizontal.jpg\",\"contentUrl\":\"https:\\\/\\\/pmza.sk\\\/wp-content\\\/uploads\\\/2022\\\/01\\\/logo_PM_horizontal.jpg\",\"width\":231,\"height\":142,\"caption\":\"Pova\u017esk\u00e9 m\u00fazeum\"},\"image\":{\"@id\":\"https:\\\/\\\/pmza.sk\\\/#\\\/schema\\\/logo\\\/image\\\/\"},\"sameAs\":[\"https:\\\/\\\/www.facebook.com\\\/povazskemuzeum\",\"https:\\\/\\\/www.instagram.com\\\/povazskemuzeum\\\/\"]},{\"@type\":\"Person\",\"@id\":\"https:\\\/\\\/pmza.sk\\\/#\\\/schema\\\/person\\\/595e6a2ce731ea94dcd5d7f50a41ae33\",\"name\":\"Pova\u017esk\u00e9 m\u00fazeum\",\"image\":{\"@type\":\"ImageObject\",\"inLanguage\":\"sk-SK\",\"@id\":\"https:\\\/\\\/secure.gravatar.com\\\/avatar\\\/2bb7f1561282132fb5826dfeccc66c7996d11ee392ac6aaf7ced8a1c2027fbb2?s=96&d=mm&r=g\",\"url\":\"https:\\\/\\\/secure.gravatar.com\\\/avatar\\\/2bb7f1561282132fb5826dfeccc66c7996d11ee392ac6aaf7ced8a1c2027fbb2?s=96&d=mm&r=g\",\"contentUrl\":\"https:\\\/\\\/secure.gravatar.com\\\/avatar\\\/2bb7f1561282132fb5826dfeccc66c7996d11ee392ac6aaf7ced8a1c2027fbb2?s=96&d=mm&r=g\",\"caption\":\"Pova\u017esk\u00e9 m\u00fazeum\"}}]}<\/script>\n<!-- \/ Yoast SEO plugin. -->","yoast_head_json":{"title":"Jed\u00e1lny l\u00edstok na\u0161ich predkov - Pova\u017esk\u00e9 m\u00fazeum","robots":{"index":"index","follow":"follow","max-snippet":"max-snippet:-1","max-image-preview":"max-image-preview:large","max-video-preview":"max-video-preview:-1"},"canonical":"https:\/\/pmza.sk\/?p=23271","og_locale":"sk_SK","og_type":"article","og_title":"Jed\u00e1lny l\u00edstok na\u0161ich predkov - Pova\u017esk\u00e9 m\u00fazeum","og_description":"Zoologick\u00e1 sekcia Pova\u017esk\u00e9ho m\u00fazea v\u00a0\u017diline pri svojom z\u00e1kladnom v\u00fdskume v\u00a0posledn\u00fdch rokoch \u00fazko spolupracuje s\u00a0archeol\u00f3gmi n\u00e1\u0161ho m\u00fazea pri determin\u00e1cii kostrov\u00fdch zvy\u0161kov stavovcov (Vertebrata), ktor\u00e9 boli objaven\u00e9 pri kopan\u00ed sond na r\u00f4znych archeologick\u00fdch n\u00e1lezisk\u00e1ch severoz\u00e1padn\u00e9ho Slovenska. Okrem pozorovania behavior\u00e1lnych (etologick\u00fdch) prejavov, sledovania vplyvu ekologick\u00fdch faktorov a\u00a0monitorovania v\u00fdskytu stavovcov vo vo\u013enej pr\u00edrode, je d\u00f4le\u017eitou s\u00fa\u010das\u0165ou v\u00fdskumu stavovcov v [&hellip;]","og_url":"https:\/\/pmza.sk\/?p=23271","og_site_name":"Pova\u017esk\u00e9 m\u00fazeum","article_publisher":"https:\/\/www.facebook.com\/povazskemuzeum","article_published_time":"2017-09-09T08:23:16+00:00","og_image":[{"width":1920,"height":2560,"url":"https:\/\/pmza.sk\/wp-content\/uploads\/2017\/09\/Fragment-sanky-ovce-domacej-scaled-1.jpg","type":"image\/jpeg"}],"author":"Pova\u017esk\u00e9 m\u00fazeum","twitter_card":"summary_large_image","twitter_misc":{"Autor":"Pova\u017esk\u00e9 m\u00fazeum","Predpokladan\u00fd \u010das \u010d\u00edtania":"3 min\u00faty"},"schema":{"@context":"https:\/\/schema.org","@graph":[{"@type":"Article","@id":"https:\/\/pmza.sk\/?p=23271#article","isPartOf":{"@id":"https:\/\/pmza.sk\/?p=23271"},"author":{"name":"Pova\u017esk\u00e9 m\u00fazeum","@id":"https:\/\/pmza.sk\/#\/schema\/person\/595e6a2ce731ea94dcd5d7f50a41ae33"},"headline":"Jed\u00e1lny l\u00edstok na\u0161ich predkov","datePublished":"2017-09-09T08:23:16+00:00","mainEntityOfPage":{"@id":"https:\/\/pmza.sk\/?p=23271"},"wordCount":536,"publisher":{"@id":"https:\/\/pmza.sk\/#organization"},"image":{"@id":"https:\/\/pmza.sk\/?p=23271#primaryimage"},"thumbnailUrl":"https:\/\/pmza.sk\/wp-content\/uploads\/2017\/09\/Fragment-sanky-ovce-domacej-scaled-1.jpg","articleSection":["Aktuality"],"inLanguage":"sk-SK"},{"@type":"WebPage","@id":"https:\/\/pmza.sk\/?p=23271","url":"https:\/\/pmza.sk\/?p=23271","name":"Jed\u00e1lny l\u00edstok na\u0161ich predkov - Pova\u017esk\u00e9 m\u00fazeum","isPartOf":{"@id":"https:\/\/pmza.sk\/#website"},"primaryImageOfPage":{"@id":"https:\/\/pmza.sk\/?p=23271#primaryimage"},"image":{"@id":"https:\/\/pmza.sk\/?p=23271#primaryimage"},"thumbnailUrl":"https:\/\/pmza.sk\/wp-content\/uploads\/2017\/09\/Fragment-sanky-ovce-domacej-scaled-1.jpg","datePublished":"2017-09-09T08:23:16+00:00","breadcrumb":{"@id":"https:\/\/pmza.sk\/?p=23271#breadcrumb"},"inLanguage":"sk-SK","potentialAction":[{"@type":"ReadAction","target":["https:\/\/pmza.sk\/?p=23271"]}]},{"@type":"ImageObject","inLanguage":"sk-SK","@id":"https:\/\/pmza.sk\/?p=23271#primaryimage","url":"https:\/\/pmza.sk\/wp-content\/uploads\/2017\/09\/Fragment-sanky-ovce-domacej-scaled-1.jpg","contentUrl":"https:\/\/pmza.sk\/wp-content\/uploads\/2017\/09\/Fragment-sanky-ovce-domacej-scaled-1.jpg","width":1920,"height":2560},{"@type":"BreadcrumbList","@id":"https:\/\/pmza.sk\/?p=23271#breadcrumb","itemListElement":[{"@type":"ListItem","position":1,"name":"Domovsk\u00e1 str\u00e1nka","item":"https:\/\/pmza.sk\/"},{"@type":"ListItem","position":2,"name":"Jed\u00e1lny l\u00edstok na\u0161ich predkov"}]},{"@type":"WebSite","@id":"https:\/\/pmza.sk\/#website","url":"https:\/\/pmza.sk\/","name":"Pova\u017esk\u00e9 m\u00fazeum","description":"Pova\u017esk\u00e9 m\u00fazeum v \u017diline je region\u00e1lne m\u00fazeum so s\u00eddlom v Budat\u00edne. Jeho expoz\u00edcie s\u00fa zameran\u00e9 na dejiny slovensk\u00e9ho umenia, kult\u00fary a dopravy.","publisher":{"@id":"https:\/\/pmza.sk\/#organization"},"potentialAction":[{"@type":"SearchAction","target":{"@type":"EntryPoint","urlTemplate":"https:\/\/pmza.sk\/?s={search_term_string}"},"query-input":{"@type":"PropertyValueSpecification","valueRequired":true,"valueName":"search_term_string"}}],"inLanguage":"sk-SK"},{"@type":"Organization","@id":"https:\/\/pmza.sk\/#organization","name":"Pova\u017esk\u00e9 m\u00fazeum","url":"https:\/\/pmza.sk\/","logo":{"@type":"ImageObject","inLanguage":"sk-SK","@id":"https:\/\/pmza.sk\/#\/schema\/logo\/image\/","url":"https:\/\/pmza.sk\/wp-content\/uploads\/2022\/01\/logo_PM_horizontal.jpg","contentUrl":"https:\/\/pmza.sk\/wp-content\/uploads\/2022\/01\/logo_PM_horizontal.jpg","width":231,"height":142,"caption":"Pova\u017esk\u00e9 m\u00fazeum"},"image":{"@id":"https:\/\/pmza.sk\/#\/schema\/logo\/image\/"},"sameAs":["https:\/\/www.facebook.com\/povazskemuzeum","https:\/\/www.instagram.com\/povazskemuzeum\/"]},{"@type":"Person","@id":"https:\/\/pmza.sk\/#\/schema\/person\/595e6a2ce731ea94dcd5d7f50a41ae33","name":"Pova\u017esk\u00e9 m\u00fazeum","image":{"@type":"ImageObject","inLanguage":"sk-SK","@id":"https:\/\/secure.gravatar.com\/avatar\/2bb7f1561282132fb5826dfeccc66c7996d11ee392ac6aaf7ced8a1c2027fbb2?s=96&d=mm&r=g","url":"https:\/\/secure.gravatar.com\/avatar\/2bb7f1561282132fb5826dfeccc66c7996d11ee392ac6aaf7ced8a1c2027fbb2?s=96&d=mm&r=g","contentUrl":"https:\/\/secure.gravatar.com\/avatar\/2bb7f1561282132fb5826dfeccc66c7996d11ee392ac6aaf7ced8a1c2027fbb2?s=96&d=mm&r=g","caption":"Pova\u017esk\u00e9 m\u00fazeum"}}]}},"_links":{"self":[{"href":"https:\/\/pmza.sk\/index.php?rest_route=\/wp\/v2\/posts\/23271","targetHints":{"allow":["GET"]}}],"collection":[{"href":"https:\/\/pmza.sk\/index.php?rest_route=\/wp\/v2\/posts"}],"about":[{"href":"https:\/\/pmza.sk\/index.php?rest_route=\/wp\/v2\/types\/post"}],"author":[{"embeddable":true,"href":"https:\/\/pmza.sk\/index.php?rest_route=\/wp\/v2\/users\/2"}],"replies":[{"embeddable":true,"href":"https:\/\/pmza.sk\/index.php?rest_route=%2Fwp%2Fv2%2Fcomments&post=23271"}],"version-history":[{"count":0,"href":"https:\/\/pmza.sk\/index.php?rest_route=\/wp\/v2\/posts\/23271\/revisions"}],"wp:featuredmedia":[{"embeddable":true,"href":"https:\/\/pmza.sk\/index.php?rest_route=\/wp\/v2\/media\/23274"}],"wp:attachment":[{"href":"https:\/\/pmza.sk\/index.php?rest_route=%2Fwp%2Fv2%2Fmedia&parent=23271"}],"wp:term":[{"taxonomy":"category","embeddable":true,"href":"https:\/\/pmza.sk\/index.php?rest_route=%2Fwp%2Fv2%2Fcategories&post=23271"},{"taxonomy":"post_tag","embeddable":true,"href":"https:\/\/pmza.sk\/index.php?rest_route=%2Fwp%2Fv2%2Ftags&post=23271"}],"curies":[{"name":"wp","href":"https:\/\/api.w.org\/{rel}","templated":true}]}}