{"id":23309,"date":"2017-09-21T08:50:04","date_gmt":"2017-09-21T06:50:04","guid":{"rendered":"https:\/\/pmza.sk\/?p=23309"},"modified":"2017-09-21T08:50:04","modified_gmt":"2017-09-21T06:50:04","slug":"s-historiou-v-srdci-3-cast-jesenne-dozrievanie","status":"publish","type":"post","link":"https:\/\/pmza.sk\/?p=23309","title":{"rendered":"S hist\u00f3riou v srdci &#8211; 3. \u010das\u0165 &#8211; Jesenn\u00e9 dozrievanie"},"content":{"rendered":"<p>D\u0148a 20. 9. 2017 sa v\u00a0Kaplnke Budat\u00ednskeho hradu uskuto\u010dnilo tretie stretnutie s\u00a0n\u00e1zvom Jesenn\u00e9 dozrievanie z celoro\u010dn\u00e9ho cyklu S hist\u00f3riou v srdci, ktor\u00e9 je venovan\u00e9 seniorom. N\u00e1pl\u0148ou stretnutia bola vernis\u00e1\u017e v\u00fdstavy spojen\u00e1 s koncertom v\u00e1\u017enej hudby.<\/p>\n<p>Seniori na v\u00fdstave odprezentovali svoje vlastn\u00e9 drot\u00e1rske diela, ktor\u00e9 vytvorili po\u010das prv\u00e9ho stretnutia v\u00a0tvoriv\u00fdch diel\u0148ach, kedy sa nau\u010dili z\u00e1kladn\u00fdm aj mierne pokro\u010dil\u00fdm technik\u00e1m pr\u00e1ce s\u00a0dr\u00f4tom. Koncert v\u00e1\u017enej hudby v\u00a0kaplnke Budat\u00ednskeho hradu otvoril riadite\u013e Pova\u017esk\u00e9ho m\u00fazea Mgr. Michal Jureck\u00fd. Pedag\u00f3govia z\u00a0Konzervat\u00f3ria v\u00a0\u017diline, Irena Luk\u00e1\u010dov\u00e1 a\u00a0Mari\u00e1n Mu\u0161ka, kr\u00e1tkym koncertom aj s\u00a0improviz\u00e1ciou na t\u00e9mu hudobn\u00e1 mozaika pre Kaplnku Budat\u00ednskeho hradu navodili pr\u00edjemn\u00fa atmosf\u00e9ru bl\u00ed\u017eiacej sa jesene, za ktor\u00fa si vysl\u00fa\u017eili uznanie a\u00a0ve\u013ek\u00fd potlesk publika. So seniormi sa v\u00a0r\u00e1mci cyklu S\u00a0hist\u00f3riou v\u00a0srdci stretneme e\u0161te na poslednom tohtoro\u010dnom stretnut\u00ed s\u00a0n\u00e1zvom Zimn\u00fd pr\u00edbeh.<\/p>\n<p>Projekt je spolufinancovan\u00fd z\u00a0dot\u00e1cie Ministerstva kult\u00fary SR.<\/p>\n<p><a href=\"https:\/\/pmza.sk\/fotogaleria\/gallery\/jesenne-dozrievanie\/\">FOTOGAL\u00c9RIA<\/a><\/p>\n","protected":false},"excerpt":{"rendered":"<p>D\u0148a 20. 9. 2017 sa v\u00a0Kaplnke Budat\u00ednskeho hradu uskuto\u010dnilo tretie stretnutie s\u00a0n\u00e1zvom Jesenn\u00e9 dozrievanie z celoro\u010dn\u00e9ho cyklu S hist\u00f3riou v srdci, ktor\u00e9 je venovan\u00e9 seniorom. N\u00e1pl\u0148ou stretnutia bola vernis\u00e1\u017e v\u00fdstavy spojen\u00e1 s koncertom v\u00e1\u017enej hudby. Seniori na v\u00fdstave odprezentovali svoje vlastn\u00e9 drot\u00e1rske diela, ktor\u00e9 vytvorili po\u010das prv\u00e9ho stretnutia v\u00a0tvoriv\u00fdch diel\u0148ach, kedy sa nau\u010dili z\u00e1kladn\u00fdm aj [&hellip;]<\/p>\n","protected":false},"author":2,"featured_media":23307,"comment_status":"closed","ping_status":"closed","sticky":false,"template":"","format":"standard","meta":{"site-sidebar-layout":"default","site-content-layout":"","ast-site-content-layout":"","site-content-style":"default","site-sidebar-style":"default","ast-global-header-display":"","ast-banner-title-visibility":"","ast-main-header-display":"","ast-hfb-above-header-display":"","ast-hfb-below-header-display":"","ast-hfb-mobile-header-display":"","site-post-title":"","ast-breadcrumbs-content":"","ast-featured-img":"","footer-sml-layout":"","theme-transparent-header-meta":"","adv-header-id-meta":"","stick-header-meta":"","header-above-stick-meta":"","header-main-stick-meta":"","header-below-stick-meta":"","astra-migrate-meta-layouts":"default","ast-page-background-enabled":"default","ast-page-background-meta":{"desktop":{"background-color":"var(--ast-global-color-4)","background-image":"","background-repeat":"repeat","background-position":"center center","background-size":"auto","background-attachment":"scroll","background-type":"","background-media":"","overlay-type":"","overlay-color":"","overlay-opacity":"","overlay-gradient":""},"tablet":{"background-color":"","background-image":"","background-repeat":"repeat","background-position":"center center","background-size":"auto","background-attachment":"scroll","background-type":"","background-media":"","overlay-type":"","overlay-color":"","overlay-opacity":"","overlay-gradient":""},"mobile":{"background-color":"","background-image":"","background-repeat":"repeat","background-position":"center center","background-size":"auto","background-attachment":"scroll","background-type":"","background-media":"","overlay-type":"","overlay-color":"","overlay-opacity":"","overlay-gradient":""}},"ast-content-background-meta":{"desktop":{"background-color":"var(--ast-global-color-5)","background-image":"","background-repeat":"repeat","background-position":"center center","background-size":"auto","background-attachment":"scroll","background-type":"","background-media":"","overlay-type":"","overlay-color":"","overlay-opacity":"","overlay-gradient":""},"tablet":{"background-color":"var(--ast-global-color-5)","background-image":"","background-repeat":"repeat","background-position":"center center","background-size":"auto","background-attachment":"scroll","background-type":"","background-media":"","overlay-type":"","overlay-color":"","overlay-opacity":"","overlay-gradient":""},"mobile":{"background-color":"var(--ast-global-color-5)","background-image":"","background-repeat":"repeat","background-position":"center center","background-size":"auto","background-attachment":"scroll","background-type":"","background-media":"","overlay-type":"","overlay-color":"","overlay-opacity":"","overlay-gradient":""}},"footnotes":""},"categories":[31],"tags":[],"class_list":["post-23309","post","type-post","status-publish","format-standard","has-post-thumbnail","hentry","category-aktuality"],"yoast_head":"<!-- This site is optimized with the Yoast SEO plugin v27.4 - https:\/\/yoast.com\/product\/yoast-seo-wordpress\/ -->\n<title>S hist\u00f3riou v srdci - 3. \u010das\u0165 - Jesenn\u00e9 dozrievanie - Pova\u017esk\u00e9 m\u00fazeum<\/title>\n<meta name=\"robots\" content=\"index, follow, max-snippet:-1, max-image-preview:large, max-video-preview:-1\" \/>\n<link rel=\"canonical\" href=\"https:\/\/pmza.sk\/?p=23309\" \/>\n<meta property=\"og:locale\" content=\"sk_SK\" \/>\n<meta property=\"og:type\" content=\"article\" \/>\n<meta property=\"og:title\" content=\"S hist\u00f3riou v srdci - 3. \u010das\u0165 - Jesenn\u00e9 dozrievanie - Pova\u017esk\u00e9 m\u00fazeum\" \/>\n<meta property=\"og:description\" content=\"D\u0148a 20. 9. 2017 sa v\u00a0Kaplnke Budat\u00ednskeho hradu uskuto\u010dnilo tretie stretnutie s\u00a0n\u00e1zvom Jesenn\u00e9 dozrievanie z celoro\u010dn\u00e9ho cyklu S hist\u00f3riou v srdci, ktor\u00e9 je venovan\u00e9 seniorom. N\u00e1pl\u0148ou stretnutia bola vernis\u00e1\u017e v\u00fdstavy spojen\u00e1 s koncertom v\u00e1\u017enej hudby. Seniori na v\u00fdstave odprezentovali svoje vlastn\u00e9 drot\u00e1rske diela, ktor\u00e9 vytvorili po\u010das prv\u00e9ho stretnutia v\u00a0tvoriv\u00fdch diel\u0148ach, kedy sa nau\u010dili z\u00e1kladn\u00fdm aj [&hellip;]\" \/>\n<meta property=\"og:url\" content=\"https:\/\/pmza.sk\/?p=23309\" \/>\n<meta property=\"og:site_name\" content=\"Pova\u017esk\u00e9 m\u00fazeum\" \/>\n<meta property=\"article:publisher\" content=\"https:\/\/www.facebook.com\/povazskemuzeum\" \/>\n<meta property=\"article:published_time\" content=\"2017-09-21T06:50:04+00:00\" \/>\n<meta property=\"og:image\" content=\"https:\/\/pmza.sk\/wp-content\/uploads\/2017\/09\/IMG_3983.jpg\" \/>\n\t<meta property=\"og:image:width\" content=\"1024\" \/>\n\t<meta property=\"og:image:height\" content=\"683\" \/>\n\t<meta property=\"og:image:type\" content=\"image\/jpeg\" \/>\n<meta name=\"author\" content=\"Pova\u017esk\u00e9 m\u00fazeum\" \/>\n<meta name=\"twitter:card\" content=\"summary_large_image\" \/>\n<meta name=\"twitter:label1\" content=\"Autor\" \/>\n\t<meta name=\"twitter:data1\" content=\"Pova\u017esk\u00e9 m\u00fazeum\" \/>\n\t<meta name=\"twitter:label2\" content=\"Predpokladan\u00fd \u010das \u010d\u00edtania\" \/>\n\t<meta name=\"twitter:data2\" content=\"1 min\u00fata\" \/>\n<script type=\"application\/ld+json\" class=\"yoast-schema-graph\">{\"@context\":\"https:\\\/\\\/schema.org\",\"@graph\":[{\"@type\":\"Article\",\"@id\":\"https:\\\/\\\/pmza.sk\\\/?p=23309#article\",\"isPartOf\":{\"@id\":\"https:\\\/\\\/pmza.sk\\\/?p=23309\"},\"author\":{\"name\":\"Pova\u017esk\u00e9 m\u00fazeum\",\"@id\":\"https:\\\/\\\/pmza.sk\\\/#\\\/schema\\\/person\\\/595e6a2ce731ea94dcd5d7f50a41ae33\"},\"headline\":\"S hist\u00f3riou v srdci &#8211; 3. \u010das\u0165 &#8211; Jesenn\u00e9 dozrievanie\",\"datePublished\":\"2017-09-21T06:50:04+00:00\",\"mainEntityOfPage\":{\"@id\":\"https:\\\/\\\/pmza.sk\\\/?p=23309\"},\"wordCount\":205,\"publisher\":{\"@id\":\"https:\\\/\\\/pmza.sk\\\/#organization\"},\"image\":{\"@id\":\"https:\\\/\\\/pmza.sk\\\/?p=23309#primaryimage\"},\"thumbnailUrl\":\"https:\\\/\\\/pmza.sk\\\/wp-content\\\/uploads\\\/2017\\\/09\\\/IMG_3983.jpg\",\"articleSection\":[\"Aktuality\"],\"inLanguage\":\"sk-SK\"},{\"@type\":\"WebPage\",\"@id\":\"https:\\\/\\\/pmza.sk\\\/?p=23309\",\"url\":\"https:\\\/\\\/pmza.sk\\\/?p=23309\",\"name\":\"S hist\u00f3riou v srdci - 3. \u010das\u0165 - Jesenn\u00e9 dozrievanie - Pova\u017esk\u00e9 m\u00fazeum\",\"isPartOf\":{\"@id\":\"https:\\\/\\\/pmza.sk\\\/#website\"},\"primaryImageOfPage\":{\"@id\":\"https:\\\/\\\/pmza.sk\\\/?p=23309#primaryimage\"},\"image\":{\"@id\":\"https:\\\/\\\/pmza.sk\\\/?p=23309#primaryimage\"},\"thumbnailUrl\":\"https:\\\/\\\/pmza.sk\\\/wp-content\\\/uploads\\\/2017\\\/09\\\/IMG_3983.jpg\",\"datePublished\":\"2017-09-21T06:50:04+00:00\",\"breadcrumb\":{\"@id\":\"https:\\\/\\\/pmza.sk\\\/?p=23309#breadcrumb\"},\"inLanguage\":\"sk-SK\",\"potentialAction\":[{\"@type\":\"ReadAction\",\"target\":[\"https:\\\/\\\/pmza.sk\\\/?p=23309\"]}]},{\"@type\":\"ImageObject\",\"inLanguage\":\"sk-SK\",\"@id\":\"https:\\\/\\\/pmza.sk\\\/?p=23309#primaryimage\",\"url\":\"https:\\\/\\\/pmza.sk\\\/wp-content\\\/uploads\\\/2017\\\/09\\\/IMG_3983.jpg\",\"contentUrl\":\"https:\\\/\\\/pmza.sk\\\/wp-content\\\/uploads\\\/2017\\\/09\\\/IMG_3983.jpg\",\"width\":1024,\"height\":683},{\"@type\":\"BreadcrumbList\",\"@id\":\"https:\\\/\\\/pmza.sk\\\/?p=23309#breadcrumb\",\"itemListElement\":[{\"@type\":\"ListItem\",\"position\":1,\"name\":\"Domovsk\u00e1 str\u00e1nka\",\"item\":\"https:\\\/\\\/pmza.sk\\\/\"},{\"@type\":\"ListItem\",\"position\":2,\"name\":\"S hist\u00f3riou v srdci &#8211; 3. \u010das\u0165 &#8211; Jesenn\u00e9 dozrievanie\"}]},{\"@type\":\"WebSite\",\"@id\":\"https:\\\/\\\/pmza.sk\\\/#website\",\"url\":\"https:\\\/\\\/pmza.sk\\\/\",\"name\":\"Pova\u017esk\u00e9 m\u00fazeum\",\"description\":\"Pova\u017esk\u00e9 m\u00fazeum v \u017diline je region\u00e1lne m\u00fazeum so s\u00eddlom v Budat\u00edne. Jeho expoz\u00edcie s\u00fa zameran\u00e9 na dejiny slovensk\u00e9ho umenia, kult\u00fary a dopravy.\",\"publisher\":{\"@id\":\"https:\\\/\\\/pmza.sk\\\/#organization\"},\"potentialAction\":[{\"@type\":\"SearchAction\",\"target\":{\"@type\":\"EntryPoint\",\"urlTemplate\":\"https:\\\/\\\/pmza.sk\\\/?s={search_term_string}\"},\"query-input\":{\"@type\":\"PropertyValueSpecification\",\"valueRequired\":true,\"valueName\":\"search_term_string\"}}],\"inLanguage\":\"sk-SK\"},{\"@type\":\"Organization\",\"@id\":\"https:\\\/\\\/pmza.sk\\\/#organization\",\"name\":\"Pova\u017esk\u00e9 m\u00fazeum\",\"url\":\"https:\\\/\\\/pmza.sk\\\/\",\"logo\":{\"@type\":\"ImageObject\",\"inLanguage\":\"sk-SK\",\"@id\":\"https:\\\/\\\/pmza.sk\\\/#\\\/schema\\\/logo\\\/image\\\/\",\"url\":\"https:\\\/\\\/pmza.sk\\\/wp-content\\\/uploads\\\/2022\\\/01\\\/logo_PM_horizontal.jpg\",\"contentUrl\":\"https:\\\/\\\/pmza.sk\\\/wp-content\\\/uploads\\\/2022\\\/01\\\/logo_PM_horizontal.jpg\",\"width\":231,\"height\":142,\"caption\":\"Pova\u017esk\u00e9 m\u00fazeum\"},\"image\":{\"@id\":\"https:\\\/\\\/pmza.sk\\\/#\\\/schema\\\/logo\\\/image\\\/\"},\"sameAs\":[\"https:\\\/\\\/www.facebook.com\\\/povazskemuzeum\",\"https:\\\/\\\/www.instagram.com\\\/povazskemuzeum\\\/\"]},{\"@type\":\"Person\",\"@id\":\"https:\\\/\\\/pmza.sk\\\/#\\\/schema\\\/person\\\/595e6a2ce731ea94dcd5d7f50a41ae33\",\"name\":\"Pova\u017esk\u00e9 m\u00fazeum\",\"image\":{\"@type\":\"ImageObject\",\"inLanguage\":\"sk-SK\",\"@id\":\"https:\\\/\\\/secure.gravatar.com\\\/avatar\\\/2bb7f1561282132fb5826dfeccc66c7996d11ee392ac6aaf7ced8a1c2027fbb2?s=96&d=mm&r=g\",\"url\":\"https:\\\/\\\/secure.gravatar.com\\\/avatar\\\/2bb7f1561282132fb5826dfeccc66c7996d11ee392ac6aaf7ced8a1c2027fbb2?s=96&d=mm&r=g\",\"contentUrl\":\"https:\\\/\\\/secure.gravatar.com\\\/avatar\\\/2bb7f1561282132fb5826dfeccc66c7996d11ee392ac6aaf7ced8a1c2027fbb2?s=96&d=mm&r=g\",\"caption\":\"Pova\u017esk\u00e9 m\u00fazeum\"}}]}<\/script>\n<!-- \/ Yoast SEO plugin. -->","yoast_head_json":{"title":"S hist\u00f3riou v srdci - 3. \u010das\u0165 - Jesenn\u00e9 dozrievanie - Pova\u017esk\u00e9 m\u00fazeum","robots":{"index":"index","follow":"follow","max-snippet":"max-snippet:-1","max-image-preview":"max-image-preview:large","max-video-preview":"max-video-preview:-1"},"canonical":"https:\/\/pmza.sk\/?p=23309","og_locale":"sk_SK","og_type":"article","og_title":"S hist\u00f3riou v srdci - 3. \u010das\u0165 - Jesenn\u00e9 dozrievanie - Pova\u017esk\u00e9 m\u00fazeum","og_description":"D\u0148a 20. 9. 2017 sa v\u00a0Kaplnke Budat\u00ednskeho hradu uskuto\u010dnilo tretie stretnutie s\u00a0n\u00e1zvom Jesenn\u00e9 dozrievanie z celoro\u010dn\u00e9ho cyklu S hist\u00f3riou v srdci, ktor\u00e9 je venovan\u00e9 seniorom. N\u00e1pl\u0148ou stretnutia bola vernis\u00e1\u017e v\u00fdstavy spojen\u00e1 s koncertom v\u00e1\u017enej hudby. Seniori na v\u00fdstave odprezentovali svoje vlastn\u00e9 drot\u00e1rske diela, ktor\u00e9 vytvorili po\u010das prv\u00e9ho stretnutia v\u00a0tvoriv\u00fdch diel\u0148ach, kedy sa nau\u010dili z\u00e1kladn\u00fdm aj [&hellip;]","og_url":"https:\/\/pmza.sk\/?p=23309","og_site_name":"Pova\u017esk\u00e9 m\u00fazeum","article_publisher":"https:\/\/www.facebook.com\/povazskemuzeum","article_published_time":"2017-09-21T06:50:04+00:00","og_image":[{"width":1024,"height":683,"url":"https:\/\/pmza.sk\/wp-content\/uploads\/2017\/09\/IMG_3983.jpg","type":"image\/jpeg"}],"author":"Pova\u017esk\u00e9 m\u00fazeum","twitter_card":"summary_large_image","twitter_misc":{"Autor":"Pova\u017esk\u00e9 m\u00fazeum","Predpokladan\u00fd \u010das \u010d\u00edtania":"1 min\u00fata"},"schema":{"@context":"https:\/\/schema.org","@graph":[{"@type":"Article","@id":"https:\/\/pmza.sk\/?p=23309#article","isPartOf":{"@id":"https:\/\/pmza.sk\/?p=23309"},"author":{"name":"Pova\u017esk\u00e9 m\u00fazeum","@id":"https:\/\/pmza.sk\/#\/schema\/person\/595e6a2ce731ea94dcd5d7f50a41ae33"},"headline":"S hist\u00f3riou v srdci &#8211; 3. \u010das\u0165 &#8211; Jesenn\u00e9 dozrievanie","datePublished":"2017-09-21T06:50:04+00:00","mainEntityOfPage":{"@id":"https:\/\/pmza.sk\/?p=23309"},"wordCount":205,"publisher":{"@id":"https:\/\/pmza.sk\/#organization"},"image":{"@id":"https:\/\/pmza.sk\/?p=23309#primaryimage"},"thumbnailUrl":"https:\/\/pmza.sk\/wp-content\/uploads\/2017\/09\/IMG_3983.jpg","articleSection":["Aktuality"],"inLanguage":"sk-SK"},{"@type":"WebPage","@id":"https:\/\/pmza.sk\/?p=23309","url":"https:\/\/pmza.sk\/?p=23309","name":"S hist\u00f3riou v srdci - 3. \u010das\u0165 - Jesenn\u00e9 dozrievanie - Pova\u017esk\u00e9 m\u00fazeum","isPartOf":{"@id":"https:\/\/pmza.sk\/#website"},"primaryImageOfPage":{"@id":"https:\/\/pmza.sk\/?p=23309#primaryimage"},"image":{"@id":"https:\/\/pmza.sk\/?p=23309#primaryimage"},"thumbnailUrl":"https:\/\/pmza.sk\/wp-content\/uploads\/2017\/09\/IMG_3983.jpg","datePublished":"2017-09-21T06:50:04+00:00","breadcrumb":{"@id":"https:\/\/pmza.sk\/?p=23309#breadcrumb"},"inLanguage":"sk-SK","potentialAction":[{"@type":"ReadAction","target":["https:\/\/pmza.sk\/?p=23309"]}]},{"@type":"ImageObject","inLanguage":"sk-SK","@id":"https:\/\/pmza.sk\/?p=23309#primaryimage","url":"https:\/\/pmza.sk\/wp-content\/uploads\/2017\/09\/IMG_3983.jpg","contentUrl":"https:\/\/pmza.sk\/wp-content\/uploads\/2017\/09\/IMG_3983.jpg","width":1024,"height":683},{"@type":"BreadcrumbList","@id":"https:\/\/pmza.sk\/?p=23309#breadcrumb","itemListElement":[{"@type":"ListItem","position":1,"name":"Domovsk\u00e1 str\u00e1nka","item":"https:\/\/pmza.sk\/"},{"@type":"ListItem","position":2,"name":"S hist\u00f3riou v srdci &#8211; 3. \u010das\u0165 &#8211; Jesenn\u00e9 dozrievanie"}]},{"@type":"WebSite","@id":"https:\/\/pmza.sk\/#website","url":"https:\/\/pmza.sk\/","name":"Pova\u017esk\u00e9 m\u00fazeum","description":"Pova\u017esk\u00e9 m\u00fazeum v \u017diline je region\u00e1lne m\u00fazeum so s\u00eddlom v Budat\u00edne. Jeho expoz\u00edcie s\u00fa zameran\u00e9 na dejiny slovensk\u00e9ho umenia, kult\u00fary a dopravy.","publisher":{"@id":"https:\/\/pmza.sk\/#organization"},"potentialAction":[{"@type":"SearchAction","target":{"@type":"EntryPoint","urlTemplate":"https:\/\/pmza.sk\/?s={search_term_string}"},"query-input":{"@type":"PropertyValueSpecification","valueRequired":true,"valueName":"search_term_string"}}],"inLanguage":"sk-SK"},{"@type":"Organization","@id":"https:\/\/pmza.sk\/#organization","name":"Pova\u017esk\u00e9 m\u00fazeum","url":"https:\/\/pmza.sk\/","logo":{"@type":"ImageObject","inLanguage":"sk-SK","@id":"https:\/\/pmza.sk\/#\/schema\/logo\/image\/","url":"https:\/\/pmza.sk\/wp-content\/uploads\/2022\/01\/logo_PM_horizontal.jpg","contentUrl":"https:\/\/pmza.sk\/wp-content\/uploads\/2022\/01\/logo_PM_horizontal.jpg","width":231,"height":142,"caption":"Pova\u017esk\u00e9 m\u00fazeum"},"image":{"@id":"https:\/\/pmza.sk\/#\/schema\/logo\/image\/"},"sameAs":["https:\/\/www.facebook.com\/povazskemuzeum","https:\/\/www.instagram.com\/povazskemuzeum\/"]},{"@type":"Person","@id":"https:\/\/pmza.sk\/#\/schema\/person\/595e6a2ce731ea94dcd5d7f50a41ae33","name":"Pova\u017esk\u00e9 m\u00fazeum","image":{"@type":"ImageObject","inLanguage":"sk-SK","@id":"https:\/\/secure.gravatar.com\/avatar\/2bb7f1561282132fb5826dfeccc66c7996d11ee392ac6aaf7ced8a1c2027fbb2?s=96&d=mm&r=g","url":"https:\/\/secure.gravatar.com\/avatar\/2bb7f1561282132fb5826dfeccc66c7996d11ee392ac6aaf7ced8a1c2027fbb2?s=96&d=mm&r=g","contentUrl":"https:\/\/secure.gravatar.com\/avatar\/2bb7f1561282132fb5826dfeccc66c7996d11ee392ac6aaf7ced8a1c2027fbb2?s=96&d=mm&r=g","caption":"Pova\u017esk\u00e9 m\u00fazeum"}}]}},"_links":{"self":[{"href":"https:\/\/pmza.sk\/index.php?rest_route=\/wp\/v2\/posts\/23309","targetHints":{"allow":["GET"]}}],"collection":[{"href":"https:\/\/pmza.sk\/index.php?rest_route=\/wp\/v2\/posts"}],"about":[{"href":"https:\/\/pmza.sk\/index.php?rest_route=\/wp\/v2\/types\/post"}],"author":[{"embeddable":true,"href":"https:\/\/pmza.sk\/index.php?rest_route=\/wp\/v2\/users\/2"}],"replies":[{"embeddable":true,"href":"https:\/\/pmza.sk\/index.php?rest_route=%2Fwp%2Fv2%2Fcomments&post=23309"}],"version-history":[{"count":0,"href":"https:\/\/pmza.sk\/index.php?rest_route=\/wp\/v2\/posts\/23309\/revisions"}],"wp:featuredmedia":[{"embeddable":true,"href":"https:\/\/pmza.sk\/index.php?rest_route=\/wp\/v2\/media\/23307"}],"wp:attachment":[{"href":"https:\/\/pmza.sk\/index.php?rest_route=%2Fwp%2Fv2%2Fmedia&parent=23309"}],"wp:term":[{"taxonomy":"category","embeddable":true,"href":"https:\/\/pmza.sk\/index.php?rest_route=%2Fwp%2Fv2%2Fcategories&post=23309"},{"taxonomy":"post_tag","embeddable":true,"href":"https:\/\/pmza.sk\/index.php?rest_route=%2Fwp%2Fv2%2Ftags&post=23309"}],"curies":[{"name":"wp","href":"https:\/\/api.w.org\/{rel}","templated":true}]}}