{"id":23322,"date":"2017-11-21T17:28:32","date_gmt":"2017-11-21T16:28:32","guid":{"rendered":"https:\/\/pmza.sk\/?p=23322"},"modified":"2017-11-21T17:28:32","modified_gmt":"2017-11-21T16:28:32","slug":"ludia-a-krajina-spod-rozsutca-vystava","status":"publish","type":"post","link":"https:\/\/pmza.sk\/?p=23322","title":{"rendered":"\u013dudia a krajina spod Rozsutca &#8211; v\u00fdstava pred\u013a\u017een\u00e1"},"content":{"rendered":"<p>Pova\u017esk\u00e9 m\u00fazeum v \u017diline a autor v\u00e1s poz\u00fdvaj\u00fa na v\u00fdstavu: Vlado Ba\u010da &#8211; \u013dudia a krajina spod Rozsutca.<\/p>\n<p>V\u00fdstava je pre ve\u013ek\u00fd z\u00e1ujem verejnosti <span style=\"text-decoration: underline;\">pred\u013a\u017een\u00e1 do konca novembra 2017<\/span>. Pr\u00edstupn\u00e1 je v Kaplnke Budat\u00ednskeho hradu v d\u0148och utorok a\u017e nede\u013ea od 9.00 do 17.00 hod.<\/p>\n<p>SPLATEN\u00dd DLH<\/p>\n<p>\u00a0\u00a0\u00a0\u00a0\u00a0\u00a0\u00a0\u00a0 Ka\u017ed\u00fd nos\u00edme v sebe bl\u00edzky kraj, \u013eud\u00ed v \u0148om. Dostali sme ho ako dar, us\u00eddlil sa v n\u00e1s ako obraz a \u013eudsk\u00fd pr\u00edbeh. M\u00f4\u017ee osta\u0165 na\u0161\u00edm najvn\u00fatornej\u0161\u00edm tajomstvom, a\u017e sa napokon vytrat\u00ed s nami. Ale m\u00f4\u017eeme ma\u0165 aj \u0161\u0165astie a v istom obdob\u00ed n\u00e1\u0161ho \u017eivota poc\u00edtime potrebu zaznamena\u0165 si nie\u010do z neho, vyjadri\u0165 sa o \u0148om. Najsk\u00f4r pre seba, pre vlastn\u00e9 pote\u0161enie.<\/p>\n<p>\u00a0\u00a0\u00a0\u00a0\u00a0\u00a0\u00a0\u00a0 Po \u010dasovom odstupe pr\u00edde nie\u010do ako neodolate\u013en\u00e9 nutkanie podeli\u0165 sa s in\u00fdmi. Zverejni\u0165 svoje osobn\u00e9 po\u010fakovanie za to, \u010do sme v kraji z\u00edskali, ako poctu \u013eu\u010fom, ktor\u00ed ma v \u0148om neodolate\u013ene pri\u0165ahovali. Na tomto cykle som intenz\u00edvne robil zo \u0161tyri roky. Potom pri\u0161la dvadsa\u0165 rokov dlh\u00e1 pauza. Pri\u0161lo to n\u00e1hle, neodolate\u013ene.\u00a0 C\u00edtil som potrebu vypoveda\u0165 za seba. \u010co ja c\u00edtim ku krajine a k jej \u013eu\u010fom. Bolo to o uhran\u010divej predstave e\u0161te pred stla\u010den\u00edm sp\u00fa\u0161te na fotoapar\u00e1te, ako predstavu \u010do najlep\u0161ie uchopi\u0165, zachyti\u0165 na celuloid filmu a z neho dosta\u0165 na fotografiu. V\u0161\u00edmal som si\u00a0 krajinu\u00a0<\/p>\n<p>v\u00a0 panor\u00e1mach aj v detailoch. Nach\u00e1dzal som jej siln\u00fd vn\u00fatorn\u00fd rytmus i na zdanlivo jednoduch\u00fdch,\u00a0 no nikdy nie jednotv\u00e1rnych ploch\u00e1ch.\u00a0 Dokia\u013e sa v\u00fdsledn\u00fd efekt nepribl\u00ed\u017eil k mojej predstave, dovtedy som nebol spokojn\u00fd .<\/p>\n<p>\u00a0\u00a0\u00a0\u00a0\u00a0\u00a0\u00a0 Osobitne ma zauj\u00edmali \u013eudia v krajine. Kr\u00e1sne portr\u00e9ty, obrazy vrch\u00e1rov, \u017eien. Fotil som ich v ich prirodzenom prostred\u00ed, v ka\u017edej tv\u00e1ri boli siln\u00e9 \u017eivotn\u00e9 pr\u00edbehy. Hovoria aj za mnoh\u00fdch in\u00fdch, \u010do \u017eili v tomto prostred\u00ed. Chcem im aspo\u0148 takto vyjadri\u0165 svoj osobn\u00fd pocit v\u010faky. Ak by som mal zo v\u0161etk\u00fdch fotografi\u00ed vybra\u0165 jednu nezabudnute\u013en\u00fa postavu, tak je to \u017dena s kosou.<\/p>\n<p>\u00a0\u00a0\u00a0\u00a0\u00a0 Vznikla ve\u013emi jednoducho. Viezol som sa na jese\u0148 autom z Terchovej na Z\u00e1zriv\u00fa, a zrazu som v poli pod Rovnou horou zbadal postavu vych\u00e1dzaj\u00facu z rannej jesennej hmly. Pripadala mi ako smr\u0165. Urobil som asi desa\u0165 z\u00e1berov. Je v nich \u017eivot, a je v nich aj smr\u0165. Samozrejme, fotografovanie nie je v\u00f4bec iba o n\u00e1hode, ale ani \u0148ou sa\u00a0 nesmie poh\u0155da\u0165. Je to ako so \u0161\u0165ast\u00edm. Prejde pomimo, a u\u017e sa nikdy neobjav\u00ed.<\/p>\n<p style=\"text-align: left;\">\u00a0\u00a0\u00a0\u00a0\u00a0\u00a0\u00a0 Predstavenie svojich fotografi\u00ed o \u013eu\u010foch a krajine v ktorej \u017eili preto vn\u00edmam ako osobn\u00e9 splatenie dlhu svojho \u017eivota. Teraz viem, \u017ee sa k tejto t\u00e9me u\u017e nikdy nevr\u00e1tim. M\u00e1m \u010fal\u0161ie t\u00e9my, o ktor\u00fdch dlh\u0161ie rozm\u00fd\u0161\u013eam. Za\u010dal som na nich pracova\u0165, no nem\u00f4\u017eem v nich pokra\u010dova\u0165 naplno pred uzavret\u00edm tejto svojej tvorivej kapitoly.<\/p>\n<p style=\"text-align: right;\">Vlado Ba\u010da, QEP<\/p>\n","protected":false},"excerpt":{"rendered":"<p>Pova\u017esk\u00e9 m\u00fazeum v \u017diline a autor v\u00e1s poz\u00fdvaj\u00fa na v\u00fdstavu: Vlado Ba\u010da &#8211; \u013dudia a krajina spod Rozsutca. V\u00fdstava je pre ve\u013ek\u00fd z\u00e1ujem verejnosti pred\u013a\u017een\u00e1 do konca novembra 2017. Pr\u00edstupn\u00e1 je v Kaplnke Budat\u00ednskeho hradu v d\u0148och utorok a\u017e nede\u013ea od 9.00 do 17.00 hod. SPLATEN\u00dd DLH \u00a0\u00a0\u00a0\u00a0\u00a0\u00a0\u00a0\u00a0 Ka\u017ed\u00fd nos\u00edme v sebe bl\u00edzky kraj, \u013eud\u00ed [&hellip;]<\/p>\n","protected":false},"author":2,"featured_media":24286,"comment_status":"closed","ping_status":"closed","sticky":false,"template":"","format":"standard","meta":{"site-sidebar-layout":"default","site-content-layout":"","ast-site-content-layout":"","site-content-style":"default","site-sidebar-style":"default","ast-global-header-display":"","ast-banner-title-visibility":"","ast-main-header-display":"","ast-hfb-above-header-display":"","ast-hfb-below-header-display":"","ast-hfb-mobile-header-display":"","site-post-title":"","ast-breadcrumbs-content":"","ast-featured-img":"","footer-sml-layout":"","theme-transparent-header-meta":"","adv-header-id-meta":"","stick-header-meta":"","header-above-stick-meta":"","header-main-stick-meta":"","header-below-stick-meta":"","astra-migrate-meta-layouts":"default","ast-page-background-enabled":"default","ast-page-background-meta":{"desktop":{"background-color":"var(--ast-global-color-4)","background-image":"","background-repeat":"repeat","background-position":"center center","background-size":"auto","background-attachment":"scroll","background-type":"","background-media":"","overlay-type":"","overlay-color":"","overlay-opacity":"","overlay-gradient":""},"tablet":{"background-color":"","background-image":"","background-repeat":"repeat","background-position":"center center","background-size":"auto","background-attachment":"scroll","background-type":"","background-media":"","overlay-type":"","overlay-color":"","overlay-opacity":"","overlay-gradient":""},"mobile":{"background-color":"","background-image":"","background-repeat":"repeat","background-position":"center center","background-size":"auto","background-attachment":"scroll","background-type":"","background-media":"","overlay-type":"","overlay-color":"","overlay-opacity":"","overlay-gradient":""}},"ast-content-background-meta":{"desktop":{"background-color":"var(--ast-global-color-5)","background-image":"","background-repeat":"repeat","background-position":"center center","background-size":"auto","background-attachment":"scroll","background-type":"","background-media":"","overlay-type":"","overlay-color":"","overlay-opacity":"","overlay-gradient":""},"tablet":{"background-color":"var(--ast-global-color-5)","background-image":"","background-repeat":"repeat","background-position":"center center","background-size":"auto","background-attachment":"scroll","background-type":"","background-media":"","overlay-type":"","overlay-color":"","overlay-opacity":"","overlay-gradient":""},"mobile":{"background-color":"var(--ast-global-color-5)","background-image":"","background-repeat":"repeat","background-position":"center center","background-size":"auto","background-attachment":"scroll","background-type":"","background-media":"","overlay-type":"","overlay-color":"","overlay-opacity":"","overlay-gradient":""}},"footnotes":""},"categories":[31],"tags":[],"class_list":["post-23322","post","type-post","status-publish","format-standard","has-post-thumbnail","hentry","category-aktuality"],"yoast_head":"<!-- This site is optimized with the Yoast SEO plugin v27.4 - https:\/\/yoast.com\/product\/yoast-seo-wordpress\/ -->\n<title>\u013dudia a krajina spod Rozsutca - v\u00fdstava pred\u013a\u017een\u00e1 - Pova\u017esk\u00e9 m\u00fazeum<\/title>\n<meta name=\"robots\" content=\"index, follow, max-snippet:-1, max-image-preview:large, max-video-preview:-1\" \/>\n<link rel=\"canonical\" href=\"https:\/\/pmza.sk\/?p=23322\" \/>\n<meta property=\"og:locale\" content=\"sk_SK\" \/>\n<meta property=\"og:type\" content=\"article\" \/>\n<meta property=\"og:title\" content=\"\u013dudia a krajina spod Rozsutca - v\u00fdstava pred\u013a\u017een\u00e1 - Pova\u017esk\u00e9 m\u00fazeum\" \/>\n<meta property=\"og:description\" content=\"Pova\u017esk\u00e9 m\u00fazeum v \u017diline a autor v\u00e1s poz\u00fdvaj\u00fa na v\u00fdstavu: Vlado Ba\u010da &#8211; \u013dudia a krajina spod Rozsutca. V\u00fdstava je pre ve\u013ek\u00fd z\u00e1ujem verejnosti pred\u013a\u017een\u00e1 do konca novembra 2017. Pr\u00edstupn\u00e1 je v Kaplnke Budat\u00ednskeho hradu v d\u0148och utorok a\u017e nede\u013ea od 9.00 do 17.00 hod. SPLATEN\u00dd DLH \u00a0\u00a0\u00a0\u00a0\u00a0\u00a0\u00a0\u00a0 Ka\u017ed\u00fd nos\u00edme v sebe bl\u00edzky kraj, \u013eud\u00ed [&hellip;]\" \/>\n<meta property=\"og:url\" content=\"https:\/\/pmza.sk\/?p=23322\" \/>\n<meta property=\"og:site_name\" content=\"Pova\u017esk\u00e9 m\u00fazeum\" \/>\n<meta property=\"article:publisher\" content=\"https:\/\/www.facebook.com\/povazskemuzeum\" \/>\n<meta property=\"article:published_time\" content=\"2017-11-21T16:28:32+00:00\" \/>\n<meta property=\"og:image\" content=\"https:\/\/pmza.sk\/wp-content\/uploads\/2017\/11\/Predlzenie-vystavy-Rozsutec-page-001-scaled-1.jpg\" \/>\n\t<meta property=\"og:image:width\" content=\"2560\" \/>\n\t<meta property=\"og:image:height\" content=\"880\" \/>\n\t<meta property=\"og:image:type\" content=\"image\/jpeg\" \/>\n<meta name=\"author\" content=\"Pova\u017esk\u00e9 m\u00fazeum\" \/>\n<meta name=\"twitter:card\" content=\"summary_large_image\" \/>\n<meta name=\"twitter:label1\" content=\"Autor\" \/>\n\t<meta name=\"twitter:data1\" content=\"Pova\u017esk\u00e9 m\u00fazeum\" \/>\n\t<meta name=\"twitter:label2\" content=\"Predpokladan\u00fd \u010das \u010d\u00edtania\" \/>\n\t<meta name=\"twitter:data2\" content=\"3 min\u00faty\" \/>\n<script type=\"application\/ld+json\" class=\"yoast-schema-graph\">{\"@context\":\"https:\\\/\\\/schema.org\",\"@graph\":[{\"@type\":\"Article\",\"@id\":\"https:\\\/\\\/pmza.sk\\\/?p=23322#article\",\"isPartOf\":{\"@id\":\"https:\\\/\\\/pmza.sk\\\/?p=23322\"},\"author\":{\"name\":\"Pova\u017esk\u00e9 m\u00fazeum\",\"@id\":\"https:\\\/\\\/pmza.sk\\\/#\\\/schema\\\/person\\\/595e6a2ce731ea94dcd5d7f50a41ae33\"},\"headline\":\"\u013dudia a krajina spod Rozsutca &#8211; v\u00fdstava pred\u013a\u017een\u00e1\",\"datePublished\":\"2017-11-21T16:28:32+00:00\",\"mainEntityOfPage\":{\"@id\":\"https:\\\/\\\/pmza.sk\\\/?p=23322\"},\"wordCount\":533,\"publisher\":{\"@id\":\"https:\\\/\\\/pmza.sk\\\/#organization\"},\"image\":{\"@id\":\"https:\\\/\\\/pmza.sk\\\/?p=23322#primaryimage\"},\"thumbnailUrl\":\"https:\\\/\\\/pmza.sk\\\/wp-content\\\/uploads\\\/2017\\\/11\\\/Predlzenie-vystavy-Rozsutec-page-001-scaled-1.jpg\",\"articleSection\":[\"Aktuality\"],\"inLanguage\":\"sk-SK\"},{\"@type\":\"WebPage\",\"@id\":\"https:\\\/\\\/pmza.sk\\\/?p=23322\",\"url\":\"https:\\\/\\\/pmza.sk\\\/?p=23322\",\"name\":\"\u013dudia a krajina spod Rozsutca - v\u00fdstava pred\u013a\u017een\u00e1 - Pova\u017esk\u00e9 m\u00fazeum\",\"isPartOf\":{\"@id\":\"https:\\\/\\\/pmza.sk\\\/#website\"},\"primaryImageOfPage\":{\"@id\":\"https:\\\/\\\/pmza.sk\\\/?p=23322#primaryimage\"},\"image\":{\"@id\":\"https:\\\/\\\/pmza.sk\\\/?p=23322#primaryimage\"},\"thumbnailUrl\":\"https:\\\/\\\/pmza.sk\\\/wp-content\\\/uploads\\\/2017\\\/11\\\/Predlzenie-vystavy-Rozsutec-page-001-scaled-1.jpg\",\"datePublished\":\"2017-11-21T16:28:32+00:00\",\"breadcrumb\":{\"@id\":\"https:\\\/\\\/pmza.sk\\\/?p=23322#breadcrumb\"},\"inLanguage\":\"sk-SK\",\"potentialAction\":[{\"@type\":\"ReadAction\",\"target\":[\"https:\\\/\\\/pmza.sk\\\/?p=23322\"]}]},{\"@type\":\"ImageObject\",\"inLanguage\":\"sk-SK\",\"@id\":\"https:\\\/\\\/pmza.sk\\\/?p=23322#primaryimage\",\"url\":\"https:\\\/\\\/pmza.sk\\\/wp-content\\\/uploads\\\/2017\\\/11\\\/Predlzenie-vystavy-Rozsutec-page-001-scaled-1.jpg\",\"contentUrl\":\"https:\\\/\\\/pmza.sk\\\/wp-content\\\/uploads\\\/2017\\\/11\\\/Predlzenie-vystavy-Rozsutec-page-001-scaled-1.jpg\",\"width\":2560,\"height\":880},{\"@type\":\"BreadcrumbList\",\"@id\":\"https:\\\/\\\/pmza.sk\\\/?p=23322#breadcrumb\",\"itemListElement\":[{\"@type\":\"ListItem\",\"position\":1,\"name\":\"Domovsk\u00e1 str\u00e1nka\",\"item\":\"https:\\\/\\\/pmza.sk\\\/\"},{\"@type\":\"ListItem\",\"position\":2,\"name\":\"\u013dudia a krajina spod Rozsutca &#8211; v\u00fdstava pred\u013a\u017een\u00e1\"}]},{\"@type\":\"WebSite\",\"@id\":\"https:\\\/\\\/pmza.sk\\\/#website\",\"url\":\"https:\\\/\\\/pmza.sk\\\/\",\"name\":\"Pova\u017esk\u00e9 m\u00fazeum\",\"description\":\"Pova\u017esk\u00e9 m\u00fazeum v \u017diline je region\u00e1lne m\u00fazeum so s\u00eddlom v Budat\u00edne. Jeho expoz\u00edcie s\u00fa zameran\u00e9 na dejiny slovensk\u00e9ho umenia, kult\u00fary a dopravy.\",\"publisher\":{\"@id\":\"https:\\\/\\\/pmza.sk\\\/#organization\"},\"potentialAction\":[{\"@type\":\"SearchAction\",\"target\":{\"@type\":\"EntryPoint\",\"urlTemplate\":\"https:\\\/\\\/pmza.sk\\\/?s={search_term_string}\"},\"query-input\":{\"@type\":\"PropertyValueSpecification\",\"valueRequired\":true,\"valueName\":\"search_term_string\"}}],\"inLanguage\":\"sk-SK\"},{\"@type\":\"Organization\",\"@id\":\"https:\\\/\\\/pmza.sk\\\/#organization\",\"name\":\"Pova\u017esk\u00e9 m\u00fazeum\",\"url\":\"https:\\\/\\\/pmza.sk\\\/\",\"logo\":{\"@type\":\"ImageObject\",\"inLanguage\":\"sk-SK\",\"@id\":\"https:\\\/\\\/pmza.sk\\\/#\\\/schema\\\/logo\\\/image\\\/\",\"url\":\"https:\\\/\\\/pmza.sk\\\/wp-content\\\/uploads\\\/2022\\\/01\\\/logo_PM_horizontal.jpg\",\"contentUrl\":\"https:\\\/\\\/pmza.sk\\\/wp-content\\\/uploads\\\/2022\\\/01\\\/logo_PM_horizontal.jpg\",\"width\":231,\"height\":142,\"caption\":\"Pova\u017esk\u00e9 m\u00fazeum\"},\"image\":{\"@id\":\"https:\\\/\\\/pmza.sk\\\/#\\\/schema\\\/logo\\\/image\\\/\"},\"sameAs\":[\"https:\\\/\\\/www.facebook.com\\\/povazskemuzeum\",\"https:\\\/\\\/www.instagram.com\\\/povazskemuzeum\\\/\"]},{\"@type\":\"Person\",\"@id\":\"https:\\\/\\\/pmza.sk\\\/#\\\/schema\\\/person\\\/595e6a2ce731ea94dcd5d7f50a41ae33\",\"name\":\"Pova\u017esk\u00e9 m\u00fazeum\",\"image\":{\"@type\":\"ImageObject\",\"inLanguage\":\"sk-SK\",\"@id\":\"https:\\\/\\\/secure.gravatar.com\\\/avatar\\\/2bb7f1561282132fb5826dfeccc66c7996d11ee392ac6aaf7ced8a1c2027fbb2?s=96&d=mm&r=g\",\"url\":\"https:\\\/\\\/secure.gravatar.com\\\/avatar\\\/2bb7f1561282132fb5826dfeccc66c7996d11ee392ac6aaf7ced8a1c2027fbb2?s=96&d=mm&r=g\",\"contentUrl\":\"https:\\\/\\\/secure.gravatar.com\\\/avatar\\\/2bb7f1561282132fb5826dfeccc66c7996d11ee392ac6aaf7ced8a1c2027fbb2?s=96&d=mm&r=g\",\"caption\":\"Pova\u017esk\u00e9 m\u00fazeum\"}}]}<\/script>\n<!-- \/ Yoast SEO plugin. -->","yoast_head_json":{"title":"\u013dudia a krajina spod Rozsutca - v\u00fdstava pred\u013a\u017een\u00e1 - Pova\u017esk\u00e9 m\u00fazeum","robots":{"index":"index","follow":"follow","max-snippet":"max-snippet:-1","max-image-preview":"max-image-preview:large","max-video-preview":"max-video-preview:-1"},"canonical":"https:\/\/pmza.sk\/?p=23322","og_locale":"sk_SK","og_type":"article","og_title":"\u013dudia a krajina spod Rozsutca - v\u00fdstava pred\u013a\u017een\u00e1 - Pova\u017esk\u00e9 m\u00fazeum","og_description":"Pova\u017esk\u00e9 m\u00fazeum v \u017diline a autor v\u00e1s poz\u00fdvaj\u00fa na v\u00fdstavu: Vlado Ba\u010da &#8211; \u013dudia a krajina spod Rozsutca. V\u00fdstava je pre ve\u013ek\u00fd z\u00e1ujem verejnosti pred\u013a\u017een\u00e1 do konca novembra 2017. Pr\u00edstupn\u00e1 je v Kaplnke Budat\u00ednskeho hradu v d\u0148och utorok a\u017e nede\u013ea od 9.00 do 17.00 hod. SPLATEN\u00dd DLH \u00a0\u00a0\u00a0\u00a0\u00a0\u00a0\u00a0\u00a0 Ka\u017ed\u00fd nos\u00edme v sebe bl\u00edzky kraj, \u013eud\u00ed [&hellip;]","og_url":"https:\/\/pmza.sk\/?p=23322","og_site_name":"Pova\u017esk\u00e9 m\u00fazeum","article_publisher":"https:\/\/www.facebook.com\/povazskemuzeum","article_published_time":"2017-11-21T16:28:32+00:00","og_image":[{"width":2560,"height":880,"url":"https:\/\/pmza.sk\/wp-content\/uploads\/2017\/11\/Predlzenie-vystavy-Rozsutec-page-001-scaled-1.jpg","type":"image\/jpeg"}],"author":"Pova\u017esk\u00e9 m\u00fazeum","twitter_card":"summary_large_image","twitter_misc":{"Autor":"Pova\u017esk\u00e9 m\u00fazeum","Predpokladan\u00fd \u010das \u010d\u00edtania":"3 min\u00faty"},"schema":{"@context":"https:\/\/schema.org","@graph":[{"@type":"Article","@id":"https:\/\/pmza.sk\/?p=23322#article","isPartOf":{"@id":"https:\/\/pmza.sk\/?p=23322"},"author":{"name":"Pova\u017esk\u00e9 m\u00fazeum","@id":"https:\/\/pmza.sk\/#\/schema\/person\/595e6a2ce731ea94dcd5d7f50a41ae33"},"headline":"\u013dudia a krajina spod Rozsutca &#8211; v\u00fdstava pred\u013a\u017een\u00e1","datePublished":"2017-11-21T16:28:32+00:00","mainEntityOfPage":{"@id":"https:\/\/pmza.sk\/?p=23322"},"wordCount":533,"publisher":{"@id":"https:\/\/pmza.sk\/#organization"},"image":{"@id":"https:\/\/pmza.sk\/?p=23322#primaryimage"},"thumbnailUrl":"https:\/\/pmza.sk\/wp-content\/uploads\/2017\/11\/Predlzenie-vystavy-Rozsutec-page-001-scaled-1.jpg","articleSection":["Aktuality"],"inLanguage":"sk-SK"},{"@type":"WebPage","@id":"https:\/\/pmza.sk\/?p=23322","url":"https:\/\/pmza.sk\/?p=23322","name":"\u013dudia a krajina spod Rozsutca - v\u00fdstava pred\u013a\u017een\u00e1 - Pova\u017esk\u00e9 m\u00fazeum","isPartOf":{"@id":"https:\/\/pmza.sk\/#website"},"primaryImageOfPage":{"@id":"https:\/\/pmza.sk\/?p=23322#primaryimage"},"image":{"@id":"https:\/\/pmza.sk\/?p=23322#primaryimage"},"thumbnailUrl":"https:\/\/pmza.sk\/wp-content\/uploads\/2017\/11\/Predlzenie-vystavy-Rozsutec-page-001-scaled-1.jpg","datePublished":"2017-11-21T16:28:32+00:00","breadcrumb":{"@id":"https:\/\/pmza.sk\/?p=23322#breadcrumb"},"inLanguage":"sk-SK","potentialAction":[{"@type":"ReadAction","target":["https:\/\/pmza.sk\/?p=23322"]}]},{"@type":"ImageObject","inLanguage":"sk-SK","@id":"https:\/\/pmza.sk\/?p=23322#primaryimage","url":"https:\/\/pmza.sk\/wp-content\/uploads\/2017\/11\/Predlzenie-vystavy-Rozsutec-page-001-scaled-1.jpg","contentUrl":"https:\/\/pmza.sk\/wp-content\/uploads\/2017\/11\/Predlzenie-vystavy-Rozsutec-page-001-scaled-1.jpg","width":2560,"height":880},{"@type":"BreadcrumbList","@id":"https:\/\/pmza.sk\/?p=23322#breadcrumb","itemListElement":[{"@type":"ListItem","position":1,"name":"Domovsk\u00e1 str\u00e1nka","item":"https:\/\/pmza.sk\/"},{"@type":"ListItem","position":2,"name":"\u013dudia a krajina spod Rozsutca &#8211; v\u00fdstava pred\u013a\u017een\u00e1"}]},{"@type":"WebSite","@id":"https:\/\/pmza.sk\/#website","url":"https:\/\/pmza.sk\/","name":"Pova\u017esk\u00e9 m\u00fazeum","description":"Pova\u017esk\u00e9 m\u00fazeum v \u017diline je region\u00e1lne m\u00fazeum so s\u00eddlom v Budat\u00edne. Jeho expoz\u00edcie s\u00fa zameran\u00e9 na dejiny slovensk\u00e9ho umenia, kult\u00fary a dopravy.","publisher":{"@id":"https:\/\/pmza.sk\/#organization"},"potentialAction":[{"@type":"SearchAction","target":{"@type":"EntryPoint","urlTemplate":"https:\/\/pmza.sk\/?s={search_term_string}"},"query-input":{"@type":"PropertyValueSpecification","valueRequired":true,"valueName":"search_term_string"}}],"inLanguage":"sk-SK"},{"@type":"Organization","@id":"https:\/\/pmza.sk\/#organization","name":"Pova\u017esk\u00e9 m\u00fazeum","url":"https:\/\/pmza.sk\/","logo":{"@type":"ImageObject","inLanguage":"sk-SK","@id":"https:\/\/pmza.sk\/#\/schema\/logo\/image\/","url":"https:\/\/pmza.sk\/wp-content\/uploads\/2022\/01\/logo_PM_horizontal.jpg","contentUrl":"https:\/\/pmza.sk\/wp-content\/uploads\/2022\/01\/logo_PM_horizontal.jpg","width":231,"height":142,"caption":"Pova\u017esk\u00e9 m\u00fazeum"},"image":{"@id":"https:\/\/pmza.sk\/#\/schema\/logo\/image\/"},"sameAs":["https:\/\/www.facebook.com\/povazskemuzeum","https:\/\/www.instagram.com\/povazskemuzeum\/"]},{"@type":"Person","@id":"https:\/\/pmza.sk\/#\/schema\/person\/595e6a2ce731ea94dcd5d7f50a41ae33","name":"Pova\u017esk\u00e9 m\u00fazeum","image":{"@type":"ImageObject","inLanguage":"sk-SK","@id":"https:\/\/secure.gravatar.com\/avatar\/2bb7f1561282132fb5826dfeccc66c7996d11ee392ac6aaf7ced8a1c2027fbb2?s=96&d=mm&r=g","url":"https:\/\/secure.gravatar.com\/avatar\/2bb7f1561282132fb5826dfeccc66c7996d11ee392ac6aaf7ced8a1c2027fbb2?s=96&d=mm&r=g","contentUrl":"https:\/\/secure.gravatar.com\/avatar\/2bb7f1561282132fb5826dfeccc66c7996d11ee392ac6aaf7ced8a1c2027fbb2?s=96&d=mm&r=g","caption":"Pova\u017esk\u00e9 m\u00fazeum"}}]}},"_links":{"self":[{"href":"https:\/\/pmza.sk\/index.php?rest_route=\/wp\/v2\/posts\/23322","targetHints":{"allow":["GET"]}}],"collection":[{"href":"https:\/\/pmza.sk\/index.php?rest_route=\/wp\/v2\/posts"}],"about":[{"href":"https:\/\/pmza.sk\/index.php?rest_route=\/wp\/v2\/types\/post"}],"author":[{"embeddable":true,"href":"https:\/\/pmza.sk\/index.php?rest_route=\/wp\/v2\/users\/2"}],"replies":[{"embeddable":true,"href":"https:\/\/pmza.sk\/index.php?rest_route=%2Fwp%2Fv2%2Fcomments&post=23322"}],"version-history":[{"count":0,"href":"https:\/\/pmza.sk\/index.php?rest_route=\/wp\/v2\/posts\/23322\/revisions"}],"wp:featuredmedia":[{"embeddable":true,"href":"https:\/\/pmza.sk\/index.php?rest_route=\/wp\/v2\/media\/24286"}],"wp:attachment":[{"href":"https:\/\/pmza.sk\/index.php?rest_route=%2Fwp%2Fv2%2Fmedia&parent=23322"}],"wp:term":[{"taxonomy":"category","embeddable":true,"href":"https:\/\/pmza.sk\/index.php?rest_route=%2Fwp%2Fv2%2Fcategories&post=23322"},{"taxonomy":"post_tag","embeddable":true,"href":"https:\/\/pmza.sk\/index.php?rest_route=%2Fwp%2Fv2%2Ftags&post=23322"}],"curies":[{"name":"wp","href":"https:\/\/api.w.org\/{rel}","templated":true}]}}