{"id":23528,"date":"2017-10-09T12:59:07","date_gmt":"2017-10-09T10:59:07","guid":{"rendered":"https:\/\/pmza.sk\/?p=23528"},"modified":"2017-10-09T12:59:07","modified_gmt":"2017-10-09T10:59:07","slug":"noc-duchov-tekvic-a-strasidiel-28-10-2017","status":"publish","type":"post","link":"https:\/\/pmza.sk\/?p=23528","title":{"rendered":"Noc duchov, tekv\u00edc a stra\u0161idiel &#8211; 28. 10."},"content":{"rendered":"<p>Poz\u00fdvame v\u00e1s na stra\u0161ideln\u00fa prehliadku hradu Stre\u010dno v no\u010dnej atmosf\u00e9re s\u00a0p\u00fatav\u00fdm programom.<\/p>\n<p>V tento stra\u0161ideln\u00fd ve\u010der sa na hrad Stre\u010dno zletia v\u0161etky bosorky a\u00a0strigy z\u00a0okolia, preto by ste tu nemali ch\u00fdba\u0165 ani vy. Vstup v\u00a0kost\u00fdmoch je v\u00edtan\u00fd. Okrem str\u00edg na v\u00e1s \u010dakaj\u00fa hradn\u00ed duchovia, neposedn\u00e9 pr\u00ed\u0161ery, \u017eerav\u00e9 ohne a\u00a0temn\u00e9 pr\u00edbehy. H\u013eadie\u0165 budeme i\u00a0na tmav\u00fa no\u010dn\u00fa oblohu. Ak budete ma\u0165 \u0161\u0165astie, m\u00f4\u017eete sa s\u00a0duchmi aj odfoti\u0165. \u00da\u010das\u0165 pris\u013e\u00fabil aj neoby\u010dajn\u00fd lovec d\u00e9monov. Ak\u010dn\u00fd Fun Helsing si na hrade posvieti na \u010darodejnice. Vypo\u010dujete si aj pr\u00edbeh Margity a\u00a0Besnej. Ich poves\u0165 je tie\u017e sp\u00e4t\u00e1 s hradom Stre\u010dno a bude s\u00fa\u010das\u0165ou noci duchov, lebo duchovia obidvoch ne\u0161\u0165astn\u00edc s\u00fa tu st\u00e1le pr\u00edtomn\u00ed. Pre odv\u00e1\u017enych bude pripraven\u00e1 ochutn\u00e1vka zauj\u00edmav\u00fdch jed\u00e1l v stredovekej kuchyni. Samozrejme, nebude ch\u00fdba\u0165 \u010daro\u010daj \u010darovnej noci. Vyvrcholen\u00edm ka\u017edej no\u010dnej prehliadky bude impozantn\u00e1 oh\u0148ov\u00e1 \u0161ou. Vyberte sa s nami pod r\u00fa\u0161kom noci na hrad Stre\u010dno.<\/p>\n<p>Na programe sa podie\u013eaj\u00fa:<\/p>\n<p>SH\u0160 Wagus, Kapor na sc\u00e9ne, Black Evils, Cech Terra de Selinan a\u00a0Krajsk\u00e1 hvezd\u00e1re\u0148 \u017dilina.<\/p>\n<p>Odpor\u00fa\u010dame prinies\u0165 si so sebou baterky a\u00a0ve\u013ek\u00fa d\u00e1vku odvahy. Program nie je ur\u010den\u00fd pre bojkov a\u00a0mal\u00e9 deti.<\/p>\n<p>Zmena programu vyhraden\u00e1.<\/p>\n<p>&nbsp;<\/p>\n<p><strong>Vstupenky:<\/strong><\/p>\n<p>Z\u00e1kladn\u00e9 vstupn\u00e9 \u2013 osoba vo veku od 16 rokov &#8211; <strong>6,50 \u20ac<\/strong><\/p>\n<p>Z\u013eavnen\u00e9 vstupn\u00e9 \u2013 osoby do 15 rokov, \u0161tudenti, d\u00f4chodcovia, \u0164ZP,\u00a0 vojnov\u00ed veter\u00e1ni &#8211; <strong>4,50 \u20ac<\/strong><\/p>\n","protected":false},"excerpt":{"rendered":"<p>Poz\u00fdvame v\u00e1s na stra\u0161ideln\u00fa prehliadku hradu Stre\u010dno v no\u010dnej atmosf\u00e9re s\u00a0p\u00fatav\u00fdm programom. V tento stra\u0161ideln\u00fd ve\u010der sa na hrad Stre\u010dno zletia v\u0161etky bosorky a\u00a0strigy z\u00a0okolia, preto by ste tu nemali ch\u00fdba\u0165 ani vy. Vstup v\u00a0kost\u00fdmoch je v\u00edtan\u00fd. Okrem str\u00edg na v\u00e1s \u010dakaj\u00fa hradn\u00ed duchovia, neposedn\u00e9 pr\u00ed\u0161ery, \u017eerav\u00e9 ohne a\u00a0temn\u00e9 pr\u00edbehy. H\u013eadie\u0165 budeme i\u00a0na tmav\u00fa no\u010dn\u00fa [&hellip;]<\/p>\n","protected":false},"author":2,"featured_media":23448,"comment_status":"closed","ping_status":"closed","sticky":false,"template":"","format":"standard","meta":{"site-sidebar-layout":"default","site-content-layout":"","ast-site-content-layout":"","site-content-style":"default","site-sidebar-style":"default","ast-global-header-display":"","ast-banner-title-visibility":"","ast-main-header-display":"","ast-hfb-above-header-display":"","ast-hfb-below-header-display":"","ast-hfb-mobile-header-display":"","site-post-title":"","ast-breadcrumbs-content":"","ast-featured-img":"","footer-sml-layout":"","theme-transparent-header-meta":"","adv-header-id-meta":"","stick-header-meta":"","header-above-stick-meta":"","header-main-stick-meta":"","header-below-stick-meta":"","astra-migrate-meta-layouts":"default","ast-page-background-enabled":"default","ast-page-background-meta":{"desktop":{"background-color":"var(--ast-global-color-4)","background-image":"","background-repeat":"repeat","background-position":"center center","background-size":"auto","background-attachment":"scroll","background-type":"","background-media":"","overlay-type":"","overlay-color":"","overlay-opacity":"","overlay-gradient":""},"tablet":{"background-color":"","background-image":"","background-repeat":"repeat","background-position":"center center","background-size":"auto","background-attachment":"scroll","background-type":"","background-media":"","overlay-type":"","overlay-color":"","overlay-opacity":"","overlay-gradient":""},"mobile":{"background-color":"","background-image":"","background-repeat":"repeat","background-position":"center center","background-size":"auto","background-attachment":"scroll","background-type":"","background-media":"","overlay-type":"","overlay-color":"","overlay-opacity":"","overlay-gradient":""}},"ast-content-background-meta":{"desktop":{"background-color":"var(--ast-global-color-5)","background-image":"","background-repeat":"repeat","background-position":"center center","background-size":"auto","background-attachment":"scroll","background-type":"","background-media":"","overlay-type":"","overlay-color":"","overlay-opacity":"","overlay-gradient":""},"tablet":{"background-color":"var(--ast-global-color-5)","background-image":"","background-repeat":"repeat","background-position":"center center","background-size":"auto","background-attachment":"scroll","background-type":"","background-media":"","overlay-type":"","overlay-color":"","overlay-opacity":"","overlay-gradient":""},"mobile":{"background-color":"var(--ast-global-color-5)","background-image":"","background-repeat":"repeat","background-position":"center center","background-size":"auto","background-attachment":"scroll","background-type":"","background-media":"","overlay-type":"","overlay-color":"","overlay-opacity":"","overlay-gradient":""}},"footnotes":""},"categories":[31],"tags":[],"class_list":["post-23528","post","type-post","status-publish","format-standard","has-post-thumbnail","hentry","category-aktuality"],"yoast_head":"<!-- This site is optimized with the Yoast SEO plugin v27.4 - https:\/\/yoast.com\/product\/yoast-seo-wordpress\/ -->\n<title>Noc duchov, tekv\u00edc a stra\u0161idiel - 28. 10. - Pova\u017esk\u00e9 m\u00fazeum<\/title>\n<meta name=\"robots\" content=\"index, follow, max-snippet:-1, max-image-preview:large, max-video-preview:-1\" \/>\n<link rel=\"canonical\" href=\"https:\/\/pmza.sk\/?p=23528\" \/>\n<meta property=\"og:locale\" content=\"sk_SK\" \/>\n<meta property=\"og:type\" content=\"article\" \/>\n<meta property=\"og:title\" content=\"Noc duchov, tekv\u00edc a stra\u0161idiel - 28. 10. - Pova\u017esk\u00e9 m\u00fazeum\" \/>\n<meta property=\"og:description\" content=\"Poz\u00fdvame v\u00e1s na stra\u0161ideln\u00fa prehliadku hradu Stre\u010dno v no\u010dnej atmosf\u00e9re s\u00a0p\u00fatav\u00fdm programom. V tento stra\u0161ideln\u00fd ve\u010der sa na hrad Stre\u010dno zletia v\u0161etky bosorky a\u00a0strigy z\u00a0okolia, preto by ste tu nemali ch\u00fdba\u0165 ani vy. Vstup v\u00a0kost\u00fdmoch je v\u00edtan\u00fd. Okrem str\u00edg na v\u00e1s \u010dakaj\u00fa hradn\u00ed duchovia, neposedn\u00e9 pr\u00ed\u0161ery, \u017eerav\u00e9 ohne a\u00a0temn\u00e9 pr\u00edbehy. H\u013eadie\u0165 budeme i\u00a0na tmav\u00fa no\u010dn\u00fa [&hellip;]\" \/>\n<meta property=\"og:url\" content=\"https:\/\/pmza.sk\/?p=23528\" \/>\n<meta property=\"og:site_name\" content=\"Pova\u017esk\u00e9 m\u00fazeum\" \/>\n<meta property=\"article:publisher\" content=\"https:\/\/www.facebook.com\/povazskemuzeum\" \/>\n<meta property=\"article:published_time\" content=\"2017-10-09T10:59:07+00:00\" \/>\n<meta property=\"og:image\" content=\"https:\/\/pmza.sk\/wp-content\/uploads\/2017\/09\/02_noc_duchov.jpg\" \/>\n\t<meta property=\"og:image:width\" content=\"937\" \/>\n\t<meta property=\"og:image:height\" content=\"937\" \/>\n\t<meta property=\"og:image:type\" content=\"image\/jpeg\" \/>\n<meta name=\"author\" content=\"Pova\u017esk\u00e9 m\u00fazeum\" \/>\n<meta name=\"twitter:card\" content=\"summary_large_image\" \/>\n<meta name=\"twitter:label1\" content=\"Autor\" \/>\n\t<meta name=\"twitter:data1\" content=\"Pova\u017esk\u00e9 m\u00fazeum\" \/>\n\t<meta name=\"twitter:label2\" content=\"Predpokladan\u00fd \u010das \u010d\u00edtania\" \/>\n\t<meta name=\"twitter:data2\" content=\"1 min\u00fata\" \/>\n<script type=\"application\/ld+json\" class=\"yoast-schema-graph\">{\"@context\":\"https:\\\/\\\/schema.org\",\"@graph\":[{\"@type\":\"Article\",\"@id\":\"https:\\\/\\\/pmza.sk\\\/?p=23528#article\",\"isPartOf\":{\"@id\":\"https:\\\/\\\/pmza.sk\\\/?p=23528\"},\"author\":{\"name\":\"Pova\u017esk\u00e9 m\u00fazeum\",\"@id\":\"https:\\\/\\\/pmza.sk\\\/#\\\/schema\\\/person\\\/595e6a2ce731ea94dcd5d7f50a41ae33\"},\"headline\":\"Noc duchov, tekv\u00edc a stra\u0161idiel &#8211; 28. 10.\",\"datePublished\":\"2017-10-09T10:59:07+00:00\",\"mainEntityOfPage\":{\"@id\":\"https:\\\/\\\/pmza.sk\\\/?p=23528\"},\"wordCount\":279,\"publisher\":{\"@id\":\"https:\\\/\\\/pmza.sk\\\/#organization\"},\"image\":{\"@id\":\"https:\\\/\\\/pmza.sk\\\/?p=23528#primaryimage\"},\"thumbnailUrl\":\"https:\\\/\\\/pmza.sk\\\/wp-content\\\/uploads\\\/2017\\\/09\\\/02_noc_duchov.jpg\",\"articleSection\":[\"Aktuality\"],\"inLanguage\":\"sk-SK\"},{\"@type\":\"WebPage\",\"@id\":\"https:\\\/\\\/pmza.sk\\\/?p=23528\",\"url\":\"https:\\\/\\\/pmza.sk\\\/?p=23528\",\"name\":\"Noc duchov, tekv\u00edc a stra\u0161idiel - 28. 10. - Pova\u017esk\u00e9 m\u00fazeum\",\"isPartOf\":{\"@id\":\"https:\\\/\\\/pmza.sk\\\/#website\"},\"primaryImageOfPage\":{\"@id\":\"https:\\\/\\\/pmza.sk\\\/?p=23528#primaryimage\"},\"image\":{\"@id\":\"https:\\\/\\\/pmza.sk\\\/?p=23528#primaryimage\"},\"thumbnailUrl\":\"https:\\\/\\\/pmza.sk\\\/wp-content\\\/uploads\\\/2017\\\/09\\\/02_noc_duchov.jpg\",\"datePublished\":\"2017-10-09T10:59:07+00:00\",\"breadcrumb\":{\"@id\":\"https:\\\/\\\/pmza.sk\\\/?p=23528#breadcrumb\"},\"inLanguage\":\"sk-SK\",\"potentialAction\":[{\"@type\":\"ReadAction\",\"target\":[\"https:\\\/\\\/pmza.sk\\\/?p=23528\"]}]},{\"@type\":\"ImageObject\",\"inLanguage\":\"sk-SK\",\"@id\":\"https:\\\/\\\/pmza.sk\\\/?p=23528#primaryimage\",\"url\":\"https:\\\/\\\/pmza.sk\\\/wp-content\\\/uploads\\\/2017\\\/09\\\/02_noc_duchov.jpg\",\"contentUrl\":\"https:\\\/\\\/pmza.sk\\\/wp-content\\\/uploads\\\/2017\\\/09\\\/02_noc_duchov.jpg\",\"width\":937,\"height\":937},{\"@type\":\"BreadcrumbList\",\"@id\":\"https:\\\/\\\/pmza.sk\\\/?p=23528#breadcrumb\",\"itemListElement\":[{\"@type\":\"ListItem\",\"position\":1,\"name\":\"Domovsk\u00e1 str\u00e1nka\",\"item\":\"https:\\\/\\\/pmza.sk\\\/\"},{\"@type\":\"ListItem\",\"position\":2,\"name\":\"Noc duchov, tekv\u00edc a stra\u0161idiel &#8211; 28. 10.\"}]},{\"@type\":\"WebSite\",\"@id\":\"https:\\\/\\\/pmza.sk\\\/#website\",\"url\":\"https:\\\/\\\/pmza.sk\\\/\",\"name\":\"Pova\u017esk\u00e9 m\u00fazeum\",\"description\":\"Pova\u017esk\u00e9 m\u00fazeum v \u017diline je region\u00e1lne m\u00fazeum so s\u00eddlom v Budat\u00edne. Jeho expoz\u00edcie s\u00fa zameran\u00e9 na dejiny slovensk\u00e9ho umenia, kult\u00fary a dopravy.\",\"publisher\":{\"@id\":\"https:\\\/\\\/pmza.sk\\\/#organization\"},\"potentialAction\":[{\"@type\":\"SearchAction\",\"target\":{\"@type\":\"EntryPoint\",\"urlTemplate\":\"https:\\\/\\\/pmza.sk\\\/?s={search_term_string}\"},\"query-input\":{\"@type\":\"PropertyValueSpecification\",\"valueRequired\":true,\"valueName\":\"search_term_string\"}}],\"inLanguage\":\"sk-SK\"},{\"@type\":\"Organization\",\"@id\":\"https:\\\/\\\/pmza.sk\\\/#organization\",\"name\":\"Pova\u017esk\u00e9 m\u00fazeum\",\"url\":\"https:\\\/\\\/pmza.sk\\\/\",\"logo\":{\"@type\":\"ImageObject\",\"inLanguage\":\"sk-SK\",\"@id\":\"https:\\\/\\\/pmza.sk\\\/#\\\/schema\\\/logo\\\/image\\\/\",\"url\":\"https:\\\/\\\/pmza.sk\\\/wp-content\\\/uploads\\\/2022\\\/01\\\/logo_PM_horizontal.jpg\",\"contentUrl\":\"https:\\\/\\\/pmza.sk\\\/wp-content\\\/uploads\\\/2022\\\/01\\\/logo_PM_horizontal.jpg\",\"width\":231,\"height\":142,\"caption\":\"Pova\u017esk\u00e9 m\u00fazeum\"},\"image\":{\"@id\":\"https:\\\/\\\/pmza.sk\\\/#\\\/schema\\\/logo\\\/image\\\/\"},\"sameAs\":[\"https:\\\/\\\/www.facebook.com\\\/povazskemuzeum\",\"https:\\\/\\\/www.instagram.com\\\/povazskemuzeum\\\/\"]},{\"@type\":\"Person\",\"@id\":\"https:\\\/\\\/pmza.sk\\\/#\\\/schema\\\/person\\\/595e6a2ce731ea94dcd5d7f50a41ae33\",\"name\":\"Pova\u017esk\u00e9 m\u00fazeum\",\"image\":{\"@type\":\"ImageObject\",\"inLanguage\":\"sk-SK\",\"@id\":\"https:\\\/\\\/secure.gravatar.com\\\/avatar\\\/2bb7f1561282132fb5826dfeccc66c7996d11ee392ac6aaf7ced8a1c2027fbb2?s=96&d=mm&r=g\",\"url\":\"https:\\\/\\\/secure.gravatar.com\\\/avatar\\\/2bb7f1561282132fb5826dfeccc66c7996d11ee392ac6aaf7ced8a1c2027fbb2?s=96&d=mm&r=g\",\"contentUrl\":\"https:\\\/\\\/secure.gravatar.com\\\/avatar\\\/2bb7f1561282132fb5826dfeccc66c7996d11ee392ac6aaf7ced8a1c2027fbb2?s=96&d=mm&r=g\",\"caption\":\"Pova\u017esk\u00e9 m\u00fazeum\"}}]}<\/script>\n<!-- \/ Yoast SEO plugin. -->","yoast_head_json":{"title":"Noc duchov, tekv\u00edc a stra\u0161idiel - 28. 10. - Pova\u017esk\u00e9 m\u00fazeum","robots":{"index":"index","follow":"follow","max-snippet":"max-snippet:-1","max-image-preview":"max-image-preview:large","max-video-preview":"max-video-preview:-1"},"canonical":"https:\/\/pmza.sk\/?p=23528","og_locale":"sk_SK","og_type":"article","og_title":"Noc duchov, tekv\u00edc a stra\u0161idiel - 28. 10. - Pova\u017esk\u00e9 m\u00fazeum","og_description":"Poz\u00fdvame v\u00e1s na stra\u0161ideln\u00fa prehliadku hradu Stre\u010dno v no\u010dnej atmosf\u00e9re s\u00a0p\u00fatav\u00fdm programom. V tento stra\u0161ideln\u00fd ve\u010der sa na hrad Stre\u010dno zletia v\u0161etky bosorky a\u00a0strigy z\u00a0okolia, preto by ste tu nemali ch\u00fdba\u0165 ani vy. Vstup v\u00a0kost\u00fdmoch je v\u00edtan\u00fd. Okrem str\u00edg na v\u00e1s \u010dakaj\u00fa hradn\u00ed duchovia, neposedn\u00e9 pr\u00ed\u0161ery, \u017eerav\u00e9 ohne a\u00a0temn\u00e9 pr\u00edbehy. H\u013eadie\u0165 budeme i\u00a0na tmav\u00fa no\u010dn\u00fa [&hellip;]","og_url":"https:\/\/pmza.sk\/?p=23528","og_site_name":"Pova\u017esk\u00e9 m\u00fazeum","article_publisher":"https:\/\/www.facebook.com\/povazskemuzeum","article_published_time":"2017-10-09T10:59:07+00:00","og_image":[{"width":937,"height":937,"url":"https:\/\/pmza.sk\/wp-content\/uploads\/2017\/09\/02_noc_duchov.jpg","type":"image\/jpeg"}],"author":"Pova\u017esk\u00e9 m\u00fazeum","twitter_card":"summary_large_image","twitter_misc":{"Autor":"Pova\u017esk\u00e9 m\u00fazeum","Predpokladan\u00fd \u010das \u010d\u00edtania":"1 min\u00fata"},"schema":{"@context":"https:\/\/schema.org","@graph":[{"@type":"Article","@id":"https:\/\/pmza.sk\/?p=23528#article","isPartOf":{"@id":"https:\/\/pmza.sk\/?p=23528"},"author":{"name":"Pova\u017esk\u00e9 m\u00fazeum","@id":"https:\/\/pmza.sk\/#\/schema\/person\/595e6a2ce731ea94dcd5d7f50a41ae33"},"headline":"Noc duchov, tekv\u00edc a stra\u0161idiel &#8211; 28. 10.","datePublished":"2017-10-09T10:59:07+00:00","mainEntityOfPage":{"@id":"https:\/\/pmza.sk\/?p=23528"},"wordCount":279,"publisher":{"@id":"https:\/\/pmza.sk\/#organization"},"image":{"@id":"https:\/\/pmza.sk\/?p=23528#primaryimage"},"thumbnailUrl":"https:\/\/pmza.sk\/wp-content\/uploads\/2017\/09\/02_noc_duchov.jpg","articleSection":["Aktuality"],"inLanguage":"sk-SK"},{"@type":"WebPage","@id":"https:\/\/pmza.sk\/?p=23528","url":"https:\/\/pmza.sk\/?p=23528","name":"Noc duchov, tekv\u00edc a stra\u0161idiel - 28. 10. - Pova\u017esk\u00e9 m\u00fazeum","isPartOf":{"@id":"https:\/\/pmza.sk\/#website"},"primaryImageOfPage":{"@id":"https:\/\/pmza.sk\/?p=23528#primaryimage"},"image":{"@id":"https:\/\/pmza.sk\/?p=23528#primaryimage"},"thumbnailUrl":"https:\/\/pmza.sk\/wp-content\/uploads\/2017\/09\/02_noc_duchov.jpg","datePublished":"2017-10-09T10:59:07+00:00","breadcrumb":{"@id":"https:\/\/pmza.sk\/?p=23528#breadcrumb"},"inLanguage":"sk-SK","potentialAction":[{"@type":"ReadAction","target":["https:\/\/pmza.sk\/?p=23528"]}]},{"@type":"ImageObject","inLanguage":"sk-SK","@id":"https:\/\/pmza.sk\/?p=23528#primaryimage","url":"https:\/\/pmza.sk\/wp-content\/uploads\/2017\/09\/02_noc_duchov.jpg","contentUrl":"https:\/\/pmza.sk\/wp-content\/uploads\/2017\/09\/02_noc_duchov.jpg","width":937,"height":937},{"@type":"BreadcrumbList","@id":"https:\/\/pmza.sk\/?p=23528#breadcrumb","itemListElement":[{"@type":"ListItem","position":1,"name":"Domovsk\u00e1 str\u00e1nka","item":"https:\/\/pmza.sk\/"},{"@type":"ListItem","position":2,"name":"Noc duchov, tekv\u00edc a stra\u0161idiel &#8211; 28. 10."}]},{"@type":"WebSite","@id":"https:\/\/pmza.sk\/#website","url":"https:\/\/pmza.sk\/","name":"Pova\u017esk\u00e9 m\u00fazeum","description":"Pova\u017esk\u00e9 m\u00fazeum v \u017diline je region\u00e1lne m\u00fazeum so s\u00eddlom v Budat\u00edne. Jeho expoz\u00edcie s\u00fa zameran\u00e9 na dejiny slovensk\u00e9ho umenia, kult\u00fary a dopravy.","publisher":{"@id":"https:\/\/pmza.sk\/#organization"},"potentialAction":[{"@type":"SearchAction","target":{"@type":"EntryPoint","urlTemplate":"https:\/\/pmza.sk\/?s={search_term_string}"},"query-input":{"@type":"PropertyValueSpecification","valueRequired":true,"valueName":"search_term_string"}}],"inLanguage":"sk-SK"},{"@type":"Organization","@id":"https:\/\/pmza.sk\/#organization","name":"Pova\u017esk\u00e9 m\u00fazeum","url":"https:\/\/pmza.sk\/","logo":{"@type":"ImageObject","inLanguage":"sk-SK","@id":"https:\/\/pmza.sk\/#\/schema\/logo\/image\/","url":"https:\/\/pmza.sk\/wp-content\/uploads\/2022\/01\/logo_PM_horizontal.jpg","contentUrl":"https:\/\/pmza.sk\/wp-content\/uploads\/2022\/01\/logo_PM_horizontal.jpg","width":231,"height":142,"caption":"Pova\u017esk\u00e9 m\u00fazeum"},"image":{"@id":"https:\/\/pmza.sk\/#\/schema\/logo\/image\/"},"sameAs":["https:\/\/www.facebook.com\/povazskemuzeum","https:\/\/www.instagram.com\/povazskemuzeum\/"]},{"@type":"Person","@id":"https:\/\/pmza.sk\/#\/schema\/person\/595e6a2ce731ea94dcd5d7f50a41ae33","name":"Pova\u017esk\u00e9 m\u00fazeum","image":{"@type":"ImageObject","inLanguage":"sk-SK","@id":"https:\/\/secure.gravatar.com\/avatar\/2bb7f1561282132fb5826dfeccc66c7996d11ee392ac6aaf7ced8a1c2027fbb2?s=96&d=mm&r=g","url":"https:\/\/secure.gravatar.com\/avatar\/2bb7f1561282132fb5826dfeccc66c7996d11ee392ac6aaf7ced8a1c2027fbb2?s=96&d=mm&r=g","contentUrl":"https:\/\/secure.gravatar.com\/avatar\/2bb7f1561282132fb5826dfeccc66c7996d11ee392ac6aaf7ced8a1c2027fbb2?s=96&d=mm&r=g","caption":"Pova\u017esk\u00e9 m\u00fazeum"}}]}},"_links":{"self":[{"href":"https:\/\/pmza.sk\/index.php?rest_route=\/wp\/v2\/posts\/23528","targetHints":{"allow":["GET"]}}],"collection":[{"href":"https:\/\/pmza.sk\/index.php?rest_route=\/wp\/v2\/posts"}],"about":[{"href":"https:\/\/pmza.sk\/index.php?rest_route=\/wp\/v2\/types\/post"}],"author":[{"embeddable":true,"href":"https:\/\/pmza.sk\/index.php?rest_route=\/wp\/v2\/users\/2"}],"replies":[{"embeddable":true,"href":"https:\/\/pmza.sk\/index.php?rest_route=%2Fwp%2Fv2%2Fcomments&post=23528"}],"version-history":[{"count":0,"href":"https:\/\/pmza.sk\/index.php?rest_route=\/wp\/v2\/posts\/23528\/revisions"}],"wp:featuredmedia":[{"embeddable":true,"href":"https:\/\/pmza.sk\/index.php?rest_route=\/wp\/v2\/media\/23448"}],"wp:attachment":[{"href":"https:\/\/pmza.sk\/index.php?rest_route=%2Fwp%2Fv2%2Fmedia&parent=23528"}],"wp:term":[{"taxonomy":"category","embeddable":true,"href":"https:\/\/pmza.sk\/index.php?rest_route=%2Fwp%2Fv2%2Fcategories&post=23528"},{"taxonomy":"post_tag","embeddable":true,"href":"https:\/\/pmza.sk\/index.php?rest_route=%2Fwp%2Fv2%2Ftags&post=23528"}],"curies":[{"name":"wp","href":"https:\/\/api.w.org\/{rel}","templated":true}]}}