{"id":23532,"date":"2017-10-02T12:18:21","date_gmt":"2017-10-02T10:18:21","guid":{"rendered":"https:\/\/pmza.sk\/?p=23532"},"modified":"2017-10-02T12:18:21","modified_gmt":"2017-10-02T10:18:21","slug":"rajecka-anca-a-otvorenie-rozsirenej-expozicie-muzea-dopravy","status":"publish","type":"post","link":"https:\/\/pmza.sk\/?p=23532","title":{"rendered":"Rajeck\u00e1 An\u010da a otvorenie roz\u0161\u00edrenej expoz\u00edcie m\u00fazea dopravy"},"content":{"rendered":"<p>Pova\u017esk\u00e9 m\u00fazeum v\u00a0\u017diline v\u00e1s poz\u00fdva na otvorenie roz\u0161\u00edrenej expoz\u00edcie M\u00fazea dopravy v\u00a0Rajeck\u00fdch Tepliciach a\u00a0z\u00e1rove\u0148 aj na v\u00edkendov\u00e9 podujatie Rajeck\u00e1 An\u010da 2017.<\/p>\n<p>M\u00fazeum dopravy je roz\u0161\u00edren\u00e9 o\u00a0prehliadku motocyklov a\u00a0\u017eelezni\u010dn\u00fa expoz\u00edciu. Tieto priestory boli zrekon\u0161truovan\u00e9 v\u010faka projektu s\u00a0n\u00e1zvom \u201eDobudovanie M\u00fazea dopravy v\u00a0Rajeck\u00fdch Tepliciach a\u00a0zv\u00fd\u0161enie ochrany zbierok\u201c. Projekt z\u00a0verejn\u00fdch zdrojov podporil Fond na podporu umenia a\u00a0bol spolufinancovan\u00fd z\u00a0prostriedkov \u017dilinsk\u00e9ho samospr\u00e1vneho kraja. Nov\u00e9 priestory sl\u00e1vnostne otvor\u00edme v\u00a0sobotu 7. okt\u00f3bra 2017 o\u00a014.05 hodine, po pr\u00edchode historick\u00e9ho motorov\u00e9ho vlaku Hurv\u00ednek zo \u017diliny na \u017eelezni\u010dn\u00fa zast\u00e1vku Rajeck\u00e9 Teplice. S\u00fa\u010das\u0165ou sl\u00e1vnosti bude aj koncert \u017eilinskej skupiny The Bluebeat. Jazda historick\u00fdm vl\u00e1\u010dikom M 131.1443 &#8222;Hurv\u00ednek&#8220; je napl\u00e1novan\u00e1 na sobotu i\u00a0nede\u013eu, podrobn\u00fd grafikon je zverejnen\u00fd na plag\u00e1toch k\u00a0podujatiu. Organiz\u00e1tori pripravili po\u010das oboch v\u00edkendov\u00fdch dn\u00ed aj jazdu historick\u00fdm autobusom do okolia Rajeck\u00fdch Tepl\u00edc. Odchod z autobusovej stanice Rajeck\u00e9 Teplice je napl\u00e1novan\u00fd o 10.30 a 15.00 hod. N\u00e1v\u0161tevn\u00edci podujatia bud\u00fa ma\u0165 mo\u017enos\u0165 za\u017ei\u0165 aj predv\u00e1dzanie jazdy na historick\u00fdch motocykloch a\u00a0bicykla, pripraven\u00e9 s\u00fa rovnako tvoriv\u00e9 dielne.<\/p>\n<p>Podujatie pripravili:<\/p>\n<p>Pova\u017esk\u00e9 m\u00fazeum v \u017diline<br \/>Spolo\u010dnos\u0165 Pova\u017eskej dr\u00e1hy \u017dilina<br \/>Slovensk\u00fd Ariel klub<br \/>Slovensk\u00e1 autobusov\u00e1 doprava \u017dilina, a. s.<\/p>\n<p><a href=\"https:\/\/pmza.sk\/wp-content\/uploads\/2017\/05\/FPU_logo1_modre.jpg\"><img decoding=\"async\" class=\"wp-image-21552 aligncenter\" src=\"https:\/\/pmza.sk\/wp-content\/uploads\/2017\/05\/FPU_logo1_modre-150x112.jpg\" alt=\"\" width=\"193\" height=\"144\" \/><\/a><\/p>\n<p style=\"text-align: center;\">Projekt podporil z verejn\u00fdch zdrojov Fond na podporu umenia<\/p>\n<p>&nbsp;<\/p>\n","protected":false},"excerpt":{"rendered":"<p>Pova\u017esk\u00e9 m\u00fazeum v\u00a0\u017diline v\u00e1s poz\u00fdva na otvorenie roz\u0161\u00edrenej expoz\u00edcie M\u00fazea dopravy v\u00a0Rajeck\u00fdch Tepliciach a\u00a0z\u00e1rove\u0148 aj na v\u00edkendov\u00e9 podujatie Rajeck\u00e1 An\u010da 2017. M\u00fazeum dopravy je roz\u0161\u00edren\u00e9 o\u00a0prehliadku motocyklov a\u00a0\u017eelezni\u010dn\u00fa expoz\u00edciu. Tieto priestory boli zrekon\u0161truovan\u00e9 v\u010faka projektu s\u00a0n\u00e1zvom \u201eDobudovanie M\u00fazea dopravy v\u00a0Rajeck\u00fdch Tepliciach a\u00a0zv\u00fd\u0161enie ochrany zbierok\u201c. Projekt z\u00a0verejn\u00fdch zdrojov podporil Fond na podporu umenia a\u00a0bol spolufinancovan\u00fd z\u00a0prostriedkov [&hellip;]<\/p>\n","protected":false},"author":2,"featured_media":23497,"comment_status":"closed","ping_status":"closed","sticky":false,"template":"","format":"standard","meta":{"site-sidebar-layout":"default","site-content-layout":"","ast-site-content-layout":"","site-content-style":"default","site-sidebar-style":"default","ast-global-header-display":"","ast-banner-title-visibility":"","ast-main-header-display":"","ast-hfb-above-header-display":"","ast-hfb-below-header-display":"","ast-hfb-mobile-header-display":"","site-post-title":"","ast-breadcrumbs-content":"","ast-featured-img":"","footer-sml-layout":"","theme-transparent-header-meta":"","adv-header-id-meta":"","stick-header-meta":"","header-above-stick-meta":"","header-main-stick-meta":"","header-below-stick-meta":"","astra-migrate-meta-layouts":"default","ast-page-background-enabled":"default","ast-page-background-meta":{"desktop":{"background-color":"var(--ast-global-color-4)","background-image":"","background-repeat":"repeat","background-position":"center center","background-size":"auto","background-attachment":"scroll","background-type":"","background-media":"","overlay-type":"","overlay-color":"","overlay-opacity":"","overlay-gradient":""},"tablet":{"background-color":"","background-image":"","background-repeat":"repeat","background-position":"center center","background-size":"auto","background-attachment":"scroll","background-type":"","background-media":"","overlay-type":"","overlay-color":"","overlay-opacity":"","overlay-gradient":""},"mobile":{"background-color":"","background-image":"","background-repeat":"repeat","background-position":"center center","background-size":"auto","background-attachment":"scroll","background-type":"","background-media":"","overlay-type":"","overlay-color":"","overlay-opacity":"","overlay-gradient":""}},"ast-content-background-meta":{"desktop":{"background-color":"var(--ast-global-color-5)","background-image":"","background-repeat":"repeat","background-position":"center center","background-size":"auto","background-attachment":"scroll","background-type":"","background-media":"","overlay-type":"","overlay-color":"","overlay-opacity":"","overlay-gradient":""},"tablet":{"background-color":"var(--ast-global-color-5)","background-image":"","background-repeat":"repeat","background-position":"center center","background-size":"auto","background-attachment":"scroll","background-type":"","background-media":"","overlay-type":"","overlay-color":"","overlay-opacity":"","overlay-gradient":""},"mobile":{"background-color":"var(--ast-global-color-5)","background-image":"","background-repeat":"repeat","background-position":"center center","background-size":"auto","background-attachment":"scroll","background-type":"","background-media":"","overlay-type":"","overlay-color":"","overlay-opacity":"","overlay-gradient":""}},"footnotes":""},"categories":[31],"tags":[],"class_list":["post-23532","post","type-post","status-publish","format-standard","has-post-thumbnail","hentry","category-aktuality"],"yoast_head":"<!-- This site is optimized with the Yoast SEO plugin v27.4 - https:\/\/yoast.com\/product\/yoast-seo-wordpress\/ -->\n<title>Rajeck\u00e1 An\u010da a otvorenie roz\u0161\u00edrenej expoz\u00edcie m\u00fazea dopravy - Pova\u017esk\u00e9 m\u00fazeum<\/title>\n<meta name=\"robots\" content=\"index, follow, max-snippet:-1, max-image-preview:large, max-video-preview:-1\" \/>\n<link rel=\"canonical\" href=\"https:\/\/pmza.sk\/?p=23532\" \/>\n<meta property=\"og:locale\" content=\"sk_SK\" \/>\n<meta property=\"og:type\" content=\"article\" \/>\n<meta property=\"og:title\" content=\"Rajeck\u00e1 An\u010da a otvorenie roz\u0161\u00edrenej expoz\u00edcie m\u00fazea dopravy - Pova\u017esk\u00e9 m\u00fazeum\" \/>\n<meta property=\"og:description\" content=\"Pova\u017esk\u00e9 m\u00fazeum v\u00a0\u017diline v\u00e1s poz\u00fdva na otvorenie roz\u0161\u00edrenej expoz\u00edcie M\u00fazea dopravy v\u00a0Rajeck\u00fdch Tepliciach a\u00a0z\u00e1rove\u0148 aj na v\u00edkendov\u00e9 podujatie Rajeck\u00e1 An\u010da 2017. M\u00fazeum dopravy je roz\u0161\u00edren\u00e9 o\u00a0prehliadku motocyklov a\u00a0\u017eelezni\u010dn\u00fa expoz\u00edciu. Tieto priestory boli zrekon\u0161truovan\u00e9 v\u010faka projektu s\u00a0n\u00e1zvom \u201eDobudovanie M\u00fazea dopravy v\u00a0Rajeck\u00fdch Tepliciach a\u00a0zv\u00fd\u0161enie ochrany zbierok\u201c. Projekt z\u00a0verejn\u00fdch zdrojov podporil Fond na podporu umenia a\u00a0bol spolufinancovan\u00fd z\u00a0prostriedkov [&hellip;]\" \/>\n<meta property=\"og:url\" content=\"https:\/\/pmza.sk\/?p=23532\" \/>\n<meta property=\"og:site_name\" content=\"Pova\u017esk\u00e9 m\u00fazeum\" \/>\n<meta property=\"article:publisher\" content=\"https:\/\/www.facebook.com\/povazskemuzeum\" \/>\n<meta property=\"article:published_time\" content=\"2017-10-02T10:18:21+00:00\" \/>\n<meta property=\"og:image\" content=\"https:\/\/pmza.sk\/wp-content\/uploads\/2016\/12\/anca_2017-scaled-1.jpg\" \/>\n\t<meta property=\"og:image:width\" content=\"1810\" \/>\n\t<meta property=\"og:image:height\" content=\"2560\" \/>\n\t<meta property=\"og:image:type\" content=\"image\/jpeg\" \/>\n<meta name=\"author\" content=\"Pova\u017esk\u00e9 m\u00fazeum\" \/>\n<meta name=\"twitter:card\" content=\"summary_large_image\" \/>\n<meta name=\"twitter:label1\" content=\"Autor\" \/>\n\t<meta name=\"twitter:data1\" content=\"Pova\u017esk\u00e9 m\u00fazeum\" \/>\n\t<meta name=\"twitter:label2\" content=\"Predpokladan\u00fd \u010das \u010d\u00edtania\" \/>\n\t<meta name=\"twitter:data2\" content=\"1 min\u00fata\" \/>\n<script type=\"application\/ld+json\" class=\"yoast-schema-graph\">{\"@context\":\"https:\\\/\\\/schema.org\",\"@graph\":[{\"@type\":\"Article\",\"@id\":\"https:\\\/\\\/pmza.sk\\\/?p=23532#article\",\"isPartOf\":{\"@id\":\"https:\\\/\\\/pmza.sk\\\/?p=23532\"},\"author\":{\"name\":\"Pova\u017esk\u00e9 m\u00fazeum\",\"@id\":\"https:\\\/\\\/pmza.sk\\\/#\\\/schema\\\/person\\\/595e6a2ce731ea94dcd5d7f50a41ae33\"},\"headline\":\"Rajeck\u00e1 An\u010da a otvorenie roz\u0161\u00edrenej expoz\u00edcie m\u00fazea dopravy\",\"datePublished\":\"2017-10-02T10:18:21+00:00\",\"mainEntityOfPage\":{\"@id\":\"https:\\\/\\\/pmza.sk\\\/?p=23532\"},\"wordCount\":263,\"publisher\":{\"@id\":\"https:\\\/\\\/pmza.sk\\\/#organization\"},\"image\":{\"@id\":\"https:\\\/\\\/pmza.sk\\\/?p=23532#primaryimage\"},\"thumbnailUrl\":\"https:\\\/\\\/pmza.sk\\\/wp-content\\\/uploads\\\/2016\\\/12\\\/anca_2017-scaled-1.jpg\",\"articleSection\":[\"Aktuality\"],\"inLanguage\":\"sk-SK\"},{\"@type\":\"WebPage\",\"@id\":\"https:\\\/\\\/pmza.sk\\\/?p=23532\",\"url\":\"https:\\\/\\\/pmza.sk\\\/?p=23532\",\"name\":\"Rajeck\u00e1 An\u010da a otvorenie roz\u0161\u00edrenej expoz\u00edcie m\u00fazea dopravy - Pova\u017esk\u00e9 m\u00fazeum\",\"isPartOf\":{\"@id\":\"https:\\\/\\\/pmza.sk\\\/#website\"},\"primaryImageOfPage\":{\"@id\":\"https:\\\/\\\/pmza.sk\\\/?p=23532#primaryimage\"},\"image\":{\"@id\":\"https:\\\/\\\/pmza.sk\\\/?p=23532#primaryimage\"},\"thumbnailUrl\":\"https:\\\/\\\/pmza.sk\\\/wp-content\\\/uploads\\\/2016\\\/12\\\/anca_2017-scaled-1.jpg\",\"datePublished\":\"2017-10-02T10:18:21+00:00\",\"breadcrumb\":{\"@id\":\"https:\\\/\\\/pmza.sk\\\/?p=23532#breadcrumb\"},\"inLanguage\":\"sk-SK\",\"potentialAction\":[{\"@type\":\"ReadAction\",\"target\":[\"https:\\\/\\\/pmza.sk\\\/?p=23532\"]}]},{\"@type\":\"ImageObject\",\"inLanguage\":\"sk-SK\",\"@id\":\"https:\\\/\\\/pmza.sk\\\/?p=23532#primaryimage\",\"url\":\"https:\\\/\\\/pmza.sk\\\/wp-content\\\/uploads\\\/2016\\\/12\\\/anca_2017-scaled-1.jpg\",\"contentUrl\":\"https:\\\/\\\/pmza.sk\\\/wp-content\\\/uploads\\\/2016\\\/12\\\/anca_2017-scaled-1.jpg\",\"width\":1810,\"height\":2560},{\"@type\":\"BreadcrumbList\",\"@id\":\"https:\\\/\\\/pmza.sk\\\/?p=23532#breadcrumb\",\"itemListElement\":[{\"@type\":\"ListItem\",\"position\":1,\"name\":\"Domovsk\u00e1 str\u00e1nka\",\"item\":\"https:\\\/\\\/pmza.sk\\\/\"},{\"@type\":\"ListItem\",\"position\":2,\"name\":\"Rajeck\u00e1 An\u010da a otvorenie roz\u0161\u00edrenej expoz\u00edcie m\u00fazea dopravy\"}]},{\"@type\":\"WebSite\",\"@id\":\"https:\\\/\\\/pmza.sk\\\/#website\",\"url\":\"https:\\\/\\\/pmza.sk\\\/\",\"name\":\"Pova\u017esk\u00e9 m\u00fazeum\",\"description\":\"Pova\u017esk\u00e9 m\u00fazeum v \u017diline je region\u00e1lne m\u00fazeum so s\u00eddlom v Budat\u00edne. Jeho expoz\u00edcie s\u00fa zameran\u00e9 na dejiny slovensk\u00e9ho umenia, kult\u00fary a dopravy.\",\"publisher\":{\"@id\":\"https:\\\/\\\/pmza.sk\\\/#organization\"},\"potentialAction\":[{\"@type\":\"SearchAction\",\"target\":{\"@type\":\"EntryPoint\",\"urlTemplate\":\"https:\\\/\\\/pmza.sk\\\/?s={search_term_string}\"},\"query-input\":{\"@type\":\"PropertyValueSpecification\",\"valueRequired\":true,\"valueName\":\"search_term_string\"}}],\"inLanguage\":\"sk-SK\"},{\"@type\":\"Organization\",\"@id\":\"https:\\\/\\\/pmza.sk\\\/#organization\",\"name\":\"Pova\u017esk\u00e9 m\u00fazeum\",\"url\":\"https:\\\/\\\/pmza.sk\\\/\",\"logo\":{\"@type\":\"ImageObject\",\"inLanguage\":\"sk-SK\",\"@id\":\"https:\\\/\\\/pmza.sk\\\/#\\\/schema\\\/logo\\\/image\\\/\",\"url\":\"https:\\\/\\\/pmza.sk\\\/wp-content\\\/uploads\\\/2022\\\/01\\\/logo_PM_horizontal.jpg\",\"contentUrl\":\"https:\\\/\\\/pmza.sk\\\/wp-content\\\/uploads\\\/2022\\\/01\\\/logo_PM_horizontal.jpg\",\"width\":231,\"height\":142,\"caption\":\"Pova\u017esk\u00e9 m\u00fazeum\"},\"image\":{\"@id\":\"https:\\\/\\\/pmza.sk\\\/#\\\/schema\\\/logo\\\/image\\\/\"},\"sameAs\":[\"https:\\\/\\\/www.facebook.com\\\/povazskemuzeum\",\"https:\\\/\\\/www.instagram.com\\\/povazskemuzeum\\\/\"]},{\"@type\":\"Person\",\"@id\":\"https:\\\/\\\/pmza.sk\\\/#\\\/schema\\\/person\\\/595e6a2ce731ea94dcd5d7f50a41ae33\",\"name\":\"Pova\u017esk\u00e9 m\u00fazeum\",\"image\":{\"@type\":\"ImageObject\",\"inLanguage\":\"sk-SK\",\"@id\":\"https:\\\/\\\/secure.gravatar.com\\\/avatar\\\/2bb7f1561282132fb5826dfeccc66c7996d11ee392ac6aaf7ced8a1c2027fbb2?s=96&d=mm&r=g\",\"url\":\"https:\\\/\\\/secure.gravatar.com\\\/avatar\\\/2bb7f1561282132fb5826dfeccc66c7996d11ee392ac6aaf7ced8a1c2027fbb2?s=96&d=mm&r=g\",\"contentUrl\":\"https:\\\/\\\/secure.gravatar.com\\\/avatar\\\/2bb7f1561282132fb5826dfeccc66c7996d11ee392ac6aaf7ced8a1c2027fbb2?s=96&d=mm&r=g\",\"caption\":\"Pova\u017esk\u00e9 m\u00fazeum\"}}]}<\/script>\n<!-- \/ Yoast SEO plugin. -->","yoast_head_json":{"title":"Rajeck\u00e1 An\u010da a otvorenie roz\u0161\u00edrenej expoz\u00edcie m\u00fazea dopravy - Pova\u017esk\u00e9 m\u00fazeum","robots":{"index":"index","follow":"follow","max-snippet":"max-snippet:-1","max-image-preview":"max-image-preview:large","max-video-preview":"max-video-preview:-1"},"canonical":"https:\/\/pmza.sk\/?p=23532","og_locale":"sk_SK","og_type":"article","og_title":"Rajeck\u00e1 An\u010da a otvorenie roz\u0161\u00edrenej expoz\u00edcie m\u00fazea dopravy - Pova\u017esk\u00e9 m\u00fazeum","og_description":"Pova\u017esk\u00e9 m\u00fazeum v\u00a0\u017diline v\u00e1s poz\u00fdva na otvorenie roz\u0161\u00edrenej expoz\u00edcie M\u00fazea dopravy v\u00a0Rajeck\u00fdch Tepliciach a\u00a0z\u00e1rove\u0148 aj na v\u00edkendov\u00e9 podujatie Rajeck\u00e1 An\u010da 2017. M\u00fazeum dopravy je roz\u0161\u00edren\u00e9 o\u00a0prehliadku motocyklov a\u00a0\u017eelezni\u010dn\u00fa expoz\u00edciu. Tieto priestory boli zrekon\u0161truovan\u00e9 v\u010faka projektu s\u00a0n\u00e1zvom \u201eDobudovanie M\u00fazea dopravy v\u00a0Rajeck\u00fdch Tepliciach a\u00a0zv\u00fd\u0161enie ochrany zbierok\u201c. Projekt z\u00a0verejn\u00fdch zdrojov podporil Fond na podporu umenia a\u00a0bol spolufinancovan\u00fd z\u00a0prostriedkov [&hellip;]","og_url":"https:\/\/pmza.sk\/?p=23532","og_site_name":"Pova\u017esk\u00e9 m\u00fazeum","article_publisher":"https:\/\/www.facebook.com\/povazskemuzeum","article_published_time":"2017-10-02T10:18:21+00:00","og_image":[{"width":1810,"height":2560,"url":"https:\/\/pmza.sk\/wp-content\/uploads\/2016\/12\/anca_2017-scaled-1.jpg","type":"image\/jpeg"}],"author":"Pova\u017esk\u00e9 m\u00fazeum","twitter_card":"summary_large_image","twitter_misc":{"Autor":"Pova\u017esk\u00e9 m\u00fazeum","Predpokladan\u00fd \u010das \u010d\u00edtania":"1 min\u00fata"},"schema":{"@context":"https:\/\/schema.org","@graph":[{"@type":"Article","@id":"https:\/\/pmza.sk\/?p=23532#article","isPartOf":{"@id":"https:\/\/pmza.sk\/?p=23532"},"author":{"name":"Pova\u017esk\u00e9 m\u00fazeum","@id":"https:\/\/pmza.sk\/#\/schema\/person\/595e6a2ce731ea94dcd5d7f50a41ae33"},"headline":"Rajeck\u00e1 An\u010da a otvorenie roz\u0161\u00edrenej expoz\u00edcie m\u00fazea dopravy","datePublished":"2017-10-02T10:18:21+00:00","mainEntityOfPage":{"@id":"https:\/\/pmza.sk\/?p=23532"},"wordCount":263,"publisher":{"@id":"https:\/\/pmza.sk\/#organization"},"image":{"@id":"https:\/\/pmza.sk\/?p=23532#primaryimage"},"thumbnailUrl":"https:\/\/pmza.sk\/wp-content\/uploads\/2016\/12\/anca_2017-scaled-1.jpg","articleSection":["Aktuality"],"inLanguage":"sk-SK"},{"@type":"WebPage","@id":"https:\/\/pmza.sk\/?p=23532","url":"https:\/\/pmza.sk\/?p=23532","name":"Rajeck\u00e1 An\u010da a otvorenie roz\u0161\u00edrenej expoz\u00edcie m\u00fazea dopravy - Pova\u017esk\u00e9 m\u00fazeum","isPartOf":{"@id":"https:\/\/pmza.sk\/#website"},"primaryImageOfPage":{"@id":"https:\/\/pmza.sk\/?p=23532#primaryimage"},"image":{"@id":"https:\/\/pmza.sk\/?p=23532#primaryimage"},"thumbnailUrl":"https:\/\/pmza.sk\/wp-content\/uploads\/2016\/12\/anca_2017-scaled-1.jpg","datePublished":"2017-10-02T10:18:21+00:00","breadcrumb":{"@id":"https:\/\/pmza.sk\/?p=23532#breadcrumb"},"inLanguage":"sk-SK","potentialAction":[{"@type":"ReadAction","target":["https:\/\/pmza.sk\/?p=23532"]}]},{"@type":"ImageObject","inLanguage":"sk-SK","@id":"https:\/\/pmza.sk\/?p=23532#primaryimage","url":"https:\/\/pmza.sk\/wp-content\/uploads\/2016\/12\/anca_2017-scaled-1.jpg","contentUrl":"https:\/\/pmza.sk\/wp-content\/uploads\/2016\/12\/anca_2017-scaled-1.jpg","width":1810,"height":2560},{"@type":"BreadcrumbList","@id":"https:\/\/pmza.sk\/?p=23532#breadcrumb","itemListElement":[{"@type":"ListItem","position":1,"name":"Domovsk\u00e1 str\u00e1nka","item":"https:\/\/pmza.sk\/"},{"@type":"ListItem","position":2,"name":"Rajeck\u00e1 An\u010da a otvorenie roz\u0161\u00edrenej expoz\u00edcie m\u00fazea dopravy"}]},{"@type":"WebSite","@id":"https:\/\/pmza.sk\/#website","url":"https:\/\/pmza.sk\/","name":"Pova\u017esk\u00e9 m\u00fazeum","description":"Pova\u017esk\u00e9 m\u00fazeum v \u017diline je region\u00e1lne m\u00fazeum so s\u00eddlom v Budat\u00edne. Jeho expoz\u00edcie s\u00fa zameran\u00e9 na dejiny slovensk\u00e9ho umenia, kult\u00fary a dopravy.","publisher":{"@id":"https:\/\/pmza.sk\/#organization"},"potentialAction":[{"@type":"SearchAction","target":{"@type":"EntryPoint","urlTemplate":"https:\/\/pmza.sk\/?s={search_term_string}"},"query-input":{"@type":"PropertyValueSpecification","valueRequired":true,"valueName":"search_term_string"}}],"inLanguage":"sk-SK"},{"@type":"Organization","@id":"https:\/\/pmza.sk\/#organization","name":"Pova\u017esk\u00e9 m\u00fazeum","url":"https:\/\/pmza.sk\/","logo":{"@type":"ImageObject","inLanguage":"sk-SK","@id":"https:\/\/pmza.sk\/#\/schema\/logo\/image\/","url":"https:\/\/pmza.sk\/wp-content\/uploads\/2022\/01\/logo_PM_horizontal.jpg","contentUrl":"https:\/\/pmza.sk\/wp-content\/uploads\/2022\/01\/logo_PM_horizontal.jpg","width":231,"height":142,"caption":"Pova\u017esk\u00e9 m\u00fazeum"},"image":{"@id":"https:\/\/pmza.sk\/#\/schema\/logo\/image\/"},"sameAs":["https:\/\/www.facebook.com\/povazskemuzeum","https:\/\/www.instagram.com\/povazskemuzeum\/"]},{"@type":"Person","@id":"https:\/\/pmza.sk\/#\/schema\/person\/595e6a2ce731ea94dcd5d7f50a41ae33","name":"Pova\u017esk\u00e9 m\u00fazeum","image":{"@type":"ImageObject","inLanguage":"sk-SK","@id":"https:\/\/secure.gravatar.com\/avatar\/2bb7f1561282132fb5826dfeccc66c7996d11ee392ac6aaf7ced8a1c2027fbb2?s=96&d=mm&r=g","url":"https:\/\/secure.gravatar.com\/avatar\/2bb7f1561282132fb5826dfeccc66c7996d11ee392ac6aaf7ced8a1c2027fbb2?s=96&d=mm&r=g","contentUrl":"https:\/\/secure.gravatar.com\/avatar\/2bb7f1561282132fb5826dfeccc66c7996d11ee392ac6aaf7ced8a1c2027fbb2?s=96&d=mm&r=g","caption":"Pova\u017esk\u00e9 m\u00fazeum"}}]}},"_links":{"self":[{"href":"https:\/\/pmza.sk\/index.php?rest_route=\/wp\/v2\/posts\/23532","targetHints":{"allow":["GET"]}}],"collection":[{"href":"https:\/\/pmza.sk\/index.php?rest_route=\/wp\/v2\/posts"}],"about":[{"href":"https:\/\/pmza.sk\/index.php?rest_route=\/wp\/v2\/types\/post"}],"author":[{"embeddable":true,"href":"https:\/\/pmza.sk\/index.php?rest_route=\/wp\/v2\/users\/2"}],"replies":[{"embeddable":true,"href":"https:\/\/pmza.sk\/index.php?rest_route=%2Fwp%2Fv2%2Fcomments&post=23532"}],"version-history":[{"count":0,"href":"https:\/\/pmza.sk\/index.php?rest_route=\/wp\/v2\/posts\/23532\/revisions"}],"wp:featuredmedia":[{"embeddable":true,"href":"https:\/\/pmza.sk\/index.php?rest_route=\/wp\/v2\/media\/23497"}],"wp:attachment":[{"href":"https:\/\/pmza.sk\/index.php?rest_route=%2Fwp%2Fv2%2Fmedia&parent=23532"}],"wp:term":[{"taxonomy":"category","embeddable":true,"href":"https:\/\/pmza.sk\/index.php?rest_route=%2Fwp%2Fv2%2Fcategories&post=23532"},{"taxonomy":"post_tag","embeddable":true,"href":"https:\/\/pmza.sk\/index.php?rest_route=%2Fwp%2Fv2%2Ftags&post=23532"}],"curies":[{"name":"wp","href":"https:\/\/api.w.org\/{rel}","templated":true}]}}