{"id":23553,"date":"2017-10-26T11:40:17","date_gmt":"2017-10-26T09:40:17","guid":{"rendered":"https:\/\/pmza.sk\/?p=23553"},"modified":"2017-10-26T11:40:17","modified_gmt":"2017-10-26T09:40:17","slug":"toto-je-muzeum-75-rokov-pmza","status":"publish","type":"post","link":"https:\/\/pmza.sk\/?p=23553","title":{"rendered":"Toto je m\u00fazeum_75 rokov PMZA"},"content":{"rendered":"<p>Pri pr\u00edle\u017eitosti 75. v\u00fdro\u010dia svojho zalo\u017eenia pripravilo Pova\u017esk\u00e9 m\u00fazeum v\u00a0\u017diline retrospekt\u00edvnu v\u00fdstavu, ktor\u00e1 pribli\u017euje hist\u00f3riu m\u00fazea v\u00a0celej \u0161\u00edrke jeho p\u00f4sobenia. Sl\u00e1vnostn\u00e9 otvorenie v\u00fdstavy <strong>&#8222;Toto je m\u00fazeum_75 rokov PMZA&#8220;<\/strong> sa uskuto\u010dnilo 21. 10. 2017 v\u00a0r\u00e1mci ob\u013e\u00faben\u00e9ho podujatia Budat\u00ednsky r\u00ednok. <br \/><a href=\"https:\/\/pmza.sk\/fotogaleria\/gallery\/toto-je-muzeum_75-rokov-pmza\/\">FOTOGAL\u00c9RIA Z OTVORENIA<\/a><\/p>\n<p>Zrod m\u00fazea vy\u017eadoval od jeho zakladate\u013eov ve\u013ea odu\u0161evnenia a\u00a0vytrvalosti. V\u00fdstava pripom\u00edna viacero v\u00fdznamn\u00fdch osobnost\u00ed, ktor\u00e9 svojou \u010dinnos\u0165ou zanechali v\u00fdrazn\u00e9 stopy pri budovan\u00ed zbierkov\u00e9ho fondu a\u00a0vedomostn\u00e9ho syst\u00e9mu Pova\u017esk\u00e9ho m\u00fazea. Pr\u00edkladn\u00fdm je v\u00a0tomto smere <strong>pr\u00edbeh Vlasty Kristenovej<\/strong>, histori\u010dky a riadite\u013eky PMZA, ktor\u00fd za\u010d\u00edna po pres\u0165ahovan\u00ed M\u00fazea \u017diliny a\u00a0okolia do Budat\u00ednskeho hradu v\u00a0roku 1954. V\u00a0tom roku bola jedinou zamestnanky\u0148ou m\u00fazea a\u00a0spravovala 1462 zbierkov\u00fdch predmetov. V\u00a0\u010dase odchodu do d\u00f4chodku, o\u00a018 rokov nesk\u00f4r, mal kolekt\u00edv m\u00fazea 17 pracovn\u00edkov a\u00a0vy\u0161e 14\u00a0000 ks zbierok. Vlastivedn\u00fd zborn\u00edk m\u00fazea, ktor\u00e9ho 1. \u010d\u00edslo zostavila Vlasta Kristenov\u00e1 v\u00a0roku 1957, patr\u00ed k\u00a0najstar\u0161\u00edm vyd\u00e1van\u00fdm periodik\u00e1m s\u00a0vlastivedn\u00fdm zameran\u00edm na Slovensku. V\u00a0s\u00fa\u010dasnosti pozost\u00e1va zbierkov\u00fd fond PMZA z\u00a0vy\u0161e 151\u00a0000 zbierkov\u00fdch predmetov v\u00a010 odborn\u00fdch sekci\u00e1ch (archeol\u00f3gia, hist\u00f3ria, etnol\u00f3gia, umenie, numizmatika, drot\u00e1rstvo, doprava, geol\u00f3gia, botanika a\u00a0zool\u00f3gia).<\/p>\n<p>N\u00e1v\u0161tevn\u00edk v\u00fdstavy m\u00e1 mo\u017enos\u0165 spozna\u0165 zbl\u00edzka z\u00e1kulisie m\u00fazejnej pr\u00e1ce. Sprostredkuje mu to napr\u00edklad nahliadnutie do konzerv\u00e1torskej dielne a do pracovne prepar\u00e1tora, kde uvid\u00ed r\u00f4zne typy zoologick\u00fdch prepar\u00e1tov. Osobne si m\u00f4\u017ee vysk\u00fa\u0161a\u0165 pr\u00e1cu dokument\u00e1tora m\u00fazejn\u00fdch zbierok alebo objavova\u0165 tajomstv\u00e1 botanickej kartot\u00e9ky. Dior\u00e1ma venovan\u00e1 archeol\u00f3govi Antonovi Petrovsk\u00e9mu-\u0160ichmanovi zas predstav\u00ed nezastupite\u013en\u00fa \u00falohu v\u00fdskumu v\u00a0ter\u00e9ne pri z\u00edskavan\u00ed cenn\u00fdch artefaktov z\u00a0na\u0161ej hist\u00f3rie. Prostredn\u00edctvom fotografi\u00ed sa naskytne pr\u00edle\u017eitos\u0165 nahliadnu\u0165 do u\u017e straten\u00e9ho sveta najv\u00fdznamnej\u0161\u00edch expoz\u00edci\u00ed a\u00a0v\u00fdstav PMZA, ktor\u00e9 sa po\u010das jeho 75-ro\u010dnej existencie in\u0161talovali v\u00a0objektoch v\u00a0jeho spr\u00e1ve \u2013 v\u00a0Budat\u00ednskom hrade, v\u00a0ka\u0161tieli v\u00a0Kras\u0148anoch, na hrade Stre\u010dno, v\u00a0Radenovom dome a\u00a0dome \u010d. 42 v\u00a0\u010ci\u010dmanoch, v Terchovej a\u00a0v\u00a0Sob\u00e1\u0161nom pal\u00e1ci v\u00a0Byt\u010di.<\/p>\n<p><strong>V\u00fdstava je pr\u00edstupn\u00e1 verejnosti bezplatne v d\u0148och utorok &#8211; nede\u013ea v \u010dase 9.00 &#8211; 17.00 hod. v miestnosti pod terasou, oproti kaplnke.<\/strong><\/p>\n<p style=\"text-align: right;\">Autor: Kv\u011bta Kickov\u00e1, botani\u010dka PMZA<\/p>\n<p>&nbsp;<\/p>\n","protected":false},"excerpt":{"rendered":"<p>Pri pr\u00edle\u017eitosti 75. v\u00fdro\u010dia svojho zalo\u017eenia pripravilo Pova\u017esk\u00e9 m\u00fazeum v\u00a0\u017diline retrospekt\u00edvnu v\u00fdstavu, ktor\u00e1 pribli\u017euje hist\u00f3riu m\u00fazea v\u00a0celej \u0161\u00edrke jeho p\u00f4sobenia. Sl\u00e1vnostn\u00e9 otvorenie v\u00fdstavy &#8222;Toto je m\u00fazeum_75 rokov PMZA&#8220; sa uskuto\u010dnilo 21. 10. 2017 v\u00a0r\u00e1mci ob\u013e\u00faben\u00e9ho podujatia Budat\u00ednsky r\u00ednok. FOTOGAL\u00c9RIA Z OTVORENIA Zrod m\u00fazea vy\u017eadoval od jeho zakladate\u013eov ve\u013ea odu\u0161evnenia a\u00a0vytrvalosti. V\u00fdstava pripom\u00edna viacero v\u00fdznamn\u00fdch osobnost\u00ed, [&hellip;]<\/p>\n","protected":false},"author":2,"featured_media":23555,"comment_status":"closed","ping_status":"closed","sticky":false,"template":"","format":"standard","meta":{"site-sidebar-layout":"default","site-content-layout":"","ast-site-content-layout":"","site-content-style":"default","site-sidebar-style":"default","ast-global-header-display":"","ast-banner-title-visibility":"","ast-main-header-display":"","ast-hfb-above-header-display":"","ast-hfb-below-header-display":"","ast-hfb-mobile-header-display":"","site-post-title":"","ast-breadcrumbs-content":"","ast-featured-img":"","footer-sml-layout":"","theme-transparent-header-meta":"","adv-header-id-meta":"","stick-header-meta":"","header-above-stick-meta":"","header-main-stick-meta":"","header-below-stick-meta":"","astra-migrate-meta-layouts":"default","ast-page-background-enabled":"default","ast-page-background-meta":{"desktop":{"background-color":"var(--ast-global-color-4)","background-image":"","background-repeat":"repeat","background-position":"center center","background-size":"auto","background-attachment":"scroll","background-type":"","background-media":"","overlay-type":"","overlay-color":"","overlay-opacity":"","overlay-gradient":""},"tablet":{"background-color":"","background-image":"","background-repeat":"repeat","background-position":"center center","background-size":"auto","background-attachment":"scroll","background-type":"","background-media":"","overlay-type":"","overlay-color":"","overlay-opacity":"","overlay-gradient":""},"mobile":{"background-color":"","background-image":"","background-repeat":"repeat","background-position":"center center","background-size":"auto","background-attachment":"scroll","background-type":"","background-media":"","overlay-type":"","overlay-color":"","overlay-opacity":"","overlay-gradient":""}},"ast-content-background-meta":{"desktop":{"background-color":"var(--ast-global-color-5)","background-image":"","background-repeat":"repeat","background-position":"center center","background-size":"auto","background-attachment":"scroll","background-type":"","background-media":"","overlay-type":"","overlay-color":"","overlay-opacity":"","overlay-gradient":""},"tablet":{"background-color":"var(--ast-global-color-5)","background-image":"","background-repeat":"repeat","background-position":"center center","background-size":"auto","background-attachment":"scroll","background-type":"","background-media":"","overlay-type":"","overlay-color":"","overlay-opacity":"","overlay-gradient":""},"mobile":{"background-color":"var(--ast-global-color-5)","background-image":"","background-repeat":"repeat","background-position":"center center","background-size":"auto","background-attachment":"scroll","background-type":"","background-media":"","overlay-type":"","overlay-color":"","overlay-opacity":"","overlay-gradient":""}},"footnotes":""},"categories":[31],"tags":[],"class_list":["post-23553","post","type-post","status-publish","format-standard","has-post-thumbnail","hentry","category-aktuality"],"yoast_head":"<!-- This site is optimized with the Yoast SEO plugin v27.4 - https:\/\/yoast.com\/product\/yoast-seo-wordpress\/ -->\n<title>Toto je m\u00fazeum_75 rokov PMZA - Pova\u017esk\u00e9 m\u00fazeum<\/title>\n<meta name=\"robots\" content=\"index, follow, max-snippet:-1, max-image-preview:large, max-video-preview:-1\" \/>\n<link rel=\"canonical\" href=\"https:\/\/pmza.sk\/?p=23553\" \/>\n<meta property=\"og:locale\" content=\"sk_SK\" \/>\n<meta property=\"og:type\" content=\"article\" \/>\n<meta property=\"og:title\" content=\"Toto je m\u00fazeum_75 rokov PMZA - Pova\u017esk\u00e9 m\u00fazeum\" \/>\n<meta property=\"og:description\" content=\"Pri pr\u00edle\u017eitosti 75. v\u00fdro\u010dia svojho zalo\u017eenia pripravilo Pova\u017esk\u00e9 m\u00fazeum v\u00a0\u017diline retrospekt\u00edvnu v\u00fdstavu, ktor\u00e1 pribli\u017euje hist\u00f3riu m\u00fazea v\u00a0celej \u0161\u00edrke jeho p\u00f4sobenia. Sl\u00e1vnostn\u00e9 otvorenie v\u00fdstavy &#8222;Toto je m\u00fazeum_75 rokov PMZA&#8220; sa uskuto\u010dnilo 21. 10. 2017 v\u00a0r\u00e1mci ob\u013e\u00faben\u00e9ho podujatia Budat\u00ednsky r\u00ednok. FOTOGAL\u00c9RIA Z OTVORENIA Zrod m\u00fazea vy\u017eadoval od jeho zakladate\u013eov ve\u013ea odu\u0161evnenia a\u00a0vytrvalosti. V\u00fdstava pripom\u00edna viacero v\u00fdznamn\u00fdch osobnost\u00ed, [&hellip;]\" \/>\n<meta property=\"og:url\" content=\"https:\/\/pmza.sk\/?p=23553\" \/>\n<meta property=\"og:site_name\" content=\"Pova\u017esk\u00e9 m\u00fazeum\" \/>\n<meta property=\"article:publisher\" content=\"https:\/\/www.facebook.com\/povazskemuzeum\" \/>\n<meta property=\"article:published_time\" content=\"2017-10-26T09:40:17+00:00\" \/>\n<meta property=\"og:image\" content=\"https:\/\/pmza.sk\/wp-content\/uploads\/2017\/10\/Pracovnici-Pov.-muzea-1971.jpg\" \/>\n\t<meta property=\"og:image:width\" content=\"2075\" \/>\n\t<meta property=\"og:image:height\" content=\"2538\" \/>\n\t<meta property=\"og:image:type\" content=\"image\/jpeg\" \/>\n<meta name=\"author\" content=\"Pova\u017esk\u00e9 m\u00fazeum\" \/>\n<meta name=\"twitter:card\" content=\"summary_large_image\" \/>\n<meta name=\"twitter:label1\" content=\"Autor\" \/>\n\t<meta name=\"twitter:data1\" content=\"Pova\u017esk\u00e9 m\u00fazeum\" \/>\n\t<meta name=\"twitter:label2\" content=\"Predpokladan\u00fd \u010das \u010d\u00edtania\" \/>\n\t<meta name=\"twitter:data2\" content=\"2 min\u00faty\" \/>\n<script type=\"application\/ld+json\" class=\"yoast-schema-graph\">{\"@context\":\"https:\\\/\\\/schema.org\",\"@graph\":[{\"@type\":\"Article\",\"@id\":\"https:\\\/\\\/pmza.sk\\\/?p=23553#article\",\"isPartOf\":{\"@id\":\"https:\\\/\\\/pmza.sk\\\/?p=23553\"},\"author\":{\"name\":\"Pova\u017esk\u00e9 m\u00fazeum\",\"@id\":\"https:\\\/\\\/pmza.sk\\\/#\\\/schema\\\/person\\\/595e6a2ce731ea94dcd5d7f50a41ae33\"},\"headline\":\"Toto je m\u00fazeum_75 rokov PMZA\",\"datePublished\":\"2017-10-26T09:40:17+00:00\",\"mainEntityOfPage\":{\"@id\":\"https:\\\/\\\/pmza.sk\\\/?p=23553\"},\"wordCount\":447,\"publisher\":{\"@id\":\"https:\\\/\\\/pmza.sk\\\/#organization\"},\"image\":{\"@id\":\"https:\\\/\\\/pmza.sk\\\/?p=23553#primaryimage\"},\"thumbnailUrl\":\"https:\\\/\\\/pmza.sk\\\/wp-content\\\/uploads\\\/2017\\\/10\\\/Pracovnici-Pov.-muzea-1971.jpg\",\"articleSection\":[\"Aktuality\"],\"inLanguage\":\"sk-SK\"},{\"@type\":\"WebPage\",\"@id\":\"https:\\\/\\\/pmza.sk\\\/?p=23553\",\"url\":\"https:\\\/\\\/pmza.sk\\\/?p=23553\",\"name\":\"Toto je m\u00fazeum_75 rokov PMZA - Pova\u017esk\u00e9 m\u00fazeum\",\"isPartOf\":{\"@id\":\"https:\\\/\\\/pmza.sk\\\/#website\"},\"primaryImageOfPage\":{\"@id\":\"https:\\\/\\\/pmza.sk\\\/?p=23553#primaryimage\"},\"image\":{\"@id\":\"https:\\\/\\\/pmza.sk\\\/?p=23553#primaryimage\"},\"thumbnailUrl\":\"https:\\\/\\\/pmza.sk\\\/wp-content\\\/uploads\\\/2017\\\/10\\\/Pracovnici-Pov.-muzea-1971.jpg\",\"datePublished\":\"2017-10-26T09:40:17+00:00\",\"breadcrumb\":{\"@id\":\"https:\\\/\\\/pmza.sk\\\/?p=23553#breadcrumb\"},\"inLanguage\":\"sk-SK\",\"potentialAction\":[{\"@type\":\"ReadAction\",\"target\":[\"https:\\\/\\\/pmza.sk\\\/?p=23553\"]}]},{\"@type\":\"ImageObject\",\"inLanguage\":\"sk-SK\",\"@id\":\"https:\\\/\\\/pmza.sk\\\/?p=23553#primaryimage\",\"url\":\"https:\\\/\\\/pmza.sk\\\/wp-content\\\/uploads\\\/2017\\\/10\\\/Pracovnici-Pov.-muzea-1971.jpg\",\"contentUrl\":\"https:\\\/\\\/pmza.sk\\\/wp-content\\\/uploads\\\/2017\\\/10\\\/Pracovnici-Pov.-muzea-1971.jpg\",\"width\":2075,\"height\":2538},{\"@type\":\"BreadcrumbList\",\"@id\":\"https:\\\/\\\/pmza.sk\\\/?p=23553#breadcrumb\",\"itemListElement\":[{\"@type\":\"ListItem\",\"position\":1,\"name\":\"Domovsk\u00e1 str\u00e1nka\",\"item\":\"https:\\\/\\\/pmza.sk\\\/\"},{\"@type\":\"ListItem\",\"position\":2,\"name\":\"Toto je m\u00fazeum_75 rokov PMZA\"}]},{\"@type\":\"WebSite\",\"@id\":\"https:\\\/\\\/pmza.sk\\\/#website\",\"url\":\"https:\\\/\\\/pmza.sk\\\/\",\"name\":\"Pova\u017esk\u00e9 m\u00fazeum\",\"description\":\"Pova\u017esk\u00e9 m\u00fazeum v \u017diline je region\u00e1lne m\u00fazeum so s\u00eddlom v Budat\u00edne. Jeho expoz\u00edcie s\u00fa zameran\u00e9 na dejiny slovensk\u00e9ho umenia, kult\u00fary a dopravy.\",\"publisher\":{\"@id\":\"https:\\\/\\\/pmza.sk\\\/#organization\"},\"potentialAction\":[{\"@type\":\"SearchAction\",\"target\":{\"@type\":\"EntryPoint\",\"urlTemplate\":\"https:\\\/\\\/pmza.sk\\\/?s={search_term_string}\"},\"query-input\":{\"@type\":\"PropertyValueSpecification\",\"valueRequired\":true,\"valueName\":\"search_term_string\"}}],\"inLanguage\":\"sk-SK\"},{\"@type\":\"Organization\",\"@id\":\"https:\\\/\\\/pmza.sk\\\/#organization\",\"name\":\"Pova\u017esk\u00e9 m\u00fazeum\",\"url\":\"https:\\\/\\\/pmza.sk\\\/\",\"logo\":{\"@type\":\"ImageObject\",\"inLanguage\":\"sk-SK\",\"@id\":\"https:\\\/\\\/pmza.sk\\\/#\\\/schema\\\/logo\\\/image\\\/\",\"url\":\"https:\\\/\\\/pmza.sk\\\/wp-content\\\/uploads\\\/2022\\\/01\\\/logo_PM_horizontal.jpg\",\"contentUrl\":\"https:\\\/\\\/pmza.sk\\\/wp-content\\\/uploads\\\/2022\\\/01\\\/logo_PM_horizontal.jpg\",\"width\":231,\"height\":142,\"caption\":\"Pova\u017esk\u00e9 m\u00fazeum\"},\"image\":{\"@id\":\"https:\\\/\\\/pmza.sk\\\/#\\\/schema\\\/logo\\\/image\\\/\"},\"sameAs\":[\"https:\\\/\\\/www.facebook.com\\\/povazskemuzeum\",\"https:\\\/\\\/www.instagram.com\\\/povazskemuzeum\\\/\"]},{\"@type\":\"Person\",\"@id\":\"https:\\\/\\\/pmza.sk\\\/#\\\/schema\\\/person\\\/595e6a2ce731ea94dcd5d7f50a41ae33\",\"name\":\"Pova\u017esk\u00e9 m\u00fazeum\",\"image\":{\"@type\":\"ImageObject\",\"inLanguage\":\"sk-SK\",\"@id\":\"https:\\\/\\\/secure.gravatar.com\\\/avatar\\\/2bb7f1561282132fb5826dfeccc66c7996d11ee392ac6aaf7ced8a1c2027fbb2?s=96&d=mm&r=g\",\"url\":\"https:\\\/\\\/secure.gravatar.com\\\/avatar\\\/2bb7f1561282132fb5826dfeccc66c7996d11ee392ac6aaf7ced8a1c2027fbb2?s=96&d=mm&r=g\",\"contentUrl\":\"https:\\\/\\\/secure.gravatar.com\\\/avatar\\\/2bb7f1561282132fb5826dfeccc66c7996d11ee392ac6aaf7ced8a1c2027fbb2?s=96&d=mm&r=g\",\"caption\":\"Pova\u017esk\u00e9 m\u00fazeum\"}}]}<\/script>\n<!-- \/ Yoast SEO plugin. -->","yoast_head_json":{"title":"Toto je m\u00fazeum_75 rokov PMZA - Pova\u017esk\u00e9 m\u00fazeum","robots":{"index":"index","follow":"follow","max-snippet":"max-snippet:-1","max-image-preview":"max-image-preview:large","max-video-preview":"max-video-preview:-1"},"canonical":"https:\/\/pmza.sk\/?p=23553","og_locale":"sk_SK","og_type":"article","og_title":"Toto je m\u00fazeum_75 rokov PMZA - Pova\u017esk\u00e9 m\u00fazeum","og_description":"Pri pr\u00edle\u017eitosti 75. v\u00fdro\u010dia svojho zalo\u017eenia pripravilo Pova\u017esk\u00e9 m\u00fazeum v\u00a0\u017diline retrospekt\u00edvnu v\u00fdstavu, ktor\u00e1 pribli\u017euje hist\u00f3riu m\u00fazea v\u00a0celej \u0161\u00edrke jeho p\u00f4sobenia. Sl\u00e1vnostn\u00e9 otvorenie v\u00fdstavy &#8222;Toto je m\u00fazeum_75 rokov PMZA&#8220; sa uskuto\u010dnilo 21. 10. 2017 v\u00a0r\u00e1mci ob\u013e\u00faben\u00e9ho podujatia Budat\u00ednsky r\u00ednok. FOTOGAL\u00c9RIA Z OTVORENIA Zrod m\u00fazea vy\u017eadoval od jeho zakladate\u013eov ve\u013ea odu\u0161evnenia a\u00a0vytrvalosti. V\u00fdstava pripom\u00edna viacero v\u00fdznamn\u00fdch osobnost\u00ed, [&hellip;]","og_url":"https:\/\/pmza.sk\/?p=23553","og_site_name":"Pova\u017esk\u00e9 m\u00fazeum","article_publisher":"https:\/\/www.facebook.com\/povazskemuzeum","article_published_time":"2017-10-26T09:40:17+00:00","og_image":[{"width":2075,"height":2538,"url":"https:\/\/pmza.sk\/wp-content\/uploads\/2017\/10\/Pracovnici-Pov.-muzea-1971.jpg","type":"image\/jpeg"}],"author":"Pova\u017esk\u00e9 m\u00fazeum","twitter_card":"summary_large_image","twitter_misc":{"Autor":"Pova\u017esk\u00e9 m\u00fazeum","Predpokladan\u00fd \u010das \u010d\u00edtania":"2 min\u00faty"},"schema":{"@context":"https:\/\/schema.org","@graph":[{"@type":"Article","@id":"https:\/\/pmza.sk\/?p=23553#article","isPartOf":{"@id":"https:\/\/pmza.sk\/?p=23553"},"author":{"name":"Pova\u017esk\u00e9 m\u00fazeum","@id":"https:\/\/pmza.sk\/#\/schema\/person\/595e6a2ce731ea94dcd5d7f50a41ae33"},"headline":"Toto je m\u00fazeum_75 rokov PMZA","datePublished":"2017-10-26T09:40:17+00:00","mainEntityOfPage":{"@id":"https:\/\/pmza.sk\/?p=23553"},"wordCount":447,"publisher":{"@id":"https:\/\/pmza.sk\/#organization"},"image":{"@id":"https:\/\/pmza.sk\/?p=23553#primaryimage"},"thumbnailUrl":"https:\/\/pmza.sk\/wp-content\/uploads\/2017\/10\/Pracovnici-Pov.-muzea-1971.jpg","articleSection":["Aktuality"],"inLanguage":"sk-SK"},{"@type":"WebPage","@id":"https:\/\/pmza.sk\/?p=23553","url":"https:\/\/pmza.sk\/?p=23553","name":"Toto je m\u00fazeum_75 rokov PMZA - Pova\u017esk\u00e9 m\u00fazeum","isPartOf":{"@id":"https:\/\/pmza.sk\/#website"},"primaryImageOfPage":{"@id":"https:\/\/pmza.sk\/?p=23553#primaryimage"},"image":{"@id":"https:\/\/pmza.sk\/?p=23553#primaryimage"},"thumbnailUrl":"https:\/\/pmza.sk\/wp-content\/uploads\/2017\/10\/Pracovnici-Pov.-muzea-1971.jpg","datePublished":"2017-10-26T09:40:17+00:00","breadcrumb":{"@id":"https:\/\/pmza.sk\/?p=23553#breadcrumb"},"inLanguage":"sk-SK","potentialAction":[{"@type":"ReadAction","target":["https:\/\/pmza.sk\/?p=23553"]}]},{"@type":"ImageObject","inLanguage":"sk-SK","@id":"https:\/\/pmza.sk\/?p=23553#primaryimage","url":"https:\/\/pmza.sk\/wp-content\/uploads\/2017\/10\/Pracovnici-Pov.-muzea-1971.jpg","contentUrl":"https:\/\/pmza.sk\/wp-content\/uploads\/2017\/10\/Pracovnici-Pov.-muzea-1971.jpg","width":2075,"height":2538},{"@type":"BreadcrumbList","@id":"https:\/\/pmza.sk\/?p=23553#breadcrumb","itemListElement":[{"@type":"ListItem","position":1,"name":"Domovsk\u00e1 str\u00e1nka","item":"https:\/\/pmza.sk\/"},{"@type":"ListItem","position":2,"name":"Toto je m\u00fazeum_75 rokov PMZA"}]},{"@type":"WebSite","@id":"https:\/\/pmza.sk\/#website","url":"https:\/\/pmza.sk\/","name":"Pova\u017esk\u00e9 m\u00fazeum","description":"Pova\u017esk\u00e9 m\u00fazeum v \u017diline je region\u00e1lne m\u00fazeum so s\u00eddlom v Budat\u00edne. Jeho expoz\u00edcie s\u00fa zameran\u00e9 na dejiny slovensk\u00e9ho umenia, kult\u00fary a dopravy.","publisher":{"@id":"https:\/\/pmza.sk\/#organization"},"potentialAction":[{"@type":"SearchAction","target":{"@type":"EntryPoint","urlTemplate":"https:\/\/pmza.sk\/?s={search_term_string}"},"query-input":{"@type":"PropertyValueSpecification","valueRequired":true,"valueName":"search_term_string"}}],"inLanguage":"sk-SK"},{"@type":"Organization","@id":"https:\/\/pmza.sk\/#organization","name":"Pova\u017esk\u00e9 m\u00fazeum","url":"https:\/\/pmza.sk\/","logo":{"@type":"ImageObject","inLanguage":"sk-SK","@id":"https:\/\/pmza.sk\/#\/schema\/logo\/image\/","url":"https:\/\/pmza.sk\/wp-content\/uploads\/2022\/01\/logo_PM_horizontal.jpg","contentUrl":"https:\/\/pmza.sk\/wp-content\/uploads\/2022\/01\/logo_PM_horizontal.jpg","width":231,"height":142,"caption":"Pova\u017esk\u00e9 m\u00fazeum"},"image":{"@id":"https:\/\/pmza.sk\/#\/schema\/logo\/image\/"},"sameAs":["https:\/\/www.facebook.com\/povazskemuzeum","https:\/\/www.instagram.com\/povazskemuzeum\/"]},{"@type":"Person","@id":"https:\/\/pmza.sk\/#\/schema\/person\/595e6a2ce731ea94dcd5d7f50a41ae33","name":"Pova\u017esk\u00e9 m\u00fazeum","image":{"@type":"ImageObject","inLanguage":"sk-SK","@id":"https:\/\/secure.gravatar.com\/avatar\/2bb7f1561282132fb5826dfeccc66c7996d11ee392ac6aaf7ced8a1c2027fbb2?s=96&d=mm&r=g","url":"https:\/\/secure.gravatar.com\/avatar\/2bb7f1561282132fb5826dfeccc66c7996d11ee392ac6aaf7ced8a1c2027fbb2?s=96&d=mm&r=g","contentUrl":"https:\/\/secure.gravatar.com\/avatar\/2bb7f1561282132fb5826dfeccc66c7996d11ee392ac6aaf7ced8a1c2027fbb2?s=96&d=mm&r=g","caption":"Pova\u017esk\u00e9 m\u00fazeum"}}]}},"_links":{"self":[{"href":"https:\/\/pmza.sk\/index.php?rest_route=\/wp\/v2\/posts\/23553","targetHints":{"allow":["GET"]}}],"collection":[{"href":"https:\/\/pmza.sk\/index.php?rest_route=\/wp\/v2\/posts"}],"about":[{"href":"https:\/\/pmza.sk\/index.php?rest_route=\/wp\/v2\/types\/post"}],"author":[{"embeddable":true,"href":"https:\/\/pmza.sk\/index.php?rest_route=\/wp\/v2\/users\/2"}],"replies":[{"embeddable":true,"href":"https:\/\/pmza.sk\/index.php?rest_route=%2Fwp%2Fv2%2Fcomments&post=23553"}],"version-history":[{"count":0,"href":"https:\/\/pmza.sk\/index.php?rest_route=\/wp\/v2\/posts\/23553\/revisions"}],"wp:featuredmedia":[{"embeddable":true,"href":"https:\/\/pmza.sk\/index.php?rest_route=\/wp\/v2\/media\/23555"}],"wp:attachment":[{"href":"https:\/\/pmza.sk\/index.php?rest_route=%2Fwp%2Fv2%2Fmedia&parent=23553"}],"wp:term":[{"taxonomy":"category","embeddable":true,"href":"https:\/\/pmza.sk\/index.php?rest_route=%2Fwp%2Fv2%2Fcategories&post=23553"},{"taxonomy":"post_tag","embeddable":true,"href":"https:\/\/pmza.sk\/index.php?rest_route=%2Fwp%2Fv2%2Ftags&post=23553"}],"curies":[{"name":"wp","href":"https:\/\/api.w.org\/{rel}","templated":true}]}}