{"id":23693,"date":"2017-10-11T12:10:55","date_gmt":"2017-10-11T10:10:55","guid":{"rendered":"https:\/\/pmza.sk\/?p=23693"},"modified":"2017-10-11T12:10:55","modified_gmt":"2017-10-11T10:10:55","slug":"otvorili-sme-rozsirenu-expoziciu-muzea-dopravy","status":"publish","type":"post","link":"https:\/\/pmza.sk\/?p=23693","title":{"rendered":"Otvorili sme roz\u0161\u00edren\u00fa expoz\u00edciu M\u00fazea dopravy"},"content":{"rendered":"<p>Prv\u00fd sl\u00e1vnostn\u00fd vlak po \u017eelezni\u010dnej trati \u017dilina \u2013 Rajec pre\u0161iel 10. okt\u00f3bra 1899. Pri tejto pr\u00edle\u017eitosti organizuje Pova\u017esk\u00e9 m\u00fazeum v\u00a0\u017diline v\u00a0spolupr\u00e1ci so Spolo\u010dnos\u0165ou Pova\u017eskej dr\u00e1hy \u017dilina ka\u017edoro\u010dn\u00e9 nostalgick\u00e9 jazdy tzv. Rajeckou An\u010dou. Aj po\u010das 7. a\u00a08. okt\u00f3bra 2017 sa uskuto\u010dnili spomienkov\u00e9 jazdy motorov\u00fdm vlakom Hurv\u00ednek, ktor\u00fd bol zlo\u017een\u00fd z\u00a0motorov\u00e9ho voz\u0148a M 131.1443, pr\u00edvesn\u00e9ho voz\u0148a Blm a\u00a0\u010fal\u0161ieho motorov\u00e9ho voz\u0148a 810.160.<\/p>\n<p>N\u00e1v\u0161tevn\u00edci M\u00fazea dopravy Rajeck\u00e9 Teplice mali okrem jazdy motorov\u00fdm vlakom mo\u017enos\u0165 vyu\u017ei\u0165 po\u010das spomenut\u00e9ho v\u00edkendu aj jazdu historick\u00fdm autobusom do okolia Rajeck\u00fdch Tepl\u00edc, ktor\u00fd zapo\u017ei\u010dala Slovensk\u00e1 autobusov\u00e1 doprava \u017dilina, a.s., vidie\u0165 predv\u00e1dzanie jazdy na historick\u00fdch motocykloch z\u00a0Ariel klubu \u017dilina a\u00a0dobov\u00e9ho bicykla. Deti, ale aj dospel\u00ed si vysk\u00fa\u0161ali svoju zru\u010dnos\u0165 v tvoriv\u00fdch diel\u0148ach, kde im pod rukami vznikali lietadielka a\u00a0aut\u00ed\u010dka. Z\u00e1rove\u0148 bola verejnosti spr\u00edstupnen\u00e1 roz\u0161\u00edren\u00e1 <span style=\"color: #1f497d;\">\u017eelezni\u010dn\u00e1 \u010das\u0165 <\/span>expoz\u00edci<span style=\"color: #1f497d;\">e<\/span> m\u00fazea dopravy a<span style=\"color: #1f497d;\">\u00a0nov\u00e1 \u010das\u0165 venovan\u00e1<\/span>\u00a0cestn<span style=\"color: #1f497d;\">ej<\/span> doprav<span style=\"color: #1f497d;\">e<\/span> so zameran\u00edm na prehliadku motocyklov.<\/p>\n<p>Tieto priestory boli zrekon\u0161truovan\u00e9 v\u010faka projektu s\u00a0n\u00e1zvom \u201eDobudovanie M\u00fazea dopravy v\u00a0Rajeck\u00fdch Tepliciach a\u00a0zv\u00fd\u0161enie ochrany zbierok\u201c. Projekt z\u00a0verejn\u00fdch zdrojov podporil Fond na podporu umenia a\u00a0bol spolufinancovan\u00fd z\u00a0prostriedkov \u017dilinsk\u00e9ho samospr\u00e1vneho kraja.<\/p>\n<p><a href=\"https:\/\/pmza.sk\/fotogaleria\/gallery\/rozsirena-expozicia-muzea-dopravy-rajecke-teplice\/\">FOTOGAL\u00c9RIA Z PODUJATIA<\/a><\/p>\n<p><a href=\"https:\/\/pmza.sk\/wp-content\/uploads\/2017\/10\/Zrekonstruovane-vdaka-FPU.jpg\"><img decoding=\"async\" class=\"alignleft  wp-image-23668\" src=\"https:\/\/pmza.sk\/wp-content\/uploads\/2017\/10\/Zrekonstruovane-vdaka-FPU-150x74.jpg\" alt=\"\" width=\"253\" height=\"125\" \/><\/a><\/p>\n<p>&nbsp;<\/p>\n<p>&nbsp;<\/p>\n<p>&nbsp;<\/p>\n<p>&nbsp;<\/p>\n<p>&nbsp;<\/p>\n<p><span style=\"color: #ff0000;\">Od 1. novembra 2017 bud\u00fa zmenen\u00e9 otv\u00e1racie hodiny do M\u00fazea dopravy Rajeck\u00e9 Teplice nasledovne:<\/span><\/p>\n<p><img fetchpriority=\"high\" decoding=\"async\" class=\"aligncenter wp-image-23757\" src=\"https:\/\/pmza.sk\/wp-content\/uploads\/2014\/01\/otv\u00e1racie-hodiny-1-150x100.jpg\" alt=\"\" width=\"430\" height=\"285\" \/><\/p>\n","protected":false},"excerpt":{"rendered":"<p>Prv\u00fd sl\u00e1vnostn\u00fd vlak po \u017eelezni\u010dnej trati \u017dilina \u2013 Rajec pre\u0161iel 10. okt\u00f3bra 1899. Pri tejto pr\u00edle\u017eitosti organizuje Pova\u017esk\u00e9 m\u00fazeum v\u00a0\u017diline v\u00a0spolupr\u00e1ci so Spolo\u010dnos\u0165ou Pova\u017eskej dr\u00e1hy \u017dilina ka\u017edoro\u010dn\u00e9 nostalgick\u00e9 jazdy tzv. Rajeckou An\u010dou. Aj po\u010das 7. a\u00a08. okt\u00f3bra 2017 sa uskuto\u010dnili spomienkov\u00e9 jazdy motorov\u00fdm vlakom Hurv\u00ednek, ktor\u00fd bol zlo\u017een\u00fd z\u00a0motorov\u00e9ho voz\u0148a M 131.1443, pr\u00edvesn\u00e9ho voz\u0148a Blm [&hellip;]<\/p>\n","protected":false},"author":2,"featured_media":23677,"comment_status":"closed","ping_status":"closed","sticky":false,"template":"","format":"standard","meta":{"site-sidebar-layout":"default","site-content-layout":"","ast-site-content-layout":"","site-content-style":"default","site-sidebar-style":"default","ast-global-header-display":"","ast-banner-title-visibility":"","ast-main-header-display":"","ast-hfb-above-header-display":"","ast-hfb-below-header-display":"","ast-hfb-mobile-header-display":"","site-post-title":"","ast-breadcrumbs-content":"","ast-featured-img":"","footer-sml-layout":"","theme-transparent-header-meta":"","adv-header-id-meta":"","stick-header-meta":"","header-above-stick-meta":"","header-main-stick-meta":"","header-below-stick-meta":"","astra-migrate-meta-layouts":"default","ast-page-background-enabled":"default","ast-page-background-meta":{"desktop":{"background-color":"var(--ast-global-color-4)","background-image":"","background-repeat":"repeat","background-position":"center center","background-size":"auto","background-attachment":"scroll","background-type":"","background-media":"","overlay-type":"","overlay-color":"","overlay-opacity":"","overlay-gradient":""},"tablet":{"background-color":"","background-image":"","background-repeat":"repeat","background-position":"center center","background-size":"auto","background-attachment":"scroll","background-type":"","background-media":"","overlay-type":"","overlay-color":"","overlay-opacity":"","overlay-gradient":""},"mobile":{"background-color":"","background-image":"","background-repeat":"repeat","background-position":"center center","background-size":"auto","background-attachment":"scroll","background-type":"","background-media":"","overlay-type":"","overlay-color":"","overlay-opacity":"","overlay-gradient":""}},"ast-content-background-meta":{"desktop":{"background-color":"var(--ast-global-color-5)","background-image":"","background-repeat":"repeat","background-position":"center center","background-size":"auto","background-attachment":"scroll","background-type":"","background-media":"","overlay-type":"","overlay-color":"","overlay-opacity":"","overlay-gradient":""},"tablet":{"background-color":"var(--ast-global-color-5)","background-image":"","background-repeat":"repeat","background-position":"center center","background-size":"auto","background-attachment":"scroll","background-type":"","background-media":"","overlay-type":"","overlay-color":"","overlay-opacity":"","overlay-gradient":""},"mobile":{"background-color":"var(--ast-global-color-5)","background-image":"","background-repeat":"repeat","background-position":"center center","background-size":"auto","background-attachment":"scroll","background-type":"","background-media":"","overlay-type":"","overlay-color":"","overlay-opacity":"","overlay-gradient":""}},"footnotes":""},"categories":[31],"tags":[],"class_list":["post-23693","post","type-post","status-publish","format-standard","has-post-thumbnail","hentry","category-aktuality"],"yoast_head":"<!-- This site is optimized with the Yoast SEO plugin v27.4 - https:\/\/yoast.com\/product\/yoast-seo-wordpress\/ -->\n<title>Otvorili sme roz\u0161\u00edren\u00fa expoz\u00edciu M\u00fazea dopravy - Pova\u017esk\u00e9 m\u00fazeum<\/title>\n<meta name=\"robots\" content=\"index, follow, max-snippet:-1, max-image-preview:large, max-video-preview:-1\" \/>\n<link rel=\"canonical\" href=\"https:\/\/pmza.sk\/?p=23693\" \/>\n<meta property=\"og:locale\" content=\"sk_SK\" \/>\n<meta property=\"og:type\" content=\"article\" \/>\n<meta property=\"og:title\" content=\"Otvorili sme roz\u0161\u00edren\u00fa expoz\u00edciu M\u00fazea dopravy - Pova\u017esk\u00e9 m\u00fazeum\" \/>\n<meta property=\"og:description\" content=\"Prv\u00fd sl\u00e1vnostn\u00fd vlak po \u017eelezni\u010dnej trati \u017dilina \u2013 Rajec pre\u0161iel 10. okt\u00f3bra 1899. Pri tejto pr\u00edle\u017eitosti organizuje Pova\u017esk\u00e9 m\u00fazeum v\u00a0\u017diline v\u00a0spolupr\u00e1ci so Spolo\u010dnos\u0165ou Pova\u017eskej dr\u00e1hy \u017dilina ka\u017edoro\u010dn\u00e9 nostalgick\u00e9 jazdy tzv. Rajeckou An\u010dou. Aj po\u010das 7. a\u00a08. okt\u00f3bra 2017 sa uskuto\u010dnili spomienkov\u00e9 jazdy motorov\u00fdm vlakom Hurv\u00ednek, ktor\u00fd bol zlo\u017een\u00fd z\u00a0motorov\u00e9ho voz\u0148a M 131.1443, pr\u00edvesn\u00e9ho voz\u0148a Blm [&hellip;]\" \/>\n<meta property=\"og:url\" content=\"https:\/\/pmza.sk\/?p=23693\" \/>\n<meta property=\"og:site_name\" content=\"Pova\u017esk\u00e9 m\u00fazeum\" \/>\n<meta property=\"article:publisher\" content=\"https:\/\/www.facebook.com\/povazskemuzeum\" \/>\n<meta property=\"article:published_time\" content=\"2017-10-11T10:10:55+00:00\" \/>\n<meta property=\"og:image\" content=\"https:\/\/pmza.sk\/wp-content\/uploads\/2016\/12\/xDSC_8892.jpg\" \/>\n\t<meta property=\"og:image:width\" content=\"905\" \/>\n\t<meta property=\"og:image:height\" content=\"600\" \/>\n\t<meta property=\"og:image:type\" content=\"image\/jpeg\" \/>\n<meta name=\"author\" content=\"Pova\u017esk\u00e9 m\u00fazeum\" \/>\n<meta name=\"twitter:card\" content=\"summary_large_image\" \/>\n<meta name=\"twitter:label1\" content=\"Autor\" \/>\n\t<meta name=\"twitter:data1\" content=\"Pova\u017esk\u00e9 m\u00fazeum\" \/>\n\t<meta name=\"twitter:label2\" content=\"Predpokladan\u00fd \u010das \u010d\u00edtania\" \/>\n\t<meta name=\"twitter:data2\" content=\"1 min\u00fata\" \/>\n<script type=\"application\/ld+json\" class=\"yoast-schema-graph\">{\"@context\":\"https:\\\/\\\/schema.org\",\"@graph\":[{\"@type\":\"Article\",\"@id\":\"https:\\\/\\\/pmza.sk\\\/?p=23693#article\",\"isPartOf\":{\"@id\":\"https:\\\/\\\/pmza.sk\\\/?p=23693\"},\"author\":{\"name\":\"Pova\u017esk\u00e9 m\u00fazeum\",\"@id\":\"https:\\\/\\\/pmza.sk\\\/#\\\/schema\\\/person\\\/595e6a2ce731ea94dcd5d7f50a41ae33\"},\"headline\":\"Otvorili sme roz\u0161\u00edren\u00fa expoz\u00edciu M\u00fazea dopravy\",\"datePublished\":\"2017-10-11T10:10:55+00:00\",\"mainEntityOfPage\":{\"@id\":\"https:\\\/\\\/pmza.sk\\\/?p=23693\"},\"wordCount\":276,\"publisher\":{\"@id\":\"https:\\\/\\\/pmza.sk\\\/#organization\"},\"image\":{\"@id\":\"https:\\\/\\\/pmza.sk\\\/?p=23693#primaryimage\"},\"thumbnailUrl\":\"https:\\\/\\\/pmza.sk\\\/wp-content\\\/uploads\\\/2016\\\/12\\\/xDSC_8892.jpg\",\"articleSection\":[\"Aktuality\"],\"inLanguage\":\"sk-SK\"},{\"@type\":\"WebPage\",\"@id\":\"https:\\\/\\\/pmza.sk\\\/?p=23693\",\"url\":\"https:\\\/\\\/pmza.sk\\\/?p=23693\",\"name\":\"Otvorili sme roz\u0161\u00edren\u00fa expoz\u00edciu M\u00fazea dopravy - Pova\u017esk\u00e9 m\u00fazeum\",\"isPartOf\":{\"@id\":\"https:\\\/\\\/pmza.sk\\\/#website\"},\"primaryImageOfPage\":{\"@id\":\"https:\\\/\\\/pmza.sk\\\/?p=23693#primaryimage\"},\"image\":{\"@id\":\"https:\\\/\\\/pmza.sk\\\/?p=23693#primaryimage\"},\"thumbnailUrl\":\"https:\\\/\\\/pmza.sk\\\/wp-content\\\/uploads\\\/2016\\\/12\\\/xDSC_8892.jpg\",\"datePublished\":\"2017-10-11T10:10:55+00:00\",\"breadcrumb\":{\"@id\":\"https:\\\/\\\/pmza.sk\\\/?p=23693#breadcrumb\"},\"inLanguage\":\"sk-SK\",\"potentialAction\":[{\"@type\":\"ReadAction\",\"target\":[\"https:\\\/\\\/pmza.sk\\\/?p=23693\"]}]},{\"@type\":\"ImageObject\",\"inLanguage\":\"sk-SK\",\"@id\":\"https:\\\/\\\/pmza.sk\\\/?p=23693#primaryimage\",\"url\":\"https:\\\/\\\/pmza.sk\\\/wp-content\\\/uploads\\\/2016\\\/12\\\/xDSC_8892.jpg\",\"contentUrl\":\"https:\\\/\\\/pmza.sk\\\/wp-content\\\/uploads\\\/2016\\\/12\\\/xDSC_8892.jpg\",\"width\":905,\"height\":600},{\"@type\":\"BreadcrumbList\",\"@id\":\"https:\\\/\\\/pmza.sk\\\/?p=23693#breadcrumb\",\"itemListElement\":[{\"@type\":\"ListItem\",\"position\":1,\"name\":\"Domovsk\u00e1 str\u00e1nka\",\"item\":\"https:\\\/\\\/pmza.sk\\\/\"},{\"@type\":\"ListItem\",\"position\":2,\"name\":\"Otvorili sme roz\u0161\u00edren\u00fa expoz\u00edciu M\u00fazea dopravy\"}]},{\"@type\":\"WebSite\",\"@id\":\"https:\\\/\\\/pmza.sk\\\/#website\",\"url\":\"https:\\\/\\\/pmza.sk\\\/\",\"name\":\"Pova\u017esk\u00e9 m\u00fazeum\",\"description\":\"Pova\u017esk\u00e9 m\u00fazeum v \u017diline je region\u00e1lne m\u00fazeum so s\u00eddlom v Budat\u00edne. Jeho expoz\u00edcie s\u00fa zameran\u00e9 na dejiny slovensk\u00e9ho umenia, kult\u00fary a dopravy.\",\"publisher\":{\"@id\":\"https:\\\/\\\/pmza.sk\\\/#organization\"},\"potentialAction\":[{\"@type\":\"SearchAction\",\"target\":{\"@type\":\"EntryPoint\",\"urlTemplate\":\"https:\\\/\\\/pmza.sk\\\/?s={search_term_string}\"},\"query-input\":{\"@type\":\"PropertyValueSpecification\",\"valueRequired\":true,\"valueName\":\"search_term_string\"}}],\"inLanguage\":\"sk-SK\"},{\"@type\":\"Organization\",\"@id\":\"https:\\\/\\\/pmza.sk\\\/#organization\",\"name\":\"Pova\u017esk\u00e9 m\u00fazeum\",\"url\":\"https:\\\/\\\/pmza.sk\\\/\",\"logo\":{\"@type\":\"ImageObject\",\"inLanguage\":\"sk-SK\",\"@id\":\"https:\\\/\\\/pmza.sk\\\/#\\\/schema\\\/logo\\\/image\\\/\",\"url\":\"https:\\\/\\\/pmza.sk\\\/wp-content\\\/uploads\\\/2022\\\/01\\\/logo_PM_horizontal.jpg\",\"contentUrl\":\"https:\\\/\\\/pmza.sk\\\/wp-content\\\/uploads\\\/2022\\\/01\\\/logo_PM_horizontal.jpg\",\"width\":231,\"height\":142,\"caption\":\"Pova\u017esk\u00e9 m\u00fazeum\"},\"image\":{\"@id\":\"https:\\\/\\\/pmza.sk\\\/#\\\/schema\\\/logo\\\/image\\\/\"},\"sameAs\":[\"https:\\\/\\\/www.facebook.com\\\/povazskemuzeum\",\"https:\\\/\\\/www.instagram.com\\\/povazskemuzeum\\\/\"]},{\"@type\":\"Person\",\"@id\":\"https:\\\/\\\/pmza.sk\\\/#\\\/schema\\\/person\\\/595e6a2ce731ea94dcd5d7f50a41ae33\",\"name\":\"Pova\u017esk\u00e9 m\u00fazeum\",\"image\":{\"@type\":\"ImageObject\",\"inLanguage\":\"sk-SK\",\"@id\":\"https:\\\/\\\/secure.gravatar.com\\\/avatar\\\/2bb7f1561282132fb5826dfeccc66c7996d11ee392ac6aaf7ced8a1c2027fbb2?s=96&d=mm&r=g\",\"url\":\"https:\\\/\\\/secure.gravatar.com\\\/avatar\\\/2bb7f1561282132fb5826dfeccc66c7996d11ee392ac6aaf7ced8a1c2027fbb2?s=96&d=mm&r=g\",\"contentUrl\":\"https:\\\/\\\/secure.gravatar.com\\\/avatar\\\/2bb7f1561282132fb5826dfeccc66c7996d11ee392ac6aaf7ced8a1c2027fbb2?s=96&d=mm&r=g\",\"caption\":\"Pova\u017esk\u00e9 m\u00fazeum\"}}]}<\/script>\n<!-- \/ Yoast SEO plugin. -->","yoast_head_json":{"title":"Otvorili sme roz\u0161\u00edren\u00fa expoz\u00edciu M\u00fazea dopravy - Pova\u017esk\u00e9 m\u00fazeum","robots":{"index":"index","follow":"follow","max-snippet":"max-snippet:-1","max-image-preview":"max-image-preview:large","max-video-preview":"max-video-preview:-1"},"canonical":"https:\/\/pmza.sk\/?p=23693","og_locale":"sk_SK","og_type":"article","og_title":"Otvorili sme roz\u0161\u00edren\u00fa expoz\u00edciu M\u00fazea dopravy - Pova\u017esk\u00e9 m\u00fazeum","og_description":"Prv\u00fd sl\u00e1vnostn\u00fd vlak po \u017eelezni\u010dnej trati \u017dilina \u2013 Rajec pre\u0161iel 10. okt\u00f3bra 1899. Pri tejto pr\u00edle\u017eitosti organizuje Pova\u017esk\u00e9 m\u00fazeum v\u00a0\u017diline v\u00a0spolupr\u00e1ci so Spolo\u010dnos\u0165ou Pova\u017eskej dr\u00e1hy \u017dilina ka\u017edoro\u010dn\u00e9 nostalgick\u00e9 jazdy tzv. Rajeckou An\u010dou. Aj po\u010das 7. a\u00a08. okt\u00f3bra 2017 sa uskuto\u010dnili spomienkov\u00e9 jazdy motorov\u00fdm vlakom Hurv\u00ednek, ktor\u00fd bol zlo\u017een\u00fd z\u00a0motorov\u00e9ho voz\u0148a M 131.1443, pr\u00edvesn\u00e9ho voz\u0148a Blm [&hellip;]","og_url":"https:\/\/pmza.sk\/?p=23693","og_site_name":"Pova\u017esk\u00e9 m\u00fazeum","article_publisher":"https:\/\/www.facebook.com\/povazskemuzeum","article_published_time":"2017-10-11T10:10:55+00:00","og_image":[{"width":905,"height":600,"url":"https:\/\/pmza.sk\/wp-content\/uploads\/2016\/12\/xDSC_8892.jpg","type":"image\/jpeg"}],"author":"Pova\u017esk\u00e9 m\u00fazeum","twitter_card":"summary_large_image","twitter_misc":{"Autor":"Pova\u017esk\u00e9 m\u00fazeum","Predpokladan\u00fd \u010das \u010d\u00edtania":"1 min\u00fata"},"schema":{"@context":"https:\/\/schema.org","@graph":[{"@type":"Article","@id":"https:\/\/pmza.sk\/?p=23693#article","isPartOf":{"@id":"https:\/\/pmza.sk\/?p=23693"},"author":{"name":"Pova\u017esk\u00e9 m\u00fazeum","@id":"https:\/\/pmza.sk\/#\/schema\/person\/595e6a2ce731ea94dcd5d7f50a41ae33"},"headline":"Otvorili sme roz\u0161\u00edren\u00fa expoz\u00edciu M\u00fazea dopravy","datePublished":"2017-10-11T10:10:55+00:00","mainEntityOfPage":{"@id":"https:\/\/pmza.sk\/?p=23693"},"wordCount":276,"publisher":{"@id":"https:\/\/pmza.sk\/#organization"},"image":{"@id":"https:\/\/pmza.sk\/?p=23693#primaryimage"},"thumbnailUrl":"https:\/\/pmza.sk\/wp-content\/uploads\/2016\/12\/xDSC_8892.jpg","articleSection":["Aktuality"],"inLanguage":"sk-SK"},{"@type":"WebPage","@id":"https:\/\/pmza.sk\/?p=23693","url":"https:\/\/pmza.sk\/?p=23693","name":"Otvorili sme roz\u0161\u00edren\u00fa expoz\u00edciu M\u00fazea dopravy - Pova\u017esk\u00e9 m\u00fazeum","isPartOf":{"@id":"https:\/\/pmza.sk\/#website"},"primaryImageOfPage":{"@id":"https:\/\/pmza.sk\/?p=23693#primaryimage"},"image":{"@id":"https:\/\/pmza.sk\/?p=23693#primaryimage"},"thumbnailUrl":"https:\/\/pmza.sk\/wp-content\/uploads\/2016\/12\/xDSC_8892.jpg","datePublished":"2017-10-11T10:10:55+00:00","breadcrumb":{"@id":"https:\/\/pmza.sk\/?p=23693#breadcrumb"},"inLanguage":"sk-SK","potentialAction":[{"@type":"ReadAction","target":["https:\/\/pmza.sk\/?p=23693"]}]},{"@type":"ImageObject","inLanguage":"sk-SK","@id":"https:\/\/pmza.sk\/?p=23693#primaryimage","url":"https:\/\/pmza.sk\/wp-content\/uploads\/2016\/12\/xDSC_8892.jpg","contentUrl":"https:\/\/pmza.sk\/wp-content\/uploads\/2016\/12\/xDSC_8892.jpg","width":905,"height":600},{"@type":"BreadcrumbList","@id":"https:\/\/pmza.sk\/?p=23693#breadcrumb","itemListElement":[{"@type":"ListItem","position":1,"name":"Domovsk\u00e1 str\u00e1nka","item":"https:\/\/pmza.sk\/"},{"@type":"ListItem","position":2,"name":"Otvorili sme roz\u0161\u00edren\u00fa expoz\u00edciu M\u00fazea dopravy"}]},{"@type":"WebSite","@id":"https:\/\/pmza.sk\/#website","url":"https:\/\/pmza.sk\/","name":"Pova\u017esk\u00e9 m\u00fazeum","description":"Pova\u017esk\u00e9 m\u00fazeum v \u017diline je region\u00e1lne m\u00fazeum so s\u00eddlom v Budat\u00edne. Jeho expoz\u00edcie s\u00fa zameran\u00e9 na dejiny slovensk\u00e9ho umenia, kult\u00fary a dopravy.","publisher":{"@id":"https:\/\/pmza.sk\/#organization"},"potentialAction":[{"@type":"SearchAction","target":{"@type":"EntryPoint","urlTemplate":"https:\/\/pmza.sk\/?s={search_term_string}"},"query-input":{"@type":"PropertyValueSpecification","valueRequired":true,"valueName":"search_term_string"}}],"inLanguage":"sk-SK"},{"@type":"Organization","@id":"https:\/\/pmza.sk\/#organization","name":"Pova\u017esk\u00e9 m\u00fazeum","url":"https:\/\/pmza.sk\/","logo":{"@type":"ImageObject","inLanguage":"sk-SK","@id":"https:\/\/pmza.sk\/#\/schema\/logo\/image\/","url":"https:\/\/pmza.sk\/wp-content\/uploads\/2022\/01\/logo_PM_horizontal.jpg","contentUrl":"https:\/\/pmza.sk\/wp-content\/uploads\/2022\/01\/logo_PM_horizontal.jpg","width":231,"height":142,"caption":"Pova\u017esk\u00e9 m\u00fazeum"},"image":{"@id":"https:\/\/pmza.sk\/#\/schema\/logo\/image\/"},"sameAs":["https:\/\/www.facebook.com\/povazskemuzeum","https:\/\/www.instagram.com\/povazskemuzeum\/"]},{"@type":"Person","@id":"https:\/\/pmza.sk\/#\/schema\/person\/595e6a2ce731ea94dcd5d7f50a41ae33","name":"Pova\u017esk\u00e9 m\u00fazeum","image":{"@type":"ImageObject","inLanguage":"sk-SK","@id":"https:\/\/secure.gravatar.com\/avatar\/2bb7f1561282132fb5826dfeccc66c7996d11ee392ac6aaf7ced8a1c2027fbb2?s=96&d=mm&r=g","url":"https:\/\/secure.gravatar.com\/avatar\/2bb7f1561282132fb5826dfeccc66c7996d11ee392ac6aaf7ced8a1c2027fbb2?s=96&d=mm&r=g","contentUrl":"https:\/\/secure.gravatar.com\/avatar\/2bb7f1561282132fb5826dfeccc66c7996d11ee392ac6aaf7ced8a1c2027fbb2?s=96&d=mm&r=g","caption":"Pova\u017esk\u00e9 m\u00fazeum"}}]}},"_links":{"self":[{"href":"https:\/\/pmza.sk\/index.php?rest_route=\/wp\/v2\/posts\/23693","targetHints":{"allow":["GET"]}}],"collection":[{"href":"https:\/\/pmza.sk\/index.php?rest_route=\/wp\/v2\/posts"}],"about":[{"href":"https:\/\/pmza.sk\/index.php?rest_route=\/wp\/v2\/types\/post"}],"author":[{"embeddable":true,"href":"https:\/\/pmza.sk\/index.php?rest_route=\/wp\/v2\/users\/2"}],"replies":[{"embeddable":true,"href":"https:\/\/pmza.sk\/index.php?rest_route=%2Fwp%2Fv2%2Fcomments&post=23693"}],"version-history":[{"count":0,"href":"https:\/\/pmza.sk\/index.php?rest_route=\/wp\/v2\/posts\/23693\/revisions"}],"wp:featuredmedia":[{"embeddable":true,"href":"https:\/\/pmza.sk\/index.php?rest_route=\/wp\/v2\/media\/23677"}],"wp:attachment":[{"href":"https:\/\/pmza.sk\/index.php?rest_route=%2Fwp%2Fv2%2Fmedia&parent=23693"}],"wp:term":[{"taxonomy":"category","embeddable":true,"href":"https:\/\/pmza.sk\/index.php?rest_route=%2Fwp%2Fv2%2Fcategories&post=23693"},{"taxonomy":"post_tag","embeddable":true,"href":"https:\/\/pmza.sk\/index.php?rest_route=%2Fwp%2Fv2%2Ftags&post=23693"}],"curies":[{"name":"wp","href":"https:\/\/api.w.org\/{rel}","templated":true}]}}