{"id":2375,"date":"2011-04-14T10:18:35","date_gmt":"2011-04-14T08:18:35","guid":{"rendered":"https:\/\/pmza.sk.sk\/?p=2375"},"modified":"2011-04-14T10:18:35","modified_gmt":"2011-04-14T08:18:35","slug":"zilina-sa-pripravuje-na-kulturnu-udalost-roka","status":"publish","type":"post","link":"https:\/\/pmza.sk\/?p=2375","title":{"rendered":"\u017dilina sa pripravuje na kult\u00farnu udalos\u0165 roka!!!"},"content":{"rendered":"<p style=\"text-align: justify;\"><a href=\"https:\/\/pmza.sk\/wp-content\/uploads\/2011\/04\/Carla-Pohle.jpg\"><img fetchpriority=\"high\" decoding=\"async\" class=\"alignleft size-medium wp-image-2376\" style=\"border: 2px solid black; margin: 4px;\" title=\"Carla Pohle\" src=\"https:\/\/pmza.sk.sk\/wp-content\/uploads\/2011\/04\/Carla-Pohle-204x300.jpg\" alt=\"\" width=\"204\" height=\"300\" \/><\/a>Po minuloro\u010dnej div\u00e1cky \u00faspe\u0161nej v\u00fdstave\u00a0 Dal\u00ed, Mir\u00f3, Picasso sa \u017dilina znovu\u00a0 stane miestom, kde sa predstav\u00ed kvalita svetov\u00e9ho form\u00e1tu prostredn\u00edctvom tvorby nemeck\u00fdch expresionistov zo skup\u00edn &#8222;Die Br\u00fccke&#8220; a &#8222;Der Blaue Reiter&#8220;. Od 29. apr\u00edla a\u017e do 19. j\u00fana\u00a0 2011 vo v\u00fdstavn\u00fdch priestoroch are\u00e1lu Budat\u00ednskeho hradu si bud\u00fa m\u00f4c\u0165 milovn\u00edci v\u00fdtvarn\u00e9ho umenia pozrie\u0165 a vychutna\u0165 v\u00fdnimo\u010dn\u00fa kolekciu viac ako p\u00e4\u0165desiatich obrazov zo za\u010diatku 20. storo\u010dia. Zast\u00fapen\u00e9 tu bud\u00fa ma\u013eby a\u00a0grafiky aj od tak\u00fdch osobnost\u00ed ako napr\u00edklad Vasilij Kandinskij, Paul Klee, Otto Dix \u010di K\u00e4the Kollwitz. V takejto zostave sa autori a\u00a0ich diela predstavia v\u00a0Eur\u00f3pe posledn\u00fdkr\u00e1t. Bezprostredne po skon\u010den\u00ed v\u00fdstavy v\u00a0are\u00e1li Budat\u00ednskeho hradu v\u00a0\u017diline, \u00a0ich majite\u013e poskytne vo\u013en\u00e9mu trhu s umen\u00edm a diela sa rozdelia a roztr\u00fasia po mnoh\u00fdch, najm\u00e4 s\u00fakromn\u00fdch zbierkach. \u201e<em>My\u0161lienka pribl\u00ed\u017ei\u0165 svetov\u00e9 umenie prostredn\u00edctvom tak\u00fdchto tematick\u00fdch v\u00fdstav nielen obdivovate\u013eom umenia v\u00a0\u017diline, ale aj cel\u00e9ho Slovenska sa stretla s\u00a0po\u010detn\u00fdmi pozit\u00edvnymi ohlasmi n\u00e1v\u0161tevn\u00edkov minuloro\u010dnej v\u00fdstavy \u0161panielskych velik\u00e1nov v\u00fdtvarn\u00e9ho umenia. V\u00a0nastolenom trende pl\u00e1nujeme pokra\u010dova\u0165 nielen v\u00a0tomto roku, ale aj v\u00a0bud\u00facnosti, pr\u00e1ve v\u010faka \u00faspe\u0161nej spolupr\u00e1ci s\u00a0nemeckou Gal\u00e9riou S\u0171ndermann,\u201c<\/em> uviedol Boris Schubert, riadite\u013e Pova\u017esk\u00e9ho m\u00fazea v\u00a0\u017diline.<!--more--><\/p>\n<p style=\"text-align: justify;\">\u201e<em>V\u00fdstavy nemeck\u00e9ho expresionizmu s\u00fa v Eur\u00f3pe v\u00fdnimo\u010dn\u00e9, nako\u013eko bolo v priebehu nacizmu a druhej svetovej vojny mnoho diel zni\u010den\u00fdch alebo straten\u00fdch \u010di vyvezen\u00fdch z Eur\u00f3py. Diela expresionistov z\u00a0prvej polovice 20. storo\u010dia boli, tak ako v\u00e4\u010d\u0161ina kvalitn\u00e9ho modern\u00e9ho umenia, ozna\u010den\u00e9 nemeck\u00fdmi nacistami za &#8222;zvrhl\u00e9 umenie&#8220; a ako tak\u00e9 boli odstra\u0148ovan\u00e9 z verejn\u00fdch zbierok a dokonca demon\u0161trat\u00edvne p\u00e1len\u00e9,<\/em>\u201c upozornila Darina Arce, kur\u00e1torka v\u00fdstavy.<\/p>\n<p style=\"text-align: justify;\">U\u017e teraz sa \u017dilina m\u00f4\u017ee te\u0161i\u0165 na v\u00fdstavu <strong>Expresionizmus \u2013 Sila v\u00fdrazovosti, <\/strong>ktor\u00e1 bude pln\u00e1 em\u00f3ci\u00ed, farieb, sily a slobody. Vernis\u00e1\u017e v\u00fdstavy s\u00a0atrakt\u00edvnym sprievodn\u00fdm programom sa uskuto\u010dn\u00ed <strong>v\u00a0piatok 29. apr\u00edla\u00a0 2011 o\u00a017,00 h<\/strong> v\u00a0priestoroch are\u00e1lu Budat\u00ednskeho hradu. \u201e<em>V\u00fdstava majstrov expresionizmu je s\u00fa\u010das\u0165ou \u0161ir\u0161ie koncipovan\u00e9ho projektu, v\u00a0ktorom v\u00a0spolupr\u00e1ci s\u00a0na\u0161im \u010fal\u0161\u00edm partnerom &#8211; River Gallery v\u00a0Bratislave bud\u00fa m\u00f4c\u0165 jej n\u00e1v\u0161tevn\u00edci vidie\u0165 v\u00a0kr\u00e1tkom \u010dase diela \u010fal\u0161\u00edch svetov\u00fdch v\u00fdtvarn\u00edkov \u2013 Marca Chagalla a\u00a0predstavite\u013eov Jugendstyllu,\u201c<\/em> dodal na z\u00e1ver Boris Schubert.<\/p>\n<p style=\"text-align: justify;\">Organiz\u00e1torom v\u00fdstavy je \u017dilinsk\u00fd samospr\u00e1vny kraj, Pova\u017esk\u00e9 m\u00fazeum v\u00a0\u017diline, Gal\u00e9ria S\u0171ndermann W\u0171rzburg, \u00a0River Gallery Bratislava a\u00a0Seale n.f.<\/p>\n","protected":false},"excerpt":{"rendered":"<p>Po minuloro\u010dnej div\u00e1cky \u00faspe\u0161nej v\u00fdstave\u00a0 Dal\u00ed, Mir\u00f3, Picasso sa \u017dilina znovu\u00a0 stane miestom, kde sa predstav\u00ed kvalita svetov\u00e9ho form\u00e1tu prostredn\u00edctvom tvorby nemeck\u00fdch expresionistov zo skup\u00edn &#8222;Die Br\u00fccke&#8220; a &#8222;Der Blaue Reiter&#8220;. Od 29. apr\u00edla a\u017e do 19. j\u00fana\u00a0 2011 vo v\u00fdstavn\u00fdch priestoroch are\u00e1lu Budat\u00ednskeho hradu si bud\u00fa m\u00f4c\u0165 milovn\u00edci v\u00fdtvarn\u00e9ho umenia pozrie\u0165 a vychutna\u0165 v\u00fdnimo\u010dn\u00fa [&hellip;]<\/p>\n","protected":false},"author":1,"featured_media":0,"comment_status":"closed","ping_status":"closed","sticky":false,"template":"","format":"standard","meta":{"site-sidebar-layout":"default","site-content-layout":"","ast-site-content-layout":"","site-content-style":"default","site-sidebar-style":"default","ast-global-header-display":"","ast-banner-title-visibility":"","ast-main-header-display":"","ast-hfb-above-header-display":"","ast-hfb-below-header-display":"","ast-hfb-mobile-header-display":"","site-post-title":"","ast-breadcrumbs-content":"","ast-featured-img":"","footer-sml-layout":"","theme-transparent-header-meta":"","adv-header-id-meta":"","stick-header-meta":"","header-above-stick-meta":"","header-main-stick-meta":"","header-below-stick-meta":"","astra-migrate-meta-layouts":"default","ast-page-background-enabled":"default","ast-page-background-meta":{"desktop":{"background-color":"var(--ast-global-color-4)","background-image":"","background-repeat":"repeat","background-position":"center center","background-size":"auto","background-attachment":"scroll","background-type":"","background-media":"","overlay-type":"","overlay-color":"","overlay-opacity":"","overlay-gradient":""},"tablet":{"background-color":"","background-image":"","background-repeat":"repeat","background-position":"center center","background-size":"auto","background-attachment":"scroll","background-type":"","background-media":"","overlay-type":"","overlay-color":"","overlay-opacity":"","overlay-gradient":""},"mobile":{"background-color":"","background-image":"","background-repeat":"repeat","background-position":"center center","background-size":"auto","background-attachment":"scroll","background-type":"","background-media":"","overlay-type":"","overlay-color":"","overlay-opacity":"","overlay-gradient":""}},"ast-content-background-meta":{"desktop":{"background-color":"var(--ast-global-color-5)","background-image":"","background-repeat":"repeat","background-position":"center center","background-size":"auto","background-attachment":"scroll","background-type":"","background-media":"","overlay-type":"","overlay-color":"","overlay-opacity":"","overlay-gradient":""},"tablet":{"background-color":"var(--ast-global-color-5)","background-image":"","background-repeat":"repeat","background-position":"center center","background-size":"auto","background-attachment":"scroll","background-type":"","background-media":"","overlay-type":"","overlay-color":"","overlay-opacity":"","overlay-gradient":""},"mobile":{"background-color":"var(--ast-global-color-5)","background-image":"","background-repeat":"repeat","background-position":"center center","background-size":"auto","background-attachment":"scroll","background-type":"","background-media":"","overlay-type":"","overlay-color":"","overlay-opacity":"","overlay-gradient":""}},"footnotes":""},"categories":[30],"tags":[],"class_list":["post-2375","post","type-post","status-publish","format-standard","hentry","category-archiv-2011"],"yoast_head":"<!-- This site is optimized with the Yoast SEO plugin v27.4 - https:\/\/yoast.com\/product\/yoast-seo-wordpress\/ -->\n<title>\u017dilina sa pripravuje na kult\u00farnu udalos\u0165 roka!!! - Pova\u017esk\u00e9 m\u00fazeum<\/title>\n<meta name=\"robots\" content=\"index, follow, max-snippet:-1, max-image-preview:large, max-video-preview:-1\" \/>\n<link rel=\"canonical\" href=\"https:\/\/pmza.sk\/?p=2375\" \/>\n<meta property=\"og:locale\" content=\"sk_SK\" \/>\n<meta property=\"og:type\" content=\"article\" \/>\n<meta property=\"og:title\" content=\"\u017dilina sa pripravuje na kult\u00farnu udalos\u0165 roka!!! - Pova\u017esk\u00e9 m\u00fazeum\" \/>\n<meta property=\"og:description\" content=\"Po minuloro\u010dnej div\u00e1cky \u00faspe\u0161nej v\u00fdstave\u00a0 Dal\u00ed, Mir\u00f3, Picasso sa \u017dilina znovu\u00a0 stane miestom, kde sa predstav\u00ed kvalita svetov\u00e9ho form\u00e1tu prostredn\u00edctvom tvorby nemeck\u00fdch expresionistov zo skup\u00edn &#8222;Die Br\u00fccke&#8220; a &#8222;Der Blaue Reiter&#8220;. Od 29. apr\u00edla a\u017e do 19. j\u00fana\u00a0 2011 vo v\u00fdstavn\u00fdch priestoroch are\u00e1lu Budat\u00ednskeho hradu si bud\u00fa m\u00f4c\u0165 milovn\u00edci v\u00fdtvarn\u00e9ho umenia pozrie\u0165 a vychutna\u0165 v\u00fdnimo\u010dn\u00fa [&hellip;]\" \/>\n<meta property=\"og:url\" content=\"https:\/\/pmza.sk\/?p=2375\" \/>\n<meta property=\"og:site_name\" content=\"Pova\u017esk\u00e9 m\u00fazeum\" \/>\n<meta property=\"article:publisher\" content=\"https:\/\/www.facebook.com\/povazskemuzeum\" \/>\n<meta property=\"article:published_time\" content=\"2011-04-14T08:18:35+00:00\" \/>\n<meta property=\"og:image\" content=\"https:\/\/pmza.sk.sk\/wp-content\/uploads\/2011\/04\/Carla-Pohle-204x300.jpg\" \/>\n<meta name=\"author\" content=\"libor\" \/>\n<meta name=\"twitter:card\" content=\"summary_large_image\" \/>\n<meta name=\"twitter:label1\" content=\"Autor\" \/>\n\t<meta name=\"twitter:data1\" content=\"libor\" \/>\n\t<meta name=\"twitter:label2\" content=\"Predpokladan\u00fd \u010das \u010d\u00edtania\" \/>\n\t<meta name=\"twitter:data2\" content=\"2 min\u00faty\" \/>\n<script type=\"application\/ld+json\" class=\"yoast-schema-graph\">{\"@context\":\"https:\\\/\\\/schema.org\",\"@graph\":[{\"@type\":\"Article\",\"@id\":\"https:\\\/\\\/pmza.sk\\\/?p=2375#article\",\"isPartOf\":{\"@id\":\"https:\\\/\\\/pmza.sk\\\/?p=2375\"},\"author\":{\"name\":\"libor\",\"@id\":\"https:\\\/\\\/pmza.sk\\\/#\\\/schema\\\/person\\\/f0b923a9aa8e1f67feef0d7cd9afde35\"},\"headline\":\"\u017dilina sa pripravuje na kult\u00farnu udalos\u0165 roka!!!\",\"datePublished\":\"2011-04-14T08:18:35+00:00\",\"mainEntityOfPage\":{\"@id\":\"https:\\\/\\\/pmza.sk\\\/?p=2375\"},\"wordCount\":487,\"publisher\":{\"@id\":\"https:\\\/\\\/pmza.sk\\\/#organization\"},\"image\":{\"@id\":\"https:\\\/\\\/pmza.sk\\\/?p=2375#primaryimage\"},\"thumbnailUrl\":\"http:\\\/\\\/pmza.sk.sk\\\/wp-content\\\/uploads\\\/2011\\\/04\\\/Carla-Pohle-204x300.jpg\",\"articleSection\":[\"Arch\u00edv 2011\"],\"inLanguage\":\"sk-SK\"},{\"@type\":\"WebPage\",\"@id\":\"https:\\\/\\\/pmza.sk\\\/?p=2375\",\"url\":\"https:\\\/\\\/pmza.sk\\\/?p=2375\",\"name\":\"\u017dilina sa pripravuje na kult\u00farnu udalos\u0165 roka!!! - Pova\u017esk\u00e9 m\u00fazeum\",\"isPartOf\":{\"@id\":\"https:\\\/\\\/pmza.sk\\\/#website\"},\"primaryImageOfPage\":{\"@id\":\"https:\\\/\\\/pmza.sk\\\/?p=2375#primaryimage\"},\"image\":{\"@id\":\"https:\\\/\\\/pmza.sk\\\/?p=2375#primaryimage\"},\"thumbnailUrl\":\"http:\\\/\\\/pmza.sk.sk\\\/wp-content\\\/uploads\\\/2011\\\/04\\\/Carla-Pohle-204x300.jpg\",\"datePublished\":\"2011-04-14T08:18:35+00:00\",\"breadcrumb\":{\"@id\":\"https:\\\/\\\/pmza.sk\\\/?p=2375#breadcrumb\"},\"inLanguage\":\"sk-SK\",\"potentialAction\":[{\"@type\":\"ReadAction\",\"target\":[\"https:\\\/\\\/pmza.sk\\\/?p=2375\"]}]},{\"@type\":\"ImageObject\",\"inLanguage\":\"sk-SK\",\"@id\":\"https:\\\/\\\/pmza.sk\\\/?p=2375#primaryimage\",\"url\":\"http:\\\/\\\/pmza.sk.sk\\\/wp-content\\\/uploads\\\/2011\\\/04\\\/Carla-Pohle-204x300.jpg\",\"contentUrl\":\"http:\\\/\\\/pmza.sk.sk\\\/wp-content\\\/uploads\\\/2011\\\/04\\\/Carla-Pohle-204x300.jpg\"},{\"@type\":\"BreadcrumbList\",\"@id\":\"https:\\\/\\\/pmza.sk\\\/?p=2375#breadcrumb\",\"itemListElement\":[{\"@type\":\"ListItem\",\"position\":1,\"name\":\"Domovsk\u00e1 str\u00e1nka\",\"item\":\"https:\\\/\\\/pmza.sk\\\/\"},{\"@type\":\"ListItem\",\"position\":2,\"name\":\"\u017dilina sa pripravuje na kult\u00farnu udalos\u0165 roka!!!\"}]},{\"@type\":\"WebSite\",\"@id\":\"https:\\\/\\\/pmza.sk\\\/#website\",\"url\":\"https:\\\/\\\/pmza.sk\\\/\",\"name\":\"Pova\u017esk\u00e9 m\u00fazeum\",\"description\":\"Pova\u017esk\u00e9 m\u00fazeum v \u017diline je region\u00e1lne m\u00fazeum so s\u00eddlom v Budat\u00edne. Jeho expoz\u00edcie s\u00fa zameran\u00e9 na dejiny slovensk\u00e9ho umenia, kult\u00fary a dopravy.\",\"publisher\":{\"@id\":\"https:\\\/\\\/pmza.sk\\\/#organization\"},\"potentialAction\":[{\"@type\":\"SearchAction\",\"target\":{\"@type\":\"EntryPoint\",\"urlTemplate\":\"https:\\\/\\\/pmza.sk\\\/?s={search_term_string}\"},\"query-input\":{\"@type\":\"PropertyValueSpecification\",\"valueRequired\":true,\"valueName\":\"search_term_string\"}}],\"inLanguage\":\"sk-SK\"},{\"@type\":\"Organization\",\"@id\":\"https:\\\/\\\/pmza.sk\\\/#organization\",\"name\":\"Pova\u017esk\u00e9 m\u00fazeum\",\"url\":\"https:\\\/\\\/pmza.sk\\\/\",\"logo\":{\"@type\":\"ImageObject\",\"inLanguage\":\"sk-SK\",\"@id\":\"https:\\\/\\\/pmza.sk\\\/#\\\/schema\\\/logo\\\/image\\\/\",\"url\":\"https:\\\/\\\/pmza.sk\\\/wp-content\\\/uploads\\\/2022\\\/01\\\/logo_PM_horizontal.jpg\",\"contentUrl\":\"https:\\\/\\\/pmza.sk\\\/wp-content\\\/uploads\\\/2022\\\/01\\\/logo_PM_horizontal.jpg\",\"width\":231,\"height\":142,\"caption\":\"Pova\u017esk\u00e9 m\u00fazeum\"},\"image\":{\"@id\":\"https:\\\/\\\/pmza.sk\\\/#\\\/schema\\\/logo\\\/image\\\/\"},\"sameAs\":[\"https:\\\/\\\/www.facebook.com\\\/povazskemuzeum\",\"https:\\\/\\\/www.instagram.com\\\/povazskemuzeum\\\/\"]},{\"@type\":\"Person\",\"@id\":\"https:\\\/\\\/pmza.sk\\\/#\\\/schema\\\/person\\\/f0b923a9aa8e1f67feef0d7cd9afde35\",\"name\":\"libor\",\"image\":{\"@type\":\"ImageObject\",\"inLanguage\":\"sk-SK\",\"@id\":\"https:\\\/\\\/secure.gravatar.com\\\/avatar\\\/c583dbc698e594aacced1589eb8cf1673bd41d461e8b2ab635484ffc26fee7b0?s=96&d=mm&r=g\",\"url\":\"https:\\\/\\\/secure.gravatar.com\\\/avatar\\\/c583dbc698e594aacced1589eb8cf1673bd41d461e8b2ab635484ffc26fee7b0?s=96&d=mm&r=g\",\"contentUrl\":\"https:\\\/\\\/secure.gravatar.com\\\/avatar\\\/c583dbc698e594aacced1589eb8cf1673bd41d461e8b2ab635484ffc26fee7b0?s=96&d=mm&r=g\",\"caption\":\"libor\"}}]}<\/script>\n<!-- \/ Yoast SEO plugin. -->","yoast_head_json":{"title":"\u017dilina sa pripravuje na kult\u00farnu udalos\u0165 roka!!! - Pova\u017esk\u00e9 m\u00fazeum","robots":{"index":"index","follow":"follow","max-snippet":"max-snippet:-1","max-image-preview":"max-image-preview:large","max-video-preview":"max-video-preview:-1"},"canonical":"https:\/\/pmza.sk\/?p=2375","og_locale":"sk_SK","og_type":"article","og_title":"\u017dilina sa pripravuje na kult\u00farnu udalos\u0165 roka!!! - Pova\u017esk\u00e9 m\u00fazeum","og_description":"Po minuloro\u010dnej div\u00e1cky \u00faspe\u0161nej v\u00fdstave\u00a0 Dal\u00ed, Mir\u00f3, Picasso sa \u017dilina znovu\u00a0 stane miestom, kde sa predstav\u00ed kvalita svetov\u00e9ho form\u00e1tu prostredn\u00edctvom tvorby nemeck\u00fdch expresionistov zo skup\u00edn &#8222;Die Br\u00fccke&#8220; a &#8222;Der Blaue Reiter&#8220;. Od 29. apr\u00edla a\u017e do 19. j\u00fana\u00a0 2011 vo v\u00fdstavn\u00fdch priestoroch are\u00e1lu Budat\u00ednskeho hradu si bud\u00fa m\u00f4c\u0165 milovn\u00edci v\u00fdtvarn\u00e9ho umenia pozrie\u0165 a vychutna\u0165 v\u00fdnimo\u010dn\u00fa [&hellip;]","og_url":"https:\/\/pmza.sk\/?p=2375","og_site_name":"Pova\u017esk\u00e9 m\u00fazeum","article_publisher":"https:\/\/www.facebook.com\/povazskemuzeum","article_published_time":"2011-04-14T08:18:35+00:00","og_image":[{"url":"https:\/\/pmza.sk.sk\/wp-content\/uploads\/2011\/04\/Carla-Pohle-204x300.jpg","type":"","width":"","height":""}],"author":"libor","twitter_card":"summary_large_image","twitter_misc":{"Autor":"libor","Predpokladan\u00fd \u010das \u010d\u00edtania":"2 min\u00faty"},"schema":{"@context":"https:\/\/schema.org","@graph":[{"@type":"Article","@id":"https:\/\/pmza.sk\/?p=2375#article","isPartOf":{"@id":"https:\/\/pmza.sk\/?p=2375"},"author":{"name":"libor","@id":"https:\/\/pmza.sk\/#\/schema\/person\/f0b923a9aa8e1f67feef0d7cd9afde35"},"headline":"\u017dilina sa pripravuje na kult\u00farnu udalos\u0165 roka!!!","datePublished":"2011-04-14T08:18:35+00:00","mainEntityOfPage":{"@id":"https:\/\/pmza.sk\/?p=2375"},"wordCount":487,"publisher":{"@id":"https:\/\/pmza.sk\/#organization"},"image":{"@id":"https:\/\/pmza.sk\/?p=2375#primaryimage"},"thumbnailUrl":"https:\/\/pmza.sk.sk\/wp-content\/uploads\/2011\/04\/Carla-Pohle-204x300.jpg","articleSection":["Arch\u00edv 2011"],"inLanguage":"sk-SK"},{"@type":"WebPage","@id":"https:\/\/pmza.sk\/?p=2375","url":"https:\/\/pmza.sk\/?p=2375","name":"\u017dilina sa pripravuje na kult\u00farnu udalos\u0165 roka!!! - Pova\u017esk\u00e9 m\u00fazeum","isPartOf":{"@id":"https:\/\/pmza.sk\/#website"},"primaryImageOfPage":{"@id":"https:\/\/pmza.sk\/?p=2375#primaryimage"},"image":{"@id":"https:\/\/pmza.sk\/?p=2375#primaryimage"},"thumbnailUrl":"https:\/\/pmza.sk.sk\/wp-content\/uploads\/2011\/04\/Carla-Pohle-204x300.jpg","datePublished":"2011-04-14T08:18:35+00:00","breadcrumb":{"@id":"https:\/\/pmza.sk\/?p=2375#breadcrumb"},"inLanguage":"sk-SK","potentialAction":[{"@type":"ReadAction","target":["https:\/\/pmza.sk\/?p=2375"]}]},{"@type":"ImageObject","inLanguage":"sk-SK","@id":"https:\/\/pmza.sk\/?p=2375#primaryimage","url":"https:\/\/pmza.sk.sk\/wp-content\/uploads\/2011\/04\/Carla-Pohle-204x300.jpg","contentUrl":"https:\/\/pmza.sk.sk\/wp-content\/uploads\/2011\/04\/Carla-Pohle-204x300.jpg"},{"@type":"BreadcrumbList","@id":"https:\/\/pmza.sk\/?p=2375#breadcrumb","itemListElement":[{"@type":"ListItem","position":1,"name":"Domovsk\u00e1 str\u00e1nka","item":"https:\/\/pmza.sk\/"},{"@type":"ListItem","position":2,"name":"\u017dilina sa pripravuje na kult\u00farnu udalos\u0165 roka!!!"}]},{"@type":"WebSite","@id":"https:\/\/pmza.sk\/#website","url":"https:\/\/pmza.sk\/","name":"Pova\u017esk\u00e9 m\u00fazeum","description":"Pova\u017esk\u00e9 m\u00fazeum v \u017diline je region\u00e1lne m\u00fazeum so s\u00eddlom v Budat\u00edne. Jeho expoz\u00edcie s\u00fa zameran\u00e9 na dejiny slovensk\u00e9ho umenia, kult\u00fary a dopravy.","publisher":{"@id":"https:\/\/pmza.sk\/#organization"},"potentialAction":[{"@type":"SearchAction","target":{"@type":"EntryPoint","urlTemplate":"https:\/\/pmza.sk\/?s={search_term_string}"},"query-input":{"@type":"PropertyValueSpecification","valueRequired":true,"valueName":"search_term_string"}}],"inLanguage":"sk-SK"},{"@type":"Organization","@id":"https:\/\/pmza.sk\/#organization","name":"Pova\u017esk\u00e9 m\u00fazeum","url":"https:\/\/pmza.sk\/","logo":{"@type":"ImageObject","inLanguage":"sk-SK","@id":"https:\/\/pmza.sk\/#\/schema\/logo\/image\/","url":"https:\/\/pmza.sk\/wp-content\/uploads\/2022\/01\/logo_PM_horizontal.jpg","contentUrl":"https:\/\/pmza.sk\/wp-content\/uploads\/2022\/01\/logo_PM_horizontal.jpg","width":231,"height":142,"caption":"Pova\u017esk\u00e9 m\u00fazeum"},"image":{"@id":"https:\/\/pmza.sk\/#\/schema\/logo\/image\/"},"sameAs":["https:\/\/www.facebook.com\/povazskemuzeum","https:\/\/www.instagram.com\/povazskemuzeum\/"]},{"@type":"Person","@id":"https:\/\/pmza.sk\/#\/schema\/person\/f0b923a9aa8e1f67feef0d7cd9afde35","name":"libor","image":{"@type":"ImageObject","inLanguage":"sk-SK","@id":"https:\/\/secure.gravatar.com\/avatar\/c583dbc698e594aacced1589eb8cf1673bd41d461e8b2ab635484ffc26fee7b0?s=96&d=mm&r=g","url":"https:\/\/secure.gravatar.com\/avatar\/c583dbc698e594aacced1589eb8cf1673bd41d461e8b2ab635484ffc26fee7b0?s=96&d=mm&r=g","contentUrl":"https:\/\/secure.gravatar.com\/avatar\/c583dbc698e594aacced1589eb8cf1673bd41d461e8b2ab635484ffc26fee7b0?s=96&d=mm&r=g","caption":"libor"}}]}},"_links":{"self":[{"href":"https:\/\/pmza.sk\/index.php?rest_route=\/wp\/v2\/posts\/2375","targetHints":{"allow":["GET"]}}],"collection":[{"href":"https:\/\/pmza.sk\/index.php?rest_route=\/wp\/v2\/posts"}],"about":[{"href":"https:\/\/pmza.sk\/index.php?rest_route=\/wp\/v2\/types\/post"}],"author":[{"embeddable":true,"href":"https:\/\/pmza.sk\/index.php?rest_route=\/wp\/v2\/users\/1"}],"replies":[{"embeddable":true,"href":"https:\/\/pmza.sk\/index.php?rest_route=%2Fwp%2Fv2%2Fcomments&post=2375"}],"version-history":[{"count":0,"href":"https:\/\/pmza.sk\/index.php?rest_route=\/wp\/v2\/posts\/2375\/revisions"}],"wp:attachment":[{"href":"https:\/\/pmza.sk\/index.php?rest_route=%2Fwp%2Fv2%2Fmedia&parent=2375"}],"wp:term":[{"taxonomy":"category","embeddable":true,"href":"https:\/\/pmza.sk\/index.php?rest_route=%2Fwp%2Fv2%2Fcategories&post=2375"},{"taxonomy":"post_tag","embeddable":true,"href":"https:\/\/pmza.sk\/index.php?rest_route=%2Fwp%2Fv2%2Ftags&post=2375"}],"curies":[{"name":"wp","href":"https:\/\/api.w.org\/{rel}","templated":true}]}}