{"id":24201,"date":"2017-11-06T16:00:28","date_gmt":"2017-11-06T15:00:28","guid":{"rendered":"https:\/\/pmza.sk\/?p=24201"},"modified":"2017-11-06T16:00:28","modified_gmt":"2017-11-06T15:00:28","slug":"dokumentacia-a-ochrana-drotarstva-v-povazskom-muzeu-v-ziline-zapisane-do-zoznamu-najlepsich-sposobov-ochrany-nehmotneho-kulturneho-dedicstva-na-slovensku","status":"publish","type":"post","link":"https:\/\/pmza.sk\/?p=24201","title":{"rendered":"Dokument\u00e1cia a ochrana drot\u00e1rstva v Pova\u017eskom m\u00fazeu v \u017diline\u00a0zap\u00edsan\u00e9 do zoznamu najlep\u0161\u00edch sp\u00f4sobov ochrany nehmotn\u00e9ho kult\u00farneho dedi\u010dstva na Slovensku"},"content":{"rendered":"<div>\n<p>V pondelok 6. novembra 2017 sa predstavitelia Pova\u017esk\u00e9ho m\u00fazea v\u00a0\u017diline z\u00fa\u010dastnili Sl\u00e1vnostn\u00e9ho vyhl\u00e1senia prvkov a aktiv\u00edt zap\u00edsan\u00fdch do Reprezentat\u00edvneho zoznamu\u00a0nehmotn\u00e9ho kult\u00farneho dedi\u010dstva Slovenska a do Zoznamu najlep\u0161\u00edch sp\u00f4sobov ochrany nehmotn\u00e9ho kult\u00farneho dedi\u010dstva na Slovensku. Vedeniu PMZA\u00a0odovzdal minister kult\u00fary SR Marek Ma\u010fari\u010d <em>osved\u010denie o\u00a0zap\u00edsan\u00ed aktivity <\/em><strong><em>Dokument\u00e1cia a\u00a0ochrana drot\u00e1rstva v\u00a0Pova\u017eskom m\u00fazeu v\u00a0\u017diline <\/em><\/strong><em>do zoznamu.<\/em><\/p>\n<p><img decoding=\"async\" class=\"wp-image-24233 alignright\" src=\"https:\/\/pmza.sk\/wp-content\/uploads\/2017\/11\/IMG_6692-150x100.jpg\" alt=\"\" width=\"258\" height=\"172\" \/><\/div>\n<div>N\u00e1zov projektu Dokumenta\u010dn\u00e9 centrum drot\u00e1rstva nominovan\u00e9ho do Zoznamu najlep\u0161\u00edch sp\u00f4sobov ochrany Nehmotn\u00e9ho kult\u00farneho dedi\u010dstva na Slovensku vyjadruje s\u00fahrn met\u00f3d a aktiv\u00edt, ktor\u00e9 realizovalo oddelenie drot\u00e1rstva Pova\u017esk\u00e9ho m\u00fazea v \u017diline v r\u00e1mci v\u00fdskumu, dokument\u00e1cie a ochrany drot\u00e1rstva od roku 1995. Jeho \u00fa\u010delom bolo vytvorenie vedomostnej, informa\u010dnej a obrazovej datab\u00e1zy a zbierky hmotn\u00fdch pamiatok na drot\u00e1rstvo, ako aj napom\u00e1hanie jeho revitaliz\u00e1cii, podpore a trvalej udr\u017eate\u013enosti.<\/div>\n<div>\u00a0<\/div>\n<div>Sl\u00e1vnostn\u00e9ho ceremoni\u00e1lu v Divadle S\u013dUK v Bratislave sa z\u00fa\u010dastnili riadite\u013e Pova\u017esk\u00e9ho m\u00fazea v \u017diline Michal Jureck\u00fd, histori\u010dka drot\u00e1rstva PMZA Katar\u00edna Hallonov\u00e1, etnologi\u010dka drot\u00e1rstva PMZA Katar\u00edna Kendrov\u00e1 a konzerv\u00e1tor dr\u00f4tu PMZA Filip \u0160imek.<\/div>\n<div>\u00a0<\/div>\n<div><em>&#8222;Z\u00e1pis do Zoznamu najlep\u0161\u00edch sp\u00f4sobov ochrany nehmotn\u00e9ho kult\u00farneho dedi\u010dstva na Slovensku\u00a0vn\u00edmame aj v kontexte 75. v\u00fdro\u010dia zalo\u017eenia Pova\u017esk\u00e9ho m\u00fazea v \u017diline. Na\u0161e m\u00fazeum vzniklo p\u00f4vodne ako drot\u00e1rske a prv\u00fdmi zbierkami boli pr\u00e1ve drot\u00e1rske predmety. Drot\u00e1rstvo je na\u0161ou celoslovenskou \u0161pecifik\u00e1ciou. Z\u00e1pis do zoznamu je aj d\u00f4kazom toho, \u017ee na\u0161e \u00fasilie venovan\u00e9 starostlivosti a z\u00e1ujmu o tematiku drot\u00e1rstva, systematick\u00e9 budovanie drot\u00e1rskeho fondu a dokument\u00e1cia tohto javu, m\u00e1 svoje opodstatnenie a \u017ee svoju pr\u00e1cu vykon\u00e1vame na profesion\u00e1lnej \u00farovni,&#8220;<\/em> uviedol riadite\u013e Pova\u017esk\u00e9ho m\u00fazea v \u017diline Michal Jureck\u00fd.<\/div>\n<div>\u00a0<\/div>\n<div><a href=\"https:\/\/pmza.sk\/fotogaleria\/gallery\/dokumentacia-a-ochrana-drotarstva-v-povazskom-muzeu-v-ziline\/\">FOTOGAL\u00c9RIA zo sl\u00e1vnostn\u00e9ho ceremoni\u00e1lu<\/a><\/div>\n<div>\u00a0<\/div>\n<div>Nomin\u00e1ciou n\u00e1\u0161ho projektu dokument\u00e1cie a ochrany drot\u00e1rstva do Zoznamu najlep\u0161\u00edch sp\u00f4sobov ochrany nehmotn\u00e9ho kult\u00farneho dedi\u010dstva sa n\u00e1m podarilo \u00faspe\u0161ne zav\u0155\u0161i\u0165 na\u0161e \u00fasilie o revitaliz\u00e1ciu drot\u00e1rstva a re\u00e1lny n\u00e1vrat praktick\u00fdch zru\u010dnost\u00ed tradi\u010dnej pr\u00e1ce s dr\u00f4tom do spolo\u010dnosti. Dnes je toto remeslo ve\u013emi popul\u00e1rne a v\u0161eobecne akceptovan\u00e9 ako jeden z v\u00fdrazn\u00fdch identifika\u010dn\u00fdch prvkov na\u0161ej n\u00e1rodnej kult\u00fary.<a href=\"https:\/\/pmza.sk\/wp-content\/uploads\/2017\/11\/IMG_4126.jpg\"><img fetchpriority=\"high\" decoding=\"async\" class=\"alignleft  wp-image-24219\" src=\"https:\/\/pmza.sk\/wp-content\/uploads\/2017\/11\/IMG_4126-150x116.jpg\" alt=\"\" width=\"281\" height=\"217\" \/><\/a> <em>&#8222;Samotn\u00fd z\u00e1pis vn\u00edmame ako vysok\u00e9 spolo\u010densk\u00e9 uznanie na\u0161ej doteraj\u0161ej \u010dinnosti a z\u00e1rove\u0148 siln\u00fd z\u00e1v\u00e4zok udr\u017ea\u0165 remeslo v historickom vedom\u00ed a \u010falej ho rozv\u00edja\u0165 pri zachovan\u00ed v\u0161etk\u00fdch jeho z\u00e1kladn\u00fdch znakov tak,\u00a0aby sme ho mohli \u017eivotaschopn\u00e9 odovzda\u0165 \u010fal\u0161\u00edm gener\u00e1ci\u00e1m,&#8220;<\/em>\u00a0doplnila histori\u010dka drot\u00e1rstva PMZA Katar\u00edna Hallonov\u00e1. Ako pokra\u010dovala: <em>&#8222;M\u00e1me za sebou roky intenz\u00edvnej v\u00fdskumnej, dokumenta\u010dnej, eduka\u010dnej i propaga\u010dnej pr\u00e1ce. N\u00e1\u0161 projekt by sme v\u0161ak \u0165a\u017eko realizovali bez podpory a spolupr\u00e1ce \u017dilinsk\u00e9ho samospr\u00e1vneho kraja i s mnoh\u00fdmi \u010fal\u0161\u00edmi subjektami \u010di u\u017e to boli \u00da\u013dUV, SNM &#8211; Historick\u00e9 m\u00fazeum v Bratislave a Etnografick\u00e9 m\u00fazeum v Martine, ale aj\u00a0mest\u00e1, obce a\u00a0pam\u00e4\u0165ov\u00e9 in\u0161tit\u00facie v drot\u00e1rskych oblastiach Slovenska, ob\u010dianske zdru\u017eenia, no najm\u00e4 s desiatkami s\u00fa\u010dasn\u00fdch drot\u00e1rskych majstrov &#8211; jednotlivcov i zdru\u017een\u00fdch v Klube D\u017earek v Bratislave a v Klube drot\u00e1rov v\u00a0Kysuckom Novom Meste. Im v\u0161etk\u00fdm patr\u00ed na\u0161e \u00faprimn\u00e9 po\u010fakovanie.&#8220;<\/em><\/div>\n<div>\u00a0<\/div>\n<div>DROT\u00c1RSTVO<\/div>\n<div>\n<p>S\u00fa\u010das\u0165ou sl\u00e1vnostn\u00e9ho otvorenia \u010dasti Budat\u00ednskeho hradu po rekon\u0161trukcii bolo spr\u00edstupnenie dlho o\u010dak\u00e1vanej st\u00e1lej expoz\u00edcie drot\u00e1rstva. T\u00e1 je jedinou \u0161pecializovanou expoz\u00edciou svojho druhu na svete. Prostredn\u00edctvom historick\u00fdch artefaktov z dr\u00f4tu a plechu, dobov\u00fdch <a href=\"https:\/\/pmza.sk\/wp-content\/uploads\/2017\/11\/IMG_9294-zmensene.jpg\"><img decoding=\"async\" class=\"wp-image-24207 alignright\" src=\"https:\/\/pmza.sk\/wp-content\/uploads\/2017\/11\/IMG_9294-zmensene-150x100.jpg\" alt=\"\" width=\"256\" height=\"170\" \/><\/a>dokumentov, fotografi\u00ed a v\u00fdtvarn\u00fdch pr\u00e1c z unik\u00e1tnej drot\u00e1rskej zbierky Pova\u017esk\u00e9ho m\u00fazea, predstavuje hist\u00f3riu i materi\u00e1lne prejavy p\u00f4vodn\u00e9ho remesla od jeho vandrovn\u00fdch po\u010diatkov a\u017e po tov\u00e1rensk\u00fa v\u00fdrobu, pribli\u017euje podnikate\u013esk\u00e9 \u00faspechy slovensk\u00fdch drot\u00e1rov v cudzine i remeseln\u00fd fortie\u013e, ktor\u00fd ich presl\u00e1vil po celom svete. Nov\u00e1 st\u00e1la expoz\u00edcia v Budat\u00ednskom hrade o hist\u00f3rii jedine\u010dn\u00e9ho slovensk\u00e9ho fenom\u00e9nu je pre verejnos\u0165 spr\u00edstupnen\u00e1 v\u00a0d\u0148och utorok a\u017e nede\u013ea od 9.00 do 16.40 hod.<\/p>\n<\/div>\n<p>Hist\u00f3riu Pova\u017esk\u00e9ho m\u00fazea v\u00a0\u017diline a\u00a0z\u00e1kulisie m\u00fazejnej pr\u00e1ce m\u00e1 mo\u017enos\u0165 verejnos\u0165 spozna\u0165 zbl\u00edzka na retrospekt\u00edvnej v\u00fdstave <em>Toto je m\u00fazeum_75 rokov PMZA<\/em>, ktor\u00e1 je spr\u00edstupnen\u00e1 rovnako v\u00a0d\u0148och utorok a\u017e nede\u013ea od 9.00 do 17.00 hod. pod terasou Budat\u00ednskeho hradu a\u017e do konca apr\u00edla 2018. V\u00fdstava pon\u00faka napr\u00edklad nahliadnutie do konzerv\u00e1torskej dielne a\u00a0do pracovne prepar\u00e1tora, kde vid\u00ed r\u00f4zne typy zoologick\u00fdch prepar\u00e1tov. Osobne si m\u00f4\u017ee vysk\u00fa\u0161a\u0165 pr\u00e1cu dokument\u00e1tora m\u00fazejn\u00fdch zbierok alebo objavova\u0165 tajomstv\u00e1 botanickej kartot\u00e9ky.\u00a0Dior\u00e1ma venovan\u00e1 archeol\u00f3govi Antonovi Petrovsk\u00e9mu-\u0160ichmanovi zas predstav\u00ed nezastupite\u013en\u00fa \u00falohu v\u00fdskumu v ter\u00e9ne pri z\u00edskavan\u00ed cenn\u00fdch artefaktov z na\u0161ej hist\u00f3rie. Prostredn\u00edctvom fotografi\u00ed sa naskytne pr\u00edle\u017eitos\u0165 nahliadnu\u0165 do u\u017e straten\u00e9ho sveta najv\u00fdznamnej\u0161\u00edch expoz\u00edci\u00ed a v\u00fdstav PMZA, ktor\u00e9 sa po\u010das jeho 75-ro\u010dnej existencie in\u0161talovali v\u00a0objektoch v\u00a0jeho spr\u00e1ve \u2013 v\u00a0Budat\u00ednskom hrade, v\u00a0ka\u0161tieli v\u00a0Kras\u0148anoch, na hrade Stre\u010dno, v\u00a0Radenovom dome a\u00a0dome \u010d. 42 v \u010ci\u010dmanoch, v\u00a0Terchovej a v\u00a0Sob\u00e1\u0161nom pal\u00e1ci v Byt\u010di.<\/p>\n<p>&nbsp;<\/p>\n<div>\u00a0<\/div>\n","protected":false},"excerpt":{"rendered":"<p>V pondelok 6. novembra 2017 sa predstavitelia Pova\u017esk\u00e9ho m\u00fazea v\u00a0\u017diline z\u00fa\u010dastnili Sl\u00e1vnostn\u00e9ho vyhl\u00e1senia prvkov a aktiv\u00edt zap\u00edsan\u00fdch do Reprezentat\u00edvneho zoznamu\u00a0nehmotn\u00e9ho kult\u00farneho dedi\u010dstva Slovenska a do Zoznamu najlep\u0161\u00edch sp\u00f4sobov ochrany nehmotn\u00e9ho kult\u00farneho dedi\u010dstva na Slovensku. Vedeniu PMZA\u00a0odovzdal minister kult\u00fary SR Marek Ma\u010fari\u010d osved\u010denie o\u00a0zap\u00edsan\u00ed aktivity Dokument\u00e1cia a\u00a0ochrana drot\u00e1rstva v\u00a0Pova\u017eskom m\u00fazeu v\u00a0\u017diline do zoznamu. N\u00e1zov projektu Dokumenta\u010dn\u00e9 [&hellip;]<\/p>\n","protected":false},"author":2,"featured_media":24219,"comment_status":"closed","ping_status":"closed","sticky":false,"template":"","format":"standard","meta":{"site-sidebar-layout":"default","site-content-layout":"","ast-site-content-layout":"","site-content-style":"default","site-sidebar-style":"default","ast-global-header-display":"","ast-banner-title-visibility":"","ast-main-header-display":"","ast-hfb-above-header-display":"","ast-hfb-below-header-display":"","ast-hfb-mobile-header-display":"","site-post-title":"","ast-breadcrumbs-content":"","ast-featured-img":"","footer-sml-layout":"","theme-transparent-header-meta":"","adv-header-id-meta":"","stick-header-meta":"","header-above-stick-meta":"","header-main-stick-meta":"","header-below-stick-meta":"","astra-migrate-meta-layouts":"default","ast-page-background-enabled":"default","ast-page-background-meta":{"desktop":{"background-color":"var(--ast-global-color-4)","background-image":"","background-repeat":"repeat","background-position":"center center","background-size":"auto","background-attachment":"scroll","background-type":"","background-media":"","overlay-type":"","overlay-color":"","overlay-opacity":"","overlay-gradient":""},"tablet":{"background-color":"","background-image":"","background-repeat":"repeat","background-position":"center center","background-size":"auto","background-attachment":"scroll","background-type":"","background-media":"","overlay-type":"","overlay-color":"","overlay-opacity":"","overlay-gradient":""},"mobile":{"background-color":"","background-image":"","background-repeat":"repeat","background-position":"center center","background-size":"auto","background-attachment":"scroll","background-type":"","background-media":"","overlay-type":"","overlay-color":"","overlay-opacity":"","overlay-gradient":""}},"ast-content-background-meta":{"desktop":{"background-color":"var(--ast-global-color-5)","background-image":"","background-repeat":"repeat","background-position":"center center","background-size":"auto","background-attachment":"scroll","background-type":"","background-media":"","overlay-type":"","overlay-color":"","overlay-opacity":"","overlay-gradient":""},"tablet":{"background-color":"var(--ast-global-color-5)","background-image":"","background-repeat":"repeat","background-position":"center center","background-size":"auto","background-attachment":"scroll","background-type":"","background-media":"","overlay-type":"","overlay-color":"","overlay-opacity":"","overlay-gradient":""},"mobile":{"background-color":"var(--ast-global-color-5)","background-image":"","background-repeat":"repeat","background-position":"center center","background-size":"auto","background-attachment":"scroll","background-type":"","background-media":"","overlay-type":"","overlay-color":"","overlay-opacity":"","overlay-gradient":""}},"footnotes":""},"categories":[31],"tags":[],"class_list":["post-24201","post","type-post","status-publish","format-standard","has-post-thumbnail","hentry","category-aktuality"],"yoast_head":"<!-- This site is optimized with the Yoast SEO plugin v27.4 - https:\/\/yoast.com\/product\/yoast-seo-wordpress\/ -->\n<title>Dokument\u00e1cia a ochrana drot\u00e1rstva v Pova\u017eskom m\u00fazeu v \u017diline\u00a0zap\u00edsan\u00e9 do zoznamu najlep\u0161\u00edch sp\u00f4sobov ochrany nehmotn\u00e9ho kult\u00farneho dedi\u010dstva na Slovensku - Pova\u017esk\u00e9 m\u00fazeum<\/title>\n<meta name=\"robots\" content=\"index, follow, max-snippet:-1, max-image-preview:large, max-video-preview:-1\" \/>\n<link rel=\"canonical\" href=\"https:\/\/pmza.sk\/?p=24201\" \/>\n<meta property=\"og:locale\" content=\"sk_SK\" \/>\n<meta property=\"og:type\" content=\"article\" \/>\n<meta property=\"og:title\" content=\"Dokument\u00e1cia a ochrana drot\u00e1rstva v Pova\u017eskom m\u00fazeu v \u017diline\u00a0zap\u00edsan\u00e9 do zoznamu najlep\u0161\u00edch sp\u00f4sobov ochrany nehmotn\u00e9ho kult\u00farneho dedi\u010dstva na Slovensku - Pova\u017esk\u00e9 m\u00fazeum\" \/>\n<meta property=\"og:description\" content=\"V pondelok 6. novembra 2017 sa predstavitelia Pova\u017esk\u00e9ho m\u00fazea v\u00a0\u017diline z\u00fa\u010dastnili Sl\u00e1vnostn\u00e9ho vyhl\u00e1senia prvkov a aktiv\u00edt zap\u00edsan\u00fdch do Reprezentat\u00edvneho zoznamu\u00a0nehmotn\u00e9ho kult\u00farneho dedi\u010dstva Slovenska a do Zoznamu najlep\u0161\u00edch sp\u00f4sobov ochrany nehmotn\u00e9ho kult\u00farneho dedi\u010dstva na Slovensku. Vedeniu PMZA\u00a0odovzdal minister kult\u00fary SR Marek Ma\u010fari\u010d osved\u010denie o\u00a0zap\u00edsan\u00ed aktivity Dokument\u00e1cia a\u00a0ochrana drot\u00e1rstva v\u00a0Pova\u017eskom m\u00fazeu v\u00a0\u017diline do zoznamu. N\u00e1zov projektu Dokumenta\u010dn\u00e9 [&hellip;]\" \/>\n<meta property=\"og:url\" content=\"https:\/\/pmza.sk\/?p=24201\" \/>\n<meta property=\"og:site_name\" content=\"Pova\u017esk\u00e9 m\u00fazeum\" \/>\n<meta property=\"article:publisher\" content=\"https:\/\/www.facebook.com\/povazskemuzeum\" \/>\n<meta property=\"article:published_time\" content=\"2017-11-06T15:00:28+00:00\" \/>\n<meta property=\"og:image\" content=\"https:\/\/pmza.sk\/wp-content\/uploads\/2017\/11\/IMG_4126.jpg\" \/>\n\t<meta property=\"og:image:width\" content=\"991\" \/>\n\t<meta property=\"og:image:height\" content=\"768\" \/>\n\t<meta property=\"og:image:type\" content=\"image\/jpeg\" \/>\n<meta name=\"author\" content=\"Pova\u017esk\u00e9 m\u00fazeum\" \/>\n<meta name=\"twitter:card\" content=\"summary_large_image\" \/>\n<meta name=\"twitter:label1\" content=\"Autor\" \/>\n\t<meta name=\"twitter:data1\" content=\"Pova\u017esk\u00e9 m\u00fazeum\" \/>\n\t<meta name=\"twitter:label2\" content=\"Predpokladan\u00fd \u010das \u010d\u00edtania\" \/>\n\t<meta name=\"twitter:data2\" content=\"5 min\u00fat\" \/>\n<script type=\"application\/ld+json\" class=\"yoast-schema-graph\">{\"@context\":\"https:\\\/\\\/schema.org\",\"@graph\":[{\"@type\":\"Article\",\"@id\":\"https:\\\/\\\/pmza.sk\\\/?p=24201#article\",\"isPartOf\":{\"@id\":\"https:\\\/\\\/pmza.sk\\\/?p=24201\"},\"author\":{\"name\":\"Pova\u017esk\u00e9 m\u00fazeum\",\"@id\":\"https:\\\/\\\/pmza.sk\\\/#\\\/schema\\\/person\\\/595e6a2ce731ea94dcd5d7f50a41ae33\"},\"headline\":\"Dokument\u00e1cia a ochrana drot\u00e1rstva v Pova\u017eskom m\u00fazeu v \u017diline\u00a0zap\u00edsan\u00e9 do zoznamu najlep\u0161\u00edch sp\u00f4sobov ochrany nehmotn\u00e9ho kult\u00farneho dedi\u010dstva na Slovensku\",\"datePublished\":\"2017-11-06T15:00:28+00:00\",\"mainEntityOfPage\":{\"@id\":\"https:\\\/\\\/pmza.sk\\\/?p=24201\"},\"wordCount\":1010,\"publisher\":{\"@id\":\"https:\\\/\\\/pmza.sk\\\/#organization\"},\"image\":{\"@id\":\"https:\\\/\\\/pmza.sk\\\/?p=24201#primaryimage\"},\"thumbnailUrl\":\"https:\\\/\\\/pmza.sk\\\/wp-content\\\/uploads\\\/2017\\\/11\\\/IMG_4126.jpg\",\"articleSection\":[\"Aktuality\"],\"inLanguage\":\"sk-SK\"},{\"@type\":\"WebPage\",\"@id\":\"https:\\\/\\\/pmza.sk\\\/?p=24201\",\"url\":\"https:\\\/\\\/pmza.sk\\\/?p=24201\",\"name\":\"Dokument\u00e1cia a ochrana drot\u00e1rstva v Pova\u017eskom m\u00fazeu v \u017diline\u00a0zap\u00edsan\u00e9 do zoznamu najlep\u0161\u00edch sp\u00f4sobov ochrany nehmotn\u00e9ho kult\u00farneho dedi\u010dstva na Slovensku - Pova\u017esk\u00e9 m\u00fazeum\",\"isPartOf\":{\"@id\":\"https:\\\/\\\/pmza.sk\\\/#website\"},\"primaryImageOfPage\":{\"@id\":\"https:\\\/\\\/pmza.sk\\\/?p=24201#primaryimage\"},\"image\":{\"@id\":\"https:\\\/\\\/pmza.sk\\\/?p=24201#primaryimage\"},\"thumbnailUrl\":\"https:\\\/\\\/pmza.sk\\\/wp-content\\\/uploads\\\/2017\\\/11\\\/IMG_4126.jpg\",\"datePublished\":\"2017-11-06T15:00:28+00:00\",\"breadcrumb\":{\"@id\":\"https:\\\/\\\/pmza.sk\\\/?p=24201#breadcrumb\"},\"inLanguage\":\"sk-SK\",\"potentialAction\":[{\"@type\":\"ReadAction\",\"target\":[\"https:\\\/\\\/pmza.sk\\\/?p=24201\"]}]},{\"@type\":\"ImageObject\",\"inLanguage\":\"sk-SK\",\"@id\":\"https:\\\/\\\/pmza.sk\\\/?p=24201#primaryimage\",\"url\":\"https:\\\/\\\/pmza.sk\\\/wp-content\\\/uploads\\\/2017\\\/11\\\/IMG_4126.jpg\",\"contentUrl\":\"https:\\\/\\\/pmza.sk\\\/wp-content\\\/uploads\\\/2017\\\/11\\\/IMG_4126.jpg\",\"width\":991,\"height\":768},{\"@type\":\"BreadcrumbList\",\"@id\":\"https:\\\/\\\/pmza.sk\\\/?p=24201#breadcrumb\",\"itemListElement\":[{\"@type\":\"ListItem\",\"position\":1,\"name\":\"Domovsk\u00e1 str\u00e1nka\",\"item\":\"https:\\\/\\\/pmza.sk\\\/\"},{\"@type\":\"ListItem\",\"position\":2,\"name\":\"Dokument\u00e1cia a ochrana drot\u00e1rstva v Pova\u017eskom m\u00fazeu v \u017diline\u00a0zap\u00edsan\u00e9 do zoznamu najlep\u0161\u00edch sp\u00f4sobov ochrany nehmotn\u00e9ho kult\u00farneho dedi\u010dstva na Slovensku\"}]},{\"@type\":\"WebSite\",\"@id\":\"https:\\\/\\\/pmza.sk\\\/#website\",\"url\":\"https:\\\/\\\/pmza.sk\\\/\",\"name\":\"Pova\u017esk\u00e9 m\u00fazeum\",\"description\":\"Pova\u017esk\u00e9 m\u00fazeum v \u017diline je region\u00e1lne m\u00fazeum so s\u00eddlom v Budat\u00edne. Jeho expoz\u00edcie s\u00fa zameran\u00e9 na dejiny slovensk\u00e9ho umenia, kult\u00fary a dopravy.\",\"publisher\":{\"@id\":\"https:\\\/\\\/pmza.sk\\\/#organization\"},\"potentialAction\":[{\"@type\":\"SearchAction\",\"target\":{\"@type\":\"EntryPoint\",\"urlTemplate\":\"https:\\\/\\\/pmza.sk\\\/?s={search_term_string}\"},\"query-input\":{\"@type\":\"PropertyValueSpecification\",\"valueRequired\":true,\"valueName\":\"search_term_string\"}}],\"inLanguage\":\"sk-SK\"},{\"@type\":\"Organization\",\"@id\":\"https:\\\/\\\/pmza.sk\\\/#organization\",\"name\":\"Pova\u017esk\u00e9 m\u00fazeum\",\"url\":\"https:\\\/\\\/pmza.sk\\\/\",\"logo\":{\"@type\":\"ImageObject\",\"inLanguage\":\"sk-SK\",\"@id\":\"https:\\\/\\\/pmza.sk\\\/#\\\/schema\\\/logo\\\/image\\\/\",\"url\":\"https:\\\/\\\/pmza.sk\\\/wp-content\\\/uploads\\\/2022\\\/01\\\/logo_PM_horizontal.jpg\",\"contentUrl\":\"https:\\\/\\\/pmza.sk\\\/wp-content\\\/uploads\\\/2022\\\/01\\\/logo_PM_horizontal.jpg\",\"width\":231,\"height\":142,\"caption\":\"Pova\u017esk\u00e9 m\u00fazeum\"},\"image\":{\"@id\":\"https:\\\/\\\/pmza.sk\\\/#\\\/schema\\\/logo\\\/image\\\/\"},\"sameAs\":[\"https:\\\/\\\/www.facebook.com\\\/povazskemuzeum\",\"https:\\\/\\\/www.instagram.com\\\/povazskemuzeum\\\/\"]},{\"@type\":\"Person\",\"@id\":\"https:\\\/\\\/pmza.sk\\\/#\\\/schema\\\/person\\\/595e6a2ce731ea94dcd5d7f50a41ae33\",\"name\":\"Pova\u017esk\u00e9 m\u00fazeum\",\"image\":{\"@type\":\"ImageObject\",\"inLanguage\":\"sk-SK\",\"@id\":\"https:\\\/\\\/secure.gravatar.com\\\/avatar\\\/2bb7f1561282132fb5826dfeccc66c7996d11ee392ac6aaf7ced8a1c2027fbb2?s=96&d=mm&r=g\",\"url\":\"https:\\\/\\\/secure.gravatar.com\\\/avatar\\\/2bb7f1561282132fb5826dfeccc66c7996d11ee392ac6aaf7ced8a1c2027fbb2?s=96&d=mm&r=g\",\"contentUrl\":\"https:\\\/\\\/secure.gravatar.com\\\/avatar\\\/2bb7f1561282132fb5826dfeccc66c7996d11ee392ac6aaf7ced8a1c2027fbb2?s=96&d=mm&r=g\",\"caption\":\"Pova\u017esk\u00e9 m\u00fazeum\"}}]}<\/script>\n<!-- \/ Yoast SEO plugin. -->","yoast_head_json":{"title":"Dokument\u00e1cia a ochrana drot\u00e1rstva v Pova\u017eskom m\u00fazeu v \u017diline\u00a0zap\u00edsan\u00e9 do zoznamu najlep\u0161\u00edch sp\u00f4sobov ochrany nehmotn\u00e9ho kult\u00farneho dedi\u010dstva na Slovensku - Pova\u017esk\u00e9 m\u00fazeum","robots":{"index":"index","follow":"follow","max-snippet":"max-snippet:-1","max-image-preview":"max-image-preview:large","max-video-preview":"max-video-preview:-1"},"canonical":"https:\/\/pmza.sk\/?p=24201","og_locale":"sk_SK","og_type":"article","og_title":"Dokument\u00e1cia a ochrana drot\u00e1rstva v Pova\u017eskom m\u00fazeu v \u017diline\u00a0zap\u00edsan\u00e9 do zoznamu najlep\u0161\u00edch sp\u00f4sobov ochrany nehmotn\u00e9ho kult\u00farneho dedi\u010dstva na Slovensku - Pova\u017esk\u00e9 m\u00fazeum","og_description":"V pondelok 6. novembra 2017 sa predstavitelia Pova\u017esk\u00e9ho m\u00fazea v\u00a0\u017diline z\u00fa\u010dastnili Sl\u00e1vnostn\u00e9ho vyhl\u00e1senia prvkov a aktiv\u00edt zap\u00edsan\u00fdch do Reprezentat\u00edvneho zoznamu\u00a0nehmotn\u00e9ho kult\u00farneho dedi\u010dstva Slovenska a do Zoznamu najlep\u0161\u00edch sp\u00f4sobov ochrany nehmotn\u00e9ho kult\u00farneho dedi\u010dstva na Slovensku. Vedeniu PMZA\u00a0odovzdal minister kult\u00fary SR Marek Ma\u010fari\u010d osved\u010denie o\u00a0zap\u00edsan\u00ed aktivity Dokument\u00e1cia a\u00a0ochrana drot\u00e1rstva v\u00a0Pova\u017eskom m\u00fazeu v\u00a0\u017diline do zoznamu. N\u00e1zov projektu Dokumenta\u010dn\u00e9 [&hellip;]","og_url":"https:\/\/pmza.sk\/?p=24201","og_site_name":"Pova\u017esk\u00e9 m\u00fazeum","article_publisher":"https:\/\/www.facebook.com\/povazskemuzeum","article_published_time":"2017-11-06T15:00:28+00:00","og_image":[{"width":991,"height":768,"url":"https:\/\/pmza.sk\/wp-content\/uploads\/2017\/11\/IMG_4126.jpg","type":"image\/jpeg"}],"author":"Pova\u017esk\u00e9 m\u00fazeum","twitter_card":"summary_large_image","twitter_misc":{"Autor":"Pova\u017esk\u00e9 m\u00fazeum","Predpokladan\u00fd \u010das \u010d\u00edtania":"5 min\u00fat"},"schema":{"@context":"https:\/\/schema.org","@graph":[{"@type":"Article","@id":"https:\/\/pmza.sk\/?p=24201#article","isPartOf":{"@id":"https:\/\/pmza.sk\/?p=24201"},"author":{"name":"Pova\u017esk\u00e9 m\u00fazeum","@id":"https:\/\/pmza.sk\/#\/schema\/person\/595e6a2ce731ea94dcd5d7f50a41ae33"},"headline":"Dokument\u00e1cia a ochrana drot\u00e1rstva v Pova\u017eskom m\u00fazeu v \u017diline\u00a0zap\u00edsan\u00e9 do zoznamu najlep\u0161\u00edch sp\u00f4sobov ochrany nehmotn\u00e9ho kult\u00farneho dedi\u010dstva na Slovensku","datePublished":"2017-11-06T15:00:28+00:00","mainEntityOfPage":{"@id":"https:\/\/pmza.sk\/?p=24201"},"wordCount":1010,"publisher":{"@id":"https:\/\/pmza.sk\/#organization"},"image":{"@id":"https:\/\/pmza.sk\/?p=24201#primaryimage"},"thumbnailUrl":"https:\/\/pmza.sk\/wp-content\/uploads\/2017\/11\/IMG_4126.jpg","articleSection":["Aktuality"],"inLanguage":"sk-SK"},{"@type":"WebPage","@id":"https:\/\/pmza.sk\/?p=24201","url":"https:\/\/pmza.sk\/?p=24201","name":"Dokument\u00e1cia a ochrana drot\u00e1rstva v Pova\u017eskom m\u00fazeu v \u017diline\u00a0zap\u00edsan\u00e9 do zoznamu najlep\u0161\u00edch sp\u00f4sobov ochrany nehmotn\u00e9ho kult\u00farneho dedi\u010dstva na Slovensku - Pova\u017esk\u00e9 m\u00fazeum","isPartOf":{"@id":"https:\/\/pmza.sk\/#website"},"primaryImageOfPage":{"@id":"https:\/\/pmza.sk\/?p=24201#primaryimage"},"image":{"@id":"https:\/\/pmza.sk\/?p=24201#primaryimage"},"thumbnailUrl":"https:\/\/pmza.sk\/wp-content\/uploads\/2017\/11\/IMG_4126.jpg","datePublished":"2017-11-06T15:00:28+00:00","breadcrumb":{"@id":"https:\/\/pmza.sk\/?p=24201#breadcrumb"},"inLanguage":"sk-SK","potentialAction":[{"@type":"ReadAction","target":["https:\/\/pmza.sk\/?p=24201"]}]},{"@type":"ImageObject","inLanguage":"sk-SK","@id":"https:\/\/pmza.sk\/?p=24201#primaryimage","url":"https:\/\/pmza.sk\/wp-content\/uploads\/2017\/11\/IMG_4126.jpg","contentUrl":"https:\/\/pmza.sk\/wp-content\/uploads\/2017\/11\/IMG_4126.jpg","width":991,"height":768},{"@type":"BreadcrumbList","@id":"https:\/\/pmza.sk\/?p=24201#breadcrumb","itemListElement":[{"@type":"ListItem","position":1,"name":"Domovsk\u00e1 str\u00e1nka","item":"https:\/\/pmza.sk\/"},{"@type":"ListItem","position":2,"name":"Dokument\u00e1cia a ochrana drot\u00e1rstva v Pova\u017eskom m\u00fazeu v \u017diline\u00a0zap\u00edsan\u00e9 do zoznamu najlep\u0161\u00edch sp\u00f4sobov ochrany nehmotn\u00e9ho kult\u00farneho dedi\u010dstva na Slovensku"}]},{"@type":"WebSite","@id":"https:\/\/pmza.sk\/#website","url":"https:\/\/pmza.sk\/","name":"Pova\u017esk\u00e9 m\u00fazeum","description":"Pova\u017esk\u00e9 m\u00fazeum v \u017diline je region\u00e1lne m\u00fazeum so s\u00eddlom v Budat\u00edne. Jeho expoz\u00edcie s\u00fa zameran\u00e9 na dejiny slovensk\u00e9ho umenia, kult\u00fary a dopravy.","publisher":{"@id":"https:\/\/pmza.sk\/#organization"},"potentialAction":[{"@type":"SearchAction","target":{"@type":"EntryPoint","urlTemplate":"https:\/\/pmza.sk\/?s={search_term_string}"},"query-input":{"@type":"PropertyValueSpecification","valueRequired":true,"valueName":"search_term_string"}}],"inLanguage":"sk-SK"},{"@type":"Organization","@id":"https:\/\/pmza.sk\/#organization","name":"Pova\u017esk\u00e9 m\u00fazeum","url":"https:\/\/pmza.sk\/","logo":{"@type":"ImageObject","inLanguage":"sk-SK","@id":"https:\/\/pmza.sk\/#\/schema\/logo\/image\/","url":"https:\/\/pmza.sk\/wp-content\/uploads\/2022\/01\/logo_PM_horizontal.jpg","contentUrl":"https:\/\/pmza.sk\/wp-content\/uploads\/2022\/01\/logo_PM_horizontal.jpg","width":231,"height":142,"caption":"Pova\u017esk\u00e9 m\u00fazeum"},"image":{"@id":"https:\/\/pmza.sk\/#\/schema\/logo\/image\/"},"sameAs":["https:\/\/www.facebook.com\/povazskemuzeum","https:\/\/www.instagram.com\/povazskemuzeum\/"]},{"@type":"Person","@id":"https:\/\/pmza.sk\/#\/schema\/person\/595e6a2ce731ea94dcd5d7f50a41ae33","name":"Pova\u017esk\u00e9 m\u00fazeum","image":{"@type":"ImageObject","inLanguage":"sk-SK","@id":"https:\/\/secure.gravatar.com\/avatar\/2bb7f1561282132fb5826dfeccc66c7996d11ee392ac6aaf7ced8a1c2027fbb2?s=96&d=mm&r=g","url":"https:\/\/secure.gravatar.com\/avatar\/2bb7f1561282132fb5826dfeccc66c7996d11ee392ac6aaf7ced8a1c2027fbb2?s=96&d=mm&r=g","contentUrl":"https:\/\/secure.gravatar.com\/avatar\/2bb7f1561282132fb5826dfeccc66c7996d11ee392ac6aaf7ced8a1c2027fbb2?s=96&d=mm&r=g","caption":"Pova\u017esk\u00e9 m\u00fazeum"}}]}},"_links":{"self":[{"href":"https:\/\/pmza.sk\/index.php?rest_route=\/wp\/v2\/posts\/24201","targetHints":{"allow":["GET"]}}],"collection":[{"href":"https:\/\/pmza.sk\/index.php?rest_route=\/wp\/v2\/posts"}],"about":[{"href":"https:\/\/pmza.sk\/index.php?rest_route=\/wp\/v2\/types\/post"}],"author":[{"embeddable":true,"href":"https:\/\/pmza.sk\/index.php?rest_route=\/wp\/v2\/users\/2"}],"replies":[{"embeddable":true,"href":"https:\/\/pmza.sk\/index.php?rest_route=%2Fwp%2Fv2%2Fcomments&post=24201"}],"version-history":[{"count":0,"href":"https:\/\/pmza.sk\/index.php?rest_route=\/wp\/v2\/posts\/24201\/revisions"}],"wp:featuredmedia":[{"embeddable":true,"href":"https:\/\/pmza.sk\/index.php?rest_route=\/wp\/v2\/media\/24219"}],"wp:attachment":[{"href":"https:\/\/pmza.sk\/index.php?rest_route=%2Fwp%2Fv2%2Fmedia&parent=24201"}],"wp:term":[{"taxonomy":"category","embeddable":true,"href":"https:\/\/pmza.sk\/index.php?rest_route=%2Fwp%2Fv2%2Fcategories&post=24201"},{"taxonomy":"post_tag","embeddable":true,"href":"https:\/\/pmza.sk\/index.php?rest_route=%2Fwp%2Fv2%2Ftags&post=24201"}],"curies":[{"name":"wp","href":"https:\/\/api.w.org\/{rel}","templated":true}]}}