{"id":24291,"date":"2017-11-23T18:18:53","date_gmt":"2017-11-23T17:18:53","guid":{"rendered":"https:\/\/pmza.sk\/?p=24291"},"modified":"2017-11-23T18:18:53","modified_gmt":"2017-11-23T17:18:53","slug":"vzacne-historicke-motocykle-v-muzeu-dopravy","status":"publish","type":"post","link":"https:\/\/pmza.sk\/?p=24291","title":{"rendered":"Vz\u00e1cne historick\u00e9 motocykle v m\u00fazeu dopravy"},"content":{"rendered":"<p>M\u00fazeum dopravy v\u00a0Rajeck\u00fdch Tepliciach bolo otvoren\u00e9 v\u00a0roku 2014 a\u00a0pred nieko\u013ek\u00fdmi t\u00fd\u017ed\u0148ami sa podarilo \u00faspe\u0161ne roz\u0161\u00edri\u0165 jeho priestory. Postupne sa tak dar\u00ed budova\u0165 t\u00fato expoz\u00edciu Pova\u017esk\u00e9ho m\u00fazea v\u00a0\u017diline a\u00a0t\u00fdm nap\u013a\u0148a\u0165 cie\u013e vybudova\u0165 dopravn\u00e9 m\u00fazeum pre oblas\u0165 severoz\u00e1padn\u00e9ho Slovenska. Roz\u0161\u00edren\u00e9 m\u00fazeum je v\u00fdsledkom spolupr\u00e1ce Pova\u017esk\u00e9ho m\u00fazea so Slovensk\u00fdm Ariel klubom so s\u00eddlom v\u00a0Rudinke.<\/p>\n<p><a href=\"https:\/\/pmza.sk\/wp-content\/uploads\/2017\/11\/xDSC_8892.jpg\"><img decoding=\"async\" class=\"alignleft size-thumbnail wp-image-24293\" src=\"https:\/\/pmza.sk\/wp-content\/uploads\/2017\/11\/xDSC_8892-150x99.jpg\" alt=\"\" width=\"150\" height=\"99\" \/><\/a>Star\u0161ia, \u017eelezni\u010dn\u00e1 \u010das\u0165 bola roz\u0161\u00edren\u00e1 o\u00a0miestnos\u0165 s\u00a0oznamovacou a\u00a0zabezpe\u010dovacou technikou z\u00a0obdobia socializmu. L\u00e1kadlom pre n\u00e1v\u0161tevn\u00edkov je v\u0161ak roz\u0161\u00edren\u00e1 expoz\u00edcia cestnej dopravy zameran\u00e1 na historick\u00e9 motocykle. Prezentovan\u00e9 s\u00fa tu medzivojnov\u00e9 motocykle \u010deskoslovensk\u00fdch zna\u010diek Jawa, \u010cZ (\u201e\u010dezeta\u201c), ale aj povojnov\u00e9 ako Manet M 90, Jawa 250 \u201eper\u00e1k\u201c, \u010cZ 125 sk\u00fater a\u00a0\u010fal\u0161ie. <em>&#8222;M\u00e1lokto vie, \u017ee prv\u00e9 porevolu\u010dn\u00e9 slovensk\u00e9 motocykle zna\u010dky Penta sa vyr\u00e1bali v\u00a090. rokoch v\u00a0Kysuckom Novom Meste. Skuto\u010dn\u00fa lah\u00f4dku v\u0161ak predstavuj\u00fa motocykle zna\u010dky Ariel z\u00a0prelomu 20. a\u00a030. rokov, ktor\u00fdch estetika a\u00a0\u00fa\u010delnos\u0165 vzbudzuje <a href=\"https:\/\/pmza.sk\/wp-content\/uploads\/2017\/10\/pozvanka-skoly-scaled-1.jpg\"><img decoding=\"async\" class=\"wp-image-24035 alignright\" src=\"https:\/\/pmza.sk\/wp-content\/uploads\/2017\/10\/pozv\u00e1nka-\u0161koly-105x150.jpg\" alt=\"\" width=\"138\" height=\"197\" \/><\/a>obdiv i\u00a0dnes. Aj s\u00a0t\u00fdmi je mo\u017en\u00e9 stretn\u00fa\u0165 sa v\u00a0m\u00fazeu,&#8220;<\/em> povedal autor expoz\u00edcie, historik PMZA Peter \u0160imko. Expoz\u00edcia cestnej dopravy v\u00a020. storo\u010d\u00ed je v\u010faka spolupr\u00e1ci so SAD, a. s. \u017dilina doplnen\u00e1 jedine\u010dn\u00fdmi historick\u00fdmi ve\u013ekorozmern\u00fdmi fotografiami autobusov z\u00a0okolia \u017diliny.<\/p>\n<p>Okrem klasick\u00fdch prehliadok poskytujeme priestor pre triedne kolekt\u00edvy, ktor\u00fdm dok\u00e1\u017eeme pripravi\u0165 interakt\u00edvnu hodinu dejepisu a\u00a0fyziky s\u00a0praktick\u00fdmi uk\u00e1\u017ekami funk\u010dn\u00fdch expon\u00e1tov a\u00a0tvoriv\u00fdmi \u00falohami. Sta\u010d\u00ed sa objedna\u0165 na pondelkov\u00e9 alebo piatkov\u00e9 dopoludnie. Ponuka plat\u00ed po\u010das cel\u00e9ho \u0161kolsk\u00e9ho roka.<\/p>\n<p><a href=\"https:\/\/pmza.sk\/wp-content\/uploads\/2017\/11\/A4_mikulas1-kopia-scaled-1.jpg\"><img decoding=\"async\" class=\"alignleft  wp-image-24324\" src=\"https:\/\/pmza.sk\/wp-content\/uploads\/2017\/11\/A4_mikulas1-k\u00f3pia-104x150.jpg\" alt=\"\" width=\"150\" height=\"216\" \/><\/a>Pre najmen\u0161\u00edch sme na sobotu 2. decembra pripravili jazdu historick\u00fdm motorov\u00fdm vl\u00e1\u010dikom \u201eHurv\u00ednkom\u201c zo \u017diliny do Rajeck\u00fdch Tepl\u00edc, kde bude deti \u010daka\u0165 Mikul\u00e1\u0161 so svojimi pomocn\u00edkmi \u2013 anjelom a \u010dertom a, samozrejme, pre poslu\u0161n\u00e9 deti bude pripraven\u00e1 sladk\u00e1 odmena.<\/p>\n<p>FOTO: Jozef Feiler<\/p>\n","protected":false},"excerpt":{"rendered":"<p>M\u00fazeum dopravy v\u00a0Rajeck\u00fdch Tepliciach bolo otvoren\u00e9 v\u00a0roku 2014 a\u00a0pred nieko\u013ek\u00fdmi t\u00fd\u017ed\u0148ami sa podarilo \u00faspe\u0161ne roz\u0161\u00edri\u0165 jeho priestory. Postupne sa tak dar\u00ed budova\u0165 t\u00fato expoz\u00edciu Pova\u017esk\u00e9ho m\u00fazea v\u00a0\u017diline a\u00a0t\u00fdm nap\u013a\u0148a\u0165 cie\u013e vybudova\u0165 dopravn\u00e9 m\u00fazeum pre oblas\u0165 severoz\u00e1padn\u00e9ho Slovenska. Roz\u0161\u00edren\u00e9 m\u00fazeum je v\u00fdsledkom spolupr\u00e1ce Pova\u017esk\u00e9ho m\u00fazea so Slovensk\u00fdm Ariel klubom so s\u00eddlom v\u00a0Rudinke. Star\u0161ia, \u017eelezni\u010dn\u00e1 \u010das\u0165 bola [&hellip;]<\/p>\n","protected":false},"author":2,"featured_media":24294,"comment_status":"closed","ping_status":"closed","sticky":false,"template":"","format":"standard","meta":{"site-sidebar-layout":"default","site-content-layout":"","ast-site-content-layout":"","site-content-style":"default","site-sidebar-style":"default","ast-global-header-display":"","ast-banner-title-visibility":"","ast-main-header-display":"","ast-hfb-above-header-display":"","ast-hfb-below-header-display":"","ast-hfb-mobile-header-display":"","site-post-title":"","ast-breadcrumbs-content":"","ast-featured-img":"","footer-sml-layout":"","theme-transparent-header-meta":"","adv-header-id-meta":"","stick-header-meta":"","header-above-stick-meta":"","header-main-stick-meta":"","header-below-stick-meta":"","astra-migrate-meta-layouts":"default","ast-page-background-enabled":"default","ast-page-background-meta":{"desktop":{"background-color":"var(--ast-global-color-4)","background-image":"","background-repeat":"repeat","background-position":"center center","background-size":"auto","background-attachment":"scroll","background-type":"","background-media":"","overlay-type":"","overlay-color":"","overlay-opacity":"","overlay-gradient":""},"tablet":{"background-color":"","background-image":"","background-repeat":"repeat","background-position":"center center","background-size":"auto","background-attachment":"scroll","background-type":"","background-media":"","overlay-type":"","overlay-color":"","overlay-opacity":"","overlay-gradient":""},"mobile":{"background-color":"","background-image":"","background-repeat":"repeat","background-position":"center center","background-size":"auto","background-attachment":"scroll","background-type":"","background-media":"","overlay-type":"","overlay-color":"","overlay-opacity":"","overlay-gradient":""}},"ast-content-background-meta":{"desktop":{"background-color":"var(--ast-global-color-5)","background-image":"","background-repeat":"repeat","background-position":"center center","background-size":"auto","background-attachment":"scroll","background-type":"","background-media":"","overlay-type":"","overlay-color":"","overlay-opacity":"","overlay-gradient":""},"tablet":{"background-color":"var(--ast-global-color-5)","background-image":"","background-repeat":"repeat","background-position":"center center","background-size":"auto","background-attachment":"scroll","background-type":"","background-media":"","overlay-type":"","overlay-color":"","overlay-opacity":"","overlay-gradient":""},"mobile":{"background-color":"var(--ast-global-color-5)","background-image":"","background-repeat":"repeat","background-position":"center center","background-size":"auto","background-attachment":"scroll","background-type":"","background-media":"","overlay-type":"","overlay-color":"","overlay-opacity":"","overlay-gradient":""}},"footnotes":""},"categories":[31],"tags":[],"class_list":["post-24291","post","type-post","status-publish","format-standard","has-post-thumbnail","hentry","category-aktuality"],"yoast_head":"<!-- This site is optimized with the Yoast SEO plugin v27.4 - https:\/\/yoast.com\/product\/yoast-seo-wordpress\/ -->\n<title>Vz\u00e1cne historick\u00e9 motocykle v m\u00fazeu dopravy - Pova\u017esk\u00e9 m\u00fazeum<\/title>\n<meta name=\"robots\" content=\"index, follow, max-snippet:-1, max-image-preview:large, max-video-preview:-1\" \/>\n<link rel=\"canonical\" href=\"https:\/\/pmza.sk\/?p=24291\" \/>\n<meta property=\"og:locale\" content=\"sk_SK\" \/>\n<meta property=\"og:type\" content=\"article\" \/>\n<meta property=\"og:title\" content=\"Vz\u00e1cne historick\u00e9 motocykle v m\u00fazeu dopravy - Pova\u017esk\u00e9 m\u00fazeum\" \/>\n<meta property=\"og:description\" content=\"M\u00fazeum dopravy v\u00a0Rajeck\u00fdch Tepliciach bolo otvoren\u00e9 v\u00a0roku 2014 a\u00a0pred nieko\u013ek\u00fdmi t\u00fd\u017ed\u0148ami sa podarilo \u00faspe\u0161ne roz\u0161\u00edri\u0165 jeho priestory. Postupne sa tak dar\u00ed budova\u0165 t\u00fato expoz\u00edciu Pova\u017esk\u00e9ho m\u00fazea v\u00a0\u017diline a\u00a0t\u00fdm nap\u013a\u0148a\u0165 cie\u013e vybudova\u0165 dopravn\u00e9 m\u00fazeum pre oblas\u0165 severoz\u00e1padn\u00e9ho Slovenska. Roz\u0161\u00edren\u00e9 m\u00fazeum je v\u00fdsledkom spolupr\u00e1ce Pova\u017esk\u00e9ho m\u00fazea so Slovensk\u00fdm Ariel klubom so s\u00eddlom v\u00a0Rudinke. Star\u0161ia, \u017eelezni\u010dn\u00e1 \u010das\u0165 bola [&hellip;]\" \/>\n<meta property=\"og:url\" content=\"https:\/\/pmza.sk\/?p=24291\" \/>\n<meta property=\"og:site_name\" content=\"Pova\u017esk\u00e9 m\u00fazeum\" \/>\n<meta property=\"article:publisher\" content=\"https:\/\/www.facebook.com\/povazskemuzeum\" \/>\n<meta property=\"article:published_time\" content=\"2017-11-23T17:18:53+00:00\" \/>\n<meta property=\"og:image\" content=\"https:\/\/pmza.sk\/wp-content\/uploads\/2017\/11\/xDSC_8915.jpg\" \/>\n\t<meta property=\"og:image:width\" content=\"905\" \/>\n\t<meta property=\"og:image:height\" content=\"600\" \/>\n\t<meta property=\"og:image:type\" content=\"image\/jpeg\" \/>\n<meta name=\"author\" content=\"Pova\u017esk\u00e9 m\u00fazeum\" \/>\n<meta name=\"twitter:card\" content=\"summary_large_image\" \/>\n<meta name=\"twitter:label1\" content=\"Autor\" \/>\n\t<meta name=\"twitter:data1\" content=\"Pova\u017esk\u00e9 m\u00fazeum\" \/>\n\t<meta name=\"twitter:label2\" content=\"Predpokladan\u00fd \u010das \u010d\u00edtania\" \/>\n\t<meta name=\"twitter:data2\" content=\"2 min\u00faty\" \/>\n<script type=\"application\/ld+json\" class=\"yoast-schema-graph\">{\"@context\":\"https:\\\/\\\/schema.org\",\"@graph\":[{\"@type\":\"Article\",\"@id\":\"https:\\\/\\\/pmza.sk\\\/?p=24291#article\",\"isPartOf\":{\"@id\":\"https:\\\/\\\/pmza.sk\\\/?p=24291\"},\"author\":{\"name\":\"Pova\u017esk\u00e9 m\u00fazeum\",\"@id\":\"https:\\\/\\\/pmza.sk\\\/#\\\/schema\\\/person\\\/595e6a2ce731ea94dcd5d7f50a41ae33\"},\"headline\":\"Vz\u00e1cne historick\u00e9 motocykle v m\u00fazeu dopravy\",\"datePublished\":\"2017-11-23T17:18:53+00:00\",\"mainEntityOfPage\":{\"@id\":\"https:\\\/\\\/pmza.sk\\\/?p=24291\"},\"wordCount\":353,\"publisher\":{\"@id\":\"https:\\\/\\\/pmza.sk\\\/#organization\"},\"image\":{\"@id\":\"https:\\\/\\\/pmza.sk\\\/?p=24291#primaryimage\"},\"thumbnailUrl\":\"https:\\\/\\\/pmza.sk\\\/wp-content\\\/uploads\\\/2017\\\/11\\\/xDSC_8915.jpg\",\"articleSection\":[\"Aktuality\"],\"inLanguage\":\"sk-SK\"},{\"@type\":\"WebPage\",\"@id\":\"https:\\\/\\\/pmza.sk\\\/?p=24291\",\"url\":\"https:\\\/\\\/pmza.sk\\\/?p=24291\",\"name\":\"Vz\u00e1cne historick\u00e9 motocykle v m\u00fazeu dopravy - Pova\u017esk\u00e9 m\u00fazeum\",\"isPartOf\":{\"@id\":\"https:\\\/\\\/pmza.sk\\\/#website\"},\"primaryImageOfPage\":{\"@id\":\"https:\\\/\\\/pmza.sk\\\/?p=24291#primaryimage\"},\"image\":{\"@id\":\"https:\\\/\\\/pmza.sk\\\/?p=24291#primaryimage\"},\"thumbnailUrl\":\"https:\\\/\\\/pmza.sk\\\/wp-content\\\/uploads\\\/2017\\\/11\\\/xDSC_8915.jpg\",\"datePublished\":\"2017-11-23T17:18:53+00:00\",\"breadcrumb\":{\"@id\":\"https:\\\/\\\/pmza.sk\\\/?p=24291#breadcrumb\"},\"inLanguage\":\"sk-SK\",\"potentialAction\":[{\"@type\":\"ReadAction\",\"target\":[\"https:\\\/\\\/pmza.sk\\\/?p=24291\"]}]},{\"@type\":\"ImageObject\",\"inLanguage\":\"sk-SK\",\"@id\":\"https:\\\/\\\/pmza.sk\\\/?p=24291#primaryimage\",\"url\":\"https:\\\/\\\/pmza.sk\\\/wp-content\\\/uploads\\\/2017\\\/11\\\/xDSC_8915.jpg\",\"contentUrl\":\"https:\\\/\\\/pmza.sk\\\/wp-content\\\/uploads\\\/2017\\\/11\\\/xDSC_8915.jpg\",\"width\":905,\"height\":600},{\"@type\":\"BreadcrumbList\",\"@id\":\"https:\\\/\\\/pmza.sk\\\/?p=24291#breadcrumb\",\"itemListElement\":[{\"@type\":\"ListItem\",\"position\":1,\"name\":\"Domovsk\u00e1 str\u00e1nka\",\"item\":\"https:\\\/\\\/pmza.sk\\\/\"},{\"@type\":\"ListItem\",\"position\":2,\"name\":\"Vz\u00e1cne historick\u00e9 motocykle v m\u00fazeu dopravy\"}]},{\"@type\":\"WebSite\",\"@id\":\"https:\\\/\\\/pmza.sk\\\/#website\",\"url\":\"https:\\\/\\\/pmza.sk\\\/\",\"name\":\"Pova\u017esk\u00e9 m\u00fazeum\",\"description\":\"Pova\u017esk\u00e9 m\u00fazeum v \u017diline je region\u00e1lne m\u00fazeum so s\u00eddlom v Budat\u00edne. Jeho expoz\u00edcie s\u00fa zameran\u00e9 na dejiny slovensk\u00e9ho umenia, kult\u00fary a dopravy.\",\"publisher\":{\"@id\":\"https:\\\/\\\/pmza.sk\\\/#organization\"},\"potentialAction\":[{\"@type\":\"SearchAction\",\"target\":{\"@type\":\"EntryPoint\",\"urlTemplate\":\"https:\\\/\\\/pmza.sk\\\/?s={search_term_string}\"},\"query-input\":{\"@type\":\"PropertyValueSpecification\",\"valueRequired\":true,\"valueName\":\"search_term_string\"}}],\"inLanguage\":\"sk-SK\"},{\"@type\":\"Organization\",\"@id\":\"https:\\\/\\\/pmza.sk\\\/#organization\",\"name\":\"Pova\u017esk\u00e9 m\u00fazeum\",\"url\":\"https:\\\/\\\/pmza.sk\\\/\",\"logo\":{\"@type\":\"ImageObject\",\"inLanguage\":\"sk-SK\",\"@id\":\"https:\\\/\\\/pmza.sk\\\/#\\\/schema\\\/logo\\\/image\\\/\",\"url\":\"https:\\\/\\\/pmza.sk\\\/wp-content\\\/uploads\\\/2022\\\/01\\\/logo_PM_horizontal.jpg\",\"contentUrl\":\"https:\\\/\\\/pmza.sk\\\/wp-content\\\/uploads\\\/2022\\\/01\\\/logo_PM_horizontal.jpg\",\"width\":231,\"height\":142,\"caption\":\"Pova\u017esk\u00e9 m\u00fazeum\"},\"image\":{\"@id\":\"https:\\\/\\\/pmza.sk\\\/#\\\/schema\\\/logo\\\/image\\\/\"},\"sameAs\":[\"https:\\\/\\\/www.facebook.com\\\/povazskemuzeum\",\"https:\\\/\\\/www.instagram.com\\\/povazskemuzeum\\\/\"]},{\"@type\":\"Person\",\"@id\":\"https:\\\/\\\/pmza.sk\\\/#\\\/schema\\\/person\\\/595e6a2ce731ea94dcd5d7f50a41ae33\",\"name\":\"Pova\u017esk\u00e9 m\u00fazeum\",\"image\":{\"@type\":\"ImageObject\",\"inLanguage\":\"sk-SK\",\"@id\":\"https:\\\/\\\/secure.gravatar.com\\\/avatar\\\/2bb7f1561282132fb5826dfeccc66c7996d11ee392ac6aaf7ced8a1c2027fbb2?s=96&d=mm&r=g\",\"url\":\"https:\\\/\\\/secure.gravatar.com\\\/avatar\\\/2bb7f1561282132fb5826dfeccc66c7996d11ee392ac6aaf7ced8a1c2027fbb2?s=96&d=mm&r=g\",\"contentUrl\":\"https:\\\/\\\/secure.gravatar.com\\\/avatar\\\/2bb7f1561282132fb5826dfeccc66c7996d11ee392ac6aaf7ced8a1c2027fbb2?s=96&d=mm&r=g\",\"caption\":\"Pova\u017esk\u00e9 m\u00fazeum\"}}]}<\/script>\n<!-- \/ Yoast SEO plugin. -->","yoast_head_json":{"title":"Vz\u00e1cne historick\u00e9 motocykle v m\u00fazeu dopravy - Pova\u017esk\u00e9 m\u00fazeum","robots":{"index":"index","follow":"follow","max-snippet":"max-snippet:-1","max-image-preview":"max-image-preview:large","max-video-preview":"max-video-preview:-1"},"canonical":"https:\/\/pmza.sk\/?p=24291","og_locale":"sk_SK","og_type":"article","og_title":"Vz\u00e1cne historick\u00e9 motocykle v m\u00fazeu dopravy - Pova\u017esk\u00e9 m\u00fazeum","og_description":"M\u00fazeum dopravy v\u00a0Rajeck\u00fdch Tepliciach bolo otvoren\u00e9 v\u00a0roku 2014 a\u00a0pred nieko\u013ek\u00fdmi t\u00fd\u017ed\u0148ami sa podarilo \u00faspe\u0161ne roz\u0161\u00edri\u0165 jeho priestory. Postupne sa tak dar\u00ed budova\u0165 t\u00fato expoz\u00edciu Pova\u017esk\u00e9ho m\u00fazea v\u00a0\u017diline a\u00a0t\u00fdm nap\u013a\u0148a\u0165 cie\u013e vybudova\u0165 dopravn\u00e9 m\u00fazeum pre oblas\u0165 severoz\u00e1padn\u00e9ho Slovenska. Roz\u0161\u00edren\u00e9 m\u00fazeum je v\u00fdsledkom spolupr\u00e1ce Pova\u017esk\u00e9ho m\u00fazea so Slovensk\u00fdm Ariel klubom so s\u00eddlom v\u00a0Rudinke. Star\u0161ia, \u017eelezni\u010dn\u00e1 \u010das\u0165 bola [&hellip;]","og_url":"https:\/\/pmza.sk\/?p=24291","og_site_name":"Pova\u017esk\u00e9 m\u00fazeum","article_publisher":"https:\/\/www.facebook.com\/povazskemuzeum","article_published_time":"2017-11-23T17:18:53+00:00","og_image":[{"width":905,"height":600,"url":"https:\/\/pmza.sk\/wp-content\/uploads\/2017\/11\/xDSC_8915.jpg","type":"image\/jpeg"}],"author":"Pova\u017esk\u00e9 m\u00fazeum","twitter_card":"summary_large_image","twitter_misc":{"Autor":"Pova\u017esk\u00e9 m\u00fazeum","Predpokladan\u00fd \u010das \u010d\u00edtania":"2 min\u00faty"},"schema":{"@context":"https:\/\/schema.org","@graph":[{"@type":"Article","@id":"https:\/\/pmza.sk\/?p=24291#article","isPartOf":{"@id":"https:\/\/pmza.sk\/?p=24291"},"author":{"name":"Pova\u017esk\u00e9 m\u00fazeum","@id":"https:\/\/pmza.sk\/#\/schema\/person\/595e6a2ce731ea94dcd5d7f50a41ae33"},"headline":"Vz\u00e1cne historick\u00e9 motocykle v m\u00fazeu dopravy","datePublished":"2017-11-23T17:18:53+00:00","mainEntityOfPage":{"@id":"https:\/\/pmza.sk\/?p=24291"},"wordCount":353,"publisher":{"@id":"https:\/\/pmza.sk\/#organization"},"image":{"@id":"https:\/\/pmza.sk\/?p=24291#primaryimage"},"thumbnailUrl":"https:\/\/pmza.sk\/wp-content\/uploads\/2017\/11\/xDSC_8915.jpg","articleSection":["Aktuality"],"inLanguage":"sk-SK"},{"@type":"WebPage","@id":"https:\/\/pmza.sk\/?p=24291","url":"https:\/\/pmza.sk\/?p=24291","name":"Vz\u00e1cne historick\u00e9 motocykle v m\u00fazeu dopravy - Pova\u017esk\u00e9 m\u00fazeum","isPartOf":{"@id":"https:\/\/pmza.sk\/#website"},"primaryImageOfPage":{"@id":"https:\/\/pmza.sk\/?p=24291#primaryimage"},"image":{"@id":"https:\/\/pmza.sk\/?p=24291#primaryimage"},"thumbnailUrl":"https:\/\/pmza.sk\/wp-content\/uploads\/2017\/11\/xDSC_8915.jpg","datePublished":"2017-11-23T17:18:53+00:00","breadcrumb":{"@id":"https:\/\/pmza.sk\/?p=24291#breadcrumb"},"inLanguage":"sk-SK","potentialAction":[{"@type":"ReadAction","target":["https:\/\/pmza.sk\/?p=24291"]}]},{"@type":"ImageObject","inLanguage":"sk-SK","@id":"https:\/\/pmza.sk\/?p=24291#primaryimage","url":"https:\/\/pmza.sk\/wp-content\/uploads\/2017\/11\/xDSC_8915.jpg","contentUrl":"https:\/\/pmza.sk\/wp-content\/uploads\/2017\/11\/xDSC_8915.jpg","width":905,"height":600},{"@type":"BreadcrumbList","@id":"https:\/\/pmza.sk\/?p=24291#breadcrumb","itemListElement":[{"@type":"ListItem","position":1,"name":"Domovsk\u00e1 str\u00e1nka","item":"https:\/\/pmza.sk\/"},{"@type":"ListItem","position":2,"name":"Vz\u00e1cne historick\u00e9 motocykle v m\u00fazeu dopravy"}]},{"@type":"WebSite","@id":"https:\/\/pmza.sk\/#website","url":"https:\/\/pmza.sk\/","name":"Pova\u017esk\u00e9 m\u00fazeum","description":"Pova\u017esk\u00e9 m\u00fazeum v \u017diline je region\u00e1lne m\u00fazeum so s\u00eddlom v Budat\u00edne. Jeho expoz\u00edcie s\u00fa zameran\u00e9 na dejiny slovensk\u00e9ho umenia, kult\u00fary a dopravy.","publisher":{"@id":"https:\/\/pmza.sk\/#organization"},"potentialAction":[{"@type":"SearchAction","target":{"@type":"EntryPoint","urlTemplate":"https:\/\/pmza.sk\/?s={search_term_string}"},"query-input":{"@type":"PropertyValueSpecification","valueRequired":true,"valueName":"search_term_string"}}],"inLanguage":"sk-SK"},{"@type":"Organization","@id":"https:\/\/pmza.sk\/#organization","name":"Pova\u017esk\u00e9 m\u00fazeum","url":"https:\/\/pmza.sk\/","logo":{"@type":"ImageObject","inLanguage":"sk-SK","@id":"https:\/\/pmza.sk\/#\/schema\/logo\/image\/","url":"https:\/\/pmza.sk\/wp-content\/uploads\/2022\/01\/logo_PM_horizontal.jpg","contentUrl":"https:\/\/pmza.sk\/wp-content\/uploads\/2022\/01\/logo_PM_horizontal.jpg","width":231,"height":142,"caption":"Pova\u017esk\u00e9 m\u00fazeum"},"image":{"@id":"https:\/\/pmza.sk\/#\/schema\/logo\/image\/"},"sameAs":["https:\/\/www.facebook.com\/povazskemuzeum","https:\/\/www.instagram.com\/povazskemuzeum\/"]},{"@type":"Person","@id":"https:\/\/pmza.sk\/#\/schema\/person\/595e6a2ce731ea94dcd5d7f50a41ae33","name":"Pova\u017esk\u00e9 m\u00fazeum","image":{"@type":"ImageObject","inLanguage":"sk-SK","@id":"https:\/\/secure.gravatar.com\/avatar\/2bb7f1561282132fb5826dfeccc66c7996d11ee392ac6aaf7ced8a1c2027fbb2?s=96&d=mm&r=g","url":"https:\/\/secure.gravatar.com\/avatar\/2bb7f1561282132fb5826dfeccc66c7996d11ee392ac6aaf7ced8a1c2027fbb2?s=96&d=mm&r=g","contentUrl":"https:\/\/secure.gravatar.com\/avatar\/2bb7f1561282132fb5826dfeccc66c7996d11ee392ac6aaf7ced8a1c2027fbb2?s=96&d=mm&r=g","caption":"Pova\u017esk\u00e9 m\u00fazeum"}}]}},"_links":{"self":[{"href":"https:\/\/pmza.sk\/index.php?rest_route=\/wp\/v2\/posts\/24291","targetHints":{"allow":["GET"]}}],"collection":[{"href":"https:\/\/pmza.sk\/index.php?rest_route=\/wp\/v2\/posts"}],"about":[{"href":"https:\/\/pmza.sk\/index.php?rest_route=\/wp\/v2\/types\/post"}],"author":[{"embeddable":true,"href":"https:\/\/pmza.sk\/index.php?rest_route=\/wp\/v2\/users\/2"}],"replies":[{"embeddable":true,"href":"https:\/\/pmza.sk\/index.php?rest_route=%2Fwp%2Fv2%2Fcomments&post=24291"}],"version-history":[{"count":0,"href":"https:\/\/pmza.sk\/index.php?rest_route=\/wp\/v2\/posts\/24291\/revisions"}],"wp:featuredmedia":[{"embeddable":true,"href":"https:\/\/pmza.sk\/index.php?rest_route=\/wp\/v2\/media\/24294"}],"wp:attachment":[{"href":"https:\/\/pmza.sk\/index.php?rest_route=%2Fwp%2Fv2%2Fmedia&parent=24291"}],"wp:term":[{"taxonomy":"category","embeddable":true,"href":"https:\/\/pmza.sk\/index.php?rest_route=%2Fwp%2Fv2%2Fcategories&post=24291"},{"taxonomy":"post_tag","embeddable":true,"href":"https:\/\/pmza.sk\/index.php?rest_route=%2Fwp%2Fv2%2Ftags&post=24291"}],"curies":[{"name":"wp","href":"https:\/\/api.w.org\/{rel}","templated":true}]}}