{"id":24297,"date":"2017-11-21T08:45:29","date_gmt":"2017-11-21T07:45:29","guid":{"rendered":"https:\/\/pmza.sk\/?p=24297"},"modified":"2017-11-21T08:45:29","modified_gmt":"2017-11-21T07:45:29","slug":"hrad-strecno-otvoreny-uz-len-do-konca-novembra","status":"publish","type":"post","link":"https:\/\/pmza.sk\/?p=24297","title":{"rendered":"Hrad Stre\u010dno otvoren\u00fd u\u017e len do konca novembra"},"content":{"rendered":"<p>Hrad Stre\u010dno bude pre n\u00e1v\u0161tevn\u00edkov otvoren\u00fd u\u017e len do konca novembra po\u010das v\u00edkendu 25. &#8211; 26. 11. 2017 (od 9.00 do 15.00 hod.). V zimnom obdob\u00ed bude hrad pre verejnos\u0165 zatvoren\u00fd. Jeho br\u00e1ny sa op\u00e4\u0165 otvoria v apr\u00edli 2018.<\/p>\n<p>V priestore hradu \u2013 v ju\u017enej br\u00e1ne a ju\u017enom pal\u00e1ci je v troch miestnostiach nain\u0161talovan\u00e1 expoz\u00edcia, ktor\u00e1 prezentuje prehist\u00f3riu a hist\u00f3riu hradu Stre\u010dno a okolit\u00e9ho regi\u00f3nu. Pozost\u00e1va z archeologickej \u010dasti, historickej \u010dasti a hradnej kuchyne.<\/p>\n<p>Najzn\u00e1mej\u0161ou historickou osobnos\u0165ou, ktor\u00e1 na hrade \u017eila, je bezpochyby \u017dofia Bosniakov\u00e1, man\u017eelka Franti\u0161ka Ve\u0161el\u00e9niho. Pre svoje dobr\u00e9 skutky a\u00a0pomoc chor\u00fdm a\u00a0chudobn\u00fdm bola naz\u00fdvan\u00e1 aj Sv\u00e4tica zo Stre\u010dna. Zomrela ako 34-ro\u010dn\u00e1 v\u00a0roku 1644. Ke\u010f po 45-tich rokoch na\u0161li cis\u00e1rski vojaci jej telo v\u00a0krypte na hrade, bolo takmer neporu\u0161en\u00e9. V\u00a0krypte hradu Stre\u010dno je umiestnen\u00e1 hlinen\u00e1 k\u00f3pia \u017dofiinej m\u00famie. T\u00e1to tvor\u00ed s\u00fa\u010das\u0165 st\u00e1lej expoz\u00edcie in\u0161talovanej v\u00a0kaplnke. Vo ved\u013eaj\u0161ej miestnosti s\u00fa vystaven\u00e9 k\u00f3pie list\u00edn a predmety s\u00favisiace so \u017eivotom \u017dofie Bosniakovej.<\/p>\n<p><a href=\"https:\/\/pmza.sk\/wp-content\/uploads\/2017\/11\/obr-2_-krypta-403_0377-scaled-1.jpg\"><img decoding=\"async\" class=\"alignleft size-thumbnail wp-image-24299\" src=\"https:\/\/pmza.sk\/wp-content\/uploads\/2017\/11\/obr-2_-krypta-403_0377-113x150.jpg\" alt=\"\" width=\"113\" height=\"150\" \/><\/a>Prv\u00fd projekt, ktor\u00fd sa zaoberal \u017dofiou Bosniakovou bol realizovan\u00fd v\u00a0roku 2007 prostredn\u00edctvom dota\u010dn\u00e9ho syst\u00e9mu Ministerstva kult\u00fary SR. V\u00a0projekte bola hlavn\u00e1 my\u0161lienka upozorni\u0165 na osobnos\u0165 \u017dofie Bosniakovej. V\u00a0kaplnke bola otvoren\u00e1 krypta \u2013 miesto jej posledn\u00e9ho odpo\u010dinku, kde bola umiestnen\u00e1 k\u00f3pia m\u00famie, ktor\u00e1 bola v\u00a0tom \u010dase e\u0161te zachovan\u00e1 v Tepli\u010dke nad V\u00e1hom. V\u00a0nasleduj\u00facom roku bola realizovan\u00e1 vo v\u00fdstavnom priestore 1. v\u00fdstava o\u00a0\u017dofii Bosniakovej.<\/p>\n<p><strong>\u017dofia Bosniakov\u00e1 \u2013 legenda a\u00a0kult <\/strong>bol n\u00e1zov mikroprojektu cezhrani\u010dnej spolupr\u00e1ce Pova\u017esk\u00e9ho m\u00fazea v \u017diline a dlhoro\u010dn\u00e9ho po\u013esk\u00e9ho partnera, obcou \u015alemie\u0144. Jednou z \u00faspe\u0161ne zav\u0155\u0161en\u00fdch aktiv\u00edt, ktor\u00fa v s\u00fa\u010dasnosti m\u00f4\u017eu obdivova\u0165 n\u00e1v\u0161tevn\u00edci hradu Stre\u010dno, je obnova hradnej kaplnky venovanej patr\u00f3nke hradu, \u017dofii Bosniakovej. <a href=\"https:\/\/pmza.sk\/wp-content\/uploads\/2017\/11\/obr-3_-figurina-2012-IMG_5128-scaled-1.jpg\"><img decoding=\"async\" class=\"size-thumbnail wp-image-24300 alignright\" src=\"https:\/\/pmza.sk\/wp-content\/uploads\/2017\/11\/obr-3_-figur\u00edna-2012-IMG_5128-150x100.jpg\" alt=\"\" width=\"150\" height=\"100\" \/><\/a>Okrem nov\u00fdch vitr\u00e1\u017e\u00ed gotick\u00fdch okien sa najv\u00e4\u010d\u0161ej pozornosti te\u0161\u00ed replika \u017dofie, umiestnen\u00e1 v sklenenom katafalku v otvorenej krypte kaplnky. Realiz\u00e1torom figur\u00edny bol ateli\u00e9r \u017eilinsk\u00e9ho akademick\u00e9ho maliara Stana Lajdu. V tragick\u00fd rok up\u00e1lenia \u017dofiinej m\u00famie v Tepli\u010dke nad V\u00e1hom, Stano Lajda nav\u0161t\u00edvil Pova\u017esk\u00e9 m\u00fazeum v \u017diline s my\u0161lienkou a mo\u017en\u00fdmi n\u00e1vrhmi vyhotovenia \u017dofiinej repliky. Pr\u00edle\u017eitos\u0165ou realiz\u00e1cie my\u0161lienky sa stal pr\u00e1ve spom\u00ednan\u00fd cezhrani\u010dn\u00fd projekt, ktor\u00fd ju aj finan\u010dne podporil. Novou replikou sme symbolicky prinavr\u00e1tili \u017dofiu do priestorov, kde dlhodobo \u017eila, a tak si m\u00f4\u017eeme neust\u00e1le pripom\u00edna\u0165 jej nad\u010dasov\u00fd odkaz pre \u010fal\u0161ie gener\u00e1cie. \u017dofia tvor\u00ed s\u00fa\u010das\u0165 st\u00e1lej expoz\u00edcie hradu, vo ved\u013eaj\u0161ej miestnosti s\u00fa vystaven\u00e9 k\u00f3pie list\u00edn a predmety s\u00favisiace s\u00a0jej \u017eivotom.<\/p>\n<p><img decoding=\"async\" class=\"alignleft size-thumbnail wp-image-24301\" src=\"https:\/\/pmza.sk\/wp-content\/uploads\/2017\/11\/obr-4_portr\u00e9t-\u017dofie-462_6235-113x150.jpg\" alt=\"\" width=\"113\" height=\"150\" \/><\/p>\n<p>\u00a0<a href=\"https:\/\/pmza.sk\/wp-content\/uploads\/2017\/11\/obr-5_portret-Frantiska-462_6231-scaled-1.jpg\"><img loading=\"lazy\" decoding=\"async\" class=\"alignleft size-thumbnail wp-image-24302\" src=\"https:\/\/pmza.sk\/wp-content\/uploads\/2017\/11\/obr-5_portr\u00e9t-Franti\u0161ka-462_6231-113x150.jpg\" alt=\"\" width=\"113\" height=\"150\" \/><\/a>V roku 1995 p\u00e1n Lajda nama\u013eoval na objedn\u00e1vku m\u00fazea portr\u00e9ty Franti\u0161ka Ve\u0161el\u00e9niho a jeho man\u017eelky \u017dofie, ktor\u00e9 s\u00fa umiestnen\u00e9 v\u00a0kaplnke hradu.<\/p>\n<p>&nbsp;<\/p>\n<p>Hrad z prelomu 13. a 14. storo\u010dia je pr\u00edstupn\u00fd verejnosti ako konzervovan\u00e1 ruina. Vznikol p\u00f4vodne ako str\u00e1\u017eny objekt pri ceste do Turca, kde sa vyberalo m\u00fdto. Postupne nar\u00e1stol do rozmerov 165 x 61 m. Mohutn\u00e9 viacn\u00e1sobn\u00e9 opevnenie na z\u00e1padnej a\u00a0ju\u017enej strane \u2013 siln\u00e9 m\u00fary, ve\u017ee, basti\u00f3ny, 4 br\u00e1ny urobili z\u00a0neho najlep\u0161ie opevnen\u00fd hrad na hornom Pova\u017e\u00ed.\u00a0V\u00a0roku 1970 bol vyhl\u00e1sen\u00fd za n\u00e1rodn\u00fa kult\u00farnu pamiatku. Po dlhotrvaj\u00facich rekon\u0161truk\u010dn\u00fdch pr\u00e1cach je spr\u00edstupnen\u00fd od roku 1995.<\/p>\n","protected":false},"excerpt":{"rendered":"<p>Hrad Stre\u010dno bude pre n\u00e1v\u0161tevn\u00edkov otvoren\u00fd u\u017e len do konca novembra po\u010das v\u00edkendu 25. &#8211; 26. 11. 2017 (od 9.00 do 15.00 hod.). V zimnom obdob\u00ed bude hrad pre verejnos\u0165 zatvoren\u00fd. Jeho br\u00e1ny sa op\u00e4\u0165 otvoria v apr\u00edli 2018. V priestore hradu \u2013 v ju\u017enej br\u00e1ne a ju\u017enom pal\u00e1ci je v troch miestnostiach nain\u0161talovan\u00e1 expoz\u00edcia, [&hellip;]<\/p>\n","protected":false},"author":2,"featured_media":24304,"comment_status":"closed","ping_status":"closed","sticky":false,"template":"","format":"standard","meta":{"site-sidebar-layout":"default","site-content-layout":"","ast-site-content-layout":"","site-content-style":"default","site-sidebar-style":"default","ast-global-header-display":"","ast-banner-title-visibility":"","ast-main-header-display":"","ast-hfb-above-header-display":"","ast-hfb-below-header-display":"","ast-hfb-mobile-header-display":"","site-post-title":"","ast-breadcrumbs-content":"","ast-featured-img":"","footer-sml-layout":"","theme-transparent-header-meta":"","adv-header-id-meta":"","stick-header-meta":"","header-above-stick-meta":"","header-main-stick-meta":"","header-below-stick-meta":"","astra-migrate-meta-layouts":"default","ast-page-background-enabled":"default","ast-page-background-meta":{"desktop":{"background-color":"var(--ast-global-color-4)","background-image":"","background-repeat":"repeat","background-position":"center center","background-size":"auto","background-attachment":"scroll","background-type":"","background-media":"","overlay-type":"","overlay-color":"","overlay-opacity":"","overlay-gradient":""},"tablet":{"background-color":"","background-image":"","background-repeat":"repeat","background-position":"center center","background-size":"auto","background-attachment":"scroll","background-type":"","background-media":"","overlay-type":"","overlay-color":"","overlay-opacity":"","overlay-gradient":""},"mobile":{"background-color":"","background-image":"","background-repeat":"repeat","background-position":"center center","background-size":"auto","background-attachment":"scroll","background-type":"","background-media":"","overlay-type":"","overlay-color":"","overlay-opacity":"","overlay-gradient":""}},"ast-content-background-meta":{"desktop":{"background-color":"var(--ast-global-color-5)","background-image":"","background-repeat":"repeat","background-position":"center center","background-size":"auto","background-attachment":"scroll","background-type":"","background-media":"","overlay-type":"","overlay-color":"","overlay-opacity":"","overlay-gradient":""},"tablet":{"background-color":"var(--ast-global-color-5)","background-image":"","background-repeat":"repeat","background-position":"center center","background-size":"auto","background-attachment":"scroll","background-type":"","background-media":"","overlay-type":"","overlay-color":"","overlay-opacity":"","overlay-gradient":""},"mobile":{"background-color":"var(--ast-global-color-5)","background-image":"","background-repeat":"repeat","background-position":"center center","background-size":"auto","background-attachment":"scroll","background-type":"","background-media":"","overlay-type":"","overlay-color":"","overlay-opacity":"","overlay-gradient":""}},"footnotes":""},"categories":[31],"tags":[],"class_list":["post-24297","post","type-post","status-publish","format-standard","has-post-thumbnail","hentry","category-aktuality"],"yoast_head":"<!-- This site is optimized with the Yoast SEO plugin v27.4 - https:\/\/yoast.com\/product\/yoast-seo-wordpress\/ -->\n<title>Hrad Stre\u010dno otvoren\u00fd u\u017e len do konca novembra - Pova\u017esk\u00e9 m\u00fazeum<\/title>\n<meta name=\"robots\" content=\"index, follow, max-snippet:-1, max-image-preview:large, max-video-preview:-1\" \/>\n<link rel=\"canonical\" href=\"https:\/\/pmza.sk\/?p=24297\" \/>\n<meta property=\"og:locale\" content=\"sk_SK\" \/>\n<meta property=\"og:type\" content=\"article\" \/>\n<meta property=\"og:title\" content=\"Hrad Stre\u010dno otvoren\u00fd u\u017e len do konca novembra - Pova\u017esk\u00e9 m\u00fazeum\" \/>\n<meta property=\"og:description\" content=\"Hrad Stre\u010dno bude pre n\u00e1v\u0161tevn\u00edkov otvoren\u00fd u\u017e len do konca novembra po\u010das v\u00edkendu 25. &#8211; 26. 11. 2017 (od 9.00 do 15.00 hod.). V zimnom obdob\u00ed bude hrad pre verejnos\u0165 zatvoren\u00fd. Jeho br\u00e1ny sa op\u00e4\u0165 otvoria v apr\u00edli 2018. V priestore hradu \u2013 v ju\u017enej br\u00e1ne a ju\u017enom pal\u00e1ci je v troch miestnostiach nain\u0161talovan\u00e1 expoz\u00edcia, [&hellip;]\" \/>\n<meta property=\"og:url\" content=\"https:\/\/pmza.sk\/?p=24297\" \/>\n<meta property=\"og:site_name\" content=\"Pova\u017esk\u00e9 m\u00fazeum\" \/>\n<meta property=\"article:publisher\" content=\"https:\/\/www.facebook.com\/povazskemuzeum\" \/>\n<meta property=\"article:published_time\" content=\"2017-11-21T07:45:29+00:00\" \/>\n<meta property=\"og:image\" content=\"https:\/\/pmza.sk\/wp-content\/uploads\/2017\/11\/IMG_0799-scaled-1.jpg\" \/>\n\t<meta property=\"og:image:width\" content=\"2560\" \/>\n\t<meta property=\"og:image:height\" content=\"1707\" \/>\n\t<meta property=\"og:image:type\" content=\"image\/jpeg\" \/>\n<meta name=\"author\" content=\"Pova\u017esk\u00e9 m\u00fazeum\" \/>\n<meta name=\"twitter:card\" content=\"summary_large_image\" \/>\n<meta name=\"twitter:label1\" content=\"Autor\" \/>\n\t<meta name=\"twitter:data1\" content=\"Pova\u017esk\u00e9 m\u00fazeum\" \/>\n\t<meta name=\"twitter:label2\" content=\"Predpokladan\u00fd \u010das \u010d\u00edtania\" \/>\n\t<meta name=\"twitter:data2\" content=\"3 min\u00faty\" \/>\n<script type=\"application\/ld+json\" class=\"yoast-schema-graph\">{\"@context\":\"https:\\\/\\\/schema.org\",\"@graph\":[{\"@type\":\"Article\",\"@id\":\"https:\\\/\\\/pmza.sk\\\/?p=24297#article\",\"isPartOf\":{\"@id\":\"https:\\\/\\\/pmza.sk\\\/?p=24297\"},\"author\":{\"name\":\"Pova\u017esk\u00e9 m\u00fazeum\",\"@id\":\"https:\\\/\\\/pmza.sk\\\/#\\\/schema\\\/person\\\/595e6a2ce731ea94dcd5d7f50a41ae33\"},\"headline\":\"Hrad Stre\u010dno otvoren\u00fd u\u017e len do konca novembra\",\"datePublished\":\"2017-11-21T07:45:29+00:00\",\"mainEntityOfPage\":{\"@id\":\"https:\\\/\\\/pmza.sk\\\/?p=24297\"},\"wordCount\":624,\"publisher\":{\"@id\":\"https:\\\/\\\/pmza.sk\\\/#organization\"},\"image\":{\"@id\":\"https:\\\/\\\/pmza.sk\\\/?p=24297#primaryimage\"},\"thumbnailUrl\":\"https:\\\/\\\/pmza.sk\\\/wp-content\\\/uploads\\\/2017\\\/11\\\/IMG_0799-scaled-1.jpg\",\"articleSection\":[\"Aktuality\"],\"inLanguage\":\"sk-SK\"},{\"@type\":\"WebPage\",\"@id\":\"https:\\\/\\\/pmza.sk\\\/?p=24297\",\"url\":\"https:\\\/\\\/pmza.sk\\\/?p=24297\",\"name\":\"Hrad Stre\u010dno otvoren\u00fd u\u017e len do konca novembra - Pova\u017esk\u00e9 m\u00fazeum\",\"isPartOf\":{\"@id\":\"https:\\\/\\\/pmza.sk\\\/#website\"},\"primaryImageOfPage\":{\"@id\":\"https:\\\/\\\/pmza.sk\\\/?p=24297#primaryimage\"},\"image\":{\"@id\":\"https:\\\/\\\/pmza.sk\\\/?p=24297#primaryimage\"},\"thumbnailUrl\":\"https:\\\/\\\/pmza.sk\\\/wp-content\\\/uploads\\\/2017\\\/11\\\/IMG_0799-scaled-1.jpg\",\"datePublished\":\"2017-11-21T07:45:29+00:00\",\"breadcrumb\":{\"@id\":\"https:\\\/\\\/pmza.sk\\\/?p=24297#breadcrumb\"},\"inLanguage\":\"sk-SK\",\"potentialAction\":[{\"@type\":\"ReadAction\",\"target\":[\"https:\\\/\\\/pmza.sk\\\/?p=24297\"]}]},{\"@type\":\"ImageObject\",\"inLanguage\":\"sk-SK\",\"@id\":\"https:\\\/\\\/pmza.sk\\\/?p=24297#primaryimage\",\"url\":\"https:\\\/\\\/pmza.sk\\\/wp-content\\\/uploads\\\/2017\\\/11\\\/IMG_0799-scaled-1.jpg\",\"contentUrl\":\"https:\\\/\\\/pmza.sk\\\/wp-content\\\/uploads\\\/2017\\\/11\\\/IMG_0799-scaled-1.jpg\",\"width\":2560,\"height\":1707},{\"@type\":\"BreadcrumbList\",\"@id\":\"https:\\\/\\\/pmza.sk\\\/?p=24297#breadcrumb\",\"itemListElement\":[{\"@type\":\"ListItem\",\"position\":1,\"name\":\"Domovsk\u00e1 str\u00e1nka\",\"item\":\"https:\\\/\\\/pmza.sk\\\/\"},{\"@type\":\"ListItem\",\"position\":2,\"name\":\"Hrad Stre\u010dno otvoren\u00fd u\u017e len do konca novembra\"}]},{\"@type\":\"WebSite\",\"@id\":\"https:\\\/\\\/pmza.sk\\\/#website\",\"url\":\"https:\\\/\\\/pmza.sk\\\/\",\"name\":\"Pova\u017esk\u00e9 m\u00fazeum\",\"description\":\"Pova\u017esk\u00e9 m\u00fazeum v \u017diline je region\u00e1lne m\u00fazeum so s\u00eddlom v Budat\u00edne. Jeho expoz\u00edcie s\u00fa zameran\u00e9 na dejiny slovensk\u00e9ho umenia, kult\u00fary a dopravy.\",\"publisher\":{\"@id\":\"https:\\\/\\\/pmza.sk\\\/#organization\"},\"potentialAction\":[{\"@type\":\"SearchAction\",\"target\":{\"@type\":\"EntryPoint\",\"urlTemplate\":\"https:\\\/\\\/pmza.sk\\\/?s={search_term_string}\"},\"query-input\":{\"@type\":\"PropertyValueSpecification\",\"valueRequired\":true,\"valueName\":\"search_term_string\"}}],\"inLanguage\":\"sk-SK\"},{\"@type\":\"Organization\",\"@id\":\"https:\\\/\\\/pmza.sk\\\/#organization\",\"name\":\"Pova\u017esk\u00e9 m\u00fazeum\",\"url\":\"https:\\\/\\\/pmza.sk\\\/\",\"logo\":{\"@type\":\"ImageObject\",\"inLanguage\":\"sk-SK\",\"@id\":\"https:\\\/\\\/pmza.sk\\\/#\\\/schema\\\/logo\\\/image\\\/\",\"url\":\"https:\\\/\\\/pmza.sk\\\/wp-content\\\/uploads\\\/2022\\\/01\\\/logo_PM_horizontal.jpg\",\"contentUrl\":\"https:\\\/\\\/pmza.sk\\\/wp-content\\\/uploads\\\/2022\\\/01\\\/logo_PM_horizontal.jpg\",\"width\":231,\"height\":142,\"caption\":\"Pova\u017esk\u00e9 m\u00fazeum\"},\"image\":{\"@id\":\"https:\\\/\\\/pmza.sk\\\/#\\\/schema\\\/logo\\\/image\\\/\"},\"sameAs\":[\"https:\\\/\\\/www.facebook.com\\\/povazskemuzeum\",\"https:\\\/\\\/www.instagram.com\\\/povazskemuzeum\\\/\"]},{\"@type\":\"Person\",\"@id\":\"https:\\\/\\\/pmza.sk\\\/#\\\/schema\\\/person\\\/595e6a2ce731ea94dcd5d7f50a41ae33\",\"name\":\"Pova\u017esk\u00e9 m\u00fazeum\",\"image\":{\"@type\":\"ImageObject\",\"inLanguage\":\"sk-SK\",\"@id\":\"https:\\\/\\\/secure.gravatar.com\\\/avatar\\\/2bb7f1561282132fb5826dfeccc66c7996d11ee392ac6aaf7ced8a1c2027fbb2?s=96&d=mm&r=g\",\"url\":\"https:\\\/\\\/secure.gravatar.com\\\/avatar\\\/2bb7f1561282132fb5826dfeccc66c7996d11ee392ac6aaf7ced8a1c2027fbb2?s=96&d=mm&r=g\",\"contentUrl\":\"https:\\\/\\\/secure.gravatar.com\\\/avatar\\\/2bb7f1561282132fb5826dfeccc66c7996d11ee392ac6aaf7ced8a1c2027fbb2?s=96&d=mm&r=g\",\"caption\":\"Pova\u017esk\u00e9 m\u00fazeum\"}}]}<\/script>\n<!-- \/ Yoast SEO plugin. -->","yoast_head_json":{"title":"Hrad Stre\u010dno otvoren\u00fd u\u017e len do konca novembra - Pova\u017esk\u00e9 m\u00fazeum","robots":{"index":"index","follow":"follow","max-snippet":"max-snippet:-1","max-image-preview":"max-image-preview:large","max-video-preview":"max-video-preview:-1"},"canonical":"https:\/\/pmza.sk\/?p=24297","og_locale":"sk_SK","og_type":"article","og_title":"Hrad Stre\u010dno otvoren\u00fd u\u017e len do konca novembra - Pova\u017esk\u00e9 m\u00fazeum","og_description":"Hrad Stre\u010dno bude pre n\u00e1v\u0161tevn\u00edkov otvoren\u00fd u\u017e len do konca novembra po\u010das v\u00edkendu 25. &#8211; 26. 11. 2017 (od 9.00 do 15.00 hod.). V zimnom obdob\u00ed bude hrad pre verejnos\u0165 zatvoren\u00fd. Jeho br\u00e1ny sa op\u00e4\u0165 otvoria v apr\u00edli 2018. V priestore hradu \u2013 v ju\u017enej br\u00e1ne a ju\u017enom pal\u00e1ci je v troch miestnostiach nain\u0161talovan\u00e1 expoz\u00edcia, [&hellip;]","og_url":"https:\/\/pmza.sk\/?p=24297","og_site_name":"Pova\u017esk\u00e9 m\u00fazeum","article_publisher":"https:\/\/www.facebook.com\/povazskemuzeum","article_published_time":"2017-11-21T07:45:29+00:00","og_image":[{"width":2560,"height":1707,"url":"https:\/\/pmza.sk\/wp-content\/uploads\/2017\/11\/IMG_0799-scaled-1.jpg","type":"image\/jpeg"}],"author":"Pova\u017esk\u00e9 m\u00fazeum","twitter_card":"summary_large_image","twitter_misc":{"Autor":"Pova\u017esk\u00e9 m\u00fazeum","Predpokladan\u00fd \u010das \u010d\u00edtania":"3 min\u00faty"},"schema":{"@context":"https:\/\/schema.org","@graph":[{"@type":"Article","@id":"https:\/\/pmza.sk\/?p=24297#article","isPartOf":{"@id":"https:\/\/pmza.sk\/?p=24297"},"author":{"name":"Pova\u017esk\u00e9 m\u00fazeum","@id":"https:\/\/pmza.sk\/#\/schema\/person\/595e6a2ce731ea94dcd5d7f50a41ae33"},"headline":"Hrad Stre\u010dno otvoren\u00fd u\u017e len do konca novembra","datePublished":"2017-11-21T07:45:29+00:00","mainEntityOfPage":{"@id":"https:\/\/pmza.sk\/?p=24297"},"wordCount":624,"publisher":{"@id":"https:\/\/pmza.sk\/#organization"},"image":{"@id":"https:\/\/pmza.sk\/?p=24297#primaryimage"},"thumbnailUrl":"https:\/\/pmza.sk\/wp-content\/uploads\/2017\/11\/IMG_0799-scaled-1.jpg","articleSection":["Aktuality"],"inLanguage":"sk-SK"},{"@type":"WebPage","@id":"https:\/\/pmza.sk\/?p=24297","url":"https:\/\/pmza.sk\/?p=24297","name":"Hrad Stre\u010dno otvoren\u00fd u\u017e len do konca novembra - Pova\u017esk\u00e9 m\u00fazeum","isPartOf":{"@id":"https:\/\/pmza.sk\/#website"},"primaryImageOfPage":{"@id":"https:\/\/pmza.sk\/?p=24297#primaryimage"},"image":{"@id":"https:\/\/pmza.sk\/?p=24297#primaryimage"},"thumbnailUrl":"https:\/\/pmza.sk\/wp-content\/uploads\/2017\/11\/IMG_0799-scaled-1.jpg","datePublished":"2017-11-21T07:45:29+00:00","breadcrumb":{"@id":"https:\/\/pmza.sk\/?p=24297#breadcrumb"},"inLanguage":"sk-SK","potentialAction":[{"@type":"ReadAction","target":["https:\/\/pmza.sk\/?p=24297"]}]},{"@type":"ImageObject","inLanguage":"sk-SK","@id":"https:\/\/pmza.sk\/?p=24297#primaryimage","url":"https:\/\/pmza.sk\/wp-content\/uploads\/2017\/11\/IMG_0799-scaled-1.jpg","contentUrl":"https:\/\/pmza.sk\/wp-content\/uploads\/2017\/11\/IMG_0799-scaled-1.jpg","width":2560,"height":1707},{"@type":"BreadcrumbList","@id":"https:\/\/pmza.sk\/?p=24297#breadcrumb","itemListElement":[{"@type":"ListItem","position":1,"name":"Domovsk\u00e1 str\u00e1nka","item":"https:\/\/pmza.sk\/"},{"@type":"ListItem","position":2,"name":"Hrad Stre\u010dno otvoren\u00fd u\u017e len do konca novembra"}]},{"@type":"WebSite","@id":"https:\/\/pmza.sk\/#website","url":"https:\/\/pmza.sk\/","name":"Pova\u017esk\u00e9 m\u00fazeum","description":"Pova\u017esk\u00e9 m\u00fazeum v \u017diline je region\u00e1lne m\u00fazeum so s\u00eddlom v Budat\u00edne. Jeho expoz\u00edcie s\u00fa zameran\u00e9 na dejiny slovensk\u00e9ho umenia, kult\u00fary a dopravy.","publisher":{"@id":"https:\/\/pmza.sk\/#organization"},"potentialAction":[{"@type":"SearchAction","target":{"@type":"EntryPoint","urlTemplate":"https:\/\/pmza.sk\/?s={search_term_string}"},"query-input":{"@type":"PropertyValueSpecification","valueRequired":true,"valueName":"search_term_string"}}],"inLanguage":"sk-SK"},{"@type":"Organization","@id":"https:\/\/pmza.sk\/#organization","name":"Pova\u017esk\u00e9 m\u00fazeum","url":"https:\/\/pmza.sk\/","logo":{"@type":"ImageObject","inLanguage":"sk-SK","@id":"https:\/\/pmza.sk\/#\/schema\/logo\/image\/","url":"https:\/\/pmza.sk\/wp-content\/uploads\/2022\/01\/logo_PM_horizontal.jpg","contentUrl":"https:\/\/pmza.sk\/wp-content\/uploads\/2022\/01\/logo_PM_horizontal.jpg","width":231,"height":142,"caption":"Pova\u017esk\u00e9 m\u00fazeum"},"image":{"@id":"https:\/\/pmza.sk\/#\/schema\/logo\/image\/"},"sameAs":["https:\/\/www.facebook.com\/povazskemuzeum","https:\/\/www.instagram.com\/povazskemuzeum\/"]},{"@type":"Person","@id":"https:\/\/pmza.sk\/#\/schema\/person\/595e6a2ce731ea94dcd5d7f50a41ae33","name":"Pova\u017esk\u00e9 m\u00fazeum","image":{"@type":"ImageObject","inLanguage":"sk-SK","@id":"https:\/\/secure.gravatar.com\/avatar\/2bb7f1561282132fb5826dfeccc66c7996d11ee392ac6aaf7ced8a1c2027fbb2?s=96&d=mm&r=g","url":"https:\/\/secure.gravatar.com\/avatar\/2bb7f1561282132fb5826dfeccc66c7996d11ee392ac6aaf7ced8a1c2027fbb2?s=96&d=mm&r=g","contentUrl":"https:\/\/secure.gravatar.com\/avatar\/2bb7f1561282132fb5826dfeccc66c7996d11ee392ac6aaf7ced8a1c2027fbb2?s=96&d=mm&r=g","caption":"Pova\u017esk\u00e9 m\u00fazeum"}}]}},"_links":{"self":[{"href":"https:\/\/pmza.sk\/index.php?rest_route=\/wp\/v2\/posts\/24297","targetHints":{"allow":["GET"]}}],"collection":[{"href":"https:\/\/pmza.sk\/index.php?rest_route=\/wp\/v2\/posts"}],"about":[{"href":"https:\/\/pmza.sk\/index.php?rest_route=\/wp\/v2\/types\/post"}],"author":[{"embeddable":true,"href":"https:\/\/pmza.sk\/index.php?rest_route=\/wp\/v2\/users\/2"}],"replies":[{"embeddable":true,"href":"https:\/\/pmza.sk\/index.php?rest_route=%2Fwp%2Fv2%2Fcomments&post=24297"}],"version-history":[{"count":0,"href":"https:\/\/pmza.sk\/index.php?rest_route=\/wp\/v2\/posts\/24297\/revisions"}],"wp:featuredmedia":[{"embeddable":true,"href":"https:\/\/pmza.sk\/index.php?rest_route=\/wp\/v2\/media\/24304"}],"wp:attachment":[{"href":"https:\/\/pmza.sk\/index.php?rest_route=%2Fwp%2Fv2%2Fmedia&parent=24297"}],"wp:term":[{"taxonomy":"category","embeddable":true,"href":"https:\/\/pmza.sk\/index.php?rest_route=%2Fwp%2Fv2%2Fcategories&post=24297"},{"taxonomy":"post_tag","embeddable":true,"href":"https:\/\/pmza.sk\/index.php?rest_route=%2Fwp%2Fv2%2Ftags&post=24297"}],"curies":[{"name":"wp","href":"https:\/\/api.w.org\/{rel}","templated":true}]}}