{"id":24342,"date":"2017-11-21T12:03:15","date_gmt":"2017-11-21T11:03:15","guid":{"rendered":"https:\/\/pmza.sk\/?p=24342"},"modified":"2017-11-21T12:03:15","modified_gmt":"2017-11-21T11:03:15","slug":"s-historiou-v-srdci-4-cast-zimny-pribeh","status":"publish","type":"post","link":"https:\/\/pmza.sk\/?p=24342","title":{"rendered":"S hist\u00f3riou v srdci &#8211; 4. \u010das\u0165 &#8211; Zimn\u00fd pr\u00edbeh"},"content":{"rendered":"<p>Po\u010das roka 2017 pripravilo Pova\u017esk\u00e9 m\u00fazeum v\u00a0\u017diline pre seniorov cyklus podujat\u00ed S\u00a0hist\u00f3riou v\u00a0srdci. Projekt je realizovan\u00fd s finan\u010dnou podporou Ministerstva kult\u00fary SR.<\/p>\n<p>Prv\u00e9 zo \u0161tyroch stretnut\u00ed sa uskuto\u010dnilo v\u00a0apr\u00edli s n\u00e1zvom Jarn\u00e9 impresie v\u00a0komunitnej miestnosti Kaplnky Budat\u00ednskeho hradu. V\u00a0tvoriv\u00fdch diel\u0148ach seniori pod veden\u00edm odborn\u00fdch pracovn\u00edkov m\u00fazea vytv\u00e1rali ve\u013emi pekn\u00e9 predmety z\u00a0dr\u00f4tu a nau\u010dili sa z\u00e1kladn\u00fdm aj mierne pokro\u010dil\u00fdm drot\u00e1rskym technik\u00e1m. Druh\u00e9 stretnutie v j\u00fali nieslo n\u00e1zov Letn\u00fd slnovrat a\u00a0jeho n\u00e1pl\u0148ou bol koncert v\u00e1\u017enej hudby \u00a0mlad\u00fdch umelcov, opernej spev\u00e1\u010dky Karin Loudovej a organistu Martina Suroviaka. Atmosf\u00e9ra koncertu bola vynikaj\u00faca, mlad\u00fdm umelcom sa dostalo kr\u00e1sneho uznania od v\u00fdborn\u00e9ho publika. Tretie stretnutie sa uskuto\u010dnilo v\u00a0septembri s\u00a0podtitulom Jesenn\u00e9 dozrievanie, v\u00a0r\u00e1mci ktor\u00e9ho bola zrealizovan\u00e1 vernis\u00e1\u017e v\u00fdstavy spojen\u00e1 s koncertom v\u00e1\u017enej hudby. Seniori na v\u00fdstave odprezentovali svoje vlastn\u00e9 drot\u00e1rske diela vytvoren\u00e9 po\u010das prv\u00e9ho stretnutia. Koncert v\u00e1\u017enej hudby v kaplnke Budat\u00ednskeho hradu otvoril riadite\u013e Pova\u017esk\u00e9ho m\u00fazea Michal Jureck\u00fd. Pedag\u00f3govia z Konzervat\u00f3ria v \u017diline, Irena Luk\u00e1\u010dov\u00e1 a Mari\u00e1n Mu\u0161ka, kr\u00e1tkym koncertom aj s improviz\u00e1ciou na t\u00e9mu hudobn\u00e1 mozaika pre Kaplnku Budat\u00ednskeho hradu navodili pr\u00edjemn\u00fa atmosf\u00e9ru bl\u00ed\u017eiacej sa jesene, za ktor\u00fa si vysl\u00fa\u017eili uznanie a ve\u013ek\u00fd potlesk publika. So seniormi sa v r\u00e1mci cyklu S hist\u00f3riou v srdci stret\u00e1vame e\u0161te na poslednom tohtoro\u010dnom stretnut\u00ed s n\u00e1zvom Zimn\u00fd pr\u00edbeh, v\u00a0utorok 28. novembra 2017. \u010cak\u00e1 na nich dramatizovan\u00e9 predstavenie star\u00fdch povest\u00ed spojen\u00fdch s hist\u00f3riou hradu a kaplnky, doplnen\u00e9 odborn\u00fdm v\u00fdkladom historika PMZA.<\/p>\n","protected":false},"excerpt":{"rendered":"<p>Po\u010das roka 2017 pripravilo Pova\u017esk\u00e9 m\u00fazeum v\u00a0\u017diline pre seniorov cyklus podujat\u00ed S\u00a0hist\u00f3riou v\u00a0srdci. Projekt je realizovan\u00fd s finan\u010dnou podporou Ministerstva kult\u00fary SR. Prv\u00e9 zo \u0161tyroch stretnut\u00ed sa uskuto\u010dnilo v\u00a0apr\u00edli s n\u00e1zvom Jarn\u00e9 impresie v\u00a0komunitnej miestnosti Kaplnky Budat\u00ednskeho hradu. V\u00a0tvoriv\u00fdch diel\u0148ach seniori pod veden\u00edm odborn\u00fdch pracovn\u00edkov m\u00fazea vytv\u00e1rali ve\u013emi pekn\u00e9 predmety z\u00a0dr\u00f4tu a nau\u010dili sa z\u00e1kladn\u00fdm [&hellip;]<\/p>\n","protected":false},"author":2,"featured_media":24340,"comment_status":"closed","ping_status":"closed","sticky":false,"template":"","format":"standard","meta":{"site-sidebar-layout":"default","site-content-layout":"","ast-site-content-layout":"","site-content-style":"default","site-sidebar-style":"default","ast-global-header-display":"","ast-banner-title-visibility":"","ast-main-header-display":"","ast-hfb-above-header-display":"","ast-hfb-below-header-display":"","ast-hfb-mobile-header-display":"","site-post-title":"","ast-breadcrumbs-content":"","ast-featured-img":"","footer-sml-layout":"","theme-transparent-header-meta":"","adv-header-id-meta":"","stick-header-meta":"","header-above-stick-meta":"","header-main-stick-meta":"","header-below-stick-meta":"","astra-migrate-meta-layouts":"default","ast-page-background-enabled":"default","ast-page-background-meta":{"desktop":{"background-color":"var(--ast-global-color-4)","background-image":"","background-repeat":"repeat","background-position":"center center","background-size":"auto","background-attachment":"scroll","background-type":"","background-media":"","overlay-type":"","overlay-color":"","overlay-opacity":"","overlay-gradient":""},"tablet":{"background-color":"","background-image":"","background-repeat":"repeat","background-position":"center center","background-size":"auto","background-attachment":"scroll","background-type":"","background-media":"","overlay-type":"","overlay-color":"","overlay-opacity":"","overlay-gradient":""},"mobile":{"background-color":"","background-image":"","background-repeat":"repeat","background-position":"center center","background-size":"auto","background-attachment":"scroll","background-type":"","background-media":"","overlay-type":"","overlay-color":"","overlay-opacity":"","overlay-gradient":""}},"ast-content-background-meta":{"desktop":{"background-color":"var(--ast-global-color-5)","background-image":"","background-repeat":"repeat","background-position":"center center","background-size":"auto","background-attachment":"scroll","background-type":"","background-media":"","overlay-type":"","overlay-color":"","overlay-opacity":"","overlay-gradient":""},"tablet":{"background-color":"var(--ast-global-color-5)","background-image":"","background-repeat":"repeat","background-position":"center center","background-size":"auto","background-attachment":"scroll","background-type":"","background-media":"","overlay-type":"","overlay-color":"","overlay-opacity":"","overlay-gradient":""},"mobile":{"background-color":"var(--ast-global-color-5)","background-image":"","background-repeat":"repeat","background-position":"center center","background-size":"auto","background-attachment":"scroll","background-type":"","background-media":"","overlay-type":"","overlay-color":"","overlay-opacity":"","overlay-gradient":""}},"footnotes":""},"categories":[31],"tags":[],"class_list":["post-24342","post","type-post","status-publish","format-standard","has-post-thumbnail","hentry","category-aktuality"],"yoast_head":"<!-- This site is optimized with the Yoast SEO plugin v27.4 - https:\/\/yoast.com\/product\/yoast-seo-wordpress\/ -->\n<title>S hist\u00f3riou v srdci - 4. \u010das\u0165 - Zimn\u00fd pr\u00edbeh - Pova\u017esk\u00e9 m\u00fazeum<\/title>\n<meta name=\"robots\" content=\"index, follow, max-snippet:-1, max-image-preview:large, max-video-preview:-1\" \/>\n<link rel=\"canonical\" href=\"https:\/\/pmza.sk\/?p=24342\" \/>\n<meta property=\"og:locale\" content=\"sk_SK\" \/>\n<meta property=\"og:type\" content=\"article\" \/>\n<meta property=\"og:title\" content=\"S hist\u00f3riou v srdci - 4. \u010das\u0165 - Zimn\u00fd pr\u00edbeh - Pova\u017esk\u00e9 m\u00fazeum\" \/>\n<meta property=\"og:description\" content=\"Po\u010das roka 2017 pripravilo Pova\u017esk\u00e9 m\u00fazeum v\u00a0\u017diline pre seniorov cyklus podujat\u00ed S\u00a0hist\u00f3riou v\u00a0srdci. Projekt je realizovan\u00fd s finan\u010dnou podporou Ministerstva kult\u00fary SR. Prv\u00e9 zo \u0161tyroch stretnut\u00ed sa uskuto\u010dnilo v\u00a0apr\u00edli s n\u00e1zvom Jarn\u00e9 impresie v\u00a0komunitnej miestnosti Kaplnky Budat\u00ednskeho hradu. V\u00a0tvoriv\u00fdch diel\u0148ach seniori pod veden\u00edm odborn\u00fdch pracovn\u00edkov m\u00fazea vytv\u00e1rali ve\u013emi pekn\u00e9 predmety z\u00a0dr\u00f4tu a nau\u010dili sa z\u00e1kladn\u00fdm [&hellip;]\" \/>\n<meta property=\"og:url\" content=\"https:\/\/pmza.sk\/?p=24342\" \/>\n<meta property=\"og:site_name\" content=\"Pova\u017esk\u00e9 m\u00fazeum\" \/>\n<meta property=\"article:publisher\" content=\"https:\/\/www.facebook.com\/povazskemuzeum\" \/>\n<meta property=\"article:published_time\" content=\"2017-11-21T11:03:15+00:00\" \/>\n<meta property=\"og:image\" content=\"https:\/\/pmza.sk\/wp-content\/uploads\/2017\/11\/pribeh-1-scaled-1.jpg\" \/>\n\t<meta property=\"og:image:width\" content=\"1811\" \/>\n\t<meta property=\"og:image:height\" content=\"2560\" \/>\n\t<meta property=\"og:image:type\" content=\"image\/jpeg\" \/>\n<meta name=\"author\" content=\"Pova\u017esk\u00e9 m\u00fazeum\" \/>\n<meta name=\"twitter:card\" content=\"summary_large_image\" \/>\n<meta name=\"twitter:label1\" content=\"Autor\" \/>\n\t<meta name=\"twitter:data1\" content=\"Pova\u017esk\u00e9 m\u00fazeum\" \/>\n\t<meta name=\"twitter:label2\" content=\"Predpokladan\u00fd \u010das \u010d\u00edtania\" \/>\n\t<meta name=\"twitter:data2\" content=\"2 min\u00faty\" \/>\n<script type=\"application\/ld+json\" class=\"yoast-schema-graph\">{\"@context\":\"https:\\\/\\\/schema.org\",\"@graph\":[{\"@type\":\"Article\",\"@id\":\"https:\\\/\\\/pmza.sk\\\/?p=24342#article\",\"isPartOf\":{\"@id\":\"https:\\\/\\\/pmza.sk\\\/?p=24342\"},\"author\":{\"name\":\"Pova\u017esk\u00e9 m\u00fazeum\",\"@id\":\"https:\\\/\\\/pmza.sk\\\/#\\\/schema\\\/person\\\/595e6a2ce731ea94dcd5d7f50a41ae33\"},\"headline\":\"S hist\u00f3riou v srdci &#8211; 4. \u010das\u0165 &#8211; Zimn\u00fd pr\u00edbeh\",\"datePublished\":\"2017-11-21T11:03:15+00:00\",\"mainEntityOfPage\":{\"@id\":\"https:\\\/\\\/pmza.sk\\\/?p=24342\"},\"wordCount\":320,\"publisher\":{\"@id\":\"https:\\\/\\\/pmza.sk\\\/#organization\"},\"image\":{\"@id\":\"https:\\\/\\\/pmza.sk\\\/?p=24342#primaryimage\"},\"thumbnailUrl\":\"https:\\\/\\\/pmza.sk\\\/wp-content\\\/uploads\\\/2017\\\/11\\\/pribeh-1-scaled-1.jpg\",\"articleSection\":[\"Aktuality\"],\"inLanguage\":\"sk-SK\"},{\"@type\":\"WebPage\",\"@id\":\"https:\\\/\\\/pmza.sk\\\/?p=24342\",\"url\":\"https:\\\/\\\/pmza.sk\\\/?p=24342\",\"name\":\"S hist\u00f3riou v srdci - 4. \u010das\u0165 - Zimn\u00fd pr\u00edbeh - Pova\u017esk\u00e9 m\u00fazeum\",\"isPartOf\":{\"@id\":\"https:\\\/\\\/pmza.sk\\\/#website\"},\"primaryImageOfPage\":{\"@id\":\"https:\\\/\\\/pmza.sk\\\/?p=24342#primaryimage\"},\"image\":{\"@id\":\"https:\\\/\\\/pmza.sk\\\/?p=24342#primaryimage\"},\"thumbnailUrl\":\"https:\\\/\\\/pmza.sk\\\/wp-content\\\/uploads\\\/2017\\\/11\\\/pribeh-1-scaled-1.jpg\",\"datePublished\":\"2017-11-21T11:03:15+00:00\",\"breadcrumb\":{\"@id\":\"https:\\\/\\\/pmza.sk\\\/?p=24342#breadcrumb\"},\"inLanguage\":\"sk-SK\",\"potentialAction\":[{\"@type\":\"ReadAction\",\"target\":[\"https:\\\/\\\/pmza.sk\\\/?p=24342\"]}]},{\"@type\":\"ImageObject\",\"inLanguage\":\"sk-SK\",\"@id\":\"https:\\\/\\\/pmza.sk\\\/?p=24342#primaryimage\",\"url\":\"https:\\\/\\\/pmza.sk\\\/wp-content\\\/uploads\\\/2017\\\/11\\\/pribeh-1-scaled-1.jpg\",\"contentUrl\":\"https:\\\/\\\/pmza.sk\\\/wp-content\\\/uploads\\\/2017\\\/11\\\/pribeh-1-scaled-1.jpg\",\"width\":1811,\"height\":2560},{\"@type\":\"BreadcrumbList\",\"@id\":\"https:\\\/\\\/pmza.sk\\\/?p=24342#breadcrumb\",\"itemListElement\":[{\"@type\":\"ListItem\",\"position\":1,\"name\":\"Domovsk\u00e1 str\u00e1nka\",\"item\":\"https:\\\/\\\/pmza.sk\\\/\"},{\"@type\":\"ListItem\",\"position\":2,\"name\":\"S hist\u00f3riou v srdci &#8211; 4. \u010das\u0165 &#8211; Zimn\u00fd pr\u00edbeh\"}]},{\"@type\":\"WebSite\",\"@id\":\"https:\\\/\\\/pmza.sk\\\/#website\",\"url\":\"https:\\\/\\\/pmza.sk\\\/\",\"name\":\"Pova\u017esk\u00e9 m\u00fazeum\",\"description\":\"Pova\u017esk\u00e9 m\u00fazeum v \u017diline je region\u00e1lne m\u00fazeum so s\u00eddlom v Budat\u00edne. Jeho expoz\u00edcie s\u00fa zameran\u00e9 na dejiny slovensk\u00e9ho umenia, kult\u00fary a dopravy.\",\"publisher\":{\"@id\":\"https:\\\/\\\/pmza.sk\\\/#organization\"},\"potentialAction\":[{\"@type\":\"SearchAction\",\"target\":{\"@type\":\"EntryPoint\",\"urlTemplate\":\"https:\\\/\\\/pmza.sk\\\/?s={search_term_string}\"},\"query-input\":{\"@type\":\"PropertyValueSpecification\",\"valueRequired\":true,\"valueName\":\"search_term_string\"}}],\"inLanguage\":\"sk-SK\"},{\"@type\":\"Organization\",\"@id\":\"https:\\\/\\\/pmza.sk\\\/#organization\",\"name\":\"Pova\u017esk\u00e9 m\u00fazeum\",\"url\":\"https:\\\/\\\/pmza.sk\\\/\",\"logo\":{\"@type\":\"ImageObject\",\"inLanguage\":\"sk-SK\",\"@id\":\"https:\\\/\\\/pmza.sk\\\/#\\\/schema\\\/logo\\\/image\\\/\",\"url\":\"https:\\\/\\\/pmza.sk\\\/wp-content\\\/uploads\\\/2022\\\/01\\\/logo_PM_horizontal.jpg\",\"contentUrl\":\"https:\\\/\\\/pmza.sk\\\/wp-content\\\/uploads\\\/2022\\\/01\\\/logo_PM_horizontal.jpg\",\"width\":231,\"height\":142,\"caption\":\"Pova\u017esk\u00e9 m\u00fazeum\"},\"image\":{\"@id\":\"https:\\\/\\\/pmza.sk\\\/#\\\/schema\\\/logo\\\/image\\\/\"},\"sameAs\":[\"https:\\\/\\\/www.facebook.com\\\/povazskemuzeum\",\"https:\\\/\\\/www.instagram.com\\\/povazskemuzeum\\\/\"]},{\"@type\":\"Person\",\"@id\":\"https:\\\/\\\/pmza.sk\\\/#\\\/schema\\\/person\\\/595e6a2ce731ea94dcd5d7f50a41ae33\",\"name\":\"Pova\u017esk\u00e9 m\u00fazeum\",\"image\":{\"@type\":\"ImageObject\",\"inLanguage\":\"sk-SK\",\"@id\":\"https:\\\/\\\/secure.gravatar.com\\\/avatar\\\/2bb7f1561282132fb5826dfeccc66c7996d11ee392ac6aaf7ced8a1c2027fbb2?s=96&d=mm&r=g\",\"url\":\"https:\\\/\\\/secure.gravatar.com\\\/avatar\\\/2bb7f1561282132fb5826dfeccc66c7996d11ee392ac6aaf7ced8a1c2027fbb2?s=96&d=mm&r=g\",\"contentUrl\":\"https:\\\/\\\/secure.gravatar.com\\\/avatar\\\/2bb7f1561282132fb5826dfeccc66c7996d11ee392ac6aaf7ced8a1c2027fbb2?s=96&d=mm&r=g\",\"caption\":\"Pova\u017esk\u00e9 m\u00fazeum\"}}]}<\/script>\n<!-- \/ Yoast SEO plugin. -->","yoast_head_json":{"title":"S hist\u00f3riou v srdci - 4. \u010das\u0165 - Zimn\u00fd pr\u00edbeh - Pova\u017esk\u00e9 m\u00fazeum","robots":{"index":"index","follow":"follow","max-snippet":"max-snippet:-1","max-image-preview":"max-image-preview:large","max-video-preview":"max-video-preview:-1"},"canonical":"https:\/\/pmza.sk\/?p=24342","og_locale":"sk_SK","og_type":"article","og_title":"S hist\u00f3riou v srdci - 4. \u010das\u0165 - Zimn\u00fd pr\u00edbeh - Pova\u017esk\u00e9 m\u00fazeum","og_description":"Po\u010das roka 2017 pripravilo Pova\u017esk\u00e9 m\u00fazeum v\u00a0\u017diline pre seniorov cyklus podujat\u00ed S\u00a0hist\u00f3riou v\u00a0srdci. Projekt je realizovan\u00fd s finan\u010dnou podporou Ministerstva kult\u00fary SR. Prv\u00e9 zo \u0161tyroch stretnut\u00ed sa uskuto\u010dnilo v\u00a0apr\u00edli s n\u00e1zvom Jarn\u00e9 impresie v\u00a0komunitnej miestnosti Kaplnky Budat\u00ednskeho hradu. V\u00a0tvoriv\u00fdch diel\u0148ach seniori pod veden\u00edm odborn\u00fdch pracovn\u00edkov m\u00fazea vytv\u00e1rali ve\u013emi pekn\u00e9 predmety z\u00a0dr\u00f4tu a nau\u010dili sa z\u00e1kladn\u00fdm [&hellip;]","og_url":"https:\/\/pmza.sk\/?p=24342","og_site_name":"Pova\u017esk\u00e9 m\u00fazeum","article_publisher":"https:\/\/www.facebook.com\/povazskemuzeum","article_published_time":"2017-11-21T11:03:15+00:00","og_image":[{"width":1811,"height":2560,"url":"https:\/\/pmza.sk\/wp-content\/uploads\/2017\/11\/pribeh-1-scaled-1.jpg","type":"image\/jpeg"}],"author":"Pova\u017esk\u00e9 m\u00fazeum","twitter_card":"summary_large_image","twitter_misc":{"Autor":"Pova\u017esk\u00e9 m\u00fazeum","Predpokladan\u00fd \u010das \u010d\u00edtania":"2 min\u00faty"},"schema":{"@context":"https:\/\/schema.org","@graph":[{"@type":"Article","@id":"https:\/\/pmza.sk\/?p=24342#article","isPartOf":{"@id":"https:\/\/pmza.sk\/?p=24342"},"author":{"name":"Pova\u017esk\u00e9 m\u00fazeum","@id":"https:\/\/pmza.sk\/#\/schema\/person\/595e6a2ce731ea94dcd5d7f50a41ae33"},"headline":"S hist\u00f3riou v srdci &#8211; 4. \u010das\u0165 &#8211; Zimn\u00fd pr\u00edbeh","datePublished":"2017-11-21T11:03:15+00:00","mainEntityOfPage":{"@id":"https:\/\/pmza.sk\/?p=24342"},"wordCount":320,"publisher":{"@id":"https:\/\/pmza.sk\/#organization"},"image":{"@id":"https:\/\/pmza.sk\/?p=24342#primaryimage"},"thumbnailUrl":"https:\/\/pmza.sk\/wp-content\/uploads\/2017\/11\/pribeh-1-scaled-1.jpg","articleSection":["Aktuality"],"inLanguage":"sk-SK"},{"@type":"WebPage","@id":"https:\/\/pmza.sk\/?p=24342","url":"https:\/\/pmza.sk\/?p=24342","name":"S hist\u00f3riou v srdci - 4. \u010das\u0165 - Zimn\u00fd pr\u00edbeh - Pova\u017esk\u00e9 m\u00fazeum","isPartOf":{"@id":"https:\/\/pmza.sk\/#website"},"primaryImageOfPage":{"@id":"https:\/\/pmza.sk\/?p=24342#primaryimage"},"image":{"@id":"https:\/\/pmza.sk\/?p=24342#primaryimage"},"thumbnailUrl":"https:\/\/pmza.sk\/wp-content\/uploads\/2017\/11\/pribeh-1-scaled-1.jpg","datePublished":"2017-11-21T11:03:15+00:00","breadcrumb":{"@id":"https:\/\/pmza.sk\/?p=24342#breadcrumb"},"inLanguage":"sk-SK","potentialAction":[{"@type":"ReadAction","target":["https:\/\/pmza.sk\/?p=24342"]}]},{"@type":"ImageObject","inLanguage":"sk-SK","@id":"https:\/\/pmza.sk\/?p=24342#primaryimage","url":"https:\/\/pmza.sk\/wp-content\/uploads\/2017\/11\/pribeh-1-scaled-1.jpg","contentUrl":"https:\/\/pmza.sk\/wp-content\/uploads\/2017\/11\/pribeh-1-scaled-1.jpg","width":1811,"height":2560},{"@type":"BreadcrumbList","@id":"https:\/\/pmza.sk\/?p=24342#breadcrumb","itemListElement":[{"@type":"ListItem","position":1,"name":"Domovsk\u00e1 str\u00e1nka","item":"https:\/\/pmza.sk\/"},{"@type":"ListItem","position":2,"name":"S hist\u00f3riou v srdci &#8211; 4. \u010das\u0165 &#8211; Zimn\u00fd pr\u00edbeh"}]},{"@type":"WebSite","@id":"https:\/\/pmza.sk\/#website","url":"https:\/\/pmza.sk\/","name":"Pova\u017esk\u00e9 m\u00fazeum","description":"Pova\u017esk\u00e9 m\u00fazeum v \u017diline je region\u00e1lne m\u00fazeum so s\u00eddlom v Budat\u00edne. Jeho expoz\u00edcie s\u00fa zameran\u00e9 na dejiny slovensk\u00e9ho umenia, kult\u00fary a dopravy.","publisher":{"@id":"https:\/\/pmza.sk\/#organization"},"potentialAction":[{"@type":"SearchAction","target":{"@type":"EntryPoint","urlTemplate":"https:\/\/pmza.sk\/?s={search_term_string}"},"query-input":{"@type":"PropertyValueSpecification","valueRequired":true,"valueName":"search_term_string"}}],"inLanguage":"sk-SK"},{"@type":"Organization","@id":"https:\/\/pmza.sk\/#organization","name":"Pova\u017esk\u00e9 m\u00fazeum","url":"https:\/\/pmza.sk\/","logo":{"@type":"ImageObject","inLanguage":"sk-SK","@id":"https:\/\/pmza.sk\/#\/schema\/logo\/image\/","url":"https:\/\/pmza.sk\/wp-content\/uploads\/2022\/01\/logo_PM_horizontal.jpg","contentUrl":"https:\/\/pmza.sk\/wp-content\/uploads\/2022\/01\/logo_PM_horizontal.jpg","width":231,"height":142,"caption":"Pova\u017esk\u00e9 m\u00fazeum"},"image":{"@id":"https:\/\/pmza.sk\/#\/schema\/logo\/image\/"},"sameAs":["https:\/\/www.facebook.com\/povazskemuzeum","https:\/\/www.instagram.com\/povazskemuzeum\/"]},{"@type":"Person","@id":"https:\/\/pmza.sk\/#\/schema\/person\/595e6a2ce731ea94dcd5d7f50a41ae33","name":"Pova\u017esk\u00e9 m\u00fazeum","image":{"@type":"ImageObject","inLanguage":"sk-SK","@id":"https:\/\/secure.gravatar.com\/avatar\/2bb7f1561282132fb5826dfeccc66c7996d11ee392ac6aaf7ced8a1c2027fbb2?s=96&d=mm&r=g","url":"https:\/\/secure.gravatar.com\/avatar\/2bb7f1561282132fb5826dfeccc66c7996d11ee392ac6aaf7ced8a1c2027fbb2?s=96&d=mm&r=g","contentUrl":"https:\/\/secure.gravatar.com\/avatar\/2bb7f1561282132fb5826dfeccc66c7996d11ee392ac6aaf7ced8a1c2027fbb2?s=96&d=mm&r=g","caption":"Pova\u017esk\u00e9 m\u00fazeum"}}]}},"_links":{"self":[{"href":"https:\/\/pmza.sk\/index.php?rest_route=\/wp\/v2\/posts\/24342","targetHints":{"allow":["GET"]}}],"collection":[{"href":"https:\/\/pmza.sk\/index.php?rest_route=\/wp\/v2\/posts"}],"about":[{"href":"https:\/\/pmza.sk\/index.php?rest_route=\/wp\/v2\/types\/post"}],"author":[{"embeddable":true,"href":"https:\/\/pmza.sk\/index.php?rest_route=\/wp\/v2\/users\/2"}],"replies":[{"embeddable":true,"href":"https:\/\/pmza.sk\/index.php?rest_route=%2Fwp%2Fv2%2Fcomments&post=24342"}],"version-history":[{"count":0,"href":"https:\/\/pmza.sk\/index.php?rest_route=\/wp\/v2\/posts\/24342\/revisions"}],"wp:featuredmedia":[{"embeddable":true,"href":"https:\/\/pmza.sk\/index.php?rest_route=\/wp\/v2\/media\/24340"}],"wp:attachment":[{"href":"https:\/\/pmza.sk\/index.php?rest_route=%2Fwp%2Fv2%2Fmedia&parent=24342"}],"wp:term":[{"taxonomy":"category","embeddable":true,"href":"https:\/\/pmza.sk\/index.php?rest_route=%2Fwp%2Fv2%2Fcategories&post=24342"},{"taxonomy":"post_tag","embeddable":true,"href":"https:\/\/pmza.sk\/index.php?rest_route=%2Fwp%2Fv2%2Ftags&post=24342"}],"curies":[{"name":"wp","href":"https:\/\/api.w.org\/{rel}","templated":true}]}}