{"id":2450,"date":"2011-04-20T15:42:41","date_gmt":"2011-04-20T13:42:41","guid":{"rendered":"https:\/\/pmza.sk.sk\/?p=2450"},"modified":"2011-04-20T15:42:41","modified_gmt":"2011-04-20T13:42:41","slug":"expresionisti-v-ziline-uz-coskoro","status":"publish","type":"post","link":"https:\/\/pmza.sk\/?p=2450","title":{"rendered":"Expresionisti v \u017diline u\u017e \u010doskoro"},"content":{"rendered":"<p style=\"text-align: justify;\"><a href=\"https:\/\/pmza.sk\/wp-content\/uploads\/2011\/04\/expresionisti.jpg\"><img fetchpriority=\"high\" decoding=\"async\" class=\"alignleft size-medium wp-image-2451\" style=\"border: 2px solid black; margin: 4px;\" title=\"expresionisti\" src=\"https:\/\/pmza.sk.sk\/wp-content\/uploads\/2011\/04\/expresionisti-223x300.jpg\" alt=\"\" width=\"223\" height=\"300\" \/><\/a>Avizovan\u00e1 exkluz\u00edvna v\u00fdstava v\u00fdtvarn\u00e9ho umenia svetov\u00fdch expresionistoov bude pr\u00edstupn\u00e1 slovenskej verejnosti vo v\u00fdstavn\u00fdch priestoroch are\u00e1lu Budat\u00ednskeho hradu u\u017e po Ve\u013ekej\u00a0 noci. Pova\u017esk\u00e9 m\u00fazeum v\u00a0\u017diline\u00a0 pripravilo pre milovn\u00edkov umenia skuto\u010dn\u00fa lah\u00f4dku. Na v\u00fdstave, v\u00fdsti\u017ene nazvanej <strong>Expresionizmus \u2013 Sila v\u00fdrazovosti<\/strong> m\u00f4\u017eu n\u00e1v\u0161tevn\u00edci vzhliadnu\u0165 spolu 50 diel najv\u00fdznamnej\u0161\u00edch osobnost\u00ed nemeck\u00e9ho expresionizmu, preva\u017ene z rokov\u00a0 1910 \u2013 1933. <!--more-->\u201e<em>Je to doba, v ktorej umelci nadv\u00e4zuj\u00fa na programov\u00e9 ciele dvoch najd\u00f4le\u017eitej\u0161\u00edch umeleck\u00fdch skup\u00edn formuj\u00facich expresionizmus. V roku 1905 bola v Dr\u00e1\u017e\u010fanoch zalo\u017een\u00e1 skupina Die Br\u00fccke (Most) a v Mn\u00edchove v roku 1911 bola zalo\u017een\u00e1 skupina Der Blaue Reiter (Modr\u00fd jazdec). K najv\u00fdznamnej\u0161\u00edm predstavite\u013eom skupiny Die Br\u00fccke patrili\u00a0 pr\u00e1ve umelci, ktor\u00fdch diela budete m\u00f4c\u0165 v \u017diline uvidie\u0165\u00a0 &#8211; Ernst L. Kirchner, Erich Heckel\u00a0 alebo Otto Mueller, Emil Nolde \u010di Max Pechstein, \u201c<\/em> povedala Darina Arce, kur\u00e1torka v\u00fdstavy.<em> <\/em><\/p>\n<p style=\"text-align: justify;\">\u201e<em>Hoci obidve skupiny nemali dlh\u00e9 trvanie a ich spolo\u010dn\u00fd prienik zah\u0155\u0148a necel\u00fdch desa\u0165 rokov, ovplyvnili nen\u00e1vratne umeleck\u00e9 dianie 20. storo\u010dia v celej Eur\u00f3pe. Expresionizmus priniesol nov\u00fa optiku nazerania na poslanie umenia, sna\u017eil sa oslobodi\u0165 umelca a vtiahnu\u0165 akt\u00edvne div\u00e1ka do diela, h\u013eadal v umen\u00ed viac duchovn\u00fd rozmer, odha\u013eoval\u00a0 hodnoty a vplyv farby. Abstrakcia si nach\u00e1dza v\u00fdznamn\u00e9 miesto v umeleckom prejave. Pr\u00e1ve nesp\u00fatanos\u0165, duchovno a sloboda boli hodnoty, ktor\u00e9 prin\u00e1\u0161ali diela moderny &#8211; expresionistov, kubistov, fauvistov. V nacistickom\u00a0 Nemecku\u00a0 boli v priebehu tridsiatych \u00a0rokov\u00a0 diela modernistov, z ve\u013ekej miery pr\u00e1ve expresionistov, ozna\u010den\u00e9 za zvrhl\u00e9, degenerovan\u00e9 umenie (Entartete kunst), boli konfi\u0161kovan\u00e9 zo s\u00fakromn\u00fdch (najm\u00e4 \u017eidovsk\u00fdch rod\u00edn) aj verejn\u00fdch zbierok. V roku 1939 viac ako 5000 obrazov, akvarelov a kresieb verejne sp\u00e1lili. Mno\u017estvo \u010fal\u0161\u00edch diel predali a boli vyvezen\u00e9 do zahrani\u010dia, najm\u00e4 do USA<\/em>,\u201c dodala Darina Arce.<em><\/em><\/p>\n<p style=\"text-align: justify;\">\u201e<em>Neut\u00edchaj\u00faci z\u00e1ujem o diela a osobnosti z tohto obdobia okrem in\u00e9ho doklad\u00e1 napr\u00edklad aj aktu\u00e1lna v\u00fdstava o skupine Modr\u00fd jazdec v Albertine vo Viedni zo zbierky Lenbachhaus v Mn\u00edchove.\u00a0 Z\u00e1sluhou Pova\u017esk\u00e9ho m\u00fazea v\u00a0\u017diline, nemeckej Gal\u00e9rie Sundermann, Seale n. f. si teraz diela najv\u00fdznamnej\u0161\u00edch expresionistov do polovice j\u00fana 2011 \u00a0m\u00f4\u017eete pozrie\u0165 taktie\u017e aj v\u00a0\u017diline<\/em>, \u201c dodal na z\u00e1ver Boris Schubert, riadite\u013e Pova\u017esk\u00e9ho m\u00fazea v\u00a0\u017diline.<\/p>\n<p style=\"text-align: justify;\">Vernis\u00e1\u017e v\u00fdstavy <strong>Expresionizmus \u2013 Sila v\u00fdrazovosti<\/strong> sa uskuto\u010dn\u00ed v\u00a0piatok <strong>29. apr\u00edla 2011 o\u00a017,00 h<\/strong> v\u00a0are\u00e1li Budat\u00ednskeho hradu. N\u00e1v\u0161tevn\u00edkov \u010dak\u00e1 zauj\u00edmav\u00fd sprievodn\u00fd program \u2013 v\u00fdtvarn\u00fd happening \u017eiakov S\u00fakromnej strednej umeleckej \u0161koly v\u00a0\u017diline na t\u00e9mu Expresionizmus, koncert hudobnej skupiny Antique a\u00a0hereck\u00e9 improviz\u00e1cie pod n\u00e1zvom ExpresImpro.<\/p>\n","protected":false},"excerpt":{"rendered":"<p>Avizovan\u00e1 exkluz\u00edvna v\u00fdstava v\u00fdtvarn\u00e9ho umenia svetov\u00fdch expresionistoov bude pr\u00edstupn\u00e1 slovenskej verejnosti vo v\u00fdstavn\u00fdch priestoroch are\u00e1lu Budat\u00ednskeho hradu u\u017e po Ve\u013ekej\u00a0 noci. Pova\u017esk\u00e9 m\u00fazeum v\u00a0\u017diline\u00a0 pripravilo pre milovn\u00edkov umenia skuto\u010dn\u00fa lah\u00f4dku. Na v\u00fdstave, v\u00fdsti\u017ene nazvanej Expresionizmus \u2013 Sila v\u00fdrazovosti m\u00f4\u017eu n\u00e1v\u0161tevn\u00edci vzhliadnu\u0165 spolu 50 diel najv\u00fdznamnej\u0161\u00edch osobnost\u00ed nemeck\u00e9ho expresionizmu, preva\u017ene z rokov\u00a0 1910 \u2013 1933.<\/p>\n","protected":false},"author":1,"featured_media":0,"comment_status":"closed","ping_status":"closed","sticky":false,"template":"","format":"standard","meta":{"site-sidebar-layout":"default","site-content-layout":"","ast-site-content-layout":"","site-content-style":"default","site-sidebar-style":"default","ast-global-header-display":"","ast-banner-title-visibility":"","ast-main-header-display":"","ast-hfb-above-header-display":"","ast-hfb-below-header-display":"","ast-hfb-mobile-header-display":"","site-post-title":"","ast-breadcrumbs-content":"","ast-featured-img":"","footer-sml-layout":"","theme-transparent-header-meta":"","adv-header-id-meta":"","stick-header-meta":"","header-above-stick-meta":"","header-main-stick-meta":"","header-below-stick-meta":"","astra-migrate-meta-layouts":"default","ast-page-background-enabled":"default","ast-page-background-meta":{"desktop":{"background-color":"var(--ast-global-color-4)","background-image":"","background-repeat":"repeat","background-position":"center center","background-size":"auto","background-attachment":"scroll","background-type":"","background-media":"","overlay-type":"","overlay-color":"","overlay-opacity":"","overlay-gradient":""},"tablet":{"background-color":"","background-image":"","background-repeat":"repeat","background-position":"center center","background-size":"auto","background-attachment":"scroll","background-type":"","background-media":"","overlay-type":"","overlay-color":"","overlay-opacity":"","overlay-gradient":""},"mobile":{"background-color":"","background-image":"","background-repeat":"repeat","background-position":"center center","background-size":"auto","background-attachment":"scroll","background-type":"","background-media":"","overlay-type":"","overlay-color":"","overlay-opacity":"","overlay-gradient":""}},"ast-content-background-meta":{"desktop":{"background-color":"var(--ast-global-color-5)","background-image":"","background-repeat":"repeat","background-position":"center center","background-size":"auto","background-attachment":"scroll","background-type":"","background-media":"","overlay-type":"","overlay-color":"","overlay-opacity":"","overlay-gradient":""},"tablet":{"background-color":"var(--ast-global-color-5)","background-image":"","background-repeat":"repeat","background-position":"center center","background-size":"auto","background-attachment":"scroll","background-type":"","background-media":"","overlay-type":"","overlay-color":"","overlay-opacity":"","overlay-gradient":""},"mobile":{"background-color":"var(--ast-global-color-5)","background-image":"","background-repeat":"repeat","background-position":"center center","background-size":"auto","background-attachment":"scroll","background-type":"","background-media":"","overlay-type":"","overlay-color":"","overlay-opacity":"","overlay-gradient":""}},"footnotes":""},"categories":[30],"tags":[],"class_list":["post-2450","post","type-post","status-publish","format-standard","hentry","category-archiv-2011"],"yoast_head":"<!-- This site is optimized with the Yoast SEO plugin v27.4 - https:\/\/yoast.com\/product\/yoast-seo-wordpress\/ -->\n<title>Expresionisti v \u017diline u\u017e \u010doskoro - Pova\u017esk\u00e9 m\u00fazeum<\/title>\n<meta name=\"robots\" content=\"index, follow, max-snippet:-1, max-image-preview:large, max-video-preview:-1\" \/>\n<link rel=\"canonical\" href=\"https:\/\/pmza.sk\/?p=2450\" \/>\n<meta property=\"og:locale\" content=\"sk_SK\" \/>\n<meta property=\"og:type\" content=\"article\" \/>\n<meta property=\"og:title\" content=\"Expresionisti v \u017diline u\u017e \u010doskoro - Pova\u017esk\u00e9 m\u00fazeum\" \/>\n<meta property=\"og:description\" content=\"Avizovan\u00e1 exkluz\u00edvna v\u00fdstava v\u00fdtvarn\u00e9ho umenia svetov\u00fdch expresionistoov bude pr\u00edstupn\u00e1 slovenskej verejnosti vo v\u00fdstavn\u00fdch priestoroch are\u00e1lu Budat\u00ednskeho hradu u\u017e po Ve\u013ekej\u00a0 noci. Pova\u017esk\u00e9 m\u00fazeum v\u00a0\u017diline\u00a0 pripravilo pre milovn\u00edkov umenia skuto\u010dn\u00fa lah\u00f4dku. Na v\u00fdstave, v\u00fdsti\u017ene nazvanej Expresionizmus \u2013 Sila v\u00fdrazovosti m\u00f4\u017eu n\u00e1v\u0161tevn\u00edci vzhliadnu\u0165 spolu 50 diel najv\u00fdznamnej\u0161\u00edch osobnost\u00ed nemeck\u00e9ho expresionizmu, preva\u017ene z rokov\u00a0 1910 \u2013 1933.\" \/>\n<meta property=\"og:url\" content=\"https:\/\/pmza.sk\/?p=2450\" \/>\n<meta property=\"og:site_name\" content=\"Pova\u017esk\u00e9 m\u00fazeum\" \/>\n<meta property=\"article:publisher\" content=\"https:\/\/www.facebook.com\/povazskemuzeum\" \/>\n<meta property=\"article:published_time\" content=\"2011-04-20T13:42:41+00:00\" \/>\n<meta property=\"og:image\" content=\"https:\/\/pmza.sk.sk\/wp-content\/uploads\/2011\/04\/expresionisti-223x300.jpg\" \/>\n<meta name=\"author\" content=\"libor\" \/>\n<meta name=\"twitter:card\" content=\"summary_large_image\" \/>\n<meta name=\"twitter:label1\" content=\"Autor\" \/>\n\t<meta name=\"twitter:data1\" content=\"libor\" \/>\n\t<meta name=\"twitter:label2\" content=\"Predpokladan\u00fd \u010das \u010d\u00edtania\" \/>\n\t<meta name=\"twitter:data2\" content=\"2 min\u00faty\" \/>\n<script type=\"application\/ld+json\" class=\"yoast-schema-graph\">{\"@context\":\"https:\\\/\\\/schema.org\",\"@graph\":[{\"@type\":\"Article\",\"@id\":\"https:\\\/\\\/pmza.sk\\\/?p=2450#article\",\"isPartOf\":{\"@id\":\"https:\\\/\\\/pmza.sk\\\/?p=2450\"},\"author\":{\"name\":\"libor\",\"@id\":\"https:\\\/\\\/pmza.sk\\\/#\\\/schema\\\/person\\\/f0b923a9aa8e1f67feef0d7cd9afde35\"},\"headline\":\"Expresionisti v \u017diline u\u017e \u010doskoro\",\"datePublished\":\"2011-04-20T13:42:41+00:00\",\"mainEntityOfPage\":{\"@id\":\"https:\\\/\\\/pmza.sk\\\/?p=2450\"},\"wordCount\":481,\"publisher\":{\"@id\":\"https:\\\/\\\/pmza.sk\\\/#organization\"},\"image\":{\"@id\":\"https:\\\/\\\/pmza.sk\\\/?p=2450#primaryimage\"},\"thumbnailUrl\":\"http:\\\/\\\/pmza.sk.sk\\\/wp-content\\\/uploads\\\/2011\\\/04\\\/expresionisti-223x300.jpg\",\"articleSection\":[\"Arch\u00edv 2011\"],\"inLanguage\":\"sk-SK\"},{\"@type\":\"WebPage\",\"@id\":\"https:\\\/\\\/pmza.sk\\\/?p=2450\",\"url\":\"https:\\\/\\\/pmza.sk\\\/?p=2450\",\"name\":\"Expresionisti v \u017diline u\u017e \u010doskoro - Pova\u017esk\u00e9 m\u00fazeum\",\"isPartOf\":{\"@id\":\"https:\\\/\\\/pmza.sk\\\/#website\"},\"primaryImageOfPage\":{\"@id\":\"https:\\\/\\\/pmza.sk\\\/?p=2450#primaryimage\"},\"image\":{\"@id\":\"https:\\\/\\\/pmza.sk\\\/?p=2450#primaryimage\"},\"thumbnailUrl\":\"http:\\\/\\\/pmza.sk.sk\\\/wp-content\\\/uploads\\\/2011\\\/04\\\/expresionisti-223x300.jpg\",\"datePublished\":\"2011-04-20T13:42:41+00:00\",\"breadcrumb\":{\"@id\":\"https:\\\/\\\/pmza.sk\\\/?p=2450#breadcrumb\"},\"inLanguage\":\"sk-SK\",\"potentialAction\":[{\"@type\":\"ReadAction\",\"target\":[\"https:\\\/\\\/pmza.sk\\\/?p=2450\"]}]},{\"@type\":\"ImageObject\",\"inLanguage\":\"sk-SK\",\"@id\":\"https:\\\/\\\/pmza.sk\\\/?p=2450#primaryimage\",\"url\":\"http:\\\/\\\/pmza.sk.sk\\\/wp-content\\\/uploads\\\/2011\\\/04\\\/expresionisti-223x300.jpg\",\"contentUrl\":\"http:\\\/\\\/pmza.sk.sk\\\/wp-content\\\/uploads\\\/2011\\\/04\\\/expresionisti-223x300.jpg\"},{\"@type\":\"BreadcrumbList\",\"@id\":\"https:\\\/\\\/pmza.sk\\\/?p=2450#breadcrumb\",\"itemListElement\":[{\"@type\":\"ListItem\",\"position\":1,\"name\":\"Domovsk\u00e1 str\u00e1nka\",\"item\":\"https:\\\/\\\/pmza.sk\\\/\"},{\"@type\":\"ListItem\",\"position\":2,\"name\":\"Expresionisti v \u017diline u\u017e \u010doskoro\"}]},{\"@type\":\"WebSite\",\"@id\":\"https:\\\/\\\/pmza.sk\\\/#website\",\"url\":\"https:\\\/\\\/pmza.sk\\\/\",\"name\":\"Pova\u017esk\u00e9 m\u00fazeum\",\"description\":\"Pova\u017esk\u00e9 m\u00fazeum v \u017diline je region\u00e1lne m\u00fazeum so s\u00eddlom v Budat\u00edne. Jeho expoz\u00edcie s\u00fa zameran\u00e9 na dejiny slovensk\u00e9ho umenia, kult\u00fary a dopravy.\",\"publisher\":{\"@id\":\"https:\\\/\\\/pmza.sk\\\/#organization\"},\"potentialAction\":[{\"@type\":\"SearchAction\",\"target\":{\"@type\":\"EntryPoint\",\"urlTemplate\":\"https:\\\/\\\/pmza.sk\\\/?s={search_term_string}\"},\"query-input\":{\"@type\":\"PropertyValueSpecification\",\"valueRequired\":true,\"valueName\":\"search_term_string\"}}],\"inLanguage\":\"sk-SK\"},{\"@type\":\"Organization\",\"@id\":\"https:\\\/\\\/pmza.sk\\\/#organization\",\"name\":\"Pova\u017esk\u00e9 m\u00fazeum\",\"url\":\"https:\\\/\\\/pmza.sk\\\/\",\"logo\":{\"@type\":\"ImageObject\",\"inLanguage\":\"sk-SK\",\"@id\":\"https:\\\/\\\/pmza.sk\\\/#\\\/schema\\\/logo\\\/image\\\/\",\"url\":\"https:\\\/\\\/pmza.sk\\\/wp-content\\\/uploads\\\/2022\\\/01\\\/logo_PM_horizontal.jpg\",\"contentUrl\":\"https:\\\/\\\/pmza.sk\\\/wp-content\\\/uploads\\\/2022\\\/01\\\/logo_PM_horizontal.jpg\",\"width\":231,\"height\":142,\"caption\":\"Pova\u017esk\u00e9 m\u00fazeum\"},\"image\":{\"@id\":\"https:\\\/\\\/pmza.sk\\\/#\\\/schema\\\/logo\\\/image\\\/\"},\"sameAs\":[\"https:\\\/\\\/www.facebook.com\\\/povazskemuzeum\",\"https:\\\/\\\/www.instagram.com\\\/povazskemuzeum\\\/\"]},{\"@type\":\"Person\",\"@id\":\"https:\\\/\\\/pmza.sk\\\/#\\\/schema\\\/person\\\/f0b923a9aa8e1f67feef0d7cd9afde35\",\"name\":\"libor\",\"image\":{\"@type\":\"ImageObject\",\"inLanguage\":\"sk-SK\",\"@id\":\"https:\\\/\\\/secure.gravatar.com\\\/avatar\\\/c583dbc698e594aacced1589eb8cf1673bd41d461e8b2ab635484ffc26fee7b0?s=96&d=mm&r=g\",\"url\":\"https:\\\/\\\/secure.gravatar.com\\\/avatar\\\/c583dbc698e594aacced1589eb8cf1673bd41d461e8b2ab635484ffc26fee7b0?s=96&d=mm&r=g\",\"contentUrl\":\"https:\\\/\\\/secure.gravatar.com\\\/avatar\\\/c583dbc698e594aacced1589eb8cf1673bd41d461e8b2ab635484ffc26fee7b0?s=96&d=mm&r=g\",\"caption\":\"libor\"}}]}<\/script>\n<!-- \/ Yoast SEO plugin. -->","yoast_head_json":{"title":"Expresionisti v \u017diline u\u017e \u010doskoro - Pova\u017esk\u00e9 m\u00fazeum","robots":{"index":"index","follow":"follow","max-snippet":"max-snippet:-1","max-image-preview":"max-image-preview:large","max-video-preview":"max-video-preview:-1"},"canonical":"https:\/\/pmza.sk\/?p=2450","og_locale":"sk_SK","og_type":"article","og_title":"Expresionisti v \u017diline u\u017e \u010doskoro - Pova\u017esk\u00e9 m\u00fazeum","og_description":"Avizovan\u00e1 exkluz\u00edvna v\u00fdstava v\u00fdtvarn\u00e9ho umenia svetov\u00fdch expresionistoov bude pr\u00edstupn\u00e1 slovenskej verejnosti vo v\u00fdstavn\u00fdch priestoroch are\u00e1lu Budat\u00ednskeho hradu u\u017e po Ve\u013ekej\u00a0 noci. Pova\u017esk\u00e9 m\u00fazeum v\u00a0\u017diline\u00a0 pripravilo pre milovn\u00edkov umenia skuto\u010dn\u00fa lah\u00f4dku. Na v\u00fdstave, v\u00fdsti\u017ene nazvanej Expresionizmus \u2013 Sila v\u00fdrazovosti m\u00f4\u017eu n\u00e1v\u0161tevn\u00edci vzhliadnu\u0165 spolu 50 diel najv\u00fdznamnej\u0161\u00edch osobnost\u00ed nemeck\u00e9ho expresionizmu, preva\u017ene z rokov\u00a0 1910 \u2013 1933.","og_url":"https:\/\/pmza.sk\/?p=2450","og_site_name":"Pova\u017esk\u00e9 m\u00fazeum","article_publisher":"https:\/\/www.facebook.com\/povazskemuzeum","article_published_time":"2011-04-20T13:42:41+00:00","og_image":[{"url":"https:\/\/pmza.sk.sk\/wp-content\/uploads\/2011\/04\/expresionisti-223x300.jpg","type":"","width":"","height":""}],"author":"libor","twitter_card":"summary_large_image","twitter_misc":{"Autor":"libor","Predpokladan\u00fd \u010das \u010d\u00edtania":"2 min\u00faty"},"schema":{"@context":"https:\/\/schema.org","@graph":[{"@type":"Article","@id":"https:\/\/pmza.sk\/?p=2450#article","isPartOf":{"@id":"https:\/\/pmza.sk\/?p=2450"},"author":{"name":"libor","@id":"https:\/\/pmza.sk\/#\/schema\/person\/f0b923a9aa8e1f67feef0d7cd9afde35"},"headline":"Expresionisti v \u017diline u\u017e \u010doskoro","datePublished":"2011-04-20T13:42:41+00:00","mainEntityOfPage":{"@id":"https:\/\/pmza.sk\/?p=2450"},"wordCount":481,"publisher":{"@id":"https:\/\/pmza.sk\/#organization"},"image":{"@id":"https:\/\/pmza.sk\/?p=2450#primaryimage"},"thumbnailUrl":"https:\/\/pmza.sk.sk\/wp-content\/uploads\/2011\/04\/expresionisti-223x300.jpg","articleSection":["Arch\u00edv 2011"],"inLanguage":"sk-SK"},{"@type":"WebPage","@id":"https:\/\/pmza.sk\/?p=2450","url":"https:\/\/pmza.sk\/?p=2450","name":"Expresionisti v \u017diline u\u017e \u010doskoro - Pova\u017esk\u00e9 m\u00fazeum","isPartOf":{"@id":"https:\/\/pmza.sk\/#website"},"primaryImageOfPage":{"@id":"https:\/\/pmza.sk\/?p=2450#primaryimage"},"image":{"@id":"https:\/\/pmza.sk\/?p=2450#primaryimage"},"thumbnailUrl":"https:\/\/pmza.sk.sk\/wp-content\/uploads\/2011\/04\/expresionisti-223x300.jpg","datePublished":"2011-04-20T13:42:41+00:00","breadcrumb":{"@id":"https:\/\/pmza.sk\/?p=2450#breadcrumb"},"inLanguage":"sk-SK","potentialAction":[{"@type":"ReadAction","target":["https:\/\/pmza.sk\/?p=2450"]}]},{"@type":"ImageObject","inLanguage":"sk-SK","@id":"https:\/\/pmza.sk\/?p=2450#primaryimage","url":"https:\/\/pmza.sk.sk\/wp-content\/uploads\/2011\/04\/expresionisti-223x300.jpg","contentUrl":"https:\/\/pmza.sk.sk\/wp-content\/uploads\/2011\/04\/expresionisti-223x300.jpg"},{"@type":"BreadcrumbList","@id":"https:\/\/pmza.sk\/?p=2450#breadcrumb","itemListElement":[{"@type":"ListItem","position":1,"name":"Domovsk\u00e1 str\u00e1nka","item":"https:\/\/pmza.sk\/"},{"@type":"ListItem","position":2,"name":"Expresionisti v \u017diline u\u017e \u010doskoro"}]},{"@type":"WebSite","@id":"https:\/\/pmza.sk\/#website","url":"https:\/\/pmza.sk\/","name":"Pova\u017esk\u00e9 m\u00fazeum","description":"Pova\u017esk\u00e9 m\u00fazeum v \u017diline je region\u00e1lne m\u00fazeum so s\u00eddlom v Budat\u00edne. Jeho expoz\u00edcie s\u00fa zameran\u00e9 na dejiny slovensk\u00e9ho umenia, kult\u00fary a dopravy.","publisher":{"@id":"https:\/\/pmza.sk\/#organization"},"potentialAction":[{"@type":"SearchAction","target":{"@type":"EntryPoint","urlTemplate":"https:\/\/pmza.sk\/?s={search_term_string}"},"query-input":{"@type":"PropertyValueSpecification","valueRequired":true,"valueName":"search_term_string"}}],"inLanguage":"sk-SK"},{"@type":"Organization","@id":"https:\/\/pmza.sk\/#organization","name":"Pova\u017esk\u00e9 m\u00fazeum","url":"https:\/\/pmza.sk\/","logo":{"@type":"ImageObject","inLanguage":"sk-SK","@id":"https:\/\/pmza.sk\/#\/schema\/logo\/image\/","url":"https:\/\/pmza.sk\/wp-content\/uploads\/2022\/01\/logo_PM_horizontal.jpg","contentUrl":"https:\/\/pmza.sk\/wp-content\/uploads\/2022\/01\/logo_PM_horizontal.jpg","width":231,"height":142,"caption":"Pova\u017esk\u00e9 m\u00fazeum"},"image":{"@id":"https:\/\/pmza.sk\/#\/schema\/logo\/image\/"},"sameAs":["https:\/\/www.facebook.com\/povazskemuzeum","https:\/\/www.instagram.com\/povazskemuzeum\/"]},{"@type":"Person","@id":"https:\/\/pmza.sk\/#\/schema\/person\/f0b923a9aa8e1f67feef0d7cd9afde35","name":"libor","image":{"@type":"ImageObject","inLanguage":"sk-SK","@id":"https:\/\/secure.gravatar.com\/avatar\/c583dbc698e594aacced1589eb8cf1673bd41d461e8b2ab635484ffc26fee7b0?s=96&d=mm&r=g","url":"https:\/\/secure.gravatar.com\/avatar\/c583dbc698e594aacced1589eb8cf1673bd41d461e8b2ab635484ffc26fee7b0?s=96&d=mm&r=g","contentUrl":"https:\/\/secure.gravatar.com\/avatar\/c583dbc698e594aacced1589eb8cf1673bd41d461e8b2ab635484ffc26fee7b0?s=96&d=mm&r=g","caption":"libor"}}]}},"_links":{"self":[{"href":"https:\/\/pmza.sk\/index.php?rest_route=\/wp\/v2\/posts\/2450","targetHints":{"allow":["GET"]}}],"collection":[{"href":"https:\/\/pmza.sk\/index.php?rest_route=\/wp\/v2\/posts"}],"about":[{"href":"https:\/\/pmza.sk\/index.php?rest_route=\/wp\/v2\/types\/post"}],"author":[{"embeddable":true,"href":"https:\/\/pmza.sk\/index.php?rest_route=\/wp\/v2\/users\/1"}],"replies":[{"embeddable":true,"href":"https:\/\/pmza.sk\/index.php?rest_route=%2Fwp%2Fv2%2Fcomments&post=2450"}],"version-history":[{"count":0,"href":"https:\/\/pmza.sk\/index.php?rest_route=\/wp\/v2\/posts\/2450\/revisions"}],"wp:attachment":[{"href":"https:\/\/pmza.sk\/index.php?rest_route=%2Fwp%2Fv2%2Fmedia&parent=2450"}],"wp:term":[{"taxonomy":"category","embeddable":true,"href":"https:\/\/pmza.sk\/index.php?rest_route=%2Fwp%2Fv2%2Fcategories&post=2450"},{"taxonomy":"post_tag","embeddable":true,"href":"https:\/\/pmza.sk\/index.php?rest_route=%2Fwp%2Fv2%2Ftags&post=2450"}],"curies":[{"name":"wp","href":"https:\/\/api.w.org\/{rel}","templated":true}]}}