{"id":24564,"date":"2017-12-15T08:13:17","date_gmt":"2017-12-15T07:13:17","guid":{"rendered":"https:\/\/pmza.sk\/?p=24564"},"modified":"2017-12-15T08:13:17","modified_gmt":"2017-12-15T07:13:17","slug":"osvedcenie-o-sposobilosti-vykonavat-vedu-a-vyskum","status":"publish","type":"post","link":"https:\/\/pmza.sk\/?p=24564","title":{"rendered":"Osved\u010denie o sp\u00f4sobilosti vykon\u00e1va\u0165 vedu a v\u00fdskum"},"content":{"rendered":"<p>Ministerstvo \u0161kolstva, vedy, v\u00fdskumu a\u00a0\u0161portu vydalo Pova\u017esk\u00e9mu m\u00fazeu v\u00a0\u017diline na z\u00e1klade publikovan\u00fdch v\u00fdsledkov vedeckej pr\u00e1ce, eduka\u010dn\u00fdch a\u00a0prezenta\u010dn\u00fdch aktiv\u00edt, ktor\u00e9 posudzovala hodnotite\u013esk\u00e1 komisia zlo\u017een\u00e1 z\u00a0odborn\u00edkov r\u00f4znych vedn\u00fdch discipl\u00edn, osved\u010denie o\u00a0sp\u00f4sobilosti vykon\u00e1va\u0165 vedu a\u00a0v\u00fdskum.<\/p>\n<p><em>\u201eVeda a v\u00fdskum v\u017edy mali, a maj\u00fa i dnes, v\u00a0na\u0161om m\u00fazeu pevn\u00e9 miesto. V\u00fdsledky mnoh\u00fdch v\u00fdskumov s\u00fa prij\u00edman\u00e9 vedeckou obcou s uznan\u00edm, o \u010dom sved\u010dia desiatky odborn\u00fdch \u010dl\u00e1nkov a \u0161t\u00fadi\u00ed publikovan\u00fdch v odborn\u00fdch periodik\u00e1ch a vedeck\u00fdch monografi\u00e1ch. Dlhoro\u010dn\u00e1, systematick\u00e1 a svedomit\u00e1 v\u00fdskumn\u00e1 pr\u00e1ca poslednej gener\u00e1cie m\u00fazejn\u00edkov bola v uplynul\u00fdch d\u0148och korunovan\u00e1 \u00faspechom,\u201c<\/em> uviedol riadite\u013e PMZA Michal Jureck\u00fd.<\/p>\n<p>Pova\u017esk\u00e9 m\u00fazeum v\u00a0\u017diline sa ziskom osved\u010denia zaradilo medzi etablovan\u00e9 vedeck\u00e9 a\u00a0vzdel\u00e1vacie in\u0161tit\u00facie na Slovensku. V najbli\u017e\u0161\u00edch \u0161iestich rokoch sa m\u00f4\u017ee v\u010faka tomu uch\u00e1dza\u0165 o priame dot\u00e1cie svojich v\u00fdskumn\u00fdch projektov prostredn\u00edctvom Agent\u00fary na podporu v\u00fdskumu a v\u00fdvoja (APVV). Otv\u00e1ra sa tak jedine\u010dn\u00e1 pr\u00edle\u017eitos\u0165 sta\u0165 sa integr\u00e1lnou a\u00a0plnohodnotnou s\u00fa\u010das\u0165ou modernej svetovej vedy.<\/p>\n<p>Vedn\u00e9 odbory, zast\u00fapen\u00e9 v Pova\u017eskom m\u00fazeu v \u017diline, sa \u00faspe\u0161ne rozv\u00edjali u\u017e koncom p\u00e4\u0165desiatych rokov minul\u00e9ho storo\u010dia. Vtedaj\u0161ie pr\u00edrodovedn\u00e9 oddelenie sa akt\u00edvne zap\u00e1jalo do multidisciplin\u00e1rnych v\u00fdskumov, po\u010das ktor\u00fdch vtedaj\u0161\u00ed pracovn\u00edci tohto oddelenia spolupracovali s popredn\u00fdmi vedeck\u00fdmi in\u0161tit\u00faciami vtedaj\u0161ieho \u010ceskoslovenska. Podobne aj archeol\u00f3govia u\u017e v tomto obdob\u00ed nadviazali \u00fazku spolupr\u00e1cu s Archeologick\u00fdm \u00fastavom v Nitre, ktor\u00e1 \u00faspe\u0161ne pokra\u010duje dodnes. Historick\u00e9 vedy a\u00a0etnol\u00f3gia so zameran\u00edm na drot\u00e1rstvo sa v\u00a0na\u0161om m\u00fazeu \u00faspe\u0161ne rozv\u00edjali taktie\u017e v\u010faka mnohostrannej spolupr\u00e1ci s\u00a0podobne zameran\u00fdmi in\u0161tit\u00faciami nielen doma, ale aj v zahrani\u010d\u00ed.<\/p>\n<p>&nbsp;<\/p>\n<p><figure id=\"attachment_24567\" aria-describedby=\"caption-attachment-24567\" style=\"width: 150px\" class=\"wp-caption alignleft\"><a href=\"https:\/\/pmza.sk\/wp-content\/uploads\/2017\/12\/Pri-terennom-vykume-v-Krivanskej-Fatre_foto-Ing.-Juraj-Ziak.jpg\"><img decoding=\"async\" class=\"wp-image-24567 size-thumbnail\" src=\"https:\/\/pmza.sk\/wp-content\/uploads\/2017\/12\/Pri-terennom-vykume-v-Krivanskej-Fatre_foto-Ing.-Juraj-Ziak-150x113.jpg\" alt=\"\" width=\"150\" height=\"113\" \/><\/a><figcaption id=\"caption-attachment-24567\" class=\"wp-caption-text\">Pri ter\u00e9nnom v\u00fdskume v Kriv\u00e1nskej Fatre<\/figcaption><\/figure><figure id=\"attachment_24568\" aria-describedby=\"caption-attachment-24568\" style=\"width: 150px\" class=\"wp-caption alignleft\"><a href=\"https:\/\/pmza.sk\/wp-content\/uploads\/2017\/12\/Sledovanie-hibernacie-plcha-siveho_Hloska.jpg\"><img decoding=\"async\" class=\"wp-image-24568 size-thumbnail\" src=\"https:\/\/pmza.sk\/wp-content\/uploads\/2017\/12\/Sledovanie-hibernacie-plcha-siveho_Hloska-150x113.jpg\" alt=\"\" width=\"150\" height=\"113\" \/><\/a><figcaption id=\"caption-attachment-24568\" class=\"wp-caption-text\">Sledovanie hibern\u00e1cie plcha siv\u00e9ho<\/figcaption><\/figure><figure id=\"attachment_24569\" aria-describedby=\"caption-attachment-24569\" style=\"width: 150px\" class=\"wp-caption alignleft\"><a href=\"https:\/\/pmza.sk\/wp-content\/uploads\/2017\/12\/Vyskum-malych-masozravcov_Hloska.jpg\"><img decoding=\"async\" class=\"wp-image-24569 size-thumbnail\" src=\"https:\/\/pmza.sk\/wp-content\/uploads\/2017\/12\/Vyskum-malych-masozravcov_Hloska-150x113.jpg\" alt=\"\" width=\"150\" height=\"113\" \/><\/a><figcaption id=\"caption-attachment-24569\" class=\"wp-caption-text\">V\u00fdskum mal\u00fdch m\u00e4so\u017eravcov<\/figcaption><\/figure><figure id=\"attachment_24570\" aria-describedby=\"caption-attachment-24570\" style=\"width: 150px\" class=\"wp-caption alignleft\"><a href=\"https:\/\/pmza.sk\/wp-content\/uploads\/2017\/12\/Vzacny-hrabos-tatransky_Hloska-scaled-1.jpg\"><img loading=\"lazy\" decoding=\"async\" class=\"wp-image-24570 size-thumbnail\" src=\"https:\/\/pmza.sk\/wp-content\/uploads\/2017\/12\/Vz\u00e1cny-hrabo\u0161-tatransk\u00fd_Hl\u00f4\u0161ka-150x113.jpg\" alt=\"\" width=\"150\" height=\"113\" \/><\/a><figcaption id=\"caption-attachment-24570\" class=\"wp-caption-text\">Vz\u00e1cny hrabo\u0161 tatransk\u00fd<\/figcaption><\/figure><\/p>\n","protected":false},"excerpt":{"rendered":"<p>Ministerstvo \u0161kolstva, vedy, v\u00fdskumu a\u00a0\u0161portu vydalo Pova\u017esk\u00e9mu m\u00fazeu v\u00a0\u017diline na z\u00e1klade publikovan\u00fdch v\u00fdsledkov vedeckej pr\u00e1ce, eduka\u010dn\u00fdch a\u00a0prezenta\u010dn\u00fdch aktiv\u00edt, ktor\u00e9 posudzovala hodnotite\u013esk\u00e1 komisia zlo\u017een\u00e1 z\u00a0odborn\u00edkov r\u00f4znych vedn\u00fdch discipl\u00edn, osved\u010denie o\u00a0sp\u00f4sobilosti vykon\u00e1va\u0165 vedu a\u00a0v\u00fdskum. \u201eVeda a v\u00fdskum v\u017edy mali, a maj\u00fa i dnes, v\u00a0na\u0161om m\u00fazeu pevn\u00e9 miesto. V\u00fdsledky mnoh\u00fdch v\u00fdskumov s\u00fa prij\u00edman\u00e9 vedeckou obcou s uznan\u00edm, o [&hellip;]<\/p>\n","protected":false},"author":2,"featured_media":0,"comment_status":"closed","ping_status":"closed","sticky":false,"template":"","format":"standard","meta":{"site-sidebar-layout":"default","site-content-layout":"","ast-site-content-layout":"","site-content-style":"default","site-sidebar-style":"default","ast-global-header-display":"","ast-banner-title-visibility":"","ast-main-header-display":"","ast-hfb-above-header-display":"","ast-hfb-below-header-display":"","ast-hfb-mobile-header-display":"","site-post-title":"","ast-breadcrumbs-content":"","ast-featured-img":"","footer-sml-layout":"","theme-transparent-header-meta":"","adv-header-id-meta":"","stick-header-meta":"","header-above-stick-meta":"","header-main-stick-meta":"","header-below-stick-meta":"","astra-migrate-meta-layouts":"default","ast-page-background-enabled":"default","ast-page-background-meta":{"desktop":{"background-color":"var(--ast-global-color-4)","background-image":"","background-repeat":"repeat","background-position":"center center","background-size":"auto","background-attachment":"scroll","background-type":"","background-media":"","overlay-type":"","overlay-color":"","overlay-opacity":"","overlay-gradient":""},"tablet":{"background-color":"","background-image":"","background-repeat":"repeat","background-position":"center center","background-size":"auto","background-attachment":"scroll","background-type":"","background-media":"","overlay-type":"","overlay-color":"","overlay-opacity":"","overlay-gradient":""},"mobile":{"background-color":"","background-image":"","background-repeat":"repeat","background-position":"center center","background-size":"auto","background-attachment":"scroll","background-type":"","background-media":"","overlay-type":"","overlay-color":"","overlay-opacity":"","overlay-gradient":""}},"ast-content-background-meta":{"desktop":{"background-color":"var(--ast-global-color-5)","background-image":"","background-repeat":"repeat","background-position":"center center","background-size":"auto","background-attachment":"scroll","background-type":"","background-media":"","overlay-type":"","overlay-color":"","overlay-opacity":"","overlay-gradient":""},"tablet":{"background-color":"var(--ast-global-color-5)","background-image":"","background-repeat":"repeat","background-position":"center center","background-size":"auto","background-attachment":"scroll","background-type":"","background-media":"","overlay-type":"","overlay-color":"","overlay-opacity":"","overlay-gradient":""},"mobile":{"background-color":"var(--ast-global-color-5)","background-image":"","background-repeat":"repeat","background-position":"center center","background-size":"auto","background-attachment":"scroll","background-type":"","background-media":"","overlay-type":"","overlay-color":"","overlay-opacity":"","overlay-gradient":""}},"footnotes":""},"categories":[31],"tags":[],"class_list":["post-24564","post","type-post","status-publish","format-standard","hentry","category-aktuality"],"yoast_head":"<!-- This site is optimized with the Yoast SEO plugin v27.4 - https:\/\/yoast.com\/product\/yoast-seo-wordpress\/ -->\n<title>Osved\u010denie o sp\u00f4sobilosti vykon\u00e1va\u0165 vedu a v\u00fdskum - Pova\u017esk\u00e9 m\u00fazeum<\/title>\n<meta name=\"robots\" content=\"index, follow, max-snippet:-1, max-image-preview:large, max-video-preview:-1\" \/>\n<link rel=\"canonical\" href=\"https:\/\/pmza.sk\/?p=24564\" \/>\n<meta property=\"og:locale\" content=\"sk_SK\" \/>\n<meta property=\"og:type\" content=\"article\" \/>\n<meta property=\"og:title\" content=\"Osved\u010denie o sp\u00f4sobilosti vykon\u00e1va\u0165 vedu a v\u00fdskum - Pova\u017esk\u00e9 m\u00fazeum\" \/>\n<meta property=\"og:description\" content=\"Ministerstvo \u0161kolstva, vedy, v\u00fdskumu a\u00a0\u0161portu vydalo Pova\u017esk\u00e9mu m\u00fazeu v\u00a0\u017diline na z\u00e1klade publikovan\u00fdch v\u00fdsledkov vedeckej pr\u00e1ce, eduka\u010dn\u00fdch a\u00a0prezenta\u010dn\u00fdch aktiv\u00edt, ktor\u00e9 posudzovala hodnotite\u013esk\u00e1 komisia zlo\u017een\u00e1 z\u00a0odborn\u00edkov r\u00f4znych vedn\u00fdch discipl\u00edn, osved\u010denie o\u00a0sp\u00f4sobilosti vykon\u00e1va\u0165 vedu a\u00a0v\u00fdskum. \u201eVeda a v\u00fdskum v\u017edy mali, a maj\u00fa i dnes, v\u00a0na\u0161om m\u00fazeu pevn\u00e9 miesto. V\u00fdsledky mnoh\u00fdch v\u00fdskumov s\u00fa prij\u00edman\u00e9 vedeckou obcou s uznan\u00edm, o [&hellip;]\" \/>\n<meta property=\"og:url\" content=\"https:\/\/pmza.sk\/?p=24564\" \/>\n<meta property=\"og:site_name\" content=\"Pova\u017esk\u00e9 m\u00fazeum\" \/>\n<meta property=\"article:publisher\" content=\"https:\/\/www.facebook.com\/povazskemuzeum\" \/>\n<meta property=\"article:published_time\" content=\"2017-12-15T07:13:17+00:00\" \/>\n<meta property=\"og:image\" content=\"https:\/\/pmza.sk\/wp-content\/uploads\/2017\/12\/Pri-terennom-vykume-v-Krivanskej-Fatre_foto-Ing.-Juraj-Ziak-150x113.jpg\" \/>\n<meta name=\"author\" content=\"Pova\u017esk\u00e9 m\u00fazeum\" \/>\n<meta name=\"twitter:card\" content=\"summary_large_image\" \/>\n<meta name=\"twitter:label1\" content=\"Autor\" \/>\n\t<meta name=\"twitter:data1\" content=\"Pova\u017esk\u00e9 m\u00fazeum\" \/>\n\t<meta name=\"twitter:label2\" content=\"Predpokladan\u00fd \u010das \u010d\u00edtania\" \/>\n\t<meta name=\"twitter:data2\" content=\"2 min\u00faty\" \/>\n<script type=\"application\/ld+json\" class=\"yoast-schema-graph\">{\"@context\":\"https:\\\/\\\/schema.org\",\"@graph\":[{\"@type\":\"Article\",\"@id\":\"https:\\\/\\\/pmza.sk\\\/?p=24564#article\",\"isPartOf\":{\"@id\":\"https:\\\/\\\/pmza.sk\\\/?p=24564\"},\"author\":{\"name\":\"Pova\u017esk\u00e9 m\u00fazeum\",\"@id\":\"https:\\\/\\\/pmza.sk\\\/#\\\/schema\\\/person\\\/595e6a2ce731ea94dcd5d7f50a41ae33\"},\"headline\":\"Osved\u010denie o sp\u00f4sobilosti vykon\u00e1va\u0165 vedu a v\u00fdskum\",\"datePublished\":\"2017-12-15T07:13:17+00:00\",\"mainEntityOfPage\":{\"@id\":\"https:\\\/\\\/pmza.sk\\\/?p=24564\"},\"wordCount\":413,\"publisher\":{\"@id\":\"https:\\\/\\\/pmza.sk\\\/#organization\"},\"image\":{\"@id\":\"https:\\\/\\\/pmza.sk\\\/?p=24564#primaryimage\"},\"thumbnailUrl\":\"http:\\\/\\\/pmza.sk\\\/wp-content\\\/uploads\\\/2017\\\/12\\\/Pri-terennom-vykume-v-Krivanskej-Fatre_foto-Ing.-Juraj-Ziak-150x113.jpg\",\"articleSection\":[\"Aktuality\"],\"inLanguage\":\"sk-SK\"},{\"@type\":\"WebPage\",\"@id\":\"https:\\\/\\\/pmza.sk\\\/?p=24564\",\"url\":\"https:\\\/\\\/pmza.sk\\\/?p=24564\",\"name\":\"Osved\u010denie o sp\u00f4sobilosti vykon\u00e1va\u0165 vedu a v\u00fdskum - Pova\u017esk\u00e9 m\u00fazeum\",\"isPartOf\":{\"@id\":\"https:\\\/\\\/pmza.sk\\\/#website\"},\"primaryImageOfPage\":{\"@id\":\"https:\\\/\\\/pmza.sk\\\/?p=24564#primaryimage\"},\"image\":{\"@id\":\"https:\\\/\\\/pmza.sk\\\/?p=24564#primaryimage\"},\"thumbnailUrl\":\"http:\\\/\\\/pmza.sk\\\/wp-content\\\/uploads\\\/2017\\\/12\\\/Pri-terennom-vykume-v-Krivanskej-Fatre_foto-Ing.-Juraj-Ziak-150x113.jpg\",\"datePublished\":\"2017-12-15T07:13:17+00:00\",\"breadcrumb\":{\"@id\":\"https:\\\/\\\/pmza.sk\\\/?p=24564#breadcrumb\"},\"inLanguage\":\"sk-SK\",\"potentialAction\":[{\"@type\":\"ReadAction\",\"target\":[\"https:\\\/\\\/pmza.sk\\\/?p=24564\"]}]},{\"@type\":\"ImageObject\",\"inLanguage\":\"sk-SK\",\"@id\":\"https:\\\/\\\/pmza.sk\\\/?p=24564#primaryimage\",\"url\":\"https:\\\/\\\/pmza.sk\\\/wp-content\\\/uploads\\\/2017\\\/12\\\/Pri-terennom-vykume-v-Krivanskej-Fatre_foto-Ing.-Juraj-Ziak.jpg\",\"contentUrl\":\"https:\\\/\\\/pmza.sk\\\/wp-content\\\/uploads\\\/2017\\\/12\\\/Pri-terennom-vykume-v-Krivanskej-Fatre_foto-Ing.-Juraj-Ziak.jpg\",\"width\":960,\"height\":720},{\"@type\":\"BreadcrumbList\",\"@id\":\"https:\\\/\\\/pmza.sk\\\/?p=24564#breadcrumb\",\"itemListElement\":[{\"@type\":\"ListItem\",\"position\":1,\"name\":\"Domovsk\u00e1 str\u00e1nka\",\"item\":\"https:\\\/\\\/pmza.sk\\\/\"},{\"@type\":\"ListItem\",\"position\":2,\"name\":\"Osved\u010denie o sp\u00f4sobilosti vykon\u00e1va\u0165 vedu a v\u00fdskum\"}]},{\"@type\":\"WebSite\",\"@id\":\"https:\\\/\\\/pmza.sk\\\/#website\",\"url\":\"https:\\\/\\\/pmza.sk\\\/\",\"name\":\"Pova\u017esk\u00e9 m\u00fazeum\",\"description\":\"Pova\u017esk\u00e9 m\u00fazeum v \u017diline je region\u00e1lne m\u00fazeum so s\u00eddlom v Budat\u00edne. Jeho expoz\u00edcie s\u00fa zameran\u00e9 na dejiny slovensk\u00e9ho umenia, kult\u00fary a dopravy.\",\"publisher\":{\"@id\":\"https:\\\/\\\/pmza.sk\\\/#organization\"},\"potentialAction\":[{\"@type\":\"SearchAction\",\"target\":{\"@type\":\"EntryPoint\",\"urlTemplate\":\"https:\\\/\\\/pmza.sk\\\/?s={search_term_string}\"},\"query-input\":{\"@type\":\"PropertyValueSpecification\",\"valueRequired\":true,\"valueName\":\"search_term_string\"}}],\"inLanguage\":\"sk-SK\"},{\"@type\":\"Organization\",\"@id\":\"https:\\\/\\\/pmza.sk\\\/#organization\",\"name\":\"Pova\u017esk\u00e9 m\u00fazeum\",\"url\":\"https:\\\/\\\/pmza.sk\\\/\",\"logo\":{\"@type\":\"ImageObject\",\"inLanguage\":\"sk-SK\",\"@id\":\"https:\\\/\\\/pmza.sk\\\/#\\\/schema\\\/logo\\\/image\\\/\",\"url\":\"https:\\\/\\\/pmza.sk\\\/wp-content\\\/uploads\\\/2022\\\/01\\\/logo_PM_horizontal.jpg\",\"contentUrl\":\"https:\\\/\\\/pmza.sk\\\/wp-content\\\/uploads\\\/2022\\\/01\\\/logo_PM_horizontal.jpg\",\"width\":231,\"height\":142,\"caption\":\"Pova\u017esk\u00e9 m\u00fazeum\"},\"image\":{\"@id\":\"https:\\\/\\\/pmza.sk\\\/#\\\/schema\\\/logo\\\/image\\\/\"},\"sameAs\":[\"https:\\\/\\\/www.facebook.com\\\/povazskemuzeum\",\"https:\\\/\\\/www.instagram.com\\\/povazskemuzeum\\\/\"]},{\"@type\":\"Person\",\"@id\":\"https:\\\/\\\/pmza.sk\\\/#\\\/schema\\\/person\\\/595e6a2ce731ea94dcd5d7f50a41ae33\",\"name\":\"Pova\u017esk\u00e9 m\u00fazeum\",\"image\":{\"@type\":\"ImageObject\",\"inLanguage\":\"sk-SK\",\"@id\":\"https:\\\/\\\/secure.gravatar.com\\\/avatar\\\/2bb7f1561282132fb5826dfeccc66c7996d11ee392ac6aaf7ced8a1c2027fbb2?s=96&d=mm&r=g\",\"url\":\"https:\\\/\\\/secure.gravatar.com\\\/avatar\\\/2bb7f1561282132fb5826dfeccc66c7996d11ee392ac6aaf7ced8a1c2027fbb2?s=96&d=mm&r=g\",\"contentUrl\":\"https:\\\/\\\/secure.gravatar.com\\\/avatar\\\/2bb7f1561282132fb5826dfeccc66c7996d11ee392ac6aaf7ced8a1c2027fbb2?s=96&d=mm&r=g\",\"caption\":\"Pova\u017esk\u00e9 m\u00fazeum\"}}]}<\/script>\n<!-- \/ Yoast SEO plugin. -->","yoast_head_json":{"title":"Osved\u010denie o sp\u00f4sobilosti vykon\u00e1va\u0165 vedu a v\u00fdskum - Pova\u017esk\u00e9 m\u00fazeum","robots":{"index":"index","follow":"follow","max-snippet":"max-snippet:-1","max-image-preview":"max-image-preview:large","max-video-preview":"max-video-preview:-1"},"canonical":"https:\/\/pmza.sk\/?p=24564","og_locale":"sk_SK","og_type":"article","og_title":"Osved\u010denie o sp\u00f4sobilosti vykon\u00e1va\u0165 vedu a v\u00fdskum - Pova\u017esk\u00e9 m\u00fazeum","og_description":"Ministerstvo \u0161kolstva, vedy, v\u00fdskumu a\u00a0\u0161portu vydalo Pova\u017esk\u00e9mu m\u00fazeu v\u00a0\u017diline na z\u00e1klade publikovan\u00fdch v\u00fdsledkov vedeckej pr\u00e1ce, eduka\u010dn\u00fdch a\u00a0prezenta\u010dn\u00fdch aktiv\u00edt, ktor\u00e9 posudzovala hodnotite\u013esk\u00e1 komisia zlo\u017een\u00e1 z\u00a0odborn\u00edkov r\u00f4znych vedn\u00fdch discipl\u00edn, osved\u010denie o\u00a0sp\u00f4sobilosti vykon\u00e1va\u0165 vedu a\u00a0v\u00fdskum. \u201eVeda a v\u00fdskum v\u017edy mali, a maj\u00fa i dnes, v\u00a0na\u0161om m\u00fazeu pevn\u00e9 miesto. V\u00fdsledky mnoh\u00fdch v\u00fdskumov s\u00fa prij\u00edman\u00e9 vedeckou obcou s uznan\u00edm, o [&hellip;]","og_url":"https:\/\/pmza.sk\/?p=24564","og_site_name":"Pova\u017esk\u00e9 m\u00fazeum","article_publisher":"https:\/\/www.facebook.com\/povazskemuzeum","article_published_time":"2017-12-15T07:13:17+00:00","og_image":[{"url":"https:\/\/pmza.sk\/wp-content\/uploads\/2017\/12\/Pri-terennom-vykume-v-Krivanskej-Fatre_foto-Ing.-Juraj-Ziak-150x113.jpg","type":"","width":"","height":""}],"author":"Pova\u017esk\u00e9 m\u00fazeum","twitter_card":"summary_large_image","twitter_misc":{"Autor":"Pova\u017esk\u00e9 m\u00fazeum","Predpokladan\u00fd \u010das \u010d\u00edtania":"2 min\u00faty"},"schema":{"@context":"https:\/\/schema.org","@graph":[{"@type":"Article","@id":"https:\/\/pmza.sk\/?p=24564#article","isPartOf":{"@id":"https:\/\/pmza.sk\/?p=24564"},"author":{"name":"Pova\u017esk\u00e9 m\u00fazeum","@id":"https:\/\/pmza.sk\/#\/schema\/person\/595e6a2ce731ea94dcd5d7f50a41ae33"},"headline":"Osved\u010denie o sp\u00f4sobilosti vykon\u00e1va\u0165 vedu a v\u00fdskum","datePublished":"2017-12-15T07:13:17+00:00","mainEntityOfPage":{"@id":"https:\/\/pmza.sk\/?p=24564"},"wordCount":413,"publisher":{"@id":"https:\/\/pmza.sk\/#organization"},"image":{"@id":"https:\/\/pmza.sk\/?p=24564#primaryimage"},"thumbnailUrl":"https:\/\/pmza.sk\/wp-content\/uploads\/2017\/12\/Pri-terennom-vykume-v-Krivanskej-Fatre_foto-Ing.-Juraj-Ziak-150x113.jpg","articleSection":["Aktuality"],"inLanguage":"sk-SK"},{"@type":"WebPage","@id":"https:\/\/pmza.sk\/?p=24564","url":"https:\/\/pmza.sk\/?p=24564","name":"Osved\u010denie o sp\u00f4sobilosti vykon\u00e1va\u0165 vedu a v\u00fdskum - Pova\u017esk\u00e9 m\u00fazeum","isPartOf":{"@id":"https:\/\/pmza.sk\/#website"},"primaryImageOfPage":{"@id":"https:\/\/pmza.sk\/?p=24564#primaryimage"},"image":{"@id":"https:\/\/pmza.sk\/?p=24564#primaryimage"},"thumbnailUrl":"https:\/\/pmza.sk\/wp-content\/uploads\/2017\/12\/Pri-terennom-vykume-v-Krivanskej-Fatre_foto-Ing.-Juraj-Ziak-150x113.jpg","datePublished":"2017-12-15T07:13:17+00:00","breadcrumb":{"@id":"https:\/\/pmza.sk\/?p=24564#breadcrumb"},"inLanguage":"sk-SK","potentialAction":[{"@type":"ReadAction","target":["https:\/\/pmza.sk\/?p=24564"]}]},{"@type":"ImageObject","inLanguage":"sk-SK","@id":"https:\/\/pmza.sk\/?p=24564#primaryimage","url":"https:\/\/pmza.sk\/wp-content\/uploads\/2017\/12\/Pri-terennom-vykume-v-Krivanskej-Fatre_foto-Ing.-Juraj-Ziak.jpg","contentUrl":"https:\/\/pmza.sk\/wp-content\/uploads\/2017\/12\/Pri-terennom-vykume-v-Krivanskej-Fatre_foto-Ing.-Juraj-Ziak.jpg","width":960,"height":720},{"@type":"BreadcrumbList","@id":"https:\/\/pmza.sk\/?p=24564#breadcrumb","itemListElement":[{"@type":"ListItem","position":1,"name":"Domovsk\u00e1 str\u00e1nka","item":"https:\/\/pmza.sk\/"},{"@type":"ListItem","position":2,"name":"Osved\u010denie o sp\u00f4sobilosti vykon\u00e1va\u0165 vedu a v\u00fdskum"}]},{"@type":"WebSite","@id":"https:\/\/pmza.sk\/#website","url":"https:\/\/pmza.sk\/","name":"Pova\u017esk\u00e9 m\u00fazeum","description":"Pova\u017esk\u00e9 m\u00fazeum v \u017diline je region\u00e1lne m\u00fazeum so s\u00eddlom v Budat\u00edne. Jeho expoz\u00edcie s\u00fa zameran\u00e9 na dejiny slovensk\u00e9ho umenia, kult\u00fary a dopravy.","publisher":{"@id":"https:\/\/pmza.sk\/#organization"},"potentialAction":[{"@type":"SearchAction","target":{"@type":"EntryPoint","urlTemplate":"https:\/\/pmza.sk\/?s={search_term_string}"},"query-input":{"@type":"PropertyValueSpecification","valueRequired":true,"valueName":"search_term_string"}}],"inLanguage":"sk-SK"},{"@type":"Organization","@id":"https:\/\/pmza.sk\/#organization","name":"Pova\u017esk\u00e9 m\u00fazeum","url":"https:\/\/pmza.sk\/","logo":{"@type":"ImageObject","inLanguage":"sk-SK","@id":"https:\/\/pmza.sk\/#\/schema\/logo\/image\/","url":"https:\/\/pmza.sk\/wp-content\/uploads\/2022\/01\/logo_PM_horizontal.jpg","contentUrl":"https:\/\/pmza.sk\/wp-content\/uploads\/2022\/01\/logo_PM_horizontal.jpg","width":231,"height":142,"caption":"Pova\u017esk\u00e9 m\u00fazeum"},"image":{"@id":"https:\/\/pmza.sk\/#\/schema\/logo\/image\/"},"sameAs":["https:\/\/www.facebook.com\/povazskemuzeum","https:\/\/www.instagram.com\/povazskemuzeum\/"]},{"@type":"Person","@id":"https:\/\/pmza.sk\/#\/schema\/person\/595e6a2ce731ea94dcd5d7f50a41ae33","name":"Pova\u017esk\u00e9 m\u00fazeum","image":{"@type":"ImageObject","inLanguage":"sk-SK","@id":"https:\/\/secure.gravatar.com\/avatar\/2bb7f1561282132fb5826dfeccc66c7996d11ee392ac6aaf7ced8a1c2027fbb2?s=96&d=mm&r=g","url":"https:\/\/secure.gravatar.com\/avatar\/2bb7f1561282132fb5826dfeccc66c7996d11ee392ac6aaf7ced8a1c2027fbb2?s=96&d=mm&r=g","contentUrl":"https:\/\/secure.gravatar.com\/avatar\/2bb7f1561282132fb5826dfeccc66c7996d11ee392ac6aaf7ced8a1c2027fbb2?s=96&d=mm&r=g","caption":"Pova\u017esk\u00e9 m\u00fazeum"}}]}},"_links":{"self":[{"href":"https:\/\/pmza.sk\/index.php?rest_route=\/wp\/v2\/posts\/24564","targetHints":{"allow":["GET"]}}],"collection":[{"href":"https:\/\/pmza.sk\/index.php?rest_route=\/wp\/v2\/posts"}],"about":[{"href":"https:\/\/pmza.sk\/index.php?rest_route=\/wp\/v2\/types\/post"}],"author":[{"embeddable":true,"href":"https:\/\/pmza.sk\/index.php?rest_route=\/wp\/v2\/users\/2"}],"replies":[{"embeddable":true,"href":"https:\/\/pmza.sk\/index.php?rest_route=%2Fwp%2Fv2%2Fcomments&post=24564"}],"version-history":[{"count":0,"href":"https:\/\/pmza.sk\/index.php?rest_route=\/wp\/v2\/posts\/24564\/revisions"}],"wp:attachment":[{"href":"https:\/\/pmza.sk\/index.php?rest_route=%2Fwp%2Fv2%2Fmedia&parent=24564"}],"wp:term":[{"taxonomy":"category","embeddable":true,"href":"https:\/\/pmza.sk\/index.php?rest_route=%2Fwp%2Fv2%2Fcategories&post=24564"},{"taxonomy":"post_tag","embeddable":true,"href":"https:\/\/pmza.sk\/index.php?rest_route=%2Fwp%2Fv2%2Ftags&post=24564"}],"curies":[{"name":"wp","href":"https:\/\/api.w.org\/{rel}","templated":true}]}}