{"id":2459,"date":"2011-04-20T15:53:25","date_gmt":"2011-04-20T13:53:25","guid":{"rendered":"https:\/\/pmza.sk.sk\/?p=2459"},"modified":"2011-04-20T15:53:25","modified_gmt":"2011-04-20T13:53:25","slug":"slavnostne-otvorenie-sezony-na-hrade-strecno-bude-style-stredovekej-dediny","status":"publish","type":"post","link":"https:\/\/pmza.sk\/?p=2459","title":{"rendered":"Sl\u00e1vnostn\u00e9 otvorenie sez\u00f3ny na hrade Stre\u010dno bude v \u0161t\u00fdle Stredovekej dediny"},"content":{"rendered":"<p style=\"text-align: justify;\"><del><a href=\"https:\/\/pmza.sk\/wp-content\/uploads\/2011\/04\/otvorenie-sezony-2010.jpg\"><img fetchpriority=\"high\" decoding=\"async\" class=\"alignleft size-medium wp-image-2460\" style=\"border: 2px solid black; margin: 4px;\" title=\"otvorenie sezony 2010\" src=\"https:\/\/pmza.sk.sk\/wp-content\/uploads\/2011\/04\/otvorenie-sezony-2010-300x225.jpg\" alt=\"\" width=\"300\" height=\"225\" \/><\/a><\/del><span lang=\"sk\">Prv\u00e1 m\u00e1jov\u00e1 nede\u013ea u\u017e tradi\u010dne otvor\u00ed hlavn\u00fa turistick\u00fa sez\u00f3nu na hrade Stre\u010dno. Op\u00e4\u0165 bude bohat\u00e1 na program, ktor\u00fd\u00a0 tentoraz bude zameran\u00fd na \u017eivot pln\u00fd povinnost\u00ed a radost\u00ed jednoduch\u00e9ho \u010dloveka \u017eij\u00faceho v\u00a0podhrad\u00ed ve\u013ekolep\u00fdch panstiev. <!--more-->\u201e<em>Ka\u017ed\u00fd rok sa sna\u017e\u00edme sl\u00e1vnostn\u00e9 otvorenie sez\u00f3ny na hrade Stre\u010dno pripravi\u0165 atrakt\u00edvne a\u00a0z\u00e1rove\u0148 tematicky. Tohoro\u010dn\u00e9 otvorenie sa bude nies\u0165 v\u00a0atmosf\u00e9re stredoveku. Je to anal\u00f3gia na schv\u00e1len\u00fd cezhrani\u010dn\u00fd\u00a0 projekt t\u00fdkaj\u00faci sa v\u00fdstavby stredovek\u00fdch dom\u010dekov pod hradom Stre\u010dno a ktor\u00fd svoju prv\u00fa aktivitu za\u010dne implementova\u0165 u\u017e prv\u00e9ho m\u00e1ja vo ve\u010dern\u00fdch hodin\u00e1ch na hrade, <\/em>uviedol Boris Schubert, riadite\u013e Pova\u017esk\u00e9ho m\u00fazea v\u00a0\u017diline.<\/span><\/p>\n<p><span lang=\"sk\"> <\/span><\/p>\n<p style=\"text-align: justify;\"><span lang=\"sk\">Od r\u00e1na \u010dak\u00e1 n\u00e1v\u0161tevn\u00edkov hradu bohat\u00fd program. Spolo\u010dnos\u0165 historick\u00fdch umen\u00ed Bojn\u00edk z\u00a0Bojn\u00edc\u00a0 pripravila okrem stredovekej kuchyne, uk\u00e1\u017eok nelichotiv\u00fdch hygienick\u00fdch n\u00e1vykov poddan\u00fdch aj mu\u010diarensk\u00e9 procesy neposlu\u0161n\u00fdch obyvate\u013eov podhradia. Tort\u00faru l\u00e1man\u00edm kost\u00ed v\u00a0kolese a dere\u0161 m\u00f4\u017eu n\u00e1v\u0161tevn\u00edci nielen vidie\u0165, ale aj za\u017ei\u0165. Naopak, relaxova\u0165 bude mo\u017en\u00e9 pri renesan\u010dn\u00fdch talianskych tancoch, \u0161ermiarskych s\u00fabojoch, pri stretnut\u00ed s\u00a0Matuzalemom\u00a0 Stre\u010dna alebo pri \u017dofii Bosniakovej a\u00a0jej pr\u00edbehu ako na\u0161la svojho zodpovedn\u00e9ho z\u00e1stupcu, ktor\u00fd viedol jej chudobinec. \u201e<em>Mana\u017e\u00e9rske schopnosti a\u00a0gener\u00e1ciami odovzdan\u00e9 met\u00f3dy \u017dofiinho z\u00e1stupcu v\u00a0zmysle efekt\u00edvneho riadenia chudobinca boli pod\u013ea dostupn\u00fdch \u00fastnych prame\u0148ov tak presved\u010div\u00e9, \u017ee \u00fadajne \u017dofiou Bosniakovou zalo\u017een\u00fd chudobinec fungoval a\u017e do polovice dvadsiateho storo\u010dia, k\u00fdm nebol zru\u0161en\u00fd totalitn\u00fdm syst\u00e9mom<\/em>, upozornila Katar\u00edna Rep\u00e1\u0148ov\u00e1, spr\u00e1vky\u0148a hradu Stre\u010dno.<\/span><\/p>\n<p style=\"text-align: justify;\"><span lang=\"sk\">Sl\u00e1vnostn\u00e9 otvorenie hradu Stre\u010dno 1. m\u00e1ja 2011 u\u017e o\u00a09,00 h otv\u00e1raj\u00fa delostreleck\u00fdmi salvami Stre\u010dnianski hradn\u00ed delostrelci a program potrv\u00e1 a\u017e do 18,00h. O\u00a018,00 h bude v\u00a0Severnom pal\u00e1ci hradu Stre\u010dno pripraven\u00e1 prezent\u00e1cia a\u00a0vernis\u00e1\u017e projektu Stredovekej\u00a0 dediny, ktor\u00e1 pod stre\u010dnianskym hradom onedlho vyrastie.<\/span><\/p>\n<p>Organiz\u00e1torom je \u017dilinsk\u00fd samospr\u00e1vny kraj a\u00a0Pova\u017esk\u00e9 m\u00fazeum v\u00a0\u017diline.<\/p>\n<p>&nbsp;<\/p>\n<p>&nbsp;<\/p>\n","protected":false},"excerpt":{"rendered":"<p>Prv\u00e1 m\u00e1jov\u00e1 nede\u013ea u\u017e tradi\u010dne otvor\u00ed hlavn\u00fa turistick\u00fa sez\u00f3nu na hrade Stre\u010dno. Op\u00e4\u0165 bude bohat\u00e1 na program, ktor\u00fd\u00a0 tentoraz bude zameran\u00fd na \u017eivot pln\u00fd povinnost\u00ed a radost\u00ed jednoduch\u00e9ho \u010dloveka \u017eij\u00faceho v\u00a0podhrad\u00ed ve\u013ekolep\u00fdch panstiev.<\/p>\n","protected":false},"author":1,"featured_media":0,"comment_status":"closed","ping_status":"closed","sticky":false,"template":"","format":"standard","meta":{"site-sidebar-layout":"default","site-content-layout":"","ast-site-content-layout":"","site-content-style":"default","site-sidebar-style":"default","ast-global-header-display":"","ast-banner-title-visibility":"","ast-main-header-display":"","ast-hfb-above-header-display":"","ast-hfb-below-header-display":"","ast-hfb-mobile-header-display":"","site-post-title":"","ast-breadcrumbs-content":"","ast-featured-img":"","footer-sml-layout":"","theme-transparent-header-meta":"","adv-header-id-meta":"","stick-header-meta":"","header-above-stick-meta":"","header-main-stick-meta":"","header-below-stick-meta":"","astra-migrate-meta-layouts":"default","ast-page-background-enabled":"default","ast-page-background-meta":{"desktop":{"background-color":"var(--ast-global-color-4)","background-image":"","background-repeat":"repeat","background-position":"center center","background-size":"auto","background-attachment":"scroll","background-type":"","background-media":"","overlay-type":"","overlay-color":"","overlay-opacity":"","overlay-gradient":""},"tablet":{"background-color":"","background-image":"","background-repeat":"repeat","background-position":"center center","background-size":"auto","background-attachment":"scroll","background-type":"","background-media":"","overlay-type":"","overlay-color":"","overlay-opacity":"","overlay-gradient":""},"mobile":{"background-color":"","background-image":"","background-repeat":"repeat","background-position":"center center","background-size":"auto","background-attachment":"scroll","background-type":"","background-media":"","overlay-type":"","overlay-color":"","overlay-opacity":"","overlay-gradient":""}},"ast-content-background-meta":{"desktop":{"background-color":"var(--ast-global-color-5)","background-image":"","background-repeat":"repeat","background-position":"center center","background-size":"auto","background-attachment":"scroll","background-type":"","background-media":"","overlay-type":"","overlay-color":"","overlay-opacity":"","overlay-gradient":""},"tablet":{"background-color":"var(--ast-global-color-5)","background-image":"","background-repeat":"repeat","background-position":"center center","background-size":"auto","background-attachment":"scroll","background-type":"","background-media":"","overlay-type":"","overlay-color":"","overlay-opacity":"","overlay-gradient":""},"mobile":{"background-color":"var(--ast-global-color-5)","background-image":"","background-repeat":"repeat","background-position":"center center","background-size":"auto","background-attachment":"scroll","background-type":"","background-media":"","overlay-type":"","overlay-color":"","overlay-opacity":"","overlay-gradient":""}},"footnotes":""},"categories":[30],"tags":[],"class_list":["post-2459","post","type-post","status-publish","format-standard","hentry","category-archiv-2011"],"yoast_head":"<!-- This site is optimized with the Yoast SEO plugin v27.4 - https:\/\/yoast.com\/product\/yoast-seo-wordpress\/ -->\n<title>Sl\u00e1vnostn\u00e9 otvorenie sez\u00f3ny na hrade Stre\u010dno bude v \u0161t\u00fdle Stredovekej dediny - Pova\u017esk\u00e9 m\u00fazeum<\/title>\n<meta name=\"robots\" content=\"index, follow, max-snippet:-1, max-image-preview:large, max-video-preview:-1\" \/>\n<link rel=\"canonical\" href=\"https:\/\/pmza.sk\/?p=2459\" \/>\n<meta property=\"og:locale\" content=\"sk_SK\" \/>\n<meta property=\"og:type\" content=\"article\" \/>\n<meta property=\"og:title\" content=\"Sl\u00e1vnostn\u00e9 otvorenie sez\u00f3ny na hrade Stre\u010dno bude v \u0161t\u00fdle Stredovekej dediny - Pova\u017esk\u00e9 m\u00fazeum\" \/>\n<meta property=\"og:description\" content=\"Prv\u00e1 m\u00e1jov\u00e1 nede\u013ea u\u017e tradi\u010dne otvor\u00ed hlavn\u00fa turistick\u00fa sez\u00f3nu na hrade Stre\u010dno. Op\u00e4\u0165 bude bohat\u00e1 na program, ktor\u00fd\u00a0 tentoraz bude zameran\u00fd na \u017eivot pln\u00fd povinnost\u00ed a radost\u00ed jednoduch\u00e9ho \u010dloveka \u017eij\u00faceho v\u00a0podhrad\u00ed ve\u013ekolep\u00fdch panstiev.\" \/>\n<meta property=\"og:url\" content=\"https:\/\/pmza.sk\/?p=2459\" \/>\n<meta property=\"og:site_name\" content=\"Pova\u017esk\u00e9 m\u00fazeum\" \/>\n<meta property=\"article:publisher\" content=\"https:\/\/www.facebook.com\/povazskemuzeum\" \/>\n<meta property=\"article:published_time\" content=\"2011-04-20T13:53:25+00:00\" \/>\n<meta property=\"og:image\" content=\"https:\/\/pmza.sk.sk\/wp-content\/uploads\/2011\/04\/otvorenie-sezony-2010-300x225.jpg\" \/>\n<meta name=\"author\" content=\"libor\" \/>\n<meta name=\"twitter:card\" content=\"summary_large_image\" \/>\n<meta name=\"twitter:label1\" content=\"Autor\" \/>\n\t<meta name=\"twitter:data1\" content=\"libor\" \/>\n\t<meta name=\"twitter:label2\" content=\"Predpokladan\u00fd \u010das \u010d\u00edtania\" \/>\n\t<meta name=\"twitter:data2\" content=\"2 min\u00faty\" \/>\n<script type=\"application\/ld+json\" class=\"yoast-schema-graph\">{\"@context\":\"https:\\\/\\\/schema.org\",\"@graph\":[{\"@type\":\"Article\",\"@id\":\"https:\\\/\\\/pmza.sk\\\/?p=2459#article\",\"isPartOf\":{\"@id\":\"https:\\\/\\\/pmza.sk\\\/?p=2459\"},\"author\":{\"name\":\"libor\",\"@id\":\"https:\\\/\\\/pmza.sk\\\/#\\\/schema\\\/person\\\/f0b923a9aa8e1f67feef0d7cd9afde35\"},\"headline\":\"Sl\u00e1vnostn\u00e9 otvorenie sez\u00f3ny na hrade Stre\u010dno bude v \u0161t\u00fdle Stredovekej dediny\",\"datePublished\":\"2011-04-20T13:53:25+00:00\",\"mainEntityOfPage\":{\"@id\":\"https:\\\/\\\/pmza.sk\\\/?p=2459\"},\"wordCount\":383,\"publisher\":{\"@id\":\"https:\\\/\\\/pmza.sk\\\/#organization\"},\"image\":{\"@id\":\"https:\\\/\\\/pmza.sk\\\/?p=2459#primaryimage\"},\"thumbnailUrl\":\"http:\\\/\\\/pmza.sk.sk\\\/wp-content\\\/uploads\\\/2011\\\/04\\\/otvorenie-sezony-2010-300x225.jpg\",\"articleSection\":[\"Arch\u00edv 2011\"],\"inLanguage\":\"sk-SK\"},{\"@type\":\"WebPage\",\"@id\":\"https:\\\/\\\/pmza.sk\\\/?p=2459\",\"url\":\"https:\\\/\\\/pmza.sk\\\/?p=2459\",\"name\":\"Sl\u00e1vnostn\u00e9 otvorenie sez\u00f3ny na hrade Stre\u010dno bude v \u0161t\u00fdle Stredovekej dediny - Pova\u017esk\u00e9 m\u00fazeum\",\"isPartOf\":{\"@id\":\"https:\\\/\\\/pmza.sk\\\/#website\"},\"primaryImageOfPage\":{\"@id\":\"https:\\\/\\\/pmza.sk\\\/?p=2459#primaryimage\"},\"image\":{\"@id\":\"https:\\\/\\\/pmza.sk\\\/?p=2459#primaryimage\"},\"thumbnailUrl\":\"http:\\\/\\\/pmza.sk.sk\\\/wp-content\\\/uploads\\\/2011\\\/04\\\/otvorenie-sezony-2010-300x225.jpg\",\"datePublished\":\"2011-04-20T13:53:25+00:00\",\"breadcrumb\":{\"@id\":\"https:\\\/\\\/pmza.sk\\\/?p=2459#breadcrumb\"},\"inLanguage\":\"sk-SK\",\"potentialAction\":[{\"@type\":\"ReadAction\",\"target\":[\"https:\\\/\\\/pmza.sk\\\/?p=2459\"]}]},{\"@type\":\"ImageObject\",\"inLanguage\":\"sk-SK\",\"@id\":\"https:\\\/\\\/pmza.sk\\\/?p=2459#primaryimage\",\"url\":\"http:\\\/\\\/pmza.sk.sk\\\/wp-content\\\/uploads\\\/2011\\\/04\\\/otvorenie-sezony-2010-300x225.jpg\",\"contentUrl\":\"http:\\\/\\\/pmza.sk.sk\\\/wp-content\\\/uploads\\\/2011\\\/04\\\/otvorenie-sezony-2010-300x225.jpg\"},{\"@type\":\"BreadcrumbList\",\"@id\":\"https:\\\/\\\/pmza.sk\\\/?p=2459#breadcrumb\",\"itemListElement\":[{\"@type\":\"ListItem\",\"position\":1,\"name\":\"Domovsk\u00e1 str\u00e1nka\",\"item\":\"https:\\\/\\\/pmza.sk\\\/\"},{\"@type\":\"ListItem\",\"position\":2,\"name\":\"Sl\u00e1vnostn\u00e9 otvorenie sez\u00f3ny na hrade Stre\u010dno bude v \u0161t\u00fdle Stredovekej dediny\"}]},{\"@type\":\"WebSite\",\"@id\":\"https:\\\/\\\/pmza.sk\\\/#website\",\"url\":\"https:\\\/\\\/pmza.sk\\\/\",\"name\":\"Pova\u017esk\u00e9 m\u00fazeum\",\"description\":\"Pova\u017esk\u00e9 m\u00fazeum v \u017diline je region\u00e1lne m\u00fazeum so s\u00eddlom v Budat\u00edne. Jeho expoz\u00edcie s\u00fa zameran\u00e9 na dejiny slovensk\u00e9ho umenia, kult\u00fary a dopravy.\",\"publisher\":{\"@id\":\"https:\\\/\\\/pmza.sk\\\/#organization\"},\"potentialAction\":[{\"@type\":\"SearchAction\",\"target\":{\"@type\":\"EntryPoint\",\"urlTemplate\":\"https:\\\/\\\/pmza.sk\\\/?s={search_term_string}\"},\"query-input\":{\"@type\":\"PropertyValueSpecification\",\"valueRequired\":true,\"valueName\":\"search_term_string\"}}],\"inLanguage\":\"sk-SK\"},{\"@type\":\"Organization\",\"@id\":\"https:\\\/\\\/pmza.sk\\\/#organization\",\"name\":\"Pova\u017esk\u00e9 m\u00fazeum\",\"url\":\"https:\\\/\\\/pmza.sk\\\/\",\"logo\":{\"@type\":\"ImageObject\",\"inLanguage\":\"sk-SK\",\"@id\":\"https:\\\/\\\/pmza.sk\\\/#\\\/schema\\\/logo\\\/image\\\/\",\"url\":\"https:\\\/\\\/pmza.sk\\\/wp-content\\\/uploads\\\/2022\\\/01\\\/logo_PM_horizontal.jpg\",\"contentUrl\":\"https:\\\/\\\/pmza.sk\\\/wp-content\\\/uploads\\\/2022\\\/01\\\/logo_PM_horizontal.jpg\",\"width\":231,\"height\":142,\"caption\":\"Pova\u017esk\u00e9 m\u00fazeum\"},\"image\":{\"@id\":\"https:\\\/\\\/pmza.sk\\\/#\\\/schema\\\/logo\\\/image\\\/\"},\"sameAs\":[\"https:\\\/\\\/www.facebook.com\\\/povazskemuzeum\",\"https:\\\/\\\/www.instagram.com\\\/povazskemuzeum\\\/\"]},{\"@type\":\"Person\",\"@id\":\"https:\\\/\\\/pmza.sk\\\/#\\\/schema\\\/person\\\/f0b923a9aa8e1f67feef0d7cd9afde35\",\"name\":\"libor\",\"image\":{\"@type\":\"ImageObject\",\"inLanguage\":\"sk-SK\",\"@id\":\"https:\\\/\\\/secure.gravatar.com\\\/avatar\\\/c583dbc698e594aacced1589eb8cf1673bd41d461e8b2ab635484ffc26fee7b0?s=96&d=mm&r=g\",\"url\":\"https:\\\/\\\/secure.gravatar.com\\\/avatar\\\/c583dbc698e594aacced1589eb8cf1673bd41d461e8b2ab635484ffc26fee7b0?s=96&d=mm&r=g\",\"contentUrl\":\"https:\\\/\\\/secure.gravatar.com\\\/avatar\\\/c583dbc698e594aacced1589eb8cf1673bd41d461e8b2ab635484ffc26fee7b0?s=96&d=mm&r=g\",\"caption\":\"libor\"}}]}<\/script>\n<!-- \/ Yoast SEO plugin. -->","yoast_head_json":{"title":"Sl\u00e1vnostn\u00e9 otvorenie sez\u00f3ny na hrade Stre\u010dno bude v \u0161t\u00fdle Stredovekej dediny - Pova\u017esk\u00e9 m\u00fazeum","robots":{"index":"index","follow":"follow","max-snippet":"max-snippet:-1","max-image-preview":"max-image-preview:large","max-video-preview":"max-video-preview:-1"},"canonical":"https:\/\/pmza.sk\/?p=2459","og_locale":"sk_SK","og_type":"article","og_title":"Sl\u00e1vnostn\u00e9 otvorenie sez\u00f3ny na hrade Stre\u010dno bude v \u0161t\u00fdle Stredovekej dediny - Pova\u017esk\u00e9 m\u00fazeum","og_description":"Prv\u00e1 m\u00e1jov\u00e1 nede\u013ea u\u017e tradi\u010dne otvor\u00ed hlavn\u00fa turistick\u00fa sez\u00f3nu na hrade Stre\u010dno. Op\u00e4\u0165 bude bohat\u00e1 na program, ktor\u00fd\u00a0 tentoraz bude zameran\u00fd na \u017eivot pln\u00fd povinnost\u00ed a radost\u00ed jednoduch\u00e9ho \u010dloveka \u017eij\u00faceho v\u00a0podhrad\u00ed ve\u013ekolep\u00fdch panstiev.","og_url":"https:\/\/pmza.sk\/?p=2459","og_site_name":"Pova\u017esk\u00e9 m\u00fazeum","article_publisher":"https:\/\/www.facebook.com\/povazskemuzeum","article_published_time":"2011-04-20T13:53:25+00:00","og_image":[{"url":"https:\/\/pmza.sk.sk\/wp-content\/uploads\/2011\/04\/otvorenie-sezony-2010-300x225.jpg","type":"","width":"","height":""}],"author":"libor","twitter_card":"summary_large_image","twitter_misc":{"Autor":"libor","Predpokladan\u00fd \u010das \u010d\u00edtania":"2 min\u00faty"},"schema":{"@context":"https:\/\/schema.org","@graph":[{"@type":"Article","@id":"https:\/\/pmza.sk\/?p=2459#article","isPartOf":{"@id":"https:\/\/pmza.sk\/?p=2459"},"author":{"name":"libor","@id":"https:\/\/pmza.sk\/#\/schema\/person\/f0b923a9aa8e1f67feef0d7cd9afde35"},"headline":"Sl\u00e1vnostn\u00e9 otvorenie sez\u00f3ny na hrade Stre\u010dno bude v \u0161t\u00fdle Stredovekej dediny","datePublished":"2011-04-20T13:53:25+00:00","mainEntityOfPage":{"@id":"https:\/\/pmza.sk\/?p=2459"},"wordCount":383,"publisher":{"@id":"https:\/\/pmza.sk\/#organization"},"image":{"@id":"https:\/\/pmza.sk\/?p=2459#primaryimage"},"thumbnailUrl":"https:\/\/pmza.sk.sk\/wp-content\/uploads\/2011\/04\/otvorenie-sezony-2010-300x225.jpg","articleSection":["Arch\u00edv 2011"],"inLanguage":"sk-SK"},{"@type":"WebPage","@id":"https:\/\/pmza.sk\/?p=2459","url":"https:\/\/pmza.sk\/?p=2459","name":"Sl\u00e1vnostn\u00e9 otvorenie sez\u00f3ny na hrade Stre\u010dno bude v \u0161t\u00fdle Stredovekej dediny - Pova\u017esk\u00e9 m\u00fazeum","isPartOf":{"@id":"https:\/\/pmza.sk\/#website"},"primaryImageOfPage":{"@id":"https:\/\/pmza.sk\/?p=2459#primaryimage"},"image":{"@id":"https:\/\/pmza.sk\/?p=2459#primaryimage"},"thumbnailUrl":"https:\/\/pmza.sk.sk\/wp-content\/uploads\/2011\/04\/otvorenie-sezony-2010-300x225.jpg","datePublished":"2011-04-20T13:53:25+00:00","breadcrumb":{"@id":"https:\/\/pmza.sk\/?p=2459#breadcrumb"},"inLanguage":"sk-SK","potentialAction":[{"@type":"ReadAction","target":["https:\/\/pmza.sk\/?p=2459"]}]},{"@type":"ImageObject","inLanguage":"sk-SK","@id":"https:\/\/pmza.sk\/?p=2459#primaryimage","url":"https:\/\/pmza.sk.sk\/wp-content\/uploads\/2011\/04\/otvorenie-sezony-2010-300x225.jpg","contentUrl":"https:\/\/pmza.sk.sk\/wp-content\/uploads\/2011\/04\/otvorenie-sezony-2010-300x225.jpg"},{"@type":"BreadcrumbList","@id":"https:\/\/pmza.sk\/?p=2459#breadcrumb","itemListElement":[{"@type":"ListItem","position":1,"name":"Domovsk\u00e1 str\u00e1nka","item":"https:\/\/pmza.sk\/"},{"@type":"ListItem","position":2,"name":"Sl\u00e1vnostn\u00e9 otvorenie sez\u00f3ny na hrade Stre\u010dno bude v \u0161t\u00fdle Stredovekej dediny"}]},{"@type":"WebSite","@id":"https:\/\/pmza.sk\/#website","url":"https:\/\/pmza.sk\/","name":"Pova\u017esk\u00e9 m\u00fazeum","description":"Pova\u017esk\u00e9 m\u00fazeum v \u017diline je region\u00e1lne m\u00fazeum so s\u00eddlom v Budat\u00edne. Jeho expoz\u00edcie s\u00fa zameran\u00e9 na dejiny slovensk\u00e9ho umenia, kult\u00fary a dopravy.","publisher":{"@id":"https:\/\/pmza.sk\/#organization"},"potentialAction":[{"@type":"SearchAction","target":{"@type":"EntryPoint","urlTemplate":"https:\/\/pmza.sk\/?s={search_term_string}"},"query-input":{"@type":"PropertyValueSpecification","valueRequired":true,"valueName":"search_term_string"}}],"inLanguage":"sk-SK"},{"@type":"Organization","@id":"https:\/\/pmza.sk\/#organization","name":"Pova\u017esk\u00e9 m\u00fazeum","url":"https:\/\/pmza.sk\/","logo":{"@type":"ImageObject","inLanguage":"sk-SK","@id":"https:\/\/pmza.sk\/#\/schema\/logo\/image\/","url":"https:\/\/pmza.sk\/wp-content\/uploads\/2022\/01\/logo_PM_horizontal.jpg","contentUrl":"https:\/\/pmza.sk\/wp-content\/uploads\/2022\/01\/logo_PM_horizontal.jpg","width":231,"height":142,"caption":"Pova\u017esk\u00e9 m\u00fazeum"},"image":{"@id":"https:\/\/pmza.sk\/#\/schema\/logo\/image\/"},"sameAs":["https:\/\/www.facebook.com\/povazskemuzeum","https:\/\/www.instagram.com\/povazskemuzeum\/"]},{"@type":"Person","@id":"https:\/\/pmza.sk\/#\/schema\/person\/f0b923a9aa8e1f67feef0d7cd9afde35","name":"libor","image":{"@type":"ImageObject","inLanguage":"sk-SK","@id":"https:\/\/secure.gravatar.com\/avatar\/c583dbc698e594aacced1589eb8cf1673bd41d461e8b2ab635484ffc26fee7b0?s=96&d=mm&r=g","url":"https:\/\/secure.gravatar.com\/avatar\/c583dbc698e594aacced1589eb8cf1673bd41d461e8b2ab635484ffc26fee7b0?s=96&d=mm&r=g","contentUrl":"https:\/\/secure.gravatar.com\/avatar\/c583dbc698e594aacced1589eb8cf1673bd41d461e8b2ab635484ffc26fee7b0?s=96&d=mm&r=g","caption":"libor"}}]}},"_links":{"self":[{"href":"https:\/\/pmza.sk\/index.php?rest_route=\/wp\/v2\/posts\/2459","targetHints":{"allow":["GET"]}}],"collection":[{"href":"https:\/\/pmza.sk\/index.php?rest_route=\/wp\/v2\/posts"}],"about":[{"href":"https:\/\/pmza.sk\/index.php?rest_route=\/wp\/v2\/types\/post"}],"author":[{"embeddable":true,"href":"https:\/\/pmza.sk\/index.php?rest_route=\/wp\/v2\/users\/1"}],"replies":[{"embeddable":true,"href":"https:\/\/pmza.sk\/index.php?rest_route=%2Fwp%2Fv2%2Fcomments&post=2459"}],"version-history":[{"count":0,"href":"https:\/\/pmza.sk\/index.php?rest_route=\/wp\/v2\/posts\/2459\/revisions"}],"wp:attachment":[{"href":"https:\/\/pmza.sk\/index.php?rest_route=%2Fwp%2Fv2%2Fmedia&parent=2459"}],"wp:term":[{"taxonomy":"category","embeddable":true,"href":"https:\/\/pmza.sk\/index.php?rest_route=%2Fwp%2Fv2%2Fcategories&post=2459"},{"taxonomy":"post_tag","embeddable":true,"href":"https:\/\/pmza.sk\/index.php?rest_route=%2Fwp%2Fv2%2Ftags&post=2459"}],"curies":[{"name":"wp","href":"https:\/\/api.w.org\/{rel}","templated":true}]}}