{"id":24763,"date":"2018-01-17T12:00:39","date_gmt":"2018-01-17T11:00:39","guid":{"rendered":"https:\/\/pmza.sk\/?p=24763"},"modified":"2018-01-17T12:00:39","modified_gmt":"2018-01-17T11:00:39","slug":"inovovali-sme-logo-pmza","status":"publish","type":"post","link":"https:\/\/pmza.sk\/?p=24763","title":{"rendered":"M\u00fazeum vst\u00fapilo do nov\u00e9ho roka s nov\u00fdm dizajnmanu\u00e1lom"},"content":{"rendered":"<p>Do nov\u00e9ho roka 2018 vstupuje Pova\u017esk\u00e9 m\u00fazeum v \u017diline nielen s inovovan\u00fdm logom m\u00fazea, ale aj s kompletne nov\u00fdm dizajnmanu\u00e1lom. Po dlh\u00fdch rokoch, kedy sa vyu\u017e\u00edvali nejednotn\u00e9 vizu\u00e1ly loga i m\u00fazea, sa kone\u010dne m\u00fazeum do\u010dkalo komplexn\u00e9ho spracovania jednotn\u00e9ho dizajnu. Vytvorenie nov\u00e9ho dizajnmanu\u00e1lu podporil aj zria\u010fovate\u013e m\u00fazea, \u017dilinsk\u00fd samospr\u00e1vny kraj.\u00a0Autorom nov\u00e9ho dizajnmanu\u00e1lu Pova\u017esk\u00e9ho m\u00fazea v \u017diline je <a href=\"http:\/\/profigrafik.sk\/\">Profigrafik.sk<\/a>.<\/p>\n<p>Dizajnmanu\u00e1l, ktor\u00fd si cel\u00fd m\u00f4\u017eete pozrie\u0165 na hlavnej str\u00e1nke m\u00fazea, sa v t\u00fdchto d\u0148och postupne zapracov\u00e1va do v\u0161etk\u00fdch materi\u00e1lov vyd\u00e1van\u00fdch a produkovan\u00fdch Pova\u017esk\u00fdm m\u00fazeom. Inovovan\u00e9 logo je snahou m\u00fazea zmodernizova\u0165 a zlep\u0161i\u0165 vizu\u00e1lne vn\u00edmanie na\u0161ej in\u0161tit\u00facie. Koh\u00fat v logu PMZA na\u010falej zost\u00e1va, no v jednoduch\u0161om variante a jeho grafick\u00e9 prvky sa bud\u00fa objavova\u0165 na r\u00f4znych propaga\u010dn\u00fdch materi\u00e1loch m\u00fazea. Pova\u017esk\u00e9 m\u00fazeum v\u00a0\u017diline pou\u017e\u00edva logo koh\u00fata od roku 1990 ako symbol nov\u00e9ho za\u010diatku i\u00a0svojej v\u00e4zby na drot\u00e1rstvo. Plastika Jozefa Keraka\u00a0zo za\u010diatku \u0161tyridsiatych rokov 20. storo\u010dia bola prv\u00e1 a\u00a0na dlh\u00fd \u010das jedin\u00e1 pr\u00e1ca zobrazuj\u00faca mot\u00edv koh\u00fata v\u00a0dr\u00f4te.<\/p>\n<p>Nov\u00fd dizajnmanu\u00e1l si m\u00f4\u017eete pozrie\u0165 aj <a href=\"https:\/\/pmza.sk\/wp-content\/uploads\/2018\/01\/PMZA_DM_22_01_2018.pdf\">TU<\/a>.<\/p>\n","protected":false},"excerpt":{"rendered":"<p>Do nov\u00e9ho roka 2018 vstupuje Pova\u017esk\u00e9 m\u00fazeum v \u017diline nielen s inovovan\u00fdm logom m\u00fazea, ale aj s kompletne nov\u00fdm dizajnmanu\u00e1lom. Po dlh\u00fdch rokoch, kedy sa vyu\u017e\u00edvali nejednotn\u00e9 vizu\u00e1ly loga i m\u00fazea, sa kone\u010dne m\u00fazeum do\u010dkalo komplexn\u00e9ho spracovania jednotn\u00e9ho dizajnu. Vytvorenie nov\u00e9ho dizajnmanu\u00e1lu podporil aj zria\u010fovate\u013e m\u00fazea, \u017dilinsk\u00fd samospr\u00e1vny kraj.\u00a0Autorom nov\u00e9ho dizajnmanu\u00e1lu Pova\u017esk\u00e9ho m\u00fazea v \u017diline [&hellip;]<\/p>\n","protected":false},"author":2,"featured_media":24815,"comment_status":"closed","ping_status":"closed","sticky":false,"template":"","format":"standard","meta":{"site-sidebar-layout":"default","site-content-layout":"","ast-site-content-layout":"","site-content-style":"default","site-sidebar-style":"default","ast-global-header-display":"","ast-banner-title-visibility":"","ast-main-header-display":"","ast-hfb-above-header-display":"","ast-hfb-below-header-display":"","ast-hfb-mobile-header-display":"","site-post-title":"","ast-breadcrumbs-content":"","ast-featured-img":"","footer-sml-layout":"","theme-transparent-header-meta":"","adv-header-id-meta":"","stick-header-meta":"","header-above-stick-meta":"","header-main-stick-meta":"","header-below-stick-meta":"","astra-migrate-meta-layouts":"default","ast-page-background-enabled":"default","ast-page-background-meta":{"desktop":{"background-color":"var(--ast-global-color-4)","background-image":"","background-repeat":"repeat","background-position":"center center","background-size":"auto","background-attachment":"scroll","background-type":"","background-media":"","overlay-type":"","overlay-color":"","overlay-opacity":"","overlay-gradient":""},"tablet":{"background-color":"","background-image":"","background-repeat":"repeat","background-position":"center center","background-size":"auto","background-attachment":"scroll","background-type":"","background-media":"","overlay-type":"","overlay-color":"","overlay-opacity":"","overlay-gradient":""},"mobile":{"background-color":"","background-image":"","background-repeat":"repeat","background-position":"center center","background-size":"auto","background-attachment":"scroll","background-type":"","background-media":"","overlay-type":"","overlay-color":"","overlay-opacity":"","overlay-gradient":""}},"ast-content-background-meta":{"desktop":{"background-color":"var(--ast-global-color-5)","background-image":"","background-repeat":"repeat","background-position":"center center","background-size":"auto","background-attachment":"scroll","background-type":"","background-media":"","overlay-type":"","overlay-color":"","overlay-opacity":"","overlay-gradient":""},"tablet":{"background-color":"var(--ast-global-color-5)","background-image":"","background-repeat":"repeat","background-position":"center center","background-size":"auto","background-attachment":"scroll","background-type":"","background-media":"","overlay-type":"","overlay-color":"","overlay-opacity":"","overlay-gradient":""},"mobile":{"background-color":"var(--ast-global-color-5)","background-image":"","background-repeat":"repeat","background-position":"center center","background-size":"auto","background-attachment":"scroll","background-type":"","background-media":"","overlay-type":"","overlay-color":"","overlay-opacity":"","overlay-gradient":""}},"footnotes":""},"categories":[1],"tags":[],"class_list":["post-24763","post","type-post","status-publish","format-standard","has-post-thumbnail","hentry","category-nezaradene"],"yoast_head":"<!-- This site is optimized with the Yoast SEO plugin v27.4 - https:\/\/yoast.com\/product\/yoast-seo-wordpress\/ -->\n<title>M\u00fazeum vst\u00fapilo do nov\u00e9ho roka s nov\u00fdm dizajnmanu\u00e1lom - Pova\u017esk\u00e9 m\u00fazeum<\/title>\n<meta name=\"robots\" content=\"index, follow, max-snippet:-1, max-image-preview:large, max-video-preview:-1\" \/>\n<link rel=\"canonical\" href=\"https:\/\/pmza.sk\/?p=24763\" \/>\n<meta property=\"og:locale\" content=\"sk_SK\" \/>\n<meta property=\"og:type\" content=\"article\" \/>\n<meta property=\"og:title\" content=\"M\u00fazeum vst\u00fapilo do nov\u00e9ho roka s nov\u00fdm dizajnmanu\u00e1lom - Pova\u017esk\u00e9 m\u00fazeum\" \/>\n<meta property=\"og:description\" content=\"Do nov\u00e9ho roka 2018 vstupuje Pova\u017esk\u00e9 m\u00fazeum v \u017diline nielen s inovovan\u00fdm logom m\u00fazea, ale aj s kompletne nov\u00fdm dizajnmanu\u00e1lom. Po dlh\u00fdch rokoch, kedy sa vyu\u017e\u00edvali nejednotn\u00e9 vizu\u00e1ly loga i m\u00fazea, sa kone\u010dne m\u00fazeum do\u010dkalo komplexn\u00e9ho spracovania jednotn\u00e9ho dizajnu. Vytvorenie nov\u00e9ho dizajnmanu\u00e1lu podporil aj zria\u010fovate\u013e m\u00fazea, \u017dilinsk\u00fd samospr\u00e1vny kraj.\u00a0Autorom nov\u00e9ho dizajnmanu\u00e1lu Pova\u017esk\u00e9ho m\u00fazea v \u017diline [&hellip;]\" \/>\n<meta property=\"og:url\" content=\"https:\/\/pmza.sk\/?p=24763\" \/>\n<meta property=\"og:site_name\" content=\"Pova\u017esk\u00e9 m\u00fazeum\" \/>\n<meta property=\"article:publisher\" content=\"https:\/\/www.facebook.com\/povazskemuzeum\" \/>\n<meta property=\"article:published_time\" content=\"2018-01-17T11:00:39+00:00\" \/>\n<meta property=\"og:image\" content=\"https:\/\/pmza.sk\/wp-content\/uploads\/2018\/01\/uvodna-strana-DM-scaled-1.jpg\" \/>\n\t<meta property=\"og:image:width\" content=\"1809\" \/>\n\t<meta property=\"og:image:height\" content=\"2560\" \/>\n\t<meta property=\"og:image:type\" content=\"image\/jpeg\" \/>\n<meta name=\"author\" content=\"Pova\u017esk\u00e9 m\u00fazeum\" \/>\n<meta name=\"twitter:card\" content=\"summary_large_image\" \/>\n<meta name=\"twitter:label1\" content=\"Autor\" \/>\n\t<meta name=\"twitter:data1\" content=\"Pova\u017esk\u00e9 m\u00fazeum\" \/>\n\t<meta name=\"twitter:label2\" content=\"Predpokladan\u00fd \u010das \u010d\u00edtania\" \/>\n\t<meta name=\"twitter:data2\" content=\"1 min\u00fata\" \/>\n<script type=\"application\/ld+json\" class=\"yoast-schema-graph\">{\"@context\":\"https:\\\/\\\/schema.org\",\"@graph\":[{\"@type\":\"Article\",\"@id\":\"https:\\\/\\\/pmza.sk\\\/?p=24763#article\",\"isPartOf\":{\"@id\":\"https:\\\/\\\/pmza.sk\\\/?p=24763\"},\"author\":{\"name\":\"Pova\u017esk\u00e9 m\u00fazeum\",\"@id\":\"https:\\\/\\\/pmza.sk\\\/#\\\/schema\\\/person\\\/595e6a2ce731ea94dcd5d7f50a41ae33\"},\"headline\":\"M\u00fazeum vst\u00fapilo do nov\u00e9ho roka s nov\u00fdm dizajnmanu\u00e1lom\",\"datePublished\":\"2018-01-17T11:00:39+00:00\",\"mainEntityOfPage\":{\"@id\":\"https:\\\/\\\/pmza.sk\\\/?p=24763\"},\"wordCount\":250,\"publisher\":{\"@id\":\"https:\\\/\\\/pmza.sk\\\/#organization\"},\"image\":{\"@id\":\"https:\\\/\\\/pmza.sk\\\/?p=24763#primaryimage\"},\"thumbnailUrl\":\"https:\\\/\\\/pmza.sk\\\/wp-content\\\/uploads\\\/2018\\\/01\\\/uvodna-strana-DM-scaled-1.jpg\",\"inLanguage\":\"sk-SK\"},{\"@type\":\"WebPage\",\"@id\":\"https:\\\/\\\/pmza.sk\\\/?p=24763\",\"url\":\"https:\\\/\\\/pmza.sk\\\/?p=24763\",\"name\":\"M\u00fazeum vst\u00fapilo do nov\u00e9ho roka s nov\u00fdm dizajnmanu\u00e1lom - Pova\u017esk\u00e9 m\u00fazeum\",\"isPartOf\":{\"@id\":\"https:\\\/\\\/pmza.sk\\\/#website\"},\"primaryImageOfPage\":{\"@id\":\"https:\\\/\\\/pmza.sk\\\/?p=24763#primaryimage\"},\"image\":{\"@id\":\"https:\\\/\\\/pmza.sk\\\/?p=24763#primaryimage\"},\"thumbnailUrl\":\"https:\\\/\\\/pmza.sk\\\/wp-content\\\/uploads\\\/2018\\\/01\\\/uvodna-strana-DM-scaled-1.jpg\",\"datePublished\":\"2018-01-17T11:00:39+00:00\",\"breadcrumb\":{\"@id\":\"https:\\\/\\\/pmza.sk\\\/?p=24763#breadcrumb\"},\"inLanguage\":\"sk-SK\",\"potentialAction\":[{\"@type\":\"ReadAction\",\"target\":[\"https:\\\/\\\/pmza.sk\\\/?p=24763\"]}]},{\"@type\":\"ImageObject\",\"inLanguage\":\"sk-SK\",\"@id\":\"https:\\\/\\\/pmza.sk\\\/?p=24763#primaryimage\",\"url\":\"https:\\\/\\\/pmza.sk\\\/wp-content\\\/uploads\\\/2018\\\/01\\\/uvodna-strana-DM-scaled-1.jpg\",\"contentUrl\":\"https:\\\/\\\/pmza.sk\\\/wp-content\\\/uploads\\\/2018\\\/01\\\/uvodna-strana-DM-scaled-1.jpg\",\"width\":1809,\"height\":2560},{\"@type\":\"BreadcrumbList\",\"@id\":\"https:\\\/\\\/pmza.sk\\\/?p=24763#breadcrumb\",\"itemListElement\":[{\"@type\":\"ListItem\",\"position\":1,\"name\":\"Domovsk\u00e1 str\u00e1nka\",\"item\":\"https:\\\/\\\/pmza.sk\\\/\"},{\"@type\":\"ListItem\",\"position\":2,\"name\":\"M\u00fazeum vst\u00fapilo do nov\u00e9ho roka s nov\u00fdm dizajnmanu\u00e1lom\"}]},{\"@type\":\"WebSite\",\"@id\":\"https:\\\/\\\/pmza.sk\\\/#website\",\"url\":\"https:\\\/\\\/pmza.sk\\\/\",\"name\":\"Pova\u017esk\u00e9 m\u00fazeum\",\"description\":\"Pova\u017esk\u00e9 m\u00fazeum v \u017diline je region\u00e1lne m\u00fazeum so s\u00eddlom v Budat\u00edne. Jeho expoz\u00edcie s\u00fa zameran\u00e9 na dejiny slovensk\u00e9ho umenia, kult\u00fary a dopravy.\",\"publisher\":{\"@id\":\"https:\\\/\\\/pmza.sk\\\/#organization\"},\"potentialAction\":[{\"@type\":\"SearchAction\",\"target\":{\"@type\":\"EntryPoint\",\"urlTemplate\":\"https:\\\/\\\/pmza.sk\\\/?s={search_term_string}\"},\"query-input\":{\"@type\":\"PropertyValueSpecification\",\"valueRequired\":true,\"valueName\":\"search_term_string\"}}],\"inLanguage\":\"sk-SK\"},{\"@type\":\"Organization\",\"@id\":\"https:\\\/\\\/pmza.sk\\\/#organization\",\"name\":\"Pova\u017esk\u00e9 m\u00fazeum\",\"url\":\"https:\\\/\\\/pmza.sk\\\/\",\"logo\":{\"@type\":\"ImageObject\",\"inLanguage\":\"sk-SK\",\"@id\":\"https:\\\/\\\/pmza.sk\\\/#\\\/schema\\\/logo\\\/image\\\/\",\"url\":\"https:\\\/\\\/pmza.sk\\\/wp-content\\\/uploads\\\/2022\\\/01\\\/logo_PM_horizontal.jpg\",\"contentUrl\":\"https:\\\/\\\/pmza.sk\\\/wp-content\\\/uploads\\\/2022\\\/01\\\/logo_PM_horizontal.jpg\",\"width\":231,\"height\":142,\"caption\":\"Pova\u017esk\u00e9 m\u00fazeum\"},\"image\":{\"@id\":\"https:\\\/\\\/pmza.sk\\\/#\\\/schema\\\/logo\\\/image\\\/\"},\"sameAs\":[\"https:\\\/\\\/www.facebook.com\\\/povazskemuzeum\",\"https:\\\/\\\/www.instagram.com\\\/povazskemuzeum\\\/\"]},{\"@type\":\"Person\",\"@id\":\"https:\\\/\\\/pmza.sk\\\/#\\\/schema\\\/person\\\/595e6a2ce731ea94dcd5d7f50a41ae33\",\"name\":\"Pova\u017esk\u00e9 m\u00fazeum\",\"image\":{\"@type\":\"ImageObject\",\"inLanguage\":\"sk-SK\",\"@id\":\"https:\\\/\\\/secure.gravatar.com\\\/avatar\\\/2bb7f1561282132fb5826dfeccc66c7996d11ee392ac6aaf7ced8a1c2027fbb2?s=96&d=mm&r=g\",\"url\":\"https:\\\/\\\/secure.gravatar.com\\\/avatar\\\/2bb7f1561282132fb5826dfeccc66c7996d11ee392ac6aaf7ced8a1c2027fbb2?s=96&d=mm&r=g\",\"contentUrl\":\"https:\\\/\\\/secure.gravatar.com\\\/avatar\\\/2bb7f1561282132fb5826dfeccc66c7996d11ee392ac6aaf7ced8a1c2027fbb2?s=96&d=mm&r=g\",\"caption\":\"Pova\u017esk\u00e9 m\u00fazeum\"}}]}<\/script>\n<!-- \/ Yoast SEO plugin. -->","yoast_head_json":{"title":"M\u00fazeum vst\u00fapilo do nov\u00e9ho roka s nov\u00fdm dizajnmanu\u00e1lom - Pova\u017esk\u00e9 m\u00fazeum","robots":{"index":"index","follow":"follow","max-snippet":"max-snippet:-1","max-image-preview":"max-image-preview:large","max-video-preview":"max-video-preview:-1"},"canonical":"https:\/\/pmza.sk\/?p=24763","og_locale":"sk_SK","og_type":"article","og_title":"M\u00fazeum vst\u00fapilo do nov\u00e9ho roka s nov\u00fdm dizajnmanu\u00e1lom - Pova\u017esk\u00e9 m\u00fazeum","og_description":"Do nov\u00e9ho roka 2018 vstupuje Pova\u017esk\u00e9 m\u00fazeum v \u017diline nielen s inovovan\u00fdm logom m\u00fazea, ale aj s kompletne nov\u00fdm dizajnmanu\u00e1lom. Po dlh\u00fdch rokoch, kedy sa vyu\u017e\u00edvali nejednotn\u00e9 vizu\u00e1ly loga i m\u00fazea, sa kone\u010dne m\u00fazeum do\u010dkalo komplexn\u00e9ho spracovania jednotn\u00e9ho dizajnu. Vytvorenie nov\u00e9ho dizajnmanu\u00e1lu podporil aj zria\u010fovate\u013e m\u00fazea, \u017dilinsk\u00fd samospr\u00e1vny kraj.\u00a0Autorom nov\u00e9ho dizajnmanu\u00e1lu Pova\u017esk\u00e9ho m\u00fazea v \u017diline [&hellip;]","og_url":"https:\/\/pmza.sk\/?p=24763","og_site_name":"Pova\u017esk\u00e9 m\u00fazeum","article_publisher":"https:\/\/www.facebook.com\/povazskemuzeum","article_published_time":"2018-01-17T11:00:39+00:00","og_image":[{"width":1809,"height":2560,"url":"https:\/\/pmza.sk\/wp-content\/uploads\/2018\/01\/uvodna-strana-DM-scaled-1.jpg","type":"image\/jpeg"}],"author":"Pova\u017esk\u00e9 m\u00fazeum","twitter_card":"summary_large_image","twitter_misc":{"Autor":"Pova\u017esk\u00e9 m\u00fazeum","Predpokladan\u00fd \u010das \u010d\u00edtania":"1 min\u00fata"},"schema":{"@context":"https:\/\/schema.org","@graph":[{"@type":"Article","@id":"https:\/\/pmza.sk\/?p=24763#article","isPartOf":{"@id":"https:\/\/pmza.sk\/?p=24763"},"author":{"name":"Pova\u017esk\u00e9 m\u00fazeum","@id":"https:\/\/pmza.sk\/#\/schema\/person\/595e6a2ce731ea94dcd5d7f50a41ae33"},"headline":"M\u00fazeum vst\u00fapilo do nov\u00e9ho roka s nov\u00fdm dizajnmanu\u00e1lom","datePublished":"2018-01-17T11:00:39+00:00","mainEntityOfPage":{"@id":"https:\/\/pmza.sk\/?p=24763"},"wordCount":250,"publisher":{"@id":"https:\/\/pmza.sk\/#organization"},"image":{"@id":"https:\/\/pmza.sk\/?p=24763#primaryimage"},"thumbnailUrl":"https:\/\/pmza.sk\/wp-content\/uploads\/2018\/01\/uvodna-strana-DM-scaled-1.jpg","inLanguage":"sk-SK"},{"@type":"WebPage","@id":"https:\/\/pmza.sk\/?p=24763","url":"https:\/\/pmza.sk\/?p=24763","name":"M\u00fazeum vst\u00fapilo do nov\u00e9ho roka s nov\u00fdm dizajnmanu\u00e1lom - Pova\u017esk\u00e9 m\u00fazeum","isPartOf":{"@id":"https:\/\/pmza.sk\/#website"},"primaryImageOfPage":{"@id":"https:\/\/pmza.sk\/?p=24763#primaryimage"},"image":{"@id":"https:\/\/pmza.sk\/?p=24763#primaryimage"},"thumbnailUrl":"https:\/\/pmza.sk\/wp-content\/uploads\/2018\/01\/uvodna-strana-DM-scaled-1.jpg","datePublished":"2018-01-17T11:00:39+00:00","breadcrumb":{"@id":"https:\/\/pmza.sk\/?p=24763#breadcrumb"},"inLanguage":"sk-SK","potentialAction":[{"@type":"ReadAction","target":["https:\/\/pmza.sk\/?p=24763"]}]},{"@type":"ImageObject","inLanguage":"sk-SK","@id":"https:\/\/pmza.sk\/?p=24763#primaryimage","url":"https:\/\/pmza.sk\/wp-content\/uploads\/2018\/01\/uvodna-strana-DM-scaled-1.jpg","contentUrl":"https:\/\/pmza.sk\/wp-content\/uploads\/2018\/01\/uvodna-strana-DM-scaled-1.jpg","width":1809,"height":2560},{"@type":"BreadcrumbList","@id":"https:\/\/pmza.sk\/?p=24763#breadcrumb","itemListElement":[{"@type":"ListItem","position":1,"name":"Domovsk\u00e1 str\u00e1nka","item":"https:\/\/pmza.sk\/"},{"@type":"ListItem","position":2,"name":"M\u00fazeum vst\u00fapilo do nov\u00e9ho roka s nov\u00fdm dizajnmanu\u00e1lom"}]},{"@type":"WebSite","@id":"https:\/\/pmza.sk\/#website","url":"https:\/\/pmza.sk\/","name":"Pova\u017esk\u00e9 m\u00fazeum","description":"Pova\u017esk\u00e9 m\u00fazeum v \u017diline je region\u00e1lne m\u00fazeum so s\u00eddlom v Budat\u00edne. Jeho expoz\u00edcie s\u00fa zameran\u00e9 na dejiny slovensk\u00e9ho umenia, kult\u00fary a dopravy.","publisher":{"@id":"https:\/\/pmza.sk\/#organization"},"potentialAction":[{"@type":"SearchAction","target":{"@type":"EntryPoint","urlTemplate":"https:\/\/pmza.sk\/?s={search_term_string}"},"query-input":{"@type":"PropertyValueSpecification","valueRequired":true,"valueName":"search_term_string"}}],"inLanguage":"sk-SK"},{"@type":"Organization","@id":"https:\/\/pmza.sk\/#organization","name":"Pova\u017esk\u00e9 m\u00fazeum","url":"https:\/\/pmza.sk\/","logo":{"@type":"ImageObject","inLanguage":"sk-SK","@id":"https:\/\/pmza.sk\/#\/schema\/logo\/image\/","url":"https:\/\/pmza.sk\/wp-content\/uploads\/2022\/01\/logo_PM_horizontal.jpg","contentUrl":"https:\/\/pmza.sk\/wp-content\/uploads\/2022\/01\/logo_PM_horizontal.jpg","width":231,"height":142,"caption":"Pova\u017esk\u00e9 m\u00fazeum"},"image":{"@id":"https:\/\/pmza.sk\/#\/schema\/logo\/image\/"},"sameAs":["https:\/\/www.facebook.com\/povazskemuzeum","https:\/\/www.instagram.com\/povazskemuzeum\/"]},{"@type":"Person","@id":"https:\/\/pmza.sk\/#\/schema\/person\/595e6a2ce731ea94dcd5d7f50a41ae33","name":"Pova\u017esk\u00e9 m\u00fazeum","image":{"@type":"ImageObject","inLanguage":"sk-SK","@id":"https:\/\/secure.gravatar.com\/avatar\/2bb7f1561282132fb5826dfeccc66c7996d11ee392ac6aaf7ced8a1c2027fbb2?s=96&d=mm&r=g","url":"https:\/\/secure.gravatar.com\/avatar\/2bb7f1561282132fb5826dfeccc66c7996d11ee392ac6aaf7ced8a1c2027fbb2?s=96&d=mm&r=g","contentUrl":"https:\/\/secure.gravatar.com\/avatar\/2bb7f1561282132fb5826dfeccc66c7996d11ee392ac6aaf7ced8a1c2027fbb2?s=96&d=mm&r=g","caption":"Pova\u017esk\u00e9 m\u00fazeum"}}]}},"_links":{"self":[{"href":"https:\/\/pmza.sk\/index.php?rest_route=\/wp\/v2\/posts\/24763","targetHints":{"allow":["GET"]}}],"collection":[{"href":"https:\/\/pmza.sk\/index.php?rest_route=\/wp\/v2\/posts"}],"about":[{"href":"https:\/\/pmza.sk\/index.php?rest_route=\/wp\/v2\/types\/post"}],"author":[{"embeddable":true,"href":"https:\/\/pmza.sk\/index.php?rest_route=\/wp\/v2\/users\/2"}],"replies":[{"embeddable":true,"href":"https:\/\/pmza.sk\/index.php?rest_route=%2Fwp%2Fv2%2Fcomments&post=24763"}],"version-history":[{"count":0,"href":"https:\/\/pmza.sk\/index.php?rest_route=\/wp\/v2\/posts\/24763\/revisions"}],"wp:featuredmedia":[{"embeddable":true,"href":"https:\/\/pmza.sk\/index.php?rest_route=\/wp\/v2\/media\/24815"}],"wp:attachment":[{"href":"https:\/\/pmza.sk\/index.php?rest_route=%2Fwp%2Fv2%2Fmedia&parent=24763"}],"wp:term":[{"taxonomy":"category","embeddable":true,"href":"https:\/\/pmza.sk\/index.php?rest_route=%2Fwp%2Fv2%2Fcategories&post=24763"},{"taxonomy":"post_tag","embeddable":true,"href":"https:\/\/pmza.sk\/index.php?rest_route=%2Fwp%2Fv2%2Ftags&post=24763"}],"curies":[{"name":"wp","href":"https:\/\/api.w.org\/{rel}","templated":true}]}}