{"id":24802,"date":"2018-01-25T09:35:26","date_gmt":"2018-01-25T08:35:26","guid":{"rendered":"https:\/\/pmza.sk\/?p=24802"},"modified":"2018-01-25T09:35:26","modified_gmt":"2018-01-25T08:35:26","slug":"juraj-janosik-narodeny-25-januara-1688","status":"publish","type":"post","link":"https:\/\/pmza.sk\/?p=24802","title":{"rendered":"Juraj J\u00e1no\u0161\u00edk, pokrsten\u00fd 25. janu\u00e1ra 1688"},"content":{"rendered":"<p>V\u00a0t\u00fdchto d\u0148och si pripom\u00edname 330. v\u00fdro\u010die narodenia Juraja J\u00e1no\u0161\u00edka.<\/p>\n<p>Juraj J\u00e1no\u0161\u00edk sa narodil v\u00a0Terchovej v\u00a0janu\u00e1ri 1688. Do pam\u00e4ti \u013eudu sa zap\u00edsal ako zbojn\u00edcky kapit\u00e1n. Narodil sa v\u00a0osade u\u00a0J\u00e1no\u0161ov pod vrchom Pupov.\u00a0 Z\u00a0var\u00ednskej matriky sa zachoval z\u00e1znam, pod\u013ea ktor\u00e9ho vieme, \u017ee tu bol pokrsten\u00fd:\u00a0<em>Anno 1688 In Januario Die 25. Eadem die baptisavi infantem natum e Martino Janosik et Anna Czisznik, cui datum est nomen Georgius. Patrini erant Jacobus Merjad et Barbara Kristofik e Terchova<\/em>. (Roku 1688 v\u00a0janu\u00e1ri d\u0148a 25. toho\u017ee d\u0148a pokrsten\u00e9 die\u0165a naroden\u00e9 z\u00a0Martina J\u00e1no\u0161\u00edka a\u00a0Anny Cesnek (\u010ci\u0161nik, Cisnik), ktor\u00e9mu je dan\u00e9 meno Juraj. Krstn\u00ed rodi\u010dia s\u00fa Jakub Merjad a\u00a0Barbara Kri\u0161tofik z\u00a0Terchovej.)<\/p>\n<p>J\u00e1no\u0161\u00edk sa dal zverbova\u0165 do kuruck\u00e9ho vojska v\u00a0povstan\u00ed Franti\u0161ka II. R\u00e1kociho. Bolo to pravdepodobne v\u00a0\u010dase, ke\u010f plukovn\u00edk Vinkler h\u013eadal dobrovo\u013en\u00edkov k\u00a0str\u00e1\u017enym oddielom na hrady v okol\u00ed \u017diliny. V\u00a0bitke pri Tren\u010d\u00edne (1708), kde boli porazen\u00e9 r\u00e1kociovsk\u00e9 vojsk\u00e1 cis\u00e1rskou arm\u00e1dou, padol J\u00e1no\u0161\u00edk spolu s\u00a0pribli\u017ene 500 kurucmi do zajatia. V\u00a0roku 1710 ako cis\u00e1rsky vojak sl\u00fa\u017eil v\u00a0pos\u00e1dke na byt\u010dianskom z\u00e1mku. Ako str\u00e1\u017eca v\u00e4zenia sa tu stretol s\u00a0Tom\u00e1\u0161om Uhor\u010d\u00edkom, uv\u00e4znen\u00fdm zbojn\u00edckym kapit\u00e1nom. Je pravdepodobn\u00e9, \u017ee na jese\u0148 roku 1710 mu pomohol ujs\u0165.\u00a0O\u00a0mesiac nesk\u00f4r bol J\u00e1no\u0161\u00edk uvo\u013enen\u00fd z\u00a0vojenskej slu\u017eby a\u00a0vr\u00e1til sa do Terchovej.<\/p>\n<p>Jeho zbojn\u00edckym krstom bol prepad bohat\u00fdch \u017eidovsk\u00fdch kupcov vo Vset\u00edne okolo 15. septembra 1711, od ktor\u00fdch z\u00edskali koris\u0165 v\u00a0hodnote 800 zlat\u00fdch. Okolo Michala (29. 9.) roku 1711 sa sprisahal so zbojn\u00edckou dru\u017einou Tom\u00e1\u0161a Uhor\u010d\u00edka, ktor\u00fd mu prenechal svoje ved\u00face postavenie v\u00a0skupine. 26. okt\u00f3bra 1712 bol J\u00e1no\u0161\u00edk spolu s\u00a0Uhor\u010d\u00edkom uv\u00e4znen\u00fd v\u00a0ka\u0161tieli v\u00a0Hrachove. Svojich v\u00e4znite\u013eov dok\u00e1zali vtedy presved\u010di\u0165 o\u00a0svojej bez\u00fahonnosti (\u00faplatkami vo forme o\u0161tiepkov a\u00a0l\u00ed\u0161\u010d\u00edch ko\u017eu\u0161\u00edn) a\u00a0\u010doskoro sa dostali na slobodu.<\/p>\n<p>V\u00a0marci 1713 bol J\u00e1no\u0161\u00edk dolapen\u00fd v\u00a0Klenovci u\u00a0Uhor\u010d\u00edka. Spolu boli prevezen\u00ed do vranovsk\u00e9ho ka\u0161tie\u013ea v\u00a0Pal\u00fadzke pri Liptovskom Mikul\u00e1\u0161i, kde boli v\u00e4znen\u00ed a\u017e do procesu. Ten sa konal 16. a\u00a017. marca 1713 v\u00a0\u017eupnom dome na n\u00e1mest\u00ed Liptovsk\u00e9ho Mikul\u00e1\u0161a, dnes je to s\u00eddlo M\u00fazea Janka Kr\u00e1\u013ea. Bol obvinen\u00fd okrem in\u00e9ho z\u00a0vra\u017edy, resp. zabitia domani\u017esk\u00e9ho far\u00e1ra Juraja Vrt\u00edka. Ako pri\u0165a\u017euj\u00facu okolnos\u0165 ob\u017ealoba uviedla, \u017ee &#8222;je kuruc&#8220;. Pokia\u013e ide o\u00a0\u00fazemn\u00fd z\u00e1ber, na ktorom J\u00e1no\u0161\u00edk so svojimi zbojn\u00edkmi p\u00f4sobil, v\u00a0ob\u017ealobe sa uv\u00e1dza: &#8222;zbojnickym vudcem stav\u0161e sa a\u00a0tovari\u0161ov sv\u00fdch rovne zbojn\u00edkov k\u00a0sebe pritovariv\u0161e, v\u00a0okolit\u00fdch sl\u00e1vnych stolic\u00e1ch, toti\u017eto v\u00a0Tren\u010dianskej, Nitrianskej, Tur\u010dianskej, Liptovskej, Oravskej a\u00a0v\u00a0jin\u00fdch, \u00e1no i\u00a0v\u00a0Sliezsku&#8230;&#8220; \u017dalobcom bol liptovsk\u00fd pod\u017eupan Ladislav Okoli\u010d\u00e1nyi, prokur\u00e1torom Alexander \u010cemick\u00fd, obhajcom Baltaz\u00e1r Palugyai. Na druh\u00fd de\u0148 s\u00fad rozhodol o\u00a0podroben\u00ed ob\u017ealovan\u00e9ho najprv \u013eah\u0161iemu a\u00a0nesk\u00f4r i\u00a0\u0165a\u017e\u0161iemu mu\u010deniu.<\/p>\n<p>17. marca 1713 J\u00e1no\u0161\u00edka popravili zavesen\u00edm na h\u00e1k na popravisku \u0160ibeni\u010dky pri Liptovskom Mikul\u00e1\u0161i.<\/p>\n<p style=\"text-align: right;\">Mgr.\u00a0Adriana B\u00e1rdyov\u00e1<br \/>etnologi\u010dka PMZA<\/p>\n<p><a href=\"https:\/\/pmza.sk\/wp-content\/uploads\/2018\/01\/J\u00e1no\u0161\u00edk-a-poddan\u00fd-V.-Mich\u00e1lek.jpg\"><img decoding=\"async\" class=\"alignleft size-thumbnail wp-image-24805\" src=\"https:\/\/pmza.sk\/wp-content\/uploads\/2018\/01\/J\u00e1no\u0161\u00edk-a-poddan\u00fd-V.-Mich\u00e1lek-113x150.jpg\" alt=\"\" width=\"113\" height=\"150\" \/><\/a><a href=\"https:\/\/pmza.sk\/wp-content\/uploads\/2018\/01\/J\u00e1no\u0161\u00edk-s-vala\u0161kou-V.-Me\u0161ko.jpg\"><img decoding=\"async\" class=\"alignleft size-thumbnail wp-image-24807\" src=\"https:\/\/pmza.sk\/wp-content\/uploads\/2018\/01\/J\u00e1no\u0161\u00edk-s-vala\u0161kou-V.-Me\u0161ko-113x150.jpg\" alt=\"\" width=\"113\" height=\"150\" \/><\/a><a href=\"https:\/\/pmza.sk\/wp-content\/uploads\/2018\/01\/J\u00e1no\u0161\u00edk-autor-M.-D\u00e1vid\u00edk.jpg\"><img decoding=\"async\" class=\"alignleft size-thumbnail wp-image-24808\" src=\"https:\/\/pmza.sk\/wp-content\/uploads\/2018\/01\/J\u00e1no\u0161\u00edk-autor-M.-D\u00e1vid\u00edk-113x150.jpg\" alt=\"\" width=\"113\" height=\"150\" \/><\/a><a href=\"https:\/\/pmza.sk\/wp-content\/uploads\/2018\/01\/J\u00e1no\u0161\u00edk-s-vala\u0161kou-\u0160.-Kr\u0161iak.jpg\"><img loading=\"lazy\" decoding=\"async\" class=\"alignleft size-thumbnail wp-image-24806\" src=\"https:\/\/pmza.sk\/wp-content\/uploads\/2018\/01\/J\u00e1no\u0161\u00edk-s-vala\u0161kou-\u0160.-Kr\u0161iak-113x150.jpg\" alt=\"\" width=\"113\" height=\"150\" \/><\/a><\/p>\n<p>&nbsp;<\/p>\n<p>&nbsp;<\/p>\n<p>&nbsp;<\/p>\n<p>&nbsp;<\/p>\n<p>&nbsp;<\/p>\n<p>&nbsp;<\/p>\n","protected":false},"excerpt":{"rendered":"<p>V\u00a0t\u00fdchto d\u0148och si pripom\u00edname 330. v\u00fdro\u010die narodenia Juraja J\u00e1no\u0161\u00edka. Juraj J\u00e1no\u0161\u00edk sa narodil v\u00a0Terchovej v\u00a0janu\u00e1ri 1688. Do pam\u00e4ti \u013eudu sa zap\u00edsal ako zbojn\u00edcky kapit\u00e1n. Narodil sa v\u00a0osade u\u00a0J\u00e1no\u0161ov pod vrchom Pupov.\u00a0 Z\u00a0var\u00ednskej matriky sa zachoval z\u00e1znam, pod\u013ea ktor\u00e9ho vieme, \u017ee tu bol pokrsten\u00fd:\u00a0Anno 1688 In Januario Die 25. Eadem die baptisavi infantem natum e Martino [&hellip;]<\/p>\n","protected":false},"author":2,"featured_media":24804,"comment_status":"closed","ping_status":"closed","sticky":false,"template":"","format":"standard","meta":{"site-sidebar-layout":"default","site-content-layout":"","ast-site-content-layout":"","site-content-style":"default","site-sidebar-style":"default","ast-global-header-display":"","ast-banner-title-visibility":"","ast-main-header-display":"","ast-hfb-above-header-display":"","ast-hfb-below-header-display":"","ast-hfb-mobile-header-display":"","site-post-title":"","ast-breadcrumbs-content":"","ast-featured-img":"","footer-sml-layout":"","theme-transparent-header-meta":"","adv-header-id-meta":"","stick-header-meta":"","header-above-stick-meta":"","header-main-stick-meta":"","header-below-stick-meta":"","astra-migrate-meta-layouts":"default","ast-page-background-enabled":"default","ast-page-background-meta":{"desktop":{"background-color":"var(--ast-global-color-4)","background-image":"","background-repeat":"repeat","background-position":"center center","background-size":"auto","background-attachment":"scroll","background-type":"","background-media":"","overlay-type":"","overlay-color":"","overlay-opacity":"","overlay-gradient":""},"tablet":{"background-color":"","background-image":"","background-repeat":"repeat","background-position":"center center","background-size":"auto","background-attachment":"scroll","background-type":"","background-media":"","overlay-type":"","overlay-color":"","overlay-opacity":"","overlay-gradient":""},"mobile":{"background-color":"","background-image":"","background-repeat":"repeat","background-position":"center center","background-size":"auto","background-attachment":"scroll","background-type":"","background-media":"","overlay-type":"","overlay-color":"","overlay-opacity":"","overlay-gradient":""}},"ast-content-background-meta":{"desktop":{"background-color":"var(--ast-global-color-5)","background-image":"","background-repeat":"repeat","background-position":"center center","background-size":"auto","background-attachment":"scroll","background-type":"","background-media":"","overlay-type":"","overlay-color":"","overlay-opacity":"","overlay-gradient":""},"tablet":{"background-color":"var(--ast-global-color-5)","background-image":"","background-repeat":"repeat","background-position":"center center","background-size":"auto","background-attachment":"scroll","background-type":"","background-media":"","overlay-type":"","overlay-color":"","overlay-opacity":"","overlay-gradient":""},"mobile":{"background-color":"var(--ast-global-color-5)","background-image":"","background-repeat":"repeat","background-position":"center center","background-size":"auto","background-attachment":"scroll","background-type":"","background-media":"","overlay-type":"","overlay-color":"","overlay-opacity":"","overlay-gradient":""}},"footnotes":""},"categories":[1],"tags":[],"class_list":["post-24802","post","type-post","status-publish","format-standard","has-post-thumbnail","hentry","category-nezaradene"],"yoast_head":"<!-- This site is optimized with the Yoast SEO plugin v27.4 - https:\/\/yoast.com\/product\/yoast-seo-wordpress\/ -->\n<title>Juraj J\u00e1no\u0161\u00edk, pokrsten\u00fd 25. janu\u00e1ra 1688 - Pova\u017esk\u00e9 m\u00fazeum<\/title>\n<meta name=\"robots\" content=\"index, follow, max-snippet:-1, max-image-preview:large, max-video-preview:-1\" \/>\n<link rel=\"canonical\" href=\"https:\/\/pmza.sk\/?p=24802\" \/>\n<meta property=\"og:locale\" content=\"sk_SK\" \/>\n<meta property=\"og:type\" content=\"article\" \/>\n<meta property=\"og:title\" content=\"Juraj J\u00e1no\u0161\u00edk, pokrsten\u00fd 25. janu\u00e1ra 1688 - Pova\u017esk\u00e9 m\u00fazeum\" \/>\n<meta property=\"og:description\" content=\"V\u00a0t\u00fdchto d\u0148och si pripom\u00edname 330. v\u00fdro\u010die narodenia Juraja J\u00e1no\u0161\u00edka. Juraj J\u00e1no\u0161\u00edk sa narodil v\u00a0Terchovej v\u00a0janu\u00e1ri 1688. Do pam\u00e4ti \u013eudu sa zap\u00edsal ako zbojn\u00edcky kapit\u00e1n. Narodil sa v\u00a0osade u\u00a0J\u00e1no\u0161ov pod vrchom Pupov.\u00a0 Z\u00a0var\u00ednskej matriky sa zachoval z\u00e1znam, pod\u013ea ktor\u00e9ho vieme, \u017ee tu bol pokrsten\u00fd:\u00a0Anno 1688 In Januario Die 25. Eadem die baptisavi infantem natum e Martino [&hellip;]\" \/>\n<meta property=\"og:url\" content=\"https:\/\/pmza.sk\/?p=24802\" \/>\n<meta property=\"og:site_name\" content=\"Pova\u017esk\u00e9 m\u00fazeum\" \/>\n<meta property=\"article:publisher\" content=\"https:\/\/www.facebook.com\/povazskemuzeum\" \/>\n<meta property=\"article:published_time\" content=\"2018-01-25T08:35:26+00:00\" \/>\n<meta property=\"og:image\" content=\"https:\/\/pmza.sk\/wp-content\/uploads\/2018\/01\/Hlava-Janosika-M.-Duratny-scaled-1.jpg\" \/>\n\t<meta property=\"og:image:width\" content=\"1920\" \/>\n\t<meta property=\"og:image:height\" content=\"2560\" \/>\n\t<meta property=\"og:image:type\" content=\"image\/jpeg\" \/>\n<meta name=\"author\" content=\"Pova\u017esk\u00e9 m\u00fazeum\" \/>\n<meta name=\"twitter:card\" content=\"summary_large_image\" \/>\n<meta name=\"twitter:label1\" content=\"Autor\" \/>\n\t<meta name=\"twitter:data1\" content=\"Pova\u017esk\u00e9 m\u00fazeum\" \/>\n\t<meta name=\"twitter:label2\" content=\"Predpokladan\u00fd \u010das \u010d\u00edtania\" \/>\n\t<meta name=\"twitter:data2\" content=\"3 min\u00faty\" \/>\n<script type=\"application\/ld+json\" class=\"yoast-schema-graph\">{\"@context\":\"https:\\\/\\\/schema.org\",\"@graph\":[{\"@type\":\"Article\",\"@id\":\"https:\\\/\\\/pmza.sk\\\/?p=24802#article\",\"isPartOf\":{\"@id\":\"https:\\\/\\\/pmza.sk\\\/?p=24802\"},\"author\":{\"name\":\"Pova\u017esk\u00e9 m\u00fazeum\",\"@id\":\"https:\\\/\\\/pmza.sk\\\/#\\\/schema\\\/person\\\/595e6a2ce731ea94dcd5d7f50a41ae33\"},\"headline\":\"Juraj J\u00e1no\u0161\u00edk, pokrsten\u00fd 25. janu\u00e1ra 1688\",\"datePublished\":\"2018-01-25T08:35:26+00:00\",\"mainEntityOfPage\":{\"@id\":\"https:\\\/\\\/pmza.sk\\\/?p=24802\"},\"wordCount\":597,\"publisher\":{\"@id\":\"https:\\\/\\\/pmza.sk\\\/#organization\"},\"image\":{\"@id\":\"https:\\\/\\\/pmza.sk\\\/?p=24802#primaryimage\"},\"thumbnailUrl\":\"https:\\\/\\\/pmza.sk\\\/wp-content\\\/uploads\\\/2018\\\/01\\\/Hlava-Janosika-M.-Duratny-scaled-1.jpg\",\"inLanguage\":\"sk-SK\"},{\"@type\":\"WebPage\",\"@id\":\"https:\\\/\\\/pmza.sk\\\/?p=24802\",\"url\":\"https:\\\/\\\/pmza.sk\\\/?p=24802\",\"name\":\"Juraj J\u00e1no\u0161\u00edk, pokrsten\u00fd 25. janu\u00e1ra 1688 - Pova\u017esk\u00e9 m\u00fazeum\",\"isPartOf\":{\"@id\":\"https:\\\/\\\/pmza.sk\\\/#website\"},\"primaryImageOfPage\":{\"@id\":\"https:\\\/\\\/pmza.sk\\\/?p=24802#primaryimage\"},\"image\":{\"@id\":\"https:\\\/\\\/pmza.sk\\\/?p=24802#primaryimage\"},\"thumbnailUrl\":\"https:\\\/\\\/pmza.sk\\\/wp-content\\\/uploads\\\/2018\\\/01\\\/Hlava-Janosika-M.-Duratny-scaled-1.jpg\",\"datePublished\":\"2018-01-25T08:35:26+00:00\",\"breadcrumb\":{\"@id\":\"https:\\\/\\\/pmza.sk\\\/?p=24802#breadcrumb\"},\"inLanguage\":\"sk-SK\",\"potentialAction\":[{\"@type\":\"ReadAction\",\"target\":[\"https:\\\/\\\/pmza.sk\\\/?p=24802\"]}]},{\"@type\":\"ImageObject\",\"inLanguage\":\"sk-SK\",\"@id\":\"https:\\\/\\\/pmza.sk\\\/?p=24802#primaryimage\",\"url\":\"https:\\\/\\\/pmza.sk\\\/wp-content\\\/uploads\\\/2018\\\/01\\\/Hlava-Janosika-M.-Duratny-scaled-1.jpg\",\"contentUrl\":\"https:\\\/\\\/pmza.sk\\\/wp-content\\\/uploads\\\/2018\\\/01\\\/Hlava-Janosika-M.-Duratny-scaled-1.jpg\",\"width\":1920,\"height\":2560},{\"@type\":\"BreadcrumbList\",\"@id\":\"https:\\\/\\\/pmza.sk\\\/?p=24802#breadcrumb\",\"itemListElement\":[{\"@type\":\"ListItem\",\"position\":1,\"name\":\"Domovsk\u00e1 str\u00e1nka\",\"item\":\"https:\\\/\\\/pmza.sk\\\/\"},{\"@type\":\"ListItem\",\"position\":2,\"name\":\"Juraj J\u00e1no\u0161\u00edk, pokrsten\u00fd 25. janu\u00e1ra 1688\"}]},{\"@type\":\"WebSite\",\"@id\":\"https:\\\/\\\/pmza.sk\\\/#website\",\"url\":\"https:\\\/\\\/pmza.sk\\\/\",\"name\":\"Pova\u017esk\u00e9 m\u00fazeum\",\"description\":\"Pova\u017esk\u00e9 m\u00fazeum v \u017diline je region\u00e1lne m\u00fazeum so s\u00eddlom v Budat\u00edne. Jeho expoz\u00edcie s\u00fa zameran\u00e9 na dejiny slovensk\u00e9ho umenia, kult\u00fary a dopravy.\",\"publisher\":{\"@id\":\"https:\\\/\\\/pmza.sk\\\/#organization\"},\"potentialAction\":[{\"@type\":\"SearchAction\",\"target\":{\"@type\":\"EntryPoint\",\"urlTemplate\":\"https:\\\/\\\/pmza.sk\\\/?s={search_term_string}\"},\"query-input\":{\"@type\":\"PropertyValueSpecification\",\"valueRequired\":true,\"valueName\":\"search_term_string\"}}],\"inLanguage\":\"sk-SK\"},{\"@type\":\"Organization\",\"@id\":\"https:\\\/\\\/pmza.sk\\\/#organization\",\"name\":\"Pova\u017esk\u00e9 m\u00fazeum\",\"url\":\"https:\\\/\\\/pmza.sk\\\/\",\"logo\":{\"@type\":\"ImageObject\",\"inLanguage\":\"sk-SK\",\"@id\":\"https:\\\/\\\/pmza.sk\\\/#\\\/schema\\\/logo\\\/image\\\/\",\"url\":\"https:\\\/\\\/pmza.sk\\\/wp-content\\\/uploads\\\/2022\\\/01\\\/logo_PM_horizontal.jpg\",\"contentUrl\":\"https:\\\/\\\/pmza.sk\\\/wp-content\\\/uploads\\\/2022\\\/01\\\/logo_PM_horizontal.jpg\",\"width\":231,\"height\":142,\"caption\":\"Pova\u017esk\u00e9 m\u00fazeum\"},\"image\":{\"@id\":\"https:\\\/\\\/pmza.sk\\\/#\\\/schema\\\/logo\\\/image\\\/\"},\"sameAs\":[\"https:\\\/\\\/www.facebook.com\\\/povazskemuzeum\",\"https:\\\/\\\/www.instagram.com\\\/povazskemuzeum\\\/\"]},{\"@type\":\"Person\",\"@id\":\"https:\\\/\\\/pmza.sk\\\/#\\\/schema\\\/person\\\/595e6a2ce731ea94dcd5d7f50a41ae33\",\"name\":\"Pova\u017esk\u00e9 m\u00fazeum\",\"image\":{\"@type\":\"ImageObject\",\"inLanguage\":\"sk-SK\",\"@id\":\"https:\\\/\\\/secure.gravatar.com\\\/avatar\\\/2bb7f1561282132fb5826dfeccc66c7996d11ee392ac6aaf7ced8a1c2027fbb2?s=96&d=mm&r=g\",\"url\":\"https:\\\/\\\/secure.gravatar.com\\\/avatar\\\/2bb7f1561282132fb5826dfeccc66c7996d11ee392ac6aaf7ced8a1c2027fbb2?s=96&d=mm&r=g\",\"contentUrl\":\"https:\\\/\\\/secure.gravatar.com\\\/avatar\\\/2bb7f1561282132fb5826dfeccc66c7996d11ee392ac6aaf7ced8a1c2027fbb2?s=96&d=mm&r=g\",\"caption\":\"Pova\u017esk\u00e9 m\u00fazeum\"}}]}<\/script>\n<!-- \/ Yoast SEO plugin. -->","yoast_head_json":{"title":"Juraj J\u00e1no\u0161\u00edk, pokrsten\u00fd 25. janu\u00e1ra 1688 - Pova\u017esk\u00e9 m\u00fazeum","robots":{"index":"index","follow":"follow","max-snippet":"max-snippet:-1","max-image-preview":"max-image-preview:large","max-video-preview":"max-video-preview:-1"},"canonical":"https:\/\/pmza.sk\/?p=24802","og_locale":"sk_SK","og_type":"article","og_title":"Juraj J\u00e1no\u0161\u00edk, pokrsten\u00fd 25. janu\u00e1ra 1688 - Pova\u017esk\u00e9 m\u00fazeum","og_description":"V\u00a0t\u00fdchto d\u0148och si pripom\u00edname 330. v\u00fdro\u010die narodenia Juraja J\u00e1no\u0161\u00edka. Juraj J\u00e1no\u0161\u00edk sa narodil v\u00a0Terchovej v\u00a0janu\u00e1ri 1688. Do pam\u00e4ti \u013eudu sa zap\u00edsal ako zbojn\u00edcky kapit\u00e1n. Narodil sa v\u00a0osade u\u00a0J\u00e1no\u0161ov pod vrchom Pupov.\u00a0 Z\u00a0var\u00ednskej matriky sa zachoval z\u00e1znam, pod\u013ea ktor\u00e9ho vieme, \u017ee tu bol pokrsten\u00fd:\u00a0Anno 1688 In Januario Die 25. Eadem die baptisavi infantem natum e Martino [&hellip;]","og_url":"https:\/\/pmza.sk\/?p=24802","og_site_name":"Pova\u017esk\u00e9 m\u00fazeum","article_publisher":"https:\/\/www.facebook.com\/povazskemuzeum","article_published_time":"2018-01-25T08:35:26+00:00","og_image":[{"width":1920,"height":2560,"url":"https:\/\/pmza.sk\/wp-content\/uploads\/2018\/01\/Hlava-Janosika-M.-Duratny-scaled-1.jpg","type":"image\/jpeg"}],"author":"Pova\u017esk\u00e9 m\u00fazeum","twitter_card":"summary_large_image","twitter_misc":{"Autor":"Pova\u017esk\u00e9 m\u00fazeum","Predpokladan\u00fd \u010das \u010d\u00edtania":"3 min\u00faty"},"schema":{"@context":"https:\/\/schema.org","@graph":[{"@type":"Article","@id":"https:\/\/pmza.sk\/?p=24802#article","isPartOf":{"@id":"https:\/\/pmza.sk\/?p=24802"},"author":{"name":"Pova\u017esk\u00e9 m\u00fazeum","@id":"https:\/\/pmza.sk\/#\/schema\/person\/595e6a2ce731ea94dcd5d7f50a41ae33"},"headline":"Juraj J\u00e1no\u0161\u00edk, pokrsten\u00fd 25. janu\u00e1ra 1688","datePublished":"2018-01-25T08:35:26+00:00","mainEntityOfPage":{"@id":"https:\/\/pmza.sk\/?p=24802"},"wordCount":597,"publisher":{"@id":"https:\/\/pmza.sk\/#organization"},"image":{"@id":"https:\/\/pmza.sk\/?p=24802#primaryimage"},"thumbnailUrl":"https:\/\/pmza.sk\/wp-content\/uploads\/2018\/01\/Hlava-Janosika-M.-Duratny-scaled-1.jpg","inLanguage":"sk-SK"},{"@type":"WebPage","@id":"https:\/\/pmza.sk\/?p=24802","url":"https:\/\/pmza.sk\/?p=24802","name":"Juraj J\u00e1no\u0161\u00edk, pokrsten\u00fd 25. janu\u00e1ra 1688 - Pova\u017esk\u00e9 m\u00fazeum","isPartOf":{"@id":"https:\/\/pmza.sk\/#website"},"primaryImageOfPage":{"@id":"https:\/\/pmza.sk\/?p=24802#primaryimage"},"image":{"@id":"https:\/\/pmza.sk\/?p=24802#primaryimage"},"thumbnailUrl":"https:\/\/pmza.sk\/wp-content\/uploads\/2018\/01\/Hlava-Janosika-M.-Duratny-scaled-1.jpg","datePublished":"2018-01-25T08:35:26+00:00","breadcrumb":{"@id":"https:\/\/pmza.sk\/?p=24802#breadcrumb"},"inLanguage":"sk-SK","potentialAction":[{"@type":"ReadAction","target":["https:\/\/pmza.sk\/?p=24802"]}]},{"@type":"ImageObject","inLanguage":"sk-SK","@id":"https:\/\/pmza.sk\/?p=24802#primaryimage","url":"https:\/\/pmza.sk\/wp-content\/uploads\/2018\/01\/Hlava-Janosika-M.-Duratny-scaled-1.jpg","contentUrl":"https:\/\/pmza.sk\/wp-content\/uploads\/2018\/01\/Hlava-Janosika-M.-Duratny-scaled-1.jpg","width":1920,"height":2560},{"@type":"BreadcrumbList","@id":"https:\/\/pmza.sk\/?p=24802#breadcrumb","itemListElement":[{"@type":"ListItem","position":1,"name":"Domovsk\u00e1 str\u00e1nka","item":"https:\/\/pmza.sk\/"},{"@type":"ListItem","position":2,"name":"Juraj J\u00e1no\u0161\u00edk, pokrsten\u00fd 25. janu\u00e1ra 1688"}]},{"@type":"WebSite","@id":"https:\/\/pmza.sk\/#website","url":"https:\/\/pmza.sk\/","name":"Pova\u017esk\u00e9 m\u00fazeum","description":"Pova\u017esk\u00e9 m\u00fazeum v \u017diline je region\u00e1lne m\u00fazeum so s\u00eddlom v Budat\u00edne. Jeho expoz\u00edcie s\u00fa zameran\u00e9 na dejiny slovensk\u00e9ho umenia, kult\u00fary a dopravy.","publisher":{"@id":"https:\/\/pmza.sk\/#organization"},"potentialAction":[{"@type":"SearchAction","target":{"@type":"EntryPoint","urlTemplate":"https:\/\/pmza.sk\/?s={search_term_string}"},"query-input":{"@type":"PropertyValueSpecification","valueRequired":true,"valueName":"search_term_string"}}],"inLanguage":"sk-SK"},{"@type":"Organization","@id":"https:\/\/pmza.sk\/#organization","name":"Pova\u017esk\u00e9 m\u00fazeum","url":"https:\/\/pmza.sk\/","logo":{"@type":"ImageObject","inLanguage":"sk-SK","@id":"https:\/\/pmza.sk\/#\/schema\/logo\/image\/","url":"https:\/\/pmza.sk\/wp-content\/uploads\/2022\/01\/logo_PM_horizontal.jpg","contentUrl":"https:\/\/pmza.sk\/wp-content\/uploads\/2022\/01\/logo_PM_horizontal.jpg","width":231,"height":142,"caption":"Pova\u017esk\u00e9 m\u00fazeum"},"image":{"@id":"https:\/\/pmza.sk\/#\/schema\/logo\/image\/"},"sameAs":["https:\/\/www.facebook.com\/povazskemuzeum","https:\/\/www.instagram.com\/povazskemuzeum\/"]},{"@type":"Person","@id":"https:\/\/pmza.sk\/#\/schema\/person\/595e6a2ce731ea94dcd5d7f50a41ae33","name":"Pova\u017esk\u00e9 m\u00fazeum","image":{"@type":"ImageObject","inLanguage":"sk-SK","@id":"https:\/\/secure.gravatar.com\/avatar\/2bb7f1561282132fb5826dfeccc66c7996d11ee392ac6aaf7ced8a1c2027fbb2?s=96&d=mm&r=g","url":"https:\/\/secure.gravatar.com\/avatar\/2bb7f1561282132fb5826dfeccc66c7996d11ee392ac6aaf7ced8a1c2027fbb2?s=96&d=mm&r=g","contentUrl":"https:\/\/secure.gravatar.com\/avatar\/2bb7f1561282132fb5826dfeccc66c7996d11ee392ac6aaf7ced8a1c2027fbb2?s=96&d=mm&r=g","caption":"Pova\u017esk\u00e9 m\u00fazeum"}}]}},"_links":{"self":[{"href":"https:\/\/pmza.sk\/index.php?rest_route=\/wp\/v2\/posts\/24802","targetHints":{"allow":["GET"]}}],"collection":[{"href":"https:\/\/pmza.sk\/index.php?rest_route=\/wp\/v2\/posts"}],"about":[{"href":"https:\/\/pmza.sk\/index.php?rest_route=\/wp\/v2\/types\/post"}],"author":[{"embeddable":true,"href":"https:\/\/pmza.sk\/index.php?rest_route=\/wp\/v2\/users\/2"}],"replies":[{"embeddable":true,"href":"https:\/\/pmza.sk\/index.php?rest_route=%2Fwp%2Fv2%2Fcomments&post=24802"}],"version-history":[{"count":0,"href":"https:\/\/pmza.sk\/index.php?rest_route=\/wp\/v2\/posts\/24802\/revisions"}],"wp:featuredmedia":[{"embeddable":true,"href":"https:\/\/pmza.sk\/index.php?rest_route=\/wp\/v2\/media\/24804"}],"wp:attachment":[{"href":"https:\/\/pmza.sk\/index.php?rest_route=%2Fwp%2Fv2%2Fmedia&parent=24802"}],"wp:term":[{"taxonomy":"category","embeddable":true,"href":"https:\/\/pmza.sk\/index.php?rest_route=%2Fwp%2Fv2%2Fcategories&post=24802"},{"taxonomy":"post_tag","embeddable":true,"href":"https:\/\/pmza.sk\/index.php?rest_route=%2Fwp%2Fv2%2Ftags&post=24802"}],"curies":[{"name":"wp","href":"https:\/\/api.w.org\/{rel}","templated":true}]}}