{"id":24850,"date":"2018-01-29T11:57:10","date_gmt":"2018-01-29T10:57:10","guid":{"rendered":"https:\/\/pmza.sk\/?p=24850"},"modified":"2018-01-29T11:57:10","modified_gmt":"2018-01-29T10:57:10","slug":"februar-v-muzeu","status":"publish","type":"post","link":"https:\/\/pmza.sk\/?p=24850","title":{"rendered":"Febru\u00e1r v m\u00fazeu"},"content":{"rendered":"<p>Febru\u00e1r v Pova\u017eskom m\u00fazeu v \u017diline sa nesie v duchu interakt\u00edvnych foriem vzdel\u00e1vania pre matersk\u00e9, z\u00e1kladn\u00e9 a stredn\u00e9 \u0161koly. Pracovn\u00edci m\u00fazea pripravili pre organizovan\u00e9 skupiny s\u00e9rie predn\u00e1\u0161ok a tvoriv\u00fdch dieln\u00ed.<\/p>\n<p><a href=\"https:\/\/pmza.sk\/wp-content\/uploads\/2018\/01\/A4_maria_terezia.jpg\"><img decoding=\"async\" class=\"alignleft size-thumbnail wp-image-24828\" src=\"https:\/\/pmza.sk\/wp-content\/uploads\/2018\/01\/A4_maria_terezia-106x150.jpg\" alt=\"\" width=\"106\" height=\"150\" \/><\/a>V are\u00e1li Budat\u00ednskeho hradu je mo\u017en\u00e9 zarezervova\u0165 si term\u00edn na predn\u00e1\u0161ku\u00a0<strong><em>M\u00e1ria Ter\u00e9zia a\u00a0Jozef II<\/em><\/strong>. V\u00a0roku 2017 sme si pripomenuli 300. v\u00fdro\u010die narodenia M\u00e1rie Ter\u00e9zie. Pri tejto pr\u00edle\u017eitosti bol v\u00a0RTVS po\u010das uplynul\u00fdch viano\u010dn\u00fdch sviatkov odvysielan\u00fd dvojdielny historick\u00fd film s\u00a0n\u00e1zvom <em>M\u00e1ria Ter\u00e9zia<\/em>. Napriek tomu, \u017ee sa film te\u0161il ve\u013ekej sledovanosti, je nutn\u00e9 podotkn\u00fa\u0165, \u017ee zachyt\u00e1val len mlad\u00edcky \u017eivot a\u00a0prv\u00e9 roky vl\u00e1dy jednej z\u00a0najsl\u00e1vnej\u0161\u00edch \u017eien v\u00a0dejin\u00e1ch, ktorej meno je \u00fazko spojen\u00e9 s\u00a0dejinami Slovenska. Z\u00a0tohto d\u00f4vodu je cie\u013eom predn\u00e1\u0161ok s\u00a0n\u00e1zvom <em>M\u00e1ria Ter\u00e9zia a\u00a0Jozef II<\/em>., ktor\u00e9 pon\u00faka Pova\u017esk\u00e9 m\u00fazeum v\u00a0\u017diline, bli\u017e\u0161ie pribl\u00ed\u017ei\u0165 vl\u00e1du, reformy, vojny a\u00a0\u017eivot M\u00e1rie Ter\u00e9zie a\u00a0jej syna Jozefa II., ktor\u00fdch historiografia ozna\u010duje aj ako osvietensk\u00fdch panovn\u00edkov. Predn\u00e1\u0161ka je spojen\u00e1 s\u00a0tvoriv\u00fdmi aktivitami a\u00a0je ur\u010den\u00e1 pre \u017eiakov 7. ro\u010dn\u00edka z\u00e1kladn\u00fdch \u0161k\u00f4l a\u00a0\u0161tudentov 1. ro\u010dn\u00edka stredn\u00fdch \u0161k\u00f4l a\u00a0gymn\u00e1zi\u00ed. Predn\u00e1\u0161ka sa bude kona\u0165 v priebehu mesiaca febru\u00e1r a\u00a0marec, iba v\u00a0pondelok alebo v\u00a0utorok. Objedna\u0165 sa m\u00f4\u017eete na mailovej adrese <a href=\"mailto:lesko@pmza.sk\">lesko@pmza.sk<\/a>. Cena na \u017eiaka je 1 \u20ac, pedagogick\u00fd dozor zadarmo.<\/p>\n<p><a href=\"https:\/\/pmza.sk\/wp-content\/uploads\/2018\/01\/A4_minulos\u0165.jpg\"><img decoding=\"async\" class=\"alignleft size-thumbnail wp-image-24829\" src=\"https:\/\/pmza.sk\/wp-content\/uploads\/2018\/01\/A4_minulos\u0165-108x150.jpg\" alt=\"\" width=\"108\" height=\"150\" \/><\/a>Poz\u00fdvame v\u00e1s aj na predn\u00e1\u0161ku <strong><em>Stopy minulosti okolo n\u00e1s<\/em><\/strong>.\u00a0Stopy\u00a0minul\u00fdch \u010dias s\u00fa badate\u013en\u00e9 v\u00a0dne\u0161nej dobe v\u0161ade okolo n\u00e1s. Mnoh\u00e9 historick\u00e9 pamiatky s\u00fa pre n\u00e1s ak\u00fdmsi oknom do minulosti. Pamiatky neexistuj\u00fa len hmotn\u00e9: hrady, kostoly, z\u00e1mky, ale taktie\u017e p\u00edsomn\u00e9 a\u00a0obrazov\u00e9. Historici ich jednoducho naz\u00fdvaj\u00fa pramene. Cie\u013eom predn\u00e1\u0161ky je vysvetli\u0165 a\u00a0n\u00e1zorne uk\u00e1za\u0165 \u017eiakom jednotliv\u00e9 typy historick\u00fdch prame\u0148ov, ako aj pribl\u00ed\u017ei\u0165 pr\u00e1cu vedeck\u00fdch pracovn\u00edkov Pova\u017esk\u00e9ho m\u00fazea. Predn\u00e1\u0161ka s\u00a0prezent\u00e1ciou historick\u00fdch prame\u0148ov je spojen\u00e1 s\u00a0n\u00e1zornou uk\u00e1\u017ekou prame\u0148ov a tvorivou pr\u00e1cou s\u00a0nimi. Predn\u00e1\u0161ka je ur\u010den\u00e1 pre \u017eiakov 5. ro\u010dn\u00edka z\u00e1kladn\u00fdch \u0161k\u00f4l. Kona\u0165 sa bude v priebehu mesiaca febru\u00e1r, iba v\u00a0pondelok alebo v\u00a0utorok. Objedna\u0165 sa m\u00f4\u017eete na mailovej adrese <a href=\"mailto:lesko@pmza.sk\">lesko@pmza.sk<\/a>. Cena na \u017eiaka je 1 \u20ac, pedagogick\u00fd dozor zadarmo.<\/p>\n<p><a href=\"https:\/\/pmza.sk\/wp-content\/uploads\/2018\/01\/A4_feudalizmus.jpg\"><img decoding=\"async\" class=\"alignleft size-thumbnail wp-image-24827\" src=\"https:\/\/pmza.sk\/wp-content\/uploads\/2018\/01\/A4_feudalizmus-106x150.jpg\" alt=\"\" width=\"106\" height=\"150\" \/><\/a>N\u00e1v\u0161tevu Budat\u00ednskeho hradu m\u00f4\u017eete spoji\u0165 aj s \u00fa\u010das\u0165ou na predn\u00e1\u0161ke\u00a0<strong><em>Feudalizmus. Kto \u017eil v stredovekom \u0161t\u00e1te?\u00a0<\/em><\/strong>Historick\u00e1 terminol\u00f3gia ozna\u010duje pojem feudalizmus od latinsk\u00e9ho slova feudum, tzn. p\u00f4da &#8211; l\u00e9no. Slovom feudum bol ozna\u010dovan\u00fd pozemok, ktor\u00fd bol po\u017ei\u010dan\u00fd do dr\u017eby za vernos\u0165 k\u00a0feud\u00e1lovi. Toto vlastn\u00edctvo bolo podmienen\u00e9 r\u00f4znymi slu\u017ebami a povinnos\u0165ami. T\u00fdmito slovami by sme v\u00a0stru\u010dnosti mohli definova\u0165 stredovek\u00fd feudalizmus. Cie\u013eom predn\u00e1\u0161ky nie je definova\u0165 pojem feudalizmus, ale naopak pribl\u00ed\u017ei\u0165 \u017eiakom na ak\u00fdch z\u00e1kladoch bola postaven\u00e1 stredovek\u00e1 spolo\u010dnos\u0165 a\u00a0taktie\u017e charakterizova\u0165 \u0161pecifick\u00fa formu feudalizmu, ktor\u00e1 sa vyv\u00edjala na na\u0161om \u00fazem\u00ed zn\u00e1ma ako <em>familiarita.\u00a0<\/em>Predn\u00e1\u0161ka je ur\u010den\u00e1 pre \u017eiakov 6. ro\u010dn\u00edka z\u00e1kladn\u00fdch \u0161k\u00f4l, jej s\u00fa\u010das\u0165ou je i hra pexeso (\u013eudia v stredoveku). Predn\u00e1\u0161ka sa bude kona\u0165 v priebehu mesiaca febru\u00e1r a\u00a0marec, iba v\u00a0pondelok alebo v\u00a0utorok. Objedna\u0165 sa m\u00f4\u017eete na mailovej adrese <a href=\"mailto:lesko@pmza.sk\">lesko@pmza.sk<\/a>. Cena na \u017eiaka je 1 \u20ac, pedagogick\u00fd dozor zadarmo.<\/p>\n<p><a href=\"https:\/\/pmza.sk\/wp-content\/uploads\/2018\/01\/mladata_byt\u010da.jpg\"><img loading=\"lazy\" decoding=\"async\" class=\"alignleft size-thumbnail wp-image-24720\" src=\"https:\/\/pmza.sk\/wp-content\/uploads\/2018\/01\/mladata_byt\u010da-112x150.jpg\" alt=\"\" width=\"112\" height=\"150\" \/><\/a>V Sob\u00e1\u0161nom pal\u00e1ci v Byt\u010di sme pripravili s\u00e9riu zoologick\u00fdch predn\u00e1\u0161ok\u00a0<strong><em>Jarn\u00e9 preb\u00fadzanie a\u00a0zvieracie ml\u00e1\u010fat\u00e1.\u00a0<\/em><\/strong>Koniec zimy a\u00a0jar s\u00fa v\u00a0na\u0161ich zemepisn\u00fdch \u0161\u00edrkach od nepam\u00e4ti sp\u00e1jan\u00e9 so vznikom nov\u00e9ho \u017eivota. Tomuto neomyln\u00e9mu cyklu podlieha aj rozmno\u017eovanie \u017eivo\u010d\u00edchov vo vo\u013enej pr\u00edrode. \u00da\u010dastn\u00edci tejto predn\u00e1\u0161ky sa m\u00f4\u017eu dozvedie\u0165 ve\u013ea zauj\u00edmavost\u00ed o\u00a0dvoren\u00ed a\u00a0pyta\u010dk\u00e1ch v\u00a0\u017eivo\u010d\u00ed\u0161nej r\u00ed\u0161i. Tie\u017e o\u00a0tom, ako vznik\u00e1 \u017eivot a\u00a0ako sa rodia ml\u00e1\u010fat\u00e1 oboj\u017eiveln\u00edkov, plazov, vt\u00e1kov a\u00a0cicavcov. Dozvedia sa ve\u013ea nov\u00fdch inform\u00e1ci\u00ed o\u00a0ml\u00e1\u010fat\u00e1ch zvierat, o\u00a0ich v\u00fdvoji a\u00a0starostlivosti rodi\u010dov o\u00a0ne. Predn\u00e1\u0161ka bude doplnen\u00e1 p\u00fatavou audiovizu\u00e1lnou projekciou. Vhodn\u00e1 pre \u017eiakov M\u0160 a\u00a0Z\u0160, cena na \u017eiaka je 1\u20ac, pedagogick\u00fd dozor zadarmo. Na predn\u00e1\u0161ku je nutn\u00e9 sa vopred objedna\u0165 mailom na adresu <a href=\"mailto:sobasnypalac@pmza.sk\">sobasnypalac@pmza.sk<\/a>, alebo telefonicky na \u010d\u00edsle 0917 598\u00a0905. \u010cas predn\u00e1\u0161ok o\u00a09.00 a\u00a011.00 hod. Ke\u010f\u017ee term\u00edn\u00a015. febru\u00e1r je u\u017e obsaden\u00fd, v ponuke je e\u0161te 16. a 22. febru\u00e1r.<\/p>\n<p><a href=\"https:\/\/pmza.sk\/wp-content\/uploads\/2017\/10\/pozvanka-skoly-scaled-1.jpg\"><img loading=\"lazy\" decoding=\"async\" class=\"alignleft size-thumbnail wp-image-24035\" src=\"https:\/\/pmza.sk\/wp-content\/uploads\/2017\/10\/pozv\u00e1nka-\u0161koly-105x150.jpg\" alt=\"\" width=\"105\" height=\"150\" \/><\/a>Po mesa\u010dnej odmlke, kedy bolo M\u00fazeum dopravy Rajeck\u00e9 Teplice pres\u0165ahovan\u00e9 do OC MIRAGE v centre \u017diliny, sa br\u00e1ny m\u00fazea vo febru\u00e1ri op\u00e4\u0165 otv\u00e1raj\u00fa verejnosti. Pre \u017eiakov z\u00e1kladn\u00fdch a stredn\u00fdch \u0161k\u00f4l je tu teda znova mo\u017enos\u0165 absolvova\u0165\u00a0<strong><em>Z\u00e1bavno-n\u00e1u\u010dn\u00fa hodinu dejepisu a\u00a0fyziky v\u00a0m\u00fazeu dopravy.\u00a0<\/em><\/strong>Poz\u00fdvame v\u0161etk\u00fdch \u017eiakov z\u00e1kladn\u00fdch a\u00a0stredn\u00fdch \u0161k\u00f4l na \u0161peci\u00e1lnu prehliadku m\u00fazea dopravy v\u00a0Rajeck\u00fdch Tepliciach formou z\u00e1\u017eitkovej vyu\u010dovacej hodiny. \u017diaci sa dozvedia ve\u013ea zauj\u00edmavost\u00ed o\u00a0v\u00fdvoji dopravy na Slovensku, o\u00a0v\u00fdvoji \u017eelezni\u010dnej dopravy v\u00a0\u017eilinskom regi\u00f3ne, uk\u00e1\u017eeme im, ako funguje parn\u00fd stroj, telegraf a\u00a0in\u00e9 stroje. Ch\u00fdba\u0165 nebude prehliadka motocyklov a\u00a0modern\u00e9ho ko\u013eajiska. Na t\u00fato \u0161peci\u00e1lnu prehliadku je mo\u017en\u00e9 objedna\u0165 sa telefonicky 0905 602\u00a0582, kona\u0165 sa bude v\u00a0piatok dopoludnia (\u010das vyhraden\u00fd pre \u0161koly).<\/p>\n<p>&nbsp;<\/p>\n<p><a href=\"https:\/\/pmza.sk\/wp-content\/uploads\/2018\/01\/pmza_75.jpg\"><img loading=\"lazy\" decoding=\"async\" class=\"alignleft size-thumbnail wp-image-24831\" src=\"https:\/\/pmza.sk\/wp-content\/uploads\/2018\/01\/pmza_75-106x150.jpg\" alt=\"\" width=\"106\" height=\"150\" \/><\/a>Pri n\u00e1v\u0161teve Budat\u00ednskeho hradu ur\u010dite neob\u00ed\u010fte v\u00fdstavu\u00a0<strong><em>Toto je m\u00fazeum_75 rokov PMZA.\u00a0<\/em><\/strong>Retrospekt\u00edvna v\u00fdstava k\u00a075. v\u00fdro\u010diu zalo\u017eenia n\u00e1\u0161ho m\u00fazea m\u00e1 za cie\u013e n\u00e1v\u0161tevn\u00edkovi pribl\u00ed\u017ei\u0165 hist\u00f3riu v\u00fdvoja PMZA. Prostredn\u00edctvom siedmich zastaven\u00ed v\u00a075-ro\u010dnom \u017eivote m\u00fazea spozn\u00e1 n\u00e1v\u0161tevn\u00edk v\u0161etky hlavn\u00e9 m\u00fazejn\u00e9 odborn\u00e9 \u010dinnosti (zbierkotvorn\u00fa, eviden\u010dn\u00fa a\u00a0katalogiza\u010dn\u00fa, konzerv\u00e1torsk\u00fa, expozi\u010dn\u00fa, v\u00fdskumn\u00fa, publika\u010dn\u00fa). Prezentovan\u00e9 s\u00fa v\u0161etky m\u00fazejn\u00e9 zbierkov\u00e9 fondy, odborn\u00e1 kni\u017enica a\u00a0rozsiahly fotoarch\u00edv.<\/p>\n<p>&nbsp;<\/p>\n<p>V\u0161etky expoz\u00edcie Pova\u017esk\u00e9ho m\u00fazea s\u00fa vo febru\u00e1ri otvoren\u00e9 po\u010das be\u017en\u00fdch otv\u00e1rac\u00edch hod\u00edn, s v\u00fdnimkou hradu Stre\u010dno, ktor\u00fd po\u010das zimn\u00fdch mesiacov nie je pr\u00edstupn\u00fd verejnosti.<\/p>\n<h4><a href=\"https:\/\/pmza.sk\/wp-content\/uploads\/2018\/01\/prednasky.jpg\"><span style=\"color: #ff0000;\"><strong>PONUKA PRE M\u0160 A Z\u0160<\/strong><\/span><\/a><\/h4>\n<p>&nbsp;<\/p>\n<p>&nbsp;<\/p>\n<p>&nbsp;<\/p>\n<p>&nbsp;<\/p>\n","protected":false},"excerpt":{"rendered":"<p>Febru\u00e1r v Pova\u017eskom m\u00fazeu v \u017diline sa nesie v duchu interakt\u00edvnych foriem vzdel\u00e1vania pre matersk\u00e9, z\u00e1kladn\u00e9 a stredn\u00e9 \u0161koly. Pracovn\u00edci m\u00fazea pripravili pre organizovan\u00e9 skupiny s\u00e9rie predn\u00e1\u0161ok a tvoriv\u00fdch dieln\u00ed. V are\u00e1li Budat\u00ednskeho hradu je mo\u017en\u00e9 zarezervova\u0165 si term\u00edn na predn\u00e1\u0161ku\u00a0M\u00e1ria Ter\u00e9zia a\u00a0Jozef II. V\u00a0roku 2017 sme si pripomenuli 300. v\u00fdro\u010die narodenia M\u00e1rie Ter\u00e9zie. Pri [&hellip;]<\/p>\n","protected":false},"author":2,"featured_media":0,"comment_status":"closed","ping_status":"closed","sticky":false,"template":"","format":"standard","meta":{"site-sidebar-layout":"default","site-content-layout":"","ast-site-content-layout":"","site-content-style":"default","site-sidebar-style":"default","ast-global-header-display":"","ast-banner-title-visibility":"","ast-main-header-display":"","ast-hfb-above-header-display":"","ast-hfb-below-header-display":"","ast-hfb-mobile-header-display":"","site-post-title":"","ast-breadcrumbs-content":"","ast-featured-img":"","footer-sml-layout":"","theme-transparent-header-meta":"","adv-header-id-meta":"","stick-header-meta":"","header-above-stick-meta":"","header-main-stick-meta":"","header-below-stick-meta":"","astra-migrate-meta-layouts":"default","ast-page-background-enabled":"default","ast-page-background-meta":{"desktop":{"background-color":"var(--ast-global-color-4)","background-image":"","background-repeat":"repeat","background-position":"center center","background-size":"auto","background-attachment":"scroll","background-type":"","background-media":"","overlay-type":"","overlay-color":"","overlay-opacity":"","overlay-gradient":""},"tablet":{"background-color":"","background-image":"","background-repeat":"repeat","background-position":"center center","background-size":"auto","background-attachment":"scroll","background-type":"","background-media":"","overlay-type":"","overlay-color":"","overlay-opacity":"","overlay-gradient":""},"mobile":{"background-color":"","background-image":"","background-repeat":"repeat","background-position":"center center","background-size":"auto","background-attachment":"scroll","background-type":"","background-media":"","overlay-type":"","overlay-color":"","overlay-opacity":"","overlay-gradient":""}},"ast-content-background-meta":{"desktop":{"background-color":"var(--ast-global-color-5)","background-image":"","background-repeat":"repeat","background-position":"center center","background-size":"auto","background-attachment":"scroll","background-type":"","background-media":"","overlay-type":"","overlay-color":"","overlay-opacity":"","overlay-gradient":""},"tablet":{"background-color":"var(--ast-global-color-5)","background-image":"","background-repeat":"repeat","background-position":"center center","background-size":"auto","background-attachment":"scroll","background-type":"","background-media":"","overlay-type":"","overlay-color":"","overlay-opacity":"","overlay-gradient":""},"mobile":{"background-color":"var(--ast-global-color-5)","background-image":"","background-repeat":"repeat","background-position":"center center","background-size":"auto","background-attachment":"scroll","background-type":"","background-media":"","overlay-type":"","overlay-color":"","overlay-opacity":"","overlay-gradient":""}},"footnotes":""},"categories":[31],"tags":[],"class_list":["post-24850","post","type-post","status-publish","format-standard","hentry","category-aktuality"],"yoast_head":"<!-- This site is optimized with the Yoast SEO plugin v27.4 - https:\/\/yoast.com\/product\/yoast-seo-wordpress\/ -->\n<title>Febru\u00e1r v m\u00fazeu - Pova\u017esk\u00e9 m\u00fazeum<\/title>\n<meta name=\"robots\" content=\"index, follow, max-snippet:-1, max-image-preview:large, max-video-preview:-1\" \/>\n<link rel=\"canonical\" href=\"https:\/\/pmza.sk\/?p=24850\" \/>\n<meta property=\"og:locale\" content=\"sk_SK\" \/>\n<meta property=\"og:type\" content=\"article\" \/>\n<meta property=\"og:title\" content=\"Febru\u00e1r v m\u00fazeu - Pova\u017esk\u00e9 m\u00fazeum\" \/>\n<meta property=\"og:description\" content=\"Febru\u00e1r v Pova\u017eskom m\u00fazeu v \u017diline sa nesie v duchu interakt\u00edvnych foriem vzdel\u00e1vania pre matersk\u00e9, z\u00e1kladn\u00e9 a stredn\u00e9 \u0161koly. Pracovn\u00edci m\u00fazea pripravili pre organizovan\u00e9 skupiny s\u00e9rie predn\u00e1\u0161ok a tvoriv\u00fdch dieln\u00ed. V are\u00e1li Budat\u00ednskeho hradu je mo\u017en\u00e9 zarezervova\u0165 si term\u00edn na predn\u00e1\u0161ku\u00a0M\u00e1ria Ter\u00e9zia a\u00a0Jozef II. V\u00a0roku 2017 sme si pripomenuli 300. v\u00fdro\u010die narodenia M\u00e1rie Ter\u00e9zie. Pri [&hellip;]\" \/>\n<meta property=\"og:url\" content=\"https:\/\/pmza.sk\/?p=24850\" \/>\n<meta property=\"og:site_name\" content=\"Pova\u017esk\u00e9 m\u00fazeum\" \/>\n<meta property=\"article:publisher\" content=\"https:\/\/www.facebook.com\/povazskemuzeum\" \/>\n<meta property=\"article:published_time\" content=\"2018-01-29T10:57:10+00:00\" \/>\n<meta property=\"og:image\" content=\"https:\/\/pmza.sk\/wp-content\/uploads\/2018\/01\/A4_maria_terezia-106x150.jpg\" \/>\n<meta name=\"author\" content=\"Pova\u017esk\u00e9 m\u00fazeum\" \/>\n<meta name=\"twitter:card\" content=\"summary_large_image\" \/>\n<meta name=\"twitter:label1\" content=\"Autor\" \/>\n\t<meta name=\"twitter:data1\" content=\"Pova\u017esk\u00e9 m\u00fazeum\" \/>\n\t<meta name=\"twitter:label2\" content=\"Predpokladan\u00fd \u010das \u010d\u00edtania\" \/>\n\t<meta name=\"twitter:data2\" content=\"6 min\u00fat\" \/>\n<script type=\"application\/ld+json\" class=\"yoast-schema-graph\">{\"@context\":\"https:\\\/\\\/schema.org\",\"@graph\":[{\"@type\":\"Article\",\"@id\":\"https:\\\/\\\/pmza.sk\\\/?p=24850#article\",\"isPartOf\":{\"@id\":\"https:\\\/\\\/pmza.sk\\\/?p=24850\"},\"author\":{\"name\":\"Pova\u017esk\u00e9 m\u00fazeum\",\"@id\":\"https:\\\/\\\/pmza.sk\\\/#\\\/schema\\\/person\\\/595e6a2ce731ea94dcd5d7f50a41ae33\"},\"headline\":\"Febru\u00e1r v m\u00fazeu\",\"datePublished\":\"2018-01-29T10:57:10+00:00\",\"mainEntityOfPage\":{\"@id\":\"https:\\\/\\\/pmza.sk\\\/?p=24850\"},\"wordCount\":1125,\"publisher\":{\"@id\":\"https:\\\/\\\/pmza.sk\\\/#organization\"},\"image\":{\"@id\":\"https:\\\/\\\/pmza.sk\\\/?p=24850#primaryimage\"},\"thumbnailUrl\":\"http:\\\/\\\/pmza.sk\\\/wp-content\\\/uploads\\\/2018\\\/01\\\/A4_maria_terezia-106x150.jpg\",\"articleSection\":[\"Aktuality\"],\"inLanguage\":\"sk-SK\"},{\"@type\":\"WebPage\",\"@id\":\"https:\\\/\\\/pmza.sk\\\/?p=24850\",\"url\":\"https:\\\/\\\/pmza.sk\\\/?p=24850\",\"name\":\"Febru\u00e1r v m\u00fazeu - Pova\u017esk\u00e9 m\u00fazeum\",\"isPartOf\":{\"@id\":\"https:\\\/\\\/pmza.sk\\\/#website\"},\"primaryImageOfPage\":{\"@id\":\"https:\\\/\\\/pmza.sk\\\/?p=24850#primaryimage\"},\"image\":{\"@id\":\"https:\\\/\\\/pmza.sk\\\/?p=24850#primaryimage\"},\"thumbnailUrl\":\"http:\\\/\\\/pmza.sk\\\/wp-content\\\/uploads\\\/2018\\\/01\\\/A4_maria_terezia-106x150.jpg\",\"datePublished\":\"2018-01-29T10:57:10+00:00\",\"breadcrumb\":{\"@id\":\"https:\\\/\\\/pmza.sk\\\/?p=24850#breadcrumb\"},\"inLanguage\":\"sk-SK\",\"potentialAction\":[{\"@type\":\"ReadAction\",\"target\":[\"https:\\\/\\\/pmza.sk\\\/?p=24850\"]}]},{\"@type\":\"ImageObject\",\"inLanguage\":\"sk-SK\",\"@id\":\"https:\\\/\\\/pmza.sk\\\/?p=24850#primaryimage\",\"url\":\"http:\\\/\\\/pmza.sk\\\/wp-content\\\/uploads\\\/2018\\\/01\\\/A4_maria_terezia-106x150.jpg\",\"contentUrl\":\"http:\\\/\\\/pmza.sk\\\/wp-content\\\/uploads\\\/2018\\\/01\\\/A4_maria_terezia-106x150.jpg\"},{\"@type\":\"BreadcrumbList\",\"@id\":\"https:\\\/\\\/pmza.sk\\\/?p=24850#breadcrumb\",\"itemListElement\":[{\"@type\":\"ListItem\",\"position\":1,\"name\":\"Domovsk\u00e1 str\u00e1nka\",\"item\":\"https:\\\/\\\/pmza.sk\\\/\"},{\"@type\":\"ListItem\",\"position\":2,\"name\":\"Febru\u00e1r v m\u00fazeu\"}]},{\"@type\":\"WebSite\",\"@id\":\"https:\\\/\\\/pmza.sk\\\/#website\",\"url\":\"https:\\\/\\\/pmza.sk\\\/\",\"name\":\"Pova\u017esk\u00e9 m\u00fazeum\",\"description\":\"Pova\u017esk\u00e9 m\u00fazeum v \u017diline je region\u00e1lne m\u00fazeum so s\u00eddlom v Budat\u00edne. Jeho expoz\u00edcie s\u00fa zameran\u00e9 na dejiny slovensk\u00e9ho umenia, kult\u00fary a dopravy.\",\"publisher\":{\"@id\":\"https:\\\/\\\/pmza.sk\\\/#organization\"},\"potentialAction\":[{\"@type\":\"SearchAction\",\"target\":{\"@type\":\"EntryPoint\",\"urlTemplate\":\"https:\\\/\\\/pmza.sk\\\/?s={search_term_string}\"},\"query-input\":{\"@type\":\"PropertyValueSpecification\",\"valueRequired\":true,\"valueName\":\"search_term_string\"}}],\"inLanguage\":\"sk-SK\"},{\"@type\":\"Organization\",\"@id\":\"https:\\\/\\\/pmza.sk\\\/#organization\",\"name\":\"Pova\u017esk\u00e9 m\u00fazeum\",\"url\":\"https:\\\/\\\/pmza.sk\\\/\",\"logo\":{\"@type\":\"ImageObject\",\"inLanguage\":\"sk-SK\",\"@id\":\"https:\\\/\\\/pmza.sk\\\/#\\\/schema\\\/logo\\\/image\\\/\",\"url\":\"https:\\\/\\\/pmza.sk\\\/wp-content\\\/uploads\\\/2022\\\/01\\\/logo_PM_horizontal.jpg\",\"contentUrl\":\"https:\\\/\\\/pmza.sk\\\/wp-content\\\/uploads\\\/2022\\\/01\\\/logo_PM_horizontal.jpg\",\"width\":231,\"height\":142,\"caption\":\"Pova\u017esk\u00e9 m\u00fazeum\"},\"image\":{\"@id\":\"https:\\\/\\\/pmza.sk\\\/#\\\/schema\\\/logo\\\/image\\\/\"},\"sameAs\":[\"https:\\\/\\\/www.facebook.com\\\/povazskemuzeum\",\"https:\\\/\\\/www.instagram.com\\\/povazskemuzeum\\\/\"]},{\"@type\":\"Person\",\"@id\":\"https:\\\/\\\/pmza.sk\\\/#\\\/schema\\\/person\\\/595e6a2ce731ea94dcd5d7f50a41ae33\",\"name\":\"Pova\u017esk\u00e9 m\u00fazeum\",\"image\":{\"@type\":\"ImageObject\",\"inLanguage\":\"sk-SK\",\"@id\":\"https:\\\/\\\/secure.gravatar.com\\\/avatar\\\/2bb7f1561282132fb5826dfeccc66c7996d11ee392ac6aaf7ced8a1c2027fbb2?s=96&d=mm&r=g\",\"url\":\"https:\\\/\\\/secure.gravatar.com\\\/avatar\\\/2bb7f1561282132fb5826dfeccc66c7996d11ee392ac6aaf7ced8a1c2027fbb2?s=96&d=mm&r=g\",\"contentUrl\":\"https:\\\/\\\/secure.gravatar.com\\\/avatar\\\/2bb7f1561282132fb5826dfeccc66c7996d11ee392ac6aaf7ced8a1c2027fbb2?s=96&d=mm&r=g\",\"caption\":\"Pova\u017esk\u00e9 m\u00fazeum\"}}]}<\/script>\n<!-- \/ Yoast SEO plugin. -->","yoast_head_json":{"title":"Febru\u00e1r v m\u00fazeu - Pova\u017esk\u00e9 m\u00fazeum","robots":{"index":"index","follow":"follow","max-snippet":"max-snippet:-1","max-image-preview":"max-image-preview:large","max-video-preview":"max-video-preview:-1"},"canonical":"https:\/\/pmza.sk\/?p=24850","og_locale":"sk_SK","og_type":"article","og_title":"Febru\u00e1r v m\u00fazeu - Pova\u017esk\u00e9 m\u00fazeum","og_description":"Febru\u00e1r v Pova\u017eskom m\u00fazeu v \u017diline sa nesie v duchu interakt\u00edvnych foriem vzdel\u00e1vania pre matersk\u00e9, z\u00e1kladn\u00e9 a stredn\u00e9 \u0161koly. Pracovn\u00edci m\u00fazea pripravili pre organizovan\u00e9 skupiny s\u00e9rie predn\u00e1\u0161ok a tvoriv\u00fdch dieln\u00ed. V are\u00e1li Budat\u00ednskeho hradu je mo\u017en\u00e9 zarezervova\u0165 si term\u00edn na predn\u00e1\u0161ku\u00a0M\u00e1ria Ter\u00e9zia a\u00a0Jozef II. V\u00a0roku 2017 sme si pripomenuli 300. v\u00fdro\u010die narodenia M\u00e1rie Ter\u00e9zie. Pri [&hellip;]","og_url":"https:\/\/pmza.sk\/?p=24850","og_site_name":"Pova\u017esk\u00e9 m\u00fazeum","article_publisher":"https:\/\/www.facebook.com\/povazskemuzeum","article_published_time":"2018-01-29T10:57:10+00:00","og_image":[{"url":"https:\/\/pmza.sk\/wp-content\/uploads\/2018\/01\/A4_maria_terezia-106x150.jpg","type":"","width":"","height":""}],"author":"Pova\u017esk\u00e9 m\u00fazeum","twitter_card":"summary_large_image","twitter_misc":{"Autor":"Pova\u017esk\u00e9 m\u00fazeum","Predpokladan\u00fd \u010das \u010d\u00edtania":"6 min\u00fat"},"schema":{"@context":"https:\/\/schema.org","@graph":[{"@type":"Article","@id":"https:\/\/pmza.sk\/?p=24850#article","isPartOf":{"@id":"https:\/\/pmza.sk\/?p=24850"},"author":{"name":"Pova\u017esk\u00e9 m\u00fazeum","@id":"https:\/\/pmza.sk\/#\/schema\/person\/595e6a2ce731ea94dcd5d7f50a41ae33"},"headline":"Febru\u00e1r v m\u00fazeu","datePublished":"2018-01-29T10:57:10+00:00","mainEntityOfPage":{"@id":"https:\/\/pmza.sk\/?p=24850"},"wordCount":1125,"publisher":{"@id":"https:\/\/pmza.sk\/#organization"},"image":{"@id":"https:\/\/pmza.sk\/?p=24850#primaryimage"},"thumbnailUrl":"https:\/\/pmza.sk\/wp-content\/uploads\/2018\/01\/A4_maria_terezia-106x150.jpg","articleSection":["Aktuality"],"inLanguage":"sk-SK"},{"@type":"WebPage","@id":"https:\/\/pmza.sk\/?p=24850","url":"https:\/\/pmza.sk\/?p=24850","name":"Febru\u00e1r v m\u00fazeu - Pova\u017esk\u00e9 m\u00fazeum","isPartOf":{"@id":"https:\/\/pmza.sk\/#website"},"primaryImageOfPage":{"@id":"https:\/\/pmza.sk\/?p=24850#primaryimage"},"image":{"@id":"https:\/\/pmza.sk\/?p=24850#primaryimage"},"thumbnailUrl":"https:\/\/pmza.sk\/wp-content\/uploads\/2018\/01\/A4_maria_terezia-106x150.jpg","datePublished":"2018-01-29T10:57:10+00:00","breadcrumb":{"@id":"https:\/\/pmza.sk\/?p=24850#breadcrumb"},"inLanguage":"sk-SK","potentialAction":[{"@type":"ReadAction","target":["https:\/\/pmza.sk\/?p=24850"]}]},{"@type":"ImageObject","inLanguage":"sk-SK","@id":"https:\/\/pmza.sk\/?p=24850#primaryimage","url":"https:\/\/pmza.sk\/wp-content\/uploads\/2018\/01\/A4_maria_terezia-106x150.jpg","contentUrl":"https:\/\/pmza.sk\/wp-content\/uploads\/2018\/01\/A4_maria_terezia-106x150.jpg"},{"@type":"BreadcrumbList","@id":"https:\/\/pmza.sk\/?p=24850#breadcrumb","itemListElement":[{"@type":"ListItem","position":1,"name":"Domovsk\u00e1 str\u00e1nka","item":"https:\/\/pmza.sk\/"},{"@type":"ListItem","position":2,"name":"Febru\u00e1r v m\u00fazeu"}]},{"@type":"WebSite","@id":"https:\/\/pmza.sk\/#website","url":"https:\/\/pmza.sk\/","name":"Pova\u017esk\u00e9 m\u00fazeum","description":"Pova\u017esk\u00e9 m\u00fazeum v \u017diline je region\u00e1lne m\u00fazeum so s\u00eddlom v Budat\u00edne. Jeho expoz\u00edcie s\u00fa zameran\u00e9 na dejiny slovensk\u00e9ho umenia, kult\u00fary a dopravy.","publisher":{"@id":"https:\/\/pmza.sk\/#organization"},"potentialAction":[{"@type":"SearchAction","target":{"@type":"EntryPoint","urlTemplate":"https:\/\/pmza.sk\/?s={search_term_string}"},"query-input":{"@type":"PropertyValueSpecification","valueRequired":true,"valueName":"search_term_string"}}],"inLanguage":"sk-SK"},{"@type":"Organization","@id":"https:\/\/pmza.sk\/#organization","name":"Pova\u017esk\u00e9 m\u00fazeum","url":"https:\/\/pmza.sk\/","logo":{"@type":"ImageObject","inLanguage":"sk-SK","@id":"https:\/\/pmza.sk\/#\/schema\/logo\/image\/","url":"https:\/\/pmza.sk\/wp-content\/uploads\/2022\/01\/logo_PM_horizontal.jpg","contentUrl":"https:\/\/pmza.sk\/wp-content\/uploads\/2022\/01\/logo_PM_horizontal.jpg","width":231,"height":142,"caption":"Pova\u017esk\u00e9 m\u00fazeum"},"image":{"@id":"https:\/\/pmza.sk\/#\/schema\/logo\/image\/"},"sameAs":["https:\/\/www.facebook.com\/povazskemuzeum","https:\/\/www.instagram.com\/povazskemuzeum\/"]},{"@type":"Person","@id":"https:\/\/pmza.sk\/#\/schema\/person\/595e6a2ce731ea94dcd5d7f50a41ae33","name":"Pova\u017esk\u00e9 m\u00fazeum","image":{"@type":"ImageObject","inLanguage":"sk-SK","@id":"https:\/\/secure.gravatar.com\/avatar\/2bb7f1561282132fb5826dfeccc66c7996d11ee392ac6aaf7ced8a1c2027fbb2?s=96&d=mm&r=g","url":"https:\/\/secure.gravatar.com\/avatar\/2bb7f1561282132fb5826dfeccc66c7996d11ee392ac6aaf7ced8a1c2027fbb2?s=96&d=mm&r=g","contentUrl":"https:\/\/secure.gravatar.com\/avatar\/2bb7f1561282132fb5826dfeccc66c7996d11ee392ac6aaf7ced8a1c2027fbb2?s=96&d=mm&r=g","caption":"Pova\u017esk\u00e9 m\u00fazeum"}}]}},"_links":{"self":[{"href":"https:\/\/pmza.sk\/index.php?rest_route=\/wp\/v2\/posts\/24850","targetHints":{"allow":["GET"]}}],"collection":[{"href":"https:\/\/pmza.sk\/index.php?rest_route=\/wp\/v2\/posts"}],"about":[{"href":"https:\/\/pmza.sk\/index.php?rest_route=\/wp\/v2\/types\/post"}],"author":[{"embeddable":true,"href":"https:\/\/pmza.sk\/index.php?rest_route=\/wp\/v2\/users\/2"}],"replies":[{"embeddable":true,"href":"https:\/\/pmza.sk\/index.php?rest_route=%2Fwp%2Fv2%2Fcomments&post=24850"}],"version-history":[{"count":0,"href":"https:\/\/pmza.sk\/index.php?rest_route=\/wp\/v2\/posts\/24850\/revisions"}],"wp:attachment":[{"href":"https:\/\/pmza.sk\/index.php?rest_route=%2Fwp%2Fv2%2Fmedia&parent=24850"}],"wp:term":[{"taxonomy":"category","embeddable":true,"href":"https:\/\/pmza.sk\/index.php?rest_route=%2Fwp%2Fv2%2Fcategories&post=24850"},{"taxonomy":"post_tag","embeddable":true,"href":"https:\/\/pmza.sk\/index.php?rest_route=%2Fwp%2Fv2%2Ftags&post=24850"}],"curies":[{"name":"wp","href":"https:\/\/api.w.org\/{rel}","templated":true}]}}