{"id":24908,"date":"2018-01-31T09:47:58","date_gmt":"2018-01-31T08:47:58","guid":{"rendered":"https:\/\/pmza.sk\/?p=24908"},"modified":"2018-01-31T09:47:58","modified_gmt":"2018-01-31T08:47:58","slug":"turon-je-opat-v-cicmanoch","status":"publish","type":"post","link":"https:\/\/pmza.sk\/?p=24908","title":{"rendered":"Turo\u0148 je op\u00e4\u0165 v \u010ci\u010dmanoch"},"content":{"rendered":"<p>V\u00a0zbierkovom fonde Pova\u017esk\u00e9ho m\u00fazea sa nach\u00e1dza maska turo\u0148a z \u010ci\u010dmian, ktorej autorom je ro\u013en\u00edk a\u00a0tes\u00e1r Ondrej Vrchovsk\u00fd. Masku vyrobil pre v\u00fdstavn\u00e9 \u00fa\u010dely m\u00fazea v\u00a0roku 1967. Z\u00e1kladom je dreven\u00e1 kostra vysok\u00e1 pribli\u017ene dva metre. Hlava a\u00a0aj telo s\u00fa potiahut\u00e9 ov\u010dou ko\u017eu\u0161inou. Ku spodnej \u010dasti je na\u0161it\u00e1 vrecovina. Papu\u013ea sa otv\u00e1ra pomocou mot\u00faza.<\/p>\n<p><em>Turo\u0148<\/em>, naz\u00fdvan\u00fd aj <em>tur\u00f4\u0148<\/em>, pr\u00edpadne <em>chriapa<\/em>, predstavuje fa\u0161iangov\u00fa masku, ktor\u00e1 bola zn\u00e1ma nielen na celom \u00fazem\u00ed Slovenska, ale aj v\u00a0Po\u013esku a\u00a0v \u010cech\u00e1ch. Jej n\u00e1zov je odvoden\u00fd od tura, zviera\u0165a podobn\u00e9ho volovi, ktor\u00e9 na Slovensku vyhynulo v\u00a017. storo\u010d\u00ed a\u00a0v\u00a0magick\u00fdch predstav\u00e1ch na\u0161ich predkov symbolizovalo silu a\u00a0plodnos\u0165.<\/p>\n<p>Masku tvor\u00ed \u0161tylizovan\u00e1 hlava vola s\u00a0otv\u00e1rate\u013enou papu\u013eou (chriapou), ktor\u00e1 je pripevnen\u00e1 na ty\u010di pokrytej vrecovinou alebo ko\u017eu\u0161inou. Pod \u0148ou je ukryt\u00fd mu\u017e, ktor\u00fd masku niesol. Postavu niekedy tvoril p\u00e1r, pri\u010dom jeden dr\u017eal hlavu a\u00a0druh\u00fd sa mu opieral rukami o\u00a0ramen\u00e1. Neoddelite\u013enou s\u00fa\u010das\u0165ou boli aj rohy, \u010dasto ove\u0161an\u00e9 zvoncami.<\/p>\n<p>Ceremoni\u00e1lnou \u00falohou turo\u0148a bolo pov\u00e1\u013ea\u0165 sa v\u00a0ka\u017edom dvore na hnojisku, kde ho za vesel\u00e9ho spevu pr\u00edtomn\u00fdch, obradne podrezali drevenou \u0161ab\u013eou, \u010doho n\u00e1sledkom hnoj nadobudol magick\u00fa silu, ktor\u00e1 mala zabezpe\u010di\u0165 dobr\u00fa \u00farodu. Do hnojiska napokon \u010dasto zapichli pr\u00fatik, ktor\u00fdm po\u0161ibali st\u00e1do pri prvom v\u00fdh\u00e1\u0148an\u00ed dobytka. S\u00fa\u010das\u0165ou sprievodu bola muzika a\u00a0tanec, ktor\u00fd op\u00e4\u0165 sledoval zabezpe\u010denie prosperity gazdovstva, o\u00a0\u010dom sved\u010d\u00ed aj nasleduj\u00face porekadlo: <em>\u201eDobre sa konope v\u00a0mo\u010didle vymo\u010d\u00ed, ke\u010f sebe Turvonko s\u00a0gazdinou zasko\u010d\u00ed.\u201c<\/em><\/p>\n<p style=\"text-align: right;\">Mgr.\u00a0Adriana B\u00e1rdyov\u00e1<br \/>etnologi\u010dka PMZA<\/p>\n<p>V t\u00fdchto d\u0148och, teda v obdob\u00ed fa\u0161iangov, n\u00e1jdete v Objektoch \u013eudovej architekt\u00fary v \u010ci\u010dmanoch nielen samotn\u00e9ho turo\u0148a, o ktorom p\u00ed\u0161eme vy\u0161\u0161ie v texte, ale aj poves\u0165 o \u0148om.\u00a0\u010ci\u010dmianska poves\u0165 o turo\u0148ovi poch\u00e1dza z d\u00f4b tureck\u00fdch n\u00e1jazdov, kedy sa podarilo dedin\u010danom za pomoci masiek zhotoven\u00fdch z ov\u010dej ko\u017ee a zvoncov (pripom\u00ednaj\u00facich tura \u2013 stadia\u013e \u201eTuro\u0148\u201d) zahna\u0165 pover\u010div\u00fdch tureck\u00fdch \u00fato\u010dn\u00edkov a zabr\u00e1ni\u0165 tak vyrabovaniu a vyp\u00e1leniu obce. Na z\u00e1klade povesti \u00a0vznikol fa\u0161iangov\u00fd zvyk \u2013 \u201echodenie s turo\u0148om\u201d.<\/p>\n<p><a href=\"https:\/\/pmza.sk\/wp-content\/uploads\/2018\/01\/IMG_20180123_112826.jpg\"><img decoding=\"async\" class=\"alignleft size-thumbnail wp-image-24915\" src=\"https:\/\/pmza.sk\/wp-content\/uploads\/2018\/01\/IMG_20180123_112826-113x150.jpg\" alt=\"\" width=\"113\" height=\"150\" \/><\/a> <a href=\"https:\/\/pmza.sk\/wp-content\/uploads\/2018\/01\/IMG_20180123_112854.jpg\"><img decoding=\"async\" class=\"alignleft size-thumbnail wp-image-24916\" src=\"https:\/\/pmza.sk\/wp-content\/uploads\/2018\/01\/IMG_20180123_112854-113x150.jpg\" alt=\"\" width=\"113\" height=\"150\" \/><\/a><\/p>\n<p>&nbsp;<\/p>\n<p>&nbsp;<\/p>\n<p>&nbsp;<\/p>\n<p>&nbsp;<\/p>\n<p>&nbsp;<\/p>\n<p>&nbsp;<\/p>\n","protected":false},"excerpt":{"rendered":"<p>V\u00a0zbierkovom fonde Pova\u017esk\u00e9ho m\u00fazea sa nach\u00e1dza maska turo\u0148a z \u010ci\u010dmian, ktorej autorom je ro\u013en\u00edk a\u00a0tes\u00e1r Ondrej Vrchovsk\u00fd. Masku vyrobil pre v\u00fdstavn\u00e9 \u00fa\u010dely m\u00fazea v\u00a0roku 1967. Z\u00e1kladom je dreven\u00e1 kostra vysok\u00e1 pribli\u017ene dva metre. Hlava a\u00a0aj telo s\u00fa potiahut\u00e9 ov\u010dou ko\u017eu\u0161inou. Ku spodnej \u010dasti je na\u0161it\u00e1 vrecovina. Papu\u013ea sa otv\u00e1ra pomocou mot\u00faza. Turo\u0148, naz\u00fdvan\u00fd aj tur\u00f4\u0148, [&hellip;]<\/p>\n","protected":false},"author":2,"featured_media":24911,"comment_status":"closed","ping_status":"closed","sticky":false,"template":"","format":"standard","meta":{"site-sidebar-layout":"default","site-content-layout":"","ast-site-content-layout":"","site-content-style":"default","site-sidebar-style":"default","ast-global-header-display":"","ast-banner-title-visibility":"","ast-main-header-display":"","ast-hfb-above-header-display":"","ast-hfb-below-header-display":"","ast-hfb-mobile-header-display":"","site-post-title":"","ast-breadcrumbs-content":"","ast-featured-img":"","footer-sml-layout":"","theme-transparent-header-meta":"","adv-header-id-meta":"","stick-header-meta":"","header-above-stick-meta":"","header-main-stick-meta":"","header-below-stick-meta":"","astra-migrate-meta-layouts":"default","ast-page-background-enabled":"default","ast-page-background-meta":{"desktop":{"background-color":"var(--ast-global-color-4)","background-image":"","background-repeat":"repeat","background-position":"center center","background-size":"auto","background-attachment":"scroll","background-type":"","background-media":"","overlay-type":"","overlay-color":"","overlay-opacity":"","overlay-gradient":""},"tablet":{"background-color":"","background-image":"","background-repeat":"repeat","background-position":"center center","background-size":"auto","background-attachment":"scroll","background-type":"","background-media":"","overlay-type":"","overlay-color":"","overlay-opacity":"","overlay-gradient":""},"mobile":{"background-color":"","background-image":"","background-repeat":"repeat","background-position":"center center","background-size":"auto","background-attachment":"scroll","background-type":"","background-media":"","overlay-type":"","overlay-color":"","overlay-opacity":"","overlay-gradient":""}},"ast-content-background-meta":{"desktop":{"background-color":"var(--ast-global-color-5)","background-image":"","background-repeat":"repeat","background-position":"center center","background-size":"auto","background-attachment":"scroll","background-type":"","background-media":"","overlay-type":"","overlay-color":"","overlay-opacity":"","overlay-gradient":""},"tablet":{"background-color":"var(--ast-global-color-5)","background-image":"","background-repeat":"repeat","background-position":"center center","background-size":"auto","background-attachment":"scroll","background-type":"","background-media":"","overlay-type":"","overlay-color":"","overlay-opacity":"","overlay-gradient":""},"mobile":{"background-color":"var(--ast-global-color-5)","background-image":"","background-repeat":"repeat","background-position":"center center","background-size":"auto","background-attachment":"scroll","background-type":"","background-media":"","overlay-type":"","overlay-color":"","overlay-opacity":"","overlay-gradient":""}},"footnotes":""},"categories":[1],"tags":[],"class_list":["post-24908","post","type-post","status-publish","format-standard","has-post-thumbnail","hentry","category-nezaradene"],"yoast_head":"<!-- This site is optimized with the Yoast SEO plugin v27.4 - https:\/\/yoast.com\/product\/yoast-seo-wordpress\/ -->\n<title>Turo\u0148 je op\u00e4\u0165 v \u010ci\u010dmanoch - Pova\u017esk\u00e9 m\u00fazeum<\/title>\n<meta name=\"robots\" content=\"index, follow, max-snippet:-1, max-image-preview:large, max-video-preview:-1\" \/>\n<link rel=\"canonical\" href=\"https:\/\/pmza.sk\/?p=24908\" \/>\n<meta property=\"og:locale\" content=\"sk_SK\" \/>\n<meta property=\"og:type\" content=\"article\" \/>\n<meta property=\"og:title\" content=\"Turo\u0148 je op\u00e4\u0165 v \u010ci\u010dmanoch - Pova\u017esk\u00e9 m\u00fazeum\" \/>\n<meta property=\"og:description\" content=\"V\u00a0zbierkovom fonde Pova\u017esk\u00e9ho m\u00fazea sa nach\u00e1dza maska turo\u0148a z \u010ci\u010dmian, ktorej autorom je ro\u013en\u00edk a\u00a0tes\u00e1r Ondrej Vrchovsk\u00fd. Masku vyrobil pre v\u00fdstavn\u00e9 \u00fa\u010dely m\u00fazea v\u00a0roku 1967. Z\u00e1kladom je dreven\u00e1 kostra vysok\u00e1 pribli\u017ene dva metre. Hlava a\u00a0aj telo s\u00fa potiahut\u00e9 ov\u010dou ko\u017eu\u0161inou. Ku spodnej \u010dasti je na\u0161it\u00e1 vrecovina. Papu\u013ea sa otv\u00e1ra pomocou mot\u00faza. Turo\u0148, naz\u00fdvan\u00fd aj tur\u00f4\u0148, [&hellip;]\" \/>\n<meta property=\"og:url\" content=\"https:\/\/pmza.sk\/?p=24908\" \/>\n<meta property=\"og:site_name\" content=\"Pova\u017esk\u00e9 m\u00fazeum\" \/>\n<meta property=\"article:publisher\" content=\"https:\/\/www.facebook.com\/povazskemuzeum\" \/>\n<meta property=\"article:published_time\" content=\"2018-01-31T08:47:58+00:00\" \/>\n<meta property=\"og:image\" content=\"https:\/\/pmza.sk\/wp-content\/uploads\/2018\/01\/Mladenci-s-turonom-Cicmany-zmensene.jpg\" \/>\n\t<meta property=\"og:image:width\" content=\"691\" \/>\n\t<meta property=\"og:image:height\" content=\"1024\" \/>\n\t<meta property=\"og:image:type\" content=\"image\/jpeg\" \/>\n<meta name=\"author\" content=\"Pova\u017esk\u00e9 m\u00fazeum\" \/>\n<meta name=\"twitter:card\" content=\"summary_large_image\" \/>\n<meta name=\"twitter:label1\" content=\"Autor\" \/>\n\t<meta name=\"twitter:data1\" content=\"Pova\u017esk\u00e9 m\u00fazeum\" \/>\n\t<meta name=\"twitter:label2\" content=\"Predpokladan\u00fd \u010das \u010d\u00edtania\" \/>\n\t<meta name=\"twitter:data2\" content=\"2 min\u00faty\" \/>\n<script type=\"application\/ld+json\" class=\"yoast-schema-graph\">{\"@context\":\"https:\\\/\\\/schema.org\",\"@graph\":[{\"@type\":\"Article\",\"@id\":\"https:\\\/\\\/pmza.sk\\\/?p=24908#article\",\"isPartOf\":{\"@id\":\"https:\\\/\\\/pmza.sk\\\/?p=24908\"},\"author\":{\"name\":\"Pova\u017esk\u00e9 m\u00fazeum\",\"@id\":\"https:\\\/\\\/pmza.sk\\\/#\\\/schema\\\/person\\\/595e6a2ce731ea94dcd5d7f50a41ae33\"},\"headline\":\"Turo\u0148 je op\u00e4\u0165 v \u010ci\u010dmanoch\",\"datePublished\":\"2018-01-31T08:47:58+00:00\",\"mainEntityOfPage\":{\"@id\":\"https:\\\/\\\/pmza.sk\\\/?p=24908\"},\"wordCount\":419,\"publisher\":{\"@id\":\"https:\\\/\\\/pmza.sk\\\/#organization\"},\"image\":{\"@id\":\"https:\\\/\\\/pmza.sk\\\/?p=24908#primaryimage\"},\"thumbnailUrl\":\"https:\\\/\\\/pmza.sk\\\/wp-content\\\/uploads\\\/2018\\\/01\\\/Mladenci-s-turonom-Cicmany-zmensene.jpg\",\"inLanguage\":\"sk-SK\"},{\"@type\":\"WebPage\",\"@id\":\"https:\\\/\\\/pmza.sk\\\/?p=24908\",\"url\":\"https:\\\/\\\/pmza.sk\\\/?p=24908\",\"name\":\"Turo\u0148 je op\u00e4\u0165 v \u010ci\u010dmanoch - Pova\u017esk\u00e9 m\u00fazeum\",\"isPartOf\":{\"@id\":\"https:\\\/\\\/pmza.sk\\\/#website\"},\"primaryImageOfPage\":{\"@id\":\"https:\\\/\\\/pmza.sk\\\/?p=24908#primaryimage\"},\"image\":{\"@id\":\"https:\\\/\\\/pmza.sk\\\/?p=24908#primaryimage\"},\"thumbnailUrl\":\"https:\\\/\\\/pmza.sk\\\/wp-content\\\/uploads\\\/2018\\\/01\\\/Mladenci-s-turonom-Cicmany-zmensene.jpg\",\"datePublished\":\"2018-01-31T08:47:58+00:00\",\"breadcrumb\":{\"@id\":\"https:\\\/\\\/pmza.sk\\\/?p=24908#breadcrumb\"},\"inLanguage\":\"sk-SK\",\"potentialAction\":[{\"@type\":\"ReadAction\",\"target\":[\"https:\\\/\\\/pmza.sk\\\/?p=24908\"]}]},{\"@type\":\"ImageObject\",\"inLanguage\":\"sk-SK\",\"@id\":\"https:\\\/\\\/pmza.sk\\\/?p=24908#primaryimage\",\"url\":\"https:\\\/\\\/pmza.sk\\\/wp-content\\\/uploads\\\/2018\\\/01\\\/Mladenci-s-turonom-Cicmany-zmensene.jpg\",\"contentUrl\":\"https:\\\/\\\/pmza.sk\\\/wp-content\\\/uploads\\\/2018\\\/01\\\/Mladenci-s-turonom-Cicmany-zmensene.jpg\",\"width\":691,\"height\":1024},{\"@type\":\"BreadcrumbList\",\"@id\":\"https:\\\/\\\/pmza.sk\\\/?p=24908#breadcrumb\",\"itemListElement\":[{\"@type\":\"ListItem\",\"position\":1,\"name\":\"Domovsk\u00e1 str\u00e1nka\",\"item\":\"https:\\\/\\\/pmza.sk\\\/\"},{\"@type\":\"ListItem\",\"position\":2,\"name\":\"Turo\u0148 je op\u00e4\u0165 v \u010ci\u010dmanoch\"}]},{\"@type\":\"WebSite\",\"@id\":\"https:\\\/\\\/pmza.sk\\\/#website\",\"url\":\"https:\\\/\\\/pmza.sk\\\/\",\"name\":\"Pova\u017esk\u00e9 m\u00fazeum\",\"description\":\"Pova\u017esk\u00e9 m\u00fazeum v \u017diline je region\u00e1lne m\u00fazeum so s\u00eddlom v Budat\u00edne. Jeho expoz\u00edcie s\u00fa zameran\u00e9 na dejiny slovensk\u00e9ho umenia, kult\u00fary a dopravy.\",\"publisher\":{\"@id\":\"https:\\\/\\\/pmza.sk\\\/#organization\"},\"potentialAction\":[{\"@type\":\"SearchAction\",\"target\":{\"@type\":\"EntryPoint\",\"urlTemplate\":\"https:\\\/\\\/pmza.sk\\\/?s={search_term_string}\"},\"query-input\":{\"@type\":\"PropertyValueSpecification\",\"valueRequired\":true,\"valueName\":\"search_term_string\"}}],\"inLanguage\":\"sk-SK\"},{\"@type\":\"Organization\",\"@id\":\"https:\\\/\\\/pmza.sk\\\/#organization\",\"name\":\"Pova\u017esk\u00e9 m\u00fazeum\",\"url\":\"https:\\\/\\\/pmza.sk\\\/\",\"logo\":{\"@type\":\"ImageObject\",\"inLanguage\":\"sk-SK\",\"@id\":\"https:\\\/\\\/pmza.sk\\\/#\\\/schema\\\/logo\\\/image\\\/\",\"url\":\"https:\\\/\\\/pmza.sk\\\/wp-content\\\/uploads\\\/2022\\\/01\\\/logo_PM_horizontal.jpg\",\"contentUrl\":\"https:\\\/\\\/pmza.sk\\\/wp-content\\\/uploads\\\/2022\\\/01\\\/logo_PM_horizontal.jpg\",\"width\":231,\"height\":142,\"caption\":\"Pova\u017esk\u00e9 m\u00fazeum\"},\"image\":{\"@id\":\"https:\\\/\\\/pmza.sk\\\/#\\\/schema\\\/logo\\\/image\\\/\"},\"sameAs\":[\"https:\\\/\\\/www.facebook.com\\\/povazskemuzeum\",\"https:\\\/\\\/www.instagram.com\\\/povazskemuzeum\\\/\"]},{\"@type\":\"Person\",\"@id\":\"https:\\\/\\\/pmza.sk\\\/#\\\/schema\\\/person\\\/595e6a2ce731ea94dcd5d7f50a41ae33\",\"name\":\"Pova\u017esk\u00e9 m\u00fazeum\",\"image\":{\"@type\":\"ImageObject\",\"inLanguage\":\"sk-SK\",\"@id\":\"https:\\\/\\\/secure.gravatar.com\\\/avatar\\\/2bb7f1561282132fb5826dfeccc66c7996d11ee392ac6aaf7ced8a1c2027fbb2?s=96&d=mm&r=g\",\"url\":\"https:\\\/\\\/secure.gravatar.com\\\/avatar\\\/2bb7f1561282132fb5826dfeccc66c7996d11ee392ac6aaf7ced8a1c2027fbb2?s=96&d=mm&r=g\",\"contentUrl\":\"https:\\\/\\\/secure.gravatar.com\\\/avatar\\\/2bb7f1561282132fb5826dfeccc66c7996d11ee392ac6aaf7ced8a1c2027fbb2?s=96&d=mm&r=g\",\"caption\":\"Pova\u017esk\u00e9 m\u00fazeum\"}}]}<\/script>\n<!-- \/ Yoast SEO plugin. -->","yoast_head_json":{"title":"Turo\u0148 je op\u00e4\u0165 v \u010ci\u010dmanoch - Pova\u017esk\u00e9 m\u00fazeum","robots":{"index":"index","follow":"follow","max-snippet":"max-snippet:-1","max-image-preview":"max-image-preview:large","max-video-preview":"max-video-preview:-1"},"canonical":"https:\/\/pmza.sk\/?p=24908","og_locale":"sk_SK","og_type":"article","og_title":"Turo\u0148 je op\u00e4\u0165 v \u010ci\u010dmanoch - Pova\u017esk\u00e9 m\u00fazeum","og_description":"V\u00a0zbierkovom fonde Pova\u017esk\u00e9ho m\u00fazea sa nach\u00e1dza maska turo\u0148a z \u010ci\u010dmian, ktorej autorom je ro\u013en\u00edk a\u00a0tes\u00e1r Ondrej Vrchovsk\u00fd. Masku vyrobil pre v\u00fdstavn\u00e9 \u00fa\u010dely m\u00fazea v\u00a0roku 1967. Z\u00e1kladom je dreven\u00e1 kostra vysok\u00e1 pribli\u017ene dva metre. Hlava a\u00a0aj telo s\u00fa potiahut\u00e9 ov\u010dou ko\u017eu\u0161inou. Ku spodnej \u010dasti je na\u0161it\u00e1 vrecovina. Papu\u013ea sa otv\u00e1ra pomocou mot\u00faza. Turo\u0148, naz\u00fdvan\u00fd aj tur\u00f4\u0148, [&hellip;]","og_url":"https:\/\/pmza.sk\/?p=24908","og_site_name":"Pova\u017esk\u00e9 m\u00fazeum","article_publisher":"https:\/\/www.facebook.com\/povazskemuzeum","article_published_time":"2018-01-31T08:47:58+00:00","og_image":[{"width":691,"height":1024,"url":"https:\/\/pmza.sk\/wp-content\/uploads\/2018\/01\/Mladenci-s-turonom-Cicmany-zmensene.jpg","type":"image\/jpeg"}],"author":"Pova\u017esk\u00e9 m\u00fazeum","twitter_card":"summary_large_image","twitter_misc":{"Autor":"Pova\u017esk\u00e9 m\u00fazeum","Predpokladan\u00fd \u010das \u010d\u00edtania":"2 min\u00faty"},"schema":{"@context":"https:\/\/schema.org","@graph":[{"@type":"Article","@id":"https:\/\/pmza.sk\/?p=24908#article","isPartOf":{"@id":"https:\/\/pmza.sk\/?p=24908"},"author":{"name":"Pova\u017esk\u00e9 m\u00fazeum","@id":"https:\/\/pmza.sk\/#\/schema\/person\/595e6a2ce731ea94dcd5d7f50a41ae33"},"headline":"Turo\u0148 je op\u00e4\u0165 v \u010ci\u010dmanoch","datePublished":"2018-01-31T08:47:58+00:00","mainEntityOfPage":{"@id":"https:\/\/pmza.sk\/?p=24908"},"wordCount":419,"publisher":{"@id":"https:\/\/pmza.sk\/#organization"},"image":{"@id":"https:\/\/pmza.sk\/?p=24908#primaryimage"},"thumbnailUrl":"https:\/\/pmza.sk\/wp-content\/uploads\/2018\/01\/Mladenci-s-turonom-Cicmany-zmensene.jpg","inLanguage":"sk-SK"},{"@type":"WebPage","@id":"https:\/\/pmza.sk\/?p=24908","url":"https:\/\/pmza.sk\/?p=24908","name":"Turo\u0148 je op\u00e4\u0165 v \u010ci\u010dmanoch - Pova\u017esk\u00e9 m\u00fazeum","isPartOf":{"@id":"https:\/\/pmza.sk\/#website"},"primaryImageOfPage":{"@id":"https:\/\/pmza.sk\/?p=24908#primaryimage"},"image":{"@id":"https:\/\/pmza.sk\/?p=24908#primaryimage"},"thumbnailUrl":"https:\/\/pmza.sk\/wp-content\/uploads\/2018\/01\/Mladenci-s-turonom-Cicmany-zmensene.jpg","datePublished":"2018-01-31T08:47:58+00:00","breadcrumb":{"@id":"https:\/\/pmza.sk\/?p=24908#breadcrumb"},"inLanguage":"sk-SK","potentialAction":[{"@type":"ReadAction","target":["https:\/\/pmza.sk\/?p=24908"]}]},{"@type":"ImageObject","inLanguage":"sk-SK","@id":"https:\/\/pmza.sk\/?p=24908#primaryimage","url":"https:\/\/pmza.sk\/wp-content\/uploads\/2018\/01\/Mladenci-s-turonom-Cicmany-zmensene.jpg","contentUrl":"https:\/\/pmza.sk\/wp-content\/uploads\/2018\/01\/Mladenci-s-turonom-Cicmany-zmensene.jpg","width":691,"height":1024},{"@type":"BreadcrumbList","@id":"https:\/\/pmza.sk\/?p=24908#breadcrumb","itemListElement":[{"@type":"ListItem","position":1,"name":"Domovsk\u00e1 str\u00e1nka","item":"https:\/\/pmza.sk\/"},{"@type":"ListItem","position":2,"name":"Turo\u0148 je op\u00e4\u0165 v \u010ci\u010dmanoch"}]},{"@type":"WebSite","@id":"https:\/\/pmza.sk\/#website","url":"https:\/\/pmza.sk\/","name":"Pova\u017esk\u00e9 m\u00fazeum","description":"Pova\u017esk\u00e9 m\u00fazeum v \u017diline je region\u00e1lne m\u00fazeum so s\u00eddlom v Budat\u00edne. Jeho expoz\u00edcie s\u00fa zameran\u00e9 na dejiny slovensk\u00e9ho umenia, kult\u00fary a dopravy.","publisher":{"@id":"https:\/\/pmza.sk\/#organization"},"potentialAction":[{"@type":"SearchAction","target":{"@type":"EntryPoint","urlTemplate":"https:\/\/pmza.sk\/?s={search_term_string}"},"query-input":{"@type":"PropertyValueSpecification","valueRequired":true,"valueName":"search_term_string"}}],"inLanguage":"sk-SK"},{"@type":"Organization","@id":"https:\/\/pmza.sk\/#organization","name":"Pova\u017esk\u00e9 m\u00fazeum","url":"https:\/\/pmza.sk\/","logo":{"@type":"ImageObject","inLanguage":"sk-SK","@id":"https:\/\/pmza.sk\/#\/schema\/logo\/image\/","url":"https:\/\/pmza.sk\/wp-content\/uploads\/2022\/01\/logo_PM_horizontal.jpg","contentUrl":"https:\/\/pmza.sk\/wp-content\/uploads\/2022\/01\/logo_PM_horizontal.jpg","width":231,"height":142,"caption":"Pova\u017esk\u00e9 m\u00fazeum"},"image":{"@id":"https:\/\/pmza.sk\/#\/schema\/logo\/image\/"},"sameAs":["https:\/\/www.facebook.com\/povazskemuzeum","https:\/\/www.instagram.com\/povazskemuzeum\/"]},{"@type":"Person","@id":"https:\/\/pmza.sk\/#\/schema\/person\/595e6a2ce731ea94dcd5d7f50a41ae33","name":"Pova\u017esk\u00e9 m\u00fazeum","image":{"@type":"ImageObject","inLanguage":"sk-SK","@id":"https:\/\/secure.gravatar.com\/avatar\/2bb7f1561282132fb5826dfeccc66c7996d11ee392ac6aaf7ced8a1c2027fbb2?s=96&d=mm&r=g","url":"https:\/\/secure.gravatar.com\/avatar\/2bb7f1561282132fb5826dfeccc66c7996d11ee392ac6aaf7ced8a1c2027fbb2?s=96&d=mm&r=g","contentUrl":"https:\/\/secure.gravatar.com\/avatar\/2bb7f1561282132fb5826dfeccc66c7996d11ee392ac6aaf7ced8a1c2027fbb2?s=96&d=mm&r=g","caption":"Pova\u017esk\u00e9 m\u00fazeum"}}]}},"_links":{"self":[{"href":"https:\/\/pmza.sk\/index.php?rest_route=\/wp\/v2\/posts\/24908","targetHints":{"allow":["GET"]}}],"collection":[{"href":"https:\/\/pmza.sk\/index.php?rest_route=\/wp\/v2\/posts"}],"about":[{"href":"https:\/\/pmza.sk\/index.php?rest_route=\/wp\/v2\/types\/post"}],"author":[{"embeddable":true,"href":"https:\/\/pmza.sk\/index.php?rest_route=\/wp\/v2\/users\/2"}],"replies":[{"embeddable":true,"href":"https:\/\/pmza.sk\/index.php?rest_route=%2Fwp%2Fv2%2Fcomments&post=24908"}],"version-history":[{"count":0,"href":"https:\/\/pmza.sk\/index.php?rest_route=\/wp\/v2\/posts\/24908\/revisions"}],"wp:featuredmedia":[{"embeddable":true,"href":"https:\/\/pmza.sk\/index.php?rest_route=\/wp\/v2\/media\/24911"}],"wp:attachment":[{"href":"https:\/\/pmza.sk\/index.php?rest_route=%2Fwp%2Fv2%2Fmedia&parent=24908"}],"wp:term":[{"taxonomy":"category","embeddable":true,"href":"https:\/\/pmza.sk\/index.php?rest_route=%2Fwp%2Fv2%2Fcategories&post=24908"},{"taxonomy":"post_tag","embeddable":true,"href":"https:\/\/pmza.sk\/index.php?rest_route=%2Fwp%2Fv2%2Ftags&post=24908"}],"curies":[{"name":"wp","href":"https:\/\/api.w.org\/{rel}","templated":true}]}}