{"id":24932,"date":"2018-02-06T08:58:19","date_gmt":"2018-02-06T07:58:19","guid":{"rendered":"https:\/\/pmza.sk\/?p=24932"},"modified":"2018-02-06T08:58:19","modified_gmt":"2018-02-06T07:58:19","slug":"zo-zoologickeho-zapisnika-vyskyt-husi-bielocelej","status":"publish","type":"post","link":"https:\/\/pmza.sk\/?p=24932","title":{"rendered":"Zo zoologick\u00e9ho z\u00e1pisn\u00edka: V\u00fdskyt husi bielo\u010delej"},"content":{"rendered":"<p>Po\u010das pravideln\u00e9ho zimn\u00e9ho pozorovania vodn\u00fdch vt\u00e1kov, ktor\u00e9 v\u00a0tomto obdob\u00ed zimuj\u00fa na rieke V\u00e1h pretekaj\u00facej \u017dilinskou kotlinou, sa n\u00e1m minul\u00fd t\u00fd\u017ede\u0148 podarilo zaznamena\u0165 v\u00a0katastri obce Stre\u010dno v\u00fdskyt husi bielo\u010delej (<em>Anas albifrons<\/em>). Jednalo sa o\u00a0zimuj\u00faceho jedinca, ktor\u00fd na brehu rieky sp\u00e1sal na miestach s\u00a0roztopen\u00fdm snehom zelen\u00e9 stebl\u00e1 tr\u00e1vy. T\u00e1 sa tu v\u00a0svie\u017eom stave udr\u017eala v\u010faka ve\u013emi miernemu po\u010dasiu predo\u0161l\u00fdch t\u00fd\u017ed\u0148ov. Nebola plach\u00e1 (\u010do je pr\u00edzna\u010dn\u00e9 pre seversk\u00e9 druhy vt\u00e1kov zimuj\u00face u\u00a0n\u00e1s), a\u00a0preto sme sa k\u00a0nej mohli pribl\u00ed\u017ei\u0165 na necel\u00e9 dva metre a\u00a0odfotografova\u0165 ju (vi\u010f foto).<\/p>\n<p>Na \u00fazem\u00ed Slovenska sa tento druh husi vyskytuje najm\u00e4 v\u00a0obdob\u00ed migr\u00e1cie na jese\u0148 (od konca septembra do novembra) a\u00a0na jar (najm\u00e4 v\u00a0marci). Niektor\u00e9 jedince v\u0161ak zotrv\u00e1vaj\u00fa vo vn\u00fatrozem\u00ed aj po\u010das zimy. Hniezdia v\u00a0arktickom p\u00e1sme tundry na morskom pobre\u017e\u00ed, pri riekach, mo\u010diaroch a\u00a0mal\u00fdch do\u010dasn\u00fdch jazierkach obkolesen\u00fdch riedkou tr\u00e1vnatou alebo\u00a0krovinovou veget\u00e1ciou. Po\u010das \u0165ahu sa naj\u010dastej\u0161ie vyskytuje v\u00a0zmie\u0161an\u00fdch k\u0155d\u013eoch s\u00a0husou siatinnou (<em>Anser fabalis<\/em>). Tak\u00e9to k\u0155dle migruj\u00facich hus\u00ed boli pozorovan\u00e9 napr\u00edklad e\u0161te pred v\u00fdstavbou priemyseln\u00e9ho komplexu automobilky KIA na poliach s\u00a0oziminami pri Tepli\u010dke nad V\u00e1hom. Polia v\u0161ak museli ust\u00fapi\u0165 pred v\u00fdstavbou v\u00fdrobn\u00fdch h\u00e1l, a\u00a0tak sa u\u017e tu v\u00a0s\u00fa\u010dasnosti k\u0155dle migruj\u00facich hus\u00ed siatinn\u00fdch a\u00a0bielo\u010del\u00fdch nezastavuj\u00fa.<\/p>\n<p><a href=\"https:\/\/pmza.sk\/wp-content\/uploads\/2018\/02\/Anser-albifrons-001.jpg\"><img decoding=\"async\" class=\"alignleft size-thumbnail wp-image-24934\" src=\"https:\/\/pmza.sk\/wp-content\/uploads\/2018\/02\/Anser-albifrons-001-150x113.jpg\" alt=\"\" width=\"150\" height=\"113\" \/><\/a><a href=\"https:\/\/pmza.sk\/wp-content\/uploads\/2018\/02\/Anser-albifrons-002.jpg\"><img decoding=\"async\" class=\"alignleft  wp-image-24935\" src=\"https:\/\/pmza.sk\/wp-content\/uploads\/2018\/02\/Anser-albifrons-002-150x76.jpg\" alt=\"\" width=\"221\" height=\"112\" \/><\/a><\/p>\n<p><a href=\"https:\/\/pmza.sk\/wp-content\/uploads\/2018\/02\/Anser-albifrons-003.jpg\"><img decoding=\"async\" class=\"alignleft wp-image-24936 \" src=\"https:\/\/pmza.sk\/wp-content\/uploads\/2018\/02\/Anser-albifrons-003-150x98.jpg\" alt=\"\" width=\"174\" height=\"114\" \/><\/a><\/p>\n<p>&nbsp;<\/p>\n<p>&nbsp;<\/p>\n<p>&nbsp;<\/p>\n<p>&nbsp;<\/p>\n<p><a href=\"https:\/\/pmza.sk\/wp-content\/uploads\/2018\/02\/Anser-albifrons-005.jpg\"><img loading=\"lazy\" decoding=\"async\" class=\"alignleft size-thumbnail wp-image-24931\" src=\"https:\/\/pmza.sk\/wp-content\/uploads\/2018\/02\/Anser-albifrons-005-150x106.jpg\" alt=\"\" width=\"150\" height=\"106\" \/><\/a><a href=\"https:\/\/pmza.sk\/wp-content\/uploads\/2018\/02\/Anser-albifrons-004.jpg\"><img loading=\"lazy\" decoding=\"async\" class=\"alignleft  wp-image-24937\" src=\"https:\/\/pmza.sk\/wp-content\/uploads\/2018\/02\/Anser-albifrons-004-150x114.jpg\" alt=\"\" width=\"139\" height=\"106\" \/><\/a><\/p>\n<p><a href=\"https:\/\/pmza.sk\/wp-content\/uploads\/2018\/02\/Anser-albifrons-006.jpg\"><img loading=\"lazy\" decoding=\"async\" class=\"alignleft  wp-image-24938\" src=\"https:\/\/pmza.sk\/wp-content\/uploads\/2018\/02\/Anser-albifrons-006-150x85.jpg\" alt=\"\" width=\"187\" height=\"106\" \/><\/a><\/p>\n<p>&nbsp;<\/p>\n<p>&nbsp;<\/p>\n<p>&nbsp;<\/p>\n<p>&nbsp;<\/p>\n<p><a href=\"https:\/\/pmza.sk\/wp-content\/uploads\/2018\/02\/Anser-albifrons-009.jpg\"><img loading=\"lazy\" decoding=\"async\" class=\"alignleft size-thumbnail wp-image-24941\" src=\"https:\/\/pmza.sk\/wp-content\/uploads\/2018\/02\/Anser-albifrons-009-150x96.jpg\" alt=\"\" width=\"150\" height=\"96\" \/><\/a><a href=\"https:\/\/pmza.sk\/wp-content\/uploads\/2018\/02\/Anser-albifrons-007.jpg\"><img loading=\"lazy\" decoding=\"async\" class=\"alignleft size-thumbnail wp-image-24939\" src=\"https:\/\/pmza.sk\/wp-content\/uploads\/2018\/02\/Anser-albifrons-007-150x100.jpg\" alt=\"\" width=\"150\" height=\"100\" \/><\/a><a href=\"https:\/\/pmza.sk\/wp-content\/uploads\/2018\/02\/Anser-albifrons-008.jpg\"><img loading=\"lazy\" decoding=\"async\" class=\"alignleft  wp-image-24940\" src=\"https:\/\/pmza.sk\/wp-content\/uploads\/2018\/02\/Anser-albifrons-008-133x150.jpg\" alt=\"\" width=\"88\" height=\"100\" \/><\/a><\/p>\n<p>&nbsp;<\/p>\n<p>&nbsp;<\/p>\n<p>&nbsp;<\/p>\n<p>&nbsp;<\/p>\n<p style=\"text-align: right;\">Text a\u00a0foto: Ladislav Hl\u00f4\u0161ka<br \/>zool\u00f3g Pova\u017esk\u00e9ho m\u00fazea v \u017diline<\/p>\n<p>&nbsp;<\/p>\n","protected":false},"excerpt":{"rendered":"<p>Po\u010das pravideln\u00e9ho zimn\u00e9ho pozorovania vodn\u00fdch vt\u00e1kov, ktor\u00e9 v\u00a0tomto obdob\u00ed zimuj\u00fa na rieke V\u00e1h pretekaj\u00facej \u017dilinskou kotlinou, sa n\u00e1m minul\u00fd t\u00fd\u017ede\u0148 podarilo zaznamena\u0165 v\u00a0katastri obce Stre\u010dno v\u00fdskyt husi bielo\u010delej (Anas albifrons). Jednalo sa o\u00a0zimuj\u00faceho jedinca, ktor\u00fd na brehu rieky sp\u00e1sal na miestach s\u00a0roztopen\u00fdm snehom zelen\u00e9 stebl\u00e1 tr\u00e1vy. T\u00e1 sa tu v\u00a0svie\u017eom stave udr\u017eala v\u010faka ve\u013emi miernemu [&hellip;]<\/p>\n","protected":false},"author":2,"featured_media":24931,"comment_status":"closed","ping_status":"closed","sticky":false,"template":"","format":"standard","meta":{"site-sidebar-layout":"default","site-content-layout":"","ast-site-content-layout":"","site-content-style":"default","site-sidebar-style":"default","ast-global-header-display":"","ast-banner-title-visibility":"","ast-main-header-display":"","ast-hfb-above-header-display":"","ast-hfb-below-header-display":"","ast-hfb-mobile-header-display":"","site-post-title":"","ast-breadcrumbs-content":"","ast-featured-img":"","footer-sml-layout":"","theme-transparent-header-meta":"","adv-header-id-meta":"","stick-header-meta":"","header-above-stick-meta":"","header-main-stick-meta":"","header-below-stick-meta":"","astra-migrate-meta-layouts":"default","ast-page-background-enabled":"default","ast-page-background-meta":{"desktop":{"background-color":"var(--ast-global-color-4)","background-image":"","background-repeat":"repeat","background-position":"center center","background-size":"auto","background-attachment":"scroll","background-type":"","background-media":"","overlay-type":"","overlay-color":"","overlay-opacity":"","overlay-gradient":""},"tablet":{"background-color":"","background-image":"","background-repeat":"repeat","background-position":"center center","background-size":"auto","background-attachment":"scroll","background-type":"","background-media":"","overlay-type":"","overlay-color":"","overlay-opacity":"","overlay-gradient":""},"mobile":{"background-color":"","background-image":"","background-repeat":"repeat","background-position":"center center","background-size":"auto","background-attachment":"scroll","background-type":"","background-media":"","overlay-type":"","overlay-color":"","overlay-opacity":"","overlay-gradient":""}},"ast-content-background-meta":{"desktop":{"background-color":"var(--ast-global-color-5)","background-image":"","background-repeat":"repeat","background-position":"center center","background-size":"auto","background-attachment":"scroll","background-type":"","background-media":"","overlay-type":"","overlay-color":"","overlay-opacity":"","overlay-gradient":""},"tablet":{"background-color":"var(--ast-global-color-5)","background-image":"","background-repeat":"repeat","background-position":"center center","background-size":"auto","background-attachment":"scroll","background-type":"","background-media":"","overlay-type":"","overlay-color":"","overlay-opacity":"","overlay-gradient":""},"mobile":{"background-color":"var(--ast-global-color-5)","background-image":"","background-repeat":"repeat","background-position":"center center","background-size":"auto","background-attachment":"scroll","background-type":"","background-media":"","overlay-type":"","overlay-color":"","overlay-opacity":"","overlay-gradient":""}},"footnotes":""},"categories":[1],"tags":[],"class_list":["post-24932","post","type-post","status-publish","format-standard","has-post-thumbnail","hentry","category-nezaradene"],"yoast_head":"<!-- This site is optimized with the Yoast SEO plugin v27.4 - https:\/\/yoast.com\/product\/yoast-seo-wordpress\/ -->\n<title>Zo zoologick\u00e9ho z\u00e1pisn\u00edka: V\u00fdskyt husi bielo\u010delej - Pova\u017esk\u00e9 m\u00fazeum<\/title>\n<meta name=\"robots\" content=\"index, follow, max-snippet:-1, max-image-preview:large, max-video-preview:-1\" \/>\n<link rel=\"canonical\" href=\"https:\/\/pmza.sk\/?p=24932\" \/>\n<meta property=\"og:locale\" content=\"sk_SK\" \/>\n<meta property=\"og:type\" content=\"article\" \/>\n<meta property=\"og:title\" content=\"Zo zoologick\u00e9ho z\u00e1pisn\u00edka: V\u00fdskyt husi bielo\u010delej - Pova\u017esk\u00e9 m\u00fazeum\" \/>\n<meta property=\"og:description\" content=\"Po\u010das pravideln\u00e9ho zimn\u00e9ho pozorovania vodn\u00fdch vt\u00e1kov, ktor\u00e9 v\u00a0tomto obdob\u00ed zimuj\u00fa na rieke V\u00e1h pretekaj\u00facej \u017dilinskou kotlinou, sa n\u00e1m minul\u00fd t\u00fd\u017ede\u0148 podarilo zaznamena\u0165 v\u00a0katastri obce Stre\u010dno v\u00fdskyt husi bielo\u010delej (Anas albifrons). Jednalo sa o\u00a0zimuj\u00faceho jedinca, ktor\u00fd na brehu rieky sp\u00e1sal na miestach s\u00a0roztopen\u00fdm snehom zelen\u00e9 stebl\u00e1 tr\u00e1vy. T\u00e1 sa tu v\u00a0svie\u017eom stave udr\u017eala v\u010faka ve\u013emi miernemu [&hellip;]\" \/>\n<meta property=\"og:url\" content=\"https:\/\/pmza.sk\/?p=24932\" \/>\n<meta property=\"og:site_name\" content=\"Pova\u017esk\u00e9 m\u00fazeum\" \/>\n<meta property=\"article:publisher\" content=\"https:\/\/www.facebook.com\/povazskemuzeum\" \/>\n<meta property=\"article:published_time\" content=\"2018-02-06T07:58:19+00:00\" \/>\n<meta property=\"og:image\" content=\"https:\/\/pmza.sk\/wp-content\/uploads\/2018\/02\/Anser-albifrons-005.jpg\" \/>\n\t<meta property=\"og:image:width\" content=\"1024\" \/>\n\t<meta property=\"og:image:height\" content=\"724\" \/>\n\t<meta property=\"og:image:type\" content=\"image\/jpeg\" \/>\n<meta name=\"author\" content=\"Pova\u017esk\u00e9 m\u00fazeum\" \/>\n<meta name=\"twitter:card\" content=\"summary_large_image\" \/>\n<meta name=\"twitter:label1\" content=\"Autor\" \/>\n\t<meta name=\"twitter:data1\" content=\"Pova\u017esk\u00e9 m\u00fazeum\" \/>\n\t<meta name=\"twitter:label2\" content=\"Predpokladan\u00fd \u010das \u010d\u00edtania\" \/>\n\t<meta name=\"twitter:data2\" content=\"2 min\u00faty\" \/>\n<script type=\"application\/ld+json\" class=\"yoast-schema-graph\">{\"@context\":\"https:\\\/\\\/schema.org\",\"@graph\":[{\"@type\":\"Article\",\"@id\":\"https:\\\/\\\/pmza.sk\\\/?p=24932#article\",\"isPartOf\":{\"@id\":\"https:\\\/\\\/pmza.sk\\\/?p=24932\"},\"author\":{\"name\":\"Pova\u017esk\u00e9 m\u00fazeum\",\"@id\":\"https:\\\/\\\/pmza.sk\\\/#\\\/schema\\\/person\\\/595e6a2ce731ea94dcd5d7f50a41ae33\"},\"headline\":\"Zo zoologick\u00e9ho z\u00e1pisn\u00edka: V\u00fdskyt husi bielo\u010delej\",\"datePublished\":\"2018-02-06T07:58:19+00:00\",\"mainEntityOfPage\":{\"@id\":\"https:\\\/\\\/pmza.sk\\\/?p=24932\"},\"wordCount\":314,\"publisher\":{\"@id\":\"https:\\\/\\\/pmza.sk\\\/#organization\"},\"image\":{\"@id\":\"https:\\\/\\\/pmza.sk\\\/?p=24932#primaryimage\"},\"thumbnailUrl\":\"https:\\\/\\\/pmza.sk\\\/wp-content\\\/uploads\\\/2018\\\/02\\\/Anser-albifrons-005.jpg\",\"inLanguage\":\"sk-SK\"},{\"@type\":\"WebPage\",\"@id\":\"https:\\\/\\\/pmza.sk\\\/?p=24932\",\"url\":\"https:\\\/\\\/pmza.sk\\\/?p=24932\",\"name\":\"Zo zoologick\u00e9ho z\u00e1pisn\u00edka: V\u00fdskyt husi bielo\u010delej - Pova\u017esk\u00e9 m\u00fazeum\",\"isPartOf\":{\"@id\":\"https:\\\/\\\/pmza.sk\\\/#website\"},\"primaryImageOfPage\":{\"@id\":\"https:\\\/\\\/pmza.sk\\\/?p=24932#primaryimage\"},\"image\":{\"@id\":\"https:\\\/\\\/pmza.sk\\\/?p=24932#primaryimage\"},\"thumbnailUrl\":\"https:\\\/\\\/pmza.sk\\\/wp-content\\\/uploads\\\/2018\\\/02\\\/Anser-albifrons-005.jpg\",\"datePublished\":\"2018-02-06T07:58:19+00:00\",\"breadcrumb\":{\"@id\":\"https:\\\/\\\/pmza.sk\\\/?p=24932#breadcrumb\"},\"inLanguage\":\"sk-SK\",\"potentialAction\":[{\"@type\":\"ReadAction\",\"target\":[\"https:\\\/\\\/pmza.sk\\\/?p=24932\"]}]},{\"@type\":\"ImageObject\",\"inLanguage\":\"sk-SK\",\"@id\":\"https:\\\/\\\/pmza.sk\\\/?p=24932#primaryimage\",\"url\":\"https:\\\/\\\/pmza.sk\\\/wp-content\\\/uploads\\\/2018\\\/02\\\/Anser-albifrons-005.jpg\",\"contentUrl\":\"https:\\\/\\\/pmza.sk\\\/wp-content\\\/uploads\\\/2018\\\/02\\\/Anser-albifrons-005.jpg\",\"width\":1024,\"height\":724},{\"@type\":\"BreadcrumbList\",\"@id\":\"https:\\\/\\\/pmza.sk\\\/?p=24932#breadcrumb\",\"itemListElement\":[{\"@type\":\"ListItem\",\"position\":1,\"name\":\"Domovsk\u00e1 str\u00e1nka\",\"item\":\"https:\\\/\\\/pmza.sk\\\/\"},{\"@type\":\"ListItem\",\"position\":2,\"name\":\"Zo zoologick\u00e9ho z\u00e1pisn\u00edka: V\u00fdskyt husi bielo\u010delej\"}]},{\"@type\":\"WebSite\",\"@id\":\"https:\\\/\\\/pmza.sk\\\/#website\",\"url\":\"https:\\\/\\\/pmza.sk\\\/\",\"name\":\"Pova\u017esk\u00e9 m\u00fazeum\",\"description\":\"Pova\u017esk\u00e9 m\u00fazeum v \u017diline je region\u00e1lne m\u00fazeum so s\u00eddlom v Budat\u00edne. Jeho expoz\u00edcie s\u00fa zameran\u00e9 na dejiny slovensk\u00e9ho umenia, kult\u00fary a dopravy.\",\"publisher\":{\"@id\":\"https:\\\/\\\/pmza.sk\\\/#organization\"},\"potentialAction\":[{\"@type\":\"SearchAction\",\"target\":{\"@type\":\"EntryPoint\",\"urlTemplate\":\"https:\\\/\\\/pmza.sk\\\/?s={search_term_string}\"},\"query-input\":{\"@type\":\"PropertyValueSpecification\",\"valueRequired\":true,\"valueName\":\"search_term_string\"}}],\"inLanguage\":\"sk-SK\"},{\"@type\":\"Organization\",\"@id\":\"https:\\\/\\\/pmza.sk\\\/#organization\",\"name\":\"Pova\u017esk\u00e9 m\u00fazeum\",\"url\":\"https:\\\/\\\/pmza.sk\\\/\",\"logo\":{\"@type\":\"ImageObject\",\"inLanguage\":\"sk-SK\",\"@id\":\"https:\\\/\\\/pmza.sk\\\/#\\\/schema\\\/logo\\\/image\\\/\",\"url\":\"https:\\\/\\\/pmza.sk\\\/wp-content\\\/uploads\\\/2022\\\/01\\\/logo_PM_horizontal.jpg\",\"contentUrl\":\"https:\\\/\\\/pmza.sk\\\/wp-content\\\/uploads\\\/2022\\\/01\\\/logo_PM_horizontal.jpg\",\"width\":231,\"height\":142,\"caption\":\"Pova\u017esk\u00e9 m\u00fazeum\"},\"image\":{\"@id\":\"https:\\\/\\\/pmza.sk\\\/#\\\/schema\\\/logo\\\/image\\\/\"},\"sameAs\":[\"https:\\\/\\\/www.facebook.com\\\/povazskemuzeum\",\"https:\\\/\\\/www.instagram.com\\\/povazskemuzeum\\\/\"]},{\"@type\":\"Person\",\"@id\":\"https:\\\/\\\/pmza.sk\\\/#\\\/schema\\\/person\\\/595e6a2ce731ea94dcd5d7f50a41ae33\",\"name\":\"Pova\u017esk\u00e9 m\u00fazeum\",\"image\":{\"@type\":\"ImageObject\",\"inLanguage\":\"sk-SK\",\"@id\":\"https:\\\/\\\/secure.gravatar.com\\\/avatar\\\/2bb7f1561282132fb5826dfeccc66c7996d11ee392ac6aaf7ced8a1c2027fbb2?s=96&d=mm&r=g\",\"url\":\"https:\\\/\\\/secure.gravatar.com\\\/avatar\\\/2bb7f1561282132fb5826dfeccc66c7996d11ee392ac6aaf7ced8a1c2027fbb2?s=96&d=mm&r=g\",\"contentUrl\":\"https:\\\/\\\/secure.gravatar.com\\\/avatar\\\/2bb7f1561282132fb5826dfeccc66c7996d11ee392ac6aaf7ced8a1c2027fbb2?s=96&d=mm&r=g\",\"caption\":\"Pova\u017esk\u00e9 m\u00fazeum\"}}]}<\/script>\n<!-- \/ Yoast SEO plugin. -->","yoast_head_json":{"title":"Zo zoologick\u00e9ho z\u00e1pisn\u00edka: V\u00fdskyt husi bielo\u010delej - Pova\u017esk\u00e9 m\u00fazeum","robots":{"index":"index","follow":"follow","max-snippet":"max-snippet:-1","max-image-preview":"max-image-preview:large","max-video-preview":"max-video-preview:-1"},"canonical":"https:\/\/pmza.sk\/?p=24932","og_locale":"sk_SK","og_type":"article","og_title":"Zo zoologick\u00e9ho z\u00e1pisn\u00edka: V\u00fdskyt husi bielo\u010delej - Pova\u017esk\u00e9 m\u00fazeum","og_description":"Po\u010das pravideln\u00e9ho zimn\u00e9ho pozorovania vodn\u00fdch vt\u00e1kov, ktor\u00e9 v\u00a0tomto obdob\u00ed zimuj\u00fa na rieke V\u00e1h pretekaj\u00facej \u017dilinskou kotlinou, sa n\u00e1m minul\u00fd t\u00fd\u017ede\u0148 podarilo zaznamena\u0165 v\u00a0katastri obce Stre\u010dno v\u00fdskyt husi bielo\u010delej (Anas albifrons). Jednalo sa o\u00a0zimuj\u00faceho jedinca, ktor\u00fd na brehu rieky sp\u00e1sal na miestach s\u00a0roztopen\u00fdm snehom zelen\u00e9 stebl\u00e1 tr\u00e1vy. T\u00e1 sa tu v\u00a0svie\u017eom stave udr\u017eala v\u010faka ve\u013emi miernemu [&hellip;]","og_url":"https:\/\/pmza.sk\/?p=24932","og_site_name":"Pova\u017esk\u00e9 m\u00fazeum","article_publisher":"https:\/\/www.facebook.com\/povazskemuzeum","article_published_time":"2018-02-06T07:58:19+00:00","og_image":[{"width":1024,"height":724,"url":"https:\/\/pmza.sk\/wp-content\/uploads\/2018\/02\/Anser-albifrons-005.jpg","type":"image\/jpeg"}],"author":"Pova\u017esk\u00e9 m\u00fazeum","twitter_card":"summary_large_image","twitter_misc":{"Autor":"Pova\u017esk\u00e9 m\u00fazeum","Predpokladan\u00fd \u010das \u010d\u00edtania":"2 min\u00faty"},"schema":{"@context":"https:\/\/schema.org","@graph":[{"@type":"Article","@id":"https:\/\/pmza.sk\/?p=24932#article","isPartOf":{"@id":"https:\/\/pmza.sk\/?p=24932"},"author":{"name":"Pova\u017esk\u00e9 m\u00fazeum","@id":"https:\/\/pmza.sk\/#\/schema\/person\/595e6a2ce731ea94dcd5d7f50a41ae33"},"headline":"Zo zoologick\u00e9ho z\u00e1pisn\u00edka: V\u00fdskyt husi bielo\u010delej","datePublished":"2018-02-06T07:58:19+00:00","mainEntityOfPage":{"@id":"https:\/\/pmza.sk\/?p=24932"},"wordCount":314,"publisher":{"@id":"https:\/\/pmza.sk\/#organization"},"image":{"@id":"https:\/\/pmza.sk\/?p=24932#primaryimage"},"thumbnailUrl":"https:\/\/pmza.sk\/wp-content\/uploads\/2018\/02\/Anser-albifrons-005.jpg","inLanguage":"sk-SK"},{"@type":"WebPage","@id":"https:\/\/pmza.sk\/?p=24932","url":"https:\/\/pmza.sk\/?p=24932","name":"Zo zoologick\u00e9ho z\u00e1pisn\u00edka: V\u00fdskyt husi bielo\u010delej - Pova\u017esk\u00e9 m\u00fazeum","isPartOf":{"@id":"https:\/\/pmza.sk\/#website"},"primaryImageOfPage":{"@id":"https:\/\/pmza.sk\/?p=24932#primaryimage"},"image":{"@id":"https:\/\/pmza.sk\/?p=24932#primaryimage"},"thumbnailUrl":"https:\/\/pmza.sk\/wp-content\/uploads\/2018\/02\/Anser-albifrons-005.jpg","datePublished":"2018-02-06T07:58:19+00:00","breadcrumb":{"@id":"https:\/\/pmza.sk\/?p=24932#breadcrumb"},"inLanguage":"sk-SK","potentialAction":[{"@type":"ReadAction","target":["https:\/\/pmza.sk\/?p=24932"]}]},{"@type":"ImageObject","inLanguage":"sk-SK","@id":"https:\/\/pmza.sk\/?p=24932#primaryimage","url":"https:\/\/pmza.sk\/wp-content\/uploads\/2018\/02\/Anser-albifrons-005.jpg","contentUrl":"https:\/\/pmza.sk\/wp-content\/uploads\/2018\/02\/Anser-albifrons-005.jpg","width":1024,"height":724},{"@type":"BreadcrumbList","@id":"https:\/\/pmza.sk\/?p=24932#breadcrumb","itemListElement":[{"@type":"ListItem","position":1,"name":"Domovsk\u00e1 str\u00e1nka","item":"https:\/\/pmza.sk\/"},{"@type":"ListItem","position":2,"name":"Zo zoologick\u00e9ho z\u00e1pisn\u00edka: V\u00fdskyt husi bielo\u010delej"}]},{"@type":"WebSite","@id":"https:\/\/pmza.sk\/#website","url":"https:\/\/pmza.sk\/","name":"Pova\u017esk\u00e9 m\u00fazeum","description":"Pova\u017esk\u00e9 m\u00fazeum v \u017diline je region\u00e1lne m\u00fazeum so s\u00eddlom v Budat\u00edne. Jeho expoz\u00edcie s\u00fa zameran\u00e9 na dejiny slovensk\u00e9ho umenia, kult\u00fary a dopravy.","publisher":{"@id":"https:\/\/pmza.sk\/#organization"},"potentialAction":[{"@type":"SearchAction","target":{"@type":"EntryPoint","urlTemplate":"https:\/\/pmza.sk\/?s={search_term_string}"},"query-input":{"@type":"PropertyValueSpecification","valueRequired":true,"valueName":"search_term_string"}}],"inLanguage":"sk-SK"},{"@type":"Organization","@id":"https:\/\/pmza.sk\/#organization","name":"Pova\u017esk\u00e9 m\u00fazeum","url":"https:\/\/pmza.sk\/","logo":{"@type":"ImageObject","inLanguage":"sk-SK","@id":"https:\/\/pmza.sk\/#\/schema\/logo\/image\/","url":"https:\/\/pmza.sk\/wp-content\/uploads\/2022\/01\/logo_PM_horizontal.jpg","contentUrl":"https:\/\/pmza.sk\/wp-content\/uploads\/2022\/01\/logo_PM_horizontal.jpg","width":231,"height":142,"caption":"Pova\u017esk\u00e9 m\u00fazeum"},"image":{"@id":"https:\/\/pmza.sk\/#\/schema\/logo\/image\/"},"sameAs":["https:\/\/www.facebook.com\/povazskemuzeum","https:\/\/www.instagram.com\/povazskemuzeum\/"]},{"@type":"Person","@id":"https:\/\/pmza.sk\/#\/schema\/person\/595e6a2ce731ea94dcd5d7f50a41ae33","name":"Pova\u017esk\u00e9 m\u00fazeum","image":{"@type":"ImageObject","inLanguage":"sk-SK","@id":"https:\/\/secure.gravatar.com\/avatar\/2bb7f1561282132fb5826dfeccc66c7996d11ee392ac6aaf7ced8a1c2027fbb2?s=96&d=mm&r=g","url":"https:\/\/secure.gravatar.com\/avatar\/2bb7f1561282132fb5826dfeccc66c7996d11ee392ac6aaf7ced8a1c2027fbb2?s=96&d=mm&r=g","contentUrl":"https:\/\/secure.gravatar.com\/avatar\/2bb7f1561282132fb5826dfeccc66c7996d11ee392ac6aaf7ced8a1c2027fbb2?s=96&d=mm&r=g","caption":"Pova\u017esk\u00e9 m\u00fazeum"}}]}},"_links":{"self":[{"href":"https:\/\/pmza.sk\/index.php?rest_route=\/wp\/v2\/posts\/24932","targetHints":{"allow":["GET"]}}],"collection":[{"href":"https:\/\/pmza.sk\/index.php?rest_route=\/wp\/v2\/posts"}],"about":[{"href":"https:\/\/pmza.sk\/index.php?rest_route=\/wp\/v2\/types\/post"}],"author":[{"embeddable":true,"href":"https:\/\/pmza.sk\/index.php?rest_route=\/wp\/v2\/users\/2"}],"replies":[{"embeddable":true,"href":"https:\/\/pmza.sk\/index.php?rest_route=%2Fwp%2Fv2%2Fcomments&post=24932"}],"version-history":[{"count":0,"href":"https:\/\/pmza.sk\/index.php?rest_route=\/wp\/v2\/posts\/24932\/revisions"}],"wp:featuredmedia":[{"embeddable":true,"href":"https:\/\/pmza.sk\/index.php?rest_route=\/wp\/v2\/media\/24931"}],"wp:attachment":[{"href":"https:\/\/pmza.sk\/index.php?rest_route=%2Fwp%2Fv2%2Fmedia&parent=24932"}],"wp:term":[{"taxonomy":"category","embeddable":true,"href":"https:\/\/pmza.sk\/index.php?rest_route=%2Fwp%2Fv2%2Fcategories&post=24932"},{"taxonomy":"post_tag","embeddable":true,"href":"https:\/\/pmza.sk\/index.php?rest_route=%2Fwp%2Fv2%2Ftags&post=24932"}],"curies":[{"name":"wp","href":"https:\/\/api.w.org\/{rel}","templated":true}]}}