{"id":25149,"date":"2018-03-01T08:38:30","date_gmt":"2018-03-01T07:38:30","guid":{"rendered":"https:\/\/pmza.sk\/?p=25149"},"modified":"2018-03-01T08:38:30","modified_gmt":"2018-03-01T07:38:30","slug":"monografia-ktora-tu-chybala-budatinsky-hrad","status":"publish","type":"post","link":"https:\/\/pmza.sk\/?p=25149","title":{"rendered":"Monografia, ktor\u00e1 tu ch\u00fdbala: Budat\u00ednsky hrad"},"content":{"rendered":"<p>Pri pr\u00edle\u017eitosti osl\u00e1v 75. v\u00fdro\u010dia vzniku Pova\u017esk\u00e9ho m\u00fazea v \u017diline sme na sklonku roka 2017 pripravili v autorskom kolekt\u00edve monografiu o Budat\u00ednskom hrade. S\u00fa\u010das\u0165ou pr\u00edprav obnovy jednej z najstar\u0161\u00edch stojacich pamiatok na \u00fazem\u00ed mesta \u017dilina boli uskuto\u010dnen\u00e9 viacer\u00e9 v\u00fdskumy. Ich v\u00fdsledky doplnili, pr\u00edpadne \u00faplne opravili vedomosti o tomto jedine\u010dnom hrade.<\/p>\n<p>Odborn\u00fd text doplnen\u00fd mno\u017estvom fotografi\u00ed, p\u00f4dorysov, rezov a pl\u00e1nov v mimoriadne kvalitnom vizu\u00e1lnom preveden\u00ed je d\u00f4kazom, \u017ee aj odborn\u00e1 kniha m\u00f4\u017ee by\u0165 modern\u00e1, vhodn\u00e1 pre \u0161irok\u00fa verejnos\u0165 a mil\u00fdm darom pre v\u0161etk\u00fdch milovn\u00edkov hist\u00f3rie.<\/p>\n<p>Monografia vy\u0161la v spolupr\u00e1ci Pova\u017esk\u00e9ho m\u00fazea v \u017diline a Archeologick\u00e9ho \u00fastavu Slovenskej akad\u00e9mie vied Nitra, podporen\u00e1 bola \u017dilinsk\u00fdm samospr\u00e1vnym krajom a Agent\u00farou na podporu vedy a v\u00fdskumu.<\/p>\n<p><a href=\"https:\/\/pmza.sk\/wp-content\/uploads\/2018\/03\/budatin_3.png\"><img decoding=\"async\" class=\"alignleft size-thumbnail wp-image-25154\" src=\"https:\/\/pmza.sk\/wp-content\/uploads\/2018\/03\/budatin_3-150x150.png\" alt=\"\" width=\"150\" height=\"150\" \/><\/a><\/p>\n<p style=\"margin: 0cm; margin-bottom: .0001pt;\"><strong>Budat\u00ednsky hrad<\/strong><\/p>\n<p style=\"margin: 0cm; margin-bottom: .0001pt;\"><strong>Vydalo Pova\u017esk\u00e9 m\u00fazeum v \u017diline, 2017<\/strong><\/p>\n<p style=\"margin: 0cm; margin-bottom: .0001pt;\"><strong>236 str\u00e1n, slovensk\u00e9 texty, farebn\u00e9 fotografie, anglick\u00e9 a\u00a0nemeck\u00e9 resum\u00e9<\/strong><\/p>\n<p style=\"margin: 0cm; margin-bottom: .0001pt;\">\u00a0<\/p>\n<p style=\"margin: 0cm; margin-bottom: .0001pt;\">Zostavili: Peter Bedn\u00e1r, Zuzana Stanekov\u00e1, Peter \u0160imko<\/p>\n<p style=\"margin: 0cm; margin-bottom: .0001pt;\">Grafick\u00fd dizajn: Peter Dlhopol\u010dek a Profigrafik.sk<\/p>\n<p style=\"margin: 0cm; margin-bottom: .0001pt;\">Ilustr\u00e1cie: Autori, Anna Kuchar\u010d\u00edkov\u00e1, Peter Danko, Rudo Ml\u00edch<\/p>\n<p style=\"margin: 0cm; margin-bottom: .0001pt;\">\u00a0<\/p>\n<p><strong>Uvedenie monografie do \u017eivota je napl\u00e1novan\u00e9 na 27. marca 2018 v Budat\u00ednskom hrade.<\/strong><\/p>\n<p>&nbsp;<\/p>\n","protected":false},"excerpt":{"rendered":"<p>Pri pr\u00edle\u017eitosti osl\u00e1v 75. v\u00fdro\u010dia vzniku Pova\u017esk\u00e9ho m\u00fazea v \u017diline sme na sklonku roka 2017 pripravili v autorskom kolekt\u00edve monografiu o Budat\u00ednskom hrade. S\u00fa\u010das\u0165ou pr\u00edprav obnovy jednej z najstar\u0161\u00edch stojacich pamiatok na \u00fazem\u00ed mesta \u017dilina boli uskuto\u010dnen\u00e9 viacer\u00e9 v\u00fdskumy. Ich v\u00fdsledky doplnili, pr\u00edpadne \u00faplne opravili vedomosti o tomto jedine\u010dnom hrade. Odborn\u00fd text doplnen\u00fd mno\u017estvom fotografi\u00ed, [&hellip;]<\/p>\n","protected":false},"author":2,"featured_media":25161,"comment_status":"closed","ping_status":"closed","sticky":false,"template":"","format":"standard","meta":{"site-sidebar-layout":"default","site-content-layout":"","ast-site-content-layout":"","site-content-style":"default","site-sidebar-style":"default","ast-global-header-display":"","ast-banner-title-visibility":"","ast-main-header-display":"","ast-hfb-above-header-display":"","ast-hfb-below-header-display":"","ast-hfb-mobile-header-display":"","site-post-title":"","ast-breadcrumbs-content":"","ast-featured-img":"","footer-sml-layout":"","theme-transparent-header-meta":"","adv-header-id-meta":"","stick-header-meta":"","header-above-stick-meta":"","header-main-stick-meta":"","header-below-stick-meta":"","astra-migrate-meta-layouts":"default","ast-page-background-enabled":"default","ast-page-background-meta":{"desktop":{"background-color":"var(--ast-global-color-4)","background-image":"","background-repeat":"repeat","background-position":"center center","background-size":"auto","background-attachment":"scroll","background-type":"","background-media":"","overlay-type":"","overlay-color":"","overlay-opacity":"","overlay-gradient":""},"tablet":{"background-color":"","background-image":"","background-repeat":"repeat","background-position":"center center","background-size":"auto","background-attachment":"scroll","background-type":"","background-media":"","overlay-type":"","overlay-color":"","overlay-opacity":"","overlay-gradient":""},"mobile":{"background-color":"","background-image":"","background-repeat":"repeat","background-position":"center center","background-size":"auto","background-attachment":"scroll","background-type":"","background-media":"","overlay-type":"","overlay-color":"","overlay-opacity":"","overlay-gradient":""}},"ast-content-background-meta":{"desktop":{"background-color":"var(--ast-global-color-5)","background-image":"","background-repeat":"repeat","background-position":"center center","background-size":"auto","background-attachment":"scroll","background-type":"","background-media":"","overlay-type":"","overlay-color":"","overlay-opacity":"","overlay-gradient":""},"tablet":{"background-color":"var(--ast-global-color-5)","background-image":"","background-repeat":"repeat","background-position":"center center","background-size":"auto","background-attachment":"scroll","background-type":"","background-media":"","overlay-type":"","overlay-color":"","overlay-opacity":"","overlay-gradient":""},"mobile":{"background-color":"var(--ast-global-color-5)","background-image":"","background-repeat":"repeat","background-position":"center center","background-size":"auto","background-attachment":"scroll","background-type":"","background-media":"","overlay-type":"","overlay-color":"","overlay-opacity":"","overlay-gradient":""}},"footnotes":""},"categories":[31],"tags":[],"class_list":["post-25149","post","type-post","status-publish","format-standard","has-post-thumbnail","hentry","category-aktuality"],"yoast_head":"<!-- This site is optimized with the Yoast SEO plugin v27.4 - https:\/\/yoast.com\/product\/yoast-seo-wordpress\/ -->\n<title>Monografia, ktor\u00e1 tu ch\u00fdbala: Budat\u00ednsky hrad - Pova\u017esk\u00e9 m\u00fazeum<\/title>\n<meta name=\"robots\" content=\"index, follow, max-snippet:-1, max-image-preview:large, max-video-preview:-1\" \/>\n<link rel=\"canonical\" href=\"https:\/\/pmza.sk\/?p=25149\" \/>\n<meta property=\"og:locale\" content=\"sk_SK\" \/>\n<meta property=\"og:type\" content=\"article\" \/>\n<meta property=\"og:title\" content=\"Monografia, ktor\u00e1 tu ch\u00fdbala: Budat\u00ednsky hrad - Pova\u017esk\u00e9 m\u00fazeum\" \/>\n<meta property=\"og:description\" content=\"Pri pr\u00edle\u017eitosti osl\u00e1v 75. v\u00fdro\u010dia vzniku Pova\u017esk\u00e9ho m\u00fazea v \u017diline sme na sklonku roka 2017 pripravili v autorskom kolekt\u00edve monografiu o Budat\u00ednskom hrade. S\u00fa\u010das\u0165ou pr\u00edprav obnovy jednej z najstar\u0161\u00edch stojacich pamiatok na \u00fazem\u00ed mesta \u017dilina boli uskuto\u010dnen\u00e9 viacer\u00e9 v\u00fdskumy. Ich v\u00fdsledky doplnili, pr\u00edpadne \u00faplne opravili vedomosti o tomto jedine\u010dnom hrade. Odborn\u00fd text doplnen\u00fd mno\u017estvom fotografi\u00ed, [&hellip;]\" \/>\n<meta property=\"og:url\" content=\"https:\/\/pmza.sk\/?p=25149\" \/>\n<meta property=\"og:site_name\" content=\"Pova\u017esk\u00e9 m\u00fazeum\" \/>\n<meta property=\"article:publisher\" content=\"https:\/\/www.facebook.com\/povazskemuzeum\" \/>\n<meta property=\"article:published_time\" content=\"2018-03-01T07:38:30+00:00\" \/>\n<meta property=\"og:image\" content=\"https:\/\/pmza.sk\/wp-content\/uploads\/2018\/03\/Budatinsky_hrad_ilustracny.png\" \/>\n\t<meta property=\"og:image:width\" content=\"1800\" \/>\n\t<meta property=\"og:image:height\" content=\"1200\" \/>\n\t<meta property=\"og:image:type\" content=\"image\/png\" \/>\n<meta name=\"author\" content=\"Pova\u017esk\u00e9 m\u00fazeum\" \/>\n<meta name=\"twitter:card\" content=\"summary_large_image\" \/>\n<meta name=\"twitter:label1\" content=\"Autor\" \/>\n\t<meta name=\"twitter:data1\" content=\"Pova\u017esk\u00e9 m\u00fazeum\" \/>\n\t<meta name=\"twitter:label2\" content=\"Predpokladan\u00fd \u010das \u010d\u00edtania\" \/>\n\t<meta name=\"twitter:data2\" content=\"1 min\u00fata\" \/>\n<script type=\"application\/ld+json\" class=\"yoast-schema-graph\">{\"@context\":\"https:\\\/\\\/schema.org\",\"@graph\":[{\"@type\":\"Article\",\"@id\":\"https:\\\/\\\/pmza.sk\\\/?p=25149#article\",\"isPartOf\":{\"@id\":\"https:\\\/\\\/pmza.sk\\\/?p=25149\"},\"author\":{\"name\":\"Pova\u017esk\u00e9 m\u00fazeum\",\"@id\":\"https:\\\/\\\/pmza.sk\\\/#\\\/schema\\\/person\\\/595e6a2ce731ea94dcd5d7f50a41ae33\"},\"headline\":\"Monografia, ktor\u00e1 tu ch\u00fdbala: Budat\u00ednsky hrad\",\"datePublished\":\"2018-03-01T07:38:30+00:00\",\"mainEntityOfPage\":{\"@id\":\"https:\\\/\\\/pmza.sk\\\/?p=25149\"},\"wordCount\":219,\"publisher\":{\"@id\":\"https:\\\/\\\/pmza.sk\\\/#organization\"},\"image\":{\"@id\":\"https:\\\/\\\/pmza.sk\\\/?p=25149#primaryimage\"},\"thumbnailUrl\":\"https:\\\/\\\/pmza.sk\\\/wp-content\\\/uploads\\\/2018\\\/03\\\/Budatinsky_hrad_ilustracny.png\",\"articleSection\":[\"Aktuality\"],\"inLanguage\":\"sk-SK\"},{\"@type\":\"WebPage\",\"@id\":\"https:\\\/\\\/pmza.sk\\\/?p=25149\",\"url\":\"https:\\\/\\\/pmza.sk\\\/?p=25149\",\"name\":\"Monografia, ktor\u00e1 tu ch\u00fdbala: Budat\u00ednsky hrad - Pova\u017esk\u00e9 m\u00fazeum\",\"isPartOf\":{\"@id\":\"https:\\\/\\\/pmza.sk\\\/#website\"},\"primaryImageOfPage\":{\"@id\":\"https:\\\/\\\/pmza.sk\\\/?p=25149#primaryimage\"},\"image\":{\"@id\":\"https:\\\/\\\/pmza.sk\\\/?p=25149#primaryimage\"},\"thumbnailUrl\":\"https:\\\/\\\/pmza.sk\\\/wp-content\\\/uploads\\\/2018\\\/03\\\/Budatinsky_hrad_ilustracny.png\",\"datePublished\":\"2018-03-01T07:38:30+00:00\",\"breadcrumb\":{\"@id\":\"https:\\\/\\\/pmza.sk\\\/?p=25149#breadcrumb\"},\"inLanguage\":\"sk-SK\",\"potentialAction\":[{\"@type\":\"ReadAction\",\"target\":[\"https:\\\/\\\/pmza.sk\\\/?p=25149\"]}]},{\"@type\":\"ImageObject\",\"inLanguage\":\"sk-SK\",\"@id\":\"https:\\\/\\\/pmza.sk\\\/?p=25149#primaryimage\",\"url\":\"https:\\\/\\\/pmza.sk\\\/wp-content\\\/uploads\\\/2018\\\/03\\\/Budatinsky_hrad_ilustracny.png\",\"contentUrl\":\"https:\\\/\\\/pmza.sk\\\/wp-content\\\/uploads\\\/2018\\\/03\\\/Budatinsky_hrad_ilustracny.png\",\"width\":1800,\"height\":1200},{\"@type\":\"BreadcrumbList\",\"@id\":\"https:\\\/\\\/pmza.sk\\\/?p=25149#breadcrumb\",\"itemListElement\":[{\"@type\":\"ListItem\",\"position\":1,\"name\":\"Domovsk\u00e1 str\u00e1nka\",\"item\":\"https:\\\/\\\/pmza.sk\\\/\"},{\"@type\":\"ListItem\",\"position\":2,\"name\":\"Monografia, ktor\u00e1 tu ch\u00fdbala: Budat\u00ednsky hrad\"}]},{\"@type\":\"WebSite\",\"@id\":\"https:\\\/\\\/pmza.sk\\\/#website\",\"url\":\"https:\\\/\\\/pmza.sk\\\/\",\"name\":\"Pova\u017esk\u00e9 m\u00fazeum\",\"description\":\"Pova\u017esk\u00e9 m\u00fazeum v \u017diline je region\u00e1lne m\u00fazeum so s\u00eddlom v Budat\u00edne. Jeho expoz\u00edcie s\u00fa zameran\u00e9 na dejiny slovensk\u00e9ho umenia, kult\u00fary a dopravy.\",\"publisher\":{\"@id\":\"https:\\\/\\\/pmza.sk\\\/#organization\"},\"potentialAction\":[{\"@type\":\"SearchAction\",\"target\":{\"@type\":\"EntryPoint\",\"urlTemplate\":\"https:\\\/\\\/pmza.sk\\\/?s={search_term_string}\"},\"query-input\":{\"@type\":\"PropertyValueSpecification\",\"valueRequired\":true,\"valueName\":\"search_term_string\"}}],\"inLanguage\":\"sk-SK\"},{\"@type\":\"Organization\",\"@id\":\"https:\\\/\\\/pmza.sk\\\/#organization\",\"name\":\"Pova\u017esk\u00e9 m\u00fazeum\",\"url\":\"https:\\\/\\\/pmza.sk\\\/\",\"logo\":{\"@type\":\"ImageObject\",\"inLanguage\":\"sk-SK\",\"@id\":\"https:\\\/\\\/pmza.sk\\\/#\\\/schema\\\/logo\\\/image\\\/\",\"url\":\"https:\\\/\\\/pmza.sk\\\/wp-content\\\/uploads\\\/2022\\\/01\\\/logo_PM_horizontal.jpg\",\"contentUrl\":\"https:\\\/\\\/pmza.sk\\\/wp-content\\\/uploads\\\/2022\\\/01\\\/logo_PM_horizontal.jpg\",\"width\":231,\"height\":142,\"caption\":\"Pova\u017esk\u00e9 m\u00fazeum\"},\"image\":{\"@id\":\"https:\\\/\\\/pmza.sk\\\/#\\\/schema\\\/logo\\\/image\\\/\"},\"sameAs\":[\"https:\\\/\\\/www.facebook.com\\\/povazskemuzeum\",\"https:\\\/\\\/www.instagram.com\\\/povazskemuzeum\\\/\"]},{\"@type\":\"Person\",\"@id\":\"https:\\\/\\\/pmza.sk\\\/#\\\/schema\\\/person\\\/595e6a2ce731ea94dcd5d7f50a41ae33\",\"name\":\"Pova\u017esk\u00e9 m\u00fazeum\",\"image\":{\"@type\":\"ImageObject\",\"inLanguage\":\"sk-SK\",\"@id\":\"https:\\\/\\\/secure.gravatar.com\\\/avatar\\\/2bb7f1561282132fb5826dfeccc66c7996d11ee392ac6aaf7ced8a1c2027fbb2?s=96&d=mm&r=g\",\"url\":\"https:\\\/\\\/secure.gravatar.com\\\/avatar\\\/2bb7f1561282132fb5826dfeccc66c7996d11ee392ac6aaf7ced8a1c2027fbb2?s=96&d=mm&r=g\",\"contentUrl\":\"https:\\\/\\\/secure.gravatar.com\\\/avatar\\\/2bb7f1561282132fb5826dfeccc66c7996d11ee392ac6aaf7ced8a1c2027fbb2?s=96&d=mm&r=g\",\"caption\":\"Pova\u017esk\u00e9 m\u00fazeum\"}}]}<\/script>\n<!-- \/ Yoast SEO plugin. -->","yoast_head_json":{"title":"Monografia, ktor\u00e1 tu ch\u00fdbala: Budat\u00ednsky hrad - Pova\u017esk\u00e9 m\u00fazeum","robots":{"index":"index","follow":"follow","max-snippet":"max-snippet:-1","max-image-preview":"max-image-preview:large","max-video-preview":"max-video-preview:-1"},"canonical":"https:\/\/pmza.sk\/?p=25149","og_locale":"sk_SK","og_type":"article","og_title":"Monografia, ktor\u00e1 tu ch\u00fdbala: Budat\u00ednsky hrad - Pova\u017esk\u00e9 m\u00fazeum","og_description":"Pri pr\u00edle\u017eitosti osl\u00e1v 75. v\u00fdro\u010dia vzniku Pova\u017esk\u00e9ho m\u00fazea v \u017diline sme na sklonku roka 2017 pripravili v autorskom kolekt\u00edve monografiu o Budat\u00ednskom hrade. S\u00fa\u010das\u0165ou pr\u00edprav obnovy jednej z najstar\u0161\u00edch stojacich pamiatok na \u00fazem\u00ed mesta \u017dilina boli uskuto\u010dnen\u00e9 viacer\u00e9 v\u00fdskumy. Ich v\u00fdsledky doplnili, pr\u00edpadne \u00faplne opravili vedomosti o tomto jedine\u010dnom hrade. Odborn\u00fd text doplnen\u00fd mno\u017estvom fotografi\u00ed, [&hellip;]","og_url":"https:\/\/pmza.sk\/?p=25149","og_site_name":"Pova\u017esk\u00e9 m\u00fazeum","article_publisher":"https:\/\/www.facebook.com\/povazskemuzeum","article_published_time":"2018-03-01T07:38:30+00:00","og_image":[{"width":1800,"height":1200,"url":"https:\/\/pmza.sk\/wp-content\/uploads\/2018\/03\/Budatinsky_hrad_ilustracny.png","type":"image\/png"}],"author":"Pova\u017esk\u00e9 m\u00fazeum","twitter_card":"summary_large_image","twitter_misc":{"Autor":"Pova\u017esk\u00e9 m\u00fazeum","Predpokladan\u00fd \u010das \u010d\u00edtania":"1 min\u00fata"},"schema":{"@context":"https:\/\/schema.org","@graph":[{"@type":"Article","@id":"https:\/\/pmza.sk\/?p=25149#article","isPartOf":{"@id":"https:\/\/pmza.sk\/?p=25149"},"author":{"name":"Pova\u017esk\u00e9 m\u00fazeum","@id":"https:\/\/pmza.sk\/#\/schema\/person\/595e6a2ce731ea94dcd5d7f50a41ae33"},"headline":"Monografia, ktor\u00e1 tu ch\u00fdbala: Budat\u00ednsky hrad","datePublished":"2018-03-01T07:38:30+00:00","mainEntityOfPage":{"@id":"https:\/\/pmza.sk\/?p=25149"},"wordCount":219,"publisher":{"@id":"https:\/\/pmza.sk\/#organization"},"image":{"@id":"https:\/\/pmza.sk\/?p=25149#primaryimage"},"thumbnailUrl":"https:\/\/pmza.sk\/wp-content\/uploads\/2018\/03\/Budatinsky_hrad_ilustracny.png","articleSection":["Aktuality"],"inLanguage":"sk-SK"},{"@type":"WebPage","@id":"https:\/\/pmza.sk\/?p=25149","url":"https:\/\/pmza.sk\/?p=25149","name":"Monografia, ktor\u00e1 tu ch\u00fdbala: Budat\u00ednsky hrad - Pova\u017esk\u00e9 m\u00fazeum","isPartOf":{"@id":"https:\/\/pmza.sk\/#website"},"primaryImageOfPage":{"@id":"https:\/\/pmza.sk\/?p=25149#primaryimage"},"image":{"@id":"https:\/\/pmza.sk\/?p=25149#primaryimage"},"thumbnailUrl":"https:\/\/pmza.sk\/wp-content\/uploads\/2018\/03\/Budatinsky_hrad_ilustracny.png","datePublished":"2018-03-01T07:38:30+00:00","breadcrumb":{"@id":"https:\/\/pmza.sk\/?p=25149#breadcrumb"},"inLanguage":"sk-SK","potentialAction":[{"@type":"ReadAction","target":["https:\/\/pmza.sk\/?p=25149"]}]},{"@type":"ImageObject","inLanguage":"sk-SK","@id":"https:\/\/pmza.sk\/?p=25149#primaryimage","url":"https:\/\/pmza.sk\/wp-content\/uploads\/2018\/03\/Budatinsky_hrad_ilustracny.png","contentUrl":"https:\/\/pmza.sk\/wp-content\/uploads\/2018\/03\/Budatinsky_hrad_ilustracny.png","width":1800,"height":1200},{"@type":"BreadcrumbList","@id":"https:\/\/pmza.sk\/?p=25149#breadcrumb","itemListElement":[{"@type":"ListItem","position":1,"name":"Domovsk\u00e1 str\u00e1nka","item":"https:\/\/pmza.sk\/"},{"@type":"ListItem","position":2,"name":"Monografia, ktor\u00e1 tu ch\u00fdbala: Budat\u00ednsky hrad"}]},{"@type":"WebSite","@id":"https:\/\/pmza.sk\/#website","url":"https:\/\/pmza.sk\/","name":"Pova\u017esk\u00e9 m\u00fazeum","description":"Pova\u017esk\u00e9 m\u00fazeum v \u017diline je region\u00e1lne m\u00fazeum so s\u00eddlom v Budat\u00edne. Jeho expoz\u00edcie s\u00fa zameran\u00e9 na dejiny slovensk\u00e9ho umenia, kult\u00fary a dopravy.","publisher":{"@id":"https:\/\/pmza.sk\/#organization"},"potentialAction":[{"@type":"SearchAction","target":{"@type":"EntryPoint","urlTemplate":"https:\/\/pmza.sk\/?s={search_term_string}"},"query-input":{"@type":"PropertyValueSpecification","valueRequired":true,"valueName":"search_term_string"}}],"inLanguage":"sk-SK"},{"@type":"Organization","@id":"https:\/\/pmza.sk\/#organization","name":"Pova\u017esk\u00e9 m\u00fazeum","url":"https:\/\/pmza.sk\/","logo":{"@type":"ImageObject","inLanguage":"sk-SK","@id":"https:\/\/pmza.sk\/#\/schema\/logo\/image\/","url":"https:\/\/pmza.sk\/wp-content\/uploads\/2022\/01\/logo_PM_horizontal.jpg","contentUrl":"https:\/\/pmza.sk\/wp-content\/uploads\/2022\/01\/logo_PM_horizontal.jpg","width":231,"height":142,"caption":"Pova\u017esk\u00e9 m\u00fazeum"},"image":{"@id":"https:\/\/pmza.sk\/#\/schema\/logo\/image\/"},"sameAs":["https:\/\/www.facebook.com\/povazskemuzeum","https:\/\/www.instagram.com\/povazskemuzeum\/"]},{"@type":"Person","@id":"https:\/\/pmza.sk\/#\/schema\/person\/595e6a2ce731ea94dcd5d7f50a41ae33","name":"Pova\u017esk\u00e9 m\u00fazeum","image":{"@type":"ImageObject","inLanguage":"sk-SK","@id":"https:\/\/secure.gravatar.com\/avatar\/2bb7f1561282132fb5826dfeccc66c7996d11ee392ac6aaf7ced8a1c2027fbb2?s=96&d=mm&r=g","url":"https:\/\/secure.gravatar.com\/avatar\/2bb7f1561282132fb5826dfeccc66c7996d11ee392ac6aaf7ced8a1c2027fbb2?s=96&d=mm&r=g","contentUrl":"https:\/\/secure.gravatar.com\/avatar\/2bb7f1561282132fb5826dfeccc66c7996d11ee392ac6aaf7ced8a1c2027fbb2?s=96&d=mm&r=g","caption":"Pova\u017esk\u00e9 m\u00fazeum"}}]}},"_links":{"self":[{"href":"https:\/\/pmza.sk\/index.php?rest_route=\/wp\/v2\/posts\/25149","targetHints":{"allow":["GET"]}}],"collection":[{"href":"https:\/\/pmza.sk\/index.php?rest_route=\/wp\/v2\/posts"}],"about":[{"href":"https:\/\/pmza.sk\/index.php?rest_route=\/wp\/v2\/types\/post"}],"author":[{"embeddable":true,"href":"https:\/\/pmza.sk\/index.php?rest_route=\/wp\/v2\/users\/2"}],"replies":[{"embeddable":true,"href":"https:\/\/pmza.sk\/index.php?rest_route=%2Fwp%2Fv2%2Fcomments&post=25149"}],"version-history":[{"count":0,"href":"https:\/\/pmza.sk\/index.php?rest_route=\/wp\/v2\/posts\/25149\/revisions"}],"wp:featuredmedia":[{"embeddable":true,"href":"https:\/\/pmza.sk\/index.php?rest_route=\/wp\/v2\/media\/25161"}],"wp:attachment":[{"href":"https:\/\/pmza.sk\/index.php?rest_route=%2Fwp%2Fv2%2Fmedia&parent=25149"}],"wp:term":[{"taxonomy":"category","embeddable":true,"href":"https:\/\/pmza.sk\/index.php?rest_route=%2Fwp%2Fv2%2Fcategories&post=25149"},{"taxonomy":"post_tag","embeddable":true,"href":"https:\/\/pmza.sk\/index.php?rest_route=%2Fwp%2Fv2%2Ftags&post=25149"}],"curies":[{"name":"wp","href":"https:\/\/api.w.org\/{rel}","templated":true}]}}