{"id":25224,"date":"2018-03-08T08:28:30","date_gmt":"2018-03-08T07:28:30","guid":{"rendered":"https:\/\/pmza.sk\/?p=25224"},"modified":"2018-03-08T08:28:30","modified_gmt":"2018-03-08T07:28:30","slug":"zoologicka-prednaska-jarne-prebudzanie-a-zvieracie-mladata","status":"publish","type":"post","link":"https:\/\/pmza.sk\/?p=25224","title":{"rendered":"Zoologick\u00e1 predn\u00e1\u0161ka: Jarn\u00e9 preb\u00fadzanie a zvieracie ml\u00e1\u010fat\u00e1"},"content":{"rendered":"<p>Pova\u017esk\u00e9 m\u00fazeum v\u00a0\u017diline zorganizovalo vo febru\u00e1ri v\u00a0Sob\u00e1\u0161nom pal\u00e1ci v Byt\u010di nieko\u013eko predn\u00e1\u0161ok venovan\u00fdch rozmno\u017eovaniu vt\u00e1kov a\u00a0cicavcov. Stretli sa s\u00a0mimoriadnym z\u00e1ujmom \u017eiakov Z\u0160 z\u00a0okresu Byt\u010da. Ve\u010f len za dva dni ich nav\u0161t\u00edvilo 280 z\u00e1ujemcov.<\/p>\n<p>Koniec zimy a\u00a0za\u010diatok jari je v\u00a0na\u0161ich zemepisn\u00fdch \u0161\u00edrkach nerozlu\u010dne sp\u00e4t\u00fd so zrodom nov\u00e9ho \u017eivota. U\u017e v\u00a0janu\u00e1ri, v\u00a0tichu a pr\u00edtm\u00ed brlohov ukryt\u00fdch v\u00a0hor\u00e1ch, prich\u00e1dzaj\u00fa na svet sotva 500 g v\u00e1\u017eiace medvie\u010fat\u00e1. V\u00a0rokoch bohatej \u00farody smrekov\u00fdch \u0161i\u0161iek zahniezdi aj uprostred tresk\u00facej zimy krivonos smrekov\u00fd. Lesmi a\u00a0skaln\u00fdmi hrebe\u0148mi sa u\u017e od janu\u00e1ra oz\u00fdva h\u00fakanie na\u0161ej najv\u00e4\u010d\u0161ej sovy, v\u00fdra skaln\u00e9ho. Postupne sa k\u00a0nemu prid\u00e1vaj\u00fa aj ostatn\u00e9 druhy sov (sova oby\u010dajn\u00e1 a dlhochvost\u00e1, p\u00f4tik kapcav\u00fd, kuvi\u010dok vrab\u010d\u00ed). Na hniezdenie sa pripravuje aj krkavec \u010dierny \u010di drav\u00e9 vt\u00e1ky (napr. orol skaln\u00fd, my\u0161iak lesn\u00fd). V\u00a0hor\u00e1ch Malej Fatry vyj\u00fa v\u00a0tomto obdob\u00ed vlky. L\u00ed\u0161ky, kuny a\u00a0lasice taktie\u017e pre\u017e\u00edvaj\u00fa v\u00a0lesn\u00fdch z\u00e1kutiach svoje obdobie l\u00e1sky.<\/p>\n<p>V\u00a0r\u00e1mci predn\u00e1\u0161ok sa \u017eiaci z\u00e1kladn\u00fdch \u0161k\u00f4l mohli dozvedie\u0165 v\u0161etko o\u00a0embryon\u00e1lnom v\u00fdvoji vt\u00e1kov a\u00a0cicavcov, od oplodnenia a\u017e po znesenie vaj\u00ed\u010dka, \u010di samotn\u00fd p\u00f4rod ml\u00e1\u010fa\u0165a, ako aj o\u00a0prenose dedi\u010dn\u00fdch inform\u00e1ci\u00ed z\u00a0rodi\u010dov na potomkov. Na pr\u00edkladoch na\u0161ich p\u00f4vodn\u00fdch druhov fauny im boli pribl\u00ed\u017een\u00e9 rozmno\u017eovacie strat\u00e9gie, ktor\u00e9 zvy\u0161uj\u00fa reproduk\u010dn\u00fd \u00faspech a\u00a0umo\u017e\u0148uj\u00fa pre\u017e\u00edvanie \u010do najv\u00e4\u010d\u0161ieho po\u010dtu ml\u00e1\u010fat.<\/p>\n<p>Audiovizu\u00e1lne p\u00e1smo bolo doplnen\u00e9 in\u0161tal\u00e1ciou trojrozmern\u00fdch expon\u00e1tov ml\u00e1\u010fat vt\u00e1kov a\u00a0cicavcov zo zbierok Pova\u017esk\u00e9ho m\u00fazea v\u00a0\u017diline.<\/p>\n<p style=\"text-align: right;\">Text: Ladislav Hl\u00f4\u0161ka<\/p>\n<p style=\"text-align: right;\">Foto: \u00a0Vladim\u00edra Horv\u00e1tov\u00e1, Katar\u00edna Mi\u010dietov\u00e1, Ladislav Hl\u00f4\u0161ka<\/p>\n<p>Pova\u017esk\u00e9 m\u00fazeum v \u017diline pripravuje po\u010das aktu\u00e1lneho \u0161kolsk\u00e9ho roka viacero \u010fal\u0161\u00edch zauj\u00edmav\u00fdch predn\u00e1\u0161ok, ich t\u00e9my n\u00e1jdete <a href=\"https:\/\/pmza.sk\/wp-content\/uploads\/2018\/02\/prednasky_2018.pdf\">TU<\/a>.<\/p>\n<p><a href=\"https:\/\/pmza.sk\/fotogaleria\/gallery\/jarne-prebudzanie-a-zvieracie-mladata\/\">FOTOGAL\u00c9RIA Z PREDN\u00c1\u0160OK<\/a><\/p>\n","protected":false},"excerpt":{"rendered":"<p>Pova\u017esk\u00e9 m\u00fazeum v\u00a0\u017diline zorganizovalo vo febru\u00e1ri v\u00a0Sob\u00e1\u0161nom pal\u00e1ci v Byt\u010di nieko\u013eko predn\u00e1\u0161ok venovan\u00fdch rozmno\u017eovaniu vt\u00e1kov a\u00a0cicavcov. Stretli sa s\u00a0mimoriadnym z\u00e1ujmom \u017eiakov Z\u0160 z\u00a0okresu Byt\u010da. Ve\u010f len za dva dni ich nav\u0161t\u00edvilo 280 z\u00e1ujemcov. Koniec zimy a\u00a0za\u010diatok jari je v\u00a0na\u0161ich zemepisn\u00fdch \u0161\u00edrkach nerozlu\u010dne sp\u00e4t\u00fd so zrodom nov\u00e9ho \u017eivota. U\u017e v\u00a0janu\u00e1ri, v\u00a0tichu a pr\u00edtm\u00ed brlohov ukryt\u00fdch v\u00a0hor\u00e1ch, [&hellip;]<\/p>\n","protected":false},"author":2,"featured_media":25213,"comment_status":"closed","ping_status":"closed","sticky":false,"template":"","format":"standard","meta":{"site-sidebar-layout":"default","site-content-layout":"","ast-site-content-layout":"","site-content-style":"default","site-sidebar-style":"default","ast-global-header-display":"","ast-banner-title-visibility":"","ast-main-header-display":"","ast-hfb-above-header-display":"","ast-hfb-below-header-display":"","ast-hfb-mobile-header-display":"","site-post-title":"","ast-breadcrumbs-content":"","ast-featured-img":"","footer-sml-layout":"","theme-transparent-header-meta":"","adv-header-id-meta":"","stick-header-meta":"","header-above-stick-meta":"","header-main-stick-meta":"","header-below-stick-meta":"","astra-migrate-meta-layouts":"default","ast-page-background-enabled":"default","ast-page-background-meta":{"desktop":{"background-color":"var(--ast-global-color-4)","background-image":"","background-repeat":"repeat","background-position":"center center","background-size":"auto","background-attachment":"scroll","background-type":"","background-media":"","overlay-type":"","overlay-color":"","overlay-opacity":"","overlay-gradient":""},"tablet":{"background-color":"","background-image":"","background-repeat":"repeat","background-position":"center center","background-size":"auto","background-attachment":"scroll","background-type":"","background-media":"","overlay-type":"","overlay-color":"","overlay-opacity":"","overlay-gradient":""},"mobile":{"background-color":"","background-image":"","background-repeat":"repeat","background-position":"center center","background-size":"auto","background-attachment":"scroll","background-type":"","background-media":"","overlay-type":"","overlay-color":"","overlay-opacity":"","overlay-gradient":""}},"ast-content-background-meta":{"desktop":{"background-color":"var(--ast-global-color-5)","background-image":"","background-repeat":"repeat","background-position":"center center","background-size":"auto","background-attachment":"scroll","background-type":"","background-media":"","overlay-type":"","overlay-color":"","overlay-opacity":"","overlay-gradient":""},"tablet":{"background-color":"var(--ast-global-color-5)","background-image":"","background-repeat":"repeat","background-position":"center center","background-size":"auto","background-attachment":"scroll","background-type":"","background-media":"","overlay-type":"","overlay-color":"","overlay-opacity":"","overlay-gradient":""},"mobile":{"background-color":"var(--ast-global-color-5)","background-image":"","background-repeat":"repeat","background-position":"center center","background-size":"auto","background-attachment":"scroll","background-type":"","background-media":"","overlay-type":"","overlay-color":"","overlay-opacity":"","overlay-gradient":""}},"footnotes":""},"categories":[31],"tags":[],"class_list":["post-25224","post","type-post","status-publish","format-standard","has-post-thumbnail","hentry","category-aktuality"],"yoast_head":"<!-- This site is optimized with the Yoast SEO plugin v27.4 - https:\/\/yoast.com\/product\/yoast-seo-wordpress\/ -->\n<title>Zoologick\u00e1 predn\u00e1\u0161ka: Jarn\u00e9 preb\u00fadzanie a zvieracie ml\u00e1\u010fat\u00e1 - Pova\u017esk\u00e9 m\u00fazeum<\/title>\n<meta name=\"robots\" content=\"index, follow, max-snippet:-1, max-image-preview:large, max-video-preview:-1\" \/>\n<link rel=\"canonical\" href=\"https:\/\/pmza.sk\/?p=25224\" \/>\n<meta property=\"og:locale\" content=\"sk_SK\" \/>\n<meta property=\"og:type\" content=\"article\" \/>\n<meta property=\"og:title\" content=\"Zoologick\u00e1 predn\u00e1\u0161ka: Jarn\u00e9 preb\u00fadzanie a zvieracie ml\u00e1\u010fat\u00e1 - Pova\u017esk\u00e9 m\u00fazeum\" \/>\n<meta property=\"og:description\" content=\"Pova\u017esk\u00e9 m\u00fazeum v\u00a0\u017diline zorganizovalo vo febru\u00e1ri v\u00a0Sob\u00e1\u0161nom pal\u00e1ci v Byt\u010di nieko\u013eko predn\u00e1\u0161ok venovan\u00fdch rozmno\u017eovaniu vt\u00e1kov a\u00a0cicavcov. Stretli sa s\u00a0mimoriadnym z\u00e1ujmom \u017eiakov Z\u0160 z\u00a0okresu Byt\u010da. Ve\u010f len za dva dni ich nav\u0161t\u00edvilo 280 z\u00e1ujemcov. Koniec zimy a\u00a0za\u010diatok jari je v\u00a0na\u0161ich zemepisn\u00fdch \u0161\u00edrkach nerozlu\u010dne sp\u00e4t\u00fd so zrodom nov\u00e9ho \u017eivota. U\u017e v\u00a0janu\u00e1ri, v\u00a0tichu a pr\u00edtm\u00ed brlohov ukryt\u00fdch v\u00a0hor\u00e1ch, [&hellip;]\" \/>\n<meta property=\"og:url\" content=\"https:\/\/pmza.sk\/?p=25224\" \/>\n<meta property=\"og:site_name\" content=\"Pova\u017esk\u00e9 m\u00fazeum\" \/>\n<meta property=\"article:publisher\" content=\"https:\/\/www.facebook.com\/povazskemuzeum\" \/>\n<meta property=\"article:published_time\" content=\"2018-03-08T07:28:30+00:00\" \/>\n<meta property=\"og:image\" content=\"https:\/\/pmza.sk\/wp-content\/uploads\/2018\/03\/DSC00030.jpg\" \/>\n\t<meta property=\"og:image:width\" content=\"1024\" \/>\n\t<meta property=\"og:image:height\" content=\"768\" \/>\n\t<meta property=\"og:image:type\" content=\"image\/jpeg\" \/>\n<meta name=\"author\" content=\"Pova\u017esk\u00e9 m\u00fazeum\" \/>\n<meta name=\"twitter:card\" content=\"summary_large_image\" \/>\n<meta name=\"twitter:label1\" content=\"Autor\" \/>\n\t<meta name=\"twitter:data1\" content=\"Pova\u017esk\u00e9 m\u00fazeum\" \/>\n\t<meta name=\"twitter:label2\" content=\"Predpokladan\u00fd \u010das \u010d\u00edtania\" \/>\n\t<meta name=\"twitter:data2\" content=\"2 min\u00faty\" \/>\n<script type=\"application\/ld+json\" class=\"yoast-schema-graph\">{\"@context\":\"https:\\\/\\\/schema.org\",\"@graph\":[{\"@type\":\"Article\",\"@id\":\"https:\\\/\\\/pmza.sk\\\/?p=25224#article\",\"isPartOf\":{\"@id\":\"https:\\\/\\\/pmza.sk\\\/?p=25224\"},\"author\":{\"name\":\"Pova\u017esk\u00e9 m\u00fazeum\",\"@id\":\"https:\\\/\\\/pmza.sk\\\/#\\\/schema\\\/person\\\/595e6a2ce731ea94dcd5d7f50a41ae33\"},\"headline\":\"Zoologick\u00e1 predn\u00e1\u0161ka: Jarn\u00e9 preb\u00fadzanie a zvieracie ml\u00e1\u010fat\u00e1\",\"datePublished\":\"2018-03-08T07:28:30+00:00\",\"mainEntityOfPage\":{\"@id\":\"https:\\\/\\\/pmza.sk\\\/?p=25224\"},\"wordCount\":381,\"publisher\":{\"@id\":\"https:\\\/\\\/pmza.sk\\\/#organization\"},\"image\":{\"@id\":\"https:\\\/\\\/pmza.sk\\\/?p=25224#primaryimage\"},\"thumbnailUrl\":\"https:\\\/\\\/pmza.sk\\\/wp-content\\\/uploads\\\/2018\\\/03\\\/DSC00030.jpg\",\"articleSection\":[\"Aktuality\"],\"inLanguage\":\"sk-SK\"},{\"@type\":\"WebPage\",\"@id\":\"https:\\\/\\\/pmza.sk\\\/?p=25224\",\"url\":\"https:\\\/\\\/pmza.sk\\\/?p=25224\",\"name\":\"Zoologick\u00e1 predn\u00e1\u0161ka: Jarn\u00e9 preb\u00fadzanie a zvieracie ml\u00e1\u010fat\u00e1 - Pova\u017esk\u00e9 m\u00fazeum\",\"isPartOf\":{\"@id\":\"https:\\\/\\\/pmza.sk\\\/#website\"},\"primaryImageOfPage\":{\"@id\":\"https:\\\/\\\/pmza.sk\\\/?p=25224#primaryimage\"},\"image\":{\"@id\":\"https:\\\/\\\/pmza.sk\\\/?p=25224#primaryimage\"},\"thumbnailUrl\":\"https:\\\/\\\/pmza.sk\\\/wp-content\\\/uploads\\\/2018\\\/03\\\/DSC00030.jpg\",\"datePublished\":\"2018-03-08T07:28:30+00:00\",\"breadcrumb\":{\"@id\":\"https:\\\/\\\/pmza.sk\\\/?p=25224#breadcrumb\"},\"inLanguage\":\"sk-SK\",\"potentialAction\":[{\"@type\":\"ReadAction\",\"target\":[\"https:\\\/\\\/pmza.sk\\\/?p=25224\"]}]},{\"@type\":\"ImageObject\",\"inLanguage\":\"sk-SK\",\"@id\":\"https:\\\/\\\/pmza.sk\\\/?p=25224#primaryimage\",\"url\":\"https:\\\/\\\/pmza.sk\\\/wp-content\\\/uploads\\\/2018\\\/03\\\/DSC00030.jpg\",\"contentUrl\":\"https:\\\/\\\/pmza.sk\\\/wp-content\\\/uploads\\\/2018\\\/03\\\/DSC00030.jpg\",\"width\":1024,\"height\":768},{\"@type\":\"BreadcrumbList\",\"@id\":\"https:\\\/\\\/pmza.sk\\\/?p=25224#breadcrumb\",\"itemListElement\":[{\"@type\":\"ListItem\",\"position\":1,\"name\":\"Domovsk\u00e1 str\u00e1nka\",\"item\":\"https:\\\/\\\/pmza.sk\\\/\"},{\"@type\":\"ListItem\",\"position\":2,\"name\":\"Zoologick\u00e1 predn\u00e1\u0161ka: Jarn\u00e9 preb\u00fadzanie a zvieracie ml\u00e1\u010fat\u00e1\"}]},{\"@type\":\"WebSite\",\"@id\":\"https:\\\/\\\/pmza.sk\\\/#website\",\"url\":\"https:\\\/\\\/pmza.sk\\\/\",\"name\":\"Pova\u017esk\u00e9 m\u00fazeum\",\"description\":\"Pova\u017esk\u00e9 m\u00fazeum v \u017diline je region\u00e1lne m\u00fazeum so s\u00eddlom v Budat\u00edne. Jeho expoz\u00edcie s\u00fa zameran\u00e9 na dejiny slovensk\u00e9ho umenia, kult\u00fary a dopravy.\",\"publisher\":{\"@id\":\"https:\\\/\\\/pmza.sk\\\/#organization\"},\"potentialAction\":[{\"@type\":\"SearchAction\",\"target\":{\"@type\":\"EntryPoint\",\"urlTemplate\":\"https:\\\/\\\/pmza.sk\\\/?s={search_term_string}\"},\"query-input\":{\"@type\":\"PropertyValueSpecification\",\"valueRequired\":true,\"valueName\":\"search_term_string\"}}],\"inLanguage\":\"sk-SK\"},{\"@type\":\"Organization\",\"@id\":\"https:\\\/\\\/pmza.sk\\\/#organization\",\"name\":\"Pova\u017esk\u00e9 m\u00fazeum\",\"url\":\"https:\\\/\\\/pmza.sk\\\/\",\"logo\":{\"@type\":\"ImageObject\",\"inLanguage\":\"sk-SK\",\"@id\":\"https:\\\/\\\/pmza.sk\\\/#\\\/schema\\\/logo\\\/image\\\/\",\"url\":\"https:\\\/\\\/pmza.sk\\\/wp-content\\\/uploads\\\/2022\\\/01\\\/logo_PM_horizontal.jpg\",\"contentUrl\":\"https:\\\/\\\/pmza.sk\\\/wp-content\\\/uploads\\\/2022\\\/01\\\/logo_PM_horizontal.jpg\",\"width\":231,\"height\":142,\"caption\":\"Pova\u017esk\u00e9 m\u00fazeum\"},\"image\":{\"@id\":\"https:\\\/\\\/pmza.sk\\\/#\\\/schema\\\/logo\\\/image\\\/\"},\"sameAs\":[\"https:\\\/\\\/www.facebook.com\\\/povazskemuzeum\",\"https:\\\/\\\/www.instagram.com\\\/povazskemuzeum\\\/\"]},{\"@type\":\"Person\",\"@id\":\"https:\\\/\\\/pmza.sk\\\/#\\\/schema\\\/person\\\/595e6a2ce731ea94dcd5d7f50a41ae33\",\"name\":\"Pova\u017esk\u00e9 m\u00fazeum\",\"image\":{\"@type\":\"ImageObject\",\"inLanguage\":\"sk-SK\",\"@id\":\"https:\\\/\\\/secure.gravatar.com\\\/avatar\\\/2bb7f1561282132fb5826dfeccc66c7996d11ee392ac6aaf7ced8a1c2027fbb2?s=96&d=mm&r=g\",\"url\":\"https:\\\/\\\/secure.gravatar.com\\\/avatar\\\/2bb7f1561282132fb5826dfeccc66c7996d11ee392ac6aaf7ced8a1c2027fbb2?s=96&d=mm&r=g\",\"contentUrl\":\"https:\\\/\\\/secure.gravatar.com\\\/avatar\\\/2bb7f1561282132fb5826dfeccc66c7996d11ee392ac6aaf7ced8a1c2027fbb2?s=96&d=mm&r=g\",\"caption\":\"Pova\u017esk\u00e9 m\u00fazeum\"}}]}<\/script>\n<!-- \/ Yoast SEO plugin. -->","yoast_head_json":{"title":"Zoologick\u00e1 predn\u00e1\u0161ka: Jarn\u00e9 preb\u00fadzanie a zvieracie ml\u00e1\u010fat\u00e1 - Pova\u017esk\u00e9 m\u00fazeum","robots":{"index":"index","follow":"follow","max-snippet":"max-snippet:-1","max-image-preview":"max-image-preview:large","max-video-preview":"max-video-preview:-1"},"canonical":"https:\/\/pmza.sk\/?p=25224","og_locale":"sk_SK","og_type":"article","og_title":"Zoologick\u00e1 predn\u00e1\u0161ka: Jarn\u00e9 preb\u00fadzanie a zvieracie ml\u00e1\u010fat\u00e1 - Pova\u017esk\u00e9 m\u00fazeum","og_description":"Pova\u017esk\u00e9 m\u00fazeum v\u00a0\u017diline zorganizovalo vo febru\u00e1ri v\u00a0Sob\u00e1\u0161nom pal\u00e1ci v Byt\u010di nieko\u013eko predn\u00e1\u0161ok venovan\u00fdch rozmno\u017eovaniu vt\u00e1kov a\u00a0cicavcov. Stretli sa s\u00a0mimoriadnym z\u00e1ujmom \u017eiakov Z\u0160 z\u00a0okresu Byt\u010da. Ve\u010f len za dva dni ich nav\u0161t\u00edvilo 280 z\u00e1ujemcov. Koniec zimy a\u00a0za\u010diatok jari je v\u00a0na\u0161ich zemepisn\u00fdch \u0161\u00edrkach nerozlu\u010dne sp\u00e4t\u00fd so zrodom nov\u00e9ho \u017eivota. U\u017e v\u00a0janu\u00e1ri, v\u00a0tichu a pr\u00edtm\u00ed brlohov ukryt\u00fdch v\u00a0hor\u00e1ch, [&hellip;]","og_url":"https:\/\/pmza.sk\/?p=25224","og_site_name":"Pova\u017esk\u00e9 m\u00fazeum","article_publisher":"https:\/\/www.facebook.com\/povazskemuzeum","article_published_time":"2018-03-08T07:28:30+00:00","og_image":[{"width":1024,"height":768,"url":"https:\/\/pmza.sk\/wp-content\/uploads\/2018\/03\/DSC00030.jpg","type":"image\/jpeg"}],"author":"Pova\u017esk\u00e9 m\u00fazeum","twitter_card":"summary_large_image","twitter_misc":{"Autor":"Pova\u017esk\u00e9 m\u00fazeum","Predpokladan\u00fd \u010das \u010d\u00edtania":"2 min\u00faty"},"schema":{"@context":"https:\/\/schema.org","@graph":[{"@type":"Article","@id":"https:\/\/pmza.sk\/?p=25224#article","isPartOf":{"@id":"https:\/\/pmza.sk\/?p=25224"},"author":{"name":"Pova\u017esk\u00e9 m\u00fazeum","@id":"https:\/\/pmza.sk\/#\/schema\/person\/595e6a2ce731ea94dcd5d7f50a41ae33"},"headline":"Zoologick\u00e1 predn\u00e1\u0161ka: Jarn\u00e9 preb\u00fadzanie a zvieracie ml\u00e1\u010fat\u00e1","datePublished":"2018-03-08T07:28:30+00:00","mainEntityOfPage":{"@id":"https:\/\/pmza.sk\/?p=25224"},"wordCount":381,"publisher":{"@id":"https:\/\/pmza.sk\/#organization"},"image":{"@id":"https:\/\/pmza.sk\/?p=25224#primaryimage"},"thumbnailUrl":"https:\/\/pmza.sk\/wp-content\/uploads\/2018\/03\/DSC00030.jpg","articleSection":["Aktuality"],"inLanguage":"sk-SK"},{"@type":"WebPage","@id":"https:\/\/pmza.sk\/?p=25224","url":"https:\/\/pmza.sk\/?p=25224","name":"Zoologick\u00e1 predn\u00e1\u0161ka: Jarn\u00e9 preb\u00fadzanie a zvieracie ml\u00e1\u010fat\u00e1 - Pova\u017esk\u00e9 m\u00fazeum","isPartOf":{"@id":"https:\/\/pmza.sk\/#website"},"primaryImageOfPage":{"@id":"https:\/\/pmza.sk\/?p=25224#primaryimage"},"image":{"@id":"https:\/\/pmza.sk\/?p=25224#primaryimage"},"thumbnailUrl":"https:\/\/pmza.sk\/wp-content\/uploads\/2018\/03\/DSC00030.jpg","datePublished":"2018-03-08T07:28:30+00:00","breadcrumb":{"@id":"https:\/\/pmza.sk\/?p=25224#breadcrumb"},"inLanguage":"sk-SK","potentialAction":[{"@type":"ReadAction","target":["https:\/\/pmza.sk\/?p=25224"]}]},{"@type":"ImageObject","inLanguage":"sk-SK","@id":"https:\/\/pmza.sk\/?p=25224#primaryimage","url":"https:\/\/pmza.sk\/wp-content\/uploads\/2018\/03\/DSC00030.jpg","contentUrl":"https:\/\/pmza.sk\/wp-content\/uploads\/2018\/03\/DSC00030.jpg","width":1024,"height":768},{"@type":"BreadcrumbList","@id":"https:\/\/pmza.sk\/?p=25224#breadcrumb","itemListElement":[{"@type":"ListItem","position":1,"name":"Domovsk\u00e1 str\u00e1nka","item":"https:\/\/pmza.sk\/"},{"@type":"ListItem","position":2,"name":"Zoologick\u00e1 predn\u00e1\u0161ka: Jarn\u00e9 preb\u00fadzanie a zvieracie ml\u00e1\u010fat\u00e1"}]},{"@type":"WebSite","@id":"https:\/\/pmza.sk\/#website","url":"https:\/\/pmza.sk\/","name":"Pova\u017esk\u00e9 m\u00fazeum","description":"Pova\u017esk\u00e9 m\u00fazeum v \u017diline je region\u00e1lne m\u00fazeum so s\u00eddlom v Budat\u00edne. Jeho expoz\u00edcie s\u00fa zameran\u00e9 na dejiny slovensk\u00e9ho umenia, kult\u00fary a dopravy.","publisher":{"@id":"https:\/\/pmza.sk\/#organization"},"potentialAction":[{"@type":"SearchAction","target":{"@type":"EntryPoint","urlTemplate":"https:\/\/pmza.sk\/?s={search_term_string}"},"query-input":{"@type":"PropertyValueSpecification","valueRequired":true,"valueName":"search_term_string"}}],"inLanguage":"sk-SK"},{"@type":"Organization","@id":"https:\/\/pmza.sk\/#organization","name":"Pova\u017esk\u00e9 m\u00fazeum","url":"https:\/\/pmza.sk\/","logo":{"@type":"ImageObject","inLanguage":"sk-SK","@id":"https:\/\/pmza.sk\/#\/schema\/logo\/image\/","url":"https:\/\/pmza.sk\/wp-content\/uploads\/2022\/01\/logo_PM_horizontal.jpg","contentUrl":"https:\/\/pmza.sk\/wp-content\/uploads\/2022\/01\/logo_PM_horizontal.jpg","width":231,"height":142,"caption":"Pova\u017esk\u00e9 m\u00fazeum"},"image":{"@id":"https:\/\/pmza.sk\/#\/schema\/logo\/image\/"},"sameAs":["https:\/\/www.facebook.com\/povazskemuzeum","https:\/\/www.instagram.com\/povazskemuzeum\/"]},{"@type":"Person","@id":"https:\/\/pmza.sk\/#\/schema\/person\/595e6a2ce731ea94dcd5d7f50a41ae33","name":"Pova\u017esk\u00e9 m\u00fazeum","image":{"@type":"ImageObject","inLanguage":"sk-SK","@id":"https:\/\/secure.gravatar.com\/avatar\/2bb7f1561282132fb5826dfeccc66c7996d11ee392ac6aaf7ced8a1c2027fbb2?s=96&d=mm&r=g","url":"https:\/\/secure.gravatar.com\/avatar\/2bb7f1561282132fb5826dfeccc66c7996d11ee392ac6aaf7ced8a1c2027fbb2?s=96&d=mm&r=g","contentUrl":"https:\/\/secure.gravatar.com\/avatar\/2bb7f1561282132fb5826dfeccc66c7996d11ee392ac6aaf7ced8a1c2027fbb2?s=96&d=mm&r=g","caption":"Pova\u017esk\u00e9 m\u00fazeum"}}]}},"_links":{"self":[{"href":"https:\/\/pmza.sk\/index.php?rest_route=\/wp\/v2\/posts\/25224","targetHints":{"allow":["GET"]}}],"collection":[{"href":"https:\/\/pmza.sk\/index.php?rest_route=\/wp\/v2\/posts"}],"about":[{"href":"https:\/\/pmza.sk\/index.php?rest_route=\/wp\/v2\/types\/post"}],"author":[{"embeddable":true,"href":"https:\/\/pmza.sk\/index.php?rest_route=\/wp\/v2\/users\/2"}],"replies":[{"embeddable":true,"href":"https:\/\/pmza.sk\/index.php?rest_route=%2Fwp%2Fv2%2Fcomments&post=25224"}],"version-history":[{"count":0,"href":"https:\/\/pmza.sk\/index.php?rest_route=\/wp\/v2\/posts\/25224\/revisions"}],"wp:featuredmedia":[{"embeddable":true,"href":"https:\/\/pmza.sk\/index.php?rest_route=\/wp\/v2\/media\/25213"}],"wp:attachment":[{"href":"https:\/\/pmza.sk\/index.php?rest_route=%2Fwp%2Fv2%2Fmedia&parent=25224"}],"wp:term":[{"taxonomy":"category","embeddable":true,"href":"https:\/\/pmza.sk\/index.php?rest_route=%2Fwp%2Fv2%2Fcategories&post=25224"},{"taxonomy":"post_tag","embeddable":true,"href":"https:\/\/pmza.sk\/index.php?rest_route=%2Fwp%2Fv2%2Ftags&post=25224"}],"curies":[{"name":"wp","href":"https:\/\/api.w.org\/{rel}","templated":true}]}}