{"id":25249,"date":"2018-03-08T11:06:26","date_gmt":"2018-03-08T10:06:26","guid":{"rendered":"https:\/\/pmza.sk\/?p=25249"},"modified":"2018-03-08T11:06:26","modified_gmt":"2018-03-08T10:06:26","slug":"fotogaleria-den-otvorenych-dveri-odbornej-kniznice","status":"publish","type":"post","link":"https:\/\/pmza.sk\/?p=25249","title":{"rendered":"Fotogal\u00e9ria: De\u0148 otvoren\u00fdch dver\u00ed odbornej kni\u017enice"},"content":{"rendered":"<p>Do podujatia T\u00fd\u017ede\u0148 slovensk\u00fdch kni\u017en\u00edc sa ka\u017edoro\u010dne zap\u00e1ja aj Pova\u017esk\u00e9 m\u00fazeum v \u017diline, ktor\u00e9 tento rok pripravilo pre n\u00e1v\u0161tevn\u00edkov De\u0148 otvoren\u00fdch dver\u00ed odbornej kni\u017enice. Registr\u00e1ciu zadarmo a mal\u00e9 kni\u017en\u00e9 prekvapenie sme pon\u00fakli v\u0161etk\u00fdm z\u00e1ujemcom, ktor\u00ed n\u00e1s v stredu 7. marca nav\u0161t\u00edvili.<\/p>\n<p>&#8222;De\u0148 otvoren\u00fdch dver\u00ed bol ve\u013emi akt\u00edvny, nav\u0161t\u00edvili n\u00e1s z\u00e1ujemcovia o odborn\u00fa kni\u017enicu z Trnavy, Bratislavy a samozrejme aj zo \u017diliny a okolia. V\u0161etk\u00fdm bol poskytnut\u00fd v\u00fdklad so z\u00e1kladn\u00fdmi inform\u00e1ciami o kni\u017enici, taktie\u017e aj inform\u00e1cie o pr\u00edstupe do\u00a0 katal\u00f3gu kni\u017enice, ktor\u00fd je pre verejnos\u0165 dostupn\u00fd\u00a0 na na\u0161ej webovej str\u00e1nke,&#8220; uviedla knihovn\u00ed\u010dka Janka Sakalov\u00e1.\u00a0 Ako \u010falej dodala, n\u00e1v\u0161tevn\u00edci sa zauj\u00edmali o zlo\u017eenie fondu, o mo\u017enostiach jeho vyu\u017eitia, o poskytovan\u00ed slu\u017eieb kni\u017enicou. Mnoh\u00ed si priamo vybrali knihy a so z\u00e1ujmom si ich prezerali a taktie\u017e vyu\u017eili mo\u017enos\u0165 bezplatnej registr\u00e1cie do kni\u017enice.<br \/> Pote\u0161ili sa aj dar\u010dekom vo forme publik\u00e1ci\u00ed z edi\u010dnej \u010dinnosti m\u00fazea, ktor\u00e9 si so sebou odniesli.<br \/>Na z\u00e1ver prid\u00e1me aj trochu \u0161tatistiky &#8211; kni\u017enicu v r\u00e1mci DOD nav\u0161t\u00edvilo 31 z\u00e1ujemcov, z toho 6-ti vyu\u017eili pr\u00edle\u017eitos\u0165 a bezplatne sa zaregistrovali. <\/p>\n<p>S\u00fa\u010das\u0165ou Pova\u017esk\u00e9ho m\u00fazea v \u017diline je \u0161peci\u00e1lna odborn\u00e1 kni\u017enica s bohat\u00fdm fondom takmer 12 600 kni\u017eni\u010dn\u00fdch jednotiek, z toho je 346 star\u00fdch tla\u010d\u00ed do r. 1918.\u00a0<\/p>\n<p><a href=\"https:\/\/pmza.sk\/fotogaleria\/gallery\/den-otvorenych-dveri-odbornej-kniznice\/\">FOTOGAL\u00c9RIA Z PODUJATIA<\/a><\/p>\n","protected":false},"excerpt":{"rendered":"<p>Do podujatia T\u00fd\u017ede\u0148 slovensk\u00fdch kni\u017en\u00edc sa ka\u017edoro\u010dne zap\u00e1ja aj Pova\u017esk\u00e9 m\u00fazeum v \u017diline, ktor\u00e9 tento rok pripravilo pre n\u00e1v\u0161tevn\u00edkov De\u0148 otvoren\u00fdch dver\u00ed odbornej kni\u017enice. Registr\u00e1ciu zadarmo a mal\u00e9 kni\u017en\u00e9 prekvapenie sme pon\u00fakli v\u0161etk\u00fdm z\u00e1ujemcom, ktor\u00ed n\u00e1s v stredu 7. marca nav\u0161t\u00edvili. &#8222;De\u0148 otvoren\u00fdch dver\u00ed bol ve\u013emi akt\u00edvny, nav\u0161t\u00edvili n\u00e1s z\u00e1ujemcovia o odborn\u00fa kni\u017enicu z Trnavy, [&hellip;]<\/p>\n","protected":false},"author":2,"featured_media":25244,"comment_status":"closed","ping_status":"closed","sticky":false,"template":"","format":"standard","meta":{"site-sidebar-layout":"default","site-content-layout":"","ast-site-content-layout":"","site-content-style":"default","site-sidebar-style":"default","ast-global-header-display":"","ast-banner-title-visibility":"","ast-main-header-display":"","ast-hfb-above-header-display":"","ast-hfb-below-header-display":"","ast-hfb-mobile-header-display":"","site-post-title":"","ast-breadcrumbs-content":"","ast-featured-img":"","footer-sml-layout":"","theme-transparent-header-meta":"","adv-header-id-meta":"","stick-header-meta":"","header-above-stick-meta":"","header-main-stick-meta":"","header-below-stick-meta":"","astra-migrate-meta-layouts":"default","ast-page-background-enabled":"default","ast-page-background-meta":{"desktop":{"background-color":"var(--ast-global-color-4)","background-image":"","background-repeat":"repeat","background-position":"center center","background-size":"auto","background-attachment":"scroll","background-type":"","background-media":"","overlay-type":"","overlay-color":"","overlay-opacity":"","overlay-gradient":""},"tablet":{"background-color":"","background-image":"","background-repeat":"repeat","background-position":"center center","background-size":"auto","background-attachment":"scroll","background-type":"","background-media":"","overlay-type":"","overlay-color":"","overlay-opacity":"","overlay-gradient":""},"mobile":{"background-color":"","background-image":"","background-repeat":"repeat","background-position":"center center","background-size":"auto","background-attachment":"scroll","background-type":"","background-media":"","overlay-type":"","overlay-color":"","overlay-opacity":"","overlay-gradient":""}},"ast-content-background-meta":{"desktop":{"background-color":"var(--ast-global-color-5)","background-image":"","background-repeat":"repeat","background-position":"center center","background-size":"auto","background-attachment":"scroll","background-type":"","background-media":"","overlay-type":"","overlay-color":"","overlay-opacity":"","overlay-gradient":""},"tablet":{"background-color":"var(--ast-global-color-5)","background-image":"","background-repeat":"repeat","background-position":"center center","background-size":"auto","background-attachment":"scroll","background-type":"","background-media":"","overlay-type":"","overlay-color":"","overlay-opacity":"","overlay-gradient":""},"mobile":{"background-color":"var(--ast-global-color-5)","background-image":"","background-repeat":"repeat","background-position":"center center","background-size":"auto","background-attachment":"scroll","background-type":"","background-media":"","overlay-type":"","overlay-color":"","overlay-opacity":"","overlay-gradient":""}},"footnotes":""},"categories":[31],"tags":[],"class_list":["post-25249","post","type-post","status-publish","format-standard","has-post-thumbnail","hentry","category-aktuality"],"yoast_head":"<!-- This site is optimized with the Yoast SEO plugin v27.4 - https:\/\/yoast.com\/product\/yoast-seo-wordpress\/ -->\n<title>Fotogal\u00e9ria: De\u0148 otvoren\u00fdch dver\u00ed odbornej kni\u017enice - Pova\u017esk\u00e9 m\u00fazeum<\/title>\n<meta name=\"robots\" content=\"index, follow, max-snippet:-1, max-image-preview:large, max-video-preview:-1\" \/>\n<link rel=\"canonical\" href=\"https:\/\/pmza.sk\/?p=25249\" \/>\n<meta property=\"og:locale\" content=\"sk_SK\" \/>\n<meta property=\"og:type\" content=\"article\" \/>\n<meta property=\"og:title\" content=\"Fotogal\u00e9ria: De\u0148 otvoren\u00fdch dver\u00ed odbornej kni\u017enice - Pova\u017esk\u00e9 m\u00fazeum\" \/>\n<meta property=\"og:description\" content=\"Do podujatia T\u00fd\u017ede\u0148 slovensk\u00fdch kni\u017en\u00edc sa ka\u017edoro\u010dne zap\u00e1ja aj Pova\u017esk\u00e9 m\u00fazeum v \u017diline, ktor\u00e9 tento rok pripravilo pre n\u00e1v\u0161tevn\u00edkov De\u0148 otvoren\u00fdch dver\u00ed odbornej kni\u017enice. Registr\u00e1ciu zadarmo a mal\u00e9 kni\u017en\u00e9 prekvapenie sme pon\u00fakli v\u0161etk\u00fdm z\u00e1ujemcom, ktor\u00ed n\u00e1s v stredu 7. marca nav\u0161t\u00edvili. &#8222;De\u0148 otvoren\u00fdch dver\u00ed bol ve\u013emi akt\u00edvny, nav\u0161t\u00edvili n\u00e1s z\u00e1ujemcovia o odborn\u00fa kni\u017enicu z Trnavy, [&hellip;]\" \/>\n<meta property=\"og:url\" content=\"https:\/\/pmza.sk\/?p=25249\" \/>\n<meta property=\"og:site_name\" content=\"Pova\u017esk\u00e9 m\u00fazeum\" \/>\n<meta property=\"article:publisher\" content=\"https:\/\/www.facebook.com\/povazskemuzeum\" \/>\n<meta property=\"article:published_time\" content=\"2018-03-08T10:06:26+00:00\" \/>\n<meta property=\"og:image\" content=\"https:\/\/pmza.sk\/wp-content\/uploads\/2018\/03\/IMG_7382.jpg\" \/>\n\t<meta property=\"og:image:width\" content=\"1024\" \/>\n\t<meta property=\"og:image:height\" content=\"688\" \/>\n\t<meta property=\"og:image:type\" content=\"image\/jpeg\" \/>\n<meta name=\"author\" content=\"Pova\u017esk\u00e9 m\u00fazeum\" \/>\n<meta name=\"twitter:card\" content=\"summary_large_image\" \/>\n<meta name=\"twitter:label1\" content=\"Autor\" \/>\n\t<meta name=\"twitter:data1\" content=\"Pova\u017esk\u00e9 m\u00fazeum\" \/>\n\t<meta name=\"twitter:label2\" content=\"Predpokladan\u00fd \u010das \u010d\u00edtania\" \/>\n\t<meta name=\"twitter:data2\" content=\"1 min\u00fata\" \/>\n<script type=\"application\/ld+json\" class=\"yoast-schema-graph\">{\"@context\":\"https:\\\/\\\/schema.org\",\"@graph\":[{\"@type\":\"Article\",\"@id\":\"https:\\\/\\\/pmza.sk\\\/?p=25249#article\",\"isPartOf\":{\"@id\":\"https:\\\/\\\/pmza.sk\\\/?p=25249\"},\"author\":{\"name\":\"Pova\u017esk\u00e9 m\u00fazeum\",\"@id\":\"https:\\\/\\\/pmza.sk\\\/#\\\/schema\\\/person\\\/595e6a2ce731ea94dcd5d7f50a41ae33\"},\"headline\":\"Fotogal\u00e9ria: De\u0148 otvoren\u00fdch dver\u00ed odbornej kni\u017enice\",\"datePublished\":\"2018-03-08T10:06:26+00:00\",\"mainEntityOfPage\":{\"@id\":\"https:\\\/\\\/pmza.sk\\\/?p=25249\"},\"wordCount\":287,\"publisher\":{\"@id\":\"https:\\\/\\\/pmza.sk\\\/#organization\"},\"image\":{\"@id\":\"https:\\\/\\\/pmza.sk\\\/?p=25249#primaryimage\"},\"thumbnailUrl\":\"https:\\\/\\\/pmza.sk\\\/wp-content\\\/uploads\\\/2018\\\/03\\\/IMG_7382.jpg\",\"articleSection\":[\"Aktuality\"],\"inLanguage\":\"sk-SK\"},{\"@type\":\"WebPage\",\"@id\":\"https:\\\/\\\/pmza.sk\\\/?p=25249\",\"url\":\"https:\\\/\\\/pmza.sk\\\/?p=25249\",\"name\":\"Fotogal\u00e9ria: De\u0148 otvoren\u00fdch dver\u00ed odbornej kni\u017enice - Pova\u017esk\u00e9 m\u00fazeum\",\"isPartOf\":{\"@id\":\"https:\\\/\\\/pmza.sk\\\/#website\"},\"primaryImageOfPage\":{\"@id\":\"https:\\\/\\\/pmza.sk\\\/?p=25249#primaryimage\"},\"image\":{\"@id\":\"https:\\\/\\\/pmza.sk\\\/?p=25249#primaryimage\"},\"thumbnailUrl\":\"https:\\\/\\\/pmza.sk\\\/wp-content\\\/uploads\\\/2018\\\/03\\\/IMG_7382.jpg\",\"datePublished\":\"2018-03-08T10:06:26+00:00\",\"breadcrumb\":{\"@id\":\"https:\\\/\\\/pmza.sk\\\/?p=25249#breadcrumb\"},\"inLanguage\":\"sk-SK\",\"potentialAction\":[{\"@type\":\"ReadAction\",\"target\":[\"https:\\\/\\\/pmza.sk\\\/?p=25249\"]}]},{\"@type\":\"ImageObject\",\"inLanguage\":\"sk-SK\",\"@id\":\"https:\\\/\\\/pmza.sk\\\/?p=25249#primaryimage\",\"url\":\"https:\\\/\\\/pmza.sk\\\/wp-content\\\/uploads\\\/2018\\\/03\\\/IMG_7382.jpg\",\"contentUrl\":\"https:\\\/\\\/pmza.sk\\\/wp-content\\\/uploads\\\/2018\\\/03\\\/IMG_7382.jpg\",\"width\":1024,\"height\":688},{\"@type\":\"BreadcrumbList\",\"@id\":\"https:\\\/\\\/pmza.sk\\\/?p=25249#breadcrumb\",\"itemListElement\":[{\"@type\":\"ListItem\",\"position\":1,\"name\":\"Domovsk\u00e1 str\u00e1nka\",\"item\":\"https:\\\/\\\/pmza.sk\\\/\"},{\"@type\":\"ListItem\",\"position\":2,\"name\":\"Fotogal\u00e9ria: De\u0148 otvoren\u00fdch dver\u00ed odbornej kni\u017enice\"}]},{\"@type\":\"WebSite\",\"@id\":\"https:\\\/\\\/pmza.sk\\\/#website\",\"url\":\"https:\\\/\\\/pmza.sk\\\/\",\"name\":\"Pova\u017esk\u00e9 m\u00fazeum\",\"description\":\"Pova\u017esk\u00e9 m\u00fazeum v \u017diline je region\u00e1lne m\u00fazeum so s\u00eddlom v Budat\u00edne. Jeho expoz\u00edcie s\u00fa zameran\u00e9 na dejiny slovensk\u00e9ho umenia, kult\u00fary a dopravy.\",\"publisher\":{\"@id\":\"https:\\\/\\\/pmza.sk\\\/#organization\"},\"potentialAction\":[{\"@type\":\"SearchAction\",\"target\":{\"@type\":\"EntryPoint\",\"urlTemplate\":\"https:\\\/\\\/pmza.sk\\\/?s={search_term_string}\"},\"query-input\":{\"@type\":\"PropertyValueSpecification\",\"valueRequired\":true,\"valueName\":\"search_term_string\"}}],\"inLanguage\":\"sk-SK\"},{\"@type\":\"Organization\",\"@id\":\"https:\\\/\\\/pmza.sk\\\/#organization\",\"name\":\"Pova\u017esk\u00e9 m\u00fazeum\",\"url\":\"https:\\\/\\\/pmza.sk\\\/\",\"logo\":{\"@type\":\"ImageObject\",\"inLanguage\":\"sk-SK\",\"@id\":\"https:\\\/\\\/pmza.sk\\\/#\\\/schema\\\/logo\\\/image\\\/\",\"url\":\"https:\\\/\\\/pmza.sk\\\/wp-content\\\/uploads\\\/2022\\\/01\\\/logo_PM_horizontal.jpg\",\"contentUrl\":\"https:\\\/\\\/pmza.sk\\\/wp-content\\\/uploads\\\/2022\\\/01\\\/logo_PM_horizontal.jpg\",\"width\":231,\"height\":142,\"caption\":\"Pova\u017esk\u00e9 m\u00fazeum\"},\"image\":{\"@id\":\"https:\\\/\\\/pmza.sk\\\/#\\\/schema\\\/logo\\\/image\\\/\"},\"sameAs\":[\"https:\\\/\\\/www.facebook.com\\\/povazskemuzeum\",\"https:\\\/\\\/www.instagram.com\\\/povazskemuzeum\\\/\"]},{\"@type\":\"Person\",\"@id\":\"https:\\\/\\\/pmza.sk\\\/#\\\/schema\\\/person\\\/595e6a2ce731ea94dcd5d7f50a41ae33\",\"name\":\"Pova\u017esk\u00e9 m\u00fazeum\",\"image\":{\"@type\":\"ImageObject\",\"inLanguage\":\"sk-SK\",\"@id\":\"https:\\\/\\\/secure.gravatar.com\\\/avatar\\\/2bb7f1561282132fb5826dfeccc66c7996d11ee392ac6aaf7ced8a1c2027fbb2?s=96&d=mm&r=g\",\"url\":\"https:\\\/\\\/secure.gravatar.com\\\/avatar\\\/2bb7f1561282132fb5826dfeccc66c7996d11ee392ac6aaf7ced8a1c2027fbb2?s=96&d=mm&r=g\",\"contentUrl\":\"https:\\\/\\\/secure.gravatar.com\\\/avatar\\\/2bb7f1561282132fb5826dfeccc66c7996d11ee392ac6aaf7ced8a1c2027fbb2?s=96&d=mm&r=g\",\"caption\":\"Pova\u017esk\u00e9 m\u00fazeum\"}}]}<\/script>\n<!-- \/ Yoast SEO plugin. -->","yoast_head_json":{"title":"Fotogal\u00e9ria: De\u0148 otvoren\u00fdch dver\u00ed odbornej kni\u017enice - Pova\u017esk\u00e9 m\u00fazeum","robots":{"index":"index","follow":"follow","max-snippet":"max-snippet:-1","max-image-preview":"max-image-preview:large","max-video-preview":"max-video-preview:-1"},"canonical":"https:\/\/pmza.sk\/?p=25249","og_locale":"sk_SK","og_type":"article","og_title":"Fotogal\u00e9ria: De\u0148 otvoren\u00fdch dver\u00ed odbornej kni\u017enice - Pova\u017esk\u00e9 m\u00fazeum","og_description":"Do podujatia T\u00fd\u017ede\u0148 slovensk\u00fdch kni\u017en\u00edc sa ka\u017edoro\u010dne zap\u00e1ja aj Pova\u017esk\u00e9 m\u00fazeum v \u017diline, ktor\u00e9 tento rok pripravilo pre n\u00e1v\u0161tevn\u00edkov De\u0148 otvoren\u00fdch dver\u00ed odbornej kni\u017enice. Registr\u00e1ciu zadarmo a mal\u00e9 kni\u017en\u00e9 prekvapenie sme pon\u00fakli v\u0161etk\u00fdm z\u00e1ujemcom, ktor\u00ed n\u00e1s v stredu 7. marca nav\u0161t\u00edvili. &#8222;De\u0148 otvoren\u00fdch dver\u00ed bol ve\u013emi akt\u00edvny, nav\u0161t\u00edvili n\u00e1s z\u00e1ujemcovia o odborn\u00fa kni\u017enicu z Trnavy, [&hellip;]","og_url":"https:\/\/pmza.sk\/?p=25249","og_site_name":"Pova\u017esk\u00e9 m\u00fazeum","article_publisher":"https:\/\/www.facebook.com\/povazskemuzeum","article_published_time":"2018-03-08T10:06:26+00:00","og_image":[{"width":1024,"height":688,"url":"https:\/\/pmza.sk\/wp-content\/uploads\/2018\/03\/IMG_7382.jpg","type":"image\/jpeg"}],"author":"Pova\u017esk\u00e9 m\u00fazeum","twitter_card":"summary_large_image","twitter_misc":{"Autor":"Pova\u017esk\u00e9 m\u00fazeum","Predpokladan\u00fd \u010das \u010d\u00edtania":"1 min\u00fata"},"schema":{"@context":"https:\/\/schema.org","@graph":[{"@type":"Article","@id":"https:\/\/pmza.sk\/?p=25249#article","isPartOf":{"@id":"https:\/\/pmza.sk\/?p=25249"},"author":{"name":"Pova\u017esk\u00e9 m\u00fazeum","@id":"https:\/\/pmza.sk\/#\/schema\/person\/595e6a2ce731ea94dcd5d7f50a41ae33"},"headline":"Fotogal\u00e9ria: De\u0148 otvoren\u00fdch dver\u00ed odbornej kni\u017enice","datePublished":"2018-03-08T10:06:26+00:00","mainEntityOfPage":{"@id":"https:\/\/pmza.sk\/?p=25249"},"wordCount":287,"publisher":{"@id":"https:\/\/pmza.sk\/#organization"},"image":{"@id":"https:\/\/pmza.sk\/?p=25249#primaryimage"},"thumbnailUrl":"https:\/\/pmza.sk\/wp-content\/uploads\/2018\/03\/IMG_7382.jpg","articleSection":["Aktuality"],"inLanguage":"sk-SK"},{"@type":"WebPage","@id":"https:\/\/pmza.sk\/?p=25249","url":"https:\/\/pmza.sk\/?p=25249","name":"Fotogal\u00e9ria: De\u0148 otvoren\u00fdch dver\u00ed odbornej kni\u017enice - Pova\u017esk\u00e9 m\u00fazeum","isPartOf":{"@id":"https:\/\/pmza.sk\/#website"},"primaryImageOfPage":{"@id":"https:\/\/pmza.sk\/?p=25249#primaryimage"},"image":{"@id":"https:\/\/pmza.sk\/?p=25249#primaryimage"},"thumbnailUrl":"https:\/\/pmza.sk\/wp-content\/uploads\/2018\/03\/IMG_7382.jpg","datePublished":"2018-03-08T10:06:26+00:00","breadcrumb":{"@id":"https:\/\/pmza.sk\/?p=25249#breadcrumb"},"inLanguage":"sk-SK","potentialAction":[{"@type":"ReadAction","target":["https:\/\/pmza.sk\/?p=25249"]}]},{"@type":"ImageObject","inLanguage":"sk-SK","@id":"https:\/\/pmza.sk\/?p=25249#primaryimage","url":"https:\/\/pmza.sk\/wp-content\/uploads\/2018\/03\/IMG_7382.jpg","contentUrl":"https:\/\/pmza.sk\/wp-content\/uploads\/2018\/03\/IMG_7382.jpg","width":1024,"height":688},{"@type":"BreadcrumbList","@id":"https:\/\/pmza.sk\/?p=25249#breadcrumb","itemListElement":[{"@type":"ListItem","position":1,"name":"Domovsk\u00e1 str\u00e1nka","item":"https:\/\/pmza.sk\/"},{"@type":"ListItem","position":2,"name":"Fotogal\u00e9ria: De\u0148 otvoren\u00fdch dver\u00ed odbornej kni\u017enice"}]},{"@type":"WebSite","@id":"https:\/\/pmza.sk\/#website","url":"https:\/\/pmza.sk\/","name":"Pova\u017esk\u00e9 m\u00fazeum","description":"Pova\u017esk\u00e9 m\u00fazeum v \u017diline je region\u00e1lne m\u00fazeum so s\u00eddlom v Budat\u00edne. Jeho expoz\u00edcie s\u00fa zameran\u00e9 na dejiny slovensk\u00e9ho umenia, kult\u00fary a dopravy.","publisher":{"@id":"https:\/\/pmza.sk\/#organization"},"potentialAction":[{"@type":"SearchAction","target":{"@type":"EntryPoint","urlTemplate":"https:\/\/pmza.sk\/?s={search_term_string}"},"query-input":{"@type":"PropertyValueSpecification","valueRequired":true,"valueName":"search_term_string"}}],"inLanguage":"sk-SK"},{"@type":"Organization","@id":"https:\/\/pmza.sk\/#organization","name":"Pova\u017esk\u00e9 m\u00fazeum","url":"https:\/\/pmza.sk\/","logo":{"@type":"ImageObject","inLanguage":"sk-SK","@id":"https:\/\/pmza.sk\/#\/schema\/logo\/image\/","url":"https:\/\/pmza.sk\/wp-content\/uploads\/2022\/01\/logo_PM_horizontal.jpg","contentUrl":"https:\/\/pmza.sk\/wp-content\/uploads\/2022\/01\/logo_PM_horizontal.jpg","width":231,"height":142,"caption":"Pova\u017esk\u00e9 m\u00fazeum"},"image":{"@id":"https:\/\/pmza.sk\/#\/schema\/logo\/image\/"},"sameAs":["https:\/\/www.facebook.com\/povazskemuzeum","https:\/\/www.instagram.com\/povazskemuzeum\/"]},{"@type":"Person","@id":"https:\/\/pmza.sk\/#\/schema\/person\/595e6a2ce731ea94dcd5d7f50a41ae33","name":"Pova\u017esk\u00e9 m\u00fazeum","image":{"@type":"ImageObject","inLanguage":"sk-SK","@id":"https:\/\/secure.gravatar.com\/avatar\/2bb7f1561282132fb5826dfeccc66c7996d11ee392ac6aaf7ced8a1c2027fbb2?s=96&d=mm&r=g","url":"https:\/\/secure.gravatar.com\/avatar\/2bb7f1561282132fb5826dfeccc66c7996d11ee392ac6aaf7ced8a1c2027fbb2?s=96&d=mm&r=g","contentUrl":"https:\/\/secure.gravatar.com\/avatar\/2bb7f1561282132fb5826dfeccc66c7996d11ee392ac6aaf7ced8a1c2027fbb2?s=96&d=mm&r=g","caption":"Pova\u017esk\u00e9 m\u00fazeum"}}]}},"_links":{"self":[{"href":"https:\/\/pmza.sk\/index.php?rest_route=\/wp\/v2\/posts\/25249","targetHints":{"allow":["GET"]}}],"collection":[{"href":"https:\/\/pmza.sk\/index.php?rest_route=\/wp\/v2\/posts"}],"about":[{"href":"https:\/\/pmza.sk\/index.php?rest_route=\/wp\/v2\/types\/post"}],"author":[{"embeddable":true,"href":"https:\/\/pmza.sk\/index.php?rest_route=\/wp\/v2\/users\/2"}],"replies":[{"embeddable":true,"href":"https:\/\/pmza.sk\/index.php?rest_route=%2Fwp%2Fv2%2Fcomments&post=25249"}],"version-history":[{"count":0,"href":"https:\/\/pmza.sk\/index.php?rest_route=\/wp\/v2\/posts\/25249\/revisions"}],"wp:featuredmedia":[{"embeddable":true,"href":"https:\/\/pmza.sk\/index.php?rest_route=\/wp\/v2\/media\/25244"}],"wp:attachment":[{"href":"https:\/\/pmza.sk\/index.php?rest_route=%2Fwp%2Fv2%2Fmedia&parent=25249"}],"wp:term":[{"taxonomy":"category","embeddable":true,"href":"https:\/\/pmza.sk\/index.php?rest_route=%2Fwp%2Fv2%2Fcategories&post=25249"},{"taxonomy":"post_tag","embeddable":true,"href":"https:\/\/pmza.sk\/index.php?rest_route=%2Fwp%2Fv2%2Ftags&post=25249"}],"curies":[{"name":"wp","href":"https:\/\/api.w.org\/{rel}","templated":true}]}}