{"id":25328,"date":"2018-03-14T09:19:44","date_gmt":"2018-03-14T08:19:44","guid":{"rendered":"https:\/\/pmza.sk\/?p=25328"},"modified":"2018-03-14T09:19:44","modified_gmt":"2018-03-14T08:19:44","slug":"na-hrad-strecno-uz-v-marci","status":"publish","type":"post","link":"https:\/\/pmza.sk\/?p=25328","title":{"rendered":"Na hrad Stre\u010dno u\u017e v marci"},"content":{"rendered":"<p>Br\u00e1ny hradu Stre\u010dno otvor\u00ed Pova\u017esk\u00e9 m\u00fazeum v \u017diline u\u017e po\u010das marcov\u00fdch v\u00edkendov (17. &#8211; 18. 3., 24. &#8211; 25. 3.), po\u010das Ve\u013ekej noci m\u00f4\u017eete hrad nav\u0161t\u00edvi\u0165 dokonca od Ve\u013ek\u00e9ho piatku a\u017e po Ve\u013ekono\u010dn\u00fd pondelok. Od apr\u00edla m\u00f4\u017eete do hradu vst\u00fapi\u0165 denne, od pondelka do nedele, v \u010dase od 9.00 do 17.00 hodiny.<\/p>\n<p><em>\u201eSl\u00e1vnostn\u00e9 otvorenie hradu sme napl\u00e1novali na nede\u013eu 29. apr\u00edla, kedy bud\u00fa m\u00f4c\u0165 na\u0161i n\u00e1v\u0161tevn\u00edci pre\u017ei\u0165 de\u0148 so \u017dofiou Bosniakovou, najzn\u00e1mej\u0161ou obyvate\u013ekou hradu. Pripravili sme nov\u00fa formu sprev\u00e1dzania, ktor\u00fa, ak sa bude n\u00e1v\u0161tevn\u00edkom p\u00e1\u010di\u0165, budeme aplikova\u0165 po\u010das sez\u00f3ny aj v\u00a0\u010fal\u0161\u00edch vybran\u00fdch term\u00ednoch,\u201c <\/em>doplnila Katar\u00edna Rep\u00e1\u0148ov\u00e1, spr\u00e1vky\u0148a hradu Stre\u010dno.<\/p>\n<p><a href=\"https:\/\/pmza.sk\/wp-content\/uploads\/2018\/03\/detail-z-in\u0161tal\u00e1cie-v\u00fdstavy-\u017divot-v-oblakoch.jpg\"><img decoding=\"async\" class=\"alignleft  wp-image-25331\" src=\"https:\/\/pmza.sk\/wp-content\/uploads\/2018\/03\/detail-z-in\u0161tal\u00e1cie-v\u00fdstavy-\u017divot-v-oblakoch-84x150.jpg\" alt=\"\" width=\"71\" height=\"127\" \/><\/a>N\u00e1v\u0161tevn\u00edkom aktu\u00e1lne pon\u00fakame ako s\u00fa\u010das\u0165 prehliadky hradu jedine\u010dn\u00fa trojrozmern\u00fa v\u00fdstavu \u201e\u017divot v oblakoch \u2013 vysokohorsk\u00e9 \u017eivo\u010d\u00edchy\u201c, ktor\u00fa pripravili\u00a0zool\u00f3g Ladislav Hl\u00f4\u0161ka z\u00a0Pova\u017esk\u00e9ho m\u00fazea v\u00a0\u017diline a\u00a0ornitol\u00f3g a\u00a0ekol\u00f3g Miroslav Saniga z\u00a0\u00dastavu ekol\u00f3gie lesa SAV vo Zvolene. V\u00fdstava p\u00fatavou formou pon\u00fakne fascinuj\u00faci poh\u013ead na \u017eivot vysokohorsk\u00fdch \u017eivo\u010d\u00edchov v\u00a0ich prirodzenom prostred\u00ed.<\/p>\n<h4>\u00a0<\/h4>\n<h4>Hrad Stre\u010dno otvoren\u00fd:<\/h4>\n<p><strong>17. &#8211; 18. 3.<\/strong>\u00a0(9.00 &#8211; 15.00)<br \/><strong>24. &#8211; 25. 3.<\/strong>\u00a0(9.00 &#8211; 15.00)<br \/><strong>30. 3. &#8211; 31. 3.<\/strong>\u00a0(9.00 &#8211; 15.00)<br \/><strong>1. 4. &#8211; 30. 10.\u00a0<\/strong>(9.00 &#8211; 17.00)<br \/><strong>3. &#8211; 4. 11.<\/strong>\u00a0(9.00 &#8211; 15.00)<br \/><strong>10. &#8211; 11. 4.\u00a0<\/strong>(9.00 &#8211; 15.00)<br \/><strong>17. &#8211; 18. 11.\u00a0<\/strong>(9.00 &#8211; 15.00)<br \/><strong>24. &#8211; 25. 11.\u00a0<\/strong>(9.00 &#8211; 15.00)<\/p>\n<p>Posledn\u00fd vstup je v rovnak\u00fd \u010das, ako je \u010das zatvorenia pokladne.<\/p>\n","protected":false},"excerpt":{"rendered":"<p>Br\u00e1ny hradu Stre\u010dno otvor\u00ed Pova\u017esk\u00e9 m\u00fazeum v \u017diline u\u017e po\u010das marcov\u00fdch v\u00edkendov (17. &#8211; 18. 3., 24. &#8211; 25. 3.), po\u010das Ve\u013ekej noci m\u00f4\u017eete hrad nav\u0161t\u00edvi\u0165 dokonca od Ve\u013ek\u00e9ho piatku a\u017e po Ve\u013ekono\u010dn\u00fd pondelok. Od apr\u00edla m\u00f4\u017eete do hradu vst\u00fapi\u0165 denne, od pondelka do nedele, v \u010dase od 9.00 do 17.00 hodiny. \u201eSl\u00e1vnostn\u00e9 otvorenie hradu [&hellip;]<\/p>\n","protected":false},"author":2,"featured_media":25330,"comment_status":"closed","ping_status":"closed","sticky":false,"template":"","format":"standard","meta":{"site-sidebar-layout":"default","site-content-layout":"","ast-site-content-layout":"","site-content-style":"default","site-sidebar-style":"default","ast-global-header-display":"","ast-banner-title-visibility":"","ast-main-header-display":"","ast-hfb-above-header-display":"","ast-hfb-below-header-display":"","ast-hfb-mobile-header-display":"","site-post-title":"","ast-breadcrumbs-content":"","ast-featured-img":"","footer-sml-layout":"","theme-transparent-header-meta":"","adv-header-id-meta":"","stick-header-meta":"","header-above-stick-meta":"","header-main-stick-meta":"","header-below-stick-meta":"","astra-migrate-meta-layouts":"default","ast-page-background-enabled":"default","ast-page-background-meta":{"desktop":{"background-color":"var(--ast-global-color-4)","background-image":"","background-repeat":"repeat","background-position":"center center","background-size":"auto","background-attachment":"scroll","background-type":"","background-media":"","overlay-type":"","overlay-color":"","overlay-opacity":"","overlay-gradient":""},"tablet":{"background-color":"","background-image":"","background-repeat":"repeat","background-position":"center center","background-size":"auto","background-attachment":"scroll","background-type":"","background-media":"","overlay-type":"","overlay-color":"","overlay-opacity":"","overlay-gradient":""},"mobile":{"background-color":"","background-image":"","background-repeat":"repeat","background-position":"center center","background-size":"auto","background-attachment":"scroll","background-type":"","background-media":"","overlay-type":"","overlay-color":"","overlay-opacity":"","overlay-gradient":""}},"ast-content-background-meta":{"desktop":{"background-color":"var(--ast-global-color-5)","background-image":"","background-repeat":"repeat","background-position":"center center","background-size":"auto","background-attachment":"scroll","background-type":"","background-media":"","overlay-type":"","overlay-color":"","overlay-opacity":"","overlay-gradient":""},"tablet":{"background-color":"var(--ast-global-color-5)","background-image":"","background-repeat":"repeat","background-position":"center center","background-size":"auto","background-attachment":"scroll","background-type":"","background-media":"","overlay-type":"","overlay-color":"","overlay-opacity":"","overlay-gradient":""},"mobile":{"background-color":"var(--ast-global-color-5)","background-image":"","background-repeat":"repeat","background-position":"center center","background-size":"auto","background-attachment":"scroll","background-type":"","background-media":"","overlay-type":"","overlay-color":"","overlay-opacity":"","overlay-gradient":""}},"footnotes":""},"categories":[31],"tags":[],"class_list":["post-25328","post","type-post","status-publish","format-standard","has-post-thumbnail","hentry","category-aktuality"],"yoast_head":"<!-- This site is optimized with the Yoast SEO plugin v27.4 - https:\/\/yoast.com\/product\/yoast-seo-wordpress\/ -->\n<title>Na hrad Stre\u010dno u\u017e v marci - Pova\u017esk\u00e9 m\u00fazeum<\/title>\n<meta name=\"robots\" content=\"index, follow, max-snippet:-1, max-image-preview:large, max-video-preview:-1\" \/>\n<link rel=\"canonical\" href=\"https:\/\/pmza.sk\/?p=25328\" \/>\n<meta property=\"og:locale\" content=\"sk_SK\" \/>\n<meta property=\"og:type\" content=\"article\" \/>\n<meta property=\"og:title\" content=\"Na hrad Stre\u010dno u\u017e v marci - Pova\u017esk\u00e9 m\u00fazeum\" \/>\n<meta property=\"og:description\" content=\"Br\u00e1ny hradu Stre\u010dno otvor\u00ed Pova\u017esk\u00e9 m\u00fazeum v \u017diline u\u017e po\u010das marcov\u00fdch v\u00edkendov (17. &#8211; 18. 3., 24. &#8211; 25. 3.), po\u010das Ve\u013ekej noci m\u00f4\u017eete hrad nav\u0161t\u00edvi\u0165 dokonca od Ve\u013ek\u00e9ho piatku a\u017e po Ve\u013ekono\u010dn\u00fd pondelok. Od apr\u00edla m\u00f4\u017eete do hradu vst\u00fapi\u0165 denne, od pondelka do nedele, v \u010dase od 9.00 do 17.00 hodiny. \u201eSl\u00e1vnostn\u00e9 otvorenie hradu [&hellip;]\" \/>\n<meta property=\"og:url\" content=\"https:\/\/pmza.sk\/?p=25328\" \/>\n<meta property=\"og:site_name\" content=\"Pova\u017esk\u00e9 m\u00fazeum\" \/>\n<meta property=\"article:publisher\" content=\"https:\/\/www.facebook.com\/povazskemuzeum\" \/>\n<meta property=\"article:published_time\" content=\"2018-03-14T08:19:44+00:00\" \/>\n<meta property=\"og:image\" content=\"https:\/\/pmza.sk\/wp-content\/uploads\/2018\/03\/IMG_0802-hrad-na-web.jpg\" \/>\n\t<meta property=\"og:image:width\" content=\"1024\" \/>\n\t<meta property=\"og:image:height\" content=\"683\" \/>\n\t<meta property=\"og:image:type\" content=\"image\/jpeg\" \/>\n<meta name=\"author\" content=\"Pova\u017esk\u00e9 m\u00fazeum\" \/>\n<meta name=\"twitter:card\" content=\"summary_large_image\" \/>\n<meta name=\"twitter:label1\" content=\"Autor\" \/>\n\t<meta name=\"twitter:data1\" content=\"Pova\u017esk\u00e9 m\u00fazeum\" \/>\n\t<meta name=\"twitter:label2\" content=\"Predpokladan\u00fd \u010das \u010d\u00edtania\" \/>\n\t<meta name=\"twitter:data2\" content=\"1 min\u00fata\" \/>\n<script type=\"application\/ld+json\" class=\"yoast-schema-graph\">{\"@context\":\"https:\\\/\\\/schema.org\",\"@graph\":[{\"@type\":\"Article\",\"@id\":\"https:\\\/\\\/pmza.sk\\\/?p=25328#article\",\"isPartOf\":{\"@id\":\"https:\\\/\\\/pmza.sk\\\/?p=25328\"},\"author\":{\"name\":\"Pova\u017esk\u00e9 m\u00fazeum\",\"@id\":\"https:\\\/\\\/pmza.sk\\\/#\\\/schema\\\/person\\\/595e6a2ce731ea94dcd5d7f50a41ae33\"},\"headline\":\"Na hrad Stre\u010dno u\u017e v marci\",\"datePublished\":\"2018-03-14T08:19:44+00:00\",\"mainEntityOfPage\":{\"@id\":\"https:\\\/\\\/pmza.sk\\\/?p=25328\"},\"wordCount\":252,\"publisher\":{\"@id\":\"https:\\\/\\\/pmza.sk\\\/#organization\"},\"image\":{\"@id\":\"https:\\\/\\\/pmza.sk\\\/?p=25328#primaryimage\"},\"thumbnailUrl\":\"https:\\\/\\\/pmza.sk\\\/wp-content\\\/uploads\\\/2018\\\/03\\\/IMG_0802-hrad-na-web.jpg\",\"articleSection\":[\"Aktuality\"],\"inLanguage\":\"sk-SK\"},{\"@type\":\"WebPage\",\"@id\":\"https:\\\/\\\/pmza.sk\\\/?p=25328\",\"url\":\"https:\\\/\\\/pmza.sk\\\/?p=25328\",\"name\":\"Na hrad Stre\u010dno u\u017e v marci - Pova\u017esk\u00e9 m\u00fazeum\",\"isPartOf\":{\"@id\":\"https:\\\/\\\/pmza.sk\\\/#website\"},\"primaryImageOfPage\":{\"@id\":\"https:\\\/\\\/pmza.sk\\\/?p=25328#primaryimage\"},\"image\":{\"@id\":\"https:\\\/\\\/pmza.sk\\\/?p=25328#primaryimage\"},\"thumbnailUrl\":\"https:\\\/\\\/pmza.sk\\\/wp-content\\\/uploads\\\/2018\\\/03\\\/IMG_0802-hrad-na-web.jpg\",\"datePublished\":\"2018-03-14T08:19:44+00:00\",\"breadcrumb\":{\"@id\":\"https:\\\/\\\/pmza.sk\\\/?p=25328#breadcrumb\"},\"inLanguage\":\"sk-SK\",\"potentialAction\":[{\"@type\":\"ReadAction\",\"target\":[\"https:\\\/\\\/pmza.sk\\\/?p=25328\"]}]},{\"@type\":\"ImageObject\",\"inLanguage\":\"sk-SK\",\"@id\":\"https:\\\/\\\/pmza.sk\\\/?p=25328#primaryimage\",\"url\":\"https:\\\/\\\/pmza.sk\\\/wp-content\\\/uploads\\\/2018\\\/03\\\/IMG_0802-hrad-na-web.jpg\",\"contentUrl\":\"https:\\\/\\\/pmza.sk\\\/wp-content\\\/uploads\\\/2018\\\/03\\\/IMG_0802-hrad-na-web.jpg\",\"width\":1024,\"height\":683},{\"@type\":\"BreadcrumbList\",\"@id\":\"https:\\\/\\\/pmza.sk\\\/?p=25328#breadcrumb\",\"itemListElement\":[{\"@type\":\"ListItem\",\"position\":1,\"name\":\"Domovsk\u00e1 str\u00e1nka\",\"item\":\"https:\\\/\\\/pmza.sk\\\/\"},{\"@type\":\"ListItem\",\"position\":2,\"name\":\"Na hrad Stre\u010dno u\u017e v marci\"}]},{\"@type\":\"WebSite\",\"@id\":\"https:\\\/\\\/pmza.sk\\\/#website\",\"url\":\"https:\\\/\\\/pmza.sk\\\/\",\"name\":\"Pova\u017esk\u00e9 m\u00fazeum\",\"description\":\"Pova\u017esk\u00e9 m\u00fazeum v \u017diline je region\u00e1lne m\u00fazeum so s\u00eddlom v Budat\u00edne. Jeho expoz\u00edcie s\u00fa zameran\u00e9 na dejiny slovensk\u00e9ho umenia, kult\u00fary a dopravy.\",\"publisher\":{\"@id\":\"https:\\\/\\\/pmza.sk\\\/#organization\"},\"potentialAction\":[{\"@type\":\"SearchAction\",\"target\":{\"@type\":\"EntryPoint\",\"urlTemplate\":\"https:\\\/\\\/pmza.sk\\\/?s={search_term_string}\"},\"query-input\":{\"@type\":\"PropertyValueSpecification\",\"valueRequired\":true,\"valueName\":\"search_term_string\"}}],\"inLanguage\":\"sk-SK\"},{\"@type\":\"Organization\",\"@id\":\"https:\\\/\\\/pmza.sk\\\/#organization\",\"name\":\"Pova\u017esk\u00e9 m\u00fazeum\",\"url\":\"https:\\\/\\\/pmza.sk\\\/\",\"logo\":{\"@type\":\"ImageObject\",\"inLanguage\":\"sk-SK\",\"@id\":\"https:\\\/\\\/pmza.sk\\\/#\\\/schema\\\/logo\\\/image\\\/\",\"url\":\"https:\\\/\\\/pmza.sk\\\/wp-content\\\/uploads\\\/2022\\\/01\\\/logo_PM_horizontal.jpg\",\"contentUrl\":\"https:\\\/\\\/pmza.sk\\\/wp-content\\\/uploads\\\/2022\\\/01\\\/logo_PM_horizontal.jpg\",\"width\":231,\"height\":142,\"caption\":\"Pova\u017esk\u00e9 m\u00fazeum\"},\"image\":{\"@id\":\"https:\\\/\\\/pmza.sk\\\/#\\\/schema\\\/logo\\\/image\\\/\"},\"sameAs\":[\"https:\\\/\\\/www.facebook.com\\\/povazskemuzeum\",\"https:\\\/\\\/www.instagram.com\\\/povazskemuzeum\\\/\"]},{\"@type\":\"Person\",\"@id\":\"https:\\\/\\\/pmza.sk\\\/#\\\/schema\\\/person\\\/595e6a2ce731ea94dcd5d7f50a41ae33\",\"name\":\"Pova\u017esk\u00e9 m\u00fazeum\",\"image\":{\"@type\":\"ImageObject\",\"inLanguage\":\"sk-SK\",\"@id\":\"https:\\\/\\\/secure.gravatar.com\\\/avatar\\\/2bb7f1561282132fb5826dfeccc66c7996d11ee392ac6aaf7ced8a1c2027fbb2?s=96&d=mm&r=g\",\"url\":\"https:\\\/\\\/secure.gravatar.com\\\/avatar\\\/2bb7f1561282132fb5826dfeccc66c7996d11ee392ac6aaf7ced8a1c2027fbb2?s=96&d=mm&r=g\",\"contentUrl\":\"https:\\\/\\\/secure.gravatar.com\\\/avatar\\\/2bb7f1561282132fb5826dfeccc66c7996d11ee392ac6aaf7ced8a1c2027fbb2?s=96&d=mm&r=g\",\"caption\":\"Pova\u017esk\u00e9 m\u00fazeum\"}}]}<\/script>\n<!-- \/ Yoast SEO plugin. -->","yoast_head_json":{"title":"Na hrad Stre\u010dno u\u017e v marci - Pova\u017esk\u00e9 m\u00fazeum","robots":{"index":"index","follow":"follow","max-snippet":"max-snippet:-1","max-image-preview":"max-image-preview:large","max-video-preview":"max-video-preview:-1"},"canonical":"https:\/\/pmza.sk\/?p=25328","og_locale":"sk_SK","og_type":"article","og_title":"Na hrad Stre\u010dno u\u017e v marci - Pova\u017esk\u00e9 m\u00fazeum","og_description":"Br\u00e1ny hradu Stre\u010dno otvor\u00ed Pova\u017esk\u00e9 m\u00fazeum v \u017diline u\u017e po\u010das marcov\u00fdch v\u00edkendov (17. &#8211; 18. 3., 24. &#8211; 25. 3.), po\u010das Ve\u013ekej noci m\u00f4\u017eete hrad nav\u0161t\u00edvi\u0165 dokonca od Ve\u013ek\u00e9ho piatku a\u017e po Ve\u013ekono\u010dn\u00fd pondelok. Od apr\u00edla m\u00f4\u017eete do hradu vst\u00fapi\u0165 denne, od pondelka do nedele, v \u010dase od 9.00 do 17.00 hodiny. \u201eSl\u00e1vnostn\u00e9 otvorenie hradu [&hellip;]","og_url":"https:\/\/pmza.sk\/?p=25328","og_site_name":"Pova\u017esk\u00e9 m\u00fazeum","article_publisher":"https:\/\/www.facebook.com\/povazskemuzeum","article_published_time":"2018-03-14T08:19:44+00:00","og_image":[{"width":1024,"height":683,"url":"https:\/\/pmza.sk\/wp-content\/uploads\/2018\/03\/IMG_0802-hrad-na-web.jpg","type":"image\/jpeg"}],"author":"Pova\u017esk\u00e9 m\u00fazeum","twitter_card":"summary_large_image","twitter_misc":{"Autor":"Pova\u017esk\u00e9 m\u00fazeum","Predpokladan\u00fd \u010das \u010d\u00edtania":"1 min\u00fata"},"schema":{"@context":"https:\/\/schema.org","@graph":[{"@type":"Article","@id":"https:\/\/pmza.sk\/?p=25328#article","isPartOf":{"@id":"https:\/\/pmza.sk\/?p=25328"},"author":{"name":"Pova\u017esk\u00e9 m\u00fazeum","@id":"https:\/\/pmza.sk\/#\/schema\/person\/595e6a2ce731ea94dcd5d7f50a41ae33"},"headline":"Na hrad Stre\u010dno u\u017e v marci","datePublished":"2018-03-14T08:19:44+00:00","mainEntityOfPage":{"@id":"https:\/\/pmza.sk\/?p=25328"},"wordCount":252,"publisher":{"@id":"https:\/\/pmza.sk\/#organization"},"image":{"@id":"https:\/\/pmza.sk\/?p=25328#primaryimage"},"thumbnailUrl":"https:\/\/pmza.sk\/wp-content\/uploads\/2018\/03\/IMG_0802-hrad-na-web.jpg","articleSection":["Aktuality"],"inLanguage":"sk-SK"},{"@type":"WebPage","@id":"https:\/\/pmza.sk\/?p=25328","url":"https:\/\/pmza.sk\/?p=25328","name":"Na hrad Stre\u010dno u\u017e v marci - Pova\u017esk\u00e9 m\u00fazeum","isPartOf":{"@id":"https:\/\/pmza.sk\/#website"},"primaryImageOfPage":{"@id":"https:\/\/pmza.sk\/?p=25328#primaryimage"},"image":{"@id":"https:\/\/pmza.sk\/?p=25328#primaryimage"},"thumbnailUrl":"https:\/\/pmza.sk\/wp-content\/uploads\/2018\/03\/IMG_0802-hrad-na-web.jpg","datePublished":"2018-03-14T08:19:44+00:00","breadcrumb":{"@id":"https:\/\/pmza.sk\/?p=25328#breadcrumb"},"inLanguage":"sk-SK","potentialAction":[{"@type":"ReadAction","target":["https:\/\/pmza.sk\/?p=25328"]}]},{"@type":"ImageObject","inLanguage":"sk-SK","@id":"https:\/\/pmza.sk\/?p=25328#primaryimage","url":"https:\/\/pmza.sk\/wp-content\/uploads\/2018\/03\/IMG_0802-hrad-na-web.jpg","contentUrl":"https:\/\/pmza.sk\/wp-content\/uploads\/2018\/03\/IMG_0802-hrad-na-web.jpg","width":1024,"height":683},{"@type":"BreadcrumbList","@id":"https:\/\/pmza.sk\/?p=25328#breadcrumb","itemListElement":[{"@type":"ListItem","position":1,"name":"Domovsk\u00e1 str\u00e1nka","item":"https:\/\/pmza.sk\/"},{"@type":"ListItem","position":2,"name":"Na hrad Stre\u010dno u\u017e v marci"}]},{"@type":"WebSite","@id":"https:\/\/pmza.sk\/#website","url":"https:\/\/pmza.sk\/","name":"Pova\u017esk\u00e9 m\u00fazeum","description":"Pova\u017esk\u00e9 m\u00fazeum v \u017diline je region\u00e1lne m\u00fazeum so s\u00eddlom v Budat\u00edne. Jeho expoz\u00edcie s\u00fa zameran\u00e9 na dejiny slovensk\u00e9ho umenia, kult\u00fary a dopravy.","publisher":{"@id":"https:\/\/pmza.sk\/#organization"},"potentialAction":[{"@type":"SearchAction","target":{"@type":"EntryPoint","urlTemplate":"https:\/\/pmza.sk\/?s={search_term_string}"},"query-input":{"@type":"PropertyValueSpecification","valueRequired":true,"valueName":"search_term_string"}}],"inLanguage":"sk-SK"},{"@type":"Organization","@id":"https:\/\/pmza.sk\/#organization","name":"Pova\u017esk\u00e9 m\u00fazeum","url":"https:\/\/pmza.sk\/","logo":{"@type":"ImageObject","inLanguage":"sk-SK","@id":"https:\/\/pmza.sk\/#\/schema\/logo\/image\/","url":"https:\/\/pmza.sk\/wp-content\/uploads\/2022\/01\/logo_PM_horizontal.jpg","contentUrl":"https:\/\/pmza.sk\/wp-content\/uploads\/2022\/01\/logo_PM_horizontal.jpg","width":231,"height":142,"caption":"Pova\u017esk\u00e9 m\u00fazeum"},"image":{"@id":"https:\/\/pmza.sk\/#\/schema\/logo\/image\/"},"sameAs":["https:\/\/www.facebook.com\/povazskemuzeum","https:\/\/www.instagram.com\/povazskemuzeum\/"]},{"@type":"Person","@id":"https:\/\/pmza.sk\/#\/schema\/person\/595e6a2ce731ea94dcd5d7f50a41ae33","name":"Pova\u017esk\u00e9 m\u00fazeum","image":{"@type":"ImageObject","inLanguage":"sk-SK","@id":"https:\/\/secure.gravatar.com\/avatar\/2bb7f1561282132fb5826dfeccc66c7996d11ee392ac6aaf7ced8a1c2027fbb2?s=96&d=mm&r=g","url":"https:\/\/secure.gravatar.com\/avatar\/2bb7f1561282132fb5826dfeccc66c7996d11ee392ac6aaf7ced8a1c2027fbb2?s=96&d=mm&r=g","contentUrl":"https:\/\/secure.gravatar.com\/avatar\/2bb7f1561282132fb5826dfeccc66c7996d11ee392ac6aaf7ced8a1c2027fbb2?s=96&d=mm&r=g","caption":"Pova\u017esk\u00e9 m\u00fazeum"}}]}},"_links":{"self":[{"href":"https:\/\/pmza.sk\/index.php?rest_route=\/wp\/v2\/posts\/25328","targetHints":{"allow":["GET"]}}],"collection":[{"href":"https:\/\/pmza.sk\/index.php?rest_route=\/wp\/v2\/posts"}],"about":[{"href":"https:\/\/pmza.sk\/index.php?rest_route=\/wp\/v2\/types\/post"}],"author":[{"embeddable":true,"href":"https:\/\/pmza.sk\/index.php?rest_route=\/wp\/v2\/users\/2"}],"replies":[{"embeddable":true,"href":"https:\/\/pmza.sk\/index.php?rest_route=%2Fwp%2Fv2%2Fcomments&post=25328"}],"version-history":[{"count":0,"href":"https:\/\/pmza.sk\/index.php?rest_route=\/wp\/v2\/posts\/25328\/revisions"}],"wp:featuredmedia":[{"embeddable":true,"href":"https:\/\/pmza.sk\/index.php?rest_route=\/wp\/v2\/media\/25330"}],"wp:attachment":[{"href":"https:\/\/pmza.sk\/index.php?rest_route=%2Fwp%2Fv2%2Fmedia&parent=25328"}],"wp:term":[{"taxonomy":"category","embeddable":true,"href":"https:\/\/pmza.sk\/index.php?rest_route=%2Fwp%2Fv2%2Fcategories&post=25328"},{"taxonomy":"post_tag","embeddable":true,"href":"https:\/\/pmza.sk\/index.php?rest_route=%2Fwp%2Fv2%2Ftags&post=25328"}],"curies":[{"name":"wp","href":"https:\/\/api.w.org\/{rel}","templated":true}]}}