{"id":25335,"date":"2018-03-21T09:25:05","date_gmt":"2018-03-21T08:25:05","guid":{"rendered":"https:\/\/pmza.sk\/?p=25335"},"modified":"2018-03-21T09:25:05","modified_gmt":"2018-03-21T08:25:05","slug":"vystava-zivot-v-oblakoch-vysokohorske-zivocichy","status":"publish","type":"post","link":"https:\/\/pmza.sk\/?p=25335","title":{"rendered":"V\u00fdstava: \u017divot v oblakoch \u2013 vysokohorsk\u00e9 \u017eivo\u010d\u00edchy"},"content":{"rendered":"<p>Pracovn\u00edci Pr\u00edrodovedeck\u00e9ho \u00faseku Pova\u017esk\u00e9ho m\u00fazea pre v\u00e1s pripravili v\u00a0Severnom pal\u00e1ci na hrade Stre\u010dno <a href=\"https:\/\/pmza.sk\/wp-content\/uploads\/2018\/03\/detail-z-in\u0161tal\u00e1cie-v\u00fdstavy-\u017divot-v-oblakoch.jpg\"><img decoding=\"async\" class=\"size-thumbnail wp-image-25331 alignright\" src=\"https:\/\/pmza.sk\/wp-content\/uploads\/2018\/03\/detail-z-in\u0161tal\u00e1cie-v\u00fdstavy-\u017divot-v-oblakoch-84x150.jpg\" alt=\"\" width=\"84\" height=\"150\" \/><\/a>trojrozmern\u00e9 dior\u00e1my, ktor\u00e9 realisticky pribli\u017euj\u00fa \u017eivot typick\u00fdch vysokohorsk\u00fdch \u017eivo\u010d\u00edchov vyskytuj\u00facich sa v\u00a0porastoch kosodreviny, na alp\u00ednskych l\u00fakach a\u00a0holiach, v\u00a0skal\u00e1ch, sutin\u00e1ch \u010di snehov\u00fdch v\u00fdle\u017eisk\u00e1ch. Vysokohorsk\u00e9 ekosyst\u00e9my Z\u00e1padn\u00fdch Karp\u00e1t siahaj\u00fa na \u00fazem\u00ed Slovenska a\u017e do nadmorskej v\u00fd\u0161ky 2\u00a0654,4 m n. m. Predstavuj\u00fa pestr\u00fa mozaiku biotopov, ktor\u00e9 si aj napriek st\u00e1ro\u010dn\u00e9mu vplyvu \u010dloveka zachovali svoj pr\u00edrodn\u00fd r\u00e1z. N\u00e1jdeme v\u00a0nich pestr\u00e9 rastlinn\u00e9 a\u00a0\u017eivo\u010d\u00ed\u0161ne spolo\u010denstv\u00e1, ktor\u00e9 sa dokonale prisp\u00f4sobili drsn\u00e9mu po\u010dasiu, kr\u00e1tkemu vegeta\u010dn\u00e9mu obdobiu, vysokej intenzite slne\u010dn\u00e9ho \u017eiarenia, siln\u00fdm vetrom, chladu a\u00a0vlhku, ako aj obmedzenej potravnej ponuke po\u010das dlhotrvaj\u00faceho zimn\u00e9ho obdobia.<\/p>\n<p><a href=\"https:\/\/pmza.sk\/wp-content\/uploads\/2018\/03\/Mur\u00e1rik-\u010dervenokr\u00eddly-1-k\u00f3pia.jpg\"><img decoding=\"async\" class=\"alignleft size-thumbnail wp-image-25333\" src=\"https:\/\/pmza.sk\/wp-content\/uploads\/2018\/03\/Mur\u00e1rik-\u010dervenokr\u00eddly-1-k\u00f3pia-150x102.jpg\" alt=\"\" width=\"150\" height=\"102\" \/><\/a>Autormi v\u00fdstavy s\u00fa zool\u00f3g Ladislav Hl\u00f4\u0161ka z\u00a0Pova\u017esk\u00e9ho m\u00fazea v\u00a0\u017diline a\u00a0ornitol\u00f3g a\u00a0ekol\u00f3g Miroslav Saniga z\u00a0\u00dastavu ekol\u00f3gie lesa SAV vo Zvolene. T\u00e1to jedine\u010dn\u00e1 v\u00fdstava bude spr\u00edstupnen\u00e1 verejnosti u\u017e v\u00a0sobotu, 17. marca 2018.<\/p>\n<p>&nbsp;<\/p>\n<p>&nbsp;<\/p>\n<p>&nbsp;<\/p>\n<p>&nbsp;<\/p>\n","protected":false},"excerpt":{"rendered":"<p>Pracovn\u00edci Pr\u00edrodovedeck\u00e9ho \u00faseku Pova\u017esk\u00e9ho m\u00fazea pre v\u00e1s pripravili v\u00a0Severnom pal\u00e1ci na hrade Stre\u010dno trojrozmern\u00e9 dior\u00e1my, ktor\u00e9 realisticky pribli\u017euj\u00fa \u017eivot typick\u00fdch vysokohorsk\u00fdch \u017eivo\u010d\u00edchov vyskytuj\u00facich sa v\u00a0porastoch kosodreviny, na alp\u00ednskych l\u00fakach a\u00a0holiach, v\u00a0skal\u00e1ch, sutin\u00e1ch \u010di snehov\u00fdch v\u00fdle\u017eisk\u00e1ch. Vysokohorsk\u00e9 ekosyst\u00e9my Z\u00e1padn\u00fdch Karp\u00e1t siahaj\u00fa na \u00fazem\u00ed Slovenska a\u017e do nadmorskej v\u00fd\u0161ky 2\u00a0654,4 m n. m. Predstavuj\u00fa pestr\u00fa mozaiku biotopov, [&hellip;]<\/p>\n","protected":false},"author":2,"featured_media":25347,"comment_status":"closed","ping_status":"closed","sticky":false,"template":"","format":"standard","meta":{"site-sidebar-layout":"default","site-content-layout":"","ast-site-content-layout":"","site-content-style":"default","site-sidebar-style":"default","ast-global-header-display":"","ast-banner-title-visibility":"","ast-main-header-display":"","ast-hfb-above-header-display":"","ast-hfb-below-header-display":"","ast-hfb-mobile-header-display":"","site-post-title":"","ast-breadcrumbs-content":"","ast-featured-img":"","footer-sml-layout":"","theme-transparent-header-meta":"","adv-header-id-meta":"","stick-header-meta":"","header-above-stick-meta":"","header-main-stick-meta":"","header-below-stick-meta":"","astra-migrate-meta-layouts":"default","ast-page-background-enabled":"default","ast-page-background-meta":{"desktop":{"background-color":"var(--ast-global-color-4)","background-image":"","background-repeat":"repeat","background-position":"center center","background-size":"auto","background-attachment":"scroll","background-type":"","background-media":"","overlay-type":"","overlay-color":"","overlay-opacity":"","overlay-gradient":""},"tablet":{"background-color":"","background-image":"","background-repeat":"repeat","background-position":"center center","background-size":"auto","background-attachment":"scroll","background-type":"","background-media":"","overlay-type":"","overlay-color":"","overlay-opacity":"","overlay-gradient":""},"mobile":{"background-color":"","background-image":"","background-repeat":"repeat","background-position":"center center","background-size":"auto","background-attachment":"scroll","background-type":"","background-media":"","overlay-type":"","overlay-color":"","overlay-opacity":"","overlay-gradient":""}},"ast-content-background-meta":{"desktop":{"background-color":"var(--ast-global-color-5)","background-image":"","background-repeat":"repeat","background-position":"center center","background-size":"auto","background-attachment":"scroll","background-type":"","background-media":"","overlay-type":"","overlay-color":"","overlay-opacity":"","overlay-gradient":""},"tablet":{"background-color":"var(--ast-global-color-5)","background-image":"","background-repeat":"repeat","background-position":"center center","background-size":"auto","background-attachment":"scroll","background-type":"","background-media":"","overlay-type":"","overlay-color":"","overlay-opacity":"","overlay-gradient":""},"mobile":{"background-color":"var(--ast-global-color-5)","background-image":"","background-repeat":"repeat","background-position":"center center","background-size":"auto","background-attachment":"scroll","background-type":"","background-media":"","overlay-type":"","overlay-color":"","overlay-opacity":"","overlay-gradient":""}},"footnotes":""},"categories":[1],"tags":[],"class_list":["post-25335","post","type-post","status-publish","format-standard","has-post-thumbnail","hentry","category-nezaradene"],"yoast_head":"<!-- This site is optimized with the Yoast SEO plugin v27.4 - https:\/\/yoast.com\/product\/yoast-seo-wordpress\/ -->\n<title>V\u00fdstava: \u017divot v oblakoch \u2013 vysokohorsk\u00e9 \u017eivo\u010d\u00edchy - Pova\u017esk\u00e9 m\u00fazeum<\/title>\n<meta name=\"robots\" content=\"index, follow, max-snippet:-1, max-image-preview:large, max-video-preview:-1\" \/>\n<link rel=\"canonical\" href=\"https:\/\/pmza.sk\/?p=25335\" \/>\n<meta property=\"og:locale\" content=\"sk_SK\" \/>\n<meta property=\"og:type\" content=\"article\" \/>\n<meta property=\"og:title\" content=\"V\u00fdstava: \u017divot v oblakoch \u2013 vysokohorsk\u00e9 \u017eivo\u010d\u00edchy - Pova\u017esk\u00e9 m\u00fazeum\" \/>\n<meta property=\"og:description\" content=\"Pracovn\u00edci Pr\u00edrodovedeck\u00e9ho \u00faseku Pova\u017esk\u00e9ho m\u00fazea pre v\u00e1s pripravili v\u00a0Severnom pal\u00e1ci na hrade Stre\u010dno trojrozmern\u00e9 dior\u00e1my, ktor\u00e9 realisticky pribli\u017euj\u00fa \u017eivot typick\u00fdch vysokohorsk\u00fdch \u017eivo\u010d\u00edchov vyskytuj\u00facich sa v\u00a0porastoch kosodreviny, na alp\u00ednskych l\u00fakach a\u00a0holiach, v\u00a0skal\u00e1ch, sutin\u00e1ch \u010di snehov\u00fdch v\u00fdle\u017eisk\u00e1ch. Vysokohorsk\u00e9 ekosyst\u00e9my Z\u00e1padn\u00fdch Karp\u00e1t siahaj\u00fa na \u00fazem\u00ed Slovenska a\u017e do nadmorskej v\u00fd\u0161ky 2\u00a0654,4 m n. m. Predstavuj\u00fa pestr\u00fa mozaiku biotopov, [&hellip;]\" \/>\n<meta property=\"og:url\" content=\"https:\/\/pmza.sk\/?p=25335\" \/>\n<meta property=\"og:site_name\" content=\"Pova\u017esk\u00e9 m\u00fazeum\" \/>\n<meta property=\"article:publisher\" content=\"https:\/\/www.facebook.com\/povazskemuzeum\" \/>\n<meta property=\"article:published_time\" content=\"2018-03-21T08:25:05+00:00\" \/>\n<meta property=\"og:image\" content=\"https:\/\/pmza.sk\/wp-content\/uploads\/2018\/03\/plagat.png\" \/>\n\t<meta property=\"og:image:width\" content=\"566\" \/>\n\t<meta property=\"og:image:height\" content=\"800\" \/>\n\t<meta property=\"og:image:type\" content=\"image\/png\" \/>\n<meta name=\"author\" content=\"Pova\u017esk\u00e9 m\u00fazeum\" \/>\n<meta name=\"twitter:card\" content=\"summary_large_image\" \/>\n<meta name=\"twitter:label1\" content=\"Autor\" \/>\n\t<meta name=\"twitter:data1\" content=\"Pova\u017esk\u00e9 m\u00fazeum\" \/>\n\t<meta name=\"twitter:label2\" content=\"Predpokladan\u00fd \u010das \u010d\u00edtania\" \/>\n\t<meta name=\"twitter:data2\" content=\"1 min\u00fata\" \/>\n<script type=\"application\/ld+json\" class=\"yoast-schema-graph\">{\"@context\":\"https:\\\/\\\/schema.org\",\"@graph\":[{\"@type\":\"Article\",\"@id\":\"https:\\\/\\\/pmza.sk\\\/?p=25335#article\",\"isPartOf\":{\"@id\":\"https:\\\/\\\/pmza.sk\\\/?p=25335\"},\"author\":{\"name\":\"Pova\u017esk\u00e9 m\u00fazeum\",\"@id\":\"https:\\\/\\\/pmza.sk\\\/#\\\/schema\\\/person\\\/595e6a2ce731ea94dcd5d7f50a41ae33\"},\"headline\":\"V\u00fdstava: \u017divot v oblakoch \u2013 vysokohorsk\u00e9 \u017eivo\u010d\u00edchy\",\"datePublished\":\"2018-03-21T08:25:05+00:00\",\"mainEntityOfPage\":{\"@id\":\"https:\\\/\\\/pmza.sk\\\/?p=25335\"},\"wordCount\":211,\"publisher\":{\"@id\":\"https:\\\/\\\/pmza.sk\\\/#organization\"},\"image\":{\"@id\":\"https:\\\/\\\/pmza.sk\\\/?p=25335#primaryimage\"},\"thumbnailUrl\":\"https:\\\/\\\/pmza.sk\\\/wp-content\\\/uploads\\\/2018\\\/03\\\/plagat.png\",\"inLanguage\":\"sk-SK\"},{\"@type\":\"WebPage\",\"@id\":\"https:\\\/\\\/pmza.sk\\\/?p=25335\",\"url\":\"https:\\\/\\\/pmza.sk\\\/?p=25335\",\"name\":\"V\u00fdstava: \u017divot v oblakoch \u2013 vysokohorsk\u00e9 \u017eivo\u010d\u00edchy - Pova\u017esk\u00e9 m\u00fazeum\",\"isPartOf\":{\"@id\":\"https:\\\/\\\/pmza.sk\\\/#website\"},\"primaryImageOfPage\":{\"@id\":\"https:\\\/\\\/pmza.sk\\\/?p=25335#primaryimage\"},\"image\":{\"@id\":\"https:\\\/\\\/pmza.sk\\\/?p=25335#primaryimage\"},\"thumbnailUrl\":\"https:\\\/\\\/pmza.sk\\\/wp-content\\\/uploads\\\/2018\\\/03\\\/plagat.png\",\"datePublished\":\"2018-03-21T08:25:05+00:00\",\"breadcrumb\":{\"@id\":\"https:\\\/\\\/pmza.sk\\\/?p=25335#breadcrumb\"},\"inLanguage\":\"sk-SK\",\"potentialAction\":[{\"@type\":\"ReadAction\",\"target\":[\"https:\\\/\\\/pmza.sk\\\/?p=25335\"]}]},{\"@type\":\"ImageObject\",\"inLanguage\":\"sk-SK\",\"@id\":\"https:\\\/\\\/pmza.sk\\\/?p=25335#primaryimage\",\"url\":\"https:\\\/\\\/pmza.sk\\\/wp-content\\\/uploads\\\/2018\\\/03\\\/plagat.png\",\"contentUrl\":\"https:\\\/\\\/pmza.sk\\\/wp-content\\\/uploads\\\/2018\\\/03\\\/plagat.png\",\"width\":566,\"height\":800},{\"@type\":\"BreadcrumbList\",\"@id\":\"https:\\\/\\\/pmza.sk\\\/?p=25335#breadcrumb\",\"itemListElement\":[{\"@type\":\"ListItem\",\"position\":1,\"name\":\"Domovsk\u00e1 str\u00e1nka\",\"item\":\"https:\\\/\\\/pmza.sk\\\/\"},{\"@type\":\"ListItem\",\"position\":2,\"name\":\"V\u00fdstava: \u017divot v oblakoch \u2013 vysokohorsk\u00e9 \u017eivo\u010d\u00edchy\"}]},{\"@type\":\"WebSite\",\"@id\":\"https:\\\/\\\/pmza.sk\\\/#website\",\"url\":\"https:\\\/\\\/pmza.sk\\\/\",\"name\":\"Pova\u017esk\u00e9 m\u00fazeum\",\"description\":\"Pova\u017esk\u00e9 m\u00fazeum v \u017diline je region\u00e1lne m\u00fazeum so s\u00eddlom v Budat\u00edne. Jeho expoz\u00edcie s\u00fa zameran\u00e9 na dejiny slovensk\u00e9ho umenia, kult\u00fary a dopravy.\",\"publisher\":{\"@id\":\"https:\\\/\\\/pmza.sk\\\/#organization\"},\"potentialAction\":[{\"@type\":\"SearchAction\",\"target\":{\"@type\":\"EntryPoint\",\"urlTemplate\":\"https:\\\/\\\/pmza.sk\\\/?s={search_term_string}\"},\"query-input\":{\"@type\":\"PropertyValueSpecification\",\"valueRequired\":true,\"valueName\":\"search_term_string\"}}],\"inLanguage\":\"sk-SK\"},{\"@type\":\"Organization\",\"@id\":\"https:\\\/\\\/pmza.sk\\\/#organization\",\"name\":\"Pova\u017esk\u00e9 m\u00fazeum\",\"url\":\"https:\\\/\\\/pmza.sk\\\/\",\"logo\":{\"@type\":\"ImageObject\",\"inLanguage\":\"sk-SK\",\"@id\":\"https:\\\/\\\/pmza.sk\\\/#\\\/schema\\\/logo\\\/image\\\/\",\"url\":\"https:\\\/\\\/pmza.sk\\\/wp-content\\\/uploads\\\/2022\\\/01\\\/logo_PM_horizontal.jpg\",\"contentUrl\":\"https:\\\/\\\/pmza.sk\\\/wp-content\\\/uploads\\\/2022\\\/01\\\/logo_PM_horizontal.jpg\",\"width\":231,\"height\":142,\"caption\":\"Pova\u017esk\u00e9 m\u00fazeum\"},\"image\":{\"@id\":\"https:\\\/\\\/pmza.sk\\\/#\\\/schema\\\/logo\\\/image\\\/\"},\"sameAs\":[\"https:\\\/\\\/www.facebook.com\\\/povazskemuzeum\",\"https:\\\/\\\/www.instagram.com\\\/povazskemuzeum\\\/\"]},{\"@type\":\"Person\",\"@id\":\"https:\\\/\\\/pmza.sk\\\/#\\\/schema\\\/person\\\/595e6a2ce731ea94dcd5d7f50a41ae33\",\"name\":\"Pova\u017esk\u00e9 m\u00fazeum\",\"image\":{\"@type\":\"ImageObject\",\"inLanguage\":\"sk-SK\",\"@id\":\"https:\\\/\\\/secure.gravatar.com\\\/avatar\\\/2bb7f1561282132fb5826dfeccc66c7996d11ee392ac6aaf7ced8a1c2027fbb2?s=96&d=mm&r=g\",\"url\":\"https:\\\/\\\/secure.gravatar.com\\\/avatar\\\/2bb7f1561282132fb5826dfeccc66c7996d11ee392ac6aaf7ced8a1c2027fbb2?s=96&d=mm&r=g\",\"contentUrl\":\"https:\\\/\\\/secure.gravatar.com\\\/avatar\\\/2bb7f1561282132fb5826dfeccc66c7996d11ee392ac6aaf7ced8a1c2027fbb2?s=96&d=mm&r=g\",\"caption\":\"Pova\u017esk\u00e9 m\u00fazeum\"}}]}<\/script>\n<!-- \/ Yoast SEO plugin. -->","yoast_head_json":{"title":"V\u00fdstava: \u017divot v oblakoch \u2013 vysokohorsk\u00e9 \u017eivo\u010d\u00edchy - Pova\u017esk\u00e9 m\u00fazeum","robots":{"index":"index","follow":"follow","max-snippet":"max-snippet:-1","max-image-preview":"max-image-preview:large","max-video-preview":"max-video-preview:-1"},"canonical":"https:\/\/pmza.sk\/?p=25335","og_locale":"sk_SK","og_type":"article","og_title":"V\u00fdstava: \u017divot v oblakoch \u2013 vysokohorsk\u00e9 \u017eivo\u010d\u00edchy - Pova\u017esk\u00e9 m\u00fazeum","og_description":"Pracovn\u00edci Pr\u00edrodovedeck\u00e9ho \u00faseku Pova\u017esk\u00e9ho m\u00fazea pre v\u00e1s pripravili v\u00a0Severnom pal\u00e1ci na hrade Stre\u010dno trojrozmern\u00e9 dior\u00e1my, ktor\u00e9 realisticky pribli\u017euj\u00fa \u017eivot typick\u00fdch vysokohorsk\u00fdch \u017eivo\u010d\u00edchov vyskytuj\u00facich sa v\u00a0porastoch kosodreviny, na alp\u00ednskych l\u00fakach a\u00a0holiach, v\u00a0skal\u00e1ch, sutin\u00e1ch \u010di snehov\u00fdch v\u00fdle\u017eisk\u00e1ch. Vysokohorsk\u00e9 ekosyst\u00e9my Z\u00e1padn\u00fdch Karp\u00e1t siahaj\u00fa na \u00fazem\u00ed Slovenska a\u017e do nadmorskej v\u00fd\u0161ky 2\u00a0654,4 m n. m. Predstavuj\u00fa pestr\u00fa mozaiku biotopov, [&hellip;]","og_url":"https:\/\/pmza.sk\/?p=25335","og_site_name":"Pova\u017esk\u00e9 m\u00fazeum","article_publisher":"https:\/\/www.facebook.com\/povazskemuzeum","article_published_time":"2018-03-21T08:25:05+00:00","og_image":[{"width":566,"height":800,"url":"https:\/\/pmza.sk\/wp-content\/uploads\/2018\/03\/plagat.png","type":"image\/png"}],"author":"Pova\u017esk\u00e9 m\u00fazeum","twitter_card":"summary_large_image","twitter_misc":{"Autor":"Pova\u017esk\u00e9 m\u00fazeum","Predpokladan\u00fd \u010das \u010d\u00edtania":"1 min\u00fata"},"schema":{"@context":"https:\/\/schema.org","@graph":[{"@type":"Article","@id":"https:\/\/pmza.sk\/?p=25335#article","isPartOf":{"@id":"https:\/\/pmza.sk\/?p=25335"},"author":{"name":"Pova\u017esk\u00e9 m\u00fazeum","@id":"https:\/\/pmza.sk\/#\/schema\/person\/595e6a2ce731ea94dcd5d7f50a41ae33"},"headline":"V\u00fdstava: \u017divot v oblakoch \u2013 vysokohorsk\u00e9 \u017eivo\u010d\u00edchy","datePublished":"2018-03-21T08:25:05+00:00","mainEntityOfPage":{"@id":"https:\/\/pmza.sk\/?p=25335"},"wordCount":211,"publisher":{"@id":"https:\/\/pmza.sk\/#organization"},"image":{"@id":"https:\/\/pmza.sk\/?p=25335#primaryimage"},"thumbnailUrl":"https:\/\/pmza.sk\/wp-content\/uploads\/2018\/03\/plagat.png","inLanguage":"sk-SK"},{"@type":"WebPage","@id":"https:\/\/pmza.sk\/?p=25335","url":"https:\/\/pmza.sk\/?p=25335","name":"V\u00fdstava: \u017divot v oblakoch \u2013 vysokohorsk\u00e9 \u017eivo\u010d\u00edchy - Pova\u017esk\u00e9 m\u00fazeum","isPartOf":{"@id":"https:\/\/pmza.sk\/#website"},"primaryImageOfPage":{"@id":"https:\/\/pmza.sk\/?p=25335#primaryimage"},"image":{"@id":"https:\/\/pmza.sk\/?p=25335#primaryimage"},"thumbnailUrl":"https:\/\/pmza.sk\/wp-content\/uploads\/2018\/03\/plagat.png","datePublished":"2018-03-21T08:25:05+00:00","breadcrumb":{"@id":"https:\/\/pmza.sk\/?p=25335#breadcrumb"},"inLanguage":"sk-SK","potentialAction":[{"@type":"ReadAction","target":["https:\/\/pmza.sk\/?p=25335"]}]},{"@type":"ImageObject","inLanguage":"sk-SK","@id":"https:\/\/pmza.sk\/?p=25335#primaryimage","url":"https:\/\/pmza.sk\/wp-content\/uploads\/2018\/03\/plagat.png","contentUrl":"https:\/\/pmza.sk\/wp-content\/uploads\/2018\/03\/plagat.png","width":566,"height":800},{"@type":"BreadcrumbList","@id":"https:\/\/pmza.sk\/?p=25335#breadcrumb","itemListElement":[{"@type":"ListItem","position":1,"name":"Domovsk\u00e1 str\u00e1nka","item":"https:\/\/pmza.sk\/"},{"@type":"ListItem","position":2,"name":"V\u00fdstava: \u017divot v oblakoch \u2013 vysokohorsk\u00e9 \u017eivo\u010d\u00edchy"}]},{"@type":"WebSite","@id":"https:\/\/pmza.sk\/#website","url":"https:\/\/pmza.sk\/","name":"Pova\u017esk\u00e9 m\u00fazeum","description":"Pova\u017esk\u00e9 m\u00fazeum v \u017diline je region\u00e1lne m\u00fazeum so s\u00eddlom v Budat\u00edne. Jeho expoz\u00edcie s\u00fa zameran\u00e9 na dejiny slovensk\u00e9ho umenia, kult\u00fary a dopravy.","publisher":{"@id":"https:\/\/pmza.sk\/#organization"},"potentialAction":[{"@type":"SearchAction","target":{"@type":"EntryPoint","urlTemplate":"https:\/\/pmza.sk\/?s={search_term_string}"},"query-input":{"@type":"PropertyValueSpecification","valueRequired":true,"valueName":"search_term_string"}}],"inLanguage":"sk-SK"},{"@type":"Organization","@id":"https:\/\/pmza.sk\/#organization","name":"Pova\u017esk\u00e9 m\u00fazeum","url":"https:\/\/pmza.sk\/","logo":{"@type":"ImageObject","inLanguage":"sk-SK","@id":"https:\/\/pmza.sk\/#\/schema\/logo\/image\/","url":"https:\/\/pmza.sk\/wp-content\/uploads\/2022\/01\/logo_PM_horizontal.jpg","contentUrl":"https:\/\/pmza.sk\/wp-content\/uploads\/2022\/01\/logo_PM_horizontal.jpg","width":231,"height":142,"caption":"Pova\u017esk\u00e9 m\u00fazeum"},"image":{"@id":"https:\/\/pmza.sk\/#\/schema\/logo\/image\/"},"sameAs":["https:\/\/www.facebook.com\/povazskemuzeum","https:\/\/www.instagram.com\/povazskemuzeum\/"]},{"@type":"Person","@id":"https:\/\/pmza.sk\/#\/schema\/person\/595e6a2ce731ea94dcd5d7f50a41ae33","name":"Pova\u017esk\u00e9 m\u00fazeum","image":{"@type":"ImageObject","inLanguage":"sk-SK","@id":"https:\/\/secure.gravatar.com\/avatar\/2bb7f1561282132fb5826dfeccc66c7996d11ee392ac6aaf7ced8a1c2027fbb2?s=96&d=mm&r=g","url":"https:\/\/secure.gravatar.com\/avatar\/2bb7f1561282132fb5826dfeccc66c7996d11ee392ac6aaf7ced8a1c2027fbb2?s=96&d=mm&r=g","contentUrl":"https:\/\/secure.gravatar.com\/avatar\/2bb7f1561282132fb5826dfeccc66c7996d11ee392ac6aaf7ced8a1c2027fbb2?s=96&d=mm&r=g","caption":"Pova\u017esk\u00e9 m\u00fazeum"}}]}},"_links":{"self":[{"href":"https:\/\/pmza.sk\/index.php?rest_route=\/wp\/v2\/posts\/25335","targetHints":{"allow":["GET"]}}],"collection":[{"href":"https:\/\/pmza.sk\/index.php?rest_route=\/wp\/v2\/posts"}],"about":[{"href":"https:\/\/pmza.sk\/index.php?rest_route=\/wp\/v2\/types\/post"}],"author":[{"embeddable":true,"href":"https:\/\/pmza.sk\/index.php?rest_route=\/wp\/v2\/users\/2"}],"replies":[{"embeddable":true,"href":"https:\/\/pmza.sk\/index.php?rest_route=%2Fwp%2Fv2%2Fcomments&post=25335"}],"version-history":[{"count":0,"href":"https:\/\/pmza.sk\/index.php?rest_route=\/wp\/v2\/posts\/25335\/revisions"}],"wp:featuredmedia":[{"embeddable":true,"href":"https:\/\/pmza.sk\/index.php?rest_route=\/wp\/v2\/media\/25347"}],"wp:attachment":[{"href":"https:\/\/pmza.sk\/index.php?rest_route=%2Fwp%2Fv2%2Fmedia&parent=25335"}],"wp:term":[{"taxonomy":"category","embeddable":true,"href":"https:\/\/pmza.sk\/index.php?rest_route=%2Fwp%2Fv2%2Fcategories&post=25335"},{"taxonomy":"post_tag","embeddable":true,"href":"https:\/\/pmza.sk\/index.php?rest_route=%2Fwp%2Fv2%2Ftags&post=25335"}],"curies":[{"name":"wp","href":"https:\/\/api.w.org\/{rel}","templated":true}]}}