{"id":25362,"date":"2018-03-19T07:00:02","date_gmt":"2018-03-19T06:00:02","guid":{"rendered":"https:\/\/pmza.sk\/?p=25362"},"modified":"2018-03-19T07:00:02","modified_gmt":"2018-03-19T06:00:02","slug":"uvedenie-monografie-do-zivota","status":"publish","type":"post","link":"https:\/\/pmza.sk\/?p=25362","title":{"rendered":"Pozv\u00e1nka: Uvedenie monografie do \u017eivota"},"content":{"rendered":"<p>Pova\u017esk\u00e9 m\u00fazeum v \u017diline poz\u00fdva \u0161irok\u00fa verejnos\u0165 na sl\u00e1vnostn\u00e9 uvedenie monografie <strong>Budat\u00ednsky hrad<\/strong> do \u017eivota, ktor\u00e9 sa uskuto\u010dn\u00ed <strong>v utorok 27. marca o 16.00 hod.\u00a0<\/strong><\/p>\n<p>Monografiu zostavili: Peter Bedn\u00e1r, Zuzana Stanekov\u00e1 a Peter \u0160imko<br \/>Grafick\u00fd dizajn: Peter Dlhopol\u010dek a <a href=\"http:\/\/profigrafik.sk\/\">Profigrafik.sk<\/a><br \/>Ilustr\u00e1cie: Autori, Anna Kuchar\u010d\u00edkov\u00e1, Peter Danko, Rudo Ml\u00edch<\/p>\n<p>Monografia je dielom odborn\u00edkov z\u00a0viacer\u00fdch vedn\u00fdch oblast\u00ed. Predklad\u00e1 v\u00fdsledky rozsiahlych architektonick\u00fdch a\u00a0archeologick\u00fdch v\u00fdskumov, ktor\u00e9 na hrade prebiehali od roku 2006 po\u010das viacer\u00fdch sez\u00f3n a\u00a0v\u00a0mnohom opravili, \u010di doplnili dovtedaj\u0161ie poznatky o\u00a0hrade a\u00a0jeho v\u00fdvoji. Rovnako zah\u0155\u0148a aj najnov\u0161ie arch\u00edvne v\u00fdskumy a\u00a0okrem v\u00fdvoja hradu v\u00a0stredoveku a\u00a0novoveku sa \u010ditate\u013e dozvie mnoho aj o\u00a0hrade a\u00a0jeho vyu\u017eit\u00ed v\u00a0s\u00fa\u010dasnosti. Je v\u00fdsledkom dlhoro\u010dnej akt\u00edvnej spolupr\u00e1ce Archeologick\u00e9ho \u00fastavu SAV Nitra a Pova\u017esk\u00e9ho m\u00fazea v\u00a0\u017diline, podporen\u00e1 bola \u017dilinsk\u00fdm samospr\u00e1vnym krajom a Agent\u00farou na podporu vedy a v\u00fdskumu.<\/p>\n<p>Odborn\u00fd text doplnen\u00fd mno\u017estvom fotografi\u00ed, p\u00f4dorysov, rezov a pl\u00e1nov v mimoriadne kvalitnom vizu\u00e1lnom preveden\u00ed je d\u00f4kazom, \u017ee aj odborn\u00e1 kniha m\u00f4\u017ee by\u0165 modern\u00e1, vhodn\u00e1 pre \u0161irok\u00fa verejnos\u0165 a mil\u00fdm darom pre v\u0161etk\u00fdch milovn\u00edkov hist\u00f3rie.\u00a0M\u00e1 236 str\u00e1n, bohat\u00fa obrazov\u00fa pr\u00edlohu a\u00a0jej s\u00fa\u010das\u0165ou s\u00fa taktie\u017e mnoh\u00e9 odborne spracovan\u00e9 pl\u00e1ny a kresby demon\u0161truj\u00face stavebn\u00e9 etapy hradu. S\u00fa\u010das\u0165ou je taktie\u017e resum\u00e9 v\u00a0anglickom a\u00a0nemeckom jazyku, miestny a\u00a0n\u00e1zvov\u00fd register a\u00a0v\u010faka rozsiahlemu pozn\u00e1mkov\u00e9mu apar\u00e1tu a\u00a0zoznamu pou\u017eitej literat\u00fary mo\u017eno monografiu zaradi\u0165 medzi vedeck\u00e9 publik\u00e1cie. Z\u00e1rove\u0148 je v\u0161ak p\u00edsan\u00e1 tak, aby si na\u0161la svoje miesto aj v\u00a0laickej verejnosti.<\/p>\n<p>Monografia Budat\u00ednsky hrad sa aktu\u00e1lne uch\u00e1dza aj o titul v ankete\u00a0<strong>Kniha Horn\u00e9ho Pova\u017eia 2017<\/strong>, ktor\u00fa ka\u017edoro\u010dne vyhlasuje Krajsk\u00e1 kni\u017enica v \u017diline v\u00a0zria\u010fovate\u013eskej p\u00f4sobnosti \u017dilinsk\u00e9ho samospr\u00e1vneho kraja. Hlasova\u0165 m\u00f4\u017ee \u010ditate\u013esk\u00e1 verejnos\u0165\u00a0prostredn\u00edctvom hlasovac\u00edch l\u00edstkov, ktor\u00e9 sa nach\u00e1dzaj\u00fa priamo v Krajskej kni\u017enici v\u00a0\u017diline a\u00a0na jej pobo\u010dk\u00e1ch. Verejnos\u0165 m\u00f4\u017ee hlasova\u0165 aj prostredn\u00edctvom <a href=\"https:\/\/docs.google.com\/forms\/d\/1LFaeAa8Axcv6PrTNm7Gar79804fQWLFr-Dr5Wd4tac4\/viewform?ts=5a2791df&amp;edit_requested=true\">on-line hlasovacieho l\u00edstka<\/a> na\u00a0 web str\u00e1nke kni\u017enice do 5. apr\u00edla 2018.\u00a0Na sl\u00e1vnostnom vyhodnoten\u00ed s\u00fa\u0165a\u017ee, ktor\u00e9 sa uskuto\u010dn\u00ed d\u0148a 23. 4. 2018 o 16.00 hod. v Krajskej kni\u017enici v \u017diline bud\u00fa z hlasuj\u00facich vy\u017erebovan\u00ed traja v\u00fdhercovia, ktor\u00ed z\u00edskaj\u00fa vecn\u00e9 ceny, predplatn\u00e9 region\u00e1lneho t\u00fd\u017edenn\u00edka a z\u00e1pisn\u00e9 v Krajskej kni\u017enici v \u017diline na 365 dn\u00ed.<\/p>\n<p><a href=\"https:\/\/pmza.sk\/wp-content\/uploads\/2018\/03\/Budat\u00ednsky-hrad-pozv\u00e1nka-na-uvedenie-monografie-do-\u017eivota.jpg\">POZV\u00c1NKA<\/a><\/p>\n<p>Monografiu je u\u017e mo\u017en\u00e9 objedna\u0165 na na\u0161om<a href=\"https:\/\/pmza.sk\/produkt\/budatinsky-hrad-monografia\/\"> e-shope<\/a>, alebo zak\u00fapi\u0165 priamo v pokladnici Budat\u00ednskeho hradu.<\/p>\n","protected":false},"excerpt":{"rendered":"<p>Pova\u017esk\u00e9 m\u00fazeum v \u017diline poz\u00fdva \u0161irok\u00fa verejnos\u0165 na sl\u00e1vnostn\u00e9 uvedenie monografie Budat\u00ednsky hrad do \u017eivota, ktor\u00e9 sa uskuto\u010dn\u00ed v utorok 27. marca o 16.00 hod.\u00a0 Monografiu zostavili: Peter Bedn\u00e1r, Zuzana Stanekov\u00e1 a Peter \u0160imkoGrafick\u00fd dizajn: Peter Dlhopol\u010dek a Profigrafik.skIlustr\u00e1cie: Autori, Anna Kuchar\u010d\u00edkov\u00e1, Peter Danko, Rudo Ml\u00edch Monografia je dielom odborn\u00edkov z\u00a0viacer\u00fdch vedn\u00fdch oblast\u00ed. Predklad\u00e1 v\u00fdsledky [&hellip;]<\/p>\n","protected":false},"author":2,"featured_media":25161,"comment_status":"closed","ping_status":"closed","sticky":false,"template":"","format":"standard","meta":{"site-sidebar-layout":"default","site-content-layout":"","ast-site-content-layout":"","site-content-style":"default","site-sidebar-style":"default","ast-global-header-display":"","ast-banner-title-visibility":"","ast-main-header-display":"","ast-hfb-above-header-display":"","ast-hfb-below-header-display":"","ast-hfb-mobile-header-display":"","site-post-title":"","ast-breadcrumbs-content":"","ast-featured-img":"","footer-sml-layout":"","theme-transparent-header-meta":"","adv-header-id-meta":"","stick-header-meta":"","header-above-stick-meta":"","header-main-stick-meta":"","header-below-stick-meta":"","astra-migrate-meta-layouts":"default","ast-page-background-enabled":"default","ast-page-background-meta":{"desktop":{"background-color":"var(--ast-global-color-4)","background-image":"","background-repeat":"repeat","background-position":"center center","background-size":"auto","background-attachment":"scroll","background-type":"","background-media":"","overlay-type":"","overlay-color":"","overlay-opacity":"","overlay-gradient":""},"tablet":{"background-color":"","background-image":"","background-repeat":"repeat","background-position":"center center","background-size":"auto","background-attachment":"scroll","background-type":"","background-media":"","overlay-type":"","overlay-color":"","overlay-opacity":"","overlay-gradient":""},"mobile":{"background-color":"","background-image":"","background-repeat":"repeat","background-position":"center center","background-size":"auto","background-attachment":"scroll","background-type":"","background-media":"","overlay-type":"","overlay-color":"","overlay-opacity":"","overlay-gradient":""}},"ast-content-background-meta":{"desktop":{"background-color":"var(--ast-global-color-5)","background-image":"","background-repeat":"repeat","background-position":"center center","background-size":"auto","background-attachment":"scroll","background-type":"","background-media":"","overlay-type":"","overlay-color":"","overlay-opacity":"","overlay-gradient":""},"tablet":{"background-color":"var(--ast-global-color-5)","background-image":"","background-repeat":"repeat","background-position":"center center","background-size":"auto","background-attachment":"scroll","background-type":"","background-media":"","overlay-type":"","overlay-color":"","overlay-opacity":"","overlay-gradient":""},"mobile":{"background-color":"var(--ast-global-color-5)","background-image":"","background-repeat":"repeat","background-position":"center center","background-size":"auto","background-attachment":"scroll","background-type":"","background-media":"","overlay-type":"","overlay-color":"","overlay-opacity":"","overlay-gradient":""}},"footnotes":""},"categories":[31],"tags":[],"class_list":["post-25362","post","type-post","status-publish","format-standard","has-post-thumbnail","hentry","category-aktuality"],"yoast_head":"<!-- This site is optimized with the Yoast SEO plugin v27.4 - https:\/\/yoast.com\/product\/yoast-seo-wordpress\/ -->\n<title>Pozv\u00e1nka: Uvedenie monografie do \u017eivota - Pova\u017esk\u00e9 m\u00fazeum<\/title>\n<meta name=\"robots\" content=\"index, follow, max-snippet:-1, max-image-preview:large, max-video-preview:-1\" \/>\n<link rel=\"canonical\" href=\"https:\/\/pmza.sk\/?p=25362\" \/>\n<meta property=\"og:locale\" content=\"sk_SK\" \/>\n<meta property=\"og:type\" content=\"article\" \/>\n<meta property=\"og:title\" content=\"Pozv\u00e1nka: Uvedenie monografie do \u017eivota - Pova\u017esk\u00e9 m\u00fazeum\" \/>\n<meta property=\"og:description\" content=\"Pova\u017esk\u00e9 m\u00fazeum v \u017diline poz\u00fdva \u0161irok\u00fa verejnos\u0165 na sl\u00e1vnostn\u00e9 uvedenie monografie Budat\u00ednsky hrad do \u017eivota, ktor\u00e9 sa uskuto\u010dn\u00ed v utorok 27. marca o 16.00 hod.\u00a0 Monografiu zostavili: Peter Bedn\u00e1r, Zuzana Stanekov\u00e1 a Peter \u0160imkoGrafick\u00fd dizajn: Peter Dlhopol\u010dek a Profigrafik.skIlustr\u00e1cie: Autori, Anna Kuchar\u010d\u00edkov\u00e1, Peter Danko, Rudo Ml\u00edch Monografia je dielom odborn\u00edkov z\u00a0viacer\u00fdch vedn\u00fdch oblast\u00ed. Predklad\u00e1 v\u00fdsledky [&hellip;]\" \/>\n<meta property=\"og:url\" content=\"https:\/\/pmza.sk\/?p=25362\" \/>\n<meta property=\"og:site_name\" content=\"Pova\u017esk\u00e9 m\u00fazeum\" \/>\n<meta property=\"article:publisher\" content=\"https:\/\/www.facebook.com\/povazskemuzeum\" \/>\n<meta property=\"article:published_time\" content=\"2018-03-19T06:00:02+00:00\" \/>\n<meta property=\"og:image\" content=\"https:\/\/pmza.sk\/wp-content\/uploads\/2018\/03\/Budatinsky_hrad_ilustracny.png\" \/>\n\t<meta property=\"og:image:width\" content=\"1800\" \/>\n\t<meta property=\"og:image:height\" content=\"1200\" \/>\n\t<meta property=\"og:image:type\" content=\"image\/png\" \/>\n<meta name=\"author\" content=\"Pova\u017esk\u00e9 m\u00fazeum\" \/>\n<meta name=\"twitter:card\" content=\"summary_large_image\" \/>\n<meta name=\"twitter:label1\" content=\"Autor\" \/>\n\t<meta name=\"twitter:data1\" content=\"Pova\u017esk\u00e9 m\u00fazeum\" \/>\n\t<meta name=\"twitter:label2\" content=\"Predpokladan\u00fd \u010das \u010d\u00edtania\" \/>\n\t<meta name=\"twitter:data2\" content=\"2 min\u00faty\" \/>\n<script type=\"application\/ld+json\" class=\"yoast-schema-graph\">{\"@context\":\"https:\\\/\\\/schema.org\",\"@graph\":[{\"@type\":\"Article\",\"@id\":\"https:\\\/\\\/pmza.sk\\\/?p=25362#article\",\"isPartOf\":{\"@id\":\"https:\\\/\\\/pmza.sk\\\/?p=25362\"},\"author\":{\"name\":\"Pova\u017esk\u00e9 m\u00fazeum\",\"@id\":\"https:\\\/\\\/pmza.sk\\\/#\\\/schema\\\/person\\\/595e6a2ce731ea94dcd5d7f50a41ae33\"},\"headline\":\"Pozv\u00e1nka: Uvedenie monografie do \u017eivota\",\"datePublished\":\"2018-03-19T06:00:02+00:00\",\"mainEntityOfPage\":{\"@id\":\"https:\\\/\\\/pmza.sk\\\/?p=25362\"},\"wordCount\":474,\"publisher\":{\"@id\":\"https:\\\/\\\/pmza.sk\\\/#organization\"},\"image\":{\"@id\":\"https:\\\/\\\/pmza.sk\\\/?p=25362#primaryimage\"},\"thumbnailUrl\":\"https:\\\/\\\/pmza.sk\\\/wp-content\\\/uploads\\\/2018\\\/03\\\/Budatinsky_hrad_ilustracny.png\",\"articleSection\":[\"Aktuality\"],\"inLanguage\":\"sk-SK\"},{\"@type\":\"WebPage\",\"@id\":\"https:\\\/\\\/pmza.sk\\\/?p=25362\",\"url\":\"https:\\\/\\\/pmza.sk\\\/?p=25362\",\"name\":\"Pozv\u00e1nka: Uvedenie monografie do \u017eivota - Pova\u017esk\u00e9 m\u00fazeum\",\"isPartOf\":{\"@id\":\"https:\\\/\\\/pmza.sk\\\/#website\"},\"primaryImageOfPage\":{\"@id\":\"https:\\\/\\\/pmza.sk\\\/?p=25362#primaryimage\"},\"image\":{\"@id\":\"https:\\\/\\\/pmza.sk\\\/?p=25362#primaryimage\"},\"thumbnailUrl\":\"https:\\\/\\\/pmza.sk\\\/wp-content\\\/uploads\\\/2018\\\/03\\\/Budatinsky_hrad_ilustracny.png\",\"datePublished\":\"2018-03-19T06:00:02+00:00\",\"breadcrumb\":{\"@id\":\"https:\\\/\\\/pmza.sk\\\/?p=25362#breadcrumb\"},\"inLanguage\":\"sk-SK\",\"potentialAction\":[{\"@type\":\"ReadAction\",\"target\":[\"https:\\\/\\\/pmza.sk\\\/?p=25362\"]}]},{\"@type\":\"ImageObject\",\"inLanguage\":\"sk-SK\",\"@id\":\"https:\\\/\\\/pmza.sk\\\/?p=25362#primaryimage\",\"url\":\"https:\\\/\\\/pmza.sk\\\/wp-content\\\/uploads\\\/2018\\\/03\\\/Budatinsky_hrad_ilustracny.png\",\"contentUrl\":\"https:\\\/\\\/pmza.sk\\\/wp-content\\\/uploads\\\/2018\\\/03\\\/Budatinsky_hrad_ilustracny.png\",\"width\":1800,\"height\":1200},{\"@type\":\"BreadcrumbList\",\"@id\":\"https:\\\/\\\/pmza.sk\\\/?p=25362#breadcrumb\",\"itemListElement\":[{\"@type\":\"ListItem\",\"position\":1,\"name\":\"Domovsk\u00e1 str\u00e1nka\",\"item\":\"https:\\\/\\\/pmza.sk\\\/\"},{\"@type\":\"ListItem\",\"position\":2,\"name\":\"Pozv\u00e1nka: Uvedenie monografie do \u017eivota\"}]},{\"@type\":\"WebSite\",\"@id\":\"https:\\\/\\\/pmza.sk\\\/#website\",\"url\":\"https:\\\/\\\/pmza.sk\\\/\",\"name\":\"Pova\u017esk\u00e9 m\u00fazeum\",\"description\":\"Pova\u017esk\u00e9 m\u00fazeum v \u017diline je region\u00e1lne m\u00fazeum so s\u00eddlom v Budat\u00edne. Jeho expoz\u00edcie s\u00fa zameran\u00e9 na dejiny slovensk\u00e9ho umenia, kult\u00fary a dopravy.\",\"publisher\":{\"@id\":\"https:\\\/\\\/pmza.sk\\\/#organization\"},\"potentialAction\":[{\"@type\":\"SearchAction\",\"target\":{\"@type\":\"EntryPoint\",\"urlTemplate\":\"https:\\\/\\\/pmza.sk\\\/?s={search_term_string}\"},\"query-input\":{\"@type\":\"PropertyValueSpecification\",\"valueRequired\":true,\"valueName\":\"search_term_string\"}}],\"inLanguage\":\"sk-SK\"},{\"@type\":\"Organization\",\"@id\":\"https:\\\/\\\/pmza.sk\\\/#organization\",\"name\":\"Pova\u017esk\u00e9 m\u00fazeum\",\"url\":\"https:\\\/\\\/pmza.sk\\\/\",\"logo\":{\"@type\":\"ImageObject\",\"inLanguage\":\"sk-SK\",\"@id\":\"https:\\\/\\\/pmza.sk\\\/#\\\/schema\\\/logo\\\/image\\\/\",\"url\":\"https:\\\/\\\/pmza.sk\\\/wp-content\\\/uploads\\\/2022\\\/01\\\/logo_PM_horizontal.jpg\",\"contentUrl\":\"https:\\\/\\\/pmza.sk\\\/wp-content\\\/uploads\\\/2022\\\/01\\\/logo_PM_horizontal.jpg\",\"width\":231,\"height\":142,\"caption\":\"Pova\u017esk\u00e9 m\u00fazeum\"},\"image\":{\"@id\":\"https:\\\/\\\/pmza.sk\\\/#\\\/schema\\\/logo\\\/image\\\/\"},\"sameAs\":[\"https:\\\/\\\/www.facebook.com\\\/povazskemuzeum\",\"https:\\\/\\\/www.instagram.com\\\/povazskemuzeum\\\/\"]},{\"@type\":\"Person\",\"@id\":\"https:\\\/\\\/pmza.sk\\\/#\\\/schema\\\/person\\\/595e6a2ce731ea94dcd5d7f50a41ae33\",\"name\":\"Pova\u017esk\u00e9 m\u00fazeum\",\"image\":{\"@type\":\"ImageObject\",\"inLanguage\":\"sk-SK\",\"@id\":\"https:\\\/\\\/secure.gravatar.com\\\/avatar\\\/2bb7f1561282132fb5826dfeccc66c7996d11ee392ac6aaf7ced8a1c2027fbb2?s=96&d=mm&r=g\",\"url\":\"https:\\\/\\\/secure.gravatar.com\\\/avatar\\\/2bb7f1561282132fb5826dfeccc66c7996d11ee392ac6aaf7ced8a1c2027fbb2?s=96&d=mm&r=g\",\"contentUrl\":\"https:\\\/\\\/secure.gravatar.com\\\/avatar\\\/2bb7f1561282132fb5826dfeccc66c7996d11ee392ac6aaf7ced8a1c2027fbb2?s=96&d=mm&r=g\",\"caption\":\"Pova\u017esk\u00e9 m\u00fazeum\"}}]}<\/script>\n<!-- \/ Yoast SEO plugin. -->","yoast_head_json":{"title":"Pozv\u00e1nka: Uvedenie monografie do \u017eivota - Pova\u017esk\u00e9 m\u00fazeum","robots":{"index":"index","follow":"follow","max-snippet":"max-snippet:-1","max-image-preview":"max-image-preview:large","max-video-preview":"max-video-preview:-1"},"canonical":"https:\/\/pmza.sk\/?p=25362","og_locale":"sk_SK","og_type":"article","og_title":"Pozv\u00e1nka: Uvedenie monografie do \u017eivota - Pova\u017esk\u00e9 m\u00fazeum","og_description":"Pova\u017esk\u00e9 m\u00fazeum v \u017diline poz\u00fdva \u0161irok\u00fa verejnos\u0165 na sl\u00e1vnostn\u00e9 uvedenie monografie Budat\u00ednsky hrad do \u017eivota, ktor\u00e9 sa uskuto\u010dn\u00ed v utorok 27. marca o 16.00 hod.\u00a0 Monografiu zostavili: Peter Bedn\u00e1r, Zuzana Stanekov\u00e1 a Peter \u0160imkoGrafick\u00fd dizajn: Peter Dlhopol\u010dek a Profigrafik.skIlustr\u00e1cie: Autori, Anna Kuchar\u010d\u00edkov\u00e1, Peter Danko, Rudo Ml\u00edch Monografia je dielom odborn\u00edkov z\u00a0viacer\u00fdch vedn\u00fdch oblast\u00ed. Predklad\u00e1 v\u00fdsledky [&hellip;]","og_url":"https:\/\/pmza.sk\/?p=25362","og_site_name":"Pova\u017esk\u00e9 m\u00fazeum","article_publisher":"https:\/\/www.facebook.com\/povazskemuzeum","article_published_time":"2018-03-19T06:00:02+00:00","og_image":[{"width":1800,"height":1200,"url":"https:\/\/pmza.sk\/wp-content\/uploads\/2018\/03\/Budatinsky_hrad_ilustracny.png","type":"image\/png"}],"author":"Pova\u017esk\u00e9 m\u00fazeum","twitter_card":"summary_large_image","twitter_misc":{"Autor":"Pova\u017esk\u00e9 m\u00fazeum","Predpokladan\u00fd \u010das \u010d\u00edtania":"2 min\u00faty"},"schema":{"@context":"https:\/\/schema.org","@graph":[{"@type":"Article","@id":"https:\/\/pmza.sk\/?p=25362#article","isPartOf":{"@id":"https:\/\/pmza.sk\/?p=25362"},"author":{"name":"Pova\u017esk\u00e9 m\u00fazeum","@id":"https:\/\/pmza.sk\/#\/schema\/person\/595e6a2ce731ea94dcd5d7f50a41ae33"},"headline":"Pozv\u00e1nka: Uvedenie monografie do \u017eivota","datePublished":"2018-03-19T06:00:02+00:00","mainEntityOfPage":{"@id":"https:\/\/pmza.sk\/?p=25362"},"wordCount":474,"publisher":{"@id":"https:\/\/pmza.sk\/#organization"},"image":{"@id":"https:\/\/pmza.sk\/?p=25362#primaryimage"},"thumbnailUrl":"https:\/\/pmza.sk\/wp-content\/uploads\/2018\/03\/Budatinsky_hrad_ilustracny.png","articleSection":["Aktuality"],"inLanguage":"sk-SK"},{"@type":"WebPage","@id":"https:\/\/pmza.sk\/?p=25362","url":"https:\/\/pmza.sk\/?p=25362","name":"Pozv\u00e1nka: Uvedenie monografie do \u017eivota - Pova\u017esk\u00e9 m\u00fazeum","isPartOf":{"@id":"https:\/\/pmza.sk\/#website"},"primaryImageOfPage":{"@id":"https:\/\/pmza.sk\/?p=25362#primaryimage"},"image":{"@id":"https:\/\/pmza.sk\/?p=25362#primaryimage"},"thumbnailUrl":"https:\/\/pmza.sk\/wp-content\/uploads\/2018\/03\/Budatinsky_hrad_ilustracny.png","datePublished":"2018-03-19T06:00:02+00:00","breadcrumb":{"@id":"https:\/\/pmza.sk\/?p=25362#breadcrumb"},"inLanguage":"sk-SK","potentialAction":[{"@type":"ReadAction","target":["https:\/\/pmza.sk\/?p=25362"]}]},{"@type":"ImageObject","inLanguage":"sk-SK","@id":"https:\/\/pmza.sk\/?p=25362#primaryimage","url":"https:\/\/pmza.sk\/wp-content\/uploads\/2018\/03\/Budatinsky_hrad_ilustracny.png","contentUrl":"https:\/\/pmza.sk\/wp-content\/uploads\/2018\/03\/Budatinsky_hrad_ilustracny.png","width":1800,"height":1200},{"@type":"BreadcrumbList","@id":"https:\/\/pmza.sk\/?p=25362#breadcrumb","itemListElement":[{"@type":"ListItem","position":1,"name":"Domovsk\u00e1 str\u00e1nka","item":"https:\/\/pmza.sk\/"},{"@type":"ListItem","position":2,"name":"Pozv\u00e1nka: Uvedenie monografie do \u017eivota"}]},{"@type":"WebSite","@id":"https:\/\/pmza.sk\/#website","url":"https:\/\/pmza.sk\/","name":"Pova\u017esk\u00e9 m\u00fazeum","description":"Pova\u017esk\u00e9 m\u00fazeum v \u017diline je region\u00e1lne m\u00fazeum so s\u00eddlom v Budat\u00edne. Jeho expoz\u00edcie s\u00fa zameran\u00e9 na dejiny slovensk\u00e9ho umenia, kult\u00fary a dopravy.","publisher":{"@id":"https:\/\/pmza.sk\/#organization"},"potentialAction":[{"@type":"SearchAction","target":{"@type":"EntryPoint","urlTemplate":"https:\/\/pmza.sk\/?s={search_term_string}"},"query-input":{"@type":"PropertyValueSpecification","valueRequired":true,"valueName":"search_term_string"}}],"inLanguage":"sk-SK"},{"@type":"Organization","@id":"https:\/\/pmza.sk\/#organization","name":"Pova\u017esk\u00e9 m\u00fazeum","url":"https:\/\/pmza.sk\/","logo":{"@type":"ImageObject","inLanguage":"sk-SK","@id":"https:\/\/pmza.sk\/#\/schema\/logo\/image\/","url":"https:\/\/pmza.sk\/wp-content\/uploads\/2022\/01\/logo_PM_horizontal.jpg","contentUrl":"https:\/\/pmza.sk\/wp-content\/uploads\/2022\/01\/logo_PM_horizontal.jpg","width":231,"height":142,"caption":"Pova\u017esk\u00e9 m\u00fazeum"},"image":{"@id":"https:\/\/pmza.sk\/#\/schema\/logo\/image\/"},"sameAs":["https:\/\/www.facebook.com\/povazskemuzeum","https:\/\/www.instagram.com\/povazskemuzeum\/"]},{"@type":"Person","@id":"https:\/\/pmza.sk\/#\/schema\/person\/595e6a2ce731ea94dcd5d7f50a41ae33","name":"Pova\u017esk\u00e9 m\u00fazeum","image":{"@type":"ImageObject","inLanguage":"sk-SK","@id":"https:\/\/secure.gravatar.com\/avatar\/2bb7f1561282132fb5826dfeccc66c7996d11ee392ac6aaf7ced8a1c2027fbb2?s=96&d=mm&r=g","url":"https:\/\/secure.gravatar.com\/avatar\/2bb7f1561282132fb5826dfeccc66c7996d11ee392ac6aaf7ced8a1c2027fbb2?s=96&d=mm&r=g","contentUrl":"https:\/\/secure.gravatar.com\/avatar\/2bb7f1561282132fb5826dfeccc66c7996d11ee392ac6aaf7ced8a1c2027fbb2?s=96&d=mm&r=g","caption":"Pova\u017esk\u00e9 m\u00fazeum"}}]}},"_links":{"self":[{"href":"https:\/\/pmza.sk\/index.php?rest_route=\/wp\/v2\/posts\/25362","targetHints":{"allow":["GET"]}}],"collection":[{"href":"https:\/\/pmza.sk\/index.php?rest_route=\/wp\/v2\/posts"}],"about":[{"href":"https:\/\/pmza.sk\/index.php?rest_route=\/wp\/v2\/types\/post"}],"author":[{"embeddable":true,"href":"https:\/\/pmza.sk\/index.php?rest_route=\/wp\/v2\/users\/2"}],"replies":[{"embeddable":true,"href":"https:\/\/pmza.sk\/index.php?rest_route=%2Fwp%2Fv2%2Fcomments&post=25362"}],"version-history":[{"count":0,"href":"https:\/\/pmza.sk\/index.php?rest_route=\/wp\/v2\/posts\/25362\/revisions"}],"wp:featuredmedia":[{"embeddable":true,"href":"https:\/\/pmza.sk\/index.php?rest_route=\/wp\/v2\/media\/25161"}],"wp:attachment":[{"href":"https:\/\/pmza.sk\/index.php?rest_route=%2Fwp%2Fv2%2Fmedia&parent=25362"}],"wp:term":[{"taxonomy":"category","embeddable":true,"href":"https:\/\/pmza.sk\/index.php?rest_route=%2Fwp%2Fv2%2Fcategories&post=25362"},{"taxonomy":"post_tag","embeddable":true,"href":"https:\/\/pmza.sk\/index.php?rest_route=%2Fwp%2Fv2%2Ftags&post=25362"}],"curies":[{"name":"wp","href":"https:\/\/api.w.org\/{rel}","templated":true}]}}