{"id":25368,"date":"2018-03-16T01:45:36","date_gmt":"2018-03-16T00:45:36","guid":{"rendered":"https:\/\/pmza.sk\/?p=25368"},"modified":"2018-03-16T01:45:36","modified_gmt":"2018-03-16T00:45:36","slug":"prednaska-tradicne-velkonocne-zvyky","status":"publish","type":"post","link":"https:\/\/pmza.sk\/?p=25368","title":{"rendered":"Predn\u00e1\u0161ka: Tradi\u010dn\u00e9 ve\u013ekono\u010dn\u00e9 zvyky"},"content":{"rendered":"<p>Pova\u017esk\u00e9 m\u00fazeum v \u017diline pripravilo pre v\u0161etk\u00fdch z\u00e1ujemcov predn\u00e1\u0161ku spojen\u00fa s tvorivou diel\u0148ou na t\u00e9mu Tradi\u010dn\u00e9 ve\u013ekono\u010dn\u00e9 zvyky. Uskuto\u010dn\u00ed sa vo \u0161tvrtok 22. 3. 2018 o 17.00 hod. vo V\u00fdchodnom pal\u00e1ci Budat\u00ednskeho hradu. Kapacita je obmedzen\u00e1, na predn\u00e1\u0161ku si v\u0161ak m\u00f4\u017eete rezervova\u0165 vstup. V\u0161etko, \u010do si vytvor\u00edte, si m\u00f4\u017eete odnies\u0165 so sebou.<br \/>D\u013a\u017eka trvania: cca 2 hod.<br \/>Vstupn\u00e9: 1 \u20ac<\/p>\n<p>Ve\u013ek\u00e1 noc patr\u00ed k\u00a0najv\u00fdznamnej\u0161\u00edm sviatkom cirkevn\u00e9ho roka a\u00a0v\u00a0kres\u0165anskom duchu sviato\u010dn\u00e9 chv\u00edle pre\u017e\u00edvali aj na\u0161i predkovia. V\u00a0tradi\u010dnej \u013eudovej kult\u00fare sa v\u0161ak s\u00a0ve\u013ekou nocou nesp\u00e1jali iba cirkevn\u00e9 obrady, ale aj mno\u017estvo \u013eudov\u00fdch zvykov a\u00a0povier, \u010dasto prameniacich v\u00a0pohansk\u00fdch n\u00e1bo\u017eenstv\u00e1ch. Pr\u00e1ve vz\u00e1jomn\u00e9 prel\u00ednanie sa ofici\u00e1lnych obradov s\u00a0\u013eudov\u00fdmi trad\u00edciami v\u00a0na\u0161om regi\u00f3ne v\u00e1m pribl\u00ed\u017ei predn\u00e1\u0161ka venovan\u00e1 tradi\u010dn\u00fdm ve\u013ekono\u010dn\u00fdm zvykom, ohrani\u010den\u00e1 obdob\u00edm 40-d\u0148ov\u00e9ho predve\u013ekono\u010dn\u00e9ho p\u00f4stu a sv\u00e4todu\u0161n\u00fdmi sviatkami. Pouk\u00e1\u017ee tie\u017e na v\u00fdznam a\u00a0vyu\u017eitie magick\u00fdch prostriedkov v\u00a0\u013eudovom zvykoslov\u00ed, ak\u00fdmi boli voda, ohe\u0148 a\u00a0zele\u0148 a\u00a0predstav\u00ed z\u00e1kladn\u00e9 symboly, medzi ktor\u00fdmi dominuj\u00fa kraslice. Dozviete sa, ak\u00e9 rozmanit\u00e9 \u00a0techniky pri ich v\u00fdzdobe pou\u017e\u00edvali na\u0161e star\u00e9 mamy a\u00a0kam a\u017e siaha hist\u00f3ria odr\u00f4tovan\u00fdch vaj\u00ed\u010dok. Po predn\u00e1\u0161ke na v\u00e1s \u010dakaj\u00fa tvoriv\u00e9 dielne, kde sa nau\u010d\u00edte z\u00e1kladn\u00fa techniku opletania krasl\u00edc dr\u00f4tom a\u00a0z rovnak\u00e9ho materi\u00e1lu si zhotov\u00edte jednoduch\u00e9 ve\u013ekono\u010dn\u00e9 ozdoby.\u00a0<\/p>\n","protected":false},"excerpt":{"rendered":"<p>Pova\u017esk\u00e9 m\u00fazeum v \u017diline pripravilo pre v\u0161etk\u00fdch z\u00e1ujemcov predn\u00e1\u0161ku spojen\u00fa s tvorivou diel\u0148ou na t\u00e9mu Tradi\u010dn\u00e9 ve\u013ekono\u010dn\u00e9 zvyky. Uskuto\u010dn\u00ed sa vo \u0161tvrtok 22. 3. 2018 o 17.00 hod. vo V\u00fdchodnom pal\u00e1ci Budat\u00ednskeho hradu. Kapacita je obmedzen\u00e1, na predn\u00e1\u0161ku si v\u0161ak m\u00f4\u017eete rezervova\u0165 vstup. V\u0161etko, \u010do si vytvor\u00edte, si m\u00f4\u017eete odnies\u0165 so sebou.D\u013a\u017eka trvania: cca 2 [&hellip;]<\/p>\n","protected":false},"author":2,"featured_media":25038,"comment_status":"closed","ping_status":"closed","sticky":false,"template":"","format":"standard","meta":{"site-sidebar-layout":"default","site-content-layout":"","ast-site-content-layout":"","site-content-style":"default","site-sidebar-style":"default","ast-global-header-display":"","ast-banner-title-visibility":"","ast-main-header-display":"","ast-hfb-above-header-display":"","ast-hfb-below-header-display":"","ast-hfb-mobile-header-display":"","site-post-title":"","ast-breadcrumbs-content":"","ast-featured-img":"","footer-sml-layout":"","theme-transparent-header-meta":"","adv-header-id-meta":"","stick-header-meta":"","header-above-stick-meta":"","header-main-stick-meta":"","header-below-stick-meta":"","astra-migrate-meta-layouts":"default","ast-page-background-enabled":"default","ast-page-background-meta":{"desktop":{"background-color":"var(--ast-global-color-4)","background-image":"","background-repeat":"repeat","background-position":"center center","background-size":"auto","background-attachment":"scroll","background-type":"","background-media":"","overlay-type":"","overlay-color":"","overlay-opacity":"","overlay-gradient":""},"tablet":{"background-color":"","background-image":"","background-repeat":"repeat","background-position":"center center","background-size":"auto","background-attachment":"scroll","background-type":"","background-media":"","overlay-type":"","overlay-color":"","overlay-opacity":"","overlay-gradient":""},"mobile":{"background-color":"","background-image":"","background-repeat":"repeat","background-position":"center center","background-size":"auto","background-attachment":"scroll","background-type":"","background-media":"","overlay-type":"","overlay-color":"","overlay-opacity":"","overlay-gradient":""}},"ast-content-background-meta":{"desktop":{"background-color":"var(--ast-global-color-5)","background-image":"","background-repeat":"repeat","background-position":"center center","background-size":"auto","background-attachment":"scroll","background-type":"","background-media":"","overlay-type":"","overlay-color":"","overlay-opacity":"","overlay-gradient":""},"tablet":{"background-color":"var(--ast-global-color-5)","background-image":"","background-repeat":"repeat","background-position":"center center","background-size":"auto","background-attachment":"scroll","background-type":"","background-media":"","overlay-type":"","overlay-color":"","overlay-opacity":"","overlay-gradient":""},"mobile":{"background-color":"var(--ast-global-color-5)","background-image":"","background-repeat":"repeat","background-position":"center center","background-size":"auto","background-attachment":"scroll","background-type":"","background-media":"","overlay-type":"","overlay-color":"","overlay-opacity":"","overlay-gradient":""}},"footnotes":""},"categories":[31],"tags":[],"class_list":["post-25368","post","type-post","status-publish","format-standard","has-post-thumbnail","hentry","category-aktuality"],"yoast_head":"<!-- This site is optimized with the Yoast SEO plugin v27.4 - https:\/\/yoast.com\/product\/yoast-seo-wordpress\/ -->\n<title>Predn\u00e1\u0161ka: Tradi\u010dn\u00e9 ve\u013ekono\u010dn\u00e9 zvyky - Pova\u017esk\u00e9 m\u00fazeum<\/title>\n<meta name=\"robots\" content=\"index, follow, max-snippet:-1, max-image-preview:large, max-video-preview:-1\" \/>\n<link rel=\"canonical\" href=\"https:\/\/pmza.sk\/?p=25368\" \/>\n<meta property=\"og:locale\" content=\"sk_SK\" \/>\n<meta property=\"og:type\" content=\"article\" \/>\n<meta property=\"og:title\" content=\"Predn\u00e1\u0161ka: Tradi\u010dn\u00e9 ve\u013ekono\u010dn\u00e9 zvyky - Pova\u017esk\u00e9 m\u00fazeum\" \/>\n<meta property=\"og:description\" content=\"Pova\u017esk\u00e9 m\u00fazeum v \u017diline pripravilo pre v\u0161etk\u00fdch z\u00e1ujemcov predn\u00e1\u0161ku spojen\u00fa s tvorivou diel\u0148ou na t\u00e9mu Tradi\u010dn\u00e9 ve\u013ekono\u010dn\u00e9 zvyky. Uskuto\u010dn\u00ed sa vo \u0161tvrtok 22. 3. 2018 o 17.00 hod. vo V\u00fdchodnom pal\u00e1ci Budat\u00ednskeho hradu. Kapacita je obmedzen\u00e1, na predn\u00e1\u0161ku si v\u0161ak m\u00f4\u017eete rezervova\u0165 vstup. V\u0161etko, \u010do si vytvor\u00edte, si m\u00f4\u017eete odnies\u0165 so sebou.D\u013a\u017eka trvania: cca 2 [&hellip;]\" \/>\n<meta property=\"og:url\" content=\"https:\/\/pmza.sk\/?p=25368\" \/>\n<meta property=\"og:site_name\" content=\"Pova\u017esk\u00e9 m\u00fazeum\" \/>\n<meta property=\"article:publisher\" content=\"https:\/\/www.facebook.com\/povazskemuzeum\" \/>\n<meta property=\"article:published_time\" content=\"2018-03-16T00:45:36+00:00\" \/>\n<meta property=\"og:image\" content=\"https:\/\/pmza.sk\/wp-content\/uploads\/2018\/02\/velka_noc_www-scaled-1.jpg\" \/>\n\t<meta property=\"og:image:width\" content=\"1894\" \/>\n\t<meta property=\"og:image:height\" content=\"2560\" \/>\n\t<meta property=\"og:image:type\" content=\"image\/jpeg\" \/>\n<meta name=\"author\" content=\"Pova\u017esk\u00e9 m\u00fazeum\" \/>\n<meta name=\"twitter:card\" content=\"summary_large_image\" \/>\n<meta name=\"twitter:label1\" content=\"Autor\" \/>\n\t<meta name=\"twitter:data1\" content=\"Pova\u017esk\u00e9 m\u00fazeum\" \/>\n\t<meta name=\"twitter:label2\" content=\"Predpokladan\u00fd \u010das \u010d\u00edtania\" \/>\n\t<meta name=\"twitter:data2\" content=\"1 min\u00fata\" \/>\n<script type=\"application\/ld+json\" class=\"yoast-schema-graph\">{\"@context\":\"https:\\\/\\\/schema.org\",\"@graph\":[{\"@type\":\"Article\",\"@id\":\"https:\\\/\\\/pmza.sk\\\/?p=25368#article\",\"isPartOf\":{\"@id\":\"https:\\\/\\\/pmza.sk\\\/?p=25368\"},\"author\":{\"name\":\"Pova\u017esk\u00e9 m\u00fazeum\",\"@id\":\"https:\\\/\\\/pmza.sk\\\/#\\\/schema\\\/person\\\/595e6a2ce731ea94dcd5d7f50a41ae33\"},\"headline\":\"Predn\u00e1\u0161ka: Tradi\u010dn\u00e9 ve\u013ekono\u010dn\u00e9 zvyky\",\"datePublished\":\"2018-03-16T00:45:36+00:00\",\"mainEntityOfPage\":{\"@id\":\"https:\\\/\\\/pmza.sk\\\/?p=25368\"},\"wordCount\":293,\"publisher\":{\"@id\":\"https:\\\/\\\/pmza.sk\\\/#organization\"},\"image\":{\"@id\":\"https:\\\/\\\/pmza.sk\\\/?p=25368#primaryimage\"},\"thumbnailUrl\":\"https:\\\/\\\/pmza.sk\\\/wp-content\\\/uploads\\\/2018\\\/02\\\/velka_noc_www-scaled-1.jpg\",\"articleSection\":[\"Aktuality\"],\"inLanguage\":\"sk-SK\"},{\"@type\":\"WebPage\",\"@id\":\"https:\\\/\\\/pmza.sk\\\/?p=25368\",\"url\":\"https:\\\/\\\/pmza.sk\\\/?p=25368\",\"name\":\"Predn\u00e1\u0161ka: Tradi\u010dn\u00e9 ve\u013ekono\u010dn\u00e9 zvyky - Pova\u017esk\u00e9 m\u00fazeum\",\"isPartOf\":{\"@id\":\"https:\\\/\\\/pmza.sk\\\/#website\"},\"primaryImageOfPage\":{\"@id\":\"https:\\\/\\\/pmza.sk\\\/?p=25368#primaryimage\"},\"image\":{\"@id\":\"https:\\\/\\\/pmza.sk\\\/?p=25368#primaryimage\"},\"thumbnailUrl\":\"https:\\\/\\\/pmza.sk\\\/wp-content\\\/uploads\\\/2018\\\/02\\\/velka_noc_www-scaled-1.jpg\",\"datePublished\":\"2018-03-16T00:45:36+00:00\",\"breadcrumb\":{\"@id\":\"https:\\\/\\\/pmza.sk\\\/?p=25368#breadcrumb\"},\"inLanguage\":\"sk-SK\",\"potentialAction\":[{\"@type\":\"ReadAction\",\"target\":[\"https:\\\/\\\/pmza.sk\\\/?p=25368\"]}]},{\"@type\":\"ImageObject\",\"inLanguage\":\"sk-SK\",\"@id\":\"https:\\\/\\\/pmza.sk\\\/?p=25368#primaryimage\",\"url\":\"https:\\\/\\\/pmza.sk\\\/wp-content\\\/uploads\\\/2018\\\/02\\\/velka_noc_www-scaled-1.jpg\",\"contentUrl\":\"https:\\\/\\\/pmza.sk\\\/wp-content\\\/uploads\\\/2018\\\/02\\\/velka_noc_www-scaled-1.jpg\",\"width\":1894,\"height\":2560},{\"@type\":\"BreadcrumbList\",\"@id\":\"https:\\\/\\\/pmza.sk\\\/?p=25368#breadcrumb\",\"itemListElement\":[{\"@type\":\"ListItem\",\"position\":1,\"name\":\"Domovsk\u00e1 str\u00e1nka\",\"item\":\"https:\\\/\\\/pmza.sk\\\/\"},{\"@type\":\"ListItem\",\"position\":2,\"name\":\"Predn\u00e1\u0161ka: Tradi\u010dn\u00e9 ve\u013ekono\u010dn\u00e9 zvyky\"}]},{\"@type\":\"WebSite\",\"@id\":\"https:\\\/\\\/pmza.sk\\\/#website\",\"url\":\"https:\\\/\\\/pmza.sk\\\/\",\"name\":\"Pova\u017esk\u00e9 m\u00fazeum\",\"description\":\"Pova\u017esk\u00e9 m\u00fazeum v \u017diline je region\u00e1lne m\u00fazeum so s\u00eddlom v Budat\u00edne. Jeho expoz\u00edcie s\u00fa zameran\u00e9 na dejiny slovensk\u00e9ho umenia, kult\u00fary a dopravy.\",\"publisher\":{\"@id\":\"https:\\\/\\\/pmza.sk\\\/#organization\"},\"potentialAction\":[{\"@type\":\"SearchAction\",\"target\":{\"@type\":\"EntryPoint\",\"urlTemplate\":\"https:\\\/\\\/pmza.sk\\\/?s={search_term_string}\"},\"query-input\":{\"@type\":\"PropertyValueSpecification\",\"valueRequired\":true,\"valueName\":\"search_term_string\"}}],\"inLanguage\":\"sk-SK\"},{\"@type\":\"Organization\",\"@id\":\"https:\\\/\\\/pmza.sk\\\/#organization\",\"name\":\"Pova\u017esk\u00e9 m\u00fazeum\",\"url\":\"https:\\\/\\\/pmza.sk\\\/\",\"logo\":{\"@type\":\"ImageObject\",\"inLanguage\":\"sk-SK\",\"@id\":\"https:\\\/\\\/pmza.sk\\\/#\\\/schema\\\/logo\\\/image\\\/\",\"url\":\"https:\\\/\\\/pmza.sk\\\/wp-content\\\/uploads\\\/2022\\\/01\\\/logo_PM_horizontal.jpg\",\"contentUrl\":\"https:\\\/\\\/pmza.sk\\\/wp-content\\\/uploads\\\/2022\\\/01\\\/logo_PM_horizontal.jpg\",\"width\":231,\"height\":142,\"caption\":\"Pova\u017esk\u00e9 m\u00fazeum\"},\"image\":{\"@id\":\"https:\\\/\\\/pmza.sk\\\/#\\\/schema\\\/logo\\\/image\\\/\"},\"sameAs\":[\"https:\\\/\\\/www.facebook.com\\\/povazskemuzeum\",\"https:\\\/\\\/www.instagram.com\\\/povazskemuzeum\\\/\"]},{\"@type\":\"Person\",\"@id\":\"https:\\\/\\\/pmza.sk\\\/#\\\/schema\\\/person\\\/595e6a2ce731ea94dcd5d7f50a41ae33\",\"name\":\"Pova\u017esk\u00e9 m\u00fazeum\",\"image\":{\"@type\":\"ImageObject\",\"inLanguage\":\"sk-SK\",\"@id\":\"https:\\\/\\\/secure.gravatar.com\\\/avatar\\\/2bb7f1561282132fb5826dfeccc66c7996d11ee392ac6aaf7ced8a1c2027fbb2?s=96&d=mm&r=g\",\"url\":\"https:\\\/\\\/secure.gravatar.com\\\/avatar\\\/2bb7f1561282132fb5826dfeccc66c7996d11ee392ac6aaf7ced8a1c2027fbb2?s=96&d=mm&r=g\",\"contentUrl\":\"https:\\\/\\\/secure.gravatar.com\\\/avatar\\\/2bb7f1561282132fb5826dfeccc66c7996d11ee392ac6aaf7ced8a1c2027fbb2?s=96&d=mm&r=g\",\"caption\":\"Pova\u017esk\u00e9 m\u00fazeum\"}}]}<\/script>\n<!-- \/ Yoast SEO plugin. -->","yoast_head_json":{"title":"Predn\u00e1\u0161ka: Tradi\u010dn\u00e9 ve\u013ekono\u010dn\u00e9 zvyky - Pova\u017esk\u00e9 m\u00fazeum","robots":{"index":"index","follow":"follow","max-snippet":"max-snippet:-1","max-image-preview":"max-image-preview:large","max-video-preview":"max-video-preview:-1"},"canonical":"https:\/\/pmza.sk\/?p=25368","og_locale":"sk_SK","og_type":"article","og_title":"Predn\u00e1\u0161ka: Tradi\u010dn\u00e9 ve\u013ekono\u010dn\u00e9 zvyky - Pova\u017esk\u00e9 m\u00fazeum","og_description":"Pova\u017esk\u00e9 m\u00fazeum v \u017diline pripravilo pre v\u0161etk\u00fdch z\u00e1ujemcov predn\u00e1\u0161ku spojen\u00fa s tvorivou diel\u0148ou na t\u00e9mu Tradi\u010dn\u00e9 ve\u013ekono\u010dn\u00e9 zvyky. Uskuto\u010dn\u00ed sa vo \u0161tvrtok 22. 3. 2018 o 17.00 hod. vo V\u00fdchodnom pal\u00e1ci Budat\u00ednskeho hradu. Kapacita je obmedzen\u00e1, na predn\u00e1\u0161ku si v\u0161ak m\u00f4\u017eete rezervova\u0165 vstup. V\u0161etko, \u010do si vytvor\u00edte, si m\u00f4\u017eete odnies\u0165 so sebou.D\u013a\u017eka trvania: cca 2 [&hellip;]","og_url":"https:\/\/pmza.sk\/?p=25368","og_site_name":"Pova\u017esk\u00e9 m\u00fazeum","article_publisher":"https:\/\/www.facebook.com\/povazskemuzeum","article_published_time":"2018-03-16T00:45:36+00:00","og_image":[{"width":1894,"height":2560,"url":"https:\/\/pmza.sk\/wp-content\/uploads\/2018\/02\/velka_noc_www-scaled-1.jpg","type":"image\/jpeg"}],"author":"Pova\u017esk\u00e9 m\u00fazeum","twitter_card":"summary_large_image","twitter_misc":{"Autor":"Pova\u017esk\u00e9 m\u00fazeum","Predpokladan\u00fd \u010das \u010d\u00edtania":"1 min\u00fata"},"schema":{"@context":"https:\/\/schema.org","@graph":[{"@type":"Article","@id":"https:\/\/pmza.sk\/?p=25368#article","isPartOf":{"@id":"https:\/\/pmza.sk\/?p=25368"},"author":{"name":"Pova\u017esk\u00e9 m\u00fazeum","@id":"https:\/\/pmza.sk\/#\/schema\/person\/595e6a2ce731ea94dcd5d7f50a41ae33"},"headline":"Predn\u00e1\u0161ka: Tradi\u010dn\u00e9 ve\u013ekono\u010dn\u00e9 zvyky","datePublished":"2018-03-16T00:45:36+00:00","mainEntityOfPage":{"@id":"https:\/\/pmza.sk\/?p=25368"},"wordCount":293,"publisher":{"@id":"https:\/\/pmza.sk\/#organization"},"image":{"@id":"https:\/\/pmza.sk\/?p=25368#primaryimage"},"thumbnailUrl":"https:\/\/pmza.sk\/wp-content\/uploads\/2018\/02\/velka_noc_www-scaled-1.jpg","articleSection":["Aktuality"],"inLanguage":"sk-SK"},{"@type":"WebPage","@id":"https:\/\/pmza.sk\/?p=25368","url":"https:\/\/pmza.sk\/?p=25368","name":"Predn\u00e1\u0161ka: Tradi\u010dn\u00e9 ve\u013ekono\u010dn\u00e9 zvyky - Pova\u017esk\u00e9 m\u00fazeum","isPartOf":{"@id":"https:\/\/pmza.sk\/#website"},"primaryImageOfPage":{"@id":"https:\/\/pmza.sk\/?p=25368#primaryimage"},"image":{"@id":"https:\/\/pmza.sk\/?p=25368#primaryimage"},"thumbnailUrl":"https:\/\/pmza.sk\/wp-content\/uploads\/2018\/02\/velka_noc_www-scaled-1.jpg","datePublished":"2018-03-16T00:45:36+00:00","breadcrumb":{"@id":"https:\/\/pmza.sk\/?p=25368#breadcrumb"},"inLanguage":"sk-SK","potentialAction":[{"@type":"ReadAction","target":["https:\/\/pmza.sk\/?p=25368"]}]},{"@type":"ImageObject","inLanguage":"sk-SK","@id":"https:\/\/pmza.sk\/?p=25368#primaryimage","url":"https:\/\/pmza.sk\/wp-content\/uploads\/2018\/02\/velka_noc_www-scaled-1.jpg","contentUrl":"https:\/\/pmza.sk\/wp-content\/uploads\/2018\/02\/velka_noc_www-scaled-1.jpg","width":1894,"height":2560},{"@type":"BreadcrumbList","@id":"https:\/\/pmza.sk\/?p=25368#breadcrumb","itemListElement":[{"@type":"ListItem","position":1,"name":"Domovsk\u00e1 str\u00e1nka","item":"https:\/\/pmza.sk\/"},{"@type":"ListItem","position":2,"name":"Predn\u00e1\u0161ka: Tradi\u010dn\u00e9 ve\u013ekono\u010dn\u00e9 zvyky"}]},{"@type":"WebSite","@id":"https:\/\/pmza.sk\/#website","url":"https:\/\/pmza.sk\/","name":"Pova\u017esk\u00e9 m\u00fazeum","description":"Pova\u017esk\u00e9 m\u00fazeum v \u017diline je region\u00e1lne m\u00fazeum so s\u00eddlom v Budat\u00edne. Jeho expoz\u00edcie s\u00fa zameran\u00e9 na dejiny slovensk\u00e9ho umenia, kult\u00fary a dopravy.","publisher":{"@id":"https:\/\/pmza.sk\/#organization"},"potentialAction":[{"@type":"SearchAction","target":{"@type":"EntryPoint","urlTemplate":"https:\/\/pmza.sk\/?s={search_term_string}"},"query-input":{"@type":"PropertyValueSpecification","valueRequired":true,"valueName":"search_term_string"}}],"inLanguage":"sk-SK"},{"@type":"Organization","@id":"https:\/\/pmza.sk\/#organization","name":"Pova\u017esk\u00e9 m\u00fazeum","url":"https:\/\/pmza.sk\/","logo":{"@type":"ImageObject","inLanguage":"sk-SK","@id":"https:\/\/pmza.sk\/#\/schema\/logo\/image\/","url":"https:\/\/pmza.sk\/wp-content\/uploads\/2022\/01\/logo_PM_horizontal.jpg","contentUrl":"https:\/\/pmza.sk\/wp-content\/uploads\/2022\/01\/logo_PM_horizontal.jpg","width":231,"height":142,"caption":"Pova\u017esk\u00e9 m\u00fazeum"},"image":{"@id":"https:\/\/pmza.sk\/#\/schema\/logo\/image\/"},"sameAs":["https:\/\/www.facebook.com\/povazskemuzeum","https:\/\/www.instagram.com\/povazskemuzeum\/"]},{"@type":"Person","@id":"https:\/\/pmza.sk\/#\/schema\/person\/595e6a2ce731ea94dcd5d7f50a41ae33","name":"Pova\u017esk\u00e9 m\u00fazeum","image":{"@type":"ImageObject","inLanguage":"sk-SK","@id":"https:\/\/secure.gravatar.com\/avatar\/2bb7f1561282132fb5826dfeccc66c7996d11ee392ac6aaf7ced8a1c2027fbb2?s=96&d=mm&r=g","url":"https:\/\/secure.gravatar.com\/avatar\/2bb7f1561282132fb5826dfeccc66c7996d11ee392ac6aaf7ced8a1c2027fbb2?s=96&d=mm&r=g","contentUrl":"https:\/\/secure.gravatar.com\/avatar\/2bb7f1561282132fb5826dfeccc66c7996d11ee392ac6aaf7ced8a1c2027fbb2?s=96&d=mm&r=g","caption":"Pova\u017esk\u00e9 m\u00fazeum"}}]}},"_links":{"self":[{"href":"https:\/\/pmza.sk\/index.php?rest_route=\/wp\/v2\/posts\/25368","targetHints":{"allow":["GET"]}}],"collection":[{"href":"https:\/\/pmza.sk\/index.php?rest_route=\/wp\/v2\/posts"}],"about":[{"href":"https:\/\/pmza.sk\/index.php?rest_route=\/wp\/v2\/types\/post"}],"author":[{"embeddable":true,"href":"https:\/\/pmza.sk\/index.php?rest_route=\/wp\/v2\/users\/2"}],"replies":[{"embeddable":true,"href":"https:\/\/pmza.sk\/index.php?rest_route=%2Fwp%2Fv2%2Fcomments&post=25368"}],"version-history":[{"count":0,"href":"https:\/\/pmza.sk\/index.php?rest_route=\/wp\/v2\/posts\/25368\/revisions"}],"wp:featuredmedia":[{"embeddable":true,"href":"https:\/\/pmza.sk\/index.php?rest_route=\/wp\/v2\/media\/25038"}],"wp:attachment":[{"href":"https:\/\/pmza.sk\/index.php?rest_route=%2Fwp%2Fv2%2Fmedia&parent=25368"}],"wp:term":[{"taxonomy":"category","embeddable":true,"href":"https:\/\/pmza.sk\/index.php?rest_route=%2Fwp%2Fv2%2Fcategories&post=25368"},{"taxonomy":"post_tag","embeddable":true,"href":"https:\/\/pmza.sk\/index.php?rest_route=%2Fwp%2Fv2%2Ftags&post=25368"}],"curies":[{"name":"wp","href":"https:\/\/api.w.org\/{rel}","templated":true}]}}