{"id":25388,"date":"2018-03-15T09:40:33","date_gmt":"2018-03-15T08:40:33","guid":{"rendered":"https:\/\/pmza.sk\/?p=25388"},"modified":"2018-03-15T09:40:33","modified_gmt":"2018-03-15T08:40:33","slug":"budatinskym-parkom-vlani-preslo-vyse-200-tisic-navstevnikov","status":"publish","type":"post","link":"https:\/\/pmza.sk\/?p=25388","title":{"rendered":"Budat\u00ednskym parkom vlani pre\u0161lo vy\u0161e 200-tis\u00edc n\u00e1v\u0161tevn\u00edkov"},"content":{"rendered":"<p>\u017dilinsk\u00e1 \u017eupa umiestnila s\u010d\u00edtacie zariadenia pri vstupoch do Budat\u00ednskeho parku, kde monitoruj\u00fa pohyb chodcov od leta 2016. \u00dadaje z nich uk\u00e1zali, \u017ee odvtedy are\u00e1lom pri Budat\u00ednskom hrade pre\u0161lo takmer 300-tis\u00edc \u013eud\u00ed (291\u00a0089).<\/p>\n<p>Minul\u00fd rok zaznamenali s\u010d\u00edtacie zariadenia 201\u00a0282 turistov. Najviac \u013eud\u00ed vyh\u013eadalo park po\u010das akci\u00ed Pova\u017esk\u00e9ho m\u00fazea v \u017diline, ktor\u00e9 spravuje Budat\u00ednsky hrad i\u00a0park. Napr\u00edklad po\u010das podujatia venovan\u00e9ho Medzin\u00e1rodn\u00e9mu d\u0148u det\u00ed 27. m\u00e1ja zamierilo do parku 5\u00a0447 \u013eud\u00ed.<\/p>\n<p>,,Historick\u00fd Budat\u00ednsky park je mimoriadne vyh\u013ead\u00e1van\u00fdm a\u00a0nav\u0161tevovan\u00fdm miestom najm\u00e4 v\u010faka tomu, \u017ee po revitaliz\u00e1cii Pova\u017esk\u00e9 m\u00fazeum park udr\u017eiava, \u010d\u00edm prispieva k\u00a0tomu, aby si aj \u013eudia zo \u0161irok\u00e9ho okolia na\u0161li v\u00a0\u0148om pr\u00edjemn\u00fa a\u00a0atrakt\u00edvnu z\u00f3nu. V\u0161etky podujatia m\u00fazea v\u00a0parku sa te\u0161ia ve\u013ekej ob\u013eube na\u0161ich n\u00e1v\u0161tevn\u00edkov, ktor\u00ed do neho radi op\u00e4tovne prich\u00e1dzaj\u00fa,\u201c uviedol riadite\u013e Pova\u017esk\u00e9ho m\u00fazea v\u00a0\u017diline Michal Jureck\u00fd. Ako dodal, k\u00a0n\u00e1v\u0161tevnosti parku prispieva aj jeho bezbari\u00e9rovos\u0165 a\u00a0to, \u017ee je s\u00fa\u010das\u0165ou cyklotr\u00e1s.<\/p>\n<p><a href=\"https:\/\/pmza.sk\/wp-content\/uploads\/2018\/03\/Budatin_po-zime.jpg\"><img decoding=\"async\" class=\"alignleft size-thumbnail wp-image-25385\" src=\"https:\/\/pmza.sk\/wp-content\/uploads\/2018\/03\/Budatin_po-zime-113x150.jpg\" alt=\"\" width=\"113\" height=\"150\" \/><\/a>Prech\u00e1dzky, pikniky, stretnutia, \u0161portov\u00e9 aktivity, cez zimn\u00e9 mesiace aj be\u017ek\u00e1ri &#8211; Budat\u00ednsky park pri s\u00fatoku dvoch riek \u2013 Kysuca a\u00a0V\u00e1h, je ob\u013e\u00faben\u00fdm miestom v\u00a0ka\u017edom ro\u010dnom obdob\u00ed. Okrem mno\u017estva pozoruhodn\u00fdch dom\u00e1cich i\u00a0cudzokrajn\u00fdch drev\u00edn v\u00a0\u0148om rastie Strom roka 2016 \u2013 platan javorolist\u00fd. Tento titul mu pris\u00fadila verejnos\u0165 v ankete, ktor\u00fa ka\u017edoro\u010dne organizuje Nad\u00e1cia Ekopolis.<\/p>\n<p>Park je spolu s\u00a0hradom od roku 1963 n\u00e1rodnou kult\u00farnou pamiatkou. Budat\u00ednsky hrad, zatia\u013e \u010das\u0165 druh\u00e9ho a\u00a0tretie nadzemn\u00e9 podla\u017eie, ako i\u00a0barokov\u00e1 kaplnka v\u00a0hradnom are\u00e1li s\u00fa po rekon\u0161trukcii otvoren\u00e9 od leta 2016. Na ich obnovu \u017dilinsk\u00fd samospr\u00e1vny kraj \u010derpal prostriedky z\u00a0eurofondov, N\u00f3rskych fondov i\u00a0vlastn\u00fdch zdrojov. Od roku 2014 je pr\u00edstupn\u00e1 verejnosti i\u00a0ve\u017ea hradu.<\/p>\n<p>Rekon\u0161trukcia hradn\u00e9ho are\u00e1lu pokra\u010duje i\u00a0tento rok. ,,K objektom, ktor\u00e9 nevyhnutne potrebuj\u00fa obnovu, patr\u00ed aj hospod\u00e1rska budova, kde sa rekon\u0161truk\u010dn\u00e9 pr\u00e1ce u\u017e za\u010dali. Po ich skon\u010den\u00ed bude v\u00a0obnovenom objekte expoz\u00edcia drot\u00e1rstva. Drot\u00e1rstvo je s\u00fa\u010das\u0165ou zbierok Pova\u017esk\u00e9ho m\u00fazea, a\u00a0my, v\u010faka nov\u00fdm priestorom, budeme m\u00f4c\u0165 verejnosti uk\u00e1za\u0165 predmety doposia\u013e ukryt\u00e9 v\u00a0depozite,\u201c uviedla Zuzana Mi\u010d\u00edkov\u00e1 z\u00a0odboru kult\u00fary \u017dilinsk\u00e9ho samospr\u00e1vneho kraja.<\/p>\n<p><a href=\"https:\/\/pmza.sk\/wp-content\/uploads\/2018\/03\/Budatin_hospodarska-budova.jpg\"><img decoding=\"async\" class=\"alignleft size-thumbnail wp-image-25383\" src=\"https:\/\/pmza.sk\/wp-content\/uploads\/2018\/03\/Budatin_hospodarska-budova-150x113.jpg\" alt=\"\" width=\"150\" height=\"113\" \/><\/a>Hospod\u00e1rska budova bola postaven\u00e1 v\u00a0polovici 18. storo\u010dia. Sused\u00ed s\u00a0u\u017e zrekon\u0161truovanou kaplnkou. V\u00a0minulosti sa pr\u00e1ve cez t\u00fato budovu vstupovalo do are\u00e1lu hradu. Bol v\u00a0nej sklad i\u00a0miestnosti pre slu\u017eobn\u00edkov, po vojne tam s\u00eddlil arch\u00edv. Posledn\u00e9 roky bola pre havarijn\u00fd stav zatvoren\u00e1.<\/p>\n<p>\u017dilinsk\u00e1 \u017eupa, ktor\u00e1 je zria\u010fovate\u013eom Pova\u017esk\u00e9ho m\u00fazea v\u00a0\u017diline, na obnovu hospod\u00e1rskej budovy z\u00edskala 1 mili\u00f3n eur z\u00a0fondov Eur\u00f3pskej \u00fanie.<\/p>\n<p style=\"text-align: right;\">Tla\u010dov\u00e1 spr\u00e1va<br \/>\u017dilinsk\u00e9ho samospr\u00e1vneho kraja<\/p>\n<p>&nbsp;<\/p>\n","protected":false},"excerpt":{"rendered":"<p>\u017dilinsk\u00e1 \u017eupa umiestnila s\u010d\u00edtacie zariadenia pri vstupoch do Budat\u00ednskeho parku, kde monitoruj\u00fa pohyb chodcov od leta 2016. \u00dadaje z nich uk\u00e1zali, \u017ee odvtedy are\u00e1lom pri Budat\u00ednskom hrade pre\u0161lo takmer 300-tis\u00edc \u013eud\u00ed (291\u00a0089). Minul\u00fd rok zaznamenali s\u010d\u00edtacie zariadenia 201\u00a0282 turistov. Najviac \u013eud\u00ed vyh\u013eadalo park po\u010das akci\u00ed Pova\u017esk\u00e9ho m\u00fazea v \u017diline, ktor\u00e9 spravuje Budat\u00ednsky hrad i\u00a0park. Napr\u00edklad [&hellip;]<\/p>\n","protected":false},"author":2,"featured_media":25384,"comment_status":"closed","ping_status":"closed","sticky":false,"template":"","format":"standard","meta":{"site-sidebar-layout":"default","site-content-layout":"","ast-site-content-layout":"","site-content-style":"default","site-sidebar-style":"default","ast-global-header-display":"","ast-banner-title-visibility":"","ast-main-header-display":"","ast-hfb-above-header-display":"","ast-hfb-below-header-display":"","ast-hfb-mobile-header-display":"","site-post-title":"","ast-breadcrumbs-content":"","ast-featured-img":"","footer-sml-layout":"","theme-transparent-header-meta":"","adv-header-id-meta":"","stick-header-meta":"","header-above-stick-meta":"","header-main-stick-meta":"","header-below-stick-meta":"","astra-migrate-meta-layouts":"default","ast-page-background-enabled":"default","ast-page-background-meta":{"desktop":{"background-color":"var(--ast-global-color-4)","background-image":"","background-repeat":"repeat","background-position":"center center","background-size":"auto","background-attachment":"scroll","background-type":"","background-media":"","overlay-type":"","overlay-color":"","overlay-opacity":"","overlay-gradient":""},"tablet":{"background-color":"","background-image":"","background-repeat":"repeat","background-position":"center center","background-size":"auto","background-attachment":"scroll","background-type":"","background-media":"","overlay-type":"","overlay-color":"","overlay-opacity":"","overlay-gradient":""},"mobile":{"background-color":"","background-image":"","background-repeat":"repeat","background-position":"center center","background-size":"auto","background-attachment":"scroll","background-type":"","background-media":"","overlay-type":"","overlay-color":"","overlay-opacity":"","overlay-gradient":""}},"ast-content-background-meta":{"desktop":{"background-color":"var(--ast-global-color-5)","background-image":"","background-repeat":"repeat","background-position":"center center","background-size":"auto","background-attachment":"scroll","background-type":"","background-media":"","overlay-type":"","overlay-color":"","overlay-opacity":"","overlay-gradient":""},"tablet":{"background-color":"var(--ast-global-color-5)","background-image":"","background-repeat":"repeat","background-position":"center center","background-size":"auto","background-attachment":"scroll","background-type":"","background-media":"","overlay-type":"","overlay-color":"","overlay-opacity":"","overlay-gradient":""},"mobile":{"background-color":"var(--ast-global-color-5)","background-image":"","background-repeat":"repeat","background-position":"center center","background-size":"auto","background-attachment":"scroll","background-type":"","background-media":"","overlay-type":"","overlay-color":"","overlay-opacity":"","overlay-gradient":""}},"footnotes":""},"categories":[1],"tags":[],"class_list":["post-25388","post","type-post","status-publish","format-standard","has-post-thumbnail","hentry","category-nezaradene"],"yoast_head":"<!-- This site is optimized with the Yoast SEO plugin v27.4 - https:\/\/yoast.com\/product\/yoast-seo-wordpress\/ -->\n<title>Budat\u00ednskym parkom vlani pre\u0161lo vy\u0161e 200-tis\u00edc n\u00e1v\u0161tevn\u00edkov - Pova\u017esk\u00e9 m\u00fazeum<\/title>\n<meta name=\"robots\" content=\"index, follow, max-snippet:-1, max-image-preview:large, max-video-preview:-1\" \/>\n<link rel=\"canonical\" href=\"https:\/\/pmza.sk\/?p=25388\" \/>\n<meta property=\"og:locale\" content=\"sk_SK\" \/>\n<meta property=\"og:type\" content=\"article\" \/>\n<meta property=\"og:title\" content=\"Budat\u00ednskym parkom vlani pre\u0161lo vy\u0161e 200-tis\u00edc n\u00e1v\u0161tevn\u00edkov - Pova\u017esk\u00e9 m\u00fazeum\" \/>\n<meta property=\"og:description\" content=\"\u017dilinsk\u00e1 \u017eupa umiestnila s\u010d\u00edtacie zariadenia pri vstupoch do Budat\u00ednskeho parku, kde monitoruj\u00fa pohyb chodcov od leta 2016. \u00dadaje z nich uk\u00e1zali, \u017ee odvtedy are\u00e1lom pri Budat\u00ednskom hrade pre\u0161lo takmer 300-tis\u00edc \u013eud\u00ed (291\u00a0089). Minul\u00fd rok zaznamenali s\u010d\u00edtacie zariadenia 201\u00a0282 turistov. Najviac \u013eud\u00ed vyh\u013eadalo park po\u010das akci\u00ed Pova\u017esk\u00e9ho m\u00fazea v \u017diline, ktor\u00e9 spravuje Budat\u00ednsky hrad i\u00a0park. Napr\u00edklad [&hellip;]\" \/>\n<meta property=\"og:url\" content=\"https:\/\/pmza.sk\/?p=25388\" \/>\n<meta property=\"og:site_name\" content=\"Pova\u017esk\u00e9 m\u00fazeum\" \/>\n<meta property=\"article:publisher\" content=\"https:\/\/www.facebook.com\/povazskemuzeum\" \/>\n<meta property=\"article:published_time\" content=\"2018-03-15T08:40:33+00:00\" \/>\n<meta property=\"og:image\" content=\"https:\/\/pmza.sk\/wp-content\/uploads\/2018\/03\/Budatin_park-hrad-scaled-1.jpg\" \/>\n\t<meta property=\"og:image:width\" content=\"2560\" \/>\n\t<meta property=\"og:image:height\" content=\"1707\" \/>\n\t<meta property=\"og:image:type\" content=\"image\/jpeg\" \/>\n<meta name=\"author\" content=\"Pova\u017esk\u00e9 m\u00fazeum\" \/>\n<meta name=\"twitter:card\" content=\"summary_large_image\" \/>\n<meta name=\"twitter:label1\" content=\"Autor\" \/>\n\t<meta name=\"twitter:data1\" content=\"Pova\u017esk\u00e9 m\u00fazeum\" \/>\n\t<meta name=\"twitter:label2\" content=\"Predpokladan\u00fd \u010das \u010d\u00edtania\" \/>\n\t<meta name=\"twitter:data2\" content=\"3 min\u00faty\" \/>\n<script type=\"application\/ld+json\" class=\"yoast-schema-graph\">{\"@context\":\"https:\\\/\\\/schema.org\",\"@graph\":[{\"@type\":\"Article\",\"@id\":\"https:\\\/\\\/pmza.sk\\\/?p=25388#article\",\"isPartOf\":{\"@id\":\"https:\\\/\\\/pmza.sk\\\/?p=25388\"},\"author\":{\"name\":\"Pova\u017esk\u00e9 m\u00fazeum\",\"@id\":\"https:\\\/\\\/pmza.sk\\\/#\\\/schema\\\/person\\\/595e6a2ce731ea94dcd5d7f50a41ae33\"},\"headline\":\"Budat\u00ednskym parkom vlani pre\u0161lo vy\u0161e 200-tis\u00edc n\u00e1v\u0161tevn\u00edkov\",\"datePublished\":\"2018-03-15T08:40:33+00:00\",\"mainEntityOfPage\":{\"@id\":\"https:\\\/\\\/pmza.sk\\\/?p=25388\"},\"wordCount\":530,\"publisher\":{\"@id\":\"https:\\\/\\\/pmza.sk\\\/#organization\"},\"image\":{\"@id\":\"https:\\\/\\\/pmza.sk\\\/?p=25388#primaryimage\"},\"thumbnailUrl\":\"https:\\\/\\\/pmza.sk\\\/wp-content\\\/uploads\\\/2018\\\/03\\\/Budatin_park-hrad-scaled-1.jpg\",\"inLanguage\":\"sk-SK\"},{\"@type\":\"WebPage\",\"@id\":\"https:\\\/\\\/pmza.sk\\\/?p=25388\",\"url\":\"https:\\\/\\\/pmza.sk\\\/?p=25388\",\"name\":\"Budat\u00ednskym parkom vlani pre\u0161lo vy\u0161e 200-tis\u00edc n\u00e1v\u0161tevn\u00edkov - Pova\u017esk\u00e9 m\u00fazeum\",\"isPartOf\":{\"@id\":\"https:\\\/\\\/pmza.sk\\\/#website\"},\"primaryImageOfPage\":{\"@id\":\"https:\\\/\\\/pmza.sk\\\/?p=25388#primaryimage\"},\"image\":{\"@id\":\"https:\\\/\\\/pmza.sk\\\/?p=25388#primaryimage\"},\"thumbnailUrl\":\"https:\\\/\\\/pmza.sk\\\/wp-content\\\/uploads\\\/2018\\\/03\\\/Budatin_park-hrad-scaled-1.jpg\",\"datePublished\":\"2018-03-15T08:40:33+00:00\",\"breadcrumb\":{\"@id\":\"https:\\\/\\\/pmza.sk\\\/?p=25388#breadcrumb\"},\"inLanguage\":\"sk-SK\",\"potentialAction\":[{\"@type\":\"ReadAction\",\"target\":[\"https:\\\/\\\/pmza.sk\\\/?p=25388\"]}]},{\"@type\":\"ImageObject\",\"inLanguage\":\"sk-SK\",\"@id\":\"https:\\\/\\\/pmza.sk\\\/?p=25388#primaryimage\",\"url\":\"https:\\\/\\\/pmza.sk\\\/wp-content\\\/uploads\\\/2018\\\/03\\\/Budatin_park-hrad-scaled-1.jpg\",\"contentUrl\":\"https:\\\/\\\/pmza.sk\\\/wp-content\\\/uploads\\\/2018\\\/03\\\/Budatin_park-hrad-scaled-1.jpg\",\"width\":2560,\"height\":1707},{\"@type\":\"BreadcrumbList\",\"@id\":\"https:\\\/\\\/pmza.sk\\\/?p=25388#breadcrumb\",\"itemListElement\":[{\"@type\":\"ListItem\",\"position\":1,\"name\":\"Domovsk\u00e1 str\u00e1nka\",\"item\":\"https:\\\/\\\/pmza.sk\\\/\"},{\"@type\":\"ListItem\",\"position\":2,\"name\":\"Budat\u00ednskym parkom vlani pre\u0161lo vy\u0161e 200-tis\u00edc n\u00e1v\u0161tevn\u00edkov\"}]},{\"@type\":\"WebSite\",\"@id\":\"https:\\\/\\\/pmza.sk\\\/#website\",\"url\":\"https:\\\/\\\/pmza.sk\\\/\",\"name\":\"Pova\u017esk\u00e9 m\u00fazeum\",\"description\":\"Pova\u017esk\u00e9 m\u00fazeum v \u017diline je region\u00e1lne m\u00fazeum so s\u00eddlom v Budat\u00edne. Jeho expoz\u00edcie s\u00fa zameran\u00e9 na dejiny slovensk\u00e9ho umenia, kult\u00fary a dopravy.\",\"publisher\":{\"@id\":\"https:\\\/\\\/pmza.sk\\\/#organization\"},\"potentialAction\":[{\"@type\":\"SearchAction\",\"target\":{\"@type\":\"EntryPoint\",\"urlTemplate\":\"https:\\\/\\\/pmza.sk\\\/?s={search_term_string}\"},\"query-input\":{\"@type\":\"PropertyValueSpecification\",\"valueRequired\":true,\"valueName\":\"search_term_string\"}}],\"inLanguage\":\"sk-SK\"},{\"@type\":\"Organization\",\"@id\":\"https:\\\/\\\/pmza.sk\\\/#organization\",\"name\":\"Pova\u017esk\u00e9 m\u00fazeum\",\"url\":\"https:\\\/\\\/pmza.sk\\\/\",\"logo\":{\"@type\":\"ImageObject\",\"inLanguage\":\"sk-SK\",\"@id\":\"https:\\\/\\\/pmza.sk\\\/#\\\/schema\\\/logo\\\/image\\\/\",\"url\":\"https:\\\/\\\/pmza.sk\\\/wp-content\\\/uploads\\\/2022\\\/01\\\/logo_PM_horizontal.jpg\",\"contentUrl\":\"https:\\\/\\\/pmza.sk\\\/wp-content\\\/uploads\\\/2022\\\/01\\\/logo_PM_horizontal.jpg\",\"width\":231,\"height\":142,\"caption\":\"Pova\u017esk\u00e9 m\u00fazeum\"},\"image\":{\"@id\":\"https:\\\/\\\/pmza.sk\\\/#\\\/schema\\\/logo\\\/image\\\/\"},\"sameAs\":[\"https:\\\/\\\/www.facebook.com\\\/povazskemuzeum\",\"https:\\\/\\\/www.instagram.com\\\/povazskemuzeum\\\/\"]},{\"@type\":\"Person\",\"@id\":\"https:\\\/\\\/pmza.sk\\\/#\\\/schema\\\/person\\\/595e6a2ce731ea94dcd5d7f50a41ae33\",\"name\":\"Pova\u017esk\u00e9 m\u00fazeum\",\"image\":{\"@type\":\"ImageObject\",\"inLanguage\":\"sk-SK\",\"@id\":\"https:\\\/\\\/secure.gravatar.com\\\/avatar\\\/2bb7f1561282132fb5826dfeccc66c7996d11ee392ac6aaf7ced8a1c2027fbb2?s=96&d=mm&r=g\",\"url\":\"https:\\\/\\\/secure.gravatar.com\\\/avatar\\\/2bb7f1561282132fb5826dfeccc66c7996d11ee392ac6aaf7ced8a1c2027fbb2?s=96&d=mm&r=g\",\"contentUrl\":\"https:\\\/\\\/secure.gravatar.com\\\/avatar\\\/2bb7f1561282132fb5826dfeccc66c7996d11ee392ac6aaf7ced8a1c2027fbb2?s=96&d=mm&r=g\",\"caption\":\"Pova\u017esk\u00e9 m\u00fazeum\"}}]}<\/script>\n<!-- \/ Yoast SEO plugin. -->","yoast_head_json":{"title":"Budat\u00ednskym parkom vlani pre\u0161lo vy\u0161e 200-tis\u00edc n\u00e1v\u0161tevn\u00edkov - Pova\u017esk\u00e9 m\u00fazeum","robots":{"index":"index","follow":"follow","max-snippet":"max-snippet:-1","max-image-preview":"max-image-preview:large","max-video-preview":"max-video-preview:-1"},"canonical":"https:\/\/pmza.sk\/?p=25388","og_locale":"sk_SK","og_type":"article","og_title":"Budat\u00ednskym parkom vlani pre\u0161lo vy\u0161e 200-tis\u00edc n\u00e1v\u0161tevn\u00edkov - Pova\u017esk\u00e9 m\u00fazeum","og_description":"\u017dilinsk\u00e1 \u017eupa umiestnila s\u010d\u00edtacie zariadenia pri vstupoch do Budat\u00ednskeho parku, kde monitoruj\u00fa pohyb chodcov od leta 2016. \u00dadaje z nich uk\u00e1zali, \u017ee odvtedy are\u00e1lom pri Budat\u00ednskom hrade pre\u0161lo takmer 300-tis\u00edc \u013eud\u00ed (291\u00a0089). Minul\u00fd rok zaznamenali s\u010d\u00edtacie zariadenia 201\u00a0282 turistov. Najviac \u013eud\u00ed vyh\u013eadalo park po\u010das akci\u00ed Pova\u017esk\u00e9ho m\u00fazea v \u017diline, ktor\u00e9 spravuje Budat\u00ednsky hrad i\u00a0park. Napr\u00edklad [&hellip;]","og_url":"https:\/\/pmza.sk\/?p=25388","og_site_name":"Pova\u017esk\u00e9 m\u00fazeum","article_publisher":"https:\/\/www.facebook.com\/povazskemuzeum","article_published_time":"2018-03-15T08:40:33+00:00","og_image":[{"width":2560,"height":1707,"url":"https:\/\/pmza.sk\/wp-content\/uploads\/2018\/03\/Budatin_park-hrad-scaled-1.jpg","type":"image\/jpeg"}],"author":"Pova\u017esk\u00e9 m\u00fazeum","twitter_card":"summary_large_image","twitter_misc":{"Autor":"Pova\u017esk\u00e9 m\u00fazeum","Predpokladan\u00fd \u010das \u010d\u00edtania":"3 min\u00faty"},"schema":{"@context":"https:\/\/schema.org","@graph":[{"@type":"Article","@id":"https:\/\/pmza.sk\/?p=25388#article","isPartOf":{"@id":"https:\/\/pmza.sk\/?p=25388"},"author":{"name":"Pova\u017esk\u00e9 m\u00fazeum","@id":"https:\/\/pmza.sk\/#\/schema\/person\/595e6a2ce731ea94dcd5d7f50a41ae33"},"headline":"Budat\u00ednskym parkom vlani pre\u0161lo vy\u0161e 200-tis\u00edc n\u00e1v\u0161tevn\u00edkov","datePublished":"2018-03-15T08:40:33+00:00","mainEntityOfPage":{"@id":"https:\/\/pmza.sk\/?p=25388"},"wordCount":530,"publisher":{"@id":"https:\/\/pmza.sk\/#organization"},"image":{"@id":"https:\/\/pmza.sk\/?p=25388#primaryimage"},"thumbnailUrl":"https:\/\/pmza.sk\/wp-content\/uploads\/2018\/03\/Budatin_park-hrad-scaled-1.jpg","inLanguage":"sk-SK"},{"@type":"WebPage","@id":"https:\/\/pmza.sk\/?p=25388","url":"https:\/\/pmza.sk\/?p=25388","name":"Budat\u00ednskym parkom vlani pre\u0161lo vy\u0161e 200-tis\u00edc n\u00e1v\u0161tevn\u00edkov - Pova\u017esk\u00e9 m\u00fazeum","isPartOf":{"@id":"https:\/\/pmza.sk\/#website"},"primaryImageOfPage":{"@id":"https:\/\/pmza.sk\/?p=25388#primaryimage"},"image":{"@id":"https:\/\/pmza.sk\/?p=25388#primaryimage"},"thumbnailUrl":"https:\/\/pmza.sk\/wp-content\/uploads\/2018\/03\/Budatin_park-hrad-scaled-1.jpg","datePublished":"2018-03-15T08:40:33+00:00","breadcrumb":{"@id":"https:\/\/pmza.sk\/?p=25388#breadcrumb"},"inLanguage":"sk-SK","potentialAction":[{"@type":"ReadAction","target":["https:\/\/pmza.sk\/?p=25388"]}]},{"@type":"ImageObject","inLanguage":"sk-SK","@id":"https:\/\/pmza.sk\/?p=25388#primaryimage","url":"https:\/\/pmza.sk\/wp-content\/uploads\/2018\/03\/Budatin_park-hrad-scaled-1.jpg","contentUrl":"https:\/\/pmza.sk\/wp-content\/uploads\/2018\/03\/Budatin_park-hrad-scaled-1.jpg","width":2560,"height":1707},{"@type":"BreadcrumbList","@id":"https:\/\/pmza.sk\/?p=25388#breadcrumb","itemListElement":[{"@type":"ListItem","position":1,"name":"Domovsk\u00e1 str\u00e1nka","item":"https:\/\/pmza.sk\/"},{"@type":"ListItem","position":2,"name":"Budat\u00ednskym parkom vlani pre\u0161lo vy\u0161e 200-tis\u00edc n\u00e1v\u0161tevn\u00edkov"}]},{"@type":"WebSite","@id":"https:\/\/pmza.sk\/#website","url":"https:\/\/pmza.sk\/","name":"Pova\u017esk\u00e9 m\u00fazeum","description":"Pova\u017esk\u00e9 m\u00fazeum v \u017diline je region\u00e1lne m\u00fazeum so s\u00eddlom v Budat\u00edne. Jeho expoz\u00edcie s\u00fa zameran\u00e9 na dejiny slovensk\u00e9ho umenia, kult\u00fary a dopravy.","publisher":{"@id":"https:\/\/pmza.sk\/#organization"},"potentialAction":[{"@type":"SearchAction","target":{"@type":"EntryPoint","urlTemplate":"https:\/\/pmza.sk\/?s={search_term_string}"},"query-input":{"@type":"PropertyValueSpecification","valueRequired":true,"valueName":"search_term_string"}}],"inLanguage":"sk-SK"},{"@type":"Organization","@id":"https:\/\/pmza.sk\/#organization","name":"Pova\u017esk\u00e9 m\u00fazeum","url":"https:\/\/pmza.sk\/","logo":{"@type":"ImageObject","inLanguage":"sk-SK","@id":"https:\/\/pmza.sk\/#\/schema\/logo\/image\/","url":"https:\/\/pmza.sk\/wp-content\/uploads\/2022\/01\/logo_PM_horizontal.jpg","contentUrl":"https:\/\/pmza.sk\/wp-content\/uploads\/2022\/01\/logo_PM_horizontal.jpg","width":231,"height":142,"caption":"Pova\u017esk\u00e9 m\u00fazeum"},"image":{"@id":"https:\/\/pmza.sk\/#\/schema\/logo\/image\/"},"sameAs":["https:\/\/www.facebook.com\/povazskemuzeum","https:\/\/www.instagram.com\/povazskemuzeum\/"]},{"@type":"Person","@id":"https:\/\/pmza.sk\/#\/schema\/person\/595e6a2ce731ea94dcd5d7f50a41ae33","name":"Pova\u017esk\u00e9 m\u00fazeum","image":{"@type":"ImageObject","inLanguage":"sk-SK","@id":"https:\/\/secure.gravatar.com\/avatar\/2bb7f1561282132fb5826dfeccc66c7996d11ee392ac6aaf7ced8a1c2027fbb2?s=96&d=mm&r=g","url":"https:\/\/secure.gravatar.com\/avatar\/2bb7f1561282132fb5826dfeccc66c7996d11ee392ac6aaf7ced8a1c2027fbb2?s=96&d=mm&r=g","contentUrl":"https:\/\/secure.gravatar.com\/avatar\/2bb7f1561282132fb5826dfeccc66c7996d11ee392ac6aaf7ced8a1c2027fbb2?s=96&d=mm&r=g","caption":"Pova\u017esk\u00e9 m\u00fazeum"}}]}},"_links":{"self":[{"href":"https:\/\/pmza.sk\/index.php?rest_route=\/wp\/v2\/posts\/25388","targetHints":{"allow":["GET"]}}],"collection":[{"href":"https:\/\/pmza.sk\/index.php?rest_route=\/wp\/v2\/posts"}],"about":[{"href":"https:\/\/pmza.sk\/index.php?rest_route=\/wp\/v2\/types\/post"}],"author":[{"embeddable":true,"href":"https:\/\/pmza.sk\/index.php?rest_route=\/wp\/v2\/users\/2"}],"replies":[{"embeddable":true,"href":"https:\/\/pmza.sk\/index.php?rest_route=%2Fwp%2Fv2%2Fcomments&post=25388"}],"version-history":[{"count":0,"href":"https:\/\/pmza.sk\/index.php?rest_route=\/wp\/v2\/posts\/25388\/revisions"}],"wp:featuredmedia":[{"embeddable":true,"href":"https:\/\/pmza.sk\/index.php?rest_route=\/wp\/v2\/media\/25384"}],"wp:attachment":[{"href":"https:\/\/pmza.sk\/index.php?rest_route=%2Fwp%2Fv2%2Fmedia&parent=25388"}],"wp:term":[{"taxonomy":"category","embeddable":true,"href":"https:\/\/pmza.sk\/index.php?rest_route=%2Fwp%2Fv2%2Fcategories&post=25388"},{"taxonomy":"post_tag","embeddable":true,"href":"https:\/\/pmza.sk\/index.php?rest_route=%2Fwp%2Fv2%2Ftags&post=25388"}],"curies":[{"name":"wp","href":"https:\/\/api.w.org\/{rel}","templated":true}]}}