{"id":25417,"date":"2018-03-26T13:12:02","date_gmt":"2018-03-26T11:12:02","guid":{"rendered":"https:\/\/pmza.sk\/?p=25417"},"modified":"2018-03-26T13:12:02","modified_gmt":"2018-03-26T11:12:02","slug":"budatinska-veza-bude-opat-ziarit-modrou-symbolom-autizmu","status":"publish","type":"post","link":"https:\/\/pmza.sk\/?p=25417","title":{"rendered":"Budat\u00ednska ve\u017ea bude op\u00e4\u0165 \u017eiari\u0165 modrou &#8211; symbolom autizmu"},"content":{"rendered":"<p><a href=\"https:\/\/pmza.sk\/wp-content\/uploads\/2018\/03\/\u010fakovn\u00fd-list-2018.jpg\"><img decoding=\"async\" class=\" wp-image-25420 alignright\" src=\"https:\/\/pmza.sk\/wp-content\/uploads\/2018\/03\/\u010fakovn\u00fd-list-2018-106x150.jpg\" alt=\"\" width=\"119\" height=\"168\" \/><\/a>Pova\u017esk\u00e9 m\u00fazeum v \u017diline na z\u00e1klade spolupr\u00e1ce so Spolo\u010dnos\u0165ou na pomoc osob\u00e1m s autizmom &#8211; \u017dilinsk\u00fd regi\u00f3n (SPOSA &#8211; \u017dR) aj tento rok vysvieti Budat\u00ednsku ve\u017eu namodro. Pripoj\u00ed sa tak ku svetovej kampani Rozsvie\u0165me to namodro &#8211; Light it up blue. V \u017diline pri pr\u00edle\u017eitosti Svetov\u00e9ho d\u0148a povedomia o\u00a0autizme, vyjadr\u00ed svoju solidaritu Mesto \u017dilina modr\u00fdm vysvieten\u00edm \u017dilinskej radnice a Burianovej ve\u017ee a Pova\u017esk\u00e9 m\u00fazeum v \u017diline vysvieti Budat\u00ednsku ve\u017eu.<\/p>\n<p>Svetov\u00fdm d\u0148om povedomia o\u00a0autizme je 2. apr\u00edl. Budat\u00ednska ve\u017ea bude osvetlen\u00e1 namodro od Ve\u013ek\u00e9ho piatku, 30. marca, do utorka, 2. apr\u00edla 2018.<\/p>\n<p><strong>Tla\u010dov\u00e1 spr\u00e1va SPOSA &#8211; \u017dS:<\/strong><\/p>\n<p>Valn\u00e9 zhroma\u017edenie OSN v\u00a0decembri 2007 prijalo uznesenie \u010d.62\/139 pod n\u00e1zvom:\u00a0\u201e WorldAutismAwarenessDay\u201c &#8211;\u00a0 Svetov\u00fd de\u0148 povedomia o\u00a0autizme rozhodlo stanovi\u0165 2. apr\u00edl ako Svetov\u00fd de\u0148 povedomia o\u00a0autizme, konan\u00fd ka\u017edoro\u010dne od roku 2008 poz\u00fdva v\u0161etky \u010dlensk\u00e9 \u0161t\u00e1ty, relevantn\u00e9 organiz\u00e1cie syst\u00e9mu OSN a\u00a0in\u00e9 medzin\u00e1rodn\u00e9 organiz\u00e1cie, ako aj ob\u010diansku spolo\u010dnos\u0165, vr\u00e1tane mimovl\u00e1dnych organiz\u00e1cii a\u00a0s\u00fakromn\u00e9ho sektora, osl\u00e1vi\u0165 Svetov\u00fd de\u0148 informovania o autizme primeran\u00fdm sp\u00f4sobom, v\u00a0z\u00e1ujme zv\u00fd\u0161enia informovanosti verejnosti o\u00a0autizme.\u00a0Odpor\u00fa\u010da \u010dlensk\u00fdm \u0161t\u00e1tom prija\u0165 opatrenia na zv\u00fd\u0161enie informovanosti, vr\u00e1tane rod\u00edn, s\u00a0oh\u013eadom na deti s\u00a0autizmom.\u00a0Navrhuje Gener\u00e1lnemu tajomn\u00edkovi upozorni\u0165 na toto uznesenie v\u0161etky \u010dlensk\u00e9 \u0161t\u00e1ty a\u00a0organiz\u00e1cie OSN.<\/p>\n<p>V\u00fdznamn\u00e1 svetov\u00e1 organiz\u00e1cia\u00a0 AUTISM\u00a0 SPEAK\u00a0vedie od roku 2008 medzin\u00e1rodn\u00fa kampa\u0148\u00a0<strong>LIGHT\u00a0 IT\u00a0 UP\u00a0 BLUE, <\/strong>\u010do v\u00a0preklade znamen\u00e1 <strong>VYSVIE\u0164ME\u00a0 TO\u00a0 NA\u00a0 MODRO. <\/strong>V\u00a0tento de\u0148 v\u00fdznamn\u00e9 budovy a\u00a0pam\u00e4tihodnosti po celom svete, bud\u00fa vysvieten\u00e9 modr\u00fdm svetlom. K\u00a0tejto kampani sa ka\u017edoro\u010dne prip\u00e1ja aj Slovensko.<\/p>\n<p><a href=\"https:\/\/pmza.sk\/wp-content\/uploads\/2016\/04\/IMG_7511-Adrian-Vavro-Photography.jpg\"><img decoding=\"async\" class=\"alignleft size-thumbnail wp-image-15428\" src=\"https:\/\/pmza.sk\/wp-content\/uploads\/2016\/04\/IMG_7511-Adrian-Vavro-Photography-150x150.jpg\" alt=\"\" width=\"150\" height=\"150\" \/><\/a>Deti s\u00a0autizmom ost\u00e1vaj\u00fa celo\u017eivotne z\u00e1visl\u00e9 na v\u00fdraznej podpore a\u00a0pomoci rodiny a\u00a0okolia, ktor\u00e9 im rozumie. Ich v\u00fdvinov\u00e1 porucha je trval\u00e1 a\u00a0nevylie\u010dite\u013en\u00e1, av\u0161ak ovplyvnite\u013en\u00e1 celo\u017eivotn\u00fdm \u0161pecifick\u00fdm pr\u00edstupom a\u00a0terapiou, ktor\u00e9 musia by\u0165 komplexn\u00e9 a\u00a0kontinu\u00e1lne.<\/p>\n<p><strong>SPOSA \u2013 \u017dR<\/strong> (Spolo\u010dnos\u0165 na pomoc osob\u00e1m s\u00a0autizmom \u2013 \u017dilinsk\u00fd regi\u00f3n) sa od roku 2013 zap\u00e1ja do kampane, ku ktorej sa prip\u00e1ja aj <strong>MESTO \u017dILINA\u00a0 <\/strong>a\u00a0 <strong>POVA\u017dSK\u00c9\u00a0 M\u00daZEUM V \u017dILINE.<\/strong><\/p>\n<p><a href=\"https:\/\/pmza.sk\/wp-content\/uploads\/2016\/04\/MG_7235-Adrian-Vavro-Photography.jpg\"><img decoding=\"async\" class=\"size-thumbnail wp-image-15398 alignright\" src=\"https:\/\/pmza.sk\/wp-content\/uploads\/2016\/04\/MG_7235-Adrian-Vavro-Photography-150x150.jpg\" alt=\"\" width=\"150\" height=\"150\" \/><\/a>Inform\u00e1cie ku kampani n\u00e1jdete aj na <a href=\"http:\/\/www.rozsvietmodru.sk\/\">http:\/\/www.rozsvietmodru.sk\/<\/a><\/p>\n<p>Druh\u00e9ho apr\u00edla vyjadr\u00edte podporu autistom a ich bl\u00edzkym tak, \u017ee si oble\u010diete nie\u010do modr\u00e9. Ako prejav \u00facty k tejto v\u00fdvinovej poruche sa 2. apr\u00edla v\u00fdznamn\u00e9 budovy a stavby po celom svete roz\u017eiaria na modro. T\u00e1to farba je symbolom komunik\u00e1cie. Tak ako \u013eudia dlh\u00e9 roky nerozumeli autistom, ani oni nerozumeli zdrav\u00fdm. Neosta\u0148te \u013eahostajn\u00ed a venujte autizmu my\u0161lienku aj vy.<\/p>\n<p><a href=\"https:\/\/pmza.sk\/wp-content\/uploads\/2015\/03\/liub-logo-e1521717944719.png\"><img loading=\"lazy\" decoding=\"async\" class=\"wp-image-11934  aligncenter\" src=\"https:\/\/pmza.sk\/wp-content\/uploads\/2015\/03\/liub-logo-e1521717944719-150x77.png\" alt=\"\" width=\"327\" height=\"168\" \/><\/a><\/p>\n<p>&nbsp;<\/p>\n<p>&nbsp;<\/p>\n<p>&nbsp;<\/p>\n<p>&nbsp;<\/p>\n<p>&nbsp;<\/p>\n<p>&nbsp;<\/p>\n<p>&nbsp;<\/p>\n","protected":false},"excerpt":{"rendered":"<p>Pova\u017esk\u00e9 m\u00fazeum v \u017diline na z\u00e1klade spolupr\u00e1ce so Spolo\u010dnos\u0165ou na pomoc osob\u00e1m s autizmom &#8211; \u017dilinsk\u00fd regi\u00f3n (SPOSA &#8211; \u017dR) aj tento rok vysvieti Budat\u00ednsku ve\u017eu namodro. Pripoj\u00ed sa tak ku svetovej kampani Rozsvie\u0165me to namodro &#8211; Light it up blue. V \u017diline pri pr\u00edle\u017eitosti Svetov\u00e9ho d\u0148a povedomia o\u00a0autizme, vyjadr\u00ed svoju solidaritu Mesto \u017dilina modr\u00fdm [&hellip;]<\/p>\n","protected":false},"author":2,"featured_media":25422,"comment_status":"closed","ping_status":"closed","sticky":false,"template":"","format":"standard","meta":{"site-sidebar-layout":"default","site-content-layout":"","ast-site-content-layout":"","site-content-style":"default","site-sidebar-style":"default","ast-global-header-display":"","ast-banner-title-visibility":"","ast-main-header-display":"","ast-hfb-above-header-display":"","ast-hfb-below-header-display":"","ast-hfb-mobile-header-display":"","site-post-title":"","ast-breadcrumbs-content":"","ast-featured-img":"","footer-sml-layout":"","theme-transparent-header-meta":"","adv-header-id-meta":"","stick-header-meta":"","header-above-stick-meta":"","header-main-stick-meta":"","header-below-stick-meta":"","astra-migrate-meta-layouts":"default","ast-page-background-enabled":"default","ast-page-background-meta":{"desktop":{"background-color":"var(--ast-global-color-4)","background-image":"","background-repeat":"repeat","background-position":"center center","background-size":"auto","background-attachment":"scroll","background-type":"","background-media":"","overlay-type":"","overlay-color":"","overlay-opacity":"","overlay-gradient":""},"tablet":{"background-color":"","background-image":"","background-repeat":"repeat","background-position":"center center","background-size":"auto","background-attachment":"scroll","background-type":"","background-media":"","overlay-type":"","overlay-color":"","overlay-opacity":"","overlay-gradient":""},"mobile":{"background-color":"","background-image":"","background-repeat":"repeat","background-position":"center center","background-size":"auto","background-attachment":"scroll","background-type":"","background-media":"","overlay-type":"","overlay-color":"","overlay-opacity":"","overlay-gradient":""}},"ast-content-background-meta":{"desktop":{"background-color":"var(--ast-global-color-5)","background-image":"","background-repeat":"repeat","background-position":"center center","background-size":"auto","background-attachment":"scroll","background-type":"","background-media":"","overlay-type":"","overlay-color":"","overlay-opacity":"","overlay-gradient":""},"tablet":{"background-color":"var(--ast-global-color-5)","background-image":"","background-repeat":"repeat","background-position":"center center","background-size":"auto","background-attachment":"scroll","background-type":"","background-media":"","overlay-type":"","overlay-color":"","overlay-opacity":"","overlay-gradient":""},"mobile":{"background-color":"var(--ast-global-color-5)","background-image":"","background-repeat":"repeat","background-position":"center center","background-size":"auto","background-attachment":"scroll","background-type":"","background-media":"","overlay-type":"","overlay-color":"","overlay-opacity":"","overlay-gradient":""}},"footnotes":""},"categories":[31],"tags":[],"class_list":["post-25417","post","type-post","status-publish","format-standard","has-post-thumbnail","hentry","category-aktuality"],"yoast_head":"<!-- This site is optimized with the Yoast SEO plugin v27.4 - https:\/\/yoast.com\/product\/yoast-seo-wordpress\/ -->\n<title>Budat\u00ednska ve\u017ea bude op\u00e4\u0165 \u017eiari\u0165 modrou - symbolom autizmu - Pova\u017esk\u00e9 m\u00fazeum<\/title>\n<meta name=\"robots\" content=\"index, follow, max-snippet:-1, max-image-preview:large, max-video-preview:-1\" \/>\n<link rel=\"canonical\" href=\"https:\/\/pmza.sk\/?p=25417\" \/>\n<meta property=\"og:locale\" content=\"sk_SK\" \/>\n<meta property=\"og:type\" content=\"article\" \/>\n<meta property=\"og:title\" content=\"Budat\u00ednska ve\u017ea bude op\u00e4\u0165 \u017eiari\u0165 modrou - symbolom autizmu - Pova\u017esk\u00e9 m\u00fazeum\" \/>\n<meta property=\"og:description\" content=\"Pova\u017esk\u00e9 m\u00fazeum v \u017diline na z\u00e1klade spolupr\u00e1ce so Spolo\u010dnos\u0165ou na pomoc osob\u00e1m s autizmom &#8211; \u017dilinsk\u00fd regi\u00f3n (SPOSA &#8211; \u017dR) aj tento rok vysvieti Budat\u00ednsku ve\u017eu namodro. Pripoj\u00ed sa tak ku svetovej kampani Rozsvie\u0165me to namodro &#8211; Light it up blue. V \u017diline pri pr\u00edle\u017eitosti Svetov\u00e9ho d\u0148a povedomia o\u00a0autizme, vyjadr\u00ed svoju solidaritu Mesto \u017dilina modr\u00fdm [&hellip;]\" \/>\n<meta property=\"og:url\" content=\"https:\/\/pmza.sk\/?p=25417\" \/>\n<meta property=\"og:site_name\" content=\"Pova\u017esk\u00e9 m\u00fazeum\" \/>\n<meta property=\"article:publisher\" content=\"https:\/\/www.facebook.com\/povazskemuzeum\" \/>\n<meta property=\"article:published_time\" content=\"2018-03-26T11:12:02+00:00\" \/>\n<meta property=\"og:image\" content=\"https:\/\/pmza.sk\/wp-content\/uploads\/2018\/03\/Modra-veza-z-2015.jpg\" \/>\n\t<meta property=\"og:image:width\" content=\"1024\" \/>\n\t<meta property=\"og:image:height\" content=\"683\" \/>\n\t<meta property=\"og:image:type\" content=\"image\/jpeg\" \/>\n<meta name=\"author\" content=\"Pova\u017esk\u00e9 m\u00fazeum\" \/>\n<meta name=\"twitter:card\" content=\"summary_large_image\" \/>\n<meta name=\"twitter:label1\" content=\"Autor\" \/>\n\t<meta name=\"twitter:data1\" content=\"Pova\u017esk\u00e9 m\u00fazeum\" \/>\n\t<meta name=\"twitter:label2\" content=\"Predpokladan\u00fd \u010das \u010d\u00edtania\" \/>\n\t<meta name=\"twitter:data2\" content=\"2 min\u00faty\" \/>\n<script type=\"application\/ld+json\" class=\"yoast-schema-graph\">{\"@context\":\"https:\\\/\\\/schema.org\",\"@graph\":[{\"@type\":\"Article\",\"@id\":\"https:\\\/\\\/pmza.sk\\\/?p=25417#article\",\"isPartOf\":{\"@id\":\"https:\\\/\\\/pmza.sk\\\/?p=25417\"},\"author\":{\"name\":\"Pova\u017esk\u00e9 m\u00fazeum\",\"@id\":\"https:\\\/\\\/pmza.sk\\\/#\\\/schema\\\/person\\\/595e6a2ce731ea94dcd5d7f50a41ae33\"},\"headline\":\"Budat\u00ednska ve\u017ea bude op\u00e4\u0165 \u017eiari\u0165 modrou &#8211; symbolom autizmu\",\"datePublished\":\"2018-03-26T11:12:02+00:00\",\"mainEntityOfPage\":{\"@id\":\"https:\\\/\\\/pmza.sk\\\/?p=25417\"},\"wordCount\":499,\"publisher\":{\"@id\":\"https:\\\/\\\/pmza.sk\\\/#organization\"},\"image\":{\"@id\":\"https:\\\/\\\/pmza.sk\\\/?p=25417#primaryimage\"},\"thumbnailUrl\":\"https:\\\/\\\/pmza.sk\\\/wp-content\\\/uploads\\\/2018\\\/03\\\/Modra-veza-z-2015.jpg\",\"articleSection\":[\"Aktuality\"],\"inLanguage\":\"sk-SK\"},{\"@type\":\"WebPage\",\"@id\":\"https:\\\/\\\/pmza.sk\\\/?p=25417\",\"url\":\"https:\\\/\\\/pmza.sk\\\/?p=25417\",\"name\":\"Budat\u00ednska ve\u017ea bude op\u00e4\u0165 \u017eiari\u0165 modrou - symbolom autizmu - Pova\u017esk\u00e9 m\u00fazeum\",\"isPartOf\":{\"@id\":\"https:\\\/\\\/pmza.sk\\\/#website\"},\"primaryImageOfPage\":{\"@id\":\"https:\\\/\\\/pmza.sk\\\/?p=25417#primaryimage\"},\"image\":{\"@id\":\"https:\\\/\\\/pmza.sk\\\/?p=25417#primaryimage\"},\"thumbnailUrl\":\"https:\\\/\\\/pmza.sk\\\/wp-content\\\/uploads\\\/2018\\\/03\\\/Modra-veza-z-2015.jpg\",\"datePublished\":\"2018-03-26T11:12:02+00:00\",\"breadcrumb\":{\"@id\":\"https:\\\/\\\/pmza.sk\\\/?p=25417#breadcrumb\"},\"inLanguage\":\"sk-SK\",\"potentialAction\":[{\"@type\":\"ReadAction\",\"target\":[\"https:\\\/\\\/pmza.sk\\\/?p=25417\"]}]},{\"@type\":\"ImageObject\",\"inLanguage\":\"sk-SK\",\"@id\":\"https:\\\/\\\/pmza.sk\\\/?p=25417#primaryimage\",\"url\":\"https:\\\/\\\/pmza.sk\\\/wp-content\\\/uploads\\\/2018\\\/03\\\/Modra-veza-z-2015.jpg\",\"contentUrl\":\"https:\\\/\\\/pmza.sk\\\/wp-content\\\/uploads\\\/2018\\\/03\\\/Modra-veza-z-2015.jpg\",\"width\":1024,\"height\":683},{\"@type\":\"BreadcrumbList\",\"@id\":\"https:\\\/\\\/pmza.sk\\\/?p=25417#breadcrumb\",\"itemListElement\":[{\"@type\":\"ListItem\",\"position\":1,\"name\":\"Domovsk\u00e1 str\u00e1nka\",\"item\":\"https:\\\/\\\/pmza.sk\\\/\"},{\"@type\":\"ListItem\",\"position\":2,\"name\":\"Budat\u00ednska ve\u017ea bude op\u00e4\u0165 \u017eiari\u0165 modrou &#8211; symbolom autizmu\"}]},{\"@type\":\"WebSite\",\"@id\":\"https:\\\/\\\/pmza.sk\\\/#website\",\"url\":\"https:\\\/\\\/pmza.sk\\\/\",\"name\":\"Pova\u017esk\u00e9 m\u00fazeum\",\"description\":\"Pova\u017esk\u00e9 m\u00fazeum v \u017diline je region\u00e1lne m\u00fazeum so s\u00eddlom v Budat\u00edne. Jeho expoz\u00edcie s\u00fa zameran\u00e9 na dejiny slovensk\u00e9ho umenia, kult\u00fary a dopravy.\",\"publisher\":{\"@id\":\"https:\\\/\\\/pmza.sk\\\/#organization\"},\"potentialAction\":[{\"@type\":\"SearchAction\",\"target\":{\"@type\":\"EntryPoint\",\"urlTemplate\":\"https:\\\/\\\/pmza.sk\\\/?s={search_term_string}\"},\"query-input\":{\"@type\":\"PropertyValueSpecification\",\"valueRequired\":true,\"valueName\":\"search_term_string\"}}],\"inLanguage\":\"sk-SK\"},{\"@type\":\"Organization\",\"@id\":\"https:\\\/\\\/pmza.sk\\\/#organization\",\"name\":\"Pova\u017esk\u00e9 m\u00fazeum\",\"url\":\"https:\\\/\\\/pmza.sk\\\/\",\"logo\":{\"@type\":\"ImageObject\",\"inLanguage\":\"sk-SK\",\"@id\":\"https:\\\/\\\/pmza.sk\\\/#\\\/schema\\\/logo\\\/image\\\/\",\"url\":\"https:\\\/\\\/pmza.sk\\\/wp-content\\\/uploads\\\/2022\\\/01\\\/logo_PM_horizontal.jpg\",\"contentUrl\":\"https:\\\/\\\/pmza.sk\\\/wp-content\\\/uploads\\\/2022\\\/01\\\/logo_PM_horizontal.jpg\",\"width\":231,\"height\":142,\"caption\":\"Pova\u017esk\u00e9 m\u00fazeum\"},\"image\":{\"@id\":\"https:\\\/\\\/pmza.sk\\\/#\\\/schema\\\/logo\\\/image\\\/\"},\"sameAs\":[\"https:\\\/\\\/www.facebook.com\\\/povazskemuzeum\",\"https:\\\/\\\/www.instagram.com\\\/povazskemuzeum\\\/\"]},{\"@type\":\"Person\",\"@id\":\"https:\\\/\\\/pmza.sk\\\/#\\\/schema\\\/person\\\/595e6a2ce731ea94dcd5d7f50a41ae33\",\"name\":\"Pova\u017esk\u00e9 m\u00fazeum\",\"image\":{\"@type\":\"ImageObject\",\"inLanguage\":\"sk-SK\",\"@id\":\"https:\\\/\\\/secure.gravatar.com\\\/avatar\\\/2bb7f1561282132fb5826dfeccc66c7996d11ee392ac6aaf7ced8a1c2027fbb2?s=96&d=mm&r=g\",\"url\":\"https:\\\/\\\/secure.gravatar.com\\\/avatar\\\/2bb7f1561282132fb5826dfeccc66c7996d11ee392ac6aaf7ced8a1c2027fbb2?s=96&d=mm&r=g\",\"contentUrl\":\"https:\\\/\\\/secure.gravatar.com\\\/avatar\\\/2bb7f1561282132fb5826dfeccc66c7996d11ee392ac6aaf7ced8a1c2027fbb2?s=96&d=mm&r=g\",\"caption\":\"Pova\u017esk\u00e9 m\u00fazeum\"}}]}<\/script>\n<!-- \/ Yoast SEO plugin. -->","yoast_head_json":{"title":"Budat\u00ednska ve\u017ea bude op\u00e4\u0165 \u017eiari\u0165 modrou - symbolom autizmu - Pova\u017esk\u00e9 m\u00fazeum","robots":{"index":"index","follow":"follow","max-snippet":"max-snippet:-1","max-image-preview":"max-image-preview:large","max-video-preview":"max-video-preview:-1"},"canonical":"https:\/\/pmza.sk\/?p=25417","og_locale":"sk_SK","og_type":"article","og_title":"Budat\u00ednska ve\u017ea bude op\u00e4\u0165 \u017eiari\u0165 modrou - symbolom autizmu - Pova\u017esk\u00e9 m\u00fazeum","og_description":"Pova\u017esk\u00e9 m\u00fazeum v \u017diline na z\u00e1klade spolupr\u00e1ce so Spolo\u010dnos\u0165ou na pomoc osob\u00e1m s autizmom &#8211; \u017dilinsk\u00fd regi\u00f3n (SPOSA &#8211; \u017dR) aj tento rok vysvieti Budat\u00ednsku ve\u017eu namodro. Pripoj\u00ed sa tak ku svetovej kampani Rozsvie\u0165me to namodro &#8211; Light it up blue. V \u017diline pri pr\u00edle\u017eitosti Svetov\u00e9ho d\u0148a povedomia o\u00a0autizme, vyjadr\u00ed svoju solidaritu Mesto \u017dilina modr\u00fdm [&hellip;]","og_url":"https:\/\/pmza.sk\/?p=25417","og_site_name":"Pova\u017esk\u00e9 m\u00fazeum","article_publisher":"https:\/\/www.facebook.com\/povazskemuzeum","article_published_time":"2018-03-26T11:12:02+00:00","og_image":[{"width":1024,"height":683,"url":"https:\/\/pmza.sk\/wp-content\/uploads\/2018\/03\/Modra-veza-z-2015.jpg","type":"image\/jpeg"}],"author":"Pova\u017esk\u00e9 m\u00fazeum","twitter_card":"summary_large_image","twitter_misc":{"Autor":"Pova\u017esk\u00e9 m\u00fazeum","Predpokladan\u00fd \u010das \u010d\u00edtania":"2 min\u00faty"},"schema":{"@context":"https:\/\/schema.org","@graph":[{"@type":"Article","@id":"https:\/\/pmza.sk\/?p=25417#article","isPartOf":{"@id":"https:\/\/pmza.sk\/?p=25417"},"author":{"name":"Pova\u017esk\u00e9 m\u00fazeum","@id":"https:\/\/pmza.sk\/#\/schema\/person\/595e6a2ce731ea94dcd5d7f50a41ae33"},"headline":"Budat\u00ednska ve\u017ea bude op\u00e4\u0165 \u017eiari\u0165 modrou &#8211; symbolom autizmu","datePublished":"2018-03-26T11:12:02+00:00","mainEntityOfPage":{"@id":"https:\/\/pmza.sk\/?p=25417"},"wordCount":499,"publisher":{"@id":"https:\/\/pmza.sk\/#organization"},"image":{"@id":"https:\/\/pmza.sk\/?p=25417#primaryimage"},"thumbnailUrl":"https:\/\/pmza.sk\/wp-content\/uploads\/2018\/03\/Modra-veza-z-2015.jpg","articleSection":["Aktuality"],"inLanguage":"sk-SK"},{"@type":"WebPage","@id":"https:\/\/pmza.sk\/?p=25417","url":"https:\/\/pmza.sk\/?p=25417","name":"Budat\u00ednska ve\u017ea bude op\u00e4\u0165 \u017eiari\u0165 modrou - symbolom autizmu - Pova\u017esk\u00e9 m\u00fazeum","isPartOf":{"@id":"https:\/\/pmza.sk\/#website"},"primaryImageOfPage":{"@id":"https:\/\/pmza.sk\/?p=25417#primaryimage"},"image":{"@id":"https:\/\/pmza.sk\/?p=25417#primaryimage"},"thumbnailUrl":"https:\/\/pmza.sk\/wp-content\/uploads\/2018\/03\/Modra-veza-z-2015.jpg","datePublished":"2018-03-26T11:12:02+00:00","breadcrumb":{"@id":"https:\/\/pmza.sk\/?p=25417#breadcrumb"},"inLanguage":"sk-SK","potentialAction":[{"@type":"ReadAction","target":["https:\/\/pmza.sk\/?p=25417"]}]},{"@type":"ImageObject","inLanguage":"sk-SK","@id":"https:\/\/pmza.sk\/?p=25417#primaryimage","url":"https:\/\/pmza.sk\/wp-content\/uploads\/2018\/03\/Modra-veza-z-2015.jpg","contentUrl":"https:\/\/pmza.sk\/wp-content\/uploads\/2018\/03\/Modra-veza-z-2015.jpg","width":1024,"height":683},{"@type":"BreadcrumbList","@id":"https:\/\/pmza.sk\/?p=25417#breadcrumb","itemListElement":[{"@type":"ListItem","position":1,"name":"Domovsk\u00e1 str\u00e1nka","item":"https:\/\/pmza.sk\/"},{"@type":"ListItem","position":2,"name":"Budat\u00ednska ve\u017ea bude op\u00e4\u0165 \u017eiari\u0165 modrou &#8211; symbolom autizmu"}]},{"@type":"WebSite","@id":"https:\/\/pmza.sk\/#website","url":"https:\/\/pmza.sk\/","name":"Pova\u017esk\u00e9 m\u00fazeum","description":"Pova\u017esk\u00e9 m\u00fazeum v \u017diline je region\u00e1lne m\u00fazeum so s\u00eddlom v Budat\u00edne. Jeho expoz\u00edcie s\u00fa zameran\u00e9 na dejiny slovensk\u00e9ho umenia, kult\u00fary a dopravy.","publisher":{"@id":"https:\/\/pmza.sk\/#organization"},"potentialAction":[{"@type":"SearchAction","target":{"@type":"EntryPoint","urlTemplate":"https:\/\/pmza.sk\/?s={search_term_string}"},"query-input":{"@type":"PropertyValueSpecification","valueRequired":true,"valueName":"search_term_string"}}],"inLanguage":"sk-SK"},{"@type":"Organization","@id":"https:\/\/pmza.sk\/#organization","name":"Pova\u017esk\u00e9 m\u00fazeum","url":"https:\/\/pmza.sk\/","logo":{"@type":"ImageObject","inLanguage":"sk-SK","@id":"https:\/\/pmza.sk\/#\/schema\/logo\/image\/","url":"https:\/\/pmza.sk\/wp-content\/uploads\/2022\/01\/logo_PM_horizontal.jpg","contentUrl":"https:\/\/pmza.sk\/wp-content\/uploads\/2022\/01\/logo_PM_horizontal.jpg","width":231,"height":142,"caption":"Pova\u017esk\u00e9 m\u00fazeum"},"image":{"@id":"https:\/\/pmza.sk\/#\/schema\/logo\/image\/"},"sameAs":["https:\/\/www.facebook.com\/povazskemuzeum","https:\/\/www.instagram.com\/povazskemuzeum\/"]},{"@type":"Person","@id":"https:\/\/pmza.sk\/#\/schema\/person\/595e6a2ce731ea94dcd5d7f50a41ae33","name":"Pova\u017esk\u00e9 m\u00fazeum","image":{"@type":"ImageObject","inLanguage":"sk-SK","@id":"https:\/\/secure.gravatar.com\/avatar\/2bb7f1561282132fb5826dfeccc66c7996d11ee392ac6aaf7ced8a1c2027fbb2?s=96&d=mm&r=g","url":"https:\/\/secure.gravatar.com\/avatar\/2bb7f1561282132fb5826dfeccc66c7996d11ee392ac6aaf7ced8a1c2027fbb2?s=96&d=mm&r=g","contentUrl":"https:\/\/secure.gravatar.com\/avatar\/2bb7f1561282132fb5826dfeccc66c7996d11ee392ac6aaf7ced8a1c2027fbb2?s=96&d=mm&r=g","caption":"Pova\u017esk\u00e9 m\u00fazeum"}}]}},"_links":{"self":[{"href":"https:\/\/pmza.sk\/index.php?rest_route=\/wp\/v2\/posts\/25417","targetHints":{"allow":["GET"]}}],"collection":[{"href":"https:\/\/pmza.sk\/index.php?rest_route=\/wp\/v2\/posts"}],"about":[{"href":"https:\/\/pmza.sk\/index.php?rest_route=\/wp\/v2\/types\/post"}],"author":[{"embeddable":true,"href":"https:\/\/pmza.sk\/index.php?rest_route=\/wp\/v2\/users\/2"}],"replies":[{"embeddable":true,"href":"https:\/\/pmza.sk\/index.php?rest_route=%2Fwp%2Fv2%2Fcomments&post=25417"}],"version-history":[{"count":0,"href":"https:\/\/pmza.sk\/index.php?rest_route=\/wp\/v2\/posts\/25417\/revisions"}],"wp:featuredmedia":[{"embeddable":true,"href":"https:\/\/pmza.sk\/index.php?rest_route=\/wp\/v2\/media\/25422"}],"wp:attachment":[{"href":"https:\/\/pmza.sk\/index.php?rest_route=%2Fwp%2Fv2%2Fmedia&parent=25417"}],"wp:term":[{"taxonomy":"category","embeddable":true,"href":"https:\/\/pmza.sk\/index.php?rest_route=%2Fwp%2Fv2%2Fcategories&post=25417"},{"taxonomy":"post_tag","embeddable":true,"href":"https:\/\/pmza.sk\/index.php?rest_route=%2Fwp%2Fv2%2Ftags&post=25417"}],"curies":[{"name":"wp","href":"https:\/\/api.w.org\/{rel}","templated":true}]}}