{"id":25529,"date":"2018-03-23T15:13:57","date_gmt":"2018-03-23T14:13:57","guid":{"rendered":"https:\/\/pmza.sk\/?p=25529"},"modified":"2018-03-23T15:13:57","modified_gmt":"2018-03-23T14:13:57","slug":"velkonocne-tradicie-a-drotarske-tvorive-dielne-v-budatinskom-hrade","status":"publish","type":"post","link":"https:\/\/pmza.sk\/?p=25529","title":{"rendered":"Ve\u013ekono\u010dn\u00e9 trad\u00edcie a drot\u00e1rske tvoriv\u00e9 dielne v Budat\u00ednskom hrade"},"content":{"rendered":"<p>Mesiac marec sa v\u00a0Pova\u017eskom m\u00fazeu v\u00a0\u017diline niesol aj v\u00a0duchu vzdel\u00e1vac\u00edch a tvoriv\u00fdch aktiv\u00edt ur\u010den\u00fdch pre \u017eiakov \u0161k\u00f4l a \u0161irok\u00fa verejnos\u0165, ktor\u00e9 boli venovan\u00e9 ve\u013ekono\u010dn\u00e9mu obdobiu. Pripravili ich pracovn\u00edci \u00daseku drot\u00e1rstva z Oddelenia odborn\u00fdch \u010dinnost\u00ed PMZA. Takmer 100 det\u00ed zo Z\u0160 Z\u00e1vodie a Z\u0160 v\u00a0Moj\u0161ovej L\u00fa\u010dke nav\u0161t\u00edvilo 16. a\u00a019. marca 2018 Budat\u00ednsky hrad, aby sa z\u00fa\u010dastnili drot\u00e1rskych tvoriv\u00fdch dieln\u00ed a predn\u00e1\u0161ky o\u00a0ve\u013ekono\u010dn\u00fdch trad\u00edci\u00e1ch, ktor\u00e9 zachov\u00e1vali na\u0161i predkovia. Symbolika ve\u013ekono\u010dn\u00fdch sviatkov by v\u0161ak nebola \u00fapln\u00e1 bez vaj\u00ed\u010dok, preto si deti <a href=\"https:\/\/pmza.sk\/wp-content\/uploads\/2018\/03\/IMG_7558.jpg\"><img decoding=\"async\" class=\"alignleft size-thumbnail wp-image-25439\" src=\"https:\/\/pmza.sk\/wp-content\/uploads\/2018\/03\/IMG_7558-150x100.jpg\" alt=\"\" width=\"150\" height=\"100\" \/><\/a>vypo\u010duli aj to, ak\u00fa \u00falohu zohr\u00e1vali v\u00a0\u013eudovom zvykoslov\u00ed. Dozvedeli sa, \u017ee boli d\u00f4le\u017eit\u00fdm chodom po\u010das obeda na Ve\u013ekono\u010dn\u00fa nede\u013eu, \u017ee nimi hladili dobytok, ke\u010f i\u0161iel prv\u00fd kr\u00e1t na pa\u0161u, \u017ee ich d\u00e1vali do plod\u00edn, aby mali dobr\u00fa \u00farodu a\u00a0ve\u013ea \u010fal\u0161\u00edch zauj\u00edmav\u00fdch inform\u00e1ci\u00ed. K\u00a0ve\u013ekono\u010dn\u00e9mu zvykosloviu v\u0161ak neodmyslite\u013ene patria aj zdoben\u00e9 vaj\u00ed\u010dka \u2013 kraslice, ktor\u00e9 boli kedysi v\u00fdlu\u010dne v\u00fdsledkom pr\u00e1ce \u017eien a\u00a0z\u00e1rove\u0148 darom l\u00e1sky. Deti sa dozvedeli, ak\u00fdmi technikami ich zdobili na\u0161e star\u00e9 mamy a\u00a0porozpr\u00e1vali sme si aj o\u00a0vaj\u00ed\u010dkach zdoben\u00fdch dr\u00f4tom, ktor\u00e9 s\u00favisia s\u00a0jedine\u010dn\u00fdm slovensk\u00fdm remeslom \u2013 drot\u00e1rstvom. Hoci je dnes t\u00e1to technika dos\u0165 roz\u0161\u00edren\u00e1, v\u00a0minulosti tomu tak nebolo. Najstar\u0161ie p\u00edsomne dolo\u017een\u00e9 inform\u00e1cie o\u00a0ich zdoben\u00ed poch\u00e1dzaj\u00fa z\u00a0konca 19. storo\u010dia, kedy sa po prv\u00fd kr\u00e1t objavili na trhoch vo Viedni, nesk\u00f4r sa vyr\u00e1bali v\u00a0drot\u00e1rskych diel\u0148ach v\u00a0Nemecku, Ma\u010farsku a\u00a0Rusku.\u00a0 A\u017e v\u00a0roku 1940 sa objavilo jedno odr\u00f4tovan\u00e9 vaj\u00ed\u010dko na drot\u00e1rskej v\u00fdstave v\u00a0Dlhom Poli. Odr\u00f4tovan\u00e9 vaj\u00ed\u010dka v\u0161ak nikdy nepatrili medzi tradi\u010dn\u00e9 v\u00fdrobky drot\u00e1rov a\u00a0sved\u010dili najm\u00e4 o\u00a0\u0161ikovnosti a\u00a0zru\u010dnosti ich tvorcov, o\u00a0\u010dom hovor\u00ed aj \u013eudov\u00e1 poves\u0165 roz\u0161\u00edren\u00e1 na Vala\u0161sku na Morave. Je o\u00a0slovenskom drot\u00e1rovi, ktor\u00fd si vysl\u00fa\u017eil \u0161tedr\u00fa odmenu od nemeck\u00e9ho boh\u00e1\u010da t\u00fdm, \u017ee dok\u00e1zal dr\u00f4tom oplies\u0165 vaj\u00ed\u010dko.<\/p>\n<p>No a o tom, \u017ee drot\u00e1rska technika nie je v\u00f4bec jednoduch\u00e1, sa presved\u010dili aj mal\u00ed \u0161kol\u00e1ci, ktor\u00ed po predn\u00e1\u0161ke pokra\u010dovali tvoriv\u00fdmi diel\u0148ami. Aby sme de\u0165om pr\u00e1cu u\u013eah\u010dili, zabezpe\u010dili sme im polystyr\u00e9nov\u00e9 a\u00a0papierov\u00e9 vaj\u00ed\u010dka. Mal\u00ed remeseln\u00edci pracovali s\u00a0ohybn\u00fdm meden\u00fdm dr\u00f4tom a tvarovac\u00edmi \u010di\u00a0\u0161tikac\u00edmi klie\u0161\u0165ami. Star\u0161ie deti vyr\u00e1bali tradi\u010dn\u00e9 drot\u00e1rske ozdoby (\u0161pir\u00e1ly, p\u00e1sy slu\u010diek, srdie\u010dka a\u00a0pod.) a\u00a0zdobili nimi polystyr\u00e9nov\u00e9 vaj\u00ed\u010dka, men\u0161ie deti\u00a0 jednoduch\u0161\u00edmi linkov\u00fdmi ornamentmi zdobili ploch\u00e9 papierov\u00e9 vaj\u00ed\u010dka. Sme radi, \u017ee aj za pomoci kolegov z Oddelenia pr\u00e1ce s\u00a0verejnos\u0165ou, ktor\u00ed pridali ruku k\u00a0dielu, mohli sme toto kr\u00e1sne remeseln\u00e9 dedi\u010dstvo prezentova\u0165 a\u00a0odovzda\u0165 aj najmlad\u0161ej gener\u00e1cii mo\u017eno bud\u00facich drot\u00e1rov. <a href=\"https:\/\/pmza.sk\/wp-content\/uploads\/2018\/03\/IMG_7687.jpg\"><img decoding=\"async\" class=\"alignleft size-thumbnail wp-image-25467\" src=\"https:\/\/pmza.sk\/wp-content\/uploads\/2018\/03\/IMG_7687-150x100.jpg\" alt=\"\" width=\"150\" height=\"100\" \/><\/a>Posledn\u00e9 podujatie tohto charakteru sa uskuto\u010dnilo 22. marca 2018 v\u00a0popolud\u0148aj\u0161\u00edch hodin\u00e1ch v\u00a0Budat\u00ednskom hrade. Te\u0161\u00ed n\u00e1s, \u017ee o\u0148 prejavili z\u00e1ujem najm\u00e4 klienti DSS v\u00a0Z\u00e1stran\u00ed, ktor\u00ed si pozorne vypo\u010duli predn\u00e1\u0161ku o\u00a0ve\u013ekono\u010dn\u00fdch trad\u00edci\u00e1ch a\u00a0o\u00a0krasliciach zdoben\u00fdch dr\u00f4tom. Aj oni pokra\u010dovali tvoriv\u00fdmi diel\u0148ami, na ktor\u00fdch sa nau\u010dili z\u00e1kladn\u00fa techniku opletania vaj\u00ed\u010dok dr\u00f4tom, tzv. slu\u010dkov\u00fd v\u00fdplet. No a\u00a0v\u00fdsledok si m\u00f4\u017eete pozrie\u0165 v\u00a0na\u0161ej fotogal\u00e9rii.<\/p>\n<p style=\"text-align: right;\">Mgr. Katar\u00edna Kendrov\u00e1<br \/>\u00fasek drot\u00e1rstva, Pova\u017esk\u00e9 m\u00fazeum v \u017diline<\/p>\n<p><a href=\"https:\/\/pmza.sk\/fotogaleria\/gallery\/velkonocne-tradicie\/\">Fotogal\u00e9ria 1 &#8211; \u017eiaci<\/a><br \/><a href=\"https:\/\/pmza.sk\/fotogaleria\/gallery\/tradicne-velkonocne-zvyky\/\">Fotogal\u00e9ria 2<\/a><\/p>\n<p>&nbsp;<\/p>\n","protected":false},"excerpt":{"rendered":"<p>Mesiac marec sa v\u00a0Pova\u017eskom m\u00fazeu v\u00a0\u017diline niesol aj v\u00a0duchu vzdel\u00e1vac\u00edch a tvoriv\u00fdch aktiv\u00edt ur\u010den\u00fdch pre \u017eiakov \u0161k\u00f4l a \u0161irok\u00fa verejnos\u0165, ktor\u00e9 boli venovan\u00e9 ve\u013ekono\u010dn\u00e9mu obdobiu. Pripravili ich pracovn\u00edci \u00daseku drot\u00e1rstva z Oddelenia odborn\u00fdch \u010dinnost\u00ed PMZA. Takmer 100 det\u00ed zo Z\u0160 Z\u00e1vodie a Z\u0160 v\u00a0Moj\u0161ovej L\u00fa\u010dke nav\u0161t\u00edvilo 16. a\u00a019. marca 2018 Budat\u00ednsky hrad, aby sa z\u00fa\u010dastnili [&hellip;]<\/p>\n","protected":false},"author":2,"featured_media":25451,"comment_status":"closed","ping_status":"closed","sticky":false,"template":"","format":"standard","meta":{"site-sidebar-layout":"default","site-content-layout":"","ast-site-content-layout":"","site-content-style":"default","site-sidebar-style":"default","ast-global-header-display":"","ast-banner-title-visibility":"","ast-main-header-display":"","ast-hfb-above-header-display":"","ast-hfb-below-header-display":"","ast-hfb-mobile-header-display":"","site-post-title":"","ast-breadcrumbs-content":"","ast-featured-img":"","footer-sml-layout":"","theme-transparent-header-meta":"","adv-header-id-meta":"","stick-header-meta":"","header-above-stick-meta":"","header-main-stick-meta":"","header-below-stick-meta":"","astra-migrate-meta-layouts":"default","ast-page-background-enabled":"default","ast-page-background-meta":{"desktop":{"background-color":"var(--ast-global-color-4)","background-image":"","background-repeat":"repeat","background-position":"center center","background-size":"auto","background-attachment":"scroll","background-type":"","background-media":"","overlay-type":"","overlay-color":"","overlay-opacity":"","overlay-gradient":""},"tablet":{"background-color":"","background-image":"","background-repeat":"repeat","background-position":"center center","background-size":"auto","background-attachment":"scroll","background-type":"","background-media":"","overlay-type":"","overlay-color":"","overlay-opacity":"","overlay-gradient":""},"mobile":{"background-color":"","background-image":"","background-repeat":"repeat","background-position":"center center","background-size":"auto","background-attachment":"scroll","background-type":"","background-media":"","overlay-type":"","overlay-color":"","overlay-opacity":"","overlay-gradient":""}},"ast-content-background-meta":{"desktop":{"background-color":"var(--ast-global-color-5)","background-image":"","background-repeat":"repeat","background-position":"center center","background-size":"auto","background-attachment":"scroll","background-type":"","background-media":"","overlay-type":"","overlay-color":"","overlay-opacity":"","overlay-gradient":""},"tablet":{"background-color":"var(--ast-global-color-5)","background-image":"","background-repeat":"repeat","background-position":"center center","background-size":"auto","background-attachment":"scroll","background-type":"","background-media":"","overlay-type":"","overlay-color":"","overlay-opacity":"","overlay-gradient":""},"mobile":{"background-color":"var(--ast-global-color-5)","background-image":"","background-repeat":"repeat","background-position":"center center","background-size":"auto","background-attachment":"scroll","background-type":"","background-media":"","overlay-type":"","overlay-color":"","overlay-opacity":"","overlay-gradient":""}},"footnotes":""},"categories":[31],"tags":[],"class_list":["post-25529","post","type-post","status-publish","format-standard","has-post-thumbnail","hentry","category-aktuality"],"yoast_head":"<!-- This site is optimized with the Yoast SEO plugin v27.4 - https:\/\/yoast.com\/product\/yoast-seo-wordpress\/ -->\n<title>Ve\u013ekono\u010dn\u00e9 trad\u00edcie a drot\u00e1rske tvoriv\u00e9 dielne v Budat\u00ednskom hrade - Pova\u017esk\u00e9 m\u00fazeum<\/title>\n<meta name=\"robots\" content=\"index, follow, max-snippet:-1, max-image-preview:large, max-video-preview:-1\" \/>\n<link rel=\"canonical\" href=\"https:\/\/pmza.sk\/?p=25529\" \/>\n<meta property=\"og:locale\" content=\"sk_SK\" \/>\n<meta property=\"og:type\" content=\"article\" \/>\n<meta property=\"og:title\" content=\"Ve\u013ekono\u010dn\u00e9 trad\u00edcie a drot\u00e1rske tvoriv\u00e9 dielne v Budat\u00ednskom hrade - Pova\u017esk\u00e9 m\u00fazeum\" \/>\n<meta property=\"og:description\" content=\"Mesiac marec sa v\u00a0Pova\u017eskom m\u00fazeu v\u00a0\u017diline niesol aj v\u00a0duchu vzdel\u00e1vac\u00edch a tvoriv\u00fdch aktiv\u00edt ur\u010den\u00fdch pre \u017eiakov \u0161k\u00f4l a \u0161irok\u00fa verejnos\u0165, ktor\u00e9 boli venovan\u00e9 ve\u013ekono\u010dn\u00e9mu obdobiu. Pripravili ich pracovn\u00edci \u00daseku drot\u00e1rstva z Oddelenia odborn\u00fdch \u010dinnost\u00ed PMZA. Takmer 100 det\u00ed zo Z\u0160 Z\u00e1vodie a Z\u0160 v\u00a0Moj\u0161ovej L\u00fa\u010dke nav\u0161t\u00edvilo 16. a\u00a019. marca 2018 Budat\u00ednsky hrad, aby sa z\u00fa\u010dastnili [&hellip;]\" \/>\n<meta property=\"og:url\" content=\"https:\/\/pmza.sk\/?p=25529\" \/>\n<meta property=\"og:site_name\" content=\"Pova\u017esk\u00e9 m\u00fazeum\" \/>\n<meta property=\"article:publisher\" content=\"https:\/\/www.facebook.com\/povazskemuzeum\" \/>\n<meta property=\"article:published_time\" content=\"2018-03-23T14:13:57+00:00\" \/>\n<meta property=\"og:image\" content=\"https:\/\/pmza.sk\/wp-content\/uploads\/2018\/03\/IMG_7595.jpg\" \/>\n\t<meta property=\"og:image:width\" content=\"1024\" \/>\n\t<meta property=\"og:image:height\" content=\"683\" \/>\n\t<meta property=\"og:image:type\" content=\"image\/jpeg\" \/>\n<meta name=\"author\" content=\"Pova\u017esk\u00e9 m\u00fazeum\" \/>\n<meta name=\"twitter:card\" content=\"summary_large_image\" \/>\n<meta name=\"twitter:label1\" content=\"Autor\" \/>\n\t<meta name=\"twitter:data1\" content=\"Pova\u017esk\u00e9 m\u00fazeum\" \/>\n\t<meta name=\"twitter:label2\" content=\"Predpokladan\u00fd \u010das \u010d\u00edtania\" \/>\n\t<meta name=\"twitter:data2\" content=\"3 min\u00faty\" \/>\n<script type=\"application\/ld+json\" class=\"yoast-schema-graph\">{\"@context\":\"https:\\\/\\\/schema.org\",\"@graph\":[{\"@type\":\"Article\",\"@id\":\"https:\\\/\\\/pmza.sk\\\/?p=25529#article\",\"isPartOf\":{\"@id\":\"https:\\\/\\\/pmza.sk\\\/?p=25529\"},\"author\":{\"name\":\"Pova\u017esk\u00e9 m\u00fazeum\",\"@id\":\"https:\\\/\\\/pmza.sk\\\/#\\\/schema\\\/person\\\/595e6a2ce731ea94dcd5d7f50a41ae33\"},\"headline\":\"Ve\u013ekono\u010dn\u00e9 trad\u00edcie a drot\u00e1rske tvoriv\u00e9 dielne v Budat\u00ednskom hrade\",\"datePublished\":\"2018-03-23T14:13:57+00:00\",\"mainEntityOfPage\":{\"@id\":\"https:\\\/\\\/pmza.sk\\\/?p=25529\"},\"wordCount\":668,\"publisher\":{\"@id\":\"https:\\\/\\\/pmza.sk\\\/#organization\"},\"image\":{\"@id\":\"https:\\\/\\\/pmza.sk\\\/?p=25529#primaryimage\"},\"thumbnailUrl\":\"https:\\\/\\\/pmza.sk\\\/wp-content\\\/uploads\\\/2018\\\/03\\\/IMG_7595.jpg\",\"articleSection\":[\"Aktuality\"],\"inLanguage\":\"sk-SK\"},{\"@type\":\"WebPage\",\"@id\":\"https:\\\/\\\/pmza.sk\\\/?p=25529\",\"url\":\"https:\\\/\\\/pmza.sk\\\/?p=25529\",\"name\":\"Ve\u013ekono\u010dn\u00e9 trad\u00edcie a drot\u00e1rske tvoriv\u00e9 dielne v Budat\u00ednskom hrade - Pova\u017esk\u00e9 m\u00fazeum\",\"isPartOf\":{\"@id\":\"https:\\\/\\\/pmza.sk\\\/#website\"},\"primaryImageOfPage\":{\"@id\":\"https:\\\/\\\/pmza.sk\\\/?p=25529#primaryimage\"},\"image\":{\"@id\":\"https:\\\/\\\/pmza.sk\\\/?p=25529#primaryimage\"},\"thumbnailUrl\":\"https:\\\/\\\/pmza.sk\\\/wp-content\\\/uploads\\\/2018\\\/03\\\/IMG_7595.jpg\",\"datePublished\":\"2018-03-23T14:13:57+00:00\",\"breadcrumb\":{\"@id\":\"https:\\\/\\\/pmza.sk\\\/?p=25529#breadcrumb\"},\"inLanguage\":\"sk-SK\",\"potentialAction\":[{\"@type\":\"ReadAction\",\"target\":[\"https:\\\/\\\/pmza.sk\\\/?p=25529\"]}]},{\"@type\":\"ImageObject\",\"inLanguage\":\"sk-SK\",\"@id\":\"https:\\\/\\\/pmza.sk\\\/?p=25529#primaryimage\",\"url\":\"https:\\\/\\\/pmza.sk\\\/wp-content\\\/uploads\\\/2018\\\/03\\\/IMG_7595.jpg\",\"contentUrl\":\"https:\\\/\\\/pmza.sk\\\/wp-content\\\/uploads\\\/2018\\\/03\\\/IMG_7595.jpg\",\"width\":1024,\"height\":683},{\"@type\":\"BreadcrumbList\",\"@id\":\"https:\\\/\\\/pmza.sk\\\/?p=25529#breadcrumb\",\"itemListElement\":[{\"@type\":\"ListItem\",\"position\":1,\"name\":\"Domovsk\u00e1 str\u00e1nka\",\"item\":\"https:\\\/\\\/pmza.sk\\\/\"},{\"@type\":\"ListItem\",\"position\":2,\"name\":\"Ve\u013ekono\u010dn\u00e9 trad\u00edcie a drot\u00e1rske tvoriv\u00e9 dielne v Budat\u00ednskom hrade\"}]},{\"@type\":\"WebSite\",\"@id\":\"https:\\\/\\\/pmza.sk\\\/#website\",\"url\":\"https:\\\/\\\/pmza.sk\\\/\",\"name\":\"Pova\u017esk\u00e9 m\u00fazeum\",\"description\":\"Pova\u017esk\u00e9 m\u00fazeum v \u017diline je region\u00e1lne m\u00fazeum so s\u00eddlom v Budat\u00edne. Jeho expoz\u00edcie s\u00fa zameran\u00e9 na dejiny slovensk\u00e9ho umenia, kult\u00fary a dopravy.\",\"publisher\":{\"@id\":\"https:\\\/\\\/pmza.sk\\\/#organization\"},\"potentialAction\":[{\"@type\":\"SearchAction\",\"target\":{\"@type\":\"EntryPoint\",\"urlTemplate\":\"https:\\\/\\\/pmza.sk\\\/?s={search_term_string}\"},\"query-input\":{\"@type\":\"PropertyValueSpecification\",\"valueRequired\":true,\"valueName\":\"search_term_string\"}}],\"inLanguage\":\"sk-SK\"},{\"@type\":\"Organization\",\"@id\":\"https:\\\/\\\/pmza.sk\\\/#organization\",\"name\":\"Pova\u017esk\u00e9 m\u00fazeum\",\"url\":\"https:\\\/\\\/pmza.sk\\\/\",\"logo\":{\"@type\":\"ImageObject\",\"inLanguage\":\"sk-SK\",\"@id\":\"https:\\\/\\\/pmza.sk\\\/#\\\/schema\\\/logo\\\/image\\\/\",\"url\":\"https:\\\/\\\/pmza.sk\\\/wp-content\\\/uploads\\\/2022\\\/01\\\/logo_PM_horizontal.jpg\",\"contentUrl\":\"https:\\\/\\\/pmza.sk\\\/wp-content\\\/uploads\\\/2022\\\/01\\\/logo_PM_horizontal.jpg\",\"width\":231,\"height\":142,\"caption\":\"Pova\u017esk\u00e9 m\u00fazeum\"},\"image\":{\"@id\":\"https:\\\/\\\/pmza.sk\\\/#\\\/schema\\\/logo\\\/image\\\/\"},\"sameAs\":[\"https:\\\/\\\/www.facebook.com\\\/povazskemuzeum\",\"https:\\\/\\\/www.instagram.com\\\/povazskemuzeum\\\/\"]},{\"@type\":\"Person\",\"@id\":\"https:\\\/\\\/pmza.sk\\\/#\\\/schema\\\/person\\\/595e6a2ce731ea94dcd5d7f50a41ae33\",\"name\":\"Pova\u017esk\u00e9 m\u00fazeum\",\"image\":{\"@type\":\"ImageObject\",\"inLanguage\":\"sk-SK\",\"@id\":\"https:\\\/\\\/secure.gravatar.com\\\/avatar\\\/2bb7f1561282132fb5826dfeccc66c7996d11ee392ac6aaf7ced8a1c2027fbb2?s=96&d=mm&r=g\",\"url\":\"https:\\\/\\\/secure.gravatar.com\\\/avatar\\\/2bb7f1561282132fb5826dfeccc66c7996d11ee392ac6aaf7ced8a1c2027fbb2?s=96&d=mm&r=g\",\"contentUrl\":\"https:\\\/\\\/secure.gravatar.com\\\/avatar\\\/2bb7f1561282132fb5826dfeccc66c7996d11ee392ac6aaf7ced8a1c2027fbb2?s=96&d=mm&r=g\",\"caption\":\"Pova\u017esk\u00e9 m\u00fazeum\"}}]}<\/script>\n<!-- \/ Yoast SEO plugin. -->","yoast_head_json":{"title":"Ve\u013ekono\u010dn\u00e9 trad\u00edcie a drot\u00e1rske tvoriv\u00e9 dielne v Budat\u00ednskom hrade - Pova\u017esk\u00e9 m\u00fazeum","robots":{"index":"index","follow":"follow","max-snippet":"max-snippet:-1","max-image-preview":"max-image-preview:large","max-video-preview":"max-video-preview:-1"},"canonical":"https:\/\/pmza.sk\/?p=25529","og_locale":"sk_SK","og_type":"article","og_title":"Ve\u013ekono\u010dn\u00e9 trad\u00edcie a drot\u00e1rske tvoriv\u00e9 dielne v Budat\u00ednskom hrade - Pova\u017esk\u00e9 m\u00fazeum","og_description":"Mesiac marec sa v\u00a0Pova\u017eskom m\u00fazeu v\u00a0\u017diline niesol aj v\u00a0duchu vzdel\u00e1vac\u00edch a tvoriv\u00fdch aktiv\u00edt ur\u010den\u00fdch pre \u017eiakov \u0161k\u00f4l a \u0161irok\u00fa verejnos\u0165, ktor\u00e9 boli venovan\u00e9 ve\u013ekono\u010dn\u00e9mu obdobiu. Pripravili ich pracovn\u00edci \u00daseku drot\u00e1rstva z Oddelenia odborn\u00fdch \u010dinnost\u00ed PMZA. Takmer 100 det\u00ed zo Z\u0160 Z\u00e1vodie a Z\u0160 v\u00a0Moj\u0161ovej L\u00fa\u010dke nav\u0161t\u00edvilo 16. a\u00a019. marca 2018 Budat\u00ednsky hrad, aby sa z\u00fa\u010dastnili [&hellip;]","og_url":"https:\/\/pmza.sk\/?p=25529","og_site_name":"Pova\u017esk\u00e9 m\u00fazeum","article_publisher":"https:\/\/www.facebook.com\/povazskemuzeum","article_published_time":"2018-03-23T14:13:57+00:00","og_image":[{"width":1024,"height":683,"url":"https:\/\/pmza.sk\/wp-content\/uploads\/2018\/03\/IMG_7595.jpg","type":"image\/jpeg"}],"author":"Pova\u017esk\u00e9 m\u00fazeum","twitter_card":"summary_large_image","twitter_misc":{"Autor":"Pova\u017esk\u00e9 m\u00fazeum","Predpokladan\u00fd \u010das \u010d\u00edtania":"3 min\u00faty"},"schema":{"@context":"https:\/\/schema.org","@graph":[{"@type":"Article","@id":"https:\/\/pmza.sk\/?p=25529#article","isPartOf":{"@id":"https:\/\/pmza.sk\/?p=25529"},"author":{"name":"Pova\u017esk\u00e9 m\u00fazeum","@id":"https:\/\/pmza.sk\/#\/schema\/person\/595e6a2ce731ea94dcd5d7f50a41ae33"},"headline":"Ve\u013ekono\u010dn\u00e9 trad\u00edcie a drot\u00e1rske tvoriv\u00e9 dielne v Budat\u00ednskom hrade","datePublished":"2018-03-23T14:13:57+00:00","mainEntityOfPage":{"@id":"https:\/\/pmza.sk\/?p=25529"},"wordCount":668,"publisher":{"@id":"https:\/\/pmza.sk\/#organization"},"image":{"@id":"https:\/\/pmza.sk\/?p=25529#primaryimage"},"thumbnailUrl":"https:\/\/pmza.sk\/wp-content\/uploads\/2018\/03\/IMG_7595.jpg","articleSection":["Aktuality"],"inLanguage":"sk-SK"},{"@type":"WebPage","@id":"https:\/\/pmza.sk\/?p=25529","url":"https:\/\/pmza.sk\/?p=25529","name":"Ve\u013ekono\u010dn\u00e9 trad\u00edcie a drot\u00e1rske tvoriv\u00e9 dielne v Budat\u00ednskom hrade - Pova\u017esk\u00e9 m\u00fazeum","isPartOf":{"@id":"https:\/\/pmza.sk\/#website"},"primaryImageOfPage":{"@id":"https:\/\/pmza.sk\/?p=25529#primaryimage"},"image":{"@id":"https:\/\/pmza.sk\/?p=25529#primaryimage"},"thumbnailUrl":"https:\/\/pmza.sk\/wp-content\/uploads\/2018\/03\/IMG_7595.jpg","datePublished":"2018-03-23T14:13:57+00:00","breadcrumb":{"@id":"https:\/\/pmza.sk\/?p=25529#breadcrumb"},"inLanguage":"sk-SK","potentialAction":[{"@type":"ReadAction","target":["https:\/\/pmza.sk\/?p=25529"]}]},{"@type":"ImageObject","inLanguage":"sk-SK","@id":"https:\/\/pmza.sk\/?p=25529#primaryimage","url":"https:\/\/pmza.sk\/wp-content\/uploads\/2018\/03\/IMG_7595.jpg","contentUrl":"https:\/\/pmza.sk\/wp-content\/uploads\/2018\/03\/IMG_7595.jpg","width":1024,"height":683},{"@type":"BreadcrumbList","@id":"https:\/\/pmza.sk\/?p=25529#breadcrumb","itemListElement":[{"@type":"ListItem","position":1,"name":"Domovsk\u00e1 str\u00e1nka","item":"https:\/\/pmza.sk\/"},{"@type":"ListItem","position":2,"name":"Ve\u013ekono\u010dn\u00e9 trad\u00edcie a drot\u00e1rske tvoriv\u00e9 dielne v Budat\u00ednskom hrade"}]},{"@type":"WebSite","@id":"https:\/\/pmza.sk\/#website","url":"https:\/\/pmza.sk\/","name":"Pova\u017esk\u00e9 m\u00fazeum","description":"Pova\u017esk\u00e9 m\u00fazeum v \u017diline je region\u00e1lne m\u00fazeum so s\u00eddlom v Budat\u00edne. Jeho expoz\u00edcie s\u00fa zameran\u00e9 na dejiny slovensk\u00e9ho umenia, kult\u00fary a dopravy.","publisher":{"@id":"https:\/\/pmza.sk\/#organization"},"potentialAction":[{"@type":"SearchAction","target":{"@type":"EntryPoint","urlTemplate":"https:\/\/pmza.sk\/?s={search_term_string}"},"query-input":{"@type":"PropertyValueSpecification","valueRequired":true,"valueName":"search_term_string"}}],"inLanguage":"sk-SK"},{"@type":"Organization","@id":"https:\/\/pmza.sk\/#organization","name":"Pova\u017esk\u00e9 m\u00fazeum","url":"https:\/\/pmza.sk\/","logo":{"@type":"ImageObject","inLanguage":"sk-SK","@id":"https:\/\/pmza.sk\/#\/schema\/logo\/image\/","url":"https:\/\/pmza.sk\/wp-content\/uploads\/2022\/01\/logo_PM_horizontal.jpg","contentUrl":"https:\/\/pmza.sk\/wp-content\/uploads\/2022\/01\/logo_PM_horizontal.jpg","width":231,"height":142,"caption":"Pova\u017esk\u00e9 m\u00fazeum"},"image":{"@id":"https:\/\/pmza.sk\/#\/schema\/logo\/image\/"},"sameAs":["https:\/\/www.facebook.com\/povazskemuzeum","https:\/\/www.instagram.com\/povazskemuzeum\/"]},{"@type":"Person","@id":"https:\/\/pmza.sk\/#\/schema\/person\/595e6a2ce731ea94dcd5d7f50a41ae33","name":"Pova\u017esk\u00e9 m\u00fazeum","image":{"@type":"ImageObject","inLanguage":"sk-SK","@id":"https:\/\/secure.gravatar.com\/avatar\/2bb7f1561282132fb5826dfeccc66c7996d11ee392ac6aaf7ced8a1c2027fbb2?s=96&d=mm&r=g","url":"https:\/\/secure.gravatar.com\/avatar\/2bb7f1561282132fb5826dfeccc66c7996d11ee392ac6aaf7ced8a1c2027fbb2?s=96&d=mm&r=g","contentUrl":"https:\/\/secure.gravatar.com\/avatar\/2bb7f1561282132fb5826dfeccc66c7996d11ee392ac6aaf7ced8a1c2027fbb2?s=96&d=mm&r=g","caption":"Pova\u017esk\u00e9 m\u00fazeum"}}]}},"_links":{"self":[{"href":"https:\/\/pmza.sk\/index.php?rest_route=\/wp\/v2\/posts\/25529","targetHints":{"allow":["GET"]}}],"collection":[{"href":"https:\/\/pmza.sk\/index.php?rest_route=\/wp\/v2\/posts"}],"about":[{"href":"https:\/\/pmza.sk\/index.php?rest_route=\/wp\/v2\/types\/post"}],"author":[{"embeddable":true,"href":"https:\/\/pmza.sk\/index.php?rest_route=\/wp\/v2\/users\/2"}],"replies":[{"embeddable":true,"href":"https:\/\/pmza.sk\/index.php?rest_route=%2Fwp%2Fv2%2Fcomments&post=25529"}],"version-history":[{"count":0,"href":"https:\/\/pmza.sk\/index.php?rest_route=\/wp\/v2\/posts\/25529\/revisions"}],"wp:featuredmedia":[{"embeddable":true,"href":"https:\/\/pmza.sk\/index.php?rest_route=\/wp\/v2\/media\/25451"}],"wp:attachment":[{"href":"https:\/\/pmza.sk\/index.php?rest_route=%2Fwp%2Fv2%2Fmedia&parent=25529"}],"wp:term":[{"taxonomy":"category","embeddable":true,"href":"https:\/\/pmza.sk\/index.php?rest_route=%2Fwp%2Fv2%2Fcategories&post=25529"},{"taxonomy":"post_tag","embeddable":true,"href":"https:\/\/pmza.sk\/index.php?rest_route=%2Fwp%2Fv2%2Ftags&post=25529"}],"curies":[{"name":"wp","href":"https:\/\/api.w.org\/{rel}","templated":true}]}}