{"id":25564,"date":"2018-03-28T11:03:30","date_gmt":"2018-03-28T09:03:30","guid":{"rendered":"https:\/\/pmza.sk\/?p=25564"},"modified":"2018-03-28T11:03:30","modified_gmt":"2018-03-28T09:03:30","slug":"monografia-budatinsky-hrad-uvedena-do-zivota","status":"publish","type":"post","link":"https:\/\/pmza.sk\/?p=25564","title":{"rendered":"Monografia Budat\u00ednsky hrad uveden\u00e1 do \u017eivota \/ FOTO"},"content":{"rendered":"<p>Dlho o\u010dak\u00e1van\u00fa monografiu <strong>Budat\u00ednsky hrad<\/strong> uviedli jej autori a\u00a0zostavovatelia do \u017eivota v\u00a0utorok 27. marca 2018 na p\u00f4de jednej z najstar\u0161\u00edch stojacich pamiatok na \u00fazem\u00ed mesta \u017dilina. Monografiu pripravil kolekt\u00edv autorov na sklonku roka 2017 pri pr\u00edle\u017eitosti osl\u00e1v 75. v\u00fdro\u010dia vzniku Pova\u017esk\u00e9ho m\u00fazea v\u00a0\u017diline. Je dielom odborn\u00edkov z viacer\u00fdch vedn\u00fdch oblast\u00ed. Predklad\u00e1 v\u00fdsledky rozsiahlych architektonick\u00fdch a archeologick\u00fdch v\u00fdskumov, ktor\u00e9 na Budat\u00ednskom hrade prebiehali od roku 2006 po\u010das viacer\u00fdch sez\u00f3n a v mnohom opravili, \u010di doplnili dovtedaj\u0161ie poznatky o hrade a\u00a0jeho v\u00fdvoji. Rovnako zah\u0155\u0148a aj najnov\u0161ie arch\u00edvne v\u00fdskumy a okrem v\u00fdvoja hradu v\u00a0stredoveku a novoveku sa \u010ditate\u013e dozvie mnoho aj o hrade a jeho vyu\u017eit\u00ed v s\u00fa\u010dasnosti.<\/p>\n<p>Odborn\u00fd text doplnen\u00fd mno\u017estvom fotografi\u00ed, p\u00f4dorysov, rezov a pl\u00e1nov v mimoriadne kvalitnom vizu\u00e1lnom preveden\u00ed je d\u00f4kazom, \u017ee aj odborn\u00e1 kniha m\u00f4\u017ee by\u0165 modern\u00e1, vhodn\u00e1 pre \u0161irok\u00fa verejnos\u0165 a mil\u00fdm darom pre v\u0161etk\u00fdch milovn\u00edkov hist\u00f3rie. Obsahovo je rozdelen\u00e1 do piatich obsiahlych kapitol, v\u00a0ktor\u00fdch sa \u010ditate\u013e dostane do stredoveku, tie\u017e do \u010dias, kedy bol Budat\u00ednsky hrad ob\u00fdvan\u00fd Su\u0148ogovcami, ale aj \u010c\u00e1kiovcami, no a\u00a0autori neobi\u0161li ani hrad ako s\u00eddlo Pova\u017esk\u00e9ho m\u00fazea. \u010citatelia sa tie\u017e dozvedia z \u010doho je postaven\u00fd Budat\u00ednsky hrad alebo \u010do v\u0161etko odkryli archeologick\u00e9 v\u00fdskumy na hrade.<\/p>\n<p>Zostavovate\u013emi monografie s\u00fa Peter Bedn\u00e1r, Peter \u0160imko a\u00a0Zuzana Stanekov\u00e1, autorsky prispeli: Tom\u00e1\u0161 Janura, Michal Jureck\u00fd, Kv\u011bta Kickov\u00e1, Mari\u00e1n Li\u0161\u010d\u00e1k, Miroslav Matejka, Andrea Par\u00e1\u010dov\u00e1, Andrea Slan\u00e1, Michal \u0160imkovic, Dominika Tom\u00e1\u0161ov\u00e1. Grafick\u00fd dizajn v monografii bol zveren\u00fd do \u0161ikovn\u00fdch r\u00fak Petra Dlhopol\u010deka a jeho \u0161t\u00fadia Profigrafik.sk, ilustr\u00e1ciami do publik\u00e1cie prispeli nielen autori, ale\u00a0 aj Anna Kuchar\u010d\u00edkov\u00e1, Peter Danko a Rudo Ml\u00edch. \u010eal\u0161ie historick\u00e9 fotografie boli do monografie poskytnut\u00e9 z r\u00f4znych in\u0161tit\u00faci\u00ed a in\u00fdch zdrojov, napr. z Tren\u010dianskeho m\u00fazea, \u0160t\u00e1tneho arch\u00edvu v Levo\u010di, od pozostal\u00fdch po p\u00e1novi Karolovi K\u00e1llayovi a in\u00fdch.<\/p>\n<p>Monografia Budat\u00ednsky hrad je v\u00fdsledkom dlhoro\u010dnej akt\u00edvnej spolupr\u00e1ce Archeologick\u00e9ho \u00fastavu SAV Nitra a Pova\u017esk\u00e9ho m\u00fazea v \u017diline, podporen\u00e1 bola \u017dilinsk\u00fdm samospr\u00e1vnym krajom a Agent\u00farou na podporu vedy a v\u00fdskumu.<\/p>\n<p>Monografia Budat\u00ednsky hrad sa aktu\u00e1lne uch\u00e1dza aj o titul v ankete <strong>Kniha Horn\u00e9ho Pova\u017eia 2017<\/strong>, ktor\u00fa ka\u017edoro\u010dne vyhlasuje Krajsk\u00e1 kni\u017enica v \u017diline v zria\u010fovate\u013eskej p\u00f4sobnosti \u017dilinsk\u00e9ho samospr\u00e1vneho kraja.<\/p>\n<p>Publik\u00e1ciu je mo\u017en\u00e9 zak\u00fapi\u0165 v\u00a0pokladnici Budat\u00ednskeho hradu alebo prostredn\u00edctvom e-shopu Pova\u017esk\u00e9ho m\u00fazea.<\/p>\n<p><a href=\"https:\/\/pmza.sk\/fotogaleria\/gallery\/uvedenie-monografie-budatinsky-hrad-do-zivota\/\">FOTOGAL\u00c9RIA\u00a0<\/a><\/p>\n","protected":false},"excerpt":{"rendered":"<p>Dlho o\u010dak\u00e1van\u00fa monografiu Budat\u00ednsky hrad uviedli jej autori a\u00a0zostavovatelia do \u017eivota v\u00a0utorok 27. marca 2018 na p\u00f4de jednej z najstar\u0161\u00edch stojacich pamiatok na \u00fazem\u00ed mesta \u017dilina. Monografiu pripravil kolekt\u00edv autorov na sklonku roka 2017 pri pr\u00edle\u017eitosti osl\u00e1v 75. v\u00fdro\u010dia vzniku Pova\u017esk\u00e9ho m\u00fazea v\u00a0\u017diline. Je dielom odborn\u00edkov z viacer\u00fdch vedn\u00fdch oblast\u00ed. Predklad\u00e1 v\u00fdsledky rozsiahlych architektonick\u00fdch a [&hellip;]<\/p>\n","protected":false},"author":2,"featured_media":25153,"comment_status":"closed","ping_status":"closed","sticky":false,"template":"","format":"standard","meta":{"site-sidebar-layout":"default","site-content-layout":"","ast-site-content-layout":"","site-content-style":"default","site-sidebar-style":"default","ast-global-header-display":"","ast-banner-title-visibility":"","ast-main-header-display":"","ast-hfb-above-header-display":"","ast-hfb-below-header-display":"","ast-hfb-mobile-header-display":"","site-post-title":"","ast-breadcrumbs-content":"","ast-featured-img":"","footer-sml-layout":"","theme-transparent-header-meta":"","adv-header-id-meta":"","stick-header-meta":"","header-above-stick-meta":"","header-main-stick-meta":"","header-below-stick-meta":"","astra-migrate-meta-layouts":"default","ast-page-background-enabled":"default","ast-page-background-meta":{"desktop":{"background-color":"var(--ast-global-color-4)","background-image":"","background-repeat":"repeat","background-position":"center center","background-size":"auto","background-attachment":"scroll","background-type":"","background-media":"","overlay-type":"","overlay-color":"","overlay-opacity":"","overlay-gradient":""},"tablet":{"background-color":"","background-image":"","background-repeat":"repeat","background-position":"center center","background-size":"auto","background-attachment":"scroll","background-type":"","background-media":"","overlay-type":"","overlay-color":"","overlay-opacity":"","overlay-gradient":""},"mobile":{"background-color":"","background-image":"","background-repeat":"repeat","background-position":"center center","background-size":"auto","background-attachment":"scroll","background-type":"","background-media":"","overlay-type":"","overlay-color":"","overlay-opacity":"","overlay-gradient":""}},"ast-content-background-meta":{"desktop":{"background-color":"var(--ast-global-color-5)","background-image":"","background-repeat":"repeat","background-position":"center center","background-size":"auto","background-attachment":"scroll","background-type":"","background-media":"","overlay-type":"","overlay-color":"","overlay-opacity":"","overlay-gradient":""},"tablet":{"background-color":"var(--ast-global-color-5)","background-image":"","background-repeat":"repeat","background-position":"center center","background-size":"auto","background-attachment":"scroll","background-type":"","background-media":"","overlay-type":"","overlay-color":"","overlay-opacity":"","overlay-gradient":""},"mobile":{"background-color":"var(--ast-global-color-5)","background-image":"","background-repeat":"repeat","background-position":"center center","background-size":"auto","background-attachment":"scroll","background-type":"","background-media":"","overlay-type":"","overlay-color":"","overlay-opacity":"","overlay-gradient":""}},"footnotes":""},"categories":[1],"tags":[],"class_list":["post-25564","post","type-post","status-publish","format-standard","has-post-thumbnail","hentry","category-nezaradene"],"yoast_head":"<!-- This site is optimized with the Yoast SEO plugin v27.4 - https:\/\/yoast.com\/product\/yoast-seo-wordpress\/ -->\n<title>Monografia Budat\u00ednsky hrad uveden\u00e1 do \u017eivota \/ FOTO - Pova\u017esk\u00e9 m\u00fazeum<\/title>\n<meta name=\"robots\" content=\"index, follow, max-snippet:-1, max-image-preview:large, max-video-preview:-1\" \/>\n<link rel=\"canonical\" href=\"https:\/\/pmza.sk\/?p=25564\" \/>\n<meta property=\"og:locale\" content=\"sk_SK\" \/>\n<meta property=\"og:type\" content=\"article\" \/>\n<meta property=\"og:title\" content=\"Monografia Budat\u00ednsky hrad uveden\u00e1 do \u017eivota \/ FOTO - Pova\u017esk\u00e9 m\u00fazeum\" \/>\n<meta property=\"og:description\" content=\"Dlho o\u010dak\u00e1van\u00fa monografiu Budat\u00ednsky hrad uviedli jej autori a\u00a0zostavovatelia do \u017eivota v\u00a0utorok 27. marca 2018 na p\u00f4de jednej z najstar\u0161\u00edch stojacich pamiatok na \u00fazem\u00ed mesta \u017dilina. Monografiu pripravil kolekt\u00edv autorov na sklonku roka 2017 pri pr\u00edle\u017eitosti osl\u00e1v 75. v\u00fdro\u010dia vzniku Pova\u017esk\u00e9ho m\u00fazea v\u00a0\u017diline. Je dielom odborn\u00edkov z viacer\u00fdch vedn\u00fdch oblast\u00ed. Predklad\u00e1 v\u00fdsledky rozsiahlych architektonick\u00fdch a [&hellip;]\" \/>\n<meta property=\"og:url\" content=\"https:\/\/pmza.sk\/?p=25564\" \/>\n<meta property=\"og:site_name\" content=\"Pova\u017esk\u00e9 m\u00fazeum\" \/>\n<meta property=\"article:publisher\" content=\"https:\/\/www.facebook.com\/povazskemuzeum\" \/>\n<meta property=\"article:published_time\" content=\"2018-03-28T09:03:30+00:00\" \/>\n<meta property=\"og:image\" content=\"https:\/\/pmza.sk\/wp-content\/uploads\/2018\/03\/budatin_2.png\" \/>\n\t<meta property=\"og:image:width\" content=\"2000\" \/>\n\t<meta property=\"og:image:height\" content=\"2000\" \/>\n\t<meta property=\"og:image:type\" content=\"image\/png\" \/>\n<meta name=\"author\" content=\"Pova\u017esk\u00e9 m\u00fazeum\" \/>\n<meta name=\"twitter:card\" content=\"summary_large_image\" \/>\n<meta name=\"twitter:label1\" content=\"Autor\" \/>\n\t<meta name=\"twitter:data1\" content=\"Pova\u017esk\u00e9 m\u00fazeum\" \/>\n\t<meta name=\"twitter:label2\" content=\"Predpokladan\u00fd \u010das \u010d\u00edtania\" \/>\n\t<meta name=\"twitter:data2\" content=\"2 min\u00faty\" \/>\n<script type=\"application\/ld+json\" class=\"yoast-schema-graph\">{\"@context\":\"https:\\\/\\\/schema.org\",\"@graph\":[{\"@type\":\"Article\",\"@id\":\"https:\\\/\\\/pmza.sk\\\/?p=25564#article\",\"isPartOf\":{\"@id\":\"https:\\\/\\\/pmza.sk\\\/?p=25564\"},\"author\":{\"name\":\"Pova\u017esk\u00e9 m\u00fazeum\",\"@id\":\"https:\\\/\\\/pmza.sk\\\/#\\\/schema\\\/person\\\/595e6a2ce731ea94dcd5d7f50a41ae33\"},\"headline\":\"Monografia Budat\u00ednsky hrad uveden\u00e1 do \u017eivota \\\/ FOTO\",\"datePublished\":\"2018-03-28T09:03:30+00:00\",\"mainEntityOfPage\":{\"@id\":\"https:\\\/\\\/pmza.sk\\\/?p=25564\"},\"wordCount\":482,\"publisher\":{\"@id\":\"https:\\\/\\\/pmza.sk\\\/#organization\"},\"image\":{\"@id\":\"https:\\\/\\\/pmza.sk\\\/?p=25564#primaryimage\"},\"thumbnailUrl\":\"https:\\\/\\\/pmza.sk\\\/wp-content\\\/uploads\\\/2018\\\/03\\\/budatin_2.png\",\"inLanguage\":\"sk-SK\"},{\"@type\":\"WebPage\",\"@id\":\"https:\\\/\\\/pmza.sk\\\/?p=25564\",\"url\":\"https:\\\/\\\/pmza.sk\\\/?p=25564\",\"name\":\"Monografia Budat\u00ednsky hrad uveden\u00e1 do \u017eivota \\\/ FOTO - Pova\u017esk\u00e9 m\u00fazeum\",\"isPartOf\":{\"@id\":\"https:\\\/\\\/pmza.sk\\\/#website\"},\"primaryImageOfPage\":{\"@id\":\"https:\\\/\\\/pmza.sk\\\/?p=25564#primaryimage\"},\"image\":{\"@id\":\"https:\\\/\\\/pmza.sk\\\/?p=25564#primaryimage\"},\"thumbnailUrl\":\"https:\\\/\\\/pmza.sk\\\/wp-content\\\/uploads\\\/2018\\\/03\\\/budatin_2.png\",\"datePublished\":\"2018-03-28T09:03:30+00:00\",\"breadcrumb\":{\"@id\":\"https:\\\/\\\/pmza.sk\\\/?p=25564#breadcrumb\"},\"inLanguage\":\"sk-SK\",\"potentialAction\":[{\"@type\":\"ReadAction\",\"target\":[\"https:\\\/\\\/pmza.sk\\\/?p=25564\"]}]},{\"@type\":\"ImageObject\",\"inLanguage\":\"sk-SK\",\"@id\":\"https:\\\/\\\/pmza.sk\\\/?p=25564#primaryimage\",\"url\":\"https:\\\/\\\/pmza.sk\\\/wp-content\\\/uploads\\\/2018\\\/03\\\/budatin_2.png\",\"contentUrl\":\"https:\\\/\\\/pmza.sk\\\/wp-content\\\/uploads\\\/2018\\\/03\\\/budatin_2.png\",\"width\":2000,\"height\":2000},{\"@type\":\"BreadcrumbList\",\"@id\":\"https:\\\/\\\/pmza.sk\\\/?p=25564#breadcrumb\",\"itemListElement\":[{\"@type\":\"ListItem\",\"position\":1,\"name\":\"Domovsk\u00e1 str\u00e1nka\",\"item\":\"https:\\\/\\\/pmza.sk\\\/\"},{\"@type\":\"ListItem\",\"position\":2,\"name\":\"Monografia Budat\u00ednsky hrad uveden\u00e1 do \u017eivota \\\/ FOTO\"}]},{\"@type\":\"WebSite\",\"@id\":\"https:\\\/\\\/pmza.sk\\\/#website\",\"url\":\"https:\\\/\\\/pmza.sk\\\/\",\"name\":\"Pova\u017esk\u00e9 m\u00fazeum\",\"description\":\"Pova\u017esk\u00e9 m\u00fazeum v \u017diline je region\u00e1lne m\u00fazeum so s\u00eddlom v Budat\u00edne. Jeho expoz\u00edcie s\u00fa zameran\u00e9 na dejiny slovensk\u00e9ho umenia, kult\u00fary a dopravy.\",\"publisher\":{\"@id\":\"https:\\\/\\\/pmza.sk\\\/#organization\"},\"potentialAction\":[{\"@type\":\"SearchAction\",\"target\":{\"@type\":\"EntryPoint\",\"urlTemplate\":\"https:\\\/\\\/pmza.sk\\\/?s={search_term_string}\"},\"query-input\":{\"@type\":\"PropertyValueSpecification\",\"valueRequired\":true,\"valueName\":\"search_term_string\"}}],\"inLanguage\":\"sk-SK\"},{\"@type\":\"Organization\",\"@id\":\"https:\\\/\\\/pmza.sk\\\/#organization\",\"name\":\"Pova\u017esk\u00e9 m\u00fazeum\",\"url\":\"https:\\\/\\\/pmza.sk\\\/\",\"logo\":{\"@type\":\"ImageObject\",\"inLanguage\":\"sk-SK\",\"@id\":\"https:\\\/\\\/pmza.sk\\\/#\\\/schema\\\/logo\\\/image\\\/\",\"url\":\"https:\\\/\\\/pmza.sk\\\/wp-content\\\/uploads\\\/2022\\\/01\\\/logo_PM_horizontal.jpg\",\"contentUrl\":\"https:\\\/\\\/pmza.sk\\\/wp-content\\\/uploads\\\/2022\\\/01\\\/logo_PM_horizontal.jpg\",\"width\":231,\"height\":142,\"caption\":\"Pova\u017esk\u00e9 m\u00fazeum\"},\"image\":{\"@id\":\"https:\\\/\\\/pmza.sk\\\/#\\\/schema\\\/logo\\\/image\\\/\"},\"sameAs\":[\"https:\\\/\\\/www.facebook.com\\\/povazskemuzeum\",\"https:\\\/\\\/www.instagram.com\\\/povazskemuzeum\\\/\"]},{\"@type\":\"Person\",\"@id\":\"https:\\\/\\\/pmza.sk\\\/#\\\/schema\\\/person\\\/595e6a2ce731ea94dcd5d7f50a41ae33\",\"name\":\"Pova\u017esk\u00e9 m\u00fazeum\",\"image\":{\"@type\":\"ImageObject\",\"inLanguage\":\"sk-SK\",\"@id\":\"https:\\\/\\\/secure.gravatar.com\\\/avatar\\\/2bb7f1561282132fb5826dfeccc66c7996d11ee392ac6aaf7ced8a1c2027fbb2?s=96&d=mm&r=g\",\"url\":\"https:\\\/\\\/secure.gravatar.com\\\/avatar\\\/2bb7f1561282132fb5826dfeccc66c7996d11ee392ac6aaf7ced8a1c2027fbb2?s=96&d=mm&r=g\",\"contentUrl\":\"https:\\\/\\\/secure.gravatar.com\\\/avatar\\\/2bb7f1561282132fb5826dfeccc66c7996d11ee392ac6aaf7ced8a1c2027fbb2?s=96&d=mm&r=g\",\"caption\":\"Pova\u017esk\u00e9 m\u00fazeum\"}}]}<\/script>\n<!-- \/ Yoast SEO plugin. -->","yoast_head_json":{"title":"Monografia Budat\u00ednsky hrad uveden\u00e1 do \u017eivota \/ FOTO - Pova\u017esk\u00e9 m\u00fazeum","robots":{"index":"index","follow":"follow","max-snippet":"max-snippet:-1","max-image-preview":"max-image-preview:large","max-video-preview":"max-video-preview:-1"},"canonical":"https:\/\/pmza.sk\/?p=25564","og_locale":"sk_SK","og_type":"article","og_title":"Monografia Budat\u00ednsky hrad uveden\u00e1 do \u017eivota \/ FOTO - Pova\u017esk\u00e9 m\u00fazeum","og_description":"Dlho o\u010dak\u00e1van\u00fa monografiu Budat\u00ednsky hrad uviedli jej autori a\u00a0zostavovatelia do \u017eivota v\u00a0utorok 27. marca 2018 na p\u00f4de jednej z najstar\u0161\u00edch stojacich pamiatok na \u00fazem\u00ed mesta \u017dilina. Monografiu pripravil kolekt\u00edv autorov na sklonku roka 2017 pri pr\u00edle\u017eitosti osl\u00e1v 75. v\u00fdro\u010dia vzniku Pova\u017esk\u00e9ho m\u00fazea v\u00a0\u017diline. Je dielom odborn\u00edkov z viacer\u00fdch vedn\u00fdch oblast\u00ed. Predklad\u00e1 v\u00fdsledky rozsiahlych architektonick\u00fdch a [&hellip;]","og_url":"https:\/\/pmza.sk\/?p=25564","og_site_name":"Pova\u017esk\u00e9 m\u00fazeum","article_publisher":"https:\/\/www.facebook.com\/povazskemuzeum","article_published_time":"2018-03-28T09:03:30+00:00","og_image":[{"width":2000,"height":2000,"url":"https:\/\/pmza.sk\/wp-content\/uploads\/2018\/03\/budatin_2.png","type":"image\/png"}],"author":"Pova\u017esk\u00e9 m\u00fazeum","twitter_card":"summary_large_image","twitter_misc":{"Autor":"Pova\u017esk\u00e9 m\u00fazeum","Predpokladan\u00fd \u010das \u010d\u00edtania":"2 min\u00faty"},"schema":{"@context":"https:\/\/schema.org","@graph":[{"@type":"Article","@id":"https:\/\/pmza.sk\/?p=25564#article","isPartOf":{"@id":"https:\/\/pmza.sk\/?p=25564"},"author":{"name":"Pova\u017esk\u00e9 m\u00fazeum","@id":"https:\/\/pmza.sk\/#\/schema\/person\/595e6a2ce731ea94dcd5d7f50a41ae33"},"headline":"Monografia Budat\u00ednsky hrad uveden\u00e1 do \u017eivota \/ FOTO","datePublished":"2018-03-28T09:03:30+00:00","mainEntityOfPage":{"@id":"https:\/\/pmza.sk\/?p=25564"},"wordCount":482,"publisher":{"@id":"https:\/\/pmza.sk\/#organization"},"image":{"@id":"https:\/\/pmza.sk\/?p=25564#primaryimage"},"thumbnailUrl":"https:\/\/pmza.sk\/wp-content\/uploads\/2018\/03\/budatin_2.png","inLanguage":"sk-SK"},{"@type":"WebPage","@id":"https:\/\/pmza.sk\/?p=25564","url":"https:\/\/pmza.sk\/?p=25564","name":"Monografia Budat\u00ednsky hrad uveden\u00e1 do \u017eivota \/ FOTO - Pova\u017esk\u00e9 m\u00fazeum","isPartOf":{"@id":"https:\/\/pmza.sk\/#website"},"primaryImageOfPage":{"@id":"https:\/\/pmza.sk\/?p=25564#primaryimage"},"image":{"@id":"https:\/\/pmza.sk\/?p=25564#primaryimage"},"thumbnailUrl":"https:\/\/pmza.sk\/wp-content\/uploads\/2018\/03\/budatin_2.png","datePublished":"2018-03-28T09:03:30+00:00","breadcrumb":{"@id":"https:\/\/pmza.sk\/?p=25564#breadcrumb"},"inLanguage":"sk-SK","potentialAction":[{"@type":"ReadAction","target":["https:\/\/pmza.sk\/?p=25564"]}]},{"@type":"ImageObject","inLanguage":"sk-SK","@id":"https:\/\/pmza.sk\/?p=25564#primaryimage","url":"https:\/\/pmza.sk\/wp-content\/uploads\/2018\/03\/budatin_2.png","contentUrl":"https:\/\/pmza.sk\/wp-content\/uploads\/2018\/03\/budatin_2.png","width":2000,"height":2000},{"@type":"BreadcrumbList","@id":"https:\/\/pmza.sk\/?p=25564#breadcrumb","itemListElement":[{"@type":"ListItem","position":1,"name":"Domovsk\u00e1 str\u00e1nka","item":"https:\/\/pmza.sk\/"},{"@type":"ListItem","position":2,"name":"Monografia Budat\u00ednsky hrad uveden\u00e1 do \u017eivota \/ FOTO"}]},{"@type":"WebSite","@id":"https:\/\/pmza.sk\/#website","url":"https:\/\/pmza.sk\/","name":"Pova\u017esk\u00e9 m\u00fazeum","description":"Pova\u017esk\u00e9 m\u00fazeum v \u017diline je region\u00e1lne m\u00fazeum so s\u00eddlom v Budat\u00edne. Jeho expoz\u00edcie s\u00fa zameran\u00e9 na dejiny slovensk\u00e9ho umenia, kult\u00fary a dopravy.","publisher":{"@id":"https:\/\/pmza.sk\/#organization"},"potentialAction":[{"@type":"SearchAction","target":{"@type":"EntryPoint","urlTemplate":"https:\/\/pmza.sk\/?s={search_term_string}"},"query-input":{"@type":"PropertyValueSpecification","valueRequired":true,"valueName":"search_term_string"}}],"inLanguage":"sk-SK"},{"@type":"Organization","@id":"https:\/\/pmza.sk\/#organization","name":"Pova\u017esk\u00e9 m\u00fazeum","url":"https:\/\/pmza.sk\/","logo":{"@type":"ImageObject","inLanguage":"sk-SK","@id":"https:\/\/pmza.sk\/#\/schema\/logo\/image\/","url":"https:\/\/pmza.sk\/wp-content\/uploads\/2022\/01\/logo_PM_horizontal.jpg","contentUrl":"https:\/\/pmza.sk\/wp-content\/uploads\/2022\/01\/logo_PM_horizontal.jpg","width":231,"height":142,"caption":"Pova\u017esk\u00e9 m\u00fazeum"},"image":{"@id":"https:\/\/pmza.sk\/#\/schema\/logo\/image\/"},"sameAs":["https:\/\/www.facebook.com\/povazskemuzeum","https:\/\/www.instagram.com\/povazskemuzeum\/"]},{"@type":"Person","@id":"https:\/\/pmza.sk\/#\/schema\/person\/595e6a2ce731ea94dcd5d7f50a41ae33","name":"Pova\u017esk\u00e9 m\u00fazeum","image":{"@type":"ImageObject","inLanguage":"sk-SK","@id":"https:\/\/secure.gravatar.com\/avatar\/2bb7f1561282132fb5826dfeccc66c7996d11ee392ac6aaf7ced8a1c2027fbb2?s=96&d=mm&r=g","url":"https:\/\/secure.gravatar.com\/avatar\/2bb7f1561282132fb5826dfeccc66c7996d11ee392ac6aaf7ced8a1c2027fbb2?s=96&d=mm&r=g","contentUrl":"https:\/\/secure.gravatar.com\/avatar\/2bb7f1561282132fb5826dfeccc66c7996d11ee392ac6aaf7ced8a1c2027fbb2?s=96&d=mm&r=g","caption":"Pova\u017esk\u00e9 m\u00fazeum"}}]}},"_links":{"self":[{"href":"https:\/\/pmza.sk\/index.php?rest_route=\/wp\/v2\/posts\/25564","targetHints":{"allow":["GET"]}}],"collection":[{"href":"https:\/\/pmza.sk\/index.php?rest_route=\/wp\/v2\/posts"}],"about":[{"href":"https:\/\/pmza.sk\/index.php?rest_route=\/wp\/v2\/types\/post"}],"author":[{"embeddable":true,"href":"https:\/\/pmza.sk\/index.php?rest_route=\/wp\/v2\/users\/2"}],"replies":[{"embeddable":true,"href":"https:\/\/pmza.sk\/index.php?rest_route=%2Fwp%2Fv2%2Fcomments&post=25564"}],"version-history":[{"count":0,"href":"https:\/\/pmza.sk\/index.php?rest_route=\/wp\/v2\/posts\/25564\/revisions"}],"wp:featuredmedia":[{"embeddable":true,"href":"https:\/\/pmza.sk\/index.php?rest_route=\/wp\/v2\/media\/25153"}],"wp:attachment":[{"href":"https:\/\/pmza.sk\/index.php?rest_route=%2Fwp%2Fv2%2Fmedia&parent=25564"}],"wp:term":[{"taxonomy":"category","embeddable":true,"href":"https:\/\/pmza.sk\/index.php?rest_route=%2Fwp%2Fv2%2Fcategories&post=25564"},{"taxonomy":"post_tag","embeddable":true,"href":"https:\/\/pmza.sk\/index.php?rest_route=%2Fwp%2Fv2%2Ftags&post=25564"}],"curies":[{"name":"wp","href":"https:\/\/api.w.org\/{rel}","templated":true}]}}