{"id":25572,"date":"2018-03-29T11:12:29","date_gmt":"2018-03-29T09:12:29","guid":{"rendered":"https:\/\/pmza.sk\/?p=25572"},"modified":"2018-03-29T11:12:29","modified_gmt":"2018-03-29T09:12:29","slug":"vystava-vladimir-provci-v-objati-mora","status":"publish","type":"post","link":"https:\/\/pmza.sk\/?p=25572","title":{"rendered":"V\u00fdstava: Vladimir Prov\u010di &#8211; V objat\u00ed mora"},"content":{"rendered":"<p>Pova\u017esk\u00e9 m\u00fazeum v\u00a0\u017diline pripravilo v\u00a0kaplnke Budat\u00ednskeho hradu od 4. apr\u00edla 2018 v\u00fdstavu rus\u00ednskeho Chorv\u00e1ta Vladimira Prov\u010diho \u201eV objat\u00ed mora\u201c.<\/p>\n<p>Vladimir Prov\u010di sa narodil 15. j\u00fana 1946 v\u00a0rus\u00ednskom Miklu\u0161evci (dedina pri Vukovare, Chorv\u00e1tsko). Je Rus\u00ednom cel\u00fdm svoj\u00edm telom i du\u0161ou. Do \u0161koly chodil v\u00a0rodnej dedine, vo Vukovare, \u013dub\u013eane, Novom Sade, v\u00a0Belehrade, kde ukon\u010dil \u0161t\u00fadium medic\u00edny na vysokej \u0161kole. Po\u010das 42 rokov pracoval na Chirurgickej klinike v\u00a0Rijeke ako ved\u00faci opera\u010dn\u00e9ho oddelenia a\u00a0steriliz\u00e1cie. Je \u017eenat\u00fd, m\u00e1 2 deti a\u00a04 vn\u00fa\u010dat\u00e1.<\/p>\n<p>Je predsedom Kult\u00farnej spolo\u010dnosti Rus\u00ednov a\u00a0Ukrajincov \u201eRu\u0161njak\u201c primorsko \u2013 goranskej \u017eupy. Od prezidenta Ukrajiny z\u00edskal ocenenie R\u00e1d z\u00e1sluh za n\u00e1rod III. triedy za pr\u00e1cu v\u00a0oblasti kult\u00fary, a\u00a0je dr\u017eite\u013eom aj \u010fal\u0161\u00edch ocenen\u00ed doma aj v\u00a0zahrani\u010d\u00ed. V\u00a0Rijeke m\u00e1 u\u017e desa\u0165 rokov dva maliarske ateli\u00e9ry.<\/p>\n<p>Diplomovan\u00fd akademick\u00fd maliar vystavoval svoje diela vo svojej \u017eupe, ale aj v\u00a0Chorv\u00e1tsku, na Slovensku v\u00a0Bratislave, vo Svidn\u00edku, v\u00a0Humennom, Medzilaborciach, ale aj v\u00a0Srbsku, na Ukrajine i\u00a0v Rak\u00fasku. Doteraz zrealizoval 160 samostatn\u00fdch v\u00fdstav a\u00a0na asi 80 sa podie\u013eal ako spoluautor. Uprednost\u0148uje techniku akrylu a\u00a0akvarelu, mot\u00edvy jeho diel s\u00fa r\u00f4zne. Aktu\u00e1lna v\u00fdstava v\u00a0Kaplnke Budat\u00ednskeho hradu pozost\u00e1va z\u00a030 obrazov technikou akrylu s\u00a0rozmermi 50&#215;70 a 70&#215;50 cm. Jej mot\u00edvom je predov\u0161etk\u00fdm more.<\/p>\n<p>V\u00fdstava potrv\u00e1 od 4. 4. do 31. 5. 2018.<\/p>\n<p>\u017dilinsk\u00fd samospr\u00e1vny kraj zrealizoval obnovu hradnej kaplnky Budat\u00ednskeho hradu s podporou Finan\u010dn\u00e9ho mechanizmu EHP a N\u00f3rskeho finan\u010dn\u00e9ho mechanizmu s mottom: otv\u00e1rame pre V\u00e1s Budat\u00ednsky hrad a zachr\u00e1nime srdce Budat\u00ednskeho hradu \u2013 kaplnku. V\u010faka Finan\u010dn\u00e9mu mechanizmu EHP a NFM vznikol v \u017diline nov\u00fd priestor pre \u013eud\u00ed a aktivity men\u0161\u00edn \u017eij\u00facich na Slovensku.<\/p>\n<p>&nbsp;<\/p>\n","protected":false},"excerpt":{"rendered":"<p>Pova\u017esk\u00e9 m\u00fazeum v\u00a0\u017diline pripravilo v\u00a0kaplnke Budat\u00ednskeho hradu od 4. apr\u00edla 2018 v\u00fdstavu rus\u00ednskeho Chorv\u00e1ta Vladimira Prov\u010diho \u201eV objat\u00ed mora\u201c. Vladimir Prov\u010di sa narodil 15. j\u00fana 1946 v\u00a0rus\u00ednskom Miklu\u0161evci (dedina pri Vukovare, Chorv\u00e1tsko). Je Rus\u00ednom cel\u00fdm svoj\u00edm telom i du\u0161ou. Do \u0161koly chodil v\u00a0rodnej dedine, vo Vukovare, \u013dub\u013eane, Novom Sade, v\u00a0Belehrade, kde ukon\u010dil \u0161t\u00fadium medic\u00edny na [&hellip;]<\/p>\n","protected":false},"author":2,"featured_media":25483,"comment_status":"closed","ping_status":"closed","sticky":false,"template":"","format":"standard","meta":{"site-sidebar-layout":"default","site-content-layout":"","ast-site-content-layout":"","site-content-style":"default","site-sidebar-style":"default","ast-global-header-display":"","ast-banner-title-visibility":"","ast-main-header-display":"","ast-hfb-above-header-display":"","ast-hfb-below-header-display":"","ast-hfb-mobile-header-display":"","site-post-title":"","ast-breadcrumbs-content":"","ast-featured-img":"","footer-sml-layout":"","theme-transparent-header-meta":"","adv-header-id-meta":"","stick-header-meta":"","header-above-stick-meta":"","header-main-stick-meta":"","header-below-stick-meta":"","astra-migrate-meta-layouts":"default","ast-page-background-enabled":"default","ast-page-background-meta":{"desktop":{"background-color":"var(--ast-global-color-4)","background-image":"","background-repeat":"repeat","background-position":"center center","background-size":"auto","background-attachment":"scroll","background-type":"","background-media":"","overlay-type":"","overlay-color":"","overlay-opacity":"","overlay-gradient":""},"tablet":{"background-color":"","background-image":"","background-repeat":"repeat","background-position":"center center","background-size":"auto","background-attachment":"scroll","background-type":"","background-media":"","overlay-type":"","overlay-color":"","overlay-opacity":"","overlay-gradient":""},"mobile":{"background-color":"","background-image":"","background-repeat":"repeat","background-position":"center center","background-size":"auto","background-attachment":"scroll","background-type":"","background-media":"","overlay-type":"","overlay-color":"","overlay-opacity":"","overlay-gradient":""}},"ast-content-background-meta":{"desktop":{"background-color":"var(--ast-global-color-5)","background-image":"","background-repeat":"repeat","background-position":"center center","background-size":"auto","background-attachment":"scroll","background-type":"","background-media":"","overlay-type":"","overlay-color":"","overlay-opacity":"","overlay-gradient":""},"tablet":{"background-color":"var(--ast-global-color-5)","background-image":"","background-repeat":"repeat","background-position":"center center","background-size":"auto","background-attachment":"scroll","background-type":"","background-media":"","overlay-type":"","overlay-color":"","overlay-opacity":"","overlay-gradient":""},"mobile":{"background-color":"var(--ast-global-color-5)","background-image":"","background-repeat":"repeat","background-position":"center center","background-size":"auto","background-attachment":"scroll","background-type":"","background-media":"","overlay-type":"","overlay-color":"","overlay-opacity":"","overlay-gradient":""}},"footnotes":""},"categories":[31],"tags":[],"class_list":["post-25572","post","type-post","status-publish","format-standard","has-post-thumbnail","hentry","category-aktuality"],"yoast_head":"<!-- This site is optimized with the Yoast SEO plugin v27.4 - https:\/\/yoast.com\/product\/yoast-seo-wordpress\/ -->\n<title>V\u00fdstava: Vladimir Prov\u010di - V objat\u00ed mora - Pova\u017esk\u00e9 m\u00fazeum<\/title>\n<meta name=\"robots\" content=\"index, follow, max-snippet:-1, max-image-preview:large, max-video-preview:-1\" \/>\n<link rel=\"canonical\" href=\"https:\/\/pmza.sk\/?p=25572\" \/>\n<meta property=\"og:locale\" content=\"sk_SK\" \/>\n<meta property=\"og:type\" content=\"article\" \/>\n<meta property=\"og:title\" content=\"V\u00fdstava: Vladimir Prov\u010di - V objat\u00ed mora - Pova\u017esk\u00e9 m\u00fazeum\" \/>\n<meta property=\"og:description\" content=\"Pova\u017esk\u00e9 m\u00fazeum v\u00a0\u017diline pripravilo v\u00a0kaplnke Budat\u00ednskeho hradu od 4. apr\u00edla 2018 v\u00fdstavu rus\u00ednskeho Chorv\u00e1ta Vladimira Prov\u010diho \u201eV objat\u00ed mora\u201c. Vladimir Prov\u010di sa narodil 15. j\u00fana 1946 v\u00a0rus\u00ednskom Miklu\u0161evci (dedina pri Vukovare, Chorv\u00e1tsko). Je Rus\u00ednom cel\u00fdm svoj\u00edm telom i du\u0161ou. Do \u0161koly chodil v\u00a0rodnej dedine, vo Vukovare, \u013dub\u013eane, Novom Sade, v\u00a0Belehrade, kde ukon\u010dil \u0161t\u00fadium medic\u00edny na [&hellip;]\" \/>\n<meta property=\"og:url\" content=\"https:\/\/pmza.sk\/?p=25572\" \/>\n<meta property=\"og:site_name\" content=\"Pova\u017esk\u00e9 m\u00fazeum\" \/>\n<meta property=\"article:publisher\" content=\"https:\/\/www.facebook.com\/povazskemuzeum\" \/>\n<meta property=\"article:published_time\" content=\"2018-03-29T09:12:29+00:00\" \/>\n<meta property=\"og:image\" content=\"https:\/\/pmza.sk\/wp-content\/uploads\/2016\/12\/v-objati-mora-scaled-1.jpg\" \/>\n\t<meta property=\"og:image:width\" content=\"1805\" \/>\n\t<meta property=\"og:image:height\" content=\"2560\" \/>\n\t<meta property=\"og:image:type\" content=\"image\/jpeg\" \/>\n<meta name=\"author\" content=\"Pova\u017esk\u00e9 m\u00fazeum\" \/>\n<meta name=\"twitter:card\" content=\"summary_large_image\" \/>\n<meta name=\"twitter:label1\" content=\"Autor\" \/>\n\t<meta name=\"twitter:data1\" content=\"Pova\u017esk\u00e9 m\u00fazeum\" \/>\n\t<meta name=\"twitter:label2\" content=\"Predpokladan\u00fd \u010das \u010d\u00edtania\" \/>\n\t<meta name=\"twitter:data2\" content=\"2 min\u00faty\" \/>\n<script type=\"application\/ld+json\" class=\"yoast-schema-graph\">{\"@context\":\"https:\\\/\\\/schema.org\",\"@graph\":[{\"@type\":\"Article\",\"@id\":\"https:\\\/\\\/pmza.sk\\\/?p=25572#article\",\"isPartOf\":{\"@id\":\"https:\\\/\\\/pmza.sk\\\/?p=25572\"},\"author\":{\"name\":\"Pova\u017esk\u00e9 m\u00fazeum\",\"@id\":\"https:\\\/\\\/pmza.sk\\\/#\\\/schema\\\/person\\\/595e6a2ce731ea94dcd5d7f50a41ae33\"},\"headline\":\"V\u00fdstava: Vladimir Prov\u010di &#8211; V objat\u00ed mora\",\"datePublished\":\"2018-03-29T09:12:29+00:00\",\"mainEntityOfPage\":{\"@id\":\"https:\\\/\\\/pmza.sk\\\/?p=25572\"},\"wordCount\":337,\"publisher\":{\"@id\":\"https:\\\/\\\/pmza.sk\\\/#organization\"},\"image\":{\"@id\":\"https:\\\/\\\/pmza.sk\\\/?p=25572#primaryimage\"},\"thumbnailUrl\":\"https:\\\/\\\/pmza.sk\\\/wp-content\\\/uploads\\\/2016\\\/12\\\/v-objati-mora-scaled-1.jpg\",\"articleSection\":[\"Aktuality\"],\"inLanguage\":\"sk-SK\"},{\"@type\":\"WebPage\",\"@id\":\"https:\\\/\\\/pmza.sk\\\/?p=25572\",\"url\":\"https:\\\/\\\/pmza.sk\\\/?p=25572\",\"name\":\"V\u00fdstava: Vladimir Prov\u010di - V objat\u00ed mora - Pova\u017esk\u00e9 m\u00fazeum\",\"isPartOf\":{\"@id\":\"https:\\\/\\\/pmza.sk\\\/#website\"},\"primaryImageOfPage\":{\"@id\":\"https:\\\/\\\/pmza.sk\\\/?p=25572#primaryimage\"},\"image\":{\"@id\":\"https:\\\/\\\/pmza.sk\\\/?p=25572#primaryimage\"},\"thumbnailUrl\":\"https:\\\/\\\/pmza.sk\\\/wp-content\\\/uploads\\\/2016\\\/12\\\/v-objati-mora-scaled-1.jpg\",\"datePublished\":\"2018-03-29T09:12:29+00:00\",\"breadcrumb\":{\"@id\":\"https:\\\/\\\/pmza.sk\\\/?p=25572#breadcrumb\"},\"inLanguage\":\"sk-SK\",\"potentialAction\":[{\"@type\":\"ReadAction\",\"target\":[\"https:\\\/\\\/pmza.sk\\\/?p=25572\"]}]},{\"@type\":\"ImageObject\",\"inLanguage\":\"sk-SK\",\"@id\":\"https:\\\/\\\/pmza.sk\\\/?p=25572#primaryimage\",\"url\":\"https:\\\/\\\/pmza.sk\\\/wp-content\\\/uploads\\\/2016\\\/12\\\/v-objati-mora-scaled-1.jpg\",\"contentUrl\":\"https:\\\/\\\/pmza.sk\\\/wp-content\\\/uploads\\\/2016\\\/12\\\/v-objati-mora-scaled-1.jpg\",\"width\":1805,\"height\":2560},{\"@type\":\"BreadcrumbList\",\"@id\":\"https:\\\/\\\/pmza.sk\\\/?p=25572#breadcrumb\",\"itemListElement\":[{\"@type\":\"ListItem\",\"position\":1,\"name\":\"Domovsk\u00e1 str\u00e1nka\",\"item\":\"https:\\\/\\\/pmza.sk\\\/\"},{\"@type\":\"ListItem\",\"position\":2,\"name\":\"V\u00fdstava: Vladimir Prov\u010di &#8211; V objat\u00ed mora\"}]},{\"@type\":\"WebSite\",\"@id\":\"https:\\\/\\\/pmza.sk\\\/#website\",\"url\":\"https:\\\/\\\/pmza.sk\\\/\",\"name\":\"Pova\u017esk\u00e9 m\u00fazeum\",\"description\":\"Pova\u017esk\u00e9 m\u00fazeum v \u017diline je region\u00e1lne m\u00fazeum so s\u00eddlom v Budat\u00edne. Jeho expoz\u00edcie s\u00fa zameran\u00e9 na dejiny slovensk\u00e9ho umenia, kult\u00fary a dopravy.\",\"publisher\":{\"@id\":\"https:\\\/\\\/pmza.sk\\\/#organization\"},\"potentialAction\":[{\"@type\":\"SearchAction\",\"target\":{\"@type\":\"EntryPoint\",\"urlTemplate\":\"https:\\\/\\\/pmza.sk\\\/?s={search_term_string}\"},\"query-input\":{\"@type\":\"PropertyValueSpecification\",\"valueRequired\":true,\"valueName\":\"search_term_string\"}}],\"inLanguage\":\"sk-SK\"},{\"@type\":\"Organization\",\"@id\":\"https:\\\/\\\/pmza.sk\\\/#organization\",\"name\":\"Pova\u017esk\u00e9 m\u00fazeum\",\"url\":\"https:\\\/\\\/pmza.sk\\\/\",\"logo\":{\"@type\":\"ImageObject\",\"inLanguage\":\"sk-SK\",\"@id\":\"https:\\\/\\\/pmza.sk\\\/#\\\/schema\\\/logo\\\/image\\\/\",\"url\":\"https:\\\/\\\/pmza.sk\\\/wp-content\\\/uploads\\\/2022\\\/01\\\/logo_PM_horizontal.jpg\",\"contentUrl\":\"https:\\\/\\\/pmza.sk\\\/wp-content\\\/uploads\\\/2022\\\/01\\\/logo_PM_horizontal.jpg\",\"width\":231,\"height\":142,\"caption\":\"Pova\u017esk\u00e9 m\u00fazeum\"},\"image\":{\"@id\":\"https:\\\/\\\/pmza.sk\\\/#\\\/schema\\\/logo\\\/image\\\/\"},\"sameAs\":[\"https:\\\/\\\/www.facebook.com\\\/povazskemuzeum\",\"https:\\\/\\\/www.instagram.com\\\/povazskemuzeum\\\/\"]},{\"@type\":\"Person\",\"@id\":\"https:\\\/\\\/pmza.sk\\\/#\\\/schema\\\/person\\\/595e6a2ce731ea94dcd5d7f50a41ae33\",\"name\":\"Pova\u017esk\u00e9 m\u00fazeum\",\"image\":{\"@type\":\"ImageObject\",\"inLanguage\":\"sk-SK\",\"@id\":\"https:\\\/\\\/secure.gravatar.com\\\/avatar\\\/2bb7f1561282132fb5826dfeccc66c7996d11ee392ac6aaf7ced8a1c2027fbb2?s=96&d=mm&r=g\",\"url\":\"https:\\\/\\\/secure.gravatar.com\\\/avatar\\\/2bb7f1561282132fb5826dfeccc66c7996d11ee392ac6aaf7ced8a1c2027fbb2?s=96&d=mm&r=g\",\"contentUrl\":\"https:\\\/\\\/secure.gravatar.com\\\/avatar\\\/2bb7f1561282132fb5826dfeccc66c7996d11ee392ac6aaf7ced8a1c2027fbb2?s=96&d=mm&r=g\",\"caption\":\"Pova\u017esk\u00e9 m\u00fazeum\"}}]}<\/script>\n<!-- \/ Yoast SEO plugin. -->","yoast_head_json":{"title":"V\u00fdstava: Vladimir Prov\u010di - V objat\u00ed mora - Pova\u017esk\u00e9 m\u00fazeum","robots":{"index":"index","follow":"follow","max-snippet":"max-snippet:-1","max-image-preview":"max-image-preview:large","max-video-preview":"max-video-preview:-1"},"canonical":"https:\/\/pmza.sk\/?p=25572","og_locale":"sk_SK","og_type":"article","og_title":"V\u00fdstava: Vladimir Prov\u010di - V objat\u00ed mora - Pova\u017esk\u00e9 m\u00fazeum","og_description":"Pova\u017esk\u00e9 m\u00fazeum v\u00a0\u017diline pripravilo v\u00a0kaplnke Budat\u00ednskeho hradu od 4. apr\u00edla 2018 v\u00fdstavu rus\u00ednskeho Chorv\u00e1ta Vladimira Prov\u010diho \u201eV objat\u00ed mora\u201c. Vladimir Prov\u010di sa narodil 15. j\u00fana 1946 v\u00a0rus\u00ednskom Miklu\u0161evci (dedina pri Vukovare, Chorv\u00e1tsko). Je Rus\u00ednom cel\u00fdm svoj\u00edm telom i du\u0161ou. Do \u0161koly chodil v\u00a0rodnej dedine, vo Vukovare, \u013dub\u013eane, Novom Sade, v\u00a0Belehrade, kde ukon\u010dil \u0161t\u00fadium medic\u00edny na [&hellip;]","og_url":"https:\/\/pmza.sk\/?p=25572","og_site_name":"Pova\u017esk\u00e9 m\u00fazeum","article_publisher":"https:\/\/www.facebook.com\/povazskemuzeum","article_published_time":"2018-03-29T09:12:29+00:00","og_image":[{"width":1805,"height":2560,"url":"https:\/\/pmza.sk\/wp-content\/uploads\/2016\/12\/v-objati-mora-scaled-1.jpg","type":"image\/jpeg"}],"author":"Pova\u017esk\u00e9 m\u00fazeum","twitter_card":"summary_large_image","twitter_misc":{"Autor":"Pova\u017esk\u00e9 m\u00fazeum","Predpokladan\u00fd \u010das \u010d\u00edtania":"2 min\u00faty"},"schema":{"@context":"https:\/\/schema.org","@graph":[{"@type":"Article","@id":"https:\/\/pmza.sk\/?p=25572#article","isPartOf":{"@id":"https:\/\/pmza.sk\/?p=25572"},"author":{"name":"Pova\u017esk\u00e9 m\u00fazeum","@id":"https:\/\/pmza.sk\/#\/schema\/person\/595e6a2ce731ea94dcd5d7f50a41ae33"},"headline":"V\u00fdstava: Vladimir Prov\u010di &#8211; V objat\u00ed mora","datePublished":"2018-03-29T09:12:29+00:00","mainEntityOfPage":{"@id":"https:\/\/pmza.sk\/?p=25572"},"wordCount":337,"publisher":{"@id":"https:\/\/pmza.sk\/#organization"},"image":{"@id":"https:\/\/pmza.sk\/?p=25572#primaryimage"},"thumbnailUrl":"https:\/\/pmza.sk\/wp-content\/uploads\/2016\/12\/v-objati-mora-scaled-1.jpg","articleSection":["Aktuality"],"inLanguage":"sk-SK"},{"@type":"WebPage","@id":"https:\/\/pmza.sk\/?p=25572","url":"https:\/\/pmza.sk\/?p=25572","name":"V\u00fdstava: Vladimir Prov\u010di - V objat\u00ed mora - Pova\u017esk\u00e9 m\u00fazeum","isPartOf":{"@id":"https:\/\/pmza.sk\/#website"},"primaryImageOfPage":{"@id":"https:\/\/pmza.sk\/?p=25572#primaryimage"},"image":{"@id":"https:\/\/pmza.sk\/?p=25572#primaryimage"},"thumbnailUrl":"https:\/\/pmza.sk\/wp-content\/uploads\/2016\/12\/v-objati-mora-scaled-1.jpg","datePublished":"2018-03-29T09:12:29+00:00","breadcrumb":{"@id":"https:\/\/pmza.sk\/?p=25572#breadcrumb"},"inLanguage":"sk-SK","potentialAction":[{"@type":"ReadAction","target":["https:\/\/pmza.sk\/?p=25572"]}]},{"@type":"ImageObject","inLanguage":"sk-SK","@id":"https:\/\/pmza.sk\/?p=25572#primaryimage","url":"https:\/\/pmza.sk\/wp-content\/uploads\/2016\/12\/v-objati-mora-scaled-1.jpg","contentUrl":"https:\/\/pmza.sk\/wp-content\/uploads\/2016\/12\/v-objati-mora-scaled-1.jpg","width":1805,"height":2560},{"@type":"BreadcrumbList","@id":"https:\/\/pmza.sk\/?p=25572#breadcrumb","itemListElement":[{"@type":"ListItem","position":1,"name":"Domovsk\u00e1 str\u00e1nka","item":"https:\/\/pmza.sk\/"},{"@type":"ListItem","position":2,"name":"V\u00fdstava: Vladimir Prov\u010di &#8211; V objat\u00ed mora"}]},{"@type":"WebSite","@id":"https:\/\/pmza.sk\/#website","url":"https:\/\/pmza.sk\/","name":"Pova\u017esk\u00e9 m\u00fazeum","description":"Pova\u017esk\u00e9 m\u00fazeum v \u017diline je region\u00e1lne m\u00fazeum so s\u00eddlom v Budat\u00edne. Jeho expoz\u00edcie s\u00fa zameran\u00e9 na dejiny slovensk\u00e9ho umenia, kult\u00fary a dopravy.","publisher":{"@id":"https:\/\/pmza.sk\/#organization"},"potentialAction":[{"@type":"SearchAction","target":{"@type":"EntryPoint","urlTemplate":"https:\/\/pmza.sk\/?s={search_term_string}"},"query-input":{"@type":"PropertyValueSpecification","valueRequired":true,"valueName":"search_term_string"}}],"inLanguage":"sk-SK"},{"@type":"Organization","@id":"https:\/\/pmza.sk\/#organization","name":"Pova\u017esk\u00e9 m\u00fazeum","url":"https:\/\/pmza.sk\/","logo":{"@type":"ImageObject","inLanguage":"sk-SK","@id":"https:\/\/pmza.sk\/#\/schema\/logo\/image\/","url":"https:\/\/pmza.sk\/wp-content\/uploads\/2022\/01\/logo_PM_horizontal.jpg","contentUrl":"https:\/\/pmza.sk\/wp-content\/uploads\/2022\/01\/logo_PM_horizontal.jpg","width":231,"height":142,"caption":"Pova\u017esk\u00e9 m\u00fazeum"},"image":{"@id":"https:\/\/pmza.sk\/#\/schema\/logo\/image\/"},"sameAs":["https:\/\/www.facebook.com\/povazskemuzeum","https:\/\/www.instagram.com\/povazskemuzeum\/"]},{"@type":"Person","@id":"https:\/\/pmza.sk\/#\/schema\/person\/595e6a2ce731ea94dcd5d7f50a41ae33","name":"Pova\u017esk\u00e9 m\u00fazeum","image":{"@type":"ImageObject","inLanguage":"sk-SK","@id":"https:\/\/secure.gravatar.com\/avatar\/2bb7f1561282132fb5826dfeccc66c7996d11ee392ac6aaf7ced8a1c2027fbb2?s=96&d=mm&r=g","url":"https:\/\/secure.gravatar.com\/avatar\/2bb7f1561282132fb5826dfeccc66c7996d11ee392ac6aaf7ced8a1c2027fbb2?s=96&d=mm&r=g","contentUrl":"https:\/\/secure.gravatar.com\/avatar\/2bb7f1561282132fb5826dfeccc66c7996d11ee392ac6aaf7ced8a1c2027fbb2?s=96&d=mm&r=g","caption":"Pova\u017esk\u00e9 m\u00fazeum"}}]}},"_links":{"self":[{"href":"https:\/\/pmza.sk\/index.php?rest_route=\/wp\/v2\/posts\/25572","targetHints":{"allow":["GET"]}}],"collection":[{"href":"https:\/\/pmza.sk\/index.php?rest_route=\/wp\/v2\/posts"}],"about":[{"href":"https:\/\/pmza.sk\/index.php?rest_route=\/wp\/v2\/types\/post"}],"author":[{"embeddable":true,"href":"https:\/\/pmza.sk\/index.php?rest_route=\/wp\/v2\/users\/2"}],"replies":[{"embeddable":true,"href":"https:\/\/pmza.sk\/index.php?rest_route=%2Fwp%2Fv2%2Fcomments&post=25572"}],"version-history":[{"count":0,"href":"https:\/\/pmza.sk\/index.php?rest_route=\/wp\/v2\/posts\/25572\/revisions"}],"wp:featuredmedia":[{"embeddable":true,"href":"https:\/\/pmza.sk\/index.php?rest_route=\/wp\/v2\/media\/25483"}],"wp:attachment":[{"href":"https:\/\/pmza.sk\/index.php?rest_route=%2Fwp%2Fv2%2Fmedia&parent=25572"}],"wp:term":[{"taxonomy":"category","embeddable":true,"href":"https:\/\/pmza.sk\/index.php?rest_route=%2Fwp%2Fv2%2Fcategories&post=25572"},{"taxonomy":"post_tag","embeddable":true,"href":"https:\/\/pmza.sk\/index.php?rest_route=%2Fwp%2Fv2%2Ftags&post=25572"}],"curies":[{"name":"wp","href":"https:\/\/api.w.org\/{rel}","templated":true}]}}