{"id":25660,"date":"2018-04-09T13:51:16","date_gmt":"2018-04-09T11:51:16","guid":{"rendered":"https:\/\/pmza.sk\/?p=25660"},"modified":"2018-04-09T13:51:16","modified_gmt":"2018-04-09T11:51:16","slug":"prva-tisicka-na-bikekia-prekonana","status":"publish","type":"post","link":"https:\/\/pmza.sk\/?p=25660","title":{"rendered":"Prv\u00e1 tis\u00edcka na BikeKIA prekonan\u00e1"},"content":{"rendered":"<p>\u017dupn\u00fa cyklotrasu medzi hradmi Budat\u00edn a\u00a0Stre\u010dno po\u010das v\u00edkendu zaplnili cyklisti. Za dva dni ich pre\u0161lo ob\u013e\u00faben\u00fdm \u00fasekom BikeKIA \u00a0vy\u0161e 2-tis\u00edc.<\/p>\n<p>Prekonan\u00e1 bola aj prv\u00e1 tohtoro\u010dn\u00e1 tis\u00edcka, v\u00a0nede\u013eu 8. apr\u00edla sa vyasfaltovan\u00fdm \u00fasekom popri V\u00e1hu previezlo 1048\u00a0 cyklistov.<\/p>\n<p>\u201eJe dobr\u00e9 pozna\u0165 re\u00e1lne \u010d\u00edsla pre \u010fal\u0161iu podporu cyklistickej dopravy. Na\u0161\u00edm cie\u013eom je, aby nov\u00e9 cyklotrasy budovan\u00e9 z\u00a0na\u0161ich, ale i eur\u00f3pskych pe\u0148az\u00ed sl\u00fa\u017eili nielen na podporu cestovn\u00e9ho ruchu, ale tie\u017e na zlep\u0161enie zdrav\u00e9ho cestovania do pr\u00e1ce,\u201c uviedla \u017eilinsk\u00e1 \u017eupanka Erika Jurinov\u00e1.<\/p>\n<p>\u017dilinsk\u00fd samospr\u00e1vny kraj (\u017dSK) m\u00e1 po\u010d\u00edtadlo zabudovan\u00e9 priamo v\u00a0cyklochodn\u00edku od\u00a0marca 2015. Odvtedy zaznamenalo u\u017e 196\u00a0608 prejazdov. Vlani trasu vyu\u017eilo 92\u00a0819 cyklistov.<\/p>\n<p>\u201e\u010c\u00edsla, ktor\u00e9 mera\u010d zaznamen\u00e1 sved\u010dia o ob\u013e\u00fabenosti cyklotrasy. Je vhodn\u00e1 najm\u00e4 pre rekrea\u010dn\u00fdch cyklistov, \u010di rodiny s\u00a0de\u0165mi, preto\u017ee je nen\u00e1ro\u010dn\u00e1 a preva\u017ene vedie mimo hlavn\u00fdch ru\u0161n\u00fdch ciest,\u201c povedala Jana Benke z\u00a0oddelenia cestovn\u00e9ho ruchu a inform\u00e1ci\u00ed \u017dSK.<\/p>\n<p>BikeKIA vedie okolo rieky V\u00e1h, preva\u017ene po asfaltovom povrchu. Spevnen\u00fd breh bolo mo\u017en\u00e9 spoji\u0165 s\u00a0existuj\u00facimi komunik\u00e1ciami pri Vodnom diele \u017dilina, \u010d\u00edm vznikol plynul\u00fd a\u00a0bezpe\u010dn\u00fd \u00fasek bez automobilovej dopravy. S\u00fa\u010das\u0165ou je biokoridor ne\u010faleko Are\u00e1lu vodn\u00fdch \u0161portov a\u00a0oddychov\u00e1 infra\u0161trukt\u00fara.<\/p>\n<p>\u201eAj v\u00a0t\u00fdchto d\u0148och op\u00e4\u0165 rie\u0161ime a\u00a0\u010dist\u00edme miesta tejto hradnej cyklotrasy od r\u00f4znych ne\u017eelan\u00fdch n\u00e1pisov a\u00a0symbolov. Zni\u010den\u00e9 s\u00fa mapy, \u010di alt\u00e1nok pri vodnom diele. Ka\u017ed\u00fd rok sa mus\u00edme vysporiada\u0165 s\u00a0n\u00e1sledkami vandalizmu, pri\u010dom prostriedky by sa dali ur\u010dite vyu\u017ei\u0165 zmysluplnej\u0161ie,\u201c zd\u00f4raznila Benke.<\/p>\n<p>\u017dupe pri realiz\u00e1cii cyklotrasy, ktor\u00e1 pre nad\u0161encov dvoch kolies spojila dva dominantn\u00e9 hrady Horn\u00e9ho Pova\u017eia \u2013 Budat\u00ednsky hrad a hrad Stre\u010dno, spolupracovala so spolo\u010dnos\u0165ou Kia Motors Slovakia. Automobilka do projektu prispela sumou 290-tis\u00edc eur a \u017eupa 265-tis\u00edc eur. Cel\u00fd okruh m\u00e1 33 kilometrov. \u017dupa pl\u00e1nuje vyasfaltova\u0165 a upravi\u0165 pre cyklodopravu aj proti\u013eahl\u00fd breh V\u00e1hu, \u010d\u00edm vznikne nov\u00fd \u00fasek cyklotrasy BikeKia a z\u00e1rove\u0148 V\u00e1\u017eskej magistr\u00e1ly (v \u00faseku Budat\u00ednsky most \u2013 hydrouzol).<\/p>\n<p style=\"text-align: right;\">Tla\u010dov\u00e1 spr\u00e1va<br \/>\u017dilinsk\u00e9ho samospr\u00e1vneho kraja<\/p>\n","protected":false},"excerpt":{"rendered":"<p>\u017dupn\u00fa cyklotrasu medzi hradmi Budat\u00edn a\u00a0Stre\u010dno po\u010das v\u00edkendu zaplnili cyklisti. Za dva dni ich pre\u0161lo ob\u013e\u00faben\u00fdm \u00fasekom BikeKIA \u00a0vy\u0161e 2-tis\u00edc. Prekonan\u00e1 bola aj prv\u00e1 tohtoro\u010dn\u00e1 tis\u00edcka, v\u00a0nede\u013eu 8. apr\u00edla sa vyasfaltovan\u00fdm \u00fasekom popri V\u00e1hu previezlo 1048\u00a0 cyklistov. \u201eJe dobr\u00e9 pozna\u0165 re\u00e1lne \u010d\u00edsla pre \u010fal\u0161iu podporu cyklistickej dopravy. Na\u0161\u00edm cie\u013eom je, aby nov\u00e9 cyklotrasy budovan\u00e9 z\u00a0na\u0161ich, [&hellip;]<\/p>\n","protected":false},"author":2,"featured_media":25662,"comment_status":"closed","ping_status":"closed","sticky":false,"template":"","format":"standard","meta":{"site-sidebar-layout":"default","site-content-layout":"","ast-site-content-layout":"","site-content-style":"default","site-sidebar-style":"default","ast-global-header-display":"","ast-banner-title-visibility":"","ast-main-header-display":"","ast-hfb-above-header-display":"","ast-hfb-below-header-display":"","ast-hfb-mobile-header-display":"","site-post-title":"","ast-breadcrumbs-content":"","ast-featured-img":"","footer-sml-layout":"","theme-transparent-header-meta":"","adv-header-id-meta":"","stick-header-meta":"","header-above-stick-meta":"","header-main-stick-meta":"","header-below-stick-meta":"","astra-migrate-meta-layouts":"default","ast-page-background-enabled":"default","ast-page-background-meta":{"desktop":{"background-color":"var(--ast-global-color-4)","background-image":"","background-repeat":"repeat","background-position":"center center","background-size":"auto","background-attachment":"scroll","background-type":"","background-media":"","overlay-type":"","overlay-color":"","overlay-opacity":"","overlay-gradient":""},"tablet":{"background-color":"","background-image":"","background-repeat":"repeat","background-position":"center center","background-size":"auto","background-attachment":"scroll","background-type":"","background-media":"","overlay-type":"","overlay-color":"","overlay-opacity":"","overlay-gradient":""},"mobile":{"background-color":"","background-image":"","background-repeat":"repeat","background-position":"center center","background-size":"auto","background-attachment":"scroll","background-type":"","background-media":"","overlay-type":"","overlay-color":"","overlay-opacity":"","overlay-gradient":""}},"ast-content-background-meta":{"desktop":{"background-color":"var(--ast-global-color-5)","background-image":"","background-repeat":"repeat","background-position":"center center","background-size":"auto","background-attachment":"scroll","background-type":"","background-media":"","overlay-type":"","overlay-color":"","overlay-opacity":"","overlay-gradient":""},"tablet":{"background-color":"var(--ast-global-color-5)","background-image":"","background-repeat":"repeat","background-position":"center center","background-size":"auto","background-attachment":"scroll","background-type":"","background-media":"","overlay-type":"","overlay-color":"","overlay-opacity":"","overlay-gradient":""},"mobile":{"background-color":"var(--ast-global-color-5)","background-image":"","background-repeat":"repeat","background-position":"center center","background-size":"auto","background-attachment":"scroll","background-type":"","background-media":"","overlay-type":"","overlay-color":"","overlay-opacity":"","overlay-gradient":""}},"footnotes":""},"categories":[1],"tags":[],"class_list":["post-25660","post","type-post","status-publish","format-standard","has-post-thumbnail","hentry","category-nezaradene"],"yoast_head":"<!-- This site is optimized with the Yoast SEO plugin v27.4 - https:\/\/yoast.com\/product\/yoast-seo-wordpress\/ -->\n<title>Prv\u00e1 tis\u00edcka na BikeKIA prekonan\u00e1 - Pova\u017esk\u00e9 m\u00fazeum<\/title>\n<meta name=\"robots\" content=\"index, follow, max-snippet:-1, max-image-preview:large, max-video-preview:-1\" \/>\n<link rel=\"canonical\" href=\"https:\/\/pmza.sk\/?p=25660\" \/>\n<meta property=\"og:locale\" content=\"sk_SK\" \/>\n<meta property=\"og:type\" content=\"article\" \/>\n<meta property=\"og:title\" content=\"Prv\u00e1 tis\u00edcka na BikeKIA prekonan\u00e1 - Pova\u017esk\u00e9 m\u00fazeum\" \/>\n<meta property=\"og:description\" content=\"\u017dupn\u00fa cyklotrasu medzi hradmi Budat\u00edn a\u00a0Stre\u010dno po\u010das v\u00edkendu zaplnili cyklisti. Za dva dni ich pre\u0161lo ob\u013e\u00faben\u00fdm \u00fasekom BikeKIA \u00a0vy\u0161e 2-tis\u00edc. Prekonan\u00e1 bola aj prv\u00e1 tohtoro\u010dn\u00e1 tis\u00edcka, v\u00a0nede\u013eu 8. apr\u00edla sa vyasfaltovan\u00fdm \u00fasekom popri V\u00e1hu previezlo 1048\u00a0 cyklistov. \u201eJe dobr\u00e9 pozna\u0165 re\u00e1lne \u010d\u00edsla pre \u010fal\u0161iu podporu cyklistickej dopravy. Na\u0161\u00edm cie\u013eom je, aby nov\u00e9 cyklotrasy budovan\u00e9 z\u00a0na\u0161ich, [&hellip;]\" \/>\n<meta property=\"og:url\" content=\"https:\/\/pmza.sk\/?p=25660\" \/>\n<meta property=\"og:site_name\" content=\"Pova\u017esk\u00e9 m\u00fazeum\" \/>\n<meta property=\"article:publisher\" content=\"https:\/\/www.facebook.com\/povazskemuzeum\" \/>\n<meta property=\"article:published_time\" content=\"2018-04-09T11:51:16+00:00\" \/>\n<meta name=\"author\" content=\"Pova\u017esk\u00e9 m\u00fazeum\" \/>\n<meta name=\"twitter:card\" content=\"summary_large_image\" \/>\n<meta name=\"twitter:label1\" content=\"Autor\" \/>\n\t<meta name=\"twitter:data1\" content=\"Pova\u017esk\u00e9 m\u00fazeum\" \/>\n\t<meta name=\"twitter:label2\" content=\"Predpokladan\u00fd \u010das \u010d\u00edtania\" \/>\n\t<meta name=\"twitter:data2\" content=\"2 min\u00faty\" \/>\n<script type=\"application\/ld+json\" class=\"yoast-schema-graph\">{\"@context\":\"https:\\\/\\\/schema.org\",\"@graph\":[{\"@type\":\"Article\",\"@id\":\"https:\\\/\\\/pmza.sk\\\/?p=25660#article\",\"isPartOf\":{\"@id\":\"https:\\\/\\\/pmza.sk\\\/?p=25660\"},\"author\":{\"name\":\"Pova\u017esk\u00e9 m\u00fazeum\",\"@id\":\"https:\\\/\\\/pmza.sk\\\/#\\\/schema\\\/person\\\/595e6a2ce731ea94dcd5d7f50a41ae33\"},\"headline\":\"Prv\u00e1 tis\u00edcka na BikeKIA prekonan\u00e1\",\"datePublished\":\"2018-04-09T11:51:16+00:00\",\"mainEntityOfPage\":{\"@id\":\"https:\\\/\\\/pmza.sk\\\/?p=25660\"},\"wordCount\":396,\"publisher\":{\"@id\":\"https:\\\/\\\/pmza.sk\\\/#organization\"},\"image\":{\"@id\":\"https:\\\/\\\/pmza.sk\\\/?p=25660#primaryimage\"},\"thumbnailUrl\":\"\",\"inLanguage\":\"sk-SK\"},{\"@type\":\"WebPage\",\"@id\":\"https:\\\/\\\/pmza.sk\\\/?p=25660\",\"url\":\"https:\\\/\\\/pmza.sk\\\/?p=25660\",\"name\":\"Prv\u00e1 tis\u00edcka na BikeKIA prekonan\u00e1 - Pova\u017esk\u00e9 m\u00fazeum\",\"isPartOf\":{\"@id\":\"https:\\\/\\\/pmza.sk\\\/#website\"},\"primaryImageOfPage\":{\"@id\":\"https:\\\/\\\/pmza.sk\\\/?p=25660#primaryimage\"},\"image\":{\"@id\":\"https:\\\/\\\/pmza.sk\\\/?p=25660#primaryimage\"},\"thumbnailUrl\":\"\",\"datePublished\":\"2018-04-09T11:51:16+00:00\",\"breadcrumb\":{\"@id\":\"https:\\\/\\\/pmza.sk\\\/?p=25660#breadcrumb\"},\"inLanguage\":\"sk-SK\",\"potentialAction\":[{\"@type\":\"ReadAction\",\"target\":[\"https:\\\/\\\/pmza.sk\\\/?p=25660\"]}]},{\"@type\":\"ImageObject\",\"inLanguage\":\"sk-SK\",\"@id\":\"https:\\\/\\\/pmza.sk\\\/?p=25660#primaryimage\",\"url\":\"\",\"contentUrl\":\"\"},{\"@type\":\"BreadcrumbList\",\"@id\":\"https:\\\/\\\/pmza.sk\\\/?p=25660#breadcrumb\",\"itemListElement\":[{\"@type\":\"ListItem\",\"position\":1,\"name\":\"Domovsk\u00e1 str\u00e1nka\",\"item\":\"https:\\\/\\\/pmza.sk\\\/\"},{\"@type\":\"ListItem\",\"position\":2,\"name\":\"Prv\u00e1 tis\u00edcka na BikeKIA prekonan\u00e1\"}]},{\"@type\":\"WebSite\",\"@id\":\"https:\\\/\\\/pmza.sk\\\/#website\",\"url\":\"https:\\\/\\\/pmza.sk\\\/\",\"name\":\"Pova\u017esk\u00e9 m\u00fazeum\",\"description\":\"Pova\u017esk\u00e9 m\u00fazeum v \u017diline je region\u00e1lne m\u00fazeum so s\u00eddlom v Budat\u00edne. Jeho expoz\u00edcie s\u00fa zameran\u00e9 na dejiny slovensk\u00e9ho umenia, kult\u00fary a dopravy.\",\"publisher\":{\"@id\":\"https:\\\/\\\/pmza.sk\\\/#organization\"},\"potentialAction\":[{\"@type\":\"SearchAction\",\"target\":{\"@type\":\"EntryPoint\",\"urlTemplate\":\"https:\\\/\\\/pmza.sk\\\/?s={search_term_string}\"},\"query-input\":{\"@type\":\"PropertyValueSpecification\",\"valueRequired\":true,\"valueName\":\"search_term_string\"}}],\"inLanguage\":\"sk-SK\"},{\"@type\":\"Organization\",\"@id\":\"https:\\\/\\\/pmza.sk\\\/#organization\",\"name\":\"Pova\u017esk\u00e9 m\u00fazeum\",\"url\":\"https:\\\/\\\/pmza.sk\\\/\",\"logo\":{\"@type\":\"ImageObject\",\"inLanguage\":\"sk-SK\",\"@id\":\"https:\\\/\\\/pmza.sk\\\/#\\\/schema\\\/logo\\\/image\\\/\",\"url\":\"https:\\\/\\\/pmza.sk\\\/wp-content\\\/uploads\\\/2022\\\/01\\\/logo_PM_horizontal.jpg\",\"contentUrl\":\"https:\\\/\\\/pmza.sk\\\/wp-content\\\/uploads\\\/2022\\\/01\\\/logo_PM_horizontal.jpg\",\"width\":231,\"height\":142,\"caption\":\"Pova\u017esk\u00e9 m\u00fazeum\"},\"image\":{\"@id\":\"https:\\\/\\\/pmza.sk\\\/#\\\/schema\\\/logo\\\/image\\\/\"},\"sameAs\":[\"https:\\\/\\\/www.facebook.com\\\/povazskemuzeum\",\"https:\\\/\\\/www.instagram.com\\\/povazskemuzeum\\\/\"]},{\"@type\":\"Person\",\"@id\":\"https:\\\/\\\/pmza.sk\\\/#\\\/schema\\\/person\\\/595e6a2ce731ea94dcd5d7f50a41ae33\",\"name\":\"Pova\u017esk\u00e9 m\u00fazeum\",\"image\":{\"@type\":\"ImageObject\",\"inLanguage\":\"sk-SK\",\"@id\":\"https:\\\/\\\/secure.gravatar.com\\\/avatar\\\/2bb7f1561282132fb5826dfeccc66c7996d11ee392ac6aaf7ced8a1c2027fbb2?s=96&d=mm&r=g\",\"url\":\"https:\\\/\\\/secure.gravatar.com\\\/avatar\\\/2bb7f1561282132fb5826dfeccc66c7996d11ee392ac6aaf7ced8a1c2027fbb2?s=96&d=mm&r=g\",\"contentUrl\":\"https:\\\/\\\/secure.gravatar.com\\\/avatar\\\/2bb7f1561282132fb5826dfeccc66c7996d11ee392ac6aaf7ced8a1c2027fbb2?s=96&d=mm&r=g\",\"caption\":\"Pova\u017esk\u00e9 m\u00fazeum\"}}]}<\/script>\n<!-- \/ Yoast SEO plugin. -->","yoast_head_json":{"title":"Prv\u00e1 tis\u00edcka na BikeKIA prekonan\u00e1 - Pova\u017esk\u00e9 m\u00fazeum","robots":{"index":"index","follow":"follow","max-snippet":"max-snippet:-1","max-image-preview":"max-image-preview:large","max-video-preview":"max-video-preview:-1"},"canonical":"https:\/\/pmza.sk\/?p=25660","og_locale":"sk_SK","og_type":"article","og_title":"Prv\u00e1 tis\u00edcka na BikeKIA prekonan\u00e1 - Pova\u017esk\u00e9 m\u00fazeum","og_description":"\u017dupn\u00fa cyklotrasu medzi hradmi Budat\u00edn a\u00a0Stre\u010dno po\u010das v\u00edkendu zaplnili cyklisti. Za dva dni ich pre\u0161lo ob\u013e\u00faben\u00fdm \u00fasekom BikeKIA \u00a0vy\u0161e 2-tis\u00edc. Prekonan\u00e1 bola aj prv\u00e1 tohtoro\u010dn\u00e1 tis\u00edcka, v\u00a0nede\u013eu 8. apr\u00edla sa vyasfaltovan\u00fdm \u00fasekom popri V\u00e1hu previezlo 1048\u00a0 cyklistov. \u201eJe dobr\u00e9 pozna\u0165 re\u00e1lne \u010d\u00edsla pre \u010fal\u0161iu podporu cyklistickej dopravy. Na\u0161\u00edm cie\u013eom je, aby nov\u00e9 cyklotrasy budovan\u00e9 z\u00a0na\u0161ich, [&hellip;]","og_url":"https:\/\/pmza.sk\/?p=25660","og_site_name":"Pova\u017esk\u00e9 m\u00fazeum","article_publisher":"https:\/\/www.facebook.com\/povazskemuzeum","article_published_time":"2018-04-09T11:51:16+00:00","author":"Pova\u017esk\u00e9 m\u00fazeum","twitter_card":"summary_large_image","twitter_misc":{"Autor":"Pova\u017esk\u00e9 m\u00fazeum","Predpokladan\u00fd \u010das \u010d\u00edtania":"2 min\u00faty"},"schema":{"@context":"https:\/\/schema.org","@graph":[{"@type":"Article","@id":"https:\/\/pmza.sk\/?p=25660#article","isPartOf":{"@id":"https:\/\/pmza.sk\/?p=25660"},"author":{"name":"Pova\u017esk\u00e9 m\u00fazeum","@id":"https:\/\/pmza.sk\/#\/schema\/person\/595e6a2ce731ea94dcd5d7f50a41ae33"},"headline":"Prv\u00e1 tis\u00edcka na BikeKIA prekonan\u00e1","datePublished":"2018-04-09T11:51:16+00:00","mainEntityOfPage":{"@id":"https:\/\/pmza.sk\/?p=25660"},"wordCount":396,"publisher":{"@id":"https:\/\/pmza.sk\/#organization"},"image":{"@id":"https:\/\/pmza.sk\/?p=25660#primaryimage"},"thumbnailUrl":"","inLanguage":"sk-SK"},{"@type":"WebPage","@id":"https:\/\/pmza.sk\/?p=25660","url":"https:\/\/pmza.sk\/?p=25660","name":"Prv\u00e1 tis\u00edcka na BikeKIA prekonan\u00e1 - Pova\u017esk\u00e9 m\u00fazeum","isPartOf":{"@id":"https:\/\/pmza.sk\/#website"},"primaryImageOfPage":{"@id":"https:\/\/pmza.sk\/?p=25660#primaryimage"},"image":{"@id":"https:\/\/pmza.sk\/?p=25660#primaryimage"},"thumbnailUrl":"","datePublished":"2018-04-09T11:51:16+00:00","breadcrumb":{"@id":"https:\/\/pmza.sk\/?p=25660#breadcrumb"},"inLanguage":"sk-SK","potentialAction":[{"@type":"ReadAction","target":["https:\/\/pmza.sk\/?p=25660"]}]},{"@type":"ImageObject","inLanguage":"sk-SK","@id":"https:\/\/pmza.sk\/?p=25660#primaryimage","url":"","contentUrl":""},{"@type":"BreadcrumbList","@id":"https:\/\/pmza.sk\/?p=25660#breadcrumb","itemListElement":[{"@type":"ListItem","position":1,"name":"Domovsk\u00e1 str\u00e1nka","item":"https:\/\/pmza.sk\/"},{"@type":"ListItem","position":2,"name":"Prv\u00e1 tis\u00edcka na BikeKIA prekonan\u00e1"}]},{"@type":"WebSite","@id":"https:\/\/pmza.sk\/#website","url":"https:\/\/pmza.sk\/","name":"Pova\u017esk\u00e9 m\u00fazeum","description":"Pova\u017esk\u00e9 m\u00fazeum v \u017diline je region\u00e1lne m\u00fazeum so s\u00eddlom v Budat\u00edne. Jeho expoz\u00edcie s\u00fa zameran\u00e9 na dejiny slovensk\u00e9ho umenia, kult\u00fary a dopravy.","publisher":{"@id":"https:\/\/pmza.sk\/#organization"},"potentialAction":[{"@type":"SearchAction","target":{"@type":"EntryPoint","urlTemplate":"https:\/\/pmza.sk\/?s={search_term_string}"},"query-input":{"@type":"PropertyValueSpecification","valueRequired":true,"valueName":"search_term_string"}}],"inLanguage":"sk-SK"},{"@type":"Organization","@id":"https:\/\/pmza.sk\/#organization","name":"Pova\u017esk\u00e9 m\u00fazeum","url":"https:\/\/pmza.sk\/","logo":{"@type":"ImageObject","inLanguage":"sk-SK","@id":"https:\/\/pmza.sk\/#\/schema\/logo\/image\/","url":"https:\/\/pmza.sk\/wp-content\/uploads\/2022\/01\/logo_PM_horizontal.jpg","contentUrl":"https:\/\/pmza.sk\/wp-content\/uploads\/2022\/01\/logo_PM_horizontal.jpg","width":231,"height":142,"caption":"Pova\u017esk\u00e9 m\u00fazeum"},"image":{"@id":"https:\/\/pmza.sk\/#\/schema\/logo\/image\/"},"sameAs":["https:\/\/www.facebook.com\/povazskemuzeum","https:\/\/www.instagram.com\/povazskemuzeum\/"]},{"@type":"Person","@id":"https:\/\/pmza.sk\/#\/schema\/person\/595e6a2ce731ea94dcd5d7f50a41ae33","name":"Pova\u017esk\u00e9 m\u00fazeum","image":{"@type":"ImageObject","inLanguage":"sk-SK","@id":"https:\/\/secure.gravatar.com\/avatar\/2bb7f1561282132fb5826dfeccc66c7996d11ee392ac6aaf7ced8a1c2027fbb2?s=96&d=mm&r=g","url":"https:\/\/secure.gravatar.com\/avatar\/2bb7f1561282132fb5826dfeccc66c7996d11ee392ac6aaf7ced8a1c2027fbb2?s=96&d=mm&r=g","contentUrl":"https:\/\/secure.gravatar.com\/avatar\/2bb7f1561282132fb5826dfeccc66c7996d11ee392ac6aaf7ced8a1c2027fbb2?s=96&d=mm&r=g","caption":"Pova\u017esk\u00e9 m\u00fazeum"}}]}},"_links":{"self":[{"href":"https:\/\/pmza.sk\/index.php?rest_route=\/wp\/v2\/posts\/25660","targetHints":{"allow":["GET"]}}],"collection":[{"href":"https:\/\/pmza.sk\/index.php?rest_route=\/wp\/v2\/posts"}],"about":[{"href":"https:\/\/pmza.sk\/index.php?rest_route=\/wp\/v2\/types\/post"}],"author":[{"embeddable":true,"href":"https:\/\/pmza.sk\/index.php?rest_route=\/wp\/v2\/users\/2"}],"replies":[{"embeddable":true,"href":"https:\/\/pmza.sk\/index.php?rest_route=%2Fwp%2Fv2%2Fcomments&post=25660"}],"version-history":[{"count":0,"href":"https:\/\/pmza.sk\/index.php?rest_route=\/wp\/v2\/posts\/25660\/revisions"}],"wp:featuredmedia":[{"embeddable":true,"href":"https:\/\/pmza.sk\/index.php?rest_route=\/"}],"wp:attachment":[{"href":"https:\/\/pmza.sk\/index.php?rest_route=%2Fwp%2Fv2%2Fmedia&parent=25660"}],"wp:term":[{"taxonomy":"category","embeddable":true,"href":"https:\/\/pmza.sk\/index.php?rest_route=%2Fwp%2Fv2%2Fcategories&post=25660"},{"taxonomy":"post_tag","embeddable":true,"href":"https:\/\/pmza.sk\/index.php?rest_route=%2Fwp%2Fv2%2Ftags&post=25660"}],"curies":[{"name":"wp","href":"https:\/\/api.w.org\/{rel}","templated":true}]}}