{"id":25803,"date":"2018-04-25T09:42:42","date_gmt":"2018-04-25T07:42:42","guid":{"rendered":"https:\/\/pmza.sk\/?p=25803"},"modified":"2018-04-25T09:42:42","modified_gmt":"2018-04-25T07:42:42","slug":"so-zofiou-na-hrade-strecno","status":"publish","type":"post","link":"https:\/\/pmza.sk\/?p=25803","title":{"rendered":"So \u017dofiou na hrade Stre\u010dno"},"content":{"rendered":"<p>Sl\u00e1vnostn\u00e9 otvorenie hradu Stre\u010dno a letnej sez\u00f3ny si Pova\u017esk\u00e9 m\u00fazeum v\u00a0\u017diline pripravilo na nede\u013eu, 29. 4. 2018.<\/p>\n<p>Hrad Stre\u010dno spr\u00edstupn\u00ed svoje br\u00e1ny u\u017e o\u00a09.00 h. N\u00e1v\u0161tevn\u00edkov v\u00a0priestoroch hradu priv\u00edta samotn\u00e1 majite\u013eka \u017dofia Bosniakov\u00e1. Prevedie \u00a0ich cel\u00fdm hradom, porozpr\u00e1va svoj \u017eivotn\u00fd pr\u00edbeh, odhal\u00ed tajomstv\u00e1 a\u00a0nebude ch\u00fdba\u0165 ani stretnutie s jej man\u017eelom, Franti\u0161kom Ve\u0161el\u00e9nim. Po\u010das prehliadky hradu bud\u00fa v\u00a0kaplnke odohr\u00e1van\u00e9 minikoncerty, ktor\u00e9 dobovou hudbou dotvoria atmosf\u00e9ru. Na n\u00e1dvor\u00ed bude pripraven\u00e1 ochutn\u00e1vka stredovekej kuchyne a\u00a0n\u00e1v\u0161tevn\u00edci si bud\u00fa m\u00f4c\u0165 vysk\u00fa\u0161a\u0165 lukostre\u013ebu. Po\u010das tohto d\u0148a o\u017eij\u00fa\u00a0 hradby Stre\u010dna v\u00fdstrelmi z\u00a0\u013eahk\u00e9ho po\u013en\u00e9ho dela, ktor\u00e9 bud\u00fa pod\u013ea dobov\u00fdch regul\u00ed obsluhova\u0165 hradn\u00ed delostrelci.<\/p>\n<p>Kult\u00farny program je pripraven\u00fd aj v\u00a0stredovekej dedine Paseka, za\u010d\u00edna o\u00a013.00 h. V\u00a0\u0148om sa predstavia \u0161ikovn\u00e9 deti z Detsk\u00e9ho folkl\u00f3rneho s\u00faboru Lieska. Na javisku sa predvedie taktie\u017e folkl\u00f3rny s\u00fabor Spod Czoha z\u00a0Po\u013eska, ktor\u00fd zav\u00edta na hrad Stre\u010dno v\u010faka cezhrani\u010dnej spolupr\u00e1ci PL \u2013 SK. Neodmyslite\u013enou s\u00fa\u010das\u0165ou bud\u00fa jarmo\u010dn\u00edci s\u00a0tradi\u010dn\u00fdmi remeslami.<\/p>\n<p>Pr\u00ed\u010fte otvori\u0165 sez\u00f3nu na hrad Stre\u010dno a\u00a0u\u017ei\u0165 si de\u0148 so \u017dofiou Bosniakovou, najzn\u00e1mej\u0161ou majite\u013ekou hradu.<\/p>\n","protected":false},"excerpt":{"rendered":"<p>Sl\u00e1vnostn\u00e9 otvorenie hradu Stre\u010dno a letnej sez\u00f3ny si Pova\u017esk\u00e9 m\u00fazeum v\u00a0\u017diline pripravilo na nede\u013eu, 29. 4. 2018. Hrad Stre\u010dno spr\u00edstupn\u00ed svoje br\u00e1ny u\u017e o\u00a09.00 h. N\u00e1v\u0161tevn\u00edkov v\u00a0priestoroch hradu priv\u00edta samotn\u00e1 majite\u013eka \u017dofia Bosniakov\u00e1. Prevedie \u00a0ich cel\u00fdm hradom, porozpr\u00e1va svoj \u017eivotn\u00fd pr\u00edbeh, odhal\u00ed tajomstv\u00e1 a\u00a0nebude ch\u00fdba\u0165 ani stretnutie s jej man\u017eelom, Franti\u0161kom Ve\u0161el\u00e9nim. Po\u010das prehliadky hradu [&hellip;]<\/p>\n","protected":false},"author":2,"featured_media":25804,"comment_status":"closed","ping_status":"closed","sticky":false,"template":"","format":"standard","meta":{"site-sidebar-layout":"default","site-content-layout":"","ast-site-content-layout":"","site-content-style":"default","site-sidebar-style":"default","ast-global-header-display":"","ast-banner-title-visibility":"","ast-main-header-display":"","ast-hfb-above-header-display":"","ast-hfb-below-header-display":"","ast-hfb-mobile-header-display":"","site-post-title":"","ast-breadcrumbs-content":"","ast-featured-img":"","footer-sml-layout":"","theme-transparent-header-meta":"","adv-header-id-meta":"","stick-header-meta":"","header-above-stick-meta":"","header-main-stick-meta":"","header-below-stick-meta":"","astra-migrate-meta-layouts":"default","ast-page-background-enabled":"default","ast-page-background-meta":{"desktop":{"background-color":"var(--ast-global-color-4)","background-image":"","background-repeat":"repeat","background-position":"center center","background-size":"auto","background-attachment":"scroll","background-type":"","background-media":"","overlay-type":"","overlay-color":"","overlay-opacity":"","overlay-gradient":""},"tablet":{"background-color":"","background-image":"","background-repeat":"repeat","background-position":"center center","background-size":"auto","background-attachment":"scroll","background-type":"","background-media":"","overlay-type":"","overlay-color":"","overlay-opacity":"","overlay-gradient":""},"mobile":{"background-color":"","background-image":"","background-repeat":"repeat","background-position":"center center","background-size":"auto","background-attachment":"scroll","background-type":"","background-media":"","overlay-type":"","overlay-color":"","overlay-opacity":"","overlay-gradient":""}},"ast-content-background-meta":{"desktop":{"background-color":"var(--ast-global-color-5)","background-image":"","background-repeat":"repeat","background-position":"center center","background-size":"auto","background-attachment":"scroll","background-type":"","background-media":"","overlay-type":"","overlay-color":"","overlay-opacity":"","overlay-gradient":""},"tablet":{"background-color":"var(--ast-global-color-5)","background-image":"","background-repeat":"repeat","background-position":"center center","background-size":"auto","background-attachment":"scroll","background-type":"","background-media":"","overlay-type":"","overlay-color":"","overlay-opacity":"","overlay-gradient":""},"mobile":{"background-color":"var(--ast-global-color-5)","background-image":"","background-repeat":"repeat","background-position":"center center","background-size":"auto","background-attachment":"scroll","background-type":"","background-media":"","overlay-type":"","overlay-color":"","overlay-opacity":"","overlay-gradient":""}},"footnotes":""},"categories":[31],"tags":[],"class_list":["post-25803","post","type-post","status-publish","format-standard","has-post-thumbnail","hentry","category-aktuality"],"yoast_head":"<!-- This site is optimized with the Yoast SEO plugin v27.4 - https:\/\/yoast.com\/product\/yoast-seo-wordpress\/ -->\n<title>So \u017dofiou na hrade Stre\u010dno - Pova\u017esk\u00e9 m\u00fazeum<\/title>\n<meta name=\"robots\" content=\"index, follow, max-snippet:-1, max-image-preview:large, max-video-preview:-1\" \/>\n<link rel=\"canonical\" href=\"https:\/\/pmza.sk\/?p=25803\" \/>\n<meta property=\"og:locale\" content=\"sk_SK\" \/>\n<meta property=\"og:type\" content=\"article\" \/>\n<meta property=\"og:title\" content=\"So \u017dofiou na hrade Stre\u010dno - Pova\u017esk\u00e9 m\u00fazeum\" \/>\n<meta property=\"og:description\" content=\"Sl\u00e1vnostn\u00e9 otvorenie hradu Stre\u010dno a letnej sez\u00f3ny si Pova\u017esk\u00e9 m\u00fazeum v\u00a0\u017diline pripravilo na nede\u013eu, 29. 4. 2018. Hrad Stre\u010dno spr\u00edstupn\u00ed svoje br\u00e1ny u\u017e o\u00a09.00 h. N\u00e1v\u0161tevn\u00edkov v\u00a0priestoroch hradu priv\u00edta samotn\u00e1 majite\u013eka \u017dofia Bosniakov\u00e1. Prevedie \u00a0ich cel\u00fdm hradom, porozpr\u00e1va svoj \u017eivotn\u00fd pr\u00edbeh, odhal\u00ed tajomstv\u00e1 a\u00a0nebude ch\u00fdba\u0165 ani stretnutie s jej man\u017eelom, Franti\u0161kom Ve\u0161el\u00e9nim. Po\u010das prehliadky hradu [&hellip;]\" \/>\n<meta property=\"og:url\" content=\"https:\/\/pmza.sk\/?p=25803\" \/>\n<meta property=\"og:site_name\" content=\"Pova\u017esk\u00e9 m\u00fazeum\" \/>\n<meta property=\"article:publisher\" content=\"https:\/\/www.facebook.com\/povazskemuzeum\" \/>\n<meta property=\"article:published_time\" content=\"2018-04-25T07:42:42+00:00\" \/>\n<meta name=\"author\" content=\"Pova\u017esk\u00e9 m\u00fazeum\" \/>\n<meta name=\"twitter:card\" content=\"summary_large_image\" \/>\n<meta name=\"twitter:label1\" content=\"Autor\" \/>\n\t<meta name=\"twitter:data1\" content=\"Pova\u017esk\u00e9 m\u00fazeum\" \/>\n\t<meta name=\"twitter:label2\" content=\"Predpokladan\u00fd \u010das \u010d\u00edtania\" \/>\n\t<meta name=\"twitter:data2\" content=\"1 min\u00fata\" \/>\n<script type=\"application\/ld+json\" class=\"yoast-schema-graph\">{\"@context\":\"https:\\\/\\\/schema.org\",\"@graph\":[{\"@type\":\"Article\",\"@id\":\"https:\\\/\\\/pmza.sk\\\/?p=25803#article\",\"isPartOf\":{\"@id\":\"https:\\\/\\\/pmza.sk\\\/?p=25803\"},\"author\":{\"name\":\"Pova\u017esk\u00e9 m\u00fazeum\",\"@id\":\"https:\\\/\\\/pmza.sk\\\/#\\\/schema\\\/person\\\/595e6a2ce731ea94dcd5d7f50a41ae33\"},\"headline\":\"So \u017dofiou na hrade Stre\u010dno\",\"datePublished\":\"2018-04-25T07:42:42+00:00\",\"mainEntityOfPage\":{\"@id\":\"https:\\\/\\\/pmza.sk\\\/?p=25803\"},\"wordCount\":241,\"publisher\":{\"@id\":\"https:\\\/\\\/pmza.sk\\\/#organization\"},\"image\":{\"@id\":\"https:\\\/\\\/pmza.sk\\\/?p=25803#primaryimage\"},\"thumbnailUrl\":\"\",\"articleSection\":[\"Aktuality\"],\"inLanguage\":\"sk-SK\"},{\"@type\":\"WebPage\",\"@id\":\"https:\\\/\\\/pmza.sk\\\/?p=25803\",\"url\":\"https:\\\/\\\/pmza.sk\\\/?p=25803\",\"name\":\"So \u017dofiou na hrade Stre\u010dno - Pova\u017esk\u00e9 m\u00fazeum\",\"isPartOf\":{\"@id\":\"https:\\\/\\\/pmza.sk\\\/#website\"},\"primaryImageOfPage\":{\"@id\":\"https:\\\/\\\/pmza.sk\\\/?p=25803#primaryimage\"},\"image\":{\"@id\":\"https:\\\/\\\/pmza.sk\\\/?p=25803#primaryimage\"},\"thumbnailUrl\":\"\",\"datePublished\":\"2018-04-25T07:42:42+00:00\",\"breadcrumb\":{\"@id\":\"https:\\\/\\\/pmza.sk\\\/?p=25803#breadcrumb\"},\"inLanguage\":\"sk-SK\",\"potentialAction\":[{\"@type\":\"ReadAction\",\"target\":[\"https:\\\/\\\/pmza.sk\\\/?p=25803\"]}]},{\"@type\":\"ImageObject\",\"inLanguage\":\"sk-SK\",\"@id\":\"https:\\\/\\\/pmza.sk\\\/?p=25803#primaryimage\",\"url\":\"\",\"contentUrl\":\"\"},{\"@type\":\"BreadcrumbList\",\"@id\":\"https:\\\/\\\/pmza.sk\\\/?p=25803#breadcrumb\",\"itemListElement\":[{\"@type\":\"ListItem\",\"position\":1,\"name\":\"Domovsk\u00e1 str\u00e1nka\",\"item\":\"https:\\\/\\\/pmza.sk\\\/\"},{\"@type\":\"ListItem\",\"position\":2,\"name\":\"So \u017dofiou na hrade Stre\u010dno\"}]},{\"@type\":\"WebSite\",\"@id\":\"https:\\\/\\\/pmza.sk\\\/#website\",\"url\":\"https:\\\/\\\/pmza.sk\\\/\",\"name\":\"Pova\u017esk\u00e9 m\u00fazeum\",\"description\":\"Pova\u017esk\u00e9 m\u00fazeum v \u017diline je region\u00e1lne m\u00fazeum so s\u00eddlom v Budat\u00edne. Jeho expoz\u00edcie s\u00fa zameran\u00e9 na dejiny slovensk\u00e9ho umenia, kult\u00fary a dopravy.\",\"publisher\":{\"@id\":\"https:\\\/\\\/pmza.sk\\\/#organization\"},\"potentialAction\":[{\"@type\":\"SearchAction\",\"target\":{\"@type\":\"EntryPoint\",\"urlTemplate\":\"https:\\\/\\\/pmza.sk\\\/?s={search_term_string}\"},\"query-input\":{\"@type\":\"PropertyValueSpecification\",\"valueRequired\":true,\"valueName\":\"search_term_string\"}}],\"inLanguage\":\"sk-SK\"},{\"@type\":\"Organization\",\"@id\":\"https:\\\/\\\/pmza.sk\\\/#organization\",\"name\":\"Pova\u017esk\u00e9 m\u00fazeum\",\"url\":\"https:\\\/\\\/pmza.sk\\\/\",\"logo\":{\"@type\":\"ImageObject\",\"inLanguage\":\"sk-SK\",\"@id\":\"https:\\\/\\\/pmza.sk\\\/#\\\/schema\\\/logo\\\/image\\\/\",\"url\":\"https:\\\/\\\/pmza.sk\\\/wp-content\\\/uploads\\\/2022\\\/01\\\/logo_PM_horizontal.jpg\",\"contentUrl\":\"https:\\\/\\\/pmza.sk\\\/wp-content\\\/uploads\\\/2022\\\/01\\\/logo_PM_horizontal.jpg\",\"width\":231,\"height\":142,\"caption\":\"Pova\u017esk\u00e9 m\u00fazeum\"},\"image\":{\"@id\":\"https:\\\/\\\/pmza.sk\\\/#\\\/schema\\\/logo\\\/image\\\/\"},\"sameAs\":[\"https:\\\/\\\/www.facebook.com\\\/povazskemuzeum\",\"https:\\\/\\\/www.instagram.com\\\/povazskemuzeum\\\/\"]},{\"@type\":\"Person\",\"@id\":\"https:\\\/\\\/pmza.sk\\\/#\\\/schema\\\/person\\\/595e6a2ce731ea94dcd5d7f50a41ae33\",\"name\":\"Pova\u017esk\u00e9 m\u00fazeum\",\"image\":{\"@type\":\"ImageObject\",\"inLanguage\":\"sk-SK\",\"@id\":\"https:\\\/\\\/secure.gravatar.com\\\/avatar\\\/2bb7f1561282132fb5826dfeccc66c7996d11ee392ac6aaf7ced8a1c2027fbb2?s=96&d=mm&r=g\",\"url\":\"https:\\\/\\\/secure.gravatar.com\\\/avatar\\\/2bb7f1561282132fb5826dfeccc66c7996d11ee392ac6aaf7ced8a1c2027fbb2?s=96&d=mm&r=g\",\"contentUrl\":\"https:\\\/\\\/secure.gravatar.com\\\/avatar\\\/2bb7f1561282132fb5826dfeccc66c7996d11ee392ac6aaf7ced8a1c2027fbb2?s=96&d=mm&r=g\",\"caption\":\"Pova\u017esk\u00e9 m\u00fazeum\"}}]}<\/script>\n<!-- \/ Yoast SEO plugin. -->","yoast_head_json":{"title":"So \u017dofiou na hrade Stre\u010dno - Pova\u017esk\u00e9 m\u00fazeum","robots":{"index":"index","follow":"follow","max-snippet":"max-snippet:-1","max-image-preview":"max-image-preview:large","max-video-preview":"max-video-preview:-1"},"canonical":"https:\/\/pmza.sk\/?p=25803","og_locale":"sk_SK","og_type":"article","og_title":"So \u017dofiou na hrade Stre\u010dno - Pova\u017esk\u00e9 m\u00fazeum","og_description":"Sl\u00e1vnostn\u00e9 otvorenie hradu Stre\u010dno a letnej sez\u00f3ny si Pova\u017esk\u00e9 m\u00fazeum v\u00a0\u017diline pripravilo na nede\u013eu, 29. 4. 2018. Hrad Stre\u010dno spr\u00edstupn\u00ed svoje br\u00e1ny u\u017e o\u00a09.00 h. N\u00e1v\u0161tevn\u00edkov v\u00a0priestoroch hradu priv\u00edta samotn\u00e1 majite\u013eka \u017dofia Bosniakov\u00e1. Prevedie \u00a0ich cel\u00fdm hradom, porozpr\u00e1va svoj \u017eivotn\u00fd pr\u00edbeh, odhal\u00ed tajomstv\u00e1 a\u00a0nebude ch\u00fdba\u0165 ani stretnutie s jej man\u017eelom, Franti\u0161kom Ve\u0161el\u00e9nim. Po\u010das prehliadky hradu [&hellip;]","og_url":"https:\/\/pmza.sk\/?p=25803","og_site_name":"Pova\u017esk\u00e9 m\u00fazeum","article_publisher":"https:\/\/www.facebook.com\/povazskemuzeum","article_published_time":"2018-04-25T07:42:42+00:00","author":"Pova\u017esk\u00e9 m\u00fazeum","twitter_card":"summary_large_image","twitter_misc":{"Autor":"Pova\u017esk\u00e9 m\u00fazeum","Predpokladan\u00fd \u010das \u010d\u00edtania":"1 min\u00fata"},"schema":{"@context":"https:\/\/schema.org","@graph":[{"@type":"Article","@id":"https:\/\/pmza.sk\/?p=25803#article","isPartOf":{"@id":"https:\/\/pmza.sk\/?p=25803"},"author":{"name":"Pova\u017esk\u00e9 m\u00fazeum","@id":"https:\/\/pmza.sk\/#\/schema\/person\/595e6a2ce731ea94dcd5d7f50a41ae33"},"headline":"So \u017dofiou na hrade Stre\u010dno","datePublished":"2018-04-25T07:42:42+00:00","mainEntityOfPage":{"@id":"https:\/\/pmza.sk\/?p=25803"},"wordCount":241,"publisher":{"@id":"https:\/\/pmza.sk\/#organization"},"image":{"@id":"https:\/\/pmza.sk\/?p=25803#primaryimage"},"thumbnailUrl":"","articleSection":["Aktuality"],"inLanguage":"sk-SK"},{"@type":"WebPage","@id":"https:\/\/pmza.sk\/?p=25803","url":"https:\/\/pmza.sk\/?p=25803","name":"So \u017dofiou na hrade Stre\u010dno - Pova\u017esk\u00e9 m\u00fazeum","isPartOf":{"@id":"https:\/\/pmza.sk\/#website"},"primaryImageOfPage":{"@id":"https:\/\/pmza.sk\/?p=25803#primaryimage"},"image":{"@id":"https:\/\/pmza.sk\/?p=25803#primaryimage"},"thumbnailUrl":"","datePublished":"2018-04-25T07:42:42+00:00","breadcrumb":{"@id":"https:\/\/pmza.sk\/?p=25803#breadcrumb"},"inLanguage":"sk-SK","potentialAction":[{"@type":"ReadAction","target":["https:\/\/pmza.sk\/?p=25803"]}]},{"@type":"ImageObject","inLanguage":"sk-SK","@id":"https:\/\/pmza.sk\/?p=25803#primaryimage","url":"","contentUrl":""},{"@type":"BreadcrumbList","@id":"https:\/\/pmza.sk\/?p=25803#breadcrumb","itemListElement":[{"@type":"ListItem","position":1,"name":"Domovsk\u00e1 str\u00e1nka","item":"https:\/\/pmza.sk\/"},{"@type":"ListItem","position":2,"name":"So \u017dofiou na hrade Stre\u010dno"}]},{"@type":"WebSite","@id":"https:\/\/pmza.sk\/#website","url":"https:\/\/pmza.sk\/","name":"Pova\u017esk\u00e9 m\u00fazeum","description":"Pova\u017esk\u00e9 m\u00fazeum v \u017diline je region\u00e1lne m\u00fazeum so s\u00eddlom v Budat\u00edne. Jeho expoz\u00edcie s\u00fa zameran\u00e9 na dejiny slovensk\u00e9ho umenia, kult\u00fary a dopravy.","publisher":{"@id":"https:\/\/pmza.sk\/#organization"},"potentialAction":[{"@type":"SearchAction","target":{"@type":"EntryPoint","urlTemplate":"https:\/\/pmza.sk\/?s={search_term_string}"},"query-input":{"@type":"PropertyValueSpecification","valueRequired":true,"valueName":"search_term_string"}}],"inLanguage":"sk-SK"},{"@type":"Organization","@id":"https:\/\/pmza.sk\/#organization","name":"Pova\u017esk\u00e9 m\u00fazeum","url":"https:\/\/pmza.sk\/","logo":{"@type":"ImageObject","inLanguage":"sk-SK","@id":"https:\/\/pmza.sk\/#\/schema\/logo\/image\/","url":"https:\/\/pmza.sk\/wp-content\/uploads\/2022\/01\/logo_PM_horizontal.jpg","contentUrl":"https:\/\/pmza.sk\/wp-content\/uploads\/2022\/01\/logo_PM_horizontal.jpg","width":231,"height":142,"caption":"Pova\u017esk\u00e9 m\u00fazeum"},"image":{"@id":"https:\/\/pmza.sk\/#\/schema\/logo\/image\/"},"sameAs":["https:\/\/www.facebook.com\/povazskemuzeum","https:\/\/www.instagram.com\/povazskemuzeum\/"]},{"@type":"Person","@id":"https:\/\/pmza.sk\/#\/schema\/person\/595e6a2ce731ea94dcd5d7f50a41ae33","name":"Pova\u017esk\u00e9 m\u00fazeum","image":{"@type":"ImageObject","inLanguage":"sk-SK","@id":"https:\/\/secure.gravatar.com\/avatar\/2bb7f1561282132fb5826dfeccc66c7996d11ee392ac6aaf7ced8a1c2027fbb2?s=96&d=mm&r=g","url":"https:\/\/secure.gravatar.com\/avatar\/2bb7f1561282132fb5826dfeccc66c7996d11ee392ac6aaf7ced8a1c2027fbb2?s=96&d=mm&r=g","contentUrl":"https:\/\/secure.gravatar.com\/avatar\/2bb7f1561282132fb5826dfeccc66c7996d11ee392ac6aaf7ced8a1c2027fbb2?s=96&d=mm&r=g","caption":"Pova\u017esk\u00e9 m\u00fazeum"}}]}},"_links":{"self":[{"href":"https:\/\/pmza.sk\/index.php?rest_route=\/wp\/v2\/posts\/25803","targetHints":{"allow":["GET"]}}],"collection":[{"href":"https:\/\/pmza.sk\/index.php?rest_route=\/wp\/v2\/posts"}],"about":[{"href":"https:\/\/pmza.sk\/index.php?rest_route=\/wp\/v2\/types\/post"}],"author":[{"embeddable":true,"href":"https:\/\/pmza.sk\/index.php?rest_route=\/wp\/v2\/users\/2"}],"replies":[{"embeddable":true,"href":"https:\/\/pmza.sk\/index.php?rest_route=%2Fwp%2Fv2%2Fcomments&post=25803"}],"version-history":[{"count":0,"href":"https:\/\/pmza.sk\/index.php?rest_route=\/wp\/v2\/posts\/25803\/revisions"}],"wp:featuredmedia":[{"embeddable":true,"href":"https:\/\/pmza.sk\/index.php?rest_route=\/"}],"wp:attachment":[{"href":"https:\/\/pmza.sk\/index.php?rest_route=%2Fwp%2Fv2%2Fmedia&parent=25803"}],"wp:term":[{"taxonomy":"category","embeddable":true,"href":"https:\/\/pmza.sk\/index.php?rest_route=%2Fwp%2Fv2%2Fcategories&post=25803"},{"taxonomy":"post_tag","embeddable":true,"href":"https:\/\/pmza.sk\/index.php?rest_route=%2Fwp%2Fv2%2Ftags&post=25803"}],"curies":[{"name":"wp","href":"https:\/\/api.w.org\/{rel}","templated":true}]}}