{"id":25957,"date":"2018-05-03T14:40:07","date_gmt":"2018-05-03T12:40:07","guid":{"rendered":"https:\/\/pmza.sk\/?p=25957"},"modified":"2018-05-03T14:40:07","modified_gmt":"2018-05-03T12:40:07","slug":"spomienka-na-m-r-stefanika","status":"publish","type":"post","link":"https:\/\/pmza.sk\/?p=25957","title":{"rendered":"Spomienka na M. R. \u0160tef\u00e1nika"},"content":{"rendered":"<p>D\u0148a 4. m\u00e1ja si pripom\u00edname v\u00fdro\u010die smrti Milana Rastislava \u0160tef\u00e1nika, v\u00fdznamnej osobnosti slovensk\u00fdch dej\u00edn.<\/p>\n<p>Milan Rastislav \u0160tef\u00e1nik sa narodil 21. j\u00fala 1880 v\u00a0Ko\u0161arisk\u00e1ch ako syn evanjelick\u00e9ho far\u00e1ra Pavla \u0160tef\u00e1nika a\u00a0Albert\u00edny, rodenej Jurenkovej. Otec Pavel, ako vzdelan\u00fd \u010dlovek a\u00a0odu\u0161evnen\u00fd slovensk\u00fd n\u00e1rodovec, \u00a0mal doma bohat\u00fa kni\u017enicu, v\u010faka \u010domu bol Milan Rastislav u\u017e od mala obklopovan\u00fd slovensk\u00fdmi knihami a\u00a0\u010dasopismi. Po ukon\u010den\u00ed \u0161t\u00fadia odi\u0161iel pracova\u0165 do Par\u00ed\u017ea, kde dostal od Franc\u00fazskej vl\u00e1dy za vedeck\u00e9 a\u00a0diplomatick\u00e9 \u00faspechy R\u00e1d rytiera \u010cestnej l\u00e9gie. Po\u010das prvej svetovej vojny presadzoval my\u0161lienku vytvorenia \u010desko-slovensk\u00e9ho \u0161t\u00e1tu. V\u00a0zahrani\u010d\u00ed organizoval \u010deskoslovensk\u00e9 vojsk\u00e1 \u2013 l\u00e9gie. V\u00a0roku 1916 sa stal podpredsedom \u010ceskoslovenskej n\u00e1rodnej rady v Par\u00ed\u017ei, ktor\u00e1 sa v\u00a0septembri 1918 pretvorila na do\u010dasn\u00fa \u010deskoslovensk\u00fa vl\u00e1du, v\u00a0ktorej zast\u00e1val post ministra vojny. Po vzniku \u010cSR povedal: \u201e<em>Teda \u010cesi a\u00a0Slov\u00e1ci s\u00fa kone\u010dne slobodn\u00ed. Som spokojn\u00fd s\u00e1m so sebou. Mohol by som pokojne zomrie\u0165<\/em>.\u201c<\/p>\n<p>D\u0148a 4. m\u00e1ja 1919 sa jeho slov\u00e1 nane\u0161\u0165astie naplnili, ke\u010f pri n\u00e1vrate domov tragicky zahynul pri leteckom ne\u0161\u0165ast\u00ed v\u00a0Ivanke pri Dunaji. Trosku z\u00a0jeho lietadla si m\u00f4\u017eu n\u00e1v\u0161tevn\u00edci pozrie\u0165 v\u00a0expoz\u00edcii Budat\u00ednskeho hradu.<\/p>\n","protected":false},"excerpt":{"rendered":"<p>D\u0148a 4. m\u00e1ja si pripom\u00edname v\u00fdro\u010die smrti Milana Rastislava \u0160tef\u00e1nika, v\u00fdznamnej osobnosti slovensk\u00fdch dej\u00edn. Milan Rastislav \u0160tef\u00e1nik sa narodil 21. j\u00fala 1880 v\u00a0Ko\u0161arisk\u00e1ch ako syn evanjelick\u00e9ho far\u00e1ra Pavla \u0160tef\u00e1nika a\u00a0Albert\u00edny, rodenej Jurenkovej. Otec Pavel, ako vzdelan\u00fd \u010dlovek a\u00a0odu\u0161evnen\u00fd slovensk\u00fd n\u00e1rodovec, \u00a0mal doma bohat\u00fa kni\u017enicu, v\u010faka \u010domu bol Milan Rastislav u\u017e od mala obklopovan\u00fd slovensk\u00fdmi knihami [&hellip;]<\/p>\n","protected":false},"author":2,"featured_media":25956,"comment_status":"closed","ping_status":"closed","sticky":false,"template":"","format":"standard","meta":{"site-sidebar-layout":"default","site-content-layout":"","ast-site-content-layout":"","site-content-style":"default","site-sidebar-style":"default","ast-global-header-display":"","ast-banner-title-visibility":"","ast-main-header-display":"","ast-hfb-above-header-display":"","ast-hfb-below-header-display":"","ast-hfb-mobile-header-display":"","site-post-title":"","ast-breadcrumbs-content":"","ast-featured-img":"","footer-sml-layout":"","theme-transparent-header-meta":"","adv-header-id-meta":"","stick-header-meta":"","header-above-stick-meta":"","header-main-stick-meta":"","header-below-stick-meta":"","astra-migrate-meta-layouts":"default","ast-page-background-enabled":"default","ast-page-background-meta":{"desktop":{"background-color":"var(--ast-global-color-4)","background-image":"","background-repeat":"repeat","background-position":"center center","background-size":"auto","background-attachment":"scroll","background-type":"","background-media":"","overlay-type":"","overlay-color":"","overlay-opacity":"","overlay-gradient":""},"tablet":{"background-color":"","background-image":"","background-repeat":"repeat","background-position":"center center","background-size":"auto","background-attachment":"scroll","background-type":"","background-media":"","overlay-type":"","overlay-color":"","overlay-opacity":"","overlay-gradient":""},"mobile":{"background-color":"","background-image":"","background-repeat":"repeat","background-position":"center center","background-size":"auto","background-attachment":"scroll","background-type":"","background-media":"","overlay-type":"","overlay-color":"","overlay-opacity":"","overlay-gradient":""}},"ast-content-background-meta":{"desktop":{"background-color":"var(--ast-global-color-5)","background-image":"","background-repeat":"repeat","background-position":"center center","background-size":"auto","background-attachment":"scroll","background-type":"","background-media":"","overlay-type":"","overlay-color":"","overlay-opacity":"","overlay-gradient":""},"tablet":{"background-color":"var(--ast-global-color-5)","background-image":"","background-repeat":"repeat","background-position":"center center","background-size":"auto","background-attachment":"scroll","background-type":"","background-media":"","overlay-type":"","overlay-color":"","overlay-opacity":"","overlay-gradient":""},"mobile":{"background-color":"var(--ast-global-color-5)","background-image":"","background-repeat":"repeat","background-position":"center center","background-size":"auto","background-attachment":"scroll","background-type":"","background-media":"","overlay-type":"","overlay-color":"","overlay-opacity":"","overlay-gradient":""}},"footnotes":""},"categories":[1],"tags":[],"class_list":["post-25957","post","type-post","status-publish","format-standard","has-post-thumbnail","hentry","category-nezaradene"],"yoast_head":"<!-- This site is optimized with the Yoast SEO plugin v27.4 - https:\/\/yoast.com\/product\/yoast-seo-wordpress\/ -->\n<title>Spomienka na M. R. \u0160tef\u00e1nika - Pova\u017esk\u00e9 m\u00fazeum<\/title>\n<meta name=\"robots\" content=\"index, follow, max-snippet:-1, max-image-preview:large, max-video-preview:-1\" \/>\n<link rel=\"canonical\" href=\"https:\/\/pmza.sk\/?p=25957\" \/>\n<meta property=\"og:locale\" content=\"sk_SK\" \/>\n<meta property=\"og:type\" content=\"article\" \/>\n<meta property=\"og:title\" content=\"Spomienka na M. R. \u0160tef\u00e1nika - Pova\u017esk\u00e9 m\u00fazeum\" \/>\n<meta property=\"og:description\" content=\"D\u0148a 4. m\u00e1ja si pripom\u00edname v\u00fdro\u010die smrti Milana Rastislava \u0160tef\u00e1nika, v\u00fdznamnej osobnosti slovensk\u00fdch dej\u00edn. Milan Rastislav \u0160tef\u00e1nik sa narodil 21. j\u00fala 1880 v\u00a0Ko\u0161arisk\u00e1ch ako syn evanjelick\u00e9ho far\u00e1ra Pavla \u0160tef\u00e1nika a\u00a0Albert\u00edny, rodenej Jurenkovej. Otec Pavel, ako vzdelan\u00fd \u010dlovek a\u00a0odu\u0161evnen\u00fd slovensk\u00fd n\u00e1rodovec, \u00a0mal doma bohat\u00fa kni\u017enicu, v\u010faka \u010domu bol Milan Rastislav u\u017e od mala obklopovan\u00fd slovensk\u00fdmi knihami [&hellip;]\" \/>\n<meta property=\"og:url\" content=\"https:\/\/pmza.sk\/?p=25957\" \/>\n<meta property=\"og:site_name\" content=\"Pova\u017esk\u00e9 m\u00fazeum\" \/>\n<meta property=\"article:publisher\" content=\"https:\/\/www.facebook.com\/povazskemuzeum\" \/>\n<meta property=\"article:published_time\" content=\"2018-05-03T12:40:07+00:00\" \/>\n<meta name=\"author\" content=\"Pova\u017esk\u00e9 m\u00fazeum\" \/>\n<meta name=\"twitter:card\" content=\"summary_large_image\" \/>\n<meta name=\"twitter:label1\" content=\"Autor\" \/>\n\t<meta name=\"twitter:data1\" content=\"Pova\u017esk\u00e9 m\u00fazeum\" \/>\n\t<meta name=\"twitter:label2\" content=\"Predpokladan\u00fd \u010das \u010d\u00edtania\" \/>\n\t<meta name=\"twitter:data2\" content=\"1 min\u00fata\" \/>\n<script type=\"application\/ld+json\" class=\"yoast-schema-graph\">{\"@context\":\"https:\\\/\\\/schema.org\",\"@graph\":[{\"@type\":\"Article\",\"@id\":\"https:\\\/\\\/pmza.sk\\\/?p=25957#article\",\"isPartOf\":{\"@id\":\"https:\\\/\\\/pmza.sk\\\/?p=25957\"},\"author\":{\"name\":\"Pova\u017esk\u00e9 m\u00fazeum\",\"@id\":\"https:\\\/\\\/pmza.sk\\\/#\\\/schema\\\/person\\\/595e6a2ce731ea94dcd5d7f50a41ae33\"},\"headline\":\"Spomienka na M. R. \u0160tef\u00e1nika\",\"datePublished\":\"2018-05-03T12:40:07+00:00\",\"mainEntityOfPage\":{\"@id\":\"https:\\\/\\\/pmza.sk\\\/?p=25957\"},\"wordCount\":231,\"publisher\":{\"@id\":\"https:\\\/\\\/pmza.sk\\\/#organization\"},\"image\":{\"@id\":\"https:\\\/\\\/pmza.sk\\\/?p=25957#primaryimage\"},\"thumbnailUrl\":\"\",\"inLanguage\":\"sk-SK\"},{\"@type\":\"WebPage\",\"@id\":\"https:\\\/\\\/pmza.sk\\\/?p=25957\",\"url\":\"https:\\\/\\\/pmza.sk\\\/?p=25957\",\"name\":\"Spomienka na M. R. \u0160tef\u00e1nika - Pova\u017esk\u00e9 m\u00fazeum\",\"isPartOf\":{\"@id\":\"https:\\\/\\\/pmza.sk\\\/#website\"},\"primaryImageOfPage\":{\"@id\":\"https:\\\/\\\/pmza.sk\\\/?p=25957#primaryimage\"},\"image\":{\"@id\":\"https:\\\/\\\/pmza.sk\\\/?p=25957#primaryimage\"},\"thumbnailUrl\":\"\",\"datePublished\":\"2018-05-03T12:40:07+00:00\",\"breadcrumb\":{\"@id\":\"https:\\\/\\\/pmza.sk\\\/?p=25957#breadcrumb\"},\"inLanguage\":\"sk-SK\",\"potentialAction\":[{\"@type\":\"ReadAction\",\"target\":[\"https:\\\/\\\/pmza.sk\\\/?p=25957\"]}]},{\"@type\":\"ImageObject\",\"inLanguage\":\"sk-SK\",\"@id\":\"https:\\\/\\\/pmza.sk\\\/?p=25957#primaryimage\",\"url\":\"\",\"contentUrl\":\"\"},{\"@type\":\"BreadcrumbList\",\"@id\":\"https:\\\/\\\/pmza.sk\\\/?p=25957#breadcrumb\",\"itemListElement\":[{\"@type\":\"ListItem\",\"position\":1,\"name\":\"Domovsk\u00e1 str\u00e1nka\",\"item\":\"https:\\\/\\\/pmza.sk\\\/\"},{\"@type\":\"ListItem\",\"position\":2,\"name\":\"Spomienka na M. R. \u0160tef\u00e1nika\"}]},{\"@type\":\"WebSite\",\"@id\":\"https:\\\/\\\/pmza.sk\\\/#website\",\"url\":\"https:\\\/\\\/pmza.sk\\\/\",\"name\":\"Pova\u017esk\u00e9 m\u00fazeum\",\"description\":\"Pova\u017esk\u00e9 m\u00fazeum v \u017diline je region\u00e1lne m\u00fazeum so s\u00eddlom v Budat\u00edne. Jeho expoz\u00edcie s\u00fa zameran\u00e9 na dejiny slovensk\u00e9ho umenia, kult\u00fary a dopravy.\",\"publisher\":{\"@id\":\"https:\\\/\\\/pmza.sk\\\/#organization\"},\"potentialAction\":[{\"@type\":\"SearchAction\",\"target\":{\"@type\":\"EntryPoint\",\"urlTemplate\":\"https:\\\/\\\/pmza.sk\\\/?s={search_term_string}\"},\"query-input\":{\"@type\":\"PropertyValueSpecification\",\"valueRequired\":true,\"valueName\":\"search_term_string\"}}],\"inLanguage\":\"sk-SK\"},{\"@type\":\"Organization\",\"@id\":\"https:\\\/\\\/pmza.sk\\\/#organization\",\"name\":\"Pova\u017esk\u00e9 m\u00fazeum\",\"url\":\"https:\\\/\\\/pmza.sk\\\/\",\"logo\":{\"@type\":\"ImageObject\",\"inLanguage\":\"sk-SK\",\"@id\":\"https:\\\/\\\/pmza.sk\\\/#\\\/schema\\\/logo\\\/image\\\/\",\"url\":\"https:\\\/\\\/pmza.sk\\\/wp-content\\\/uploads\\\/2022\\\/01\\\/logo_PM_horizontal.jpg\",\"contentUrl\":\"https:\\\/\\\/pmza.sk\\\/wp-content\\\/uploads\\\/2022\\\/01\\\/logo_PM_horizontal.jpg\",\"width\":231,\"height\":142,\"caption\":\"Pova\u017esk\u00e9 m\u00fazeum\"},\"image\":{\"@id\":\"https:\\\/\\\/pmza.sk\\\/#\\\/schema\\\/logo\\\/image\\\/\"},\"sameAs\":[\"https:\\\/\\\/www.facebook.com\\\/povazskemuzeum\",\"https:\\\/\\\/www.instagram.com\\\/povazskemuzeum\\\/\"]},{\"@type\":\"Person\",\"@id\":\"https:\\\/\\\/pmza.sk\\\/#\\\/schema\\\/person\\\/595e6a2ce731ea94dcd5d7f50a41ae33\",\"name\":\"Pova\u017esk\u00e9 m\u00fazeum\",\"image\":{\"@type\":\"ImageObject\",\"inLanguage\":\"sk-SK\",\"@id\":\"https:\\\/\\\/secure.gravatar.com\\\/avatar\\\/2bb7f1561282132fb5826dfeccc66c7996d11ee392ac6aaf7ced8a1c2027fbb2?s=96&d=mm&r=g\",\"url\":\"https:\\\/\\\/secure.gravatar.com\\\/avatar\\\/2bb7f1561282132fb5826dfeccc66c7996d11ee392ac6aaf7ced8a1c2027fbb2?s=96&d=mm&r=g\",\"contentUrl\":\"https:\\\/\\\/secure.gravatar.com\\\/avatar\\\/2bb7f1561282132fb5826dfeccc66c7996d11ee392ac6aaf7ced8a1c2027fbb2?s=96&d=mm&r=g\",\"caption\":\"Pova\u017esk\u00e9 m\u00fazeum\"}}]}<\/script>\n<!-- \/ Yoast SEO plugin. -->","yoast_head_json":{"title":"Spomienka na M. R. \u0160tef\u00e1nika - Pova\u017esk\u00e9 m\u00fazeum","robots":{"index":"index","follow":"follow","max-snippet":"max-snippet:-1","max-image-preview":"max-image-preview:large","max-video-preview":"max-video-preview:-1"},"canonical":"https:\/\/pmza.sk\/?p=25957","og_locale":"sk_SK","og_type":"article","og_title":"Spomienka na M. R. \u0160tef\u00e1nika - Pova\u017esk\u00e9 m\u00fazeum","og_description":"D\u0148a 4. m\u00e1ja si pripom\u00edname v\u00fdro\u010die smrti Milana Rastislava \u0160tef\u00e1nika, v\u00fdznamnej osobnosti slovensk\u00fdch dej\u00edn. Milan Rastislav \u0160tef\u00e1nik sa narodil 21. j\u00fala 1880 v\u00a0Ko\u0161arisk\u00e1ch ako syn evanjelick\u00e9ho far\u00e1ra Pavla \u0160tef\u00e1nika a\u00a0Albert\u00edny, rodenej Jurenkovej. Otec Pavel, ako vzdelan\u00fd \u010dlovek a\u00a0odu\u0161evnen\u00fd slovensk\u00fd n\u00e1rodovec, \u00a0mal doma bohat\u00fa kni\u017enicu, v\u010faka \u010domu bol Milan Rastislav u\u017e od mala obklopovan\u00fd slovensk\u00fdmi knihami [&hellip;]","og_url":"https:\/\/pmza.sk\/?p=25957","og_site_name":"Pova\u017esk\u00e9 m\u00fazeum","article_publisher":"https:\/\/www.facebook.com\/povazskemuzeum","article_published_time":"2018-05-03T12:40:07+00:00","author":"Pova\u017esk\u00e9 m\u00fazeum","twitter_card":"summary_large_image","twitter_misc":{"Autor":"Pova\u017esk\u00e9 m\u00fazeum","Predpokladan\u00fd \u010das \u010d\u00edtania":"1 min\u00fata"},"schema":{"@context":"https:\/\/schema.org","@graph":[{"@type":"Article","@id":"https:\/\/pmza.sk\/?p=25957#article","isPartOf":{"@id":"https:\/\/pmza.sk\/?p=25957"},"author":{"name":"Pova\u017esk\u00e9 m\u00fazeum","@id":"https:\/\/pmza.sk\/#\/schema\/person\/595e6a2ce731ea94dcd5d7f50a41ae33"},"headline":"Spomienka na M. R. \u0160tef\u00e1nika","datePublished":"2018-05-03T12:40:07+00:00","mainEntityOfPage":{"@id":"https:\/\/pmza.sk\/?p=25957"},"wordCount":231,"publisher":{"@id":"https:\/\/pmza.sk\/#organization"},"image":{"@id":"https:\/\/pmza.sk\/?p=25957#primaryimage"},"thumbnailUrl":"","inLanguage":"sk-SK"},{"@type":"WebPage","@id":"https:\/\/pmza.sk\/?p=25957","url":"https:\/\/pmza.sk\/?p=25957","name":"Spomienka na M. R. \u0160tef\u00e1nika - Pova\u017esk\u00e9 m\u00fazeum","isPartOf":{"@id":"https:\/\/pmza.sk\/#website"},"primaryImageOfPage":{"@id":"https:\/\/pmza.sk\/?p=25957#primaryimage"},"image":{"@id":"https:\/\/pmza.sk\/?p=25957#primaryimage"},"thumbnailUrl":"","datePublished":"2018-05-03T12:40:07+00:00","breadcrumb":{"@id":"https:\/\/pmza.sk\/?p=25957#breadcrumb"},"inLanguage":"sk-SK","potentialAction":[{"@type":"ReadAction","target":["https:\/\/pmza.sk\/?p=25957"]}]},{"@type":"ImageObject","inLanguage":"sk-SK","@id":"https:\/\/pmza.sk\/?p=25957#primaryimage","url":"","contentUrl":""},{"@type":"BreadcrumbList","@id":"https:\/\/pmza.sk\/?p=25957#breadcrumb","itemListElement":[{"@type":"ListItem","position":1,"name":"Domovsk\u00e1 str\u00e1nka","item":"https:\/\/pmza.sk\/"},{"@type":"ListItem","position":2,"name":"Spomienka na M. R. \u0160tef\u00e1nika"}]},{"@type":"WebSite","@id":"https:\/\/pmza.sk\/#website","url":"https:\/\/pmza.sk\/","name":"Pova\u017esk\u00e9 m\u00fazeum","description":"Pova\u017esk\u00e9 m\u00fazeum v \u017diline je region\u00e1lne m\u00fazeum so s\u00eddlom v Budat\u00edne. Jeho expoz\u00edcie s\u00fa zameran\u00e9 na dejiny slovensk\u00e9ho umenia, kult\u00fary a dopravy.","publisher":{"@id":"https:\/\/pmza.sk\/#organization"},"potentialAction":[{"@type":"SearchAction","target":{"@type":"EntryPoint","urlTemplate":"https:\/\/pmza.sk\/?s={search_term_string}"},"query-input":{"@type":"PropertyValueSpecification","valueRequired":true,"valueName":"search_term_string"}}],"inLanguage":"sk-SK"},{"@type":"Organization","@id":"https:\/\/pmza.sk\/#organization","name":"Pova\u017esk\u00e9 m\u00fazeum","url":"https:\/\/pmza.sk\/","logo":{"@type":"ImageObject","inLanguage":"sk-SK","@id":"https:\/\/pmza.sk\/#\/schema\/logo\/image\/","url":"https:\/\/pmza.sk\/wp-content\/uploads\/2022\/01\/logo_PM_horizontal.jpg","contentUrl":"https:\/\/pmza.sk\/wp-content\/uploads\/2022\/01\/logo_PM_horizontal.jpg","width":231,"height":142,"caption":"Pova\u017esk\u00e9 m\u00fazeum"},"image":{"@id":"https:\/\/pmza.sk\/#\/schema\/logo\/image\/"},"sameAs":["https:\/\/www.facebook.com\/povazskemuzeum","https:\/\/www.instagram.com\/povazskemuzeum\/"]},{"@type":"Person","@id":"https:\/\/pmza.sk\/#\/schema\/person\/595e6a2ce731ea94dcd5d7f50a41ae33","name":"Pova\u017esk\u00e9 m\u00fazeum","image":{"@type":"ImageObject","inLanguage":"sk-SK","@id":"https:\/\/secure.gravatar.com\/avatar\/2bb7f1561282132fb5826dfeccc66c7996d11ee392ac6aaf7ced8a1c2027fbb2?s=96&d=mm&r=g","url":"https:\/\/secure.gravatar.com\/avatar\/2bb7f1561282132fb5826dfeccc66c7996d11ee392ac6aaf7ced8a1c2027fbb2?s=96&d=mm&r=g","contentUrl":"https:\/\/secure.gravatar.com\/avatar\/2bb7f1561282132fb5826dfeccc66c7996d11ee392ac6aaf7ced8a1c2027fbb2?s=96&d=mm&r=g","caption":"Pova\u017esk\u00e9 m\u00fazeum"}}]}},"_links":{"self":[{"href":"https:\/\/pmza.sk\/index.php?rest_route=\/wp\/v2\/posts\/25957","targetHints":{"allow":["GET"]}}],"collection":[{"href":"https:\/\/pmza.sk\/index.php?rest_route=\/wp\/v2\/posts"}],"about":[{"href":"https:\/\/pmza.sk\/index.php?rest_route=\/wp\/v2\/types\/post"}],"author":[{"embeddable":true,"href":"https:\/\/pmza.sk\/index.php?rest_route=\/wp\/v2\/users\/2"}],"replies":[{"embeddable":true,"href":"https:\/\/pmza.sk\/index.php?rest_route=%2Fwp%2Fv2%2Fcomments&post=25957"}],"version-history":[{"count":0,"href":"https:\/\/pmza.sk\/index.php?rest_route=\/wp\/v2\/posts\/25957\/revisions"}],"wp:featuredmedia":[{"embeddable":true,"href":"https:\/\/pmza.sk\/index.php?rest_route=\/"}],"wp:attachment":[{"href":"https:\/\/pmza.sk\/index.php?rest_route=%2Fwp%2Fv2%2Fmedia&parent=25957"}],"wp:term":[{"taxonomy":"category","embeddable":true,"href":"https:\/\/pmza.sk\/index.php?rest_route=%2Fwp%2Fv2%2Fcategories&post=25957"},{"taxonomy":"post_tag","embeddable":true,"href":"https:\/\/pmza.sk\/index.php?rest_route=%2Fwp%2Fv2%2Ftags&post=25957"}],"curies":[{"name":"wp","href":"https:\/\/api.w.org\/{rel}","templated":true}]}}