{"id":25960,"date":"2018-05-04T13:20:36","date_gmt":"2018-05-04T11:20:36","guid":{"rendered":"https:\/\/pmza.sk\/?p=25960"},"modified":"2018-05-04T13:20:36","modified_gmt":"2018-05-04T11:20:36","slug":"zilinska-zupa-pripravuje-den-rodiny-v-budatinskom-parku","status":"publish","type":"post","link":"https:\/\/pmza.sk\/?p=25960","title":{"rendered":"\u017dilinsk\u00e1 \u017eupa pripravuje De\u0148 rodiny v Budat\u00ednskom parku"},"content":{"rendered":"<p>Po piatich rokoch bude v\u00a0\u017diline op\u00e4\u0165 De\u0148 rodiny. Uskuto\u010dn\u00ed sa v nede\u013eu 20. m\u00e1ja v Budat\u00ednskom parku.\u00a0 Spoluorganizuje ho \u017dilinsk\u00fd samospr\u00e1vny kraj, ktor\u00e9ho cie\u013eom je, aby sa\u00a0 toto podujatie stalo ka\u017edoro\u010dnou trad\u00edciou. \u017dSK sa tak prip\u00e1ja k\u00a0oslav\u00e1m po celom svete pri pr\u00edle\u017eitosti Medzin\u00e1rodn\u00e9ho d\u0148a rodiny vyhl\u00e1sen\u00e9ho Organiz\u00e1ciou Spojen\u00fdch n\u00e1rodov na 15. m\u00e1ja.<\/p>\n<p>\u201eSme kraj priate\u013esk\u00fd k\u00a0rodin\u00e1m a na\u0161\u00edm cie\u013eom je, aby u\u00a0n\u00e1s nach\u00e1dzali tie najlep\u0161ie podmienky pre plnohodnotn\u00fd \u017eivot. Tak\u00e9to podujatia, kde sa stretn\u00fa cel\u00e9 rodiny, k\u00a0tomu nesporne patria,\u201d povedala \u017eilinsk\u00e1 \u017eupanka Erika Jurinov\u00e1, ktor\u00e1 sa tie\u017e z\u00fa\u010dastn\u00ed na Dni rodiny v\u00a0Budat\u00ednskom parku. Pr\u00e1ve tam pl\u00e1nuje predstavi\u0165 navrhovan\u00e9 \u010di prijat\u00e9 kroky na podporu rodiny v\u00a0\u017dSK. U\u017e teraz sa napr\u00edklad pracuje na zalo\u017een\u00ed Centra pre podporu rodiny, ktor\u00e9 bude pom\u00e1ha\u0165 \u013eu\u010fom v kr\u00edzov\u00fdch situ\u00e1ci\u00e1ch.<\/p>\n<p><a href=\"https:\/\/pmza.sk\/wp-content\/uploads\/2018\/05\/Budat\u00edn.jpg\"><img decoding=\"async\" class=\"alignleft size-thumbnail wp-image-25962\" src=\"https:\/\/pmza.sk\/wp-content\/uploads\/2018\/05\/Budat\u00edn-150x100.jpg\" alt=\"\" width=\"150\" height=\"100\" \/><\/a>Program D\u0148a rodiny v\u00a0Budat\u00ednskom parku nebude s\u00fastreden\u00fd len na hlavnom p\u00f3diu, ale i\u00a0mimo neho v\u00a0\u010fal\u0161\u00edch priestoroch hradn\u00e9ho parku. Neziskov\u00e9 organiz\u00e1cie sa bud\u00fa spolupodie\u013ea\u0165 na programe formou stanov\u00ed\u0161\u0165\u00a0 s\u00a0r\u00f4znymi tvoriv\u00fdmi aktivitami. Okrem koncertov \u010di divadeln\u00fdch predstaven\u00ed sa m\u00f4\u017eu n\u00e1v\u0161tevn\u00edci z\u00fa\u010dastni\u0165 tane\u010dnej dielne, alebo zozn\u00e1mi\u0165 sa s\u00a0t\u00edmom \u013eud\u00ed a\u00a0ich \u0161tvornoh\u00fdmi ps\u00edmi spolo\u010dn\u00edkmi.<\/p>\n<p>De\u0148 rodiny okrem \u017eupn\u00e9ho \u00faradu spoluorganizuje i\u00a0Pova\u017esk\u00e9 m\u00fazeum v\u00a0\u017diline, Krajsk\u00e1 kni\u017enica v\u00a0\u017diline, neziskov\u00e9 organiz\u00e1cie a\u00a0nieko\u013ek\u00ed poslanci \u017dilinsk\u00e9ho samospr\u00e1vneho kraja. Celoslovensky ho zastre\u0161uje F\u00f3rum Kres\u0165ansk\u00fdch in\u0161tit\u00faci\u00ed.\u00a0<\/p>\n<p>V\u00a0\u017diline u\u017e v\u00a0minulosti De\u0148 rodiny bol. \u201eMali sme tu nieko\u013eko ro\u010dn\u00edkov D\u0148a rodiny na Mari\u00e1nskom n\u00e1mest\u00ed, ktor\u00e9 organizovalo Centrum pre rodinu, naposledy v\u00a0roku 2013. I\u0161lo sk\u00f4r o ob\u010diansku iniciat\u00edvu bez \u00fa\u010dasti verejn\u00e9ho sektora. O\u00a0to viac si teraz v\u00e1\u017eim, \u017ee \u017eupa ako verejn\u00e1 in\u0161tit\u00facia vyjadruje podporu rodin\u00e1m a\u00a0formuje sa ako kraj otvoren\u00fd a\u00a0priate\u013esk\u00fd k\u00a0rodin\u00e1m,\u201c uviedla poslanky\u0148a \u017dSK Barbora Birnerov\u00e1, ktor\u00e1 podujatie koordinuje.<\/p>\n<p>\u017dupu zauj\u00edma i sp\u00e4tn\u00e1 v\u00e4zba a \u00fa\u010dastn\u00edci bud\u00fa ma\u0165 mo\u017enos\u0165 vyplni\u0165 kr\u00e1tky dotazn\u00edk o spokojnosti s podujat\u00edm i s pro-rodinn\u00fdmi aktivitami \u017dSK.<\/p>\n<p><strong>Z programu D\u0148a rodiny v\u00a0Budat\u00ednskom parku v\u00a0nede\u013eu 20. m\u00e1ja: <\/strong><\/p>\n<ul>\n<li>na hlavnom p\u00f3diu vyst\u00fapia od 15. hod.: Miriam Kaiser &amp; Band, Divadlo TU\u0160 s\u00a0rozpr\u00e1vkou Vesel\u00e1 vandrovka, Balkansambel s\u00a0tane\u010dnou diel\u0148ou, folkl\u00f3rna skupina Javorn\u00ed\u010dek;<\/li>\n<li>predsedn\u00ed\u010dka \u017dSK Erika Jurinov\u00e1 vyst\u00fapi s\u00a0pr\u00edhovorom na hlavnom p\u00f3diu;<\/li>\n<li>ju\u017en\u00e1 terasa od 16.45 hod.: \u017dilinsk\u00e9 ma\u017eoretky Diana, Bra\u0148o Jobus \u2013 autorsk\u00e9 \u010d\u00edtanie rozpr\u00e1vok;<\/li>\n<li>sprievodn\u00fd program 14. \u2013 18.hod.: tvoriv\u00e9 dielne a\u00a0aktivity pro-rodinn\u00fdch centier a\u00a0organiz\u00e1ci\u00ed, neziskov\u00e1 organiz\u00e1cia Zmysel \u017eivota \u2013 vyst\u00fapenie so ps\u00edkmi;<\/li>\n<li>deti do 15 rokov maj\u00fa vstup do Budat\u00ednskeho hradu zadarmo.<\/li>\n<\/ul>\n<p style=\"text-align: right;\">Mgr. Martina Remencov\u00e1<br \/>hovorky\u0148a \u017dSK<\/p>\n","protected":false},"excerpt":{"rendered":"<p>Po piatich rokoch bude v\u00a0\u017diline op\u00e4\u0165 De\u0148 rodiny. Uskuto\u010dn\u00ed sa v nede\u013eu 20. m\u00e1ja v Budat\u00ednskom parku.\u00a0 Spoluorganizuje ho \u017dilinsk\u00fd samospr\u00e1vny kraj, ktor\u00e9ho cie\u013eom je, aby sa\u00a0 toto podujatie stalo ka\u017edoro\u010dnou trad\u00edciou. \u017dSK sa tak prip\u00e1ja k\u00a0oslav\u00e1m po celom svete pri pr\u00edle\u017eitosti Medzin\u00e1rodn\u00e9ho d\u0148a rodiny vyhl\u00e1sen\u00e9ho Organiz\u00e1ciou Spojen\u00fdch n\u00e1rodov na 15. m\u00e1ja. \u201eSme kraj priate\u013esk\u00fd [&hellip;]<\/p>\n","protected":false},"author":2,"featured_media":25963,"comment_status":"closed","ping_status":"closed","sticky":false,"template":"","format":"standard","meta":{"site-sidebar-layout":"default","site-content-layout":"","ast-site-content-layout":"","site-content-style":"default","site-sidebar-style":"default","ast-global-header-display":"","ast-banner-title-visibility":"","ast-main-header-display":"","ast-hfb-above-header-display":"","ast-hfb-below-header-display":"","ast-hfb-mobile-header-display":"","site-post-title":"","ast-breadcrumbs-content":"","ast-featured-img":"","footer-sml-layout":"","theme-transparent-header-meta":"","adv-header-id-meta":"","stick-header-meta":"","header-above-stick-meta":"","header-main-stick-meta":"","header-below-stick-meta":"","astra-migrate-meta-layouts":"default","ast-page-background-enabled":"default","ast-page-background-meta":{"desktop":{"background-color":"var(--ast-global-color-4)","background-image":"","background-repeat":"repeat","background-position":"center center","background-size":"auto","background-attachment":"scroll","background-type":"","background-media":"","overlay-type":"","overlay-color":"","overlay-opacity":"","overlay-gradient":""},"tablet":{"background-color":"","background-image":"","background-repeat":"repeat","background-position":"center center","background-size":"auto","background-attachment":"scroll","background-type":"","background-media":"","overlay-type":"","overlay-color":"","overlay-opacity":"","overlay-gradient":""},"mobile":{"background-color":"","background-image":"","background-repeat":"repeat","background-position":"center center","background-size":"auto","background-attachment":"scroll","background-type":"","background-media":"","overlay-type":"","overlay-color":"","overlay-opacity":"","overlay-gradient":""}},"ast-content-background-meta":{"desktop":{"background-color":"var(--ast-global-color-5)","background-image":"","background-repeat":"repeat","background-position":"center center","background-size":"auto","background-attachment":"scroll","background-type":"","background-media":"","overlay-type":"","overlay-color":"","overlay-opacity":"","overlay-gradient":""},"tablet":{"background-color":"var(--ast-global-color-5)","background-image":"","background-repeat":"repeat","background-position":"center center","background-size":"auto","background-attachment":"scroll","background-type":"","background-media":"","overlay-type":"","overlay-color":"","overlay-opacity":"","overlay-gradient":""},"mobile":{"background-color":"var(--ast-global-color-5)","background-image":"","background-repeat":"repeat","background-position":"center center","background-size":"auto","background-attachment":"scroll","background-type":"","background-media":"","overlay-type":"","overlay-color":"","overlay-opacity":"","overlay-gradient":""}},"footnotes":""},"categories":[31],"tags":[],"class_list":["post-25960","post","type-post","status-publish","format-standard","has-post-thumbnail","hentry","category-aktuality"],"yoast_head":"<!-- This site is optimized with the Yoast SEO plugin v27.4 - https:\/\/yoast.com\/product\/yoast-seo-wordpress\/ -->\n<title>\u017dilinsk\u00e1 \u017eupa pripravuje De\u0148 rodiny v Budat\u00ednskom parku - Pova\u017esk\u00e9 m\u00fazeum<\/title>\n<meta name=\"robots\" content=\"index, follow, max-snippet:-1, max-image-preview:large, max-video-preview:-1\" \/>\n<link rel=\"canonical\" href=\"https:\/\/pmza.sk\/?p=25960\" \/>\n<meta property=\"og:locale\" content=\"sk_SK\" \/>\n<meta property=\"og:type\" content=\"article\" \/>\n<meta property=\"og:title\" content=\"\u017dilinsk\u00e1 \u017eupa pripravuje De\u0148 rodiny v Budat\u00ednskom parku - Pova\u017esk\u00e9 m\u00fazeum\" \/>\n<meta property=\"og:description\" content=\"Po piatich rokoch bude v\u00a0\u017diline op\u00e4\u0165 De\u0148 rodiny. Uskuto\u010dn\u00ed sa v nede\u013eu 20. m\u00e1ja v Budat\u00ednskom parku.\u00a0 Spoluorganizuje ho \u017dilinsk\u00fd samospr\u00e1vny kraj, ktor\u00e9ho cie\u013eom je, aby sa\u00a0 toto podujatie stalo ka\u017edoro\u010dnou trad\u00edciou. \u017dSK sa tak prip\u00e1ja k\u00a0oslav\u00e1m po celom svete pri pr\u00edle\u017eitosti Medzin\u00e1rodn\u00e9ho d\u0148a rodiny vyhl\u00e1sen\u00e9ho Organiz\u00e1ciou Spojen\u00fdch n\u00e1rodov na 15. m\u00e1ja. \u201eSme kraj priate\u013esk\u00fd [&hellip;]\" \/>\n<meta property=\"og:url\" content=\"https:\/\/pmza.sk\/?p=25960\" \/>\n<meta property=\"og:site_name\" content=\"Pova\u017esk\u00e9 m\u00fazeum\" \/>\n<meta property=\"article:publisher\" content=\"https:\/\/www.facebook.com\/povazskemuzeum\" \/>\n<meta property=\"article:published_time\" content=\"2018-05-04T11:20:36+00:00\" \/>\n<meta name=\"author\" content=\"Pova\u017esk\u00e9 m\u00fazeum\" \/>\n<meta name=\"twitter:card\" content=\"summary_large_image\" \/>\n<meta name=\"twitter:label1\" content=\"Autor\" \/>\n\t<meta name=\"twitter:data1\" content=\"Pova\u017esk\u00e9 m\u00fazeum\" \/>\n\t<meta name=\"twitter:label2\" content=\"Predpokladan\u00fd \u010das \u010d\u00edtania\" \/>\n\t<meta name=\"twitter:data2\" content=\"3 min\u00faty\" \/>\n<script type=\"application\/ld+json\" class=\"yoast-schema-graph\">{\"@context\":\"https:\\\/\\\/schema.org\",\"@graph\":[{\"@type\":\"Article\",\"@id\":\"https:\\\/\\\/pmza.sk\\\/?p=25960#article\",\"isPartOf\":{\"@id\":\"https:\\\/\\\/pmza.sk\\\/?p=25960\"},\"author\":{\"name\":\"Pova\u017esk\u00e9 m\u00fazeum\",\"@id\":\"https:\\\/\\\/pmza.sk\\\/#\\\/schema\\\/person\\\/595e6a2ce731ea94dcd5d7f50a41ae33\"},\"headline\":\"\u017dilinsk\u00e1 \u017eupa pripravuje De\u0148 rodiny v Budat\u00ednskom parku\",\"datePublished\":\"2018-05-04T11:20:36+00:00\",\"mainEntityOfPage\":{\"@id\":\"https:\\\/\\\/pmza.sk\\\/?p=25960\"},\"wordCount\":531,\"publisher\":{\"@id\":\"https:\\\/\\\/pmza.sk\\\/#organization\"},\"image\":{\"@id\":\"https:\\\/\\\/pmza.sk\\\/?p=25960#primaryimage\"},\"thumbnailUrl\":\"\",\"articleSection\":[\"Aktuality\"],\"inLanguage\":\"sk-SK\"},{\"@type\":\"WebPage\",\"@id\":\"https:\\\/\\\/pmza.sk\\\/?p=25960\",\"url\":\"https:\\\/\\\/pmza.sk\\\/?p=25960\",\"name\":\"\u017dilinsk\u00e1 \u017eupa pripravuje De\u0148 rodiny v Budat\u00ednskom parku - Pova\u017esk\u00e9 m\u00fazeum\",\"isPartOf\":{\"@id\":\"https:\\\/\\\/pmza.sk\\\/#website\"},\"primaryImageOfPage\":{\"@id\":\"https:\\\/\\\/pmza.sk\\\/?p=25960#primaryimage\"},\"image\":{\"@id\":\"https:\\\/\\\/pmza.sk\\\/?p=25960#primaryimage\"},\"thumbnailUrl\":\"\",\"datePublished\":\"2018-05-04T11:20:36+00:00\",\"breadcrumb\":{\"@id\":\"https:\\\/\\\/pmza.sk\\\/?p=25960#breadcrumb\"},\"inLanguage\":\"sk-SK\",\"potentialAction\":[{\"@type\":\"ReadAction\",\"target\":[\"https:\\\/\\\/pmza.sk\\\/?p=25960\"]}]},{\"@type\":\"ImageObject\",\"inLanguage\":\"sk-SK\",\"@id\":\"https:\\\/\\\/pmza.sk\\\/?p=25960#primaryimage\",\"url\":\"\",\"contentUrl\":\"\"},{\"@type\":\"BreadcrumbList\",\"@id\":\"https:\\\/\\\/pmza.sk\\\/?p=25960#breadcrumb\",\"itemListElement\":[{\"@type\":\"ListItem\",\"position\":1,\"name\":\"Domovsk\u00e1 str\u00e1nka\",\"item\":\"https:\\\/\\\/pmza.sk\\\/\"},{\"@type\":\"ListItem\",\"position\":2,\"name\":\"\u017dilinsk\u00e1 \u017eupa pripravuje De\u0148 rodiny v Budat\u00ednskom parku\"}]},{\"@type\":\"WebSite\",\"@id\":\"https:\\\/\\\/pmza.sk\\\/#website\",\"url\":\"https:\\\/\\\/pmza.sk\\\/\",\"name\":\"Pova\u017esk\u00e9 m\u00fazeum\",\"description\":\"Pova\u017esk\u00e9 m\u00fazeum v \u017diline je region\u00e1lne m\u00fazeum so s\u00eddlom v Budat\u00edne. Jeho expoz\u00edcie s\u00fa zameran\u00e9 na dejiny slovensk\u00e9ho umenia, kult\u00fary a dopravy.\",\"publisher\":{\"@id\":\"https:\\\/\\\/pmza.sk\\\/#organization\"},\"potentialAction\":[{\"@type\":\"SearchAction\",\"target\":{\"@type\":\"EntryPoint\",\"urlTemplate\":\"https:\\\/\\\/pmza.sk\\\/?s={search_term_string}\"},\"query-input\":{\"@type\":\"PropertyValueSpecification\",\"valueRequired\":true,\"valueName\":\"search_term_string\"}}],\"inLanguage\":\"sk-SK\"},{\"@type\":\"Organization\",\"@id\":\"https:\\\/\\\/pmza.sk\\\/#organization\",\"name\":\"Pova\u017esk\u00e9 m\u00fazeum\",\"url\":\"https:\\\/\\\/pmza.sk\\\/\",\"logo\":{\"@type\":\"ImageObject\",\"inLanguage\":\"sk-SK\",\"@id\":\"https:\\\/\\\/pmza.sk\\\/#\\\/schema\\\/logo\\\/image\\\/\",\"url\":\"https:\\\/\\\/pmza.sk\\\/wp-content\\\/uploads\\\/2022\\\/01\\\/logo_PM_horizontal.jpg\",\"contentUrl\":\"https:\\\/\\\/pmza.sk\\\/wp-content\\\/uploads\\\/2022\\\/01\\\/logo_PM_horizontal.jpg\",\"width\":231,\"height\":142,\"caption\":\"Pova\u017esk\u00e9 m\u00fazeum\"},\"image\":{\"@id\":\"https:\\\/\\\/pmza.sk\\\/#\\\/schema\\\/logo\\\/image\\\/\"},\"sameAs\":[\"https:\\\/\\\/www.facebook.com\\\/povazskemuzeum\",\"https:\\\/\\\/www.instagram.com\\\/povazskemuzeum\\\/\"]},{\"@type\":\"Person\",\"@id\":\"https:\\\/\\\/pmza.sk\\\/#\\\/schema\\\/person\\\/595e6a2ce731ea94dcd5d7f50a41ae33\",\"name\":\"Pova\u017esk\u00e9 m\u00fazeum\",\"image\":{\"@type\":\"ImageObject\",\"inLanguage\":\"sk-SK\",\"@id\":\"https:\\\/\\\/secure.gravatar.com\\\/avatar\\\/2bb7f1561282132fb5826dfeccc66c7996d11ee392ac6aaf7ced8a1c2027fbb2?s=96&d=mm&r=g\",\"url\":\"https:\\\/\\\/secure.gravatar.com\\\/avatar\\\/2bb7f1561282132fb5826dfeccc66c7996d11ee392ac6aaf7ced8a1c2027fbb2?s=96&d=mm&r=g\",\"contentUrl\":\"https:\\\/\\\/secure.gravatar.com\\\/avatar\\\/2bb7f1561282132fb5826dfeccc66c7996d11ee392ac6aaf7ced8a1c2027fbb2?s=96&d=mm&r=g\",\"caption\":\"Pova\u017esk\u00e9 m\u00fazeum\"}}]}<\/script>\n<!-- \/ Yoast SEO plugin. -->","yoast_head_json":{"title":"\u017dilinsk\u00e1 \u017eupa pripravuje De\u0148 rodiny v Budat\u00ednskom parku - Pova\u017esk\u00e9 m\u00fazeum","robots":{"index":"index","follow":"follow","max-snippet":"max-snippet:-1","max-image-preview":"max-image-preview:large","max-video-preview":"max-video-preview:-1"},"canonical":"https:\/\/pmza.sk\/?p=25960","og_locale":"sk_SK","og_type":"article","og_title":"\u017dilinsk\u00e1 \u017eupa pripravuje De\u0148 rodiny v Budat\u00ednskom parku - Pova\u017esk\u00e9 m\u00fazeum","og_description":"Po piatich rokoch bude v\u00a0\u017diline op\u00e4\u0165 De\u0148 rodiny. Uskuto\u010dn\u00ed sa v nede\u013eu 20. m\u00e1ja v Budat\u00ednskom parku.\u00a0 Spoluorganizuje ho \u017dilinsk\u00fd samospr\u00e1vny kraj, ktor\u00e9ho cie\u013eom je, aby sa\u00a0 toto podujatie stalo ka\u017edoro\u010dnou trad\u00edciou. \u017dSK sa tak prip\u00e1ja k\u00a0oslav\u00e1m po celom svete pri pr\u00edle\u017eitosti Medzin\u00e1rodn\u00e9ho d\u0148a rodiny vyhl\u00e1sen\u00e9ho Organiz\u00e1ciou Spojen\u00fdch n\u00e1rodov na 15. m\u00e1ja. \u201eSme kraj priate\u013esk\u00fd [&hellip;]","og_url":"https:\/\/pmza.sk\/?p=25960","og_site_name":"Pova\u017esk\u00e9 m\u00fazeum","article_publisher":"https:\/\/www.facebook.com\/povazskemuzeum","article_published_time":"2018-05-04T11:20:36+00:00","author":"Pova\u017esk\u00e9 m\u00fazeum","twitter_card":"summary_large_image","twitter_misc":{"Autor":"Pova\u017esk\u00e9 m\u00fazeum","Predpokladan\u00fd \u010das \u010d\u00edtania":"3 min\u00faty"},"schema":{"@context":"https:\/\/schema.org","@graph":[{"@type":"Article","@id":"https:\/\/pmza.sk\/?p=25960#article","isPartOf":{"@id":"https:\/\/pmza.sk\/?p=25960"},"author":{"name":"Pova\u017esk\u00e9 m\u00fazeum","@id":"https:\/\/pmza.sk\/#\/schema\/person\/595e6a2ce731ea94dcd5d7f50a41ae33"},"headline":"\u017dilinsk\u00e1 \u017eupa pripravuje De\u0148 rodiny v Budat\u00ednskom parku","datePublished":"2018-05-04T11:20:36+00:00","mainEntityOfPage":{"@id":"https:\/\/pmza.sk\/?p=25960"},"wordCount":531,"publisher":{"@id":"https:\/\/pmza.sk\/#organization"},"image":{"@id":"https:\/\/pmza.sk\/?p=25960#primaryimage"},"thumbnailUrl":"","articleSection":["Aktuality"],"inLanguage":"sk-SK"},{"@type":"WebPage","@id":"https:\/\/pmza.sk\/?p=25960","url":"https:\/\/pmza.sk\/?p=25960","name":"\u017dilinsk\u00e1 \u017eupa pripravuje De\u0148 rodiny v Budat\u00ednskom parku - Pova\u017esk\u00e9 m\u00fazeum","isPartOf":{"@id":"https:\/\/pmza.sk\/#website"},"primaryImageOfPage":{"@id":"https:\/\/pmza.sk\/?p=25960#primaryimage"},"image":{"@id":"https:\/\/pmza.sk\/?p=25960#primaryimage"},"thumbnailUrl":"","datePublished":"2018-05-04T11:20:36+00:00","breadcrumb":{"@id":"https:\/\/pmza.sk\/?p=25960#breadcrumb"},"inLanguage":"sk-SK","potentialAction":[{"@type":"ReadAction","target":["https:\/\/pmza.sk\/?p=25960"]}]},{"@type":"ImageObject","inLanguage":"sk-SK","@id":"https:\/\/pmza.sk\/?p=25960#primaryimage","url":"","contentUrl":""},{"@type":"BreadcrumbList","@id":"https:\/\/pmza.sk\/?p=25960#breadcrumb","itemListElement":[{"@type":"ListItem","position":1,"name":"Domovsk\u00e1 str\u00e1nka","item":"https:\/\/pmza.sk\/"},{"@type":"ListItem","position":2,"name":"\u017dilinsk\u00e1 \u017eupa pripravuje De\u0148 rodiny v Budat\u00ednskom parku"}]},{"@type":"WebSite","@id":"https:\/\/pmza.sk\/#website","url":"https:\/\/pmza.sk\/","name":"Pova\u017esk\u00e9 m\u00fazeum","description":"Pova\u017esk\u00e9 m\u00fazeum v \u017diline je region\u00e1lne m\u00fazeum so s\u00eddlom v Budat\u00edne. Jeho expoz\u00edcie s\u00fa zameran\u00e9 na dejiny slovensk\u00e9ho umenia, kult\u00fary a dopravy.","publisher":{"@id":"https:\/\/pmza.sk\/#organization"},"potentialAction":[{"@type":"SearchAction","target":{"@type":"EntryPoint","urlTemplate":"https:\/\/pmza.sk\/?s={search_term_string}"},"query-input":{"@type":"PropertyValueSpecification","valueRequired":true,"valueName":"search_term_string"}}],"inLanguage":"sk-SK"},{"@type":"Organization","@id":"https:\/\/pmza.sk\/#organization","name":"Pova\u017esk\u00e9 m\u00fazeum","url":"https:\/\/pmza.sk\/","logo":{"@type":"ImageObject","inLanguage":"sk-SK","@id":"https:\/\/pmza.sk\/#\/schema\/logo\/image\/","url":"https:\/\/pmza.sk\/wp-content\/uploads\/2022\/01\/logo_PM_horizontal.jpg","contentUrl":"https:\/\/pmza.sk\/wp-content\/uploads\/2022\/01\/logo_PM_horizontal.jpg","width":231,"height":142,"caption":"Pova\u017esk\u00e9 m\u00fazeum"},"image":{"@id":"https:\/\/pmza.sk\/#\/schema\/logo\/image\/"},"sameAs":["https:\/\/www.facebook.com\/povazskemuzeum","https:\/\/www.instagram.com\/povazskemuzeum\/"]},{"@type":"Person","@id":"https:\/\/pmza.sk\/#\/schema\/person\/595e6a2ce731ea94dcd5d7f50a41ae33","name":"Pova\u017esk\u00e9 m\u00fazeum","image":{"@type":"ImageObject","inLanguage":"sk-SK","@id":"https:\/\/secure.gravatar.com\/avatar\/2bb7f1561282132fb5826dfeccc66c7996d11ee392ac6aaf7ced8a1c2027fbb2?s=96&d=mm&r=g","url":"https:\/\/secure.gravatar.com\/avatar\/2bb7f1561282132fb5826dfeccc66c7996d11ee392ac6aaf7ced8a1c2027fbb2?s=96&d=mm&r=g","contentUrl":"https:\/\/secure.gravatar.com\/avatar\/2bb7f1561282132fb5826dfeccc66c7996d11ee392ac6aaf7ced8a1c2027fbb2?s=96&d=mm&r=g","caption":"Pova\u017esk\u00e9 m\u00fazeum"}}]}},"_links":{"self":[{"href":"https:\/\/pmza.sk\/index.php?rest_route=\/wp\/v2\/posts\/25960","targetHints":{"allow":["GET"]}}],"collection":[{"href":"https:\/\/pmza.sk\/index.php?rest_route=\/wp\/v2\/posts"}],"about":[{"href":"https:\/\/pmza.sk\/index.php?rest_route=\/wp\/v2\/types\/post"}],"author":[{"embeddable":true,"href":"https:\/\/pmza.sk\/index.php?rest_route=\/wp\/v2\/users\/2"}],"replies":[{"embeddable":true,"href":"https:\/\/pmza.sk\/index.php?rest_route=%2Fwp%2Fv2%2Fcomments&post=25960"}],"version-history":[{"count":0,"href":"https:\/\/pmza.sk\/index.php?rest_route=\/wp\/v2\/posts\/25960\/revisions"}],"wp:featuredmedia":[{"embeddable":true,"href":"https:\/\/pmza.sk\/index.php?rest_route=\/"}],"wp:attachment":[{"href":"https:\/\/pmza.sk\/index.php?rest_route=%2Fwp%2Fv2%2Fmedia&parent=25960"}],"wp:term":[{"taxonomy":"category","embeddable":true,"href":"https:\/\/pmza.sk\/index.php?rest_route=%2Fwp%2Fv2%2Fcategories&post=25960"},{"taxonomy":"post_tag","embeddable":true,"href":"https:\/\/pmza.sk\/index.php?rest_route=%2Fwp%2Fv2%2Ftags&post=25960"}],"curies":[{"name":"wp","href":"https:\/\/api.w.org\/{rel}","templated":true}]}}