{"id":26460,"date":"2018-05-15T10:34:12","date_gmt":"2018-05-15T08:34:12","guid":{"rendered":"https:\/\/pmza.sk\/?p=26460"},"modified":"2018-05-15T10:34:12","modified_gmt":"2018-05-15T08:34:12","slug":"do-muzea-s-lampasom","status":"publish","type":"post","link":"https:\/\/pmza.sk\/?p=26460","title":{"rendered":"Do m\u00fazea s lamp\u00e1\u0161om"},"content":{"rendered":"<p>Kult\u00farne zariadenia \u017dilinskej \u017eupy sa aj tento rok zapoja do Noci m\u00faze\u00ed a\u00a0gal\u00e9ri\u00ed. M\u00faze\u00e1 a gal\u00e9rie bud\u00fa v\u00a0sobotu 19. m\u00e1ja otvoren\u00e9 do neskor\u00fdch ve\u010dern\u00fdch hod\u00edn.\u00a0\u00a0<\/p>\n<p>Noc po\u010das tretej m\u00e1jovej soboty patr\u00ed u\u017e 14 rokov m\u00faze\u00e1m a\u00a0gal\u00e9ri\u00e1m. Do celoeur\u00f3pskeho podujatia sa zap\u00e1jaj\u00fa aj \u017eupn\u00e9 in\u0161tit\u00facie. Bud\u00fa otvoren\u00e9 dlh\u0161ie a pon\u00fakaj\u00fa zv\u00fdhodnen\u00e9 vstupn\u00e9 \u010di dokonca vstupy zdarma. V\u00a0netradi\u010dn\u00fdch prehliadkach a\u00a0z\u00e1\u017eitkov\u00fdch programoch uk\u00e1\u017eu n\u00e1v\u0161tevn\u00edkom aj obvykle zamknut\u00e9 z\u00e1kutia v\u00fdstav.<\/p>\n<p>\u201eNa\u0161ou snahou je, aby m\u00faze\u00e1 a\u00a0gal\u00e9rie neboli iba statick\u00fdmi budovami, ale aby svojou \u010dinnos\u0165ou prin\u00e1\u0161ali vzdelanostn\u00fd a duchovn\u00fd rast, povzbudzovali ku tvoriv\u00e9mu a inovat\u00edvnemu mysleniu a\u00a0formou interakcie zaujali n\u00e1v\u0161tevn\u00edka ka\u017ed\u00e9ho veku,\u201c povedala Zuzana Mi\u010d\u00edkov\u00e1 z\u00a0odboru kult\u00fary \u017dilinsk\u00e9ho samospr\u00e1vneho kraja.<\/p>\n<p>Piatok 18. m\u00e1ja je Medzin\u00e1rodn\u00fdm d\u0148om m\u00faze\u00ed. V\u00a0tento de\u0148 m\u00e1 verejnos\u0165 mo\u017enos\u0165 za jedno vstupn\u00e9 &#8211; \u0161tyri eur\u00e1 nav\u0161t\u00edvi\u0165 v\u0161etky expoz\u00edcie Pova\u017esk\u00e9ho m\u00fazea v\u00a0\u017diline, Byt\u010di, Rajeck\u00fdch Tepliciach, \u010ci\u010dmanoch \u010di Terchovej. Zv\u00fdhodnen\u00fd vstup s\u00a050-percentnou z\u013eavou bude po\u010das D\u0148a m\u00faze\u00ed plati\u0165 do v\u00fdstavn\u00fdch priestorov Oravsk\u00e9ho m\u00faze\u00e1 a tie\u017e pri jazd\u00e1ch Oravskou lesnou \u017eeleznicou. Bezplatn\u00fd vstup do v\u0161etk\u00fdch expoz\u00edci\u00ed pon\u00fakne aj Kysuck\u00e1 gal\u00e9ria.<\/p>\n<p>Po\u010das soboty bud\u00fa ma\u0165 \u0161tyri \u017eupn\u00e9 gal\u00e9rie &#8211; Pova\u017esk\u00e1, Tur\u010dianska, Liptovsk\u00e1 i\u00a0Oravsk\u00e1 \u2013 otvoren\u00e9 o \u010dosi dlh\u0161ie ako v\u00a0be\u017en\u00e9 dni. ,,Po\u010das interakt\u00edvnej prehliadky sa n\u00e1v\u0161tevn\u00edci dozvedia, ako prich\u00e1dza dielo do gal\u00e9rie, ako je zaraden\u00e9 do zbierkov\u00e9ho fondu, ako je \u010falej prezentovan\u00e9. Nakoniec si vysk\u00fa\u0161aj\u00fa pr\u00e1cu re\u0161taur\u00e1tora,\u201c pribl\u00ed\u017eila riadite\u013eka Liptovskej gal\u00e9rie P. M. Boh\u00fa\u0148a Alena Chebe\u0148ov\u00e1.<\/p>\n<p>No\u010dn\u00fa prehliadku s\u00a0lamp\u00e1\u0161om pon\u00fakne Kysuck\u00e9 m\u00fazeum v skanzene vo Vychylovke. \u201e<strong>Skanzen bude otvoren\u00fd a\u017e do\u00a022. hodiny s\u00a0t\u00fdm, \u017ee od\u00a018. hodiny bude pre n\u00e1v\u0161tevn\u00edkov vstup vo\u013en\u00fd,\u201c informovala Darina Hnidkov\u00e1 z\u00a0Kysuck\u00e9ho m\u00fazea v\u00a0\u010cadci. Do no\u010dn\u00fdch hod\u00edn bude otvoren\u00fd tie\u017e hrad Stre\u010dno, kde sa hradn\u00ed organiz\u00e1tori po\u010das z\u00e1\u017eitkovej prehliadky zameraj\u00fa na \u013eudsk\u00e9 zmysly a verejnos\u0165 bude m\u00f4c\u0165 nav\u0161t\u00edvi\u0165 napr\u00edklad aj diel\u0148u re\u0161taur\u00e1tora archeologick\u00fdch n\u00e1lezov a\u00a0keramiky.<\/strong><\/p>\n<p><strong>Preh\u013ead podujat\u00ed v\u00a0zariadeniach \u017dSK:<\/strong><\/p>\n<p><strong>18. m\u00e1j<\/strong> Medzin\u00e1rodn\u00fd de\u0148 m\u00faze\u00ed<\/p>\n<ul>\n<li><strong><span style=\"color: #000080;\"><em>Pova\u017esk\u00e9 m\u00fazeum v\u00a0\u017diline<\/em> \u2013 za jedno vstupn\u00e9 4 eur\u00e1 bude mo\u017en\u00e9 nav\u0161t\u00edvi\u0165 v\u0161etky objekty m\u00fazea &#8211; Budat\u00ednsky hrad, M\u00fazeum dopravy v\u00a0Rajeck\u00fdch Tepliciach, objekty \u013eudovej architekt\u00fary \u010ci\u010dmany, expoz\u00edciu J\u00e1no\u0161\u00edk v\u00a0Terchovej, hrad Stre\u010dno (do Sob\u00e1\u0161neho pal\u00e1ca v\u00a0Byt\u010di je vstup zadarmo).<\/span><\/strong><\/li>\n<li><em>Oravsk\u00e9 m\u00fazeum<\/em> \u2013 n\u00e1v\u0161tevn\u00edci m\u00f4\u017eu nav\u0161t\u00edvi\u0165 v\u0161etky expoz\u00edcie m\u00fazea z\u00a050-percentnou z\u013eavou zo vstupn\u00e9ho, vr\u00e1tane <em>Oravskej lesnej \u017eeleznice.<\/em><\/li>\n<li><em>Kysuck\u00e1 gal\u00e9ria<\/em> &#8211; v\u00a0spolupr\u00e1ci s\u00a0Lesmi SR pripravuje akciu pod n\u00e1zvom \u201eLesy de\u0165om\u201c v\u00a0pri\u013eahlom parku gal\u00e9rie. N\u00e1v\u0161tevn\u00edci sa m\u00f4\u017eu zapoji\u0165 do s\u00fa\u0165a\u017e\u00ed, gal\u00e9ria odmen\u00ed ich najkraj\u0161ie kresby \u010di ma\u013eby. Vstup zdarma.<\/li>\n<\/ul>\n<p><strong>19.\u00a0m\u00e1j<\/strong> Noc m\u00faze\u00ed a\u00a0gal\u00e9ri\u00ed<\/p>\n<ul>\n<li><em>Skanzen vo Vychylovke<\/em> &#8211; otvoren\u00fd a\u017e do 22. hodiny,\u00a0vstup od 18. hodiny bude zdarma, po 21. hodine prehliadka s\u00a0lamp\u00e1\u0161mi. O , 19., 20. hod. ve\u010dern\u00e9 jazdy Historickou lesnou \u00favra\u0165ovou\u00a0\u00a0\u017eeleznicou (dospel\u00ed 4 \u20ac; deti, \u0161tudenti, d\u00f4chodcovia a\u00a0Z\u0164P 2 \u20ac).<\/li>\n<li><strong><span style=\"color: #000080;\"><em>Hrad Stre\u010dno<\/em> \u2013 no\u010dn\u00e1 z\u00e1\u017eitkov\u00e1 prehliadka zameran\u00e1 na \u013eudsk\u00e9 zmysly, od 20. do 22. hodiny program aj v\u00a0stredovekej dedine Paseka, kde sa bud\u00fa premieta\u0165 z\u00e1znamy z\u00a0fotopasc\u00ed s\u00a0koment\u00e1rom zool\u00f3ga. Otvoren\u00e1 bude aj diel\u0148a konzerv\u00e1tora.<\/span><\/strong><\/li>\n<li><em>Liptovsk\u00e1 gal\u00e9ria<\/em> \u2013 od 18. do 23. hodiny interakt\u00edvna prehliadka, vysk\u00fa\u0161anie si pr\u00e1ce re\u0161taur\u00e1tora. Prekvapenie \u2013 \u201e\u017eiv\u00e1 socha\u201c Leonarda da Vinciho zo skupiny BIG NAMES (vo\u013en\u00fd vstup).<\/li>\n<li><em>Oravsk\u00e1 gal\u00e9ria<\/em> &#8211; tvoriv\u00e9 podujatia cez de\u0148, tematick\u00fd ve\u010der v\u00a0\u017dupnom dome v\u00a0Dolnom Kub\u00edne venovan\u00fd re\u0161taurovaniu v\u00fdtvarn\u00fdch diel spojen\u00fd s\u00a0uk\u00e1\u017ekami, v\u00a0Gal\u00e9rii M. Medveckej v Tvrdo\u0161\u00edne tematick\u00e9 fotografovanie, komentovan\u00e1 prehliadka v\u00fdstavy Sn\u00edvanie v\u00a0podkrov\u00ed, ve\u010der rozpr\u00e1vanie o\u00a0m\u00e1gi\u00ed, intu\u00edcii a\u00a0tvorbe (bezplatn\u00fd vstup na v\u00fdstavy i\u00a0podujatia).<\/li>\n<li><em>Tur\u010dianska gal\u00e9ria<\/em> \u2013 od 16. do 23. hodiny tvoriv\u00e9 dielne, o\u00a018. hodine B\u00e1bkov\u00e9 divadlo na hojda\u010dke (vstup zdarma).<\/li>\n<li><em>Pova\u017esk\u00e1 gal\u00e9ria v\u00a0\u017diline <\/em>\u2013 po\u010das cel\u00e9ho d\u0148a vstup zdarma, tvoriv\u00e9 dielne pre deti aj dospel\u00fdch, gal\u00e9ria otvoren\u00e1 do 22. hodiny. Od 22. do 24. hod. Ciachov\u0148a \u2013 Hlo\u017en\u00edkovaOdyssea, priestory pred rekon\u0161trukciou o\u017eiv\u00ed kreat\u00edvna parti\u010dka, in\u0161pir\u00e1cie na Hlo\u017en\u00edkovu tvorbu bud\u00fa premietan\u00e9 na steny Ciachovne.<\/li>\n<\/ul>\n<p><strong>20. m\u00e1j<\/strong><\/p>\n<ul>\n<li><em>Liptovsk\u00e9 m\u00fazeum \u2013 <\/em>Ov\u010diarska nede\u013ea v\u00a0M\u00fazeu Liptovskej dediny v\u00a0Pribyline od 10. hodiny.<\/li>\n<\/ul>\n<p style=\"text-align: right;\">Tla\u010dov\u00e1 spr\u00e1va<br \/>\u017dilinsk\u00e9ho samospr\u00e1vneho kraja<\/p>\n","protected":false},"excerpt":{"rendered":"<p>Kult\u00farne zariadenia \u017dilinskej \u017eupy sa aj tento rok zapoja do Noci m\u00faze\u00ed a\u00a0gal\u00e9ri\u00ed. M\u00faze\u00e1 a gal\u00e9rie bud\u00fa v\u00a0sobotu 19. m\u00e1ja otvoren\u00e9 do neskor\u00fdch ve\u010dern\u00fdch hod\u00edn.\u00a0\u00a0 Noc po\u010das tretej m\u00e1jovej soboty patr\u00ed u\u017e 14 rokov m\u00faze\u00e1m a\u00a0gal\u00e9ri\u00e1m. Do celoeur\u00f3pskeho podujatia sa zap\u00e1jaj\u00fa aj \u017eupn\u00e9 in\u0161tit\u00facie. Bud\u00fa otvoren\u00e9 dlh\u0161ie a pon\u00fakaj\u00fa zv\u00fdhodnen\u00e9 vstupn\u00e9 \u010di dokonca vstupy zdarma. [&hellip;]<\/p>\n","protected":false},"author":2,"featured_media":26453,"comment_status":"closed","ping_status":"closed","sticky":false,"template":"","format":"standard","meta":{"site-sidebar-layout":"default","site-content-layout":"","ast-site-content-layout":"","site-content-style":"default","site-sidebar-style":"default","ast-global-header-display":"","ast-banner-title-visibility":"","ast-main-header-display":"","ast-hfb-above-header-display":"","ast-hfb-below-header-display":"","ast-hfb-mobile-header-display":"","site-post-title":"","ast-breadcrumbs-content":"","ast-featured-img":"","footer-sml-layout":"","theme-transparent-header-meta":"","adv-header-id-meta":"","stick-header-meta":"","header-above-stick-meta":"","header-main-stick-meta":"","header-below-stick-meta":"","astra-migrate-meta-layouts":"default","ast-page-background-enabled":"default","ast-page-background-meta":{"desktop":{"background-color":"var(--ast-global-color-4)","background-image":"","background-repeat":"repeat","background-position":"center center","background-size":"auto","background-attachment":"scroll","background-type":"","background-media":"","overlay-type":"","overlay-color":"","overlay-opacity":"","overlay-gradient":""},"tablet":{"background-color":"","background-image":"","background-repeat":"repeat","background-position":"center center","background-size":"auto","background-attachment":"scroll","background-type":"","background-media":"","overlay-type":"","overlay-color":"","overlay-opacity":"","overlay-gradient":""},"mobile":{"background-color":"","background-image":"","background-repeat":"repeat","background-position":"center center","background-size":"auto","background-attachment":"scroll","background-type":"","background-media":"","overlay-type":"","overlay-color":"","overlay-opacity":"","overlay-gradient":""}},"ast-content-background-meta":{"desktop":{"background-color":"var(--ast-global-color-5)","background-image":"","background-repeat":"repeat","background-position":"center center","background-size":"auto","background-attachment":"scroll","background-type":"","background-media":"","overlay-type":"","overlay-color":"","overlay-opacity":"","overlay-gradient":""},"tablet":{"background-color":"var(--ast-global-color-5)","background-image":"","background-repeat":"repeat","background-position":"center center","background-size":"auto","background-attachment":"scroll","background-type":"","background-media":"","overlay-type":"","overlay-color":"","overlay-opacity":"","overlay-gradient":""},"mobile":{"background-color":"var(--ast-global-color-5)","background-image":"","background-repeat":"repeat","background-position":"center center","background-size":"auto","background-attachment":"scroll","background-type":"","background-media":"","overlay-type":"","overlay-color":"","overlay-opacity":"","overlay-gradient":""}},"footnotes":""},"categories":[31],"tags":[],"class_list":["post-26460","post","type-post","status-publish","format-standard","has-post-thumbnail","hentry","category-aktuality"],"yoast_head":"<!-- This site is optimized with the Yoast SEO plugin v27.4 - https:\/\/yoast.com\/product\/yoast-seo-wordpress\/ -->\n<title>Do m\u00fazea s lamp\u00e1\u0161om - Pova\u017esk\u00e9 m\u00fazeum<\/title>\n<meta name=\"robots\" content=\"index, follow, max-snippet:-1, max-image-preview:large, max-video-preview:-1\" \/>\n<link rel=\"canonical\" href=\"https:\/\/pmza.sk\/?p=26460\" \/>\n<meta property=\"og:locale\" content=\"sk_SK\" \/>\n<meta property=\"og:type\" content=\"article\" \/>\n<meta property=\"og:title\" content=\"Do m\u00fazea s lamp\u00e1\u0161om - Pova\u017esk\u00e9 m\u00fazeum\" \/>\n<meta property=\"og:description\" content=\"Kult\u00farne zariadenia \u017dilinskej \u017eupy sa aj tento rok zapoja do Noci m\u00faze\u00ed a\u00a0gal\u00e9ri\u00ed. M\u00faze\u00e1 a gal\u00e9rie bud\u00fa v\u00a0sobotu 19. m\u00e1ja otvoren\u00e9 do neskor\u00fdch ve\u010dern\u00fdch hod\u00edn.\u00a0\u00a0 Noc po\u010das tretej m\u00e1jovej soboty patr\u00ed u\u017e 14 rokov m\u00faze\u00e1m a\u00a0gal\u00e9ri\u00e1m. Do celoeur\u00f3pskeho podujatia sa zap\u00e1jaj\u00fa aj \u017eupn\u00e9 in\u0161tit\u00facie. Bud\u00fa otvoren\u00e9 dlh\u0161ie a pon\u00fakaj\u00fa zv\u00fdhodnen\u00e9 vstupn\u00e9 \u010di dokonca vstupy zdarma. [&hellip;]\" \/>\n<meta property=\"og:url\" content=\"https:\/\/pmza.sk\/?p=26460\" \/>\n<meta property=\"og:site_name\" content=\"Pova\u017esk\u00e9 m\u00fazeum\" \/>\n<meta property=\"article:publisher\" content=\"https:\/\/www.facebook.com\/povazskemuzeum\" \/>\n<meta property=\"article:published_time\" content=\"2018-05-15T08:34:12+00:00\" \/>\n<meta name=\"author\" content=\"Pova\u017esk\u00e9 m\u00fazeum\" \/>\n<meta name=\"twitter:card\" content=\"summary_large_image\" \/>\n<meta name=\"twitter:label1\" content=\"Autor\" \/>\n\t<meta name=\"twitter:data1\" content=\"Pova\u017esk\u00e9 m\u00fazeum\" \/>\n\t<meta name=\"twitter:label2\" content=\"Predpokladan\u00fd \u010das \u010d\u00edtania\" \/>\n\t<meta name=\"twitter:data2\" content=\"4 min\u00faty\" \/>\n<script type=\"application\/ld+json\" class=\"yoast-schema-graph\">{\"@context\":\"https:\\\/\\\/schema.org\",\"@graph\":[{\"@type\":\"Article\",\"@id\":\"https:\\\/\\\/pmza.sk\\\/?p=26460#article\",\"isPartOf\":{\"@id\":\"https:\\\/\\\/pmza.sk\\\/?p=26460\"},\"author\":{\"name\":\"Pova\u017esk\u00e9 m\u00fazeum\",\"@id\":\"https:\\\/\\\/pmza.sk\\\/#\\\/schema\\\/person\\\/595e6a2ce731ea94dcd5d7f50a41ae33\"},\"headline\":\"Do m\u00fazea s lamp\u00e1\u0161om\",\"datePublished\":\"2018-05-15T08:34:12+00:00\",\"mainEntityOfPage\":{\"@id\":\"https:\\\/\\\/pmza.sk\\\/?p=26460\"},\"wordCount\":866,\"publisher\":{\"@id\":\"https:\\\/\\\/pmza.sk\\\/#organization\"},\"image\":{\"@id\":\"https:\\\/\\\/pmza.sk\\\/?p=26460#primaryimage\"},\"thumbnailUrl\":\"\",\"articleSection\":[\"Aktuality\"],\"inLanguage\":\"sk-SK\"},{\"@type\":\"WebPage\",\"@id\":\"https:\\\/\\\/pmza.sk\\\/?p=26460\",\"url\":\"https:\\\/\\\/pmza.sk\\\/?p=26460\",\"name\":\"Do m\u00fazea s lamp\u00e1\u0161om - Pova\u017esk\u00e9 m\u00fazeum\",\"isPartOf\":{\"@id\":\"https:\\\/\\\/pmza.sk\\\/#website\"},\"primaryImageOfPage\":{\"@id\":\"https:\\\/\\\/pmza.sk\\\/?p=26460#primaryimage\"},\"image\":{\"@id\":\"https:\\\/\\\/pmza.sk\\\/?p=26460#primaryimage\"},\"thumbnailUrl\":\"\",\"datePublished\":\"2018-05-15T08:34:12+00:00\",\"breadcrumb\":{\"@id\":\"https:\\\/\\\/pmza.sk\\\/?p=26460#breadcrumb\"},\"inLanguage\":\"sk-SK\",\"potentialAction\":[{\"@type\":\"ReadAction\",\"target\":[\"https:\\\/\\\/pmza.sk\\\/?p=26460\"]}]},{\"@type\":\"ImageObject\",\"inLanguage\":\"sk-SK\",\"@id\":\"https:\\\/\\\/pmza.sk\\\/?p=26460#primaryimage\",\"url\":\"\",\"contentUrl\":\"\"},{\"@type\":\"BreadcrumbList\",\"@id\":\"https:\\\/\\\/pmza.sk\\\/?p=26460#breadcrumb\",\"itemListElement\":[{\"@type\":\"ListItem\",\"position\":1,\"name\":\"Domovsk\u00e1 str\u00e1nka\",\"item\":\"https:\\\/\\\/pmza.sk\\\/\"},{\"@type\":\"ListItem\",\"position\":2,\"name\":\"Do m\u00fazea s lamp\u00e1\u0161om\"}]},{\"@type\":\"WebSite\",\"@id\":\"https:\\\/\\\/pmza.sk\\\/#website\",\"url\":\"https:\\\/\\\/pmza.sk\\\/\",\"name\":\"Pova\u017esk\u00e9 m\u00fazeum\",\"description\":\"Pova\u017esk\u00e9 m\u00fazeum v \u017diline je region\u00e1lne m\u00fazeum so s\u00eddlom v Budat\u00edne. Jeho expoz\u00edcie s\u00fa zameran\u00e9 na dejiny slovensk\u00e9ho umenia, kult\u00fary a dopravy.\",\"publisher\":{\"@id\":\"https:\\\/\\\/pmza.sk\\\/#organization\"},\"potentialAction\":[{\"@type\":\"SearchAction\",\"target\":{\"@type\":\"EntryPoint\",\"urlTemplate\":\"https:\\\/\\\/pmza.sk\\\/?s={search_term_string}\"},\"query-input\":{\"@type\":\"PropertyValueSpecification\",\"valueRequired\":true,\"valueName\":\"search_term_string\"}}],\"inLanguage\":\"sk-SK\"},{\"@type\":\"Organization\",\"@id\":\"https:\\\/\\\/pmza.sk\\\/#organization\",\"name\":\"Pova\u017esk\u00e9 m\u00fazeum\",\"url\":\"https:\\\/\\\/pmza.sk\\\/\",\"logo\":{\"@type\":\"ImageObject\",\"inLanguage\":\"sk-SK\",\"@id\":\"https:\\\/\\\/pmza.sk\\\/#\\\/schema\\\/logo\\\/image\\\/\",\"url\":\"https:\\\/\\\/pmza.sk\\\/wp-content\\\/uploads\\\/2022\\\/01\\\/logo_PM_horizontal.jpg\",\"contentUrl\":\"https:\\\/\\\/pmza.sk\\\/wp-content\\\/uploads\\\/2022\\\/01\\\/logo_PM_horizontal.jpg\",\"width\":231,\"height\":142,\"caption\":\"Pova\u017esk\u00e9 m\u00fazeum\"},\"image\":{\"@id\":\"https:\\\/\\\/pmza.sk\\\/#\\\/schema\\\/logo\\\/image\\\/\"},\"sameAs\":[\"https:\\\/\\\/www.facebook.com\\\/povazskemuzeum\",\"https:\\\/\\\/www.instagram.com\\\/povazskemuzeum\\\/\"]},{\"@type\":\"Person\",\"@id\":\"https:\\\/\\\/pmza.sk\\\/#\\\/schema\\\/person\\\/595e6a2ce731ea94dcd5d7f50a41ae33\",\"name\":\"Pova\u017esk\u00e9 m\u00fazeum\",\"image\":{\"@type\":\"ImageObject\",\"inLanguage\":\"sk-SK\",\"@id\":\"https:\\\/\\\/secure.gravatar.com\\\/avatar\\\/2bb7f1561282132fb5826dfeccc66c7996d11ee392ac6aaf7ced8a1c2027fbb2?s=96&d=mm&r=g\",\"url\":\"https:\\\/\\\/secure.gravatar.com\\\/avatar\\\/2bb7f1561282132fb5826dfeccc66c7996d11ee392ac6aaf7ced8a1c2027fbb2?s=96&d=mm&r=g\",\"contentUrl\":\"https:\\\/\\\/secure.gravatar.com\\\/avatar\\\/2bb7f1561282132fb5826dfeccc66c7996d11ee392ac6aaf7ced8a1c2027fbb2?s=96&d=mm&r=g\",\"caption\":\"Pova\u017esk\u00e9 m\u00fazeum\"}}]}<\/script>\n<!-- \/ Yoast SEO plugin. -->","yoast_head_json":{"title":"Do m\u00fazea s lamp\u00e1\u0161om - Pova\u017esk\u00e9 m\u00fazeum","robots":{"index":"index","follow":"follow","max-snippet":"max-snippet:-1","max-image-preview":"max-image-preview:large","max-video-preview":"max-video-preview:-1"},"canonical":"https:\/\/pmza.sk\/?p=26460","og_locale":"sk_SK","og_type":"article","og_title":"Do m\u00fazea s lamp\u00e1\u0161om - Pova\u017esk\u00e9 m\u00fazeum","og_description":"Kult\u00farne zariadenia \u017dilinskej \u017eupy sa aj tento rok zapoja do Noci m\u00faze\u00ed a\u00a0gal\u00e9ri\u00ed. M\u00faze\u00e1 a gal\u00e9rie bud\u00fa v\u00a0sobotu 19. m\u00e1ja otvoren\u00e9 do neskor\u00fdch ve\u010dern\u00fdch hod\u00edn.\u00a0\u00a0 Noc po\u010das tretej m\u00e1jovej soboty patr\u00ed u\u017e 14 rokov m\u00faze\u00e1m a\u00a0gal\u00e9ri\u00e1m. Do celoeur\u00f3pskeho podujatia sa zap\u00e1jaj\u00fa aj \u017eupn\u00e9 in\u0161tit\u00facie. Bud\u00fa otvoren\u00e9 dlh\u0161ie a pon\u00fakaj\u00fa zv\u00fdhodnen\u00e9 vstupn\u00e9 \u010di dokonca vstupy zdarma. [&hellip;]","og_url":"https:\/\/pmza.sk\/?p=26460","og_site_name":"Pova\u017esk\u00e9 m\u00fazeum","article_publisher":"https:\/\/www.facebook.com\/povazskemuzeum","article_published_time":"2018-05-15T08:34:12+00:00","author":"Pova\u017esk\u00e9 m\u00fazeum","twitter_card":"summary_large_image","twitter_misc":{"Autor":"Pova\u017esk\u00e9 m\u00fazeum","Predpokladan\u00fd \u010das \u010d\u00edtania":"4 min\u00faty"},"schema":{"@context":"https:\/\/schema.org","@graph":[{"@type":"Article","@id":"https:\/\/pmza.sk\/?p=26460#article","isPartOf":{"@id":"https:\/\/pmza.sk\/?p=26460"},"author":{"name":"Pova\u017esk\u00e9 m\u00fazeum","@id":"https:\/\/pmza.sk\/#\/schema\/person\/595e6a2ce731ea94dcd5d7f50a41ae33"},"headline":"Do m\u00fazea s lamp\u00e1\u0161om","datePublished":"2018-05-15T08:34:12+00:00","mainEntityOfPage":{"@id":"https:\/\/pmza.sk\/?p=26460"},"wordCount":866,"publisher":{"@id":"https:\/\/pmza.sk\/#organization"},"image":{"@id":"https:\/\/pmza.sk\/?p=26460#primaryimage"},"thumbnailUrl":"","articleSection":["Aktuality"],"inLanguage":"sk-SK"},{"@type":"WebPage","@id":"https:\/\/pmza.sk\/?p=26460","url":"https:\/\/pmza.sk\/?p=26460","name":"Do m\u00fazea s lamp\u00e1\u0161om - Pova\u017esk\u00e9 m\u00fazeum","isPartOf":{"@id":"https:\/\/pmza.sk\/#website"},"primaryImageOfPage":{"@id":"https:\/\/pmza.sk\/?p=26460#primaryimage"},"image":{"@id":"https:\/\/pmza.sk\/?p=26460#primaryimage"},"thumbnailUrl":"","datePublished":"2018-05-15T08:34:12+00:00","breadcrumb":{"@id":"https:\/\/pmza.sk\/?p=26460#breadcrumb"},"inLanguage":"sk-SK","potentialAction":[{"@type":"ReadAction","target":["https:\/\/pmza.sk\/?p=26460"]}]},{"@type":"ImageObject","inLanguage":"sk-SK","@id":"https:\/\/pmza.sk\/?p=26460#primaryimage","url":"","contentUrl":""},{"@type":"BreadcrumbList","@id":"https:\/\/pmza.sk\/?p=26460#breadcrumb","itemListElement":[{"@type":"ListItem","position":1,"name":"Domovsk\u00e1 str\u00e1nka","item":"https:\/\/pmza.sk\/"},{"@type":"ListItem","position":2,"name":"Do m\u00fazea s lamp\u00e1\u0161om"}]},{"@type":"WebSite","@id":"https:\/\/pmza.sk\/#website","url":"https:\/\/pmza.sk\/","name":"Pova\u017esk\u00e9 m\u00fazeum","description":"Pova\u017esk\u00e9 m\u00fazeum v \u017diline je region\u00e1lne m\u00fazeum so s\u00eddlom v Budat\u00edne. Jeho expoz\u00edcie s\u00fa zameran\u00e9 na dejiny slovensk\u00e9ho umenia, kult\u00fary a dopravy.","publisher":{"@id":"https:\/\/pmza.sk\/#organization"},"potentialAction":[{"@type":"SearchAction","target":{"@type":"EntryPoint","urlTemplate":"https:\/\/pmza.sk\/?s={search_term_string}"},"query-input":{"@type":"PropertyValueSpecification","valueRequired":true,"valueName":"search_term_string"}}],"inLanguage":"sk-SK"},{"@type":"Organization","@id":"https:\/\/pmza.sk\/#organization","name":"Pova\u017esk\u00e9 m\u00fazeum","url":"https:\/\/pmza.sk\/","logo":{"@type":"ImageObject","inLanguage":"sk-SK","@id":"https:\/\/pmza.sk\/#\/schema\/logo\/image\/","url":"https:\/\/pmza.sk\/wp-content\/uploads\/2022\/01\/logo_PM_horizontal.jpg","contentUrl":"https:\/\/pmza.sk\/wp-content\/uploads\/2022\/01\/logo_PM_horizontal.jpg","width":231,"height":142,"caption":"Pova\u017esk\u00e9 m\u00fazeum"},"image":{"@id":"https:\/\/pmza.sk\/#\/schema\/logo\/image\/"},"sameAs":["https:\/\/www.facebook.com\/povazskemuzeum","https:\/\/www.instagram.com\/povazskemuzeum\/"]},{"@type":"Person","@id":"https:\/\/pmza.sk\/#\/schema\/person\/595e6a2ce731ea94dcd5d7f50a41ae33","name":"Pova\u017esk\u00e9 m\u00fazeum","image":{"@type":"ImageObject","inLanguage":"sk-SK","@id":"https:\/\/secure.gravatar.com\/avatar\/2bb7f1561282132fb5826dfeccc66c7996d11ee392ac6aaf7ced8a1c2027fbb2?s=96&d=mm&r=g","url":"https:\/\/secure.gravatar.com\/avatar\/2bb7f1561282132fb5826dfeccc66c7996d11ee392ac6aaf7ced8a1c2027fbb2?s=96&d=mm&r=g","contentUrl":"https:\/\/secure.gravatar.com\/avatar\/2bb7f1561282132fb5826dfeccc66c7996d11ee392ac6aaf7ced8a1c2027fbb2?s=96&d=mm&r=g","caption":"Pova\u017esk\u00e9 m\u00fazeum"}}]}},"_links":{"self":[{"href":"https:\/\/pmza.sk\/index.php?rest_route=\/wp\/v2\/posts\/26460","targetHints":{"allow":["GET"]}}],"collection":[{"href":"https:\/\/pmza.sk\/index.php?rest_route=\/wp\/v2\/posts"}],"about":[{"href":"https:\/\/pmza.sk\/index.php?rest_route=\/wp\/v2\/types\/post"}],"author":[{"embeddable":true,"href":"https:\/\/pmza.sk\/index.php?rest_route=\/wp\/v2\/users\/2"}],"replies":[{"embeddable":true,"href":"https:\/\/pmza.sk\/index.php?rest_route=%2Fwp%2Fv2%2Fcomments&post=26460"}],"version-history":[{"count":0,"href":"https:\/\/pmza.sk\/index.php?rest_route=\/wp\/v2\/posts\/26460\/revisions"}],"wp:featuredmedia":[{"embeddable":true,"href":"https:\/\/pmza.sk\/index.php?rest_route=\/"}],"wp:attachment":[{"href":"https:\/\/pmza.sk\/index.php?rest_route=%2Fwp%2Fv2%2Fmedia&parent=26460"}],"wp:term":[{"taxonomy":"category","embeddable":true,"href":"https:\/\/pmza.sk\/index.php?rest_route=%2Fwp%2Fv2%2Fcategories&post=26460"},{"taxonomy":"post_tag","embeddable":true,"href":"https:\/\/pmza.sk\/index.php?rest_route=%2Fwp%2Fv2%2Ftags&post=26460"}],"curies":[{"name":"wp","href":"https:\/\/api.w.org\/{rel}","templated":true}]}}